{"id":6208,"date":"2022-05-20T09:19:08","date_gmt":"2022-05-20T07:19:08","guid":{"rendered":"https:\/\/www.link2fleet.com\/lapp-my-card-et-le-carte-fleet-de-totalenergies-vos-allies-vers-lelectromobilite\/"},"modified":"2024-04-17T16:46:56","modified_gmt":"2024-04-17T14:46:56","slug":"lapp-my-card-et-le-carte-fleet-de-totalenergies-vos-allies-vers-lelectromobilite","status":"publish","type":"post","link":"https:\/\/www.link2fleet.com\/fr\/lapp-my-card-et-le-carte-fleet-de-totalenergies-vos-allies-vers-lelectromobilite\/","title":{"rendered":"L\u2019app My Card et la carte Fleet de TotalEnergies, vos alli\u00e9s vers l\u2019\u00e9lectromobilit\u00e9"},"content":{"rendered":"<p style=\"font-weight: 400;\"><a href=\"https:\/\/www.link2fleet.com\/wp-content\/uploads\/2022\/04\/Style-@home-B2B-Corporate-Fleet-LD-scaled.jpg\"><img loading=\"lazy\" decoding=\"async\" class=\"alignright size-medium wp-image-1279789\" src=\"https:\/\/www.link2fleet.com\/wp-content\/uploads\/2022\/04\/Style-@home-B2B-Corporate-Fleet-LD-300x200.jpg\" alt=\"\" width=\"300\" height=\"200\" \/><\/a>Parmi les solutions d\u2019avenir, la conduite \u00e9lectrique est clairement celle qui se d\u00e9marque le plus et qui rev\u00eat le maximum d\u2019avantages pour vos employ\u00e9s, mais aussi pour votre entreprise. On pense \u00e0 la d\u00e9ductibilit\u00e9 fiscale favorable des v\u00e9hicules, mais aussi des infrastructures de recharge, \u00e0 condition qu\u2019elles soient accessibles au public. Install\u00e9es avant le 31 d\u00e9cembre 2022, les infrastructures accessibles au public sont d\u00e9ductibles \u00e0 200%. A partir du 1<sup>er<\/sup> janvier 2023 et jusqu\u2019au 31 aout 2024, ce pourcentage sera diminu\u00e9 \u00e0 150%.<\/p>\n<p style=\"font-weight: 400;\">Et en installant des bornes publiques sur le site de votre entreprise, aliment\u00e9es par l\u2019\u00e9lectricit\u00e9 verte de TotalEnergies, vous participez en plus au d\u00e9veloppement du r\u00e9seau de recharge publique, de quoi donner une image durable \u00e0 votre soci\u00e9t\u00e9.<\/p>\n<p style=\"font-weight: 400;\"><strong>250.000 points de recharge accessibles<\/strong><\/p>\n<p><a href=\"https:\/\/www.link2fleet.com\/wp-content\/uploads\/2022\/04\/EVCHARGE_TOTAL_719_copie_2-scaled.jpg\"><img loading=\"lazy\" decoding=\"async\" class=\"size-medium wp-image-1279793 alignleft\" src=\"https:\/\/www.link2fleet.com\/wp-content\/uploads\/2022\/04\/EVCHARGE_TOTAL_719_copie_2-300x200.jpg\" alt=\"\" width=\"300\" height=\"200\" \/><\/a><\/p>\n<p style=\"font-weight: 400;\">TotalEnergies veut soutenir les entreprises dans leur transition \u00e9nerg\u00e9tique. C\u2019est pourquoi d\u00e9sormais la <a href=\"https:\/\/services.totalenergies.be\/fr\/professionnels\/cartes-carburant\/cartes-carburant-totalenergies-les-avantages\">carte carburant Fleet de TotalEnergies<\/a>\u00a0int\u00e8gre l\u2019option de recharge pour v\u00e9hicules \u00e9lectriques ou hybrides. Gr\u00e2ce \u00e0 elle, vous pouvez acc\u00e9der \u00e0 un r\u00e9seau de 250.000 points de recharge publics disponibles sur le r\u00e9seau routier europ\u00e9en et dans les parkings, vous pouvez m\u00eame installer des bornes sur le site de votre entreprise ou au domicile de vos collaborateurs. Bref, vos conducteurs trouveront toujours une borne \u00e0 proximit\u00e9 de l\u2019endroit o\u00f9 ils se trouvent.\u00a0\u00c0\u00a0la fin du mois, comme pour le carburant, vous recevez une facture d\u00e9taill\u00e9e de toutes les transactions de recharge de vos conducteurs. Simple, rapide et efficace pour vous, comme pour vos collaborateurs.<\/p>\n<p style=\"font-weight: 400;\">Mais TotalEnergies va encore plus loin gr\u00e2ce \u00e0 son <a href=\"https:\/\/services.totalenergies.be\/fr\/mobility-new-energies\/mobilite-electrique\/mycard-vos-recharges-electriques-simplifiees\">application smartphone MyCard<\/a>, disponible sur iOS et Andro\u00efd. En connectant votre carte Fleet \u00e0 MyCard, vous pouvez en plus profiter de toutes les fonctions int\u00e9gr\u00e9es de l&rsquo;interface, qui sont con\u00e7ues pour vous guider pendant vos d\u00e9placements.<\/p>\n<p style=\"font-weight: 400;\">L\u2019app vous permet par exemple de g\u00e9olocaliser toutes les stations de recharges accessibles en Europe et propose toute une s\u00e9rie d\u2019informations telles que le type de borne, la capacit\u00e9 de recharge, son emplacement, son tarif ou encore sa disponibilit\u00e9. Une fois la borne disponible la plus proche s\u00e9lectionn\u00e9e, MyCard est capable d\u2019initier l\u2019itin\u00e9raire pour vous y conduire. L\u2019application vous donne \u00e9galement acc\u00e8s partout et \u00e0 tout moment \u00e0 un relev\u00e9 d\u00e9taill\u00e9 de vos d\u00e9penses en mati\u00e8re de recharge. Gr\u00e2ce \u00e0 MyCard et la carte Fleet de TotalEnergies, g\u00e9rer la recharge de ses v\u00e9hicules \u00e9lectriques n\u2019a jamais \u00e9t\u00e9 aussi simple.<\/p>\n<p><a href=\"https:\/\/www.link2fleet.com\/wp-content\/uploads\/2022\/04\/ZEL7216-scaled.jpg\"><img loading=\"lazy\" decoding=\"async\" class=\"aligncenter size-large wp-image-1279787\" src=\"https:\/\/www.link2fleet.com\/wp-content\/uploads\/2022\/04\/ZEL7216-1024x683.jpg\" alt=\"\" width=\"640\" height=\"427\" \/><\/a><\/p>\n","protected":false},"excerpt":{"rendered":"<p>Parmi les solutions d\u2019avenir, la conduite \u00e9lectrique est clairement celle qui se d\u00e9marque le plus et qui rev\u00eat le maximum d\u2019avantages pour vos employ\u00e9s, mais aussi pour votre entreprise. On pense \u00e0 la d\u00e9ductibilit\u00e9 fiscale favorable des v\u00e9hicules, mais aussi des infrastructures de recharge, \u00e0 condition qu\u2019elles soient accessibles au public. Install\u00e9es avant le 31 [&hellip;]<\/p>\n","protected":false},"author":4,"featured_media":6209,"comment_status":"closed","ping_status":"closed","sticky":false,"template":"","format":"standard","meta":{"_acf_changed":false,"footnotes":""},"categories":[81,91],"tags":[],"class_list":["post-6208","post","type-post","status-publish","format-standard","has-post-thumbnail","hentry","category-gestion-de-carburant-et-energie","category-expertise-et-management"],"acf":[],"yoast_head":"<!-- This site is optimized with the Yoast SEO plugin v27.3 - https:\/\/yoast.com\/product\/yoast-seo-wordpress\/ -->\n<title>L\u2019app My Card et la carte Fleet de TotalEnergies, vos alli\u00e9s vers l\u2019\u00e9lectromobilit\u00e9 - link2fleet<\/title>\n<meta name=\"description\" content=\"Les entreprises n\u2019ont plus le choix : que ce soit pour des raisons fiscales, \u00e9cologiques ou m\u00eame d\u2019image, elles doivent repenser la mobilit\u00e9 de leurs\u2026\" \/>\n<meta name=\"robots\" content=\"index, follow, max-snippet:-1, max-image-preview:large, max-video-preview:-1\" \/>\n<meta property=\"og:locale\" content=\"fr_FR\" \/>\n<meta property=\"og:type\" content=\"article\" \/>\n<meta property=\"og:title\" content=\"L\u2019app My Card et la carte Fleet de TotalEnergies, vos alli\u00e9s vers l\u2019\u00e9lectromobilit\u00e9 - link2fleet\" \/>\n<meta property=\"og:description\" content=\"Les entreprises n\u2019ont plus le choix : que ce soit pour des raisons fiscales, \u00e9cologiques ou m\u00eame d\u2019image, elles doivent repenser la mobilit\u00e9 de leurs\u2026\" \/>\n<meta property=\"og:url\" content=\"https:\/\/www.link2fleet.com\/fr\/lapp-my-card-et-le-carte-fleet-de-totalenergies-vos-allies-vers-lelectromobilite\/\" \/>\n<meta property=\"og:site_name\" content=\"link2fleet\" \/>\n<meta property=\"article:published_time\" content=\"2022-05-20T07:19:08+00:00\" \/>\n<meta property=\"article:modified_time\" content=\"2024-04-17T14:46:56+00:00\" \/>\n<meta property=\"og:image\" content=\"https:\/\/static.link2fleet.com\/wp-content\/uploads\/2024\/03\/zel7126-scaled-1.jpg\" \/>\n\t<meta property=\"og:image:width\" content=\"2560\" \/>\n\t<meta property=\"og:image:height\" content=\"1709\" \/>\n\t<meta property=\"og:image:type\" content=\"image\/jpeg\" \/>\n<meta name=\"author\" content=\"Damien Malvetti\" \/>\n<meta name=\"twitter:card\" content=\"summary_large_image\" \/>\n<meta name=\"twitter:description\" content=\"Les entreprises n\u2019ont plus le choix : que ce soit pour des raisons fiscales, \u00e9cologiques ou m\u00eame d\u2019image, elles doivent repenser la mobilit\u00e9 de leurs\u2026\" \/>\n<meta name=\"twitter:label1\" content=\"\u00c9crit par\" \/>\n\t<meta name=\"twitter:data1\" content=\"Damien Malvetti\" \/>\n\t<meta name=\"twitter:label2\" content=\"Dur\u00e9e de lecture estim\u00e9e\" \/>\n\t<meta name=\"twitter:data2\" content=\"2 minutes\" \/>\n<script type=\"application\/ld+json\" class=\"yoast-schema-graph\">{\"@context\":\"https:\\\/\\\/schema.org\",\"@graph\":[{\"@type\":\"Article\",\"@id\":\"https:\\\/\\\/www.link2fleet.com\\\/fr\\\/lapp-my-card-et-le-carte-fleet-de-totalenergies-vos-allies-vers-lelectromobilite\\\/#article\",\"isPartOf\":{\"@id\":\"https:\\\/\\\/www.link2fleet.com\\\/fr\\\/lapp-my-card-et-le-carte-fleet-de-totalenergies-vos-allies-vers-lelectromobilite\\\/\"},\"author\":{\"name\":\"Damien Malvetti\",\"@id\":\"https:\\\/\\\/www.link2fleet.com\\\/fr\\\/#\\\/schema\\\/person\\\/027cd46113c78036b3809c9a054049da\"},\"headline\":\"L\u2019app My Card et la carte Fleet de TotalEnergies, vos alli\u00e9s vers l\u2019\u00e9lectromobilit\u00e9\",\"datePublished\":\"2022-05-20T07:19:08+00:00\",\"dateModified\":\"2024-04-17T14:46:56+00:00\",\"mainEntityOfPage\":{\"@id\":\"https:\\\/\\\/www.link2fleet.com\\\/fr\\\/lapp-my-card-et-le-carte-fleet-de-totalenergies-vos-allies-vers-lelectromobilite\\\/\"},\"wordCount\":438,\"publisher\":{\"@id\":\"https:\\\/\\\/www.link2fleet.com\\\/fr\\\/#organization\"},\"image\":{\"@id\":\"https:\\\/\\\/www.link2fleet.com\\\/fr\\\/lapp-my-card-et-le-carte-fleet-de-totalenergies-vos-allies-vers-lelectromobilite\\\/#primaryimage\"},\"thumbnailUrl\":\"https:\\\/\\\/static.link2fleet.com\\\/wp-content\\\/uploads\\\/2024\\\/03\\\/zel7126-scaled-1.jpg\",\"articleSection\":[\"Gestion carburant et de l'\u00e9nergie\",\"Gestion de flotte\"],\"inLanguage\":\"fr-FR\"},{\"@type\":\"WebPage\",\"@id\":\"https:\\\/\\\/www.link2fleet.com\\\/fr\\\/lapp-my-card-et-le-carte-fleet-de-totalenergies-vos-allies-vers-lelectromobilite\\\/\",\"url\":\"https:\\\/\\\/www.link2fleet.com\\\/fr\\\/lapp-my-card-et-le-carte-fleet-de-totalenergies-vos-allies-vers-lelectromobilite\\\/\",\"name\":\"L\u2019app My Card et la carte Fleet de TotalEnergies, vos alli\u00e9s vers l\u2019\u00e9lectromobilit\u00e9 - link2fleet\",\"isPartOf\":{\"@id\":\"https:\\\/\\\/www.link2fleet.com\\\/fr\\\/#website\"},\"primaryImageOfPage\":{\"@id\":\"https:\\\/\\\/www.link2fleet.com\\\/fr\\\/lapp-my-card-et-le-carte-fleet-de-totalenergies-vos-allies-vers-lelectromobilite\\\/#primaryimage\"},\"image\":{\"@id\":\"https:\\\/\\\/www.link2fleet.com\\\/fr\\\/lapp-my-card-et-le-carte-fleet-de-totalenergies-vos-allies-vers-lelectromobilite\\\/#primaryimage\"},\"thumbnailUrl\":\"https:\\\/\\\/static.link2fleet.com\\\/wp-content\\\/uploads\\\/2024\\\/03\\\/zel7126-scaled-1.jpg\",\"datePublished\":\"2022-05-20T07:19:08+00:00\",\"dateModified\":\"2024-04-17T14:46:56+00:00\",\"breadcrumb\":{\"@id\":\"https:\\\/\\\/www.link2fleet.com\\\/fr\\\/lapp-my-card-et-le-carte-fleet-de-totalenergies-vos-allies-vers-lelectromobilite\\\/#breadcrumb\"},\"inLanguage\":\"fr-FR\",\"potentialAction\":[{\"@type\":\"ReadAction\",\"target\":[\"https:\\\/\\\/www.link2fleet.com\\\/fr\\\/lapp-my-card-et-le-carte-fleet-de-totalenergies-vos-allies-vers-lelectromobilite\\\/\"]}]},{\"@type\":\"ImageObject\",\"inLanguage\":\"fr-FR\",\"@id\":\"https:\\\/\\\/www.link2fleet.com\\\/fr\\\/lapp-my-card-et-le-carte-fleet-de-totalenergies-vos-allies-vers-lelectromobilite\\\/#primaryimage\",\"url\":\"https:\\\/\\\/static.link2fleet.com\\\/wp-content\\\/uploads\\\/2024\\\/03\\\/zel7126-scaled-1.jpg\",\"contentUrl\":\"https:\\\/\\\/static.link2fleet.com\\\/wp-content\\\/uploads\\\/2024\\\/03\\\/zel7126-scaled-1.jpg\",\"width\":2560,\"height\":1709,\"caption\":\"|||Recharge &#x9b25;ctrique d'un v&#x9a29;cule en ville en France.\"},{\"@type\":\"BreadcrumbList\",\"@id\":\"https:\\\/\\\/www.link2fleet.com\\\/fr\\\/lapp-my-card-et-le-carte-fleet-de-totalenergies-vos-allies-vers-lelectromobilite\\\/#breadcrumb\",\"itemListElement\":[{\"@type\":\"ListItem\",\"position\":1,\"name\":\"Home\",\"item\":\"https:\\\/\\\/www.link2fleet.com\\\/fr\\\/\"},{\"@type\":\"ListItem\",\"position\":2,\"name\":\"L\u2019app My Card et la carte Fleet de TotalEnergies, vos alli\u00e9s vers l\u2019\u00e9lectromobilit\u00e9\"}]},{\"@type\":\"WebSite\",\"@id\":\"https:\\\/\\\/www.link2fleet.com\\\/fr\\\/#website\",\"url\":\"https:\\\/\\\/www.link2fleet.com\\\/fr\\\/\",\"name\":\"Link2fleet\",\"description\":\"\",\"publisher\":{\"@id\":\"https:\\\/\\\/www.link2fleet.com\\\/fr\\\/#organization\"},\"potentialAction\":[{\"@type\":\"SearchAction\",\"target\":{\"@type\":\"EntryPoint\",\"urlTemplate\":\"https:\\\/\\\/www.link2fleet.com\\\/fr\\\/?s={search_term_string}\"},\"query-input\":{\"@type\":\"PropertyValueSpecification\",\"valueRequired\":true,\"valueName\":\"search_term_string\"}}],\"inLanguage\":\"fr-FR\"},{\"@type\":\"Organization\",\"@id\":\"https:\\\/\\\/www.link2fleet.com\\\/fr\\\/#organization\",\"name\":\"Link2fleet\",\"url\":\"https:\\\/\\\/www.link2fleet.com\\\/fr\\\/\",\"logo\":{\"@type\":\"ImageObject\",\"inLanguage\":\"fr-FR\",\"@id\":\"https:\\\/\\\/www.link2fleet.com\\\/fr\\\/#\\\/schema\\\/logo\\\/image\\\/\",\"url\":\"https:\\\/\\\/static.link2fleet.com\\\/wp-content\\\/uploads\\\/2024\\\/03\\\/share-image.jpg\",\"contentUrl\":\"https:\\\/\\\/static.link2fleet.com\\\/wp-content\\\/uploads\\\/2024\\\/03\\\/share-image.jpg\",\"width\":1200,\"height\":630,\"caption\":\"Link2fleet\"},\"image\":{\"@id\":\"https:\\\/\\\/www.link2fleet.com\\\/fr\\\/#\\\/schema\\\/logo\\\/image\\\/\"},\"sameAs\":[\"https:\\\/\\\/www.linkedin.com\\\/company\\\/link2fleet-belgium\",\"https:\\\/\\\/www.youtube.com\\\/user\\\/MMMBMBE\"]},{\"@type\":\"Person\",\"@id\":\"https:\\\/\\\/www.link2fleet.com\\\/fr\\\/#\\\/schema\\\/person\\\/027cd46113c78036b3809c9a054049da\",\"name\":\"Damien Malvetti\",\"image\":{\"@type\":\"ImageObject\",\"inLanguage\":\"fr-FR\",\"@id\":\"https:\\\/\\\/secure.gravatar.com\\\/avatar\\\/dd8cc03b49466c735f753ac37f8caa371af16dfed347456ed61f02883255eebb?s=96&d=mm&r=g\",\"url\":\"https:\\\/\\\/secure.gravatar.com\\\/avatar\\\/dd8cc03b49466c735f753ac37f8caa371af16dfed347456ed61f02883255eebb?s=96&d=mm&r=g\",\"contentUrl\":\"https:\\\/\\\/secure.gravatar.com\\\/avatar\\\/dd8cc03b49466c735f753ac37f8caa371af16dfed347456ed61f02883255eebb?s=96&d=mm&r=g\",\"caption\":\"Damien Malvetti\"},\"description\":\"Damien Malvetti is opgeleid als journalist en gepassioneerd door wagens, technologie en mobiliteit. Hij is verantwoordelijk voor de redactionele inhoud van link2fleet en beschikt over een uitgebreide kennis van de fleet-sector en elektrische mobiliteit.\",\"sameAs\":[\"https:\\\/\\\/www.linkedin.com\\\/in\\\/damien-malvetti-56601142\\\/\"]}]}<\/script>\n<!-- \/ Yoast SEO plugin. -->","yoast_head_json":{"title":"L\u2019app My Card et la carte Fleet de TotalEnergies, vos alli\u00e9s vers l\u2019\u00e9lectromobilit\u00e9 - link2fleet","description":"Les entreprises n\u2019ont plus le choix : que ce soit pour des raisons fiscales, \u00e9cologiques ou m\u00eame d\u2019image, elles doivent repenser la mobilit\u00e9 de leurs\u2026","robots":{"index":"index","follow":"follow","max-snippet":"max-snippet:-1","max-image-preview":"max-image-preview:large","max-video-preview":"max-video-preview:-1"},"og_locale":"fr_FR","og_type":"article","og_title":"L\u2019app My Card et la carte Fleet de TotalEnergies, vos alli\u00e9s vers l\u2019\u00e9lectromobilit\u00e9 - link2fleet","og_description":"Les entreprises n\u2019ont plus le choix : que ce soit pour des raisons fiscales, \u00e9cologiques ou m\u00eame d\u2019image, elles doivent repenser la mobilit\u00e9 de leurs\u2026","og_url":"https:\/\/www.link2fleet.com\/fr\/lapp-my-card-et-le-carte-fleet-de-totalenergies-vos-allies-vers-lelectromobilite\/","og_site_name":"link2fleet","article_published_time":"2022-05-20T07:19:08+00:00","article_modified_time":"2024-04-17T14:46:56+00:00","og_image":[{"width":2560,"height":1709,"url":"https:\/\/static.link2fleet.com\/wp-content\/uploads\/2024\/03\/zel7126-scaled-1.jpg","type":"image\/jpeg"}],"author":"Damien Malvetti","twitter_card":"summary_large_image","twitter_description":"Les entreprises n\u2019ont plus le choix : que ce soit pour des raisons fiscales, \u00e9cologiques ou m\u00eame d\u2019image, elles doivent repenser la mobilit\u00e9 de leurs\u2026","twitter_misc":{"\u00c9crit par":"Damien Malvetti","Dur\u00e9e de lecture estim\u00e9e":"2 minutes"},"schema":{"@context":"https:\/\/schema.org","@graph":[{"@type":"Article","@id":"https:\/\/www.link2fleet.com\/fr\/lapp-my-card-et-le-carte-fleet-de-totalenergies-vos-allies-vers-lelectromobilite\/#article","isPartOf":{"@id":"https:\/\/www.link2fleet.com\/fr\/lapp-my-card-et-le-carte-fleet-de-totalenergies-vos-allies-vers-lelectromobilite\/"},"author":{"name":"Damien Malvetti","@id":"https:\/\/www.link2fleet.com\/fr\/#\/schema\/person\/027cd46113c78036b3809c9a054049da"},"headline":"L\u2019app My Card et la carte Fleet de TotalEnergies, vos alli\u00e9s vers l\u2019\u00e9lectromobilit\u00e9","datePublished":"2022-05-20T07:19:08+00:00","dateModified":"2024-04-17T14:46:56+00:00","mainEntityOfPage":{"@id":"https:\/\/www.link2fleet.com\/fr\/lapp-my-card-et-le-carte-fleet-de-totalenergies-vos-allies-vers-lelectromobilite\/"},"wordCount":438,"publisher":{"@id":"https:\/\/www.link2fleet.com\/fr\/#organization"},"image":{"@id":"https:\/\/www.link2fleet.com\/fr\/lapp-my-card-et-le-carte-fleet-de-totalenergies-vos-allies-vers-lelectromobilite\/#primaryimage"},"thumbnailUrl":"https:\/\/static.link2fleet.com\/wp-content\/uploads\/2024\/03\/zel7126-scaled-1.jpg","articleSection":["Gestion carburant et de l'\u00e9nergie","Gestion de flotte"],"inLanguage":"fr-FR"},{"@type":"WebPage","@id":"https:\/\/www.link2fleet.com\/fr\/lapp-my-card-et-le-carte-fleet-de-totalenergies-vos-allies-vers-lelectromobilite\/","url":"https:\/\/www.link2fleet.com\/fr\/lapp-my-card-et-le-carte-fleet-de-totalenergies-vos-allies-vers-lelectromobilite\/","name":"L\u2019app My Card et la carte Fleet de TotalEnergies, vos alli\u00e9s vers l\u2019\u00e9lectromobilit\u00e9 - link2fleet","isPartOf":{"@id":"https:\/\/www.link2fleet.com\/fr\/#website"},"primaryImageOfPage":{"@id":"https:\/\/www.link2fleet.com\/fr\/lapp-my-card-et-le-carte-fleet-de-totalenergies-vos-allies-vers-lelectromobilite\/#primaryimage"},"image":{"@id":"https:\/\/www.link2fleet.com\/fr\/lapp-my-card-et-le-carte-fleet-de-totalenergies-vos-allies-vers-lelectromobilite\/#primaryimage"},"thumbnailUrl":"https:\/\/static.link2fleet.com\/wp-content\/uploads\/2024\/03\/zel7126-scaled-1.jpg","datePublished":"2022-05-20T07:19:08+00:00","dateModified":"2024-04-17T14:46:56+00:00","breadcrumb":{"@id":"https:\/\/www.link2fleet.com\/fr\/lapp-my-card-et-le-carte-fleet-de-totalenergies-vos-allies-vers-lelectromobilite\/#breadcrumb"},"inLanguage":"fr-FR","potentialAction":[{"@type":"ReadAction","target":["https:\/\/www.link2fleet.com\/fr\/lapp-my-card-et-le-carte-fleet-de-totalenergies-vos-allies-vers-lelectromobilite\/"]}]},{"@type":"ImageObject","inLanguage":"fr-FR","@id":"https:\/\/www.link2fleet.com\/fr\/lapp-my-card-et-le-carte-fleet-de-totalenergies-vos-allies-vers-lelectromobilite\/#primaryimage","url":"https:\/\/static.link2fleet.com\/wp-content\/uploads\/2024\/03\/zel7126-scaled-1.jpg","contentUrl":"https:\/\/static.link2fleet.com\/wp-content\/uploads\/2024\/03\/zel7126-scaled-1.jpg","width":2560,"height":1709,"caption":"|||Recharge &#x9b25;ctrique d'un v&#x9a29;cule en ville en France."},{"@type":"BreadcrumbList","@id":"https:\/\/www.link2fleet.com\/fr\/lapp-my-card-et-le-carte-fleet-de-totalenergies-vos-allies-vers-lelectromobilite\/#breadcrumb","itemListElement":[{"@type":"ListItem","position":1,"name":"Home","item":"https:\/\/www.link2fleet.com\/fr\/"},{"@type":"ListItem","position":2,"name":"L\u2019app My Card et la carte Fleet de TotalEnergies, vos alli\u00e9s vers l\u2019\u00e9lectromobilit\u00e9"}]},{"@type":"WebSite","@id":"https:\/\/www.link2fleet.com\/fr\/#website","url":"https:\/\/www.link2fleet.com\/fr\/","name":"Link2fleet","description":"","publisher":{"@id":"https:\/\/www.link2fleet.com\/fr\/#organization"},"potentialAction":[{"@type":"SearchAction","target":{"@type":"EntryPoint","urlTemplate":"https:\/\/www.link2fleet.com\/fr\/?s={search_term_string}"},"query-input":{"@type":"PropertyValueSpecification","valueRequired":true,"valueName":"search_term_string"}}],"inLanguage":"fr-FR"},{"@type":"Organization","@id":"https:\/\/www.link2fleet.com\/fr\/#organization","name":"Link2fleet","url":"https:\/\/www.link2fleet.com\/fr\/","logo":{"@type":"ImageObject","inLanguage":"fr-FR","@id":"https:\/\/www.link2fleet.com\/fr\/#\/schema\/logo\/image\/","url":"https:\/\/static.link2fleet.com\/wp-content\/uploads\/2024\/03\/share-image.jpg","contentUrl":"https:\/\/static.link2fleet.com\/wp-content\/uploads\/2024\/03\/share-image.jpg","width":1200,"height":630,"caption":"Link2fleet"},"image":{"@id":"https:\/\/www.link2fleet.com\/fr\/#\/schema\/logo\/image\/"},"sameAs":["https:\/\/www.linkedin.com\/company\/link2fleet-belgium","https:\/\/www.youtube.com\/user\/MMMBMBE"]},{"@type":"Person","@id":"https:\/\/www.link2fleet.com\/fr\/#\/schema\/person\/027cd46113c78036b3809c9a054049da","name":"Damien Malvetti","image":{"@type":"ImageObject","inLanguage":"fr-FR","@id":"https:\/\/secure.gravatar.com\/avatar\/dd8cc03b49466c735f753ac37f8caa371af16dfed347456ed61f02883255eebb?s=96&d=mm&r=g","url":"https:\/\/secure.gravatar.com\/avatar\/dd8cc03b49466c735f753ac37f8caa371af16dfed347456ed61f02883255eebb?s=96&d=mm&r=g","contentUrl":"https:\/\/secure.gravatar.com\/avatar\/dd8cc03b49466c735f753ac37f8caa371af16dfed347456ed61f02883255eebb?s=96&d=mm&r=g","caption":"Damien Malvetti"},"description":"Damien Malvetti is opgeleid als journalist en gepassioneerd door wagens, technologie en mobiliteit. Hij is verantwoordelijk voor de redactionele inhoud van link2fleet en beschikt over een uitgebreide kennis van de fleet-sector en elektrische mobiliteit.","sameAs":["https:\/\/www.linkedin.com\/in\/damien-malvetti-56601142\/"]}]}},"_links":{"self":[{"href":"https:\/\/www.link2fleet.com\/fr\/wp-json\/wp\/v2\/posts\/6208","targetHints":{"allow":["GET"]}}],"collection":[{"href":"https:\/\/www.link2fleet.com\/fr\/wp-json\/wp\/v2\/posts"}],"about":[{"href":"https:\/\/www.link2fleet.com\/fr\/wp-json\/wp\/v2\/types\/post"}],"author":[{"embeddable":true,"href":"https:\/\/www.link2fleet.com\/fr\/wp-json\/wp\/v2\/users\/4"}],"replies":[{"embeddable":true,"href":"https:\/\/www.link2fleet.com\/fr\/wp-json\/wp\/v2\/comments?post=6208"}],"version-history":[{"count":0,"href":"https:\/\/www.link2fleet.com\/fr\/wp-json\/wp\/v2\/posts\/6208\/revisions"}],"wp:featuredmedia":[{"embeddable":true,"href":"https:\/\/www.link2fleet.com\/fr\/wp-json\/wp\/v2\/media\/6209"}],"wp:attachment":[{"href":"https:\/\/www.link2fleet.com\/fr\/wp-json\/wp\/v2\/media?parent=6208"}],"wp:term":[{"taxonomy":"category","embeddable":true,"href":"https:\/\/www.link2fleet.com\/fr\/wp-json\/wp\/v2\/categories?post=6208"},{"taxonomy":"post_tag","embeddable":true,"href":"https:\/\/www.link2fleet.com\/fr\/wp-json\/wp\/v2\/tags?post=6208"}],"curies":[{"name":"wp","href":"https:\/\/api.w.org\/{rel}","templated":true}]}}