{"id":62278,"date":"2025-12-09T09:14:36","date_gmt":"2025-12-09T08:14:36","guid":{"rendered":"https:\/\/www.link2fleet.com\/mm-conversion-en-q-mobility-worden-een-merk-vantro-verenigt-vijf-gespecialiseerde-divisies\/"},"modified":"2025-12-09T09:23:17","modified_gmt":"2025-12-09T08:23:17","slug":"mm-conversion-en-q-mobility-worden-een-merk-vantro-verenigt-vijf-gespecialiseerde-divisies","status":"publish","type":"post","link":"https:\/\/www.link2fleet.com\/fr\/mm-conversion-en-q-mobility-worden-een-merk-vantro-verenigt-vijf-gespecialiseerde-divisies\/","title":{"rendered":"M&#038;M Conversion et Q-Mobility deviennent une seule marque: VANTRO regroupe 5 divisions sp\u00e9cialis\u00e9es"},"content":{"rendered":"","protected":false},"excerpt":{"rendered":"","protected":false},"author":4,"featured_media":62274,"comment_status":"closed","ping_status":"closed","sticky":false,"template":"","format":"standard","meta":{"_acf_changed":false,"footnotes":""},"categories":[1448,86,76],"tags":[],"class_list":["post-62278","post","type-post","status-publish","format-standard","has-post-thumbnail","hentry","category-a-la-une","category-reconditionnement-transformation-carrosserie","category-car"],"acf":[],"yoast_head":"<!-- This site is optimized with the Yoast SEO plugin v27.3 - https:\/\/yoast.com\/product\/yoast-seo-wordpress\/ -->\n<title>M&amp;M Conversion et Q-Mobility deviennent une seule marque: VANTRO regroupe 5 divisions sp\u00e9cialis\u00e9es - link2fleet<\/title>\n<meta name=\"description\" content=\"M&amp;M Conversion et Q-Mobility joignent leur expertise et leurs activit\u00e9s sous une nouvelle marque: VANTRO. Sous ce rebranding se cache d\u00e9sormais un groupe int\u00e9gr\u00e9 qui\u2026\" \/>\n<meta name=\"robots\" content=\"index, follow, max-snippet:-1, max-image-preview:large, max-video-preview:-1\" \/>\n<meta property=\"og:locale\" content=\"fr_FR\" \/>\n<meta property=\"og:type\" content=\"article\" \/>\n<meta property=\"og:title\" content=\"M&amp;M Conversion et Q-Mobility deviennent une seule marque: VANTRO regroupe 5 divisions sp\u00e9cialis\u00e9es - link2fleet\" \/>\n<meta property=\"og:description\" content=\"M&amp;M Conversion et Q-Mobility joignent leur expertise et leurs activit\u00e9s sous une nouvelle marque: VANTRO. Sous ce rebranding se cache d\u00e9sormais un groupe int\u00e9gr\u00e9 qui\u2026\" \/>\n<meta property=\"og:url\" content=\"https:\/\/www.link2fleet.com\/fr\/mm-conversion-en-q-mobility-worden-een-merk-vantro-verenigt-vijf-gespecialiseerde-divisies\/\" \/>\n<meta property=\"og:site_name\" content=\"link2fleet\" \/>\n<meta property=\"article:published_time\" content=\"2025-12-09T08:14:36+00:00\" \/>\n<meta property=\"article:modified_time\" content=\"2025-12-09T08:23:17+00:00\" \/>\n<meta property=\"og:image\" content=\"https:\/\/static.link2fleet.com\/wp-content\/uploads\/2025\/12\/vantro.jpg\" \/>\n\t<meta property=\"og:image:width\" content=\"1800\" \/>\n\t<meta property=\"og:image:height\" content=\"1200\" \/>\n\t<meta property=\"og:image:type\" content=\"image\/jpeg\" \/>\n<meta name=\"author\" content=\"Damien Malvetti\" \/>\n<meta name=\"twitter:card\" content=\"summary_large_image\" \/>\n<meta name=\"twitter:description\" content=\"M&amp;M Conversion et Q-Mobility joignent leur expertise et leurs activit\u00e9s sous une nouvelle marque: VANTRO. Sous ce rebranding se cache d\u00e9sormais un groupe int\u00e9gr\u00e9 qui\u2026\" \/>\n<meta name=\"twitter:label1\" content=\"\u00c9crit par\" \/>\n\t<meta name=\"twitter:data1\" content=\"Damien Malvetti\" \/>\n\t<meta name=\"twitter:label2\" content=\"Dur\u00e9e de lecture estim\u00e9e\" \/>\n\t<meta name=\"twitter:data2\" content=\"3 minutes\" \/>\n<script type=\"application\/ld+json\" class=\"yoast-schema-graph\">{\"@context\":\"https:\\\/\\\/schema.org\",\"@graph\":[{\"@type\":\"Article\",\"@id\":\"https:\\\/\\\/www.link2fleet.com\\\/fr\\\/mm-conversion-en-q-mobility-worden-een-merk-vantro-verenigt-vijf-gespecialiseerde-divisies\\\/#article\",\"isPartOf\":{\"@id\":\"https:\\\/\\\/www.link2fleet.com\\\/fr\\\/mm-conversion-en-q-mobility-worden-een-merk-vantro-verenigt-vijf-gespecialiseerde-divisies\\\/\"},\"author\":{\"name\":\"Damien Malvetti\",\"@id\":\"https:\\\/\\\/www.link2fleet.com\\\/fr\\\/#\\\/schema\\\/person\\\/027cd46113c78036b3809c9a054049da\"},\"headline\":\"M&#038;M Conversion et Q-Mobility deviennent une seule marque: VANTRO regroupe 5 divisions sp\u00e9cialis\u00e9es\",\"datePublished\":\"2025-12-09T08:14:36+00:00\",\"dateModified\":\"2025-12-09T08:23:17+00:00\",\"mainEntityOfPage\":{\"@id\":\"https:\\\/\\\/www.link2fleet.com\\\/fr\\\/mm-conversion-en-q-mobility-worden-een-merk-vantro-verenigt-vijf-gespecialiseerde-divisies\\\/\"},\"wordCount\":15,\"publisher\":{\"@id\":\"https:\\\/\\\/www.link2fleet.com\\\/fr\\\/#organization\"},\"image\":{\"@id\":\"https:\\\/\\\/www.link2fleet.com\\\/fr\\\/mm-conversion-en-q-mobility-worden-een-merk-vantro-verenigt-vijf-gespecialiseerde-divisies\\\/#primaryimage\"},\"thumbnailUrl\":\"https:\\\/\\\/static.link2fleet.com\\\/wp-content\\\/uploads\\\/2025\\\/12\\\/vantro.jpg\",\"articleSection\":[\"A la une\",\"Reconditionnement \\\/ Carrosserie\",\"V\u00e9hicules\"],\"inLanguage\":\"fr-FR\"},{\"@type\":\"WebPage\",\"@id\":\"https:\\\/\\\/www.link2fleet.com\\\/fr\\\/mm-conversion-en-q-mobility-worden-een-merk-vantro-verenigt-vijf-gespecialiseerde-divisies\\\/\",\"url\":\"https:\\\/\\\/www.link2fleet.com\\\/fr\\\/mm-conversion-en-q-mobility-worden-een-merk-vantro-verenigt-vijf-gespecialiseerde-divisies\\\/\",\"name\":\"M&M Conversion et Q-Mobility deviennent une seule marque: VANTRO regroupe 5 divisions sp\u00e9cialis\u00e9es - link2fleet\",\"isPartOf\":{\"@id\":\"https:\\\/\\\/www.link2fleet.com\\\/fr\\\/#website\"},\"primaryImageOfPage\":{\"@id\":\"https:\\\/\\\/www.link2fleet.com\\\/fr\\\/mm-conversion-en-q-mobility-worden-een-merk-vantro-verenigt-vijf-gespecialiseerde-divisies\\\/#primaryimage\"},\"image\":{\"@id\":\"https:\\\/\\\/www.link2fleet.com\\\/fr\\\/mm-conversion-en-q-mobility-worden-een-merk-vantro-verenigt-vijf-gespecialiseerde-divisies\\\/#primaryimage\"},\"thumbnailUrl\":\"https:\\\/\\\/static.link2fleet.com\\\/wp-content\\\/uploads\\\/2025\\\/12\\\/vantro.jpg\",\"datePublished\":\"2025-12-09T08:14:36+00:00\",\"dateModified\":\"2025-12-09T08:23:17+00:00\",\"breadcrumb\":{\"@id\":\"https:\\\/\\\/www.link2fleet.com\\\/fr\\\/mm-conversion-en-q-mobility-worden-een-merk-vantro-verenigt-vijf-gespecialiseerde-divisies\\\/#breadcrumb\"},\"inLanguage\":\"fr-FR\",\"potentialAction\":[{\"@type\":\"ReadAction\",\"target\":[\"https:\\\/\\\/www.link2fleet.com\\\/fr\\\/mm-conversion-en-q-mobility-worden-een-merk-vantro-verenigt-vijf-gespecialiseerde-divisies\\\/\"]}]},{\"@type\":\"ImageObject\",\"inLanguage\":\"fr-FR\",\"@id\":\"https:\\\/\\\/www.link2fleet.com\\\/fr\\\/mm-conversion-en-q-mobility-worden-een-merk-vantro-verenigt-vijf-gespecialiseerde-divisies\\\/#primaryimage\",\"url\":\"https:\\\/\\\/static.link2fleet.com\\\/wp-content\\\/uploads\\\/2025\\\/12\\\/vantro.jpg\",\"contentUrl\":\"https:\\\/\\\/static.link2fleet.com\\\/wp-content\\\/uploads\\\/2025\\\/12\\\/vantro.jpg\",\"width\":1800,\"height\":1200},{\"@type\":\"BreadcrumbList\",\"@id\":\"https:\\\/\\\/www.link2fleet.com\\\/fr\\\/mm-conversion-en-q-mobility-worden-een-merk-vantro-verenigt-vijf-gespecialiseerde-divisies\\\/#breadcrumb\",\"itemListElement\":[{\"@type\":\"ListItem\",\"position\":1,\"name\":\"Home\",\"item\":\"https:\\\/\\\/www.link2fleet.com\\\/fr\\\/\"},{\"@type\":\"ListItem\",\"position\":2,\"name\":\"M&#038;M Conversion et Q-Mobility deviennent une seule marque: VANTRO regroupe 5 divisions sp\u00e9cialis\u00e9es\"}]},{\"@type\":\"WebSite\",\"@id\":\"https:\\\/\\\/www.link2fleet.com\\\/fr\\\/#website\",\"url\":\"https:\\\/\\\/www.link2fleet.com\\\/fr\\\/\",\"name\":\"Link2fleet\",\"description\":\"\",\"publisher\":{\"@id\":\"https:\\\/\\\/www.link2fleet.com\\\/fr\\\/#organization\"},\"potentialAction\":[{\"@type\":\"SearchAction\",\"target\":{\"@type\":\"EntryPoint\",\"urlTemplate\":\"https:\\\/\\\/www.link2fleet.com\\\/fr\\\/?s={search_term_string}\"},\"query-input\":{\"@type\":\"PropertyValueSpecification\",\"valueRequired\":true,\"valueName\":\"search_term_string\"}}],\"inLanguage\":\"fr-FR\"},{\"@type\":\"Organization\",\"@id\":\"https:\\\/\\\/www.link2fleet.com\\\/fr\\\/#organization\",\"name\":\"Link2fleet\",\"url\":\"https:\\\/\\\/www.link2fleet.com\\\/fr\\\/\",\"logo\":{\"@type\":\"ImageObject\",\"inLanguage\":\"fr-FR\",\"@id\":\"https:\\\/\\\/www.link2fleet.com\\\/fr\\\/#\\\/schema\\\/logo\\\/image\\\/\",\"url\":\"https:\\\/\\\/static.link2fleet.com\\\/wp-content\\\/uploads\\\/2024\\\/03\\\/share-image.jpg\",\"contentUrl\":\"https:\\\/\\\/static.link2fleet.com\\\/wp-content\\\/uploads\\\/2024\\\/03\\\/share-image.jpg\",\"width\":1200,\"height\":630,\"caption\":\"Link2fleet\"},\"image\":{\"@id\":\"https:\\\/\\\/www.link2fleet.com\\\/fr\\\/#\\\/schema\\\/logo\\\/image\\\/\"},\"sameAs\":[\"https:\\\/\\\/www.linkedin.com\\\/company\\\/link2fleet-belgium\",\"https:\\\/\\\/www.youtube.com\\\/user\\\/MMMBMBE\"]},{\"@type\":\"Person\",\"@id\":\"https:\\\/\\\/www.link2fleet.com\\\/fr\\\/#\\\/schema\\\/person\\\/027cd46113c78036b3809c9a054049da\",\"name\":\"Damien Malvetti\",\"image\":{\"@type\":\"ImageObject\",\"inLanguage\":\"fr-FR\",\"@id\":\"https:\\\/\\\/secure.gravatar.com\\\/avatar\\\/dd8cc03b49466c735f753ac37f8caa371af16dfed347456ed61f02883255eebb?s=96&d=mm&r=g\",\"url\":\"https:\\\/\\\/secure.gravatar.com\\\/avatar\\\/dd8cc03b49466c735f753ac37f8caa371af16dfed347456ed61f02883255eebb?s=96&d=mm&r=g\",\"contentUrl\":\"https:\\\/\\\/secure.gravatar.com\\\/avatar\\\/dd8cc03b49466c735f753ac37f8caa371af16dfed347456ed61f02883255eebb?s=96&d=mm&r=g\",\"caption\":\"Damien Malvetti\"},\"description\":\"Damien Malvetti is opgeleid als journalist en gepassioneerd door wagens, technologie en mobiliteit. Hij is verantwoordelijk voor de redactionele inhoud van link2fleet en beschikt over een uitgebreide kennis van de fleet-sector en elektrische mobiliteit.\",\"sameAs\":[\"https:\\\/\\\/www.linkedin.com\\\/in\\\/damien-malvetti-56601142\\\/\"]}]}<\/script>\n<!-- \/ Yoast SEO plugin. -->","yoast_head_json":{"title":"M&M Conversion et Q-Mobility deviennent une seule marque: VANTRO regroupe 5 divisions sp\u00e9cialis\u00e9es - link2fleet","description":"M&amp;M Conversion et Q-Mobility joignent leur expertise et leurs activit\u00e9s sous une nouvelle marque: VANTRO. Sous ce rebranding se cache d\u00e9sormais un groupe int\u00e9gr\u00e9 qui\u2026","robots":{"index":"index","follow":"follow","max-snippet":"max-snippet:-1","max-image-preview":"max-image-preview:large","max-video-preview":"max-video-preview:-1"},"og_locale":"fr_FR","og_type":"article","og_title":"M&M Conversion et Q-Mobility deviennent une seule marque: VANTRO regroupe 5 divisions sp\u00e9cialis\u00e9es - link2fleet","og_description":"M&amp;M Conversion et Q-Mobility joignent leur expertise et leurs activit\u00e9s sous une nouvelle marque: VANTRO. Sous ce rebranding se cache d\u00e9sormais un groupe int\u00e9gr\u00e9 qui\u2026","og_url":"https:\/\/www.link2fleet.com\/fr\/mm-conversion-en-q-mobility-worden-een-merk-vantro-verenigt-vijf-gespecialiseerde-divisies\/","og_site_name":"link2fleet","article_published_time":"2025-12-09T08:14:36+00:00","article_modified_time":"2025-12-09T08:23:17+00:00","og_image":[{"width":1800,"height":1200,"url":"https:\/\/static.link2fleet.com\/wp-content\/uploads\/2025\/12\/vantro.jpg","type":"image\/jpeg"}],"author":"Damien Malvetti","twitter_card":"summary_large_image","twitter_description":"M&amp;M Conversion et Q-Mobility joignent leur expertise et leurs activit\u00e9s sous une nouvelle marque: VANTRO. Sous ce rebranding se cache d\u00e9sormais un groupe int\u00e9gr\u00e9 qui\u2026","twitter_misc":{"\u00c9crit par":"Damien Malvetti","Dur\u00e9e de lecture estim\u00e9e":"3 minutes"},"schema":{"@context":"https:\/\/schema.org","@graph":[{"@type":"Article","@id":"https:\/\/www.link2fleet.com\/fr\/mm-conversion-en-q-mobility-worden-een-merk-vantro-verenigt-vijf-gespecialiseerde-divisies\/#article","isPartOf":{"@id":"https:\/\/www.link2fleet.com\/fr\/mm-conversion-en-q-mobility-worden-een-merk-vantro-verenigt-vijf-gespecialiseerde-divisies\/"},"author":{"name":"Damien Malvetti","@id":"https:\/\/www.link2fleet.com\/fr\/#\/schema\/person\/027cd46113c78036b3809c9a054049da"},"headline":"M&#038;M Conversion et Q-Mobility deviennent une seule marque: VANTRO regroupe 5 divisions sp\u00e9cialis\u00e9es","datePublished":"2025-12-09T08:14:36+00:00","dateModified":"2025-12-09T08:23:17+00:00","mainEntityOfPage":{"@id":"https:\/\/www.link2fleet.com\/fr\/mm-conversion-en-q-mobility-worden-een-merk-vantro-verenigt-vijf-gespecialiseerde-divisies\/"},"wordCount":15,"publisher":{"@id":"https:\/\/www.link2fleet.com\/fr\/#organization"},"image":{"@id":"https:\/\/www.link2fleet.com\/fr\/mm-conversion-en-q-mobility-worden-een-merk-vantro-verenigt-vijf-gespecialiseerde-divisies\/#primaryimage"},"thumbnailUrl":"https:\/\/static.link2fleet.com\/wp-content\/uploads\/2025\/12\/vantro.jpg","articleSection":["A la une","Reconditionnement \/ Carrosserie","V\u00e9hicules"],"inLanguage":"fr-FR"},{"@type":"WebPage","@id":"https:\/\/www.link2fleet.com\/fr\/mm-conversion-en-q-mobility-worden-een-merk-vantro-verenigt-vijf-gespecialiseerde-divisies\/","url":"https:\/\/www.link2fleet.com\/fr\/mm-conversion-en-q-mobility-worden-een-merk-vantro-verenigt-vijf-gespecialiseerde-divisies\/","name":"M&M Conversion et Q-Mobility deviennent une seule marque: VANTRO regroupe 5 divisions sp\u00e9cialis\u00e9es - link2fleet","isPartOf":{"@id":"https:\/\/www.link2fleet.com\/fr\/#website"},"primaryImageOfPage":{"@id":"https:\/\/www.link2fleet.com\/fr\/mm-conversion-en-q-mobility-worden-een-merk-vantro-verenigt-vijf-gespecialiseerde-divisies\/#primaryimage"},"image":{"@id":"https:\/\/www.link2fleet.com\/fr\/mm-conversion-en-q-mobility-worden-een-merk-vantro-verenigt-vijf-gespecialiseerde-divisies\/#primaryimage"},"thumbnailUrl":"https:\/\/static.link2fleet.com\/wp-content\/uploads\/2025\/12\/vantro.jpg","datePublished":"2025-12-09T08:14:36+00:00","dateModified":"2025-12-09T08:23:17+00:00","breadcrumb":{"@id":"https:\/\/www.link2fleet.com\/fr\/mm-conversion-en-q-mobility-worden-een-merk-vantro-verenigt-vijf-gespecialiseerde-divisies\/#breadcrumb"},"inLanguage":"fr-FR","potentialAction":[{"@type":"ReadAction","target":["https:\/\/www.link2fleet.com\/fr\/mm-conversion-en-q-mobility-worden-een-merk-vantro-verenigt-vijf-gespecialiseerde-divisies\/"]}]},{"@type":"ImageObject","inLanguage":"fr-FR","@id":"https:\/\/www.link2fleet.com\/fr\/mm-conversion-en-q-mobility-worden-een-merk-vantro-verenigt-vijf-gespecialiseerde-divisies\/#primaryimage","url":"https:\/\/static.link2fleet.com\/wp-content\/uploads\/2025\/12\/vantro.jpg","contentUrl":"https:\/\/static.link2fleet.com\/wp-content\/uploads\/2025\/12\/vantro.jpg","width":1800,"height":1200},{"@type":"BreadcrumbList","@id":"https:\/\/www.link2fleet.com\/fr\/mm-conversion-en-q-mobility-worden-een-merk-vantro-verenigt-vijf-gespecialiseerde-divisies\/#breadcrumb","itemListElement":[{"@type":"ListItem","position":1,"name":"Home","item":"https:\/\/www.link2fleet.com\/fr\/"},{"@type":"ListItem","position":2,"name":"M&#038;M Conversion et Q-Mobility deviennent une seule marque: VANTRO regroupe 5 divisions sp\u00e9cialis\u00e9es"}]},{"@type":"WebSite","@id":"https:\/\/www.link2fleet.com\/fr\/#website","url":"https:\/\/www.link2fleet.com\/fr\/","name":"Link2fleet","description":"","publisher":{"@id":"https:\/\/www.link2fleet.com\/fr\/#organization"},"potentialAction":[{"@type":"SearchAction","target":{"@type":"EntryPoint","urlTemplate":"https:\/\/www.link2fleet.com\/fr\/?s={search_term_string}"},"query-input":{"@type":"PropertyValueSpecification","valueRequired":true,"valueName":"search_term_string"}}],"inLanguage":"fr-FR"},{"@type":"Organization","@id":"https:\/\/www.link2fleet.com\/fr\/#organization","name":"Link2fleet","url":"https:\/\/www.link2fleet.com\/fr\/","logo":{"@type":"ImageObject","inLanguage":"fr-FR","@id":"https:\/\/www.link2fleet.com\/fr\/#\/schema\/logo\/image\/","url":"https:\/\/static.link2fleet.com\/wp-content\/uploads\/2024\/03\/share-image.jpg","contentUrl":"https:\/\/static.link2fleet.com\/wp-content\/uploads\/2024\/03\/share-image.jpg","width":1200,"height":630,"caption":"Link2fleet"},"image":{"@id":"https:\/\/www.link2fleet.com\/fr\/#\/schema\/logo\/image\/"},"sameAs":["https:\/\/www.linkedin.com\/company\/link2fleet-belgium","https:\/\/www.youtube.com\/user\/MMMBMBE"]},{"@type":"Person","@id":"https:\/\/www.link2fleet.com\/fr\/#\/schema\/person\/027cd46113c78036b3809c9a054049da","name":"Damien Malvetti","image":{"@type":"ImageObject","inLanguage":"fr-FR","@id":"https:\/\/secure.gravatar.com\/avatar\/dd8cc03b49466c735f753ac37f8caa371af16dfed347456ed61f02883255eebb?s=96&d=mm&r=g","url":"https:\/\/secure.gravatar.com\/avatar\/dd8cc03b49466c735f753ac37f8caa371af16dfed347456ed61f02883255eebb?s=96&d=mm&r=g","contentUrl":"https:\/\/secure.gravatar.com\/avatar\/dd8cc03b49466c735f753ac37f8caa371af16dfed347456ed61f02883255eebb?s=96&d=mm&r=g","caption":"Damien Malvetti"},"description":"Damien Malvetti is opgeleid als journalist en gepassioneerd door wagens, technologie en mobiliteit. Hij is verantwoordelijk voor de redactionele inhoud van link2fleet en beschikt over een uitgebreide kennis van de fleet-sector en elektrische mobiliteit.","sameAs":["https:\/\/www.linkedin.com\/in\/damien-malvetti-56601142\/"]}]}},"_links":{"self":[{"href":"https:\/\/www.link2fleet.com\/fr\/wp-json\/wp\/v2\/posts\/62278","targetHints":{"allow":["GET"]}}],"collection":[{"href":"https:\/\/www.link2fleet.com\/fr\/wp-json\/wp\/v2\/posts"}],"about":[{"href":"https:\/\/www.link2fleet.com\/fr\/wp-json\/wp\/v2\/types\/post"}],"author":[{"embeddable":true,"href":"https:\/\/www.link2fleet.com\/fr\/wp-json\/wp\/v2\/users\/4"}],"replies":[{"embeddable":true,"href":"https:\/\/www.link2fleet.com\/fr\/wp-json\/wp\/v2\/comments?post=62278"}],"version-history":[{"count":2,"href":"https:\/\/www.link2fleet.com\/fr\/wp-json\/wp\/v2\/posts\/62278\/revisions"}],"predecessor-version":[{"id":62280,"href":"https:\/\/www.link2fleet.com\/fr\/wp-json\/wp\/v2\/posts\/62278\/revisions\/62280"}],"wp:featuredmedia":[{"embeddable":true,"href":"https:\/\/www.link2fleet.com\/fr\/wp-json\/wp\/v2\/media\/62274"}],"wp:attachment":[{"href":"https:\/\/www.link2fleet.com\/fr\/wp-json\/wp\/v2\/media?parent=62278"}],"wp:term":[{"taxonomy":"category","embeddable":true,"href":"https:\/\/www.link2fleet.com\/fr\/wp-json\/wp\/v2\/categories?post=62278"},{"taxonomy":"post_tag","embeddable":true,"href":"https:\/\/www.link2fleet.com\/fr\/wp-json\/wp\/v2\/tags?post=62278"}],"curies":[{"name":"wp","href":"https:\/\/api.w.org\/{rel}","templated":true}]}}