{"id":62281,"date":"2025-12-09T09:55:20","date_gmt":"2025-12-09T08:55:20","guid":{"rendered":"https:\/\/www.link2fleet.com\/?p=62281"},"modified":"2025-12-09T10:13:40","modified_gmt":"2025-12-09T09:13:40","slug":"fin-de-lexemption-de-tmc-et-taxe-de-roulage-des-ev-en-flandre-des-le-1er-janvier-lincertitude-regne-toujours","status":"publish","type":"post","link":"https:\/\/www.link2fleet.com\/fr\/fin-de-lexemption-de-tmc-et-taxe-de-roulage-des-ev-en-flandre-des-le-1er-janvier-lincertitude-regne-toujours\/","title":{"rendered":"Fin de l&rsquo;exemption de TMC et taxe de roulage des EV en Flandre d\u00e8s le 1er janvier: l&rsquo;incertitude r\u00e8gne toujours"},"content":{"rendered":"","protected":false},"excerpt":{"rendered":"","protected":false},"author":4,"featured_media":62282,"comment_status":"closed","ping_status":"closed","sticky":false,"template":"","format":"standard","meta":{"_acf_changed":false,"footnotes":""},"categories":[1448,91,101],"tags":[],"class_list":["post-62281","post","type-post","status-publish","format-standard","has-post-thumbnail","hentry","category-a-la-une","category-expertise-et-management","category-tax-legal"],"acf":[],"yoast_head":"<!-- This site is optimized with the Yoast SEO plugin v27.3 - https:\/\/yoast.com\/product\/yoast-seo-wordpress\/ -->\n<title>Fin de l&#039;exemption de TMC et taxe de roulage des EV en Flandre d\u00e8s le 1er janvier: l&#039;incertitude r\u00e8gne toujours - link2fleet<\/title>\n<meta name=\"description\" content=\"Le Ministre flamand des Finances, Ben Weyts, l&rsquo;avait annonc\u00e9 d\u00e9but octobre: \u00e0 partir du 1er janvier 2026, l&rsquo;exemption de la taxe de mise en circulation\u2026\" \/>\n<meta name=\"robots\" content=\"index, follow, max-snippet:-1, max-image-preview:large, max-video-preview:-1\" \/>\n<meta property=\"og:locale\" content=\"fr_FR\" \/>\n<meta property=\"og:type\" content=\"article\" \/>\n<meta property=\"og:title\" content=\"Fin de l&#039;exemption de TMC et taxe de roulage des EV en Flandre d\u00e8s le 1er janvier: l&#039;incertitude r\u00e8gne toujours - link2fleet\" \/>\n<meta property=\"og:description\" content=\"Le Ministre flamand des Finances, Ben Weyts, l&rsquo;avait annonc\u00e9 d\u00e9but octobre: \u00e0 partir du 1er janvier 2026, l&rsquo;exemption de la taxe de mise en circulation\u2026\" \/>\n<meta property=\"og:url\" content=\"https:\/\/www.link2fleet.com\/fr\/fin-de-lexemption-de-tmc-et-taxe-de-roulage-des-ev-en-flandre-des-le-1er-janvier-lincertitude-regne-toujours\/\" \/>\n<meta property=\"og:site_name\" content=\"link2fleet\" \/>\n<meta property=\"article:published_time\" content=\"2025-12-09T08:55:20+00:00\" \/>\n<meta property=\"article:modified_time\" content=\"2025-12-09T09:13:40+00:00\" \/>\n<meta property=\"og:image\" content=\"https:\/\/static.link2fleet.com\/wp-content\/uploads\/2025\/12\/taxes-flandre-1024x683.png\" \/>\n\t<meta property=\"og:image:width\" content=\"1024\" \/>\n\t<meta property=\"og:image:height\" content=\"683\" \/>\n\t<meta property=\"og:image:type\" content=\"image\/png\" \/>\n<meta name=\"author\" content=\"Damien Malvetti\" \/>\n<meta name=\"twitter:card\" content=\"summary_large_image\" \/>\n<meta name=\"twitter:description\" content=\"Le Ministre flamand des Finances, Ben Weyts, l&rsquo;avait annonc\u00e9 d\u00e9but octobre: \u00e0 partir du 1er janvier 2026, l&rsquo;exemption de la taxe de mise en circulation\u2026\" \/>\n<meta name=\"twitter:label1\" content=\"\u00c9crit par\" \/>\n\t<meta name=\"twitter:data1\" content=\"Damien Malvetti\" \/>\n\t<meta name=\"twitter:label2\" content=\"Dur\u00e9e de lecture estim\u00e9e\" \/>\n\t<meta name=\"twitter:data2\" content=\"3 minutes\" \/>\n<script type=\"application\/ld+json\" class=\"yoast-schema-graph\">{\"@context\":\"https:\\\/\\\/schema.org\",\"@graph\":[{\"@type\":\"Article\",\"@id\":\"https:\\\/\\\/www.link2fleet.com\\\/fr\\\/fin-de-lexemption-de-tmc-et-taxe-de-roulage-des-ev-en-flandre-des-le-1er-janvier-lincertitude-regne-toujours\\\/#article\",\"isPartOf\":{\"@id\":\"https:\\\/\\\/www.link2fleet.com\\\/fr\\\/fin-de-lexemption-de-tmc-et-taxe-de-roulage-des-ev-en-flandre-des-le-1er-janvier-lincertitude-regne-toujours\\\/\"},\"author\":{\"name\":\"Damien Malvetti\",\"@id\":\"https:\\\/\\\/www.link2fleet.com\\\/fr\\\/#\\\/schema\\\/person\\\/027cd46113c78036b3809c9a054049da\"},\"headline\":\"Fin de l&rsquo;exemption de TMC et taxe de roulage des EV en Flandre d\u00e8s le 1er janvier: l&rsquo;incertitude r\u00e8gne toujours\",\"datePublished\":\"2025-12-09T08:55:20+00:00\",\"dateModified\":\"2025-12-09T09:13:40+00:00\",\"mainEntityOfPage\":{\"@id\":\"https:\\\/\\\/www.link2fleet.com\\\/fr\\\/fin-de-lexemption-de-tmc-et-taxe-de-roulage-des-ev-en-flandre-des-le-1er-janvier-lincertitude-regne-toujours\\\/\"},\"wordCount\":24,\"publisher\":{\"@id\":\"https:\\\/\\\/www.link2fleet.com\\\/fr\\\/#organization\"},\"image\":{\"@id\":\"https:\\\/\\\/www.link2fleet.com\\\/fr\\\/fin-de-lexemption-de-tmc-et-taxe-de-roulage-des-ev-en-flandre-des-le-1er-janvier-lincertitude-regne-toujours\\\/#primaryimage\"},\"thumbnailUrl\":\"https:\\\/\\\/static.link2fleet.com\\\/wp-content\\\/uploads\\\/2025\\\/12\\\/taxes-flandre.png\",\"articleSection\":[\"A la une\",\"Gestion de flotte\",\"Tax &amp; legal\"],\"inLanguage\":\"fr-FR\"},{\"@type\":\"WebPage\",\"@id\":\"https:\\\/\\\/www.link2fleet.com\\\/fr\\\/fin-de-lexemption-de-tmc-et-taxe-de-roulage-des-ev-en-flandre-des-le-1er-janvier-lincertitude-regne-toujours\\\/\",\"url\":\"https:\\\/\\\/www.link2fleet.com\\\/fr\\\/fin-de-lexemption-de-tmc-et-taxe-de-roulage-des-ev-en-flandre-des-le-1er-janvier-lincertitude-regne-toujours\\\/\",\"name\":\"Fin de l'exemption de TMC et taxe de roulage des EV en Flandre d\u00e8s le 1er janvier: l'incertitude r\u00e8gne toujours - link2fleet\",\"isPartOf\":{\"@id\":\"https:\\\/\\\/www.link2fleet.com\\\/fr\\\/#website\"},\"primaryImageOfPage\":{\"@id\":\"https:\\\/\\\/www.link2fleet.com\\\/fr\\\/fin-de-lexemption-de-tmc-et-taxe-de-roulage-des-ev-en-flandre-des-le-1er-janvier-lincertitude-regne-toujours\\\/#primaryimage\"},\"image\":{\"@id\":\"https:\\\/\\\/www.link2fleet.com\\\/fr\\\/fin-de-lexemption-de-tmc-et-taxe-de-roulage-des-ev-en-flandre-des-le-1er-janvier-lincertitude-regne-toujours\\\/#primaryimage\"},\"thumbnailUrl\":\"https:\\\/\\\/static.link2fleet.com\\\/wp-content\\\/uploads\\\/2025\\\/12\\\/taxes-flandre.png\",\"datePublished\":\"2025-12-09T08:55:20+00:00\",\"dateModified\":\"2025-12-09T09:13:40+00:00\",\"breadcrumb\":{\"@id\":\"https:\\\/\\\/www.link2fleet.com\\\/fr\\\/fin-de-lexemption-de-tmc-et-taxe-de-roulage-des-ev-en-flandre-des-le-1er-janvier-lincertitude-regne-toujours\\\/#breadcrumb\"},\"inLanguage\":\"fr-FR\",\"potentialAction\":[{\"@type\":\"ReadAction\",\"target\":[\"https:\\\/\\\/www.link2fleet.com\\\/fr\\\/fin-de-lexemption-de-tmc-et-taxe-de-roulage-des-ev-en-flandre-des-le-1er-janvier-lincertitude-regne-toujours\\\/\"]}]},{\"@type\":\"ImageObject\",\"inLanguage\":\"fr-FR\",\"@id\":\"https:\\\/\\\/www.link2fleet.com\\\/fr\\\/fin-de-lexemption-de-tmc-et-taxe-de-roulage-des-ev-en-flandre-des-le-1er-janvier-lincertitude-regne-toujours\\\/#primaryimage\",\"url\":\"https:\\\/\\\/static.link2fleet.com\\\/wp-content\\\/uploads\\\/2025\\\/12\\\/taxes-flandre.png\",\"contentUrl\":\"https:\\\/\\\/static.link2fleet.com\\\/wp-content\\\/uploads\\\/2025\\\/12\\\/taxes-flandre.png\",\"width\":1536,\"height\":1024},{\"@type\":\"BreadcrumbList\",\"@id\":\"https:\\\/\\\/www.link2fleet.com\\\/fr\\\/fin-de-lexemption-de-tmc-et-taxe-de-roulage-des-ev-en-flandre-des-le-1er-janvier-lincertitude-regne-toujours\\\/#breadcrumb\",\"itemListElement\":[{\"@type\":\"ListItem\",\"position\":1,\"name\":\"Home\",\"item\":\"https:\\\/\\\/www.link2fleet.com\\\/fr\\\/\"},{\"@type\":\"ListItem\",\"position\":2,\"name\":\"Fin de l&rsquo;exemption de TMC et taxe de roulage des EV en Flandre d\u00e8s le 1er janvier: l&rsquo;incertitude r\u00e8gne toujours\"}]},{\"@type\":\"WebSite\",\"@id\":\"https:\\\/\\\/www.link2fleet.com\\\/fr\\\/#website\",\"url\":\"https:\\\/\\\/www.link2fleet.com\\\/fr\\\/\",\"name\":\"Link2fleet\",\"description\":\"\",\"publisher\":{\"@id\":\"https:\\\/\\\/www.link2fleet.com\\\/fr\\\/#organization\"},\"potentialAction\":[{\"@type\":\"SearchAction\",\"target\":{\"@type\":\"EntryPoint\",\"urlTemplate\":\"https:\\\/\\\/www.link2fleet.com\\\/fr\\\/?s={search_term_string}\"},\"query-input\":{\"@type\":\"PropertyValueSpecification\",\"valueRequired\":true,\"valueName\":\"search_term_string\"}}],\"inLanguage\":\"fr-FR\"},{\"@type\":\"Organization\",\"@id\":\"https:\\\/\\\/www.link2fleet.com\\\/fr\\\/#organization\",\"name\":\"Link2fleet\",\"url\":\"https:\\\/\\\/www.link2fleet.com\\\/fr\\\/\",\"logo\":{\"@type\":\"ImageObject\",\"inLanguage\":\"fr-FR\",\"@id\":\"https:\\\/\\\/www.link2fleet.com\\\/fr\\\/#\\\/schema\\\/logo\\\/image\\\/\",\"url\":\"https:\\\/\\\/static.link2fleet.com\\\/wp-content\\\/uploads\\\/2024\\\/03\\\/share-image.jpg\",\"contentUrl\":\"https:\\\/\\\/static.link2fleet.com\\\/wp-content\\\/uploads\\\/2024\\\/03\\\/share-image.jpg\",\"width\":1200,\"height\":630,\"caption\":\"Link2fleet\"},\"image\":{\"@id\":\"https:\\\/\\\/www.link2fleet.com\\\/fr\\\/#\\\/schema\\\/logo\\\/image\\\/\"},\"sameAs\":[\"https:\\\/\\\/www.linkedin.com\\\/company\\\/link2fleet-belgium\",\"https:\\\/\\\/www.youtube.com\\\/user\\\/MMMBMBE\"]},{\"@type\":\"Person\",\"@id\":\"https:\\\/\\\/www.link2fleet.com\\\/fr\\\/#\\\/schema\\\/person\\\/027cd46113c78036b3809c9a054049da\",\"name\":\"Damien Malvetti\",\"image\":{\"@type\":\"ImageObject\",\"inLanguage\":\"fr-FR\",\"@id\":\"https:\\\/\\\/secure.gravatar.com\\\/avatar\\\/dd8cc03b49466c735f753ac37f8caa371af16dfed347456ed61f02883255eebb?s=96&d=mm&r=g\",\"url\":\"https:\\\/\\\/secure.gravatar.com\\\/avatar\\\/dd8cc03b49466c735f753ac37f8caa371af16dfed347456ed61f02883255eebb?s=96&d=mm&r=g\",\"contentUrl\":\"https:\\\/\\\/secure.gravatar.com\\\/avatar\\\/dd8cc03b49466c735f753ac37f8caa371af16dfed347456ed61f02883255eebb?s=96&d=mm&r=g\",\"caption\":\"Damien Malvetti\"},\"description\":\"Damien Malvetti is opgeleid als journalist en gepassioneerd door wagens, technologie en mobiliteit. Hij is verantwoordelijk voor de redactionele inhoud van link2fleet en beschikt over een uitgebreide kennis van de fleet-sector en elektrische mobiliteit.\",\"sameAs\":[\"https:\\\/\\\/www.linkedin.com\\\/in\\\/damien-malvetti-56601142\\\/\"]}]}<\/script>\n<!-- \/ Yoast SEO plugin. -->","yoast_head_json":{"title":"Fin de l'exemption de TMC et taxe de roulage des EV en Flandre d\u00e8s le 1er janvier: l'incertitude r\u00e8gne toujours - link2fleet","description":"Le Ministre flamand des Finances, Ben Weyts, l&rsquo;avait annonc\u00e9 d\u00e9but octobre: \u00e0 partir du 1er janvier 2026, l&rsquo;exemption de la taxe de mise en circulation\u2026","robots":{"index":"index","follow":"follow","max-snippet":"max-snippet:-1","max-image-preview":"max-image-preview:large","max-video-preview":"max-video-preview:-1"},"og_locale":"fr_FR","og_type":"article","og_title":"Fin de l'exemption de TMC et taxe de roulage des EV en Flandre d\u00e8s le 1er janvier: l'incertitude r\u00e8gne toujours - link2fleet","og_description":"Le Ministre flamand des Finances, Ben Weyts, l&rsquo;avait annonc\u00e9 d\u00e9but octobre: \u00e0 partir du 1er janvier 2026, l&rsquo;exemption de la taxe de mise en circulation\u2026","og_url":"https:\/\/www.link2fleet.com\/fr\/fin-de-lexemption-de-tmc-et-taxe-de-roulage-des-ev-en-flandre-des-le-1er-janvier-lincertitude-regne-toujours\/","og_site_name":"link2fleet","article_published_time":"2025-12-09T08:55:20+00:00","article_modified_time":"2025-12-09T09:13:40+00:00","og_image":[{"width":1024,"height":683,"url":"https:\/\/static.link2fleet.com\/wp-content\/uploads\/2025\/12\/taxes-flandre-1024x683.png","type":"image\/png"}],"author":"Damien Malvetti","twitter_card":"summary_large_image","twitter_description":"Le Ministre flamand des Finances, Ben Weyts, l&rsquo;avait annonc\u00e9 d\u00e9but octobre: \u00e0 partir du 1er janvier 2026, l&rsquo;exemption de la taxe de mise en circulation\u2026","twitter_misc":{"\u00c9crit par":"Damien Malvetti","Dur\u00e9e de lecture estim\u00e9e":"3 minutes"},"schema":{"@context":"https:\/\/schema.org","@graph":[{"@type":"Article","@id":"https:\/\/www.link2fleet.com\/fr\/fin-de-lexemption-de-tmc-et-taxe-de-roulage-des-ev-en-flandre-des-le-1er-janvier-lincertitude-regne-toujours\/#article","isPartOf":{"@id":"https:\/\/www.link2fleet.com\/fr\/fin-de-lexemption-de-tmc-et-taxe-de-roulage-des-ev-en-flandre-des-le-1er-janvier-lincertitude-regne-toujours\/"},"author":{"name":"Damien Malvetti","@id":"https:\/\/www.link2fleet.com\/fr\/#\/schema\/person\/027cd46113c78036b3809c9a054049da"},"headline":"Fin de l&rsquo;exemption de TMC et taxe de roulage des EV en Flandre d\u00e8s le 1er janvier: l&rsquo;incertitude r\u00e8gne toujours","datePublished":"2025-12-09T08:55:20+00:00","dateModified":"2025-12-09T09:13:40+00:00","mainEntityOfPage":{"@id":"https:\/\/www.link2fleet.com\/fr\/fin-de-lexemption-de-tmc-et-taxe-de-roulage-des-ev-en-flandre-des-le-1er-janvier-lincertitude-regne-toujours\/"},"wordCount":24,"publisher":{"@id":"https:\/\/www.link2fleet.com\/fr\/#organization"},"image":{"@id":"https:\/\/www.link2fleet.com\/fr\/fin-de-lexemption-de-tmc-et-taxe-de-roulage-des-ev-en-flandre-des-le-1er-janvier-lincertitude-regne-toujours\/#primaryimage"},"thumbnailUrl":"https:\/\/static.link2fleet.com\/wp-content\/uploads\/2025\/12\/taxes-flandre.png","articleSection":["A la une","Gestion de flotte","Tax &amp; legal"],"inLanguage":"fr-FR"},{"@type":"WebPage","@id":"https:\/\/www.link2fleet.com\/fr\/fin-de-lexemption-de-tmc-et-taxe-de-roulage-des-ev-en-flandre-des-le-1er-janvier-lincertitude-regne-toujours\/","url":"https:\/\/www.link2fleet.com\/fr\/fin-de-lexemption-de-tmc-et-taxe-de-roulage-des-ev-en-flandre-des-le-1er-janvier-lincertitude-regne-toujours\/","name":"Fin de l'exemption de TMC et taxe de roulage des EV en Flandre d\u00e8s le 1er janvier: l'incertitude r\u00e8gne toujours - link2fleet","isPartOf":{"@id":"https:\/\/www.link2fleet.com\/fr\/#website"},"primaryImageOfPage":{"@id":"https:\/\/www.link2fleet.com\/fr\/fin-de-lexemption-de-tmc-et-taxe-de-roulage-des-ev-en-flandre-des-le-1er-janvier-lincertitude-regne-toujours\/#primaryimage"},"image":{"@id":"https:\/\/www.link2fleet.com\/fr\/fin-de-lexemption-de-tmc-et-taxe-de-roulage-des-ev-en-flandre-des-le-1er-janvier-lincertitude-regne-toujours\/#primaryimage"},"thumbnailUrl":"https:\/\/static.link2fleet.com\/wp-content\/uploads\/2025\/12\/taxes-flandre.png","datePublished":"2025-12-09T08:55:20+00:00","dateModified":"2025-12-09T09:13:40+00:00","breadcrumb":{"@id":"https:\/\/www.link2fleet.com\/fr\/fin-de-lexemption-de-tmc-et-taxe-de-roulage-des-ev-en-flandre-des-le-1er-janvier-lincertitude-regne-toujours\/#breadcrumb"},"inLanguage":"fr-FR","potentialAction":[{"@type":"ReadAction","target":["https:\/\/www.link2fleet.com\/fr\/fin-de-lexemption-de-tmc-et-taxe-de-roulage-des-ev-en-flandre-des-le-1er-janvier-lincertitude-regne-toujours\/"]}]},{"@type":"ImageObject","inLanguage":"fr-FR","@id":"https:\/\/www.link2fleet.com\/fr\/fin-de-lexemption-de-tmc-et-taxe-de-roulage-des-ev-en-flandre-des-le-1er-janvier-lincertitude-regne-toujours\/#primaryimage","url":"https:\/\/static.link2fleet.com\/wp-content\/uploads\/2025\/12\/taxes-flandre.png","contentUrl":"https:\/\/static.link2fleet.com\/wp-content\/uploads\/2025\/12\/taxes-flandre.png","width":1536,"height":1024},{"@type":"BreadcrumbList","@id":"https:\/\/www.link2fleet.com\/fr\/fin-de-lexemption-de-tmc-et-taxe-de-roulage-des-ev-en-flandre-des-le-1er-janvier-lincertitude-regne-toujours\/#breadcrumb","itemListElement":[{"@type":"ListItem","position":1,"name":"Home","item":"https:\/\/www.link2fleet.com\/fr\/"},{"@type":"ListItem","position":2,"name":"Fin de l&rsquo;exemption de TMC et taxe de roulage des EV en Flandre d\u00e8s le 1er janvier: l&rsquo;incertitude r\u00e8gne toujours"}]},{"@type":"WebSite","@id":"https:\/\/www.link2fleet.com\/fr\/#website","url":"https:\/\/www.link2fleet.com\/fr\/","name":"Link2fleet","description":"","publisher":{"@id":"https:\/\/www.link2fleet.com\/fr\/#organization"},"potentialAction":[{"@type":"SearchAction","target":{"@type":"EntryPoint","urlTemplate":"https:\/\/www.link2fleet.com\/fr\/?s={search_term_string}"},"query-input":{"@type":"PropertyValueSpecification","valueRequired":true,"valueName":"search_term_string"}}],"inLanguage":"fr-FR"},{"@type":"Organization","@id":"https:\/\/www.link2fleet.com\/fr\/#organization","name":"Link2fleet","url":"https:\/\/www.link2fleet.com\/fr\/","logo":{"@type":"ImageObject","inLanguage":"fr-FR","@id":"https:\/\/www.link2fleet.com\/fr\/#\/schema\/logo\/image\/","url":"https:\/\/static.link2fleet.com\/wp-content\/uploads\/2024\/03\/share-image.jpg","contentUrl":"https:\/\/static.link2fleet.com\/wp-content\/uploads\/2024\/03\/share-image.jpg","width":1200,"height":630,"caption":"Link2fleet"},"image":{"@id":"https:\/\/www.link2fleet.com\/fr\/#\/schema\/logo\/image\/"},"sameAs":["https:\/\/www.linkedin.com\/company\/link2fleet-belgium","https:\/\/www.youtube.com\/user\/MMMBMBE"]},{"@type":"Person","@id":"https:\/\/www.link2fleet.com\/fr\/#\/schema\/person\/027cd46113c78036b3809c9a054049da","name":"Damien Malvetti","image":{"@type":"ImageObject","inLanguage":"fr-FR","@id":"https:\/\/secure.gravatar.com\/avatar\/dd8cc03b49466c735f753ac37f8caa371af16dfed347456ed61f02883255eebb?s=96&d=mm&r=g","url":"https:\/\/secure.gravatar.com\/avatar\/dd8cc03b49466c735f753ac37f8caa371af16dfed347456ed61f02883255eebb?s=96&d=mm&r=g","contentUrl":"https:\/\/secure.gravatar.com\/avatar\/dd8cc03b49466c735f753ac37f8caa371af16dfed347456ed61f02883255eebb?s=96&d=mm&r=g","caption":"Damien Malvetti"},"description":"Damien Malvetti is opgeleid als journalist en gepassioneerd door wagens, technologie en mobiliteit. Hij is verantwoordelijk voor de redactionele inhoud van link2fleet en beschikt over een uitgebreide kennis van de fleet-sector en elektrische mobiliteit.","sameAs":["https:\/\/www.linkedin.com\/in\/damien-malvetti-56601142\/"]}]}},"_links":{"self":[{"href":"https:\/\/www.link2fleet.com\/fr\/wp-json\/wp\/v2\/posts\/62281","targetHints":{"allow":["GET"]}}],"collection":[{"href":"https:\/\/www.link2fleet.com\/fr\/wp-json\/wp\/v2\/posts"}],"about":[{"href":"https:\/\/www.link2fleet.com\/fr\/wp-json\/wp\/v2\/types\/post"}],"author":[{"embeddable":true,"href":"https:\/\/www.link2fleet.com\/fr\/wp-json\/wp\/v2\/users\/4"}],"replies":[{"embeddable":true,"href":"https:\/\/www.link2fleet.com\/fr\/wp-json\/wp\/v2\/comments?post=62281"}],"version-history":[{"count":2,"href":"https:\/\/www.link2fleet.com\/fr\/wp-json\/wp\/v2\/posts\/62281\/revisions"}],"predecessor-version":[{"id":62287,"href":"https:\/\/www.link2fleet.com\/fr\/wp-json\/wp\/v2\/posts\/62281\/revisions\/62287"}],"wp:featuredmedia":[{"embeddable":true,"href":"https:\/\/www.link2fleet.com\/fr\/wp-json\/wp\/v2\/media\/62282"}],"wp:attachment":[{"href":"https:\/\/www.link2fleet.com\/fr\/wp-json\/wp\/v2\/media?parent=62281"}],"wp:term":[{"taxonomy":"category","embeddable":true,"href":"https:\/\/www.link2fleet.com\/fr\/wp-json\/wp\/v2\/categories?post=62281"},{"taxonomy":"post_tag","embeddable":true,"href":"https:\/\/www.link2fleet.com\/fr\/wp-json\/wp\/v2\/tags?post=62281"}],"curies":[{"name":"wp","href":"https:\/\/api.w.org\/{rel}","templated":true}]}}