{"id":62311,"date":"2025-12-09T10:59:16","date_gmt":"2025-12-09T09:59:16","guid":{"rendered":"https:\/\/www.link2fleet.com\/?p=62311"},"modified":"2025-12-09T10:59:16","modified_gmt":"2025-12-09T09:59:16","slug":"powerdot-deploie-le-plug-charge-sur-son-reseau-de-bornes-rapides","status":"publish","type":"post","link":"https:\/\/www.link2fleet.com\/fr\/powerdot-deploie-le-plug-charge-sur-son-reseau-de-bornes-rapides\/","title":{"rendered":"Powerdot d\u00e9ploie le Plug &#038; Charge sur son r\u00e9seau de bornes rapides"},"content":{"rendered":"","protected":false},"excerpt":{"rendered":"","protected":false},"author":4,"featured_media":62312,"comment_status":"closed","ping_status":"closed","sticky":false,"template":"","format":"standard","meta":{"_acf_changed":false,"footnotes":""},"categories":[1448,81,91],"tags":[],"class_list":["post-62311","post","type-post","status-publish","format-standard","has-post-thumbnail","hentry","category-a-la-une","category-gestion-de-carburant-et-energie","category-expertise-et-management"],"acf":[],"yoast_head":"<!-- This site is optimized with the Yoast SEO plugin v27.3 - https:\/\/yoast.com\/product\/yoast-seo-wordpress\/ -->\n<title>Powerdot d\u00e9ploie le Plug &amp; Charge sur son r\u00e9seau de bornes rapides - link2fleet<\/title>\n<meta name=\"description\" content=\"Powerdot, fournisseur de solutions de recharge pour v\u00e9hicules \u00e9lectriques (VE), annonce que la technologie Plug &amp; Charge est d\u00e9sormais d\u00e9ploy\u00e9e sur l\u2019int\u00e9gralit\u00e9 de ses stations\u2026\" \/>\n<meta name=\"robots\" content=\"index, follow, max-snippet:-1, max-image-preview:large, max-video-preview:-1\" \/>\n<meta property=\"og:locale\" content=\"fr_FR\" \/>\n<meta property=\"og:type\" content=\"article\" \/>\n<meta property=\"og:title\" content=\"Powerdot d\u00e9ploie le Plug &amp; Charge sur son r\u00e9seau de bornes rapides - link2fleet\" \/>\n<meta property=\"og:description\" content=\"Powerdot, fournisseur de solutions de recharge pour v\u00e9hicules \u00e9lectriques (VE), annonce que la technologie Plug &amp; Charge est d\u00e9sormais d\u00e9ploy\u00e9e sur l\u2019int\u00e9gralit\u00e9 de ses stations\u2026\" \/>\n<meta property=\"og:url\" content=\"https:\/\/www.link2fleet.com\/fr\/powerdot-deploie-le-plug-charge-sur-son-reseau-de-bornes-rapides\/\" \/>\n<meta property=\"og:site_name\" content=\"link2fleet\" \/>\n<meta property=\"article:published_time\" content=\"2025-12-09T09:59:16+00:00\" \/>\n<meta property=\"og:image\" content=\"https:\/\/static.link2fleet.com\/wp-content\/uploads\/2025\/12\/ekoenergetyka-dsc06473-1024x683-1.webp\" \/>\n\t<meta property=\"og:image:width\" content=\"1024\" \/>\n\t<meta property=\"og:image:height\" content=\"683\" \/>\n\t<meta property=\"og:image:type\" content=\"image\/webp\" \/>\n<meta name=\"author\" content=\"Damien Malvetti\" \/>\n<meta name=\"twitter:card\" content=\"summary_large_image\" \/>\n<meta name=\"twitter:description\" content=\"Powerdot, fournisseur de solutions de recharge pour v\u00e9hicules \u00e9lectriques (VE), annonce que la technologie Plug &amp; Charge est d\u00e9sormais d\u00e9ploy\u00e9e sur l\u2019int\u00e9gralit\u00e9 de ses stations\u2026\" \/>\n<meta name=\"twitter:label1\" content=\"\u00c9crit par\" \/>\n\t<meta name=\"twitter:data1\" content=\"Damien Malvetti\" \/>\n\t<meta name=\"twitter:label2\" content=\"Dur\u00e9e de lecture estim\u00e9e\" \/>\n\t<meta name=\"twitter:data2\" content=\"3 minutes\" \/>\n<script type=\"application\/ld+json\" class=\"yoast-schema-graph\">{\"@context\":\"https:\\\/\\\/schema.org\",\"@graph\":[{\"@type\":\"Article\",\"@id\":\"https:\\\/\\\/www.link2fleet.com\\\/fr\\\/powerdot-deploie-le-plug-charge-sur-son-reseau-de-bornes-rapides\\\/#article\",\"isPartOf\":{\"@id\":\"https:\\\/\\\/www.link2fleet.com\\\/fr\\\/powerdot-deploie-le-plug-charge-sur-son-reseau-de-bornes-rapides\\\/\"},\"author\":{\"name\":\"Damien Malvetti\",\"@id\":\"https:\\\/\\\/www.link2fleet.com\\\/fr\\\/#\\\/schema\\\/person\\\/027cd46113c78036b3809c9a054049da\"},\"headline\":\"Powerdot d\u00e9ploie le Plug &#038; Charge sur son r\u00e9seau de bornes rapides\",\"datePublished\":\"2025-12-09T09:59:16+00:00\",\"mainEntityOfPage\":{\"@id\":\"https:\\\/\\\/www.link2fleet.com\\\/fr\\\/powerdot-deploie-le-plug-charge-sur-son-reseau-de-bornes-rapides\\\/\"},\"wordCount\":13,\"publisher\":{\"@id\":\"https:\\\/\\\/www.link2fleet.com\\\/fr\\\/#organization\"},\"image\":{\"@id\":\"https:\\\/\\\/www.link2fleet.com\\\/fr\\\/powerdot-deploie-le-plug-charge-sur-son-reseau-de-bornes-rapides\\\/#primaryimage\"},\"thumbnailUrl\":\"https:\\\/\\\/static.link2fleet.com\\\/wp-content\\\/uploads\\\/2025\\\/12\\\/ekoenergetyka-dsc06473-1024x683-1.webp\",\"articleSection\":[\"A la une\",\"Gestion carburant et de l'\u00e9nergie\",\"Gestion de flotte\"],\"inLanguage\":\"fr-FR\"},{\"@type\":\"WebPage\",\"@id\":\"https:\\\/\\\/www.link2fleet.com\\\/fr\\\/powerdot-deploie-le-plug-charge-sur-son-reseau-de-bornes-rapides\\\/\",\"url\":\"https:\\\/\\\/www.link2fleet.com\\\/fr\\\/powerdot-deploie-le-plug-charge-sur-son-reseau-de-bornes-rapides\\\/\",\"name\":\"Powerdot d\u00e9ploie le Plug & Charge sur son r\u00e9seau de bornes rapides - link2fleet\",\"isPartOf\":{\"@id\":\"https:\\\/\\\/www.link2fleet.com\\\/fr\\\/#website\"},\"primaryImageOfPage\":{\"@id\":\"https:\\\/\\\/www.link2fleet.com\\\/fr\\\/powerdot-deploie-le-plug-charge-sur-son-reseau-de-bornes-rapides\\\/#primaryimage\"},\"image\":{\"@id\":\"https:\\\/\\\/www.link2fleet.com\\\/fr\\\/powerdot-deploie-le-plug-charge-sur-son-reseau-de-bornes-rapides\\\/#primaryimage\"},\"thumbnailUrl\":\"https:\\\/\\\/static.link2fleet.com\\\/wp-content\\\/uploads\\\/2025\\\/12\\\/ekoenergetyka-dsc06473-1024x683-1.webp\",\"datePublished\":\"2025-12-09T09:59:16+00:00\",\"breadcrumb\":{\"@id\":\"https:\\\/\\\/www.link2fleet.com\\\/fr\\\/powerdot-deploie-le-plug-charge-sur-son-reseau-de-bornes-rapides\\\/#breadcrumb\"},\"inLanguage\":\"fr-FR\",\"potentialAction\":[{\"@type\":\"ReadAction\",\"target\":[\"https:\\\/\\\/www.link2fleet.com\\\/fr\\\/powerdot-deploie-le-plug-charge-sur-son-reseau-de-bornes-rapides\\\/\"]}]},{\"@type\":\"ImageObject\",\"inLanguage\":\"fr-FR\",\"@id\":\"https:\\\/\\\/www.link2fleet.com\\\/fr\\\/powerdot-deploie-le-plug-charge-sur-son-reseau-de-bornes-rapides\\\/#primaryimage\",\"url\":\"https:\\\/\\\/static.link2fleet.com\\\/wp-content\\\/uploads\\\/2025\\\/12\\\/ekoenergetyka-dsc06473-1024x683-1.webp\",\"contentUrl\":\"https:\\\/\\\/static.link2fleet.com\\\/wp-content\\\/uploads\\\/2025\\\/12\\\/ekoenergetyka-dsc06473-1024x683-1.webp\",\"width\":1024,\"height\":683},{\"@type\":\"BreadcrumbList\",\"@id\":\"https:\\\/\\\/www.link2fleet.com\\\/fr\\\/powerdot-deploie-le-plug-charge-sur-son-reseau-de-bornes-rapides\\\/#breadcrumb\",\"itemListElement\":[{\"@type\":\"ListItem\",\"position\":1,\"name\":\"Home\",\"item\":\"https:\\\/\\\/www.link2fleet.com\\\/fr\\\/\"},{\"@type\":\"ListItem\",\"position\":2,\"name\":\"Powerdot d\u00e9ploie le Plug &#038; Charge sur son r\u00e9seau de bornes rapides\"}]},{\"@type\":\"WebSite\",\"@id\":\"https:\\\/\\\/www.link2fleet.com\\\/fr\\\/#website\",\"url\":\"https:\\\/\\\/www.link2fleet.com\\\/fr\\\/\",\"name\":\"Link2fleet\",\"description\":\"\",\"publisher\":{\"@id\":\"https:\\\/\\\/www.link2fleet.com\\\/fr\\\/#organization\"},\"potentialAction\":[{\"@type\":\"SearchAction\",\"target\":{\"@type\":\"EntryPoint\",\"urlTemplate\":\"https:\\\/\\\/www.link2fleet.com\\\/fr\\\/?s={search_term_string}\"},\"query-input\":{\"@type\":\"PropertyValueSpecification\",\"valueRequired\":true,\"valueName\":\"search_term_string\"}}],\"inLanguage\":\"fr-FR\"},{\"@type\":\"Organization\",\"@id\":\"https:\\\/\\\/www.link2fleet.com\\\/fr\\\/#organization\",\"name\":\"Link2fleet\",\"url\":\"https:\\\/\\\/www.link2fleet.com\\\/fr\\\/\",\"logo\":{\"@type\":\"ImageObject\",\"inLanguage\":\"fr-FR\",\"@id\":\"https:\\\/\\\/www.link2fleet.com\\\/fr\\\/#\\\/schema\\\/logo\\\/image\\\/\",\"url\":\"https:\\\/\\\/static.link2fleet.com\\\/wp-content\\\/uploads\\\/2024\\\/03\\\/share-image.jpg\",\"contentUrl\":\"https:\\\/\\\/static.link2fleet.com\\\/wp-content\\\/uploads\\\/2024\\\/03\\\/share-image.jpg\",\"width\":1200,\"height\":630,\"caption\":\"Link2fleet\"},\"image\":{\"@id\":\"https:\\\/\\\/www.link2fleet.com\\\/fr\\\/#\\\/schema\\\/logo\\\/image\\\/\"},\"sameAs\":[\"https:\\\/\\\/www.linkedin.com\\\/company\\\/link2fleet-belgium\",\"https:\\\/\\\/www.youtube.com\\\/user\\\/MMMBMBE\"]},{\"@type\":\"Person\",\"@id\":\"https:\\\/\\\/www.link2fleet.com\\\/fr\\\/#\\\/schema\\\/person\\\/027cd46113c78036b3809c9a054049da\",\"name\":\"Damien Malvetti\",\"image\":{\"@type\":\"ImageObject\",\"inLanguage\":\"fr-FR\",\"@id\":\"https:\\\/\\\/secure.gravatar.com\\\/avatar\\\/dd8cc03b49466c735f753ac37f8caa371af16dfed347456ed61f02883255eebb?s=96&d=mm&r=g\",\"url\":\"https:\\\/\\\/secure.gravatar.com\\\/avatar\\\/dd8cc03b49466c735f753ac37f8caa371af16dfed347456ed61f02883255eebb?s=96&d=mm&r=g\",\"contentUrl\":\"https:\\\/\\\/secure.gravatar.com\\\/avatar\\\/dd8cc03b49466c735f753ac37f8caa371af16dfed347456ed61f02883255eebb?s=96&d=mm&r=g\",\"caption\":\"Damien Malvetti\"},\"description\":\"Damien Malvetti is opgeleid als journalist en gepassioneerd door wagens, technologie en mobiliteit. Hij is verantwoordelijk voor de redactionele inhoud van link2fleet en beschikt over een uitgebreide kennis van de fleet-sector en elektrische mobiliteit.\",\"sameAs\":[\"https:\\\/\\\/www.linkedin.com\\\/in\\\/damien-malvetti-56601142\\\/\"]}]}<\/script>\n<!-- \/ Yoast SEO plugin. -->","yoast_head_json":{"title":"Powerdot d\u00e9ploie le Plug & Charge sur son r\u00e9seau de bornes rapides - link2fleet","description":"Powerdot, fournisseur de solutions de recharge pour v\u00e9hicules \u00e9lectriques (VE), annonce que la technologie Plug &amp; Charge est d\u00e9sormais d\u00e9ploy\u00e9e sur l\u2019int\u00e9gralit\u00e9 de ses stations\u2026","robots":{"index":"index","follow":"follow","max-snippet":"max-snippet:-1","max-image-preview":"max-image-preview:large","max-video-preview":"max-video-preview:-1"},"og_locale":"fr_FR","og_type":"article","og_title":"Powerdot d\u00e9ploie le Plug & Charge sur son r\u00e9seau de bornes rapides - link2fleet","og_description":"Powerdot, fournisseur de solutions de recharge pour v\u00e9hicules \u00e9lectriques (VE), annonce que la technologie Plug &amp; Charge est d\u00e9sormais d\u00e9ploy\u00e9e sur l\u2019int\u00e9gralit\u00e9 de ses stations\u2026","og_url":"https:\/\/www.link2fleet.com\/fr\/powerdot-deploie-le-plug-charge-sur-son-reseau-de-bornes-rapides\/","og_site_name":"link2fleet","article_published_time":"2025-12-09T09:59:16+00:00","og_image":[{"width":1024,"height":683,"url":"https:\/\/static.link2fleet.com\/wp-content\/uploads\/2025\/12\/ekoenergetyka-dsc06473-1024x683-1.webp","type":"image\/webp"}],"author":"Damien Malvetti","twitter_card":"summary_large_image","twitter_description":"Powerdot, fournisseur de solutions de recharge pour v\u00e9hicules \u00e9lectriques (VE), annonce que la technologie Plug &amp; Charge est d\u00e9sormais d\u00e9ploy\u00e9e sur l\u2019int\u00e9gralit\u00e9 de ses stations\u2026","twitter_misc":{"\u00c9crit par":"Damien Malvetti","Dur\u00e9e de lecture estim\u00e9e":"3 minutes"},"schema":{"@context":"https:\/\/schema.org","@graph":[{"@type":"Article","@id":"https:\/\/www.link2fleet.com\/fr\/powerdot-deploie-le-plug-charge-sur-son-reseau-de-bornes-rapides\/#article","isPartOf":{"@id":"https:\/\/www.link2fleet.com\/fr\/powerdot-deploie-le-plug-charge-sur-son-reseau-de-bornes-rapides\/"},"author":{"name":"Damien Malvetti","@id":"https:\/\/www.link2fleet.com\/fr\/#\/schema\/person\/027cd46113c78036b3809c9a054049da"},"headline":"Powerdot d\u00e9ploie le Plug &#038; Charge sur son r\u00e9seau de bornes rapides","datePublished":"2025-12-09T09:59:16+00:00","mainEntityOfPage":{"@id":"https:\/\/www.link2fleet.com\/fr\/powerdot-deploie-le-plug-charge-sur-son-reseau-de-bornes-rapides\/"},"wordCount":13,"publisher":{"@id":"https:\/\/www.link2fleet.com\/fr\/#organization"},"image":{"@id":"https:\/\/www.link2fleet.com\/fr\/powerdot-deploie-le-plug-charge-sur-son-reseau-de-bornes-rapides\/#primaryimage"},"thumbnailUrl":"https:\/\/static.link2fleet.com\/wp-content\/uploads\/2025\/12\/ekoenergetyka-dsc06473-1024x683-1.webp","articleSection":["A la une","Gestion carburant et de l'\u00e9nergie","Gestion de flotte"],"inLanguage":"fr-FR"},{"@type":"WebPage","@id":"https:\/\/www.link2fleet.com\/fr\/powerdot-deploie-le-plug-charge-sur-son-reseau-de-bornes-rapides\/","url":"https:\/\/www.link2fleet.com\/fr\/powerdot-deploie-le-plug-charge-sur-son-reseau-de-bornes-rapides\/","name":"Powerdot d\u00e9ploie le Plug & Charge sur son r\u00e9seau de bornes rapides - link2fleet","isPartOf":{"@id":"https:\/\/www.link2fleet.com\/fr\/#website"},"primaryImageOfPage":{"@id":"https:\/\/www.link2fleet.com\/fr\/powerdot-deploie-le-plug-charge-sur-son-reseau-de-bornes-rapides\/#primaryimage"},"image":{"@id":"https:\/\/www.link2fleet.com\/fr\/powerdot-deploie-le-plug-charge-sur-son-reseau-de-bornes-rapides\/#primaryimage"},"thumbnailUrl":"https:\/\/static.link2fleet.com\/wp-content\/uploads\/2025\/12\/ekoenergetyka-dsc06473-1024x683-1.webp","datePublished":"2025-12-09T09:59:16+00:00","breadcrumb":{"@id":"https:\/\/www.link2fleet.com\/fr\/powerdot-deploie-le-plug-charge-sur-son-reseau-de-bornes-rapides\/#breadcrumb"},"inLanguage":"fr-FR","potentialAction":[{"@type":"ReadAction","target":["https:\/\/www.link2fleet.com\/fr\/powerdot-deploie-le-plug-charge-sur-son-reseau-de-bornes-rapides\/"]}]},{"@type":"ImageObject","inLanguage":"fr-FR","@id":"https:\/\/www.link2fleet.com\/fr\/powerdot-deploie-le-plug-charge-sur-son-reseau-de-bornes-rapides\/#primaryimage","url":"https:\/\/static.link2fleet.com\/wp-content\/uploads\/2025\/12\/ekoenergetyka-dsc06473-1024x683-1.webp","contentUrl":"https:\/\/static.link2fleet.com\/wp-content\/uploads\/2025\/12\/ekoenergetyka-dsc06473-1024x683-1.webp","width":1024,"height":683},{"@type":"BreadcrumbList","@id":"https:\/\/www.link2fleet.com\/fr\/powerdot-deploie-le-plug-charge-sur-son-reseau-de-bornes-rapides\/#breadcrumb","itemListElement":[{"@type":"ListItem","position":1,"name":"Home","item":"https:\/\/www.link2fleet.com\/fr\/"},{"@type":"ListItem","position":2,"name":"Powerdot d\u00e9ploie le Plug &#038; Charge sur son r\u00e9seau de bornes rapides"}]},{"@type":"WebSite","@id":"https:\/\/www.link2fleet.com\/fr\/#website","url":"https:\/\/www.link2fleet.com\/fr\/","name":"Link2fleet","description":"","publisher":{"@id":"https:\/\/www.link2fleet.com\/fr\/#organization"},"potentialAction":[{"@type":"SearchAction","target":{"@type":"EntryPoint","urlTemplate":"https:\/\/www.link2fleet.com\/fr\/?s={search_term_string}"},"query-input":{"@type":"PropertyValueSpecification","valueRequired":true,"valueName":"search_term_string"}}],"inLanguage":"fr-FR"},{"@type":"Organization","@id":"https:\/\/www.link2fleet.com\/fr\/#organization","name":"Link2fleet","url":"https:\/\/www.link2fleet.com\/fr\/","logo":{"@type":"ImageObject","inLanguage":"fr-FR","@id":"https:\/\/www.link2fleet.com\/fr\/#\/schema\/logo\/image\/","url":"https:\/\/static.link2fleet.com\/wp-content\/uploads\/2024\/03\/share-image.jpg","contentUrl":"https:\/\/static.link2fleet.com\/wp-content\/uploads\/2024\/03\/share-image.jpg","width":1200,"height":630,"caption":"Link2fleet"},"image":{"@id":"https:\/\/www.link2fleet.com\/fr\/#\/schema\/logo\/image\/"},"sameAs":["https:\/\/www.linkedin.com\/company\/link2fleet-belgium","https:\/\/www.youtube.com\/user\/MMMBMBE"]},{"@type":"Person","@id":"https:\/\/www.link2fleet.com\/fr\/#\/schema\/person\/027cd46113c78036b3809c9a054049da","name":"Damien Malvetti","image":{"@type":"ImageObject","inLanguage":"fr-FR","@id":"https:\/\/secure.gravatar.com\/avatar\/dd8cc03b49466c735f753ac37f8caa371af16dfed347456ed61f02883255eebb?s=96&d=mm&r=g","url":"https:\/\/secure.gravatar.com\/avatar\/dd8cc03b49466c735f753ac37f8caa371af16dfed347456ed61f02883255eebb?s=96&d=mm&r=g","contentUrl":"https:\/\/secure.gravatar.com\/avatar\/dd8cc03b49466c735f753ac37f8caa371af16dfed347456ed61f02883255eebb?s=96&d=mm&r=g","caption":"Damien Malvetti"},"description":"Damien Malvetti is opgeleid als journalist en gepassioneerd door wagens, technologie en mobiliteit. Hij is verantwoordelijk voor de redactionele inhoud van link2fleet en beschikt over een uitgebreide kennis van de fleet-sector en elektrische mobiliteit.","sameAs":["https:\/\/www.linkedin.com\/in\/damien-malvetti-56601142\/"]}]}},"_links":{"self":[{"href":"https:\/\/www.link2fleet.com\/fr\/wp-json\/wp\/v2\/posts\/62311","targetHints":{"allow":["GET"]}}],"collection":[{"href":"https:\/\/www.link2fleet.com\/fr\/wp-json\/wp\/v2\/posts"}],"about":[{"href":"https:\/\/www.link2fleet.com\/fr\/wp-json\/wp\/v2\/types\/post"}],"author":[{"embeddable":true,"href":"https:\/\/www.link2fleet.com\/fr\/wp-json\/wp\/v2\/users\/4"}],"replies":[{"embeddable":true,"href":"https:\/\/www.link2fleet.com\/fr\/wp-json\/wp\/v2\/comments?post=62311"}],"version-history":[{"count":1,"href":"https:\/\/www.link2fleet.com\/fr\/wp-json\/wp\/v2\/posts\/62311\/revisions"}],"predecessor-version":[{"id":62315,"href":"https:\/\/www.link2fleet.com\/fr\/wp-json\/wp\/v2\/posts\/62311\/revisions\/62315"}],"wp:featuredmedia":[{"embeddable":true,"href":"https:\/\/www.link2fleet.com\/fr\/wp-json\/wp\/v2\/media\/62312"}],"wp:attachment":[{"href":"https:\/\/www.link2fleet.com\/fr\/wp-json\/wp\/v2\/media?parent=62311"}],"wp:term":[{"taxonomy":"category","embeddable":true,"href":"https:\/\/www.link2fleet.com\/fr\/wp-json\/wp\/v2\/categories?post=62311"},{"taxonomy":"post_tag","embeddable":true,"href":"https:\/\/www.link2fleet.com\/fr\/wp-json\/wp\/v2\/tags?post=62311"}],"curies":[{"name":"wp","href":"https:\/\/api.w.org\/{rel}","templated":true}]}}