{"id":62337,"date":"2025-12-10T01:00:16","date_gmt":"2025-12-10T00:00:16","guid":{"rendered":"https:\/\/www.link2fleet.com\/?p=62337"},"modified":"2025-12-10T08:59:02","modified_gmt":"2025-12-10T07:59:02","slug":"nouvelle-opel-astra-2026-la-compacte-fleet-monte-dun-cran-et-gagne-35-km-en-electrique","status":"publish","type":"post","link":"https:\/\/www.link2fleet.com\/fr\/nouvelle-opel-astra-2026-la-compacte-fleet-monte-dun-cran-et-gagne-35-km-en-electrique\/","title":{"rendered":"Nouvelle Opel Astra (2026) : la compacte \u201cfleet\u201d monte d\u2019un cran et gagne 35 km en \u00e9lectrique"},"content":{"rendered":"","protected":false},"excerpt":{"rendered":"","protected":false},"author":4,"featured_media":62370,"comment_status":"closed","ping_status":"closed","sticky":false,"template":"","format":"standard","meta":{"_acf_changed":false,"footnotes":""},"categories":[1448,77,76],"tags":[1470,1541,428,1543,206,155,611,1542,446],"class_list":["post-62337","post","type-post","status-publish","format-standard","has-post-thumbnail","hentry","category-a-la-une","category-importateurs-et-constructeurs-automobiles-vp","category-car","tag-1470","tag-astra","tag-autonomie","tag-berline","tag-electrique","tag-ev-fr","tag-opel-fr","tag-st","tag-ve"],"acf":[],"yoast_head":"<!-- This site is optimized with the Yoast SEO plugin v27.3 - https:\/\/yoast.com\/product\/yoast-seo-wordpress\/ -->\n<title>Nouvelle Opel Astra (2026) : la compacte \u201cfleet\u201d monte d\u2019un cran et gagne 35 km en \u00e9lectrique - link2fleet<\/title>\n<meta name=\"description\" content=\"Apr\u00e8s une ann\u00e9e 2025 largement centr\u00e9e sur les SUV, Opel remet l\u2019Astra au c\u0153ur de son offre en 2026. L\u2019Astra et l\u2019Astra Sports Tourer s\u2019appr\u00eatent\u2026\" \/>\n<meta name=\"robots\" content=\"index, follow, max-snippet:-1, max-image-preview:large, max-video-preview:-1\" \/>\n<meta property=\"og:locale\" content=\"fr_FR\" \/>\n<meta property=\"og:type\" content=\"article\" \/>\n<meta property=\"og:title\" content=\"Nouvelle Opel Astra (2026) : la compacte \u201cfleet\u201d monte d\u2019un cran et gagne 35 km en \u00e9lectrique - link2fleet\" \/>\n<meta property=\"og:description\" content=\"Apr\u00e8s une ann\u00e9e 2025 largement centr\u00e9e sur les SUV, Opel remet l\u2019Astra au c\u0153ur de son offre en 2026. L\u2019Astra et l\u2019Astra Sports Tourer s\u2019appr\u00eatent\u2026\" \/>\n<meta property=\"og:url\" content=\"https:\/\/www.link2fleet.com\/fr\/nouvelle-opel-astra-2026-la-compacte-fleet-monte-dun-cran-et-gagne-35-km-en-electrique\/\" \/>\n<meta property=\"og:site_name\" content=\"link2fleet\" \/>\n<meta property=\"article:published_time\" content=\"2025-12-10T00:00:16+00:00\" \/>\n<meta property=\"article:modified_time\" content=\"2025-12-10T07:59:02+00:00\" \/>\n<meta property=\"og:image\" content=\"https:\/\/static.link2fleet.com\/wp-content\/uploads\/2025\/12\/opel529170-scaled.jpg\" \/>\n\t<meta property=\"og:image:width\" content=\"3000\" \/>\n\t<meta property=\"og:image:height\" content=\"1657\" \/>\n\t<meta property=\"og:image:type\" content=\"image\/jpeg\" \/>\n<meta name=\"author\" content=\"Damien Malvetti\" \/>\n<meta name=\"twitter:card\" content=\"summary_large_image\" \/>\n<meta name=\"twitter:description\" content=\"Apr\u00e8s une ann\u00e9e 2025 largement centr\u00e9e sur les SUV, Opel remet l\u2019Astra au c\u0153ur de son offre en 2026. L\u2019Astra et l\u2019Astra Sports Tourer s\u2019appr\u00eatent\u2026\" \/>\n<meta name=\"twitter:label1\" content=\"\u00c9crit par\" \/>\n\t<meta name=\"twitter:data1\" content=\"Damien Malvetti\" \/>\n\t<meta name=\"twitter:label2\" content=\"Dur\u00e9e de lecture estim\u00e9e\" \/>\n\t<meta name=\"twitter:data2\" content=\"10 minutes\" \/>\n<script type=\"application\/ld+json\" class=\"yoast-schema-graph\">{\"@context\":\"https:\\\/\\\/schema.org\",\"@graph\":[{\"@type\":\"Article\",\"@id\":\"https:\\\/\\\/www.link2fleet.com\\\/fr\\\/nouvelle-opel-astra-2026-la-compacte-fleet-monte-dun-cran-et-gagne-35-km-en-electrique\\\/#article\",\"isPartOf\":{\"@id\":\"https:\\\/\\\/www.link2fleet.com\\\/fr\\\/nouvelle-opel-astra-2026-la-compacte-fleet-monte-dun-cran-et-gagne-35-km-en-electrique\\\/\"},\"author\":{\"name\":\"Damien Malvetti\",\"@id\":\"https:\\\/\\\/www.link2fleet.com\\\/fr\\\/#\\\/schema\\\/person\\\/027cd46113c78036b3809c9a054049da\"},\"headline\":\"Nouvelle Opel Astra (2026) : la compacte \u201cfleet\u201d monte d\u2019un cran et gagne 35 km en \u00e9lectrique\",\"datePublished\":\"2025-12-10T00:00:16+00:00\",\"dateModified\":\"2025-12-10T07:59:02+00:00\",\"mainEntityOfPage\":{\"@id\":\"https:\\\/\\\/www.link2fleet.com\\\/fr\\\/nouvelle-opel-astra-2026-la-compacte-fleet-monte-dun-cran-et-gagne-35-km-en-electrique\\\/\"},\"wordCount\":15,\"publisher\":{\"@id\":\"https:\\\/\\\/www.link2fleet.com\\\/fr\\\/#organization\"},\"image\":{\"@id\":\"https:\\\/\\\/www.link2fleet.com\\\/fr\\\/nouvelle-opel-astra-2026-la-compacte-fleet-monte-dun-cran-et-gagne-35-km-en-electrique\\\/#primaryimage\"},\"thumbnailUrl\":\"https:\\\/\\\/static.link2fleet.com\\\/wp-content\\\/uploads\\\/2025\\\/12\\\/opel529170-scaled.jpg\",\"keywords\":[\"2026\",\"astra\",\"autonomie\",\"berline\",\"\u00e9lectrique\",\"EV\",\"opel\",\"st\",\"VE\"],\"articleSection\":[\"A la une\",\"Importateurs et constructeurs\",\"V\u00e9hicules\"],\"inLanguage\":\"fr-FR\"},{\"@type\":\"WebPage\",\"@id\":\"https:\\\/\\\/www.link2fleet.com\\\/fr\\\/nouvelle-opel-astra-2026-la-compacte-fleet-monte-dun-cran-et-gagne-35-km-en-electrique\\\/\",\"url\":\"https:\\\/\\\/www.link2fleet.com\\\/fr\\\/nouvelle-opel-astra-2026-la-compacte-fleet-monte-dun-cran-et-gagne-35-km-en-electrique\\\/\",\"name\":\"Nouvelle Opel Astra (2026) : la compacte \u201cfleet\u201d monte d\u2019un cran et gagne 35 km en \u00e9lectrique - link2fleet\",\"isPartOf\":{\"@id\":\"https:\\\/\\\/www.link2fleet.com\\\/fr\\\/#website\"},\"primaryImageOfPage\":{\"@id\":\"https:\\\/\\\/www.link2fleet.com\\\/fr\\\/nouvelle-opel-astra-2026-la-compacte-fleet-monte-dun-cran-et-gagne-35-km-en-electrique\\\/#primaryimage\"},\"image\":{\"@id\":\"https:\\\/\\\/www.link2fleet.com\\\/fr\\\/nouvelle-opel-astra-2026-la-compacte-fleet-monte-dun-cran-et-gagne-35-km-en-electrique\\\/#primaryimage\"},\"thumbnailUrl\":\"https:\\\/\\\/static.link2fleet.com\\\/wp-content\\\/uploads\\\/2025\\\/12\\\/opel529170-scaled.jpg\",\"datePublished\":\"2025-12-10T00:00:16+00:00\",\"dateModified\":\"2025-12-10T07:59:02+00:00\",\"breadcrumb\":{\"@id\":\"https:\\\/\\\/www.link2fleet.com\\\/fr\\\/nouvelle-opel-astra-2026-la-compacte-fleet-monte-dun-cran-et-gagne-35-km-en-electrique\\\/#breadcrumb\"},\"inLanguage\":\"fr-FR\",\"potentialAction\":[{\"@type\":\"ReadAction\",\"target\":[\"https:\\\/\\\/www.link2fleet.com\\\/fr\\\/nouvelle-opel-astra-2026-la-compacte-fleet-monte-dun-cran-et-gagne-35-km-en-electrique\\\/\"]}]},{\"@type\":\"ImageObject\",\"inLanguage\":\"fr-FR\",\"@id\":\"https:\\\/\\\/www.link2fleet.com\\\/fr\\\/nouvelle-opel-astra-2026-la-compacte-fleet-monte-dun-cran-et-gagne-35-km-en-electrique\\\/#primaryimage\",\"url\":\"https:\\\/\\\/static.link2fleet.com\\\/wp-content\\\/uploads\\\/2025\\\/12\\\/opel529170-scaled.jpg\",\"contentUrl\":\"https:\\\/\\\/static.link2fleet.com\\\/wp-content\\\/uploads\\\/2025\\\/12\\\/opel529170-scaled.jpg\",\"width\":3000,\"height\":1657},{\"@type\":\"BreadcrumbList\",\"@id\":\"https:\\\/\\\/www.link2fleet.com\\\/fr\\\/nouvelle-opel-astra-2026-la-compacte-fleet-monte-dun-cran-et-gagne-35-km-en-electrique\\\/#breadcrumb\",\"itemListElement\":[{\"@type\":\"ListItem\",\"position\":1,\"name\":\"Home\",\"item\":\"https:\\\/\\\/www.link2fleet.com\\\/fr\\\/\"},{\"@type\":\"ListItem\",\"position\":2,\"name\":\"Nouvelle Opel Astra (2026) : la compacte \u201cfleet\u201d monte d\u2019un cran et gagne 35 km en \u00e9lectrique\"}]},{\"@type\":\"WebSite\",\"@id\":\"https:\\\/\\\/www.link2fleet.com\\\/fr\\\/#website\",\"url\":\"https:\\\/\\\/www.link2fleet.com\\\/fr\\\/\",\"name\":\"Link2fleet\",\"description\":\"\",\"publisher\":{\"@id\":\"https:\\\/\\\/www.link2fleet.com\\\/fr\\\/#organization\"},\"potentialAction\":[{\"@type\":\"SearchAction\",\"target\":{\"@type\":\"EntryPoint\",\"urlTemplate\":\"https:\\\/\\\/www.link2fleet.com\\\/fr\\\/?s={search_term_string}\"},\"query-input\":{\"@type\":\"PropertyValueSpecification\",\"valueRequired\":true,\"valueName\":\"search_term_string\"}}],\"inLanguage\":\"fr-FR\"},{\"@type\":\"Organization\",\"@id\":\"https:\\\/\\\/www.link2fleet.com\\\/fr\\\/#organization\",\"name\":\"Link2fleet\",\"url\":\"https:\\\/\\\/www.link2fleet.com\\\/fr\\\/\",\"logo\":{\"@type\":\"ImageObject\",\"inLanguage\":\"fr-FR\",\"@id\":\"https:\\\/\\\/www.link2fleet.com\\\/fr\\\/#\\\/schema\\\/logo\\\/image\\\/\",\"url\":\"https:\\\/\\\/static.link2fleet.com\\\/wp-content\\\/uploads\\\/2024\\\/03\\\/share-image.jpg\",\"contentUrl\":\"https:\\\/\\\/static.link2fleet.com\\\/wp-content\\\/uploads\\\/2024\\\/03\\\/share-image.jpg\",\"width\":1200,\"height\":630,\"caption\":\"Link2fleet\"},\"image\":{\"@id\":\"https:\\\/\\\/www.link2fleet.com\\\/fr\\\/#\\\/schema\\\/logo\\\/image\\\/\"},\"sameAs\":[\"https:\\\/\\\/www.linkedin.com\\\/company\\\/link2fleet-belgium\",\"https:\\\/\\\/www.youtube.com\\\/user\\\/MMMBMBE\"]},{\"@type\":\"Person\",\"@id\":\"https:\\\/\\\/www.link2fleet.com\\\/fr\\\/#\\\/schema\\\/person\\\/027cd46113c78036b3809c9a054049da\",\"name\":\"Damien Malvetti\",\"image\":{\"@type\":\"ImageObject\",\"inLanguage\":\"fr-FR\",\"@id\":\"https:\\\/\\\/secure.gravatar.com\\\/avatar\\\/dd8cc03b49466c735f753ac37f8caa371af16dfed347456ed61f02883255eebb?s=96&d=mm&r=g\",\"url\":\"https:\\\/\\\/secure.gravatar.com\\\/avatar\\\/dd8cc03b49466c735f753ac37f8caa371af16dfed347456ed61f02883255eebb?s=96&d=mm&r=g\",\"contentUrl\":\"https:\\\/\\\/secure.gravatar.com\\\/avatar\\\/dd8cc03b49466c735f753ac37f8caa371af16dfed347456ed61f02883255eebb?s=96&d=mm&r=g\",\"caption\":\"Damien Malvetti\"},\"description\":\"Damien Malvetti is opgeleid als journalist en gepassioneerd door wagens, technologie en mobiliteit. Hij is verantwoordelijk voor de redactionele inhoud van link2fleet en beschikt over een uitgebreide kennis van de fleet-sector en elektrische mobiliteit.\",\"sameAs\":[\"https:\\\/\\\/www.linkedin.com\\\/in\\\/damien-malvetti-56601142\\\/\"]}]}<\/script>\n<!-- \/ Yoast SEO plugin. -->","yoast_head_json":{"title":"Nouvelle Opel Astra (2026) : la compacte \u201cfleet\u201d monte d\u2019un cran et gagne 35 km en \u00e9lectrique - link2fleet","description":"Apr\u00e8s une ann\u00e9e 2025 largement centr\u00e9e sur les SUV, Opel remet l\u2019Astra au c\u0153ur de son offre en 2026. L\u2019Astra et l\u2019Astra Sports Tourer s\u2019appr\u00eatent\u2026","robots":{"index":"index","follow":"follow","max-snippet":"max-snippet:-1","max-image-preview":"max-image-preview:large","max-video-preview":"max-video-preview:-1"},"og_locale":"fr_FR","og_type":"article","og_title":"Nouvelle Opel Astra (2026) : la compacte \u201cfleet\u201d monte d\u2019un cran et gagne 35 km en \u00e9lectrique - link2fleet","og_description":"Apr\u00e8s une ann\u00e9e 2025 largement centr\u00e9e sur les SUV, Opel remet l\u2019Astra au c\u0153ur de son offre en 2026. L\u2019Astra et l\u2019Astra Sports Tourer s\u2019appr\u00eatent\u2026","og_url":"https:\/\/www.link2fleet.com\/fr\/nouvelle-opel-astra-2026-la-compacte-fleet-monte-dun-cran-et-gagne-35-km-en-electrique\/","og_site_name":"link2fleet","article_published_time":"2025-12-10T00:00:16+00:00","article_modified_time":"2025-12-10T07:59:02+00:00","og_image":[{"width":3000,"height":1657,"url":"https:\/\/static.link2fleet.com\/wp-content\/uploads\/2025\/12\/opel529170-scaled.jpg","type":"image\/jpeg"}],"author":"Damien Malvetti","twitter_card":"summary_large_image","twitter_description":"Apr\u00e8s une ann\u00e9e 2025 largement centr\u00e9e sur les SUV, Opel remet l\u2019Astra au c\u0153ur de son offre en 2026. L\u2019Astra et l\u2019Astra Sports Tourer s\u2019appr\u00eatent\u2026","twitter_misc":{"\u00c9crit par":"Damien Malvetti","Dur\u00e9e de lecture estim\u00e9e":"10 minutes"},"schema":{"@context":"https:\/\/schema.org","@graph":[{"@type":"Article","@id":"https:\/\/www.link2fleet.com\/fr\/nouvelle-opel-astra-2026-la-compacte-fleet-monte-dun-cran-et-gagne-35-km-en-electrique\/#article","isPartOf":{"@id":"https:\/\/www.link2fleet.com\/fr\/nouvelle-opel-astra-2026-la-compacte-fleet-monte-dun-cran-et-gagne-35-km-en-electrique\/"},"author":{"name":"Damien Malvetti","@id":"https:\/\/www.link2fleet.com\/fr\/#\/schema\/person\/027cd46113c78036b3809c9a054049da"},"headline":"Nouvelle Opel Astra (2026) : la compacte \u201cfleet\u201d monte d\u2019un cran et gagne 35 km en \u00e9lectrique","datePublished":"2025-12-10T00:00:16+00:00","dateModified":"2025-12-10T07:59:02+00:00","mainEntityOfPage":{"@id":"https:\/\/www.link2fleet.com\/fr\/nouvelle-opel-astra-2026-la-compacte-fleet-monte-dun-cran-et-gagne-35-km-en-electrique\/"},"wordCount":15,"publisher":{"@id":"https:\/\/www.link2fleet.com\/fr\/#organization"},"image":{"@id":"https:\/\/www.link2fleet.com\/fr\/nouvelle-opel-astra-2026-la-compacte-fleet-monte-dun-cran-et-gagne-35-km-en-electrique\/#primaryimage"},"thumbnailUrl":"https:\/\/static.link2fleet.com\/wp-content\/uploads\/2025\/12\/opel529170-scaled.jpg","keywords":["2026","astra","autonomie","berline","\u00e9lectrique","EV","opel","st","VE"],"articleSection":["A la une","Importateurs et constructeurs","V\u00e9hicules"],"inLanguage":"fr-FR"},{"@type":"WebPage","@id":"https:\/\/www.link2fleet.com\/fr\/nouvelle-opel-astra-2026-la-compacte-fleet-monte-dun-cran-et-gagne-35-km-en-electrique\/","url":"https:\/\/www.link2fleet.com\/fr\/nouvelle-opel-astra-2026-la-compacte-fleet-monte-dun-cran-et-gagne-35-km-en-electrique\/","name":"Nouvelle Opel Astra (2026) : la compacte \u201cfleet\u201d monte d\u2019un cran et gagne 35 km en \u00e9lectrique - link2fleet","isPartOf":{"@id":"https:\/\/www.link2fleet.com\/fr\/#website"},"primaryImageOfPage":{"@id":"https:\/\/www.link2fleet.com\/fr\/nouvelle-opel-astra-2026-la-compacte-fleet-monte-dun-cran-et-gagne-35-km-en-electrique\/#primaryimage"},"image":{"@id":"https:\/\/www.link2fleet.com\/fr\/nouvelle-opel-astra-2026-la-compacte-fleet-monte-dun-cran-et-gagne-35-km-en-electrique\/#primaryimage"},"thumbnailUrl":"https:\/\/static.link2fleet.com\/wp-content\/uploads\/2025\/12\/opel529170-scaled.jpg","datePublished":"2025-12-10T00:00:16+00:00","dateModified":"2025-12-10T07:59:02+00:00","breadcrumb":{"@id":"https:\/\/www.link2fleet.com\/fr\/nouvelle-opel-astra-2026-la-compacte-fleet-monte-dun-cran-et-gagne-35-km-en-electrique\/#breadcrumb"},"inLanguage":"fr-FR","potentialAction":[{"@type":"ReadAction","target":["https:\/\/www.link2fleet.com\/fr\/nouvelle-opel-astra-2026-la-compacte-fleet-monte-dun-cran-et-gagne-35-km-en-electrique\/"]}]},{"@type":"ImageObject","inLanguage":"fr-FR","@id":"https:\/\/www.link2fleet.com\/fr\/nouvelle-opel-astra-2026-la-compacte-fleet-monte-dun-cran-et-gagne-35-km-en-electrique\/#primaryimage","url":"https:\/\/static.link2fleet.com\/wp-content\/uploads\/2025\/12\/opel529170-scaled.jpg","contentUrl":"https:\/\/static.link2fleet.com\/wp-content\/uploads\/2025\/12\/opel529170-scaled.jpg","width":3000,"height":1657},{"@type":"BreadcrumbList","@id":"https:\/\/www.link2fleet.com\/fr\/nouvelle-opel-astra-2026-la-compacte-fleet-monte-dun-cran-et-gagne-35-km-en-electrique\/#breadcrumb","itemListElement":[{"@type":"ListItem","position":1,"name":"Home","item":"https:\/\/www.link2fleet.com\/fr\/"},{"@type":"ListItem","position":2,"name":"Nouvelle Opel Astra (2026) : la compacte \u201cfleet\u201d monte d\u2019un cran et gagne 35 km en \u00e9lectrique"}]},{"@type":"WebSite","@id":"https:\/\/www.link2fleet.com\/fr\/#website","url":"https:\/\/www.link2fleet.com\/fr\/","name":"Link2fleet","description":"","publisher":{"@id":"https:\/\/www.link2fleet.com\/fr\/#organization"},"potentialAction":[{"@type":"SearchAction","target":{"@type":"EntryPoint","urlTemplate":"https:\/\/www.link2fleet.com\/fr\/?s={search_term_string}"},"query-input":{"@type":"PropertyValueSpecification","valueRequired":true,"valueName":"search_term_string"}}],"inLanguage":"fr-FR"},{"@type":"Organization","@id":"https:\/\/www.link2fleet.com\/fr\/#organization","name":"Link2fleet","url":"https:\/\/www.link2fleet.com\/fr\/","logo":{"@type":"ImageObject","inLanguage":"fr-FR","@id":"https:\/\/www.link2fleet.com\/fr\/#\/schema\/logo\/image\/","url":"https:\/\/static.link2fleet.com\/wp-content\/uploads\/2024\/03\/share-image.jpg","contentUrl":"https:\/\/static.link2fleet.com\/wp-content\/uploads\/2024\/03\/share-image.jpg","width":1200,"height":630,"caption":"Link2fleet"},"image":{"@id":"https:\/\/www.link2fleet.com\/fr\/#\/schema\/logo\/image\/"},"sameAs":["https:\/\/www.linkedin.com\/company\/link2fleet-belgium","https:\/\/www.youtube.com\/user\/MMMBMBE"]},{"@type":"Person","@id":"https:\/\/www.link2fleet.com\/fr\/#\/schema\/person\/027cd46113c78036b3809c9a054049da","name":"Damien Malvetti","image":{"@type":"ImageObject","inLanguage":"fr-FR","@id":"https:\/\/secure.gravatar.com\/avatar\/dd8cc03b49466c735f753ac37f8caa371af16dfed347456ed61f02883255eebb?s=96&d=mm&r=g","url":"https:\/\/secure.gravatar.com\/avatar\/dd8cc03b49466c735f753ac37f8caa371af16dfed347456ed61f02883255eebb?s=96&d=mm&r=g","contentUrl":"https:\/\/secure.gravatar.com\/avatar\/dd8cc03b49466c735f753ac37f8caa371af16dfed347456ed61f02883255eebb?s=96&d=mm&r=g","caption":"Damien Malvetti"},"description":"Damien Malvetti is opgeleid als journalist en gepassioneerd door wagens, technologie en mobiliteit. Hij is verantwoordelijk voor de redactionele inhoud van link2fleet en beschikt over een uitgebreide kennis van de fleet-sector en elektrische mobiliteit.","sameAs":["https:\/\/www.linkedin.com\/in\/damien-malvetti-56601142\/"]}]}},"_links":{"self":[{"href":"https:\/\/www.link2fleet.com\/fr\/wp-json\/wp\/v2\/posts\/62337","targetHints":{"allow":["GET"]}}],"collection":[{"href":"https:\/\/www.link2fleet.com\/fr\/wp-json\/wp\/v2\/posts"}],"about":[{"href":"https:\/\/www.link2fleet.com\/fr\/wp-json\/wp\/v2\/types\/post"}],"author":[{"embeddable":true,"href":"https:\/\/www.link2fleet.com\/fr\/wp-json\/wp\/v2\/users\/4"}],"replies":[{"embeddable":true,"href":"https:\/\/www.link2fleet.com\/fr\/wp-json\/wp\/v2\/comments?post=62337"}],"version-history":[{"count":3,"href":"https:\/\/www.link2fleet.com\/fr\/wp-json\/wp\/v2\/posts\/62337\/revisions"}],"predecessor-version":[{"id":62412,"href":"https:\/\/www.link2fleet.com\/fr\/wp-json\/wp\/v2\/posts\/62337\/revisions\/62412"}],"wp:featuredmedia":[{"embeddable":true,"href":"https:\/\/www.link2fleet.com\/fr\/wp-json\/wp\/v2\/media\/62370"}],"wp:attachment":[{"href":"https:\/\/www.link2fleet.com\/fr\/wp-json\/wp\/v2\/media?parent=62337"}],"wp:term":[{"taxonomy":"category","embeddable":true,"href":"https:\/\/www.link2fleet.com\/fr\/wp-json\/wp\/v2\/categories?post=62337"},{"taxonomy":"post_tag","embeddable":true,"href":"https:\/\/www.link2fleet.com\/fr\/wp-json\/wp\/v2\/tags?post=62337"}],"curies":[{"name":"wp","href":"https:\/\/api.w.org\/{rel}","templated":true}]}}