{"id":62339,"date":"2025-12-09T15:52:16","date_gmt":"2025-12-09T14:52:16","guid":{"rendered":"https:\/\/www.link2fleet.com\/?p=62339"},"modified":"2025-12-10T09:30:41","modified_gmt":"2025-12-10T08:30:41","slug":"preparez-vous-a-des-ford-avec-technologie-renault-des-2028","status":"publish","type":"post","link":"https:\/\/www.link2fleet.com\/fr\/preparez-vous-a-des-ford-avec-technologie-renault-des-2028\/","title":{"rendered":"Pr\u00e9parez-vous \u00e0 des Ford avec technologie Renault d\u00e8s 2028 !"},"content":{"rendered":"","protected":false},"excerpt":{"rendered":"","protected":false},"author":18,"featured_media":62344,"comment_status":"closed","ping_status":"closed","sticky":false,"template":"","format":"standard","meta":{"_acf_changed":false,"footnotes":""},"categories":[1448,135,77,1501,76],"tags":[371,196],"class_list":["post-62339","post","type-post","status-publish","format-standard","has-post-thumbnail","hentry","category-a-la-une","category-news-fr","category-importateurs-et-constructeurs-automobiles-vp","category-lcv","category-car","tag-ford-fr","tag-renault-fr"],"acf":[],"yoast_head":"<!-- This site is optimized with the Yoast SEO plugin v27.3 - https:\/\/yoast.com\/product\/yoast-seo-wordpress\/ -->\n<title>Pr\u00e9parez-vous \u00e0 des Ford avec technologie Renault d\u00e8s 2028 ! - link2fleet<\/title>\n<meta name=\"description\" content=\"Afin de partager les co\u00fbts li\u00e9s au d\u00e9veloppement de nouveaux mod\u00e8les, il est plus vital que jamais, pour les constructeurs automobiles, m\u00eame de groupes diff\u00e9rents,\u2026\" \/>\n<meta name=\"robots\" content=\"index, follow, max-snippet:-1, max-image-preview:large, max-video-preview:-1\" \/>\n<meta property=\"og:locale\" content=\"fr_FR\" \/>\n<meta property=\"og:type\" content=\"article\" \/>\n<meta property=\"og:title\" content=\"Pr\u00e9parez-vous \u00e0 des Ford avec technologie Renault d\u00e8s 2028 ! - link2fleet\" \/>\n<meta property=\"og:description\" content=\"Afin de partager les co\u00fbts li\u00e9s au d\u00e9veloppement de nouveaux mod\u00e8les, il est plus vital que jamais, pour les constructeurs automobiles, m\u00eame de groupes diff\u00e9rents,\u2026\" \/>\n<meta property=\"og:url\" content=\"https:\/\/www.link2fleet.com\/fr\/preparez-vous-a-des-ford-avec-technologie-renault-des-2028\/\" \/>\n<meta property=\"og:site_name\" content=\"link2fleet\" \/>\n<meta property=\"article:published_time\" content=\"2025-12-09T14:52:16+00:00\" \/>\n<meta property=\"article:modified_time\" content=\"2025-12-10T08:30:41+00:00\" \/>\n<meta property=\"og:image\" content=\"https:\/\/static.link2fleet.com\/wp-content\/uploads\/2025\/12\/renault08decroyalmonceauld.jpg\" \/>\n\t<meta property=\"og:image:width\" content=\"1300\" \/>\n\t<meta property=\"og:image:height\" content=\"867\" \/>\n\t<meta property=\"og:image:type\" content=\"image\/jpeg\" \/>\n<meta name=\"author\" content=\"Maxime Pasture\" \/>\n<meta name=\"twitter:card\" content=\"summary_large_image\" \/>\n<meta name=\"twitter:description\" content=\"Afin de partager les co\u00fbts li\u00e9s au d\u00e9veloppement de nouveaux mod\u00e8les, il est plus vital que jamais, pour les constructeurs automobiles, m\u00eame de groupes diff\u00e9rents,\u2026\" \/>\n<meta name=\"twitter:label1\" content=\"\u00c9crit par\" \/>\n\t<meta name=\"twitter:data1\" content=\"Journaliste de formation, Maxime est tr\u00e8s curieux mais surtout passionn\u00e9 d&#039;automobile. Sa curiosit\u00e9 l&#039;am\u00e8ne \u00e0 traiter de sujets divers et vari\u00e9s li\u00e9s \u00e0 la mobilit\u00e9 au sens large et bien plus encore !\" \/>\n\t<meta name=\"twitter:label2\" content=\"Dur\u00e9e de lecture estim\u00e9e\" \/>\n\t<meta name=\"twitter:data2\" content=\"4 minutes\" \/>\n<script type=\"application\/ld+json\" class=\"yoast-schema-graph\">{\"@context\":\"https:\\\/\\\/schema.org\",\"@graph\":[{\"@type\":\"Article\",\"@id\":\"https:\\\/\\\/www.link2fleet.com\\\/fr\\\/preparez-vous-a-des-ford-avec-technologie-renault-des-2028\\\/#article\",\"isPartOf\":{\"@id\":\"https:\\\/\\\/www.link2fleet.com\\\/fr\\\/preparez-vous-a-des-ford-avec-technologie-renault-des-2028\\\/\"},\"author\":{\"name\":\"Maxime Pasture\",\"@id\":\"https:\\\/\\\/www.link2fleet.com\\\/fr\\\/#\\\/schema\\\/person\\\/36f3d48d12a83e110d72b602b5bebc11\"},\"headline\":\"Pr\u00e9parez-vous \u00e0 des Ford avec technologie Renault d\u00e8s 2028 !\",\"datePublished\":\"2025-12-09T14:52:16+00:00\",\"dateModified\":\"2025-12-10T08:30:41+00:00\",\"mainEntityOfPage\":{\"@id\":\"https:\\\/\\\/www.link2fleet.com\\\/fr\\\/preparez-vous-a-des-ford-avec-technologie-renault-des-2028\\\/\"},\"wordCount\":9,\"publisher\":{\"@id\":\"https:\\\/\\\/www.link2fleet.com\\\/fr\\\/#organization\"},\"image\":{\"@id\":\"https:\\\/\\\/www.link2fleet.com\\\/fr\\\/preparez-vous-a-des-ford-avec-technologie-renault-des-2028\\\/#primaryimage\"},\"thumbnailUrl\":\"https:\\\/\\\/static.link2fleet.com\\\/wp-content\\\/uploads\\\/2025\\\/12\\\/renault08decroyalmonceauld.jpg\",\"keywords\":[\"ford\",\"renault\"],\"articleSection\":[\"A la une\",\"Actus\",\"Importateurs et constructeurs\",\"LCV\",\"V\u00e9hicules\"],\"inLanguage\":\"fr-FR\"},{\"@type\":\"WebPage\",\"@id\":\"https:\\\/\\\/www.link2fleet.com\\\/fr\\\/preparez-vous-a-des-ford-avec-technologie-renault-des-2028\\\/\",\"url\":\"https:\\\/\\\/www.link2fleet.com\\\/fr\\\/preparez-vous-a-des-ford-avec-technologie-renault-des-2028\\\/\",\"name\":\"Pr\u00e9parez-vous \u00e0 des Ford avec technologie Renault d\u00e8s 2028 ! - link2fleet\",\"isPartOf\":{\"@id\":\"https:\\\/\\\/www.link2fleet.com\\\/fr\\\/#website\"},\"primaryImageOfPage\":{\"@id\":\"https:\\\/\\\/www.link2fleet.com\\\/fr\\\/preparez-vous-a-des-ford-avec-technologie-renault-des-2028\\\/#primaryimage\"},\"image\":{\"@id\":\"https:\\\/\\\/www.link2fleet.com\\\/fr\\\/preparez-vous-a-des-ford-avec-technologie-renault-des-2028\\\/#primaryimage\"},\"thumbnailUrl\":\"https:\\\/\\\/static.link2fleet.com\\\/wp-content\\\/uploads\\\/2025\\\/12\\\/renault08decroyalmonceauld.jpg\",\"datePublished\":\"2025-12-09T14:52:16+00:00\",\"dateModified\":\"2025-12-10T08:30:41+00:00\",\"description\":\"Afin de partager les co\u00fbts li\u00e9s au d\u00e9veloppement de nouveaux mod\u00e8les, il est plus vital que jamais, pour les constructeurs automobiles, m\u00eame de groupes diff\u00e9rents, de s\u2019allier.\",\"breadcrumb\":{\"@id\":\"https:\\\/\\\/www.link2fleet.com\\\/fr\\\/preparez-vous-a-des-ford-avec-technologie-renault-des-2028\\\/#breadcrumb\"},\"inLanguage\":\"fr-FR\",\"potentialAction\":[{\"@type\":\"ReadAction\",\"target\":[\"https:\\\/\\\/www.link2fleet.com\\\/fr\\\/preparez-vous-a-des-ford-avec-technologie-renault-des-2028\\\/\"]}]},{\"@type\":\"ImageObject\",\"inLanguage\":\"fr-FR\",\"@id\":\"https:\\\/\\\/www.link2fleet.com\\\/fr\\\/preparez-vous-a-des-ford-avec-technologie-renault-des-2028\\\/#primaryimage\",\"url\":\"https:\\\/\\\/static.link2fleet.com\\\/wp-content\\\/uploads\\\/2025\\\/12\\\/renault08decroyalmonceauld.jpg\",\"contentUrl\":\"https:\\\/\\\/static.link2fleet.com\\\/wp-content\\\/uploads\\\/2025\\\/12\\\/renault08decroyalmonceauld.jpg\",\"width\":1300,\"height\":867,\"caption\":\"Jim Farley (PDG de Ford) et Fran\u00e7ois Provost (PDG de Renault).\"},{\"@type\":\"BreadcrumbList\",\"@id\":\"https:\\\/\\\/www.link2fleet.com\\\/fr\\\/preparez-vous-a-des-ford-avec-technologie-renault-des-2028\\\/#breadcrumb\",\"itemListElement\":[{\"@type\":\"ListItem\",\"position\":1,\"name\":\"Home\",\"item\":\"https:\\\/\\\/www.link2fleet.com\\\/fr\\\/\"},{\"@type\":\"ListItem\",\"position\":2,\"name\":\"Pr\u00e9parez-vous \u00e0 des Ford avec technologie Renault d\u00e8s 2028 !\"}]},{\"@type\":\"WebSite\",\"@id\":\"https:\\\/\\\/www.link2fleet.com\\\/fr\\\/#website\",\"url\":\"https:\\\/\\\/www.link2fleet.com\\\/fr\\\/\",\"name\":\"Link2fleet\",\"description\":\"\",\"publisher\":{\"@id\":\"https:\\\/\\\/www.link2fleet.com\\\/fr\\\/#organization\"},\"potentialAction\":[{\"@type\":\"SearchAction\",\"target\":{\"@type\":\"EntryPoint\",\"urlTemplate\":\"https:\\\/\\\/www.link2fleet.com\\\/fr\\\/?s={search_term_string}\"},\"query-input\":{\"@type\":\"PropertyValueSpecification\",\"valueRequired\":true,\"valueName\":\"search_term_string\"}}],\"inLanguage\":\"fr-FR\"},{\"@type\":\"Organization\",\"@id\":\"https:\\\/\\\/www.link2fleet.com\\\/fr\\\/#organization\",\"name\":\"Link2fleet\",\"url\":\"https:\\\/\\\/www.link2fleet.com\\\/fr\\\/\",\"logo\":{\"@type\":\"ImageObject\",\"inLanguage\":\"fr-FR\",\"@id\":\"https:\\\/\\\/www.link2fleet.com\\\/fr\\\/#\\\/schema\\\/logo\\\/image\\\/\",\"url\":\"https:\\\/\\\/static.link2fleet.com\\\/wp-content\\\/uploads\\\/2024\\\/03\\\/share-image.jpg\",\"contentUrl\":\"https:\\\/\\\/static.link2fleet.com\\\/wp-content\\\/uploads\\\/2024\\\/03\\\/share-image.jpg\",\"width\":1200,\"height\":630,\"caption\":\"Link2fleet\"},\"image\":{\"@id\":\"https:\\\/\\\/www.link2fleet.com\\\/fr\\\/#\\\/schema\\\/logo\\\/image\\\/\"},\"sameAs\":[\"https:\\\/\\\/www.linkedin.com\\\/company\\\/link2fleet-belgium\",\"https:\\\/\\\/www.youtube.com\\\/user\\\/MMMBMBE\"]},{\"@type\":\"Person\",\"@id\":\"https:\\\/\\\/www.link2fleet.com\\\/fr\\\/#\\\/schema\\\/person\\\/36f3d48d12a83e110d72b602b5bebc11\",\"name\":\"Maxime Pasture\",\"image\":{\"@type\":\"ImageObject\",\"inLanguage\":\"fr-FR\",\"@id\":\"https:\\\/\\\/secure.gravatar.com\\\/avatar\\\/a17c47a11dd3996c69a173e291c692b6a028e82349994bf0d9f60936c9795b9f?s=96&d=mm&r=g\",\"url\":\"https:\\\/\\\/secure.gravatar.com\\\/avatar\\\/a17c47a11dd3996c69a173e291c692b6a028e82349994bf0d9f60936c9795b9f?s=96&d=mm&r=g\",\"contentUrl\":\"https:\\\/\\\/secure.gravatar.com\\\/avatar\\\/a17c47a11dd3996c69a173e291c692b6a028e82349994bf0d9f60936c9795b9f?s=96&d=mm&r=g\",\"caption\":\"Maxime Pasture\"},\"description\":\"Journaliste de formation, Maxime est tr\u00e8s curieux mais surtout passionn\u00e9 d'automobile. Sa curiosit\u00e9 l'am\u00e8ne \u00e0 traiter de sujets divers et vari\u00e9s li\u00e9s \u00e0 la mobilit\u00e9 au sens large et bien plus encore !\"}]}<\/script>\n<!-- \/ Yoast SEO plugin. -->","yoast_head_json":{"title":"Pr\u00e9parez-vous \u00e0 des Ford avec technologie Renault d\u00e8s 2028 ! - link2fleet","description":"Afin de partager les co\u00fbts li\u00e9s au d\u00e9veloppement de nouveaux mod\u00e8les, il est plus vital que jamais, pour les constructeurs automobiles, m\u00eame de groupes diff\u00e9rents,\u2026","robots":{"index":"index","follow":"follow","max-snippet":"max-snippet:-1","max-image-preview":"max-image-preview:large","max-video-preview":"max-video-preview:-1"},"og_locale":"fr_FR","og_type":"article","og_title":"Pr\u00e9parez-vous \u00e0 des Ford avec technologie Renault d\u00e8s 2028 ! - link2fleet","og_description":"Afin de partager les co\u00fbts li\u00e9s au d\u00e9veloppement de nouveaux mod\u00e8les, il est plus vital que jamais, pour les constructeurs automobiles, m\u00eame de groupes diff\u00e9rents,\u2026","og_url":"https:\/\/www.link2fleet.com\/fr\/preparez-vous-a-des-ford-avec-technologie-renault-des-2028\/","og_site_name":"link2fleet","article_published_time":"2025-12-09T14:52:16+00:00","article_modified_time":"2025-12-10T08:30:41+00:00","og_image":[{"width":1300,"height":867,"url":"https:\/\/static.link2fleet.com\/wp-content\/uploads\/2025\/12\/renault08decroyalmonceauld.jpg","type":"image\/jpeg"}],"author":"Maxime Pasture","twitter_card":"summary_large_image","twitter_description":"Afin de partager les co\u00fbts li\u00e9s au d\u00e9veloppement de nouveaux mod\u00e8les, il est plus vital que jamais, pour les constructeurs automobiles, m\u00eame de groupes diff\u00e9rents,\u2026","twitter_misc":{"\u00c9crit par":"Journaliste de formation, Maxime est tr\u00e8s curieux mais surtout passionn\u00e9 d'automobile. Sa curiosit\u00e9 l'am\u00e8ne \u00e0 traiter de sujets divers et vari\u00e9s li\u00e9s \u00e0 la mobilit\u00e9 au sens large et bien plus encore !","Dur\u00e9e de lecture estim\u00e9e":"4 minutes"},"schema":{"@context":"https:\/\/schema.org","@graph":[{"@type":"Article","@id":"https:\/\/www.link2fleet.com\/fr\/preparez-vous-a-des-ford-avec-technologie-renault-des-2028\/#article","isPartOf":{"@id":"https:\/\/www.link2fleet.com\/fr\/preparez-vous-a-des-ford-avec-technologie-renault-des-2028\/"},"author":{"name":"Maxime Pasture","@id":"https:\/\/www.link2fleet.com\/fr\/#\/schema\/person\/36f3d48d12a83e110d72b602b5bebc11"},"headline":"Pr\u00e9parez-vous \u00e0 des Ford avec technologie Renault d\u00e8s 2028 !","datePublished":"2025-12-09T14:52:16+00:00","dateModified":"2025-12-10T08:30:41+00:00","mainEntityOfPage":{"@id":"https:\/\/www.link2fleet.com\/fr\/preparez-vous-a-des-ford-avec-technologie-renault-des-2028\/"},"wordCount":9,"publisher":{"@id":"https:\/\/www.link2fleet.com\/fr\/#organization"},"image":{"@id":"https:\/\/www.link2fleet.com\/fr\/preparez-vous-a-des-ford-avec-technologie-renault-des-2028\/#primaryimage"},"thumbnailUrl":"https:\/\/static.link2fleet.com\/wp-content\/uploads\/2025\/12\/renault08decroyalmonceauld.jpg","keywords":["ford","renault"],"articleSection":["A la une","Actus","Importateurs et constructeurs","LCV","V\u00e9hicules"],"inLanguage":"fr-FR"},{"@type":"WebPage","@id":"https:\/\/www.link2fleet.com\/fr\/preparez-vous-a-des-ford-avec-technologie-renault-des-2028\/","url":"https:\/\/www.link2fleet.com\/fr\/preparez-vous-a-des-ford-avec-technologie-renault-des-2028\/","name":"Pr\u00e9parez-vous \u00e0 des Ford avec technologie Renault d\u00e8s 2028 ! - link2fleet","isPartOf":{"@id":"https:\/\/www.link2fleet.com\/fr\/#website"},"primaryImageOfPage":{"@id":"https:\/\/www.link2fleet.com\/fr\/preparez-vous-a-des-ford-avec-technologie-renault-des-2028\/#primaryimage"},"image":{"@id":"https:\/\/www.link2fleet.com\/fr\/preparez-vous-a-des-ford-avec-technologie-renault-des-2028\/#primaryimage"},"thumbnailUrl":"https:\/\/static.link2fleet.com\/wp-content\/uploads\/2025\/12\/renault08decroyalmonceauld.jpg","datePublished":"2025-12-09T14:52:16+00:00","dateModified":"2025-12-10T08:30:41+00:00","description":"Afin de partager les co\u00fbts li\u00e9s au d\u00e9veloppement de nouveaux mod\u00e8les, il est plus vital que jamais, pour les constructeurs automobiles, m\u00eame de groupes diff\u00e9rents, de s\u2019allier.","breadcrumb":{"@id":"https:\/\/www.link2fleet.com\/fr\/preparez-vous-a-des-ford-avec-technologie-renault-des-2028\/#breadcrumb"},"inLanguage":"fr-FR","potentialAction":[{"@type":"ReadAction","target":["https:\/\/www.link2fleet.com\/fr\/preparez-vous-a-des-ford-avec-technologie-renault-des-2028\/"]}]},{"@type":"ImageObject","inLanguage":"fr-FR","@id":"https:\/\/www.link2fleet.com\/fr\/preparez-vous-a-des-ford-avec-technologie-renault-des-2028\/#primaryimage","url":"https:\/\/static.link2fleet.com\/wp-content\/uploads\/2025\/12\/renault08decroyalmonceauld.jpg","contentUrl":"https:\/\/static.link2fleet.com\/wp-content\/uploads\/2025\/12\/renault08decroyalmonceauld.jpg","width":1300,"height":867,"caption":"Jim Farley (PDG de Ford) et Fran\u00e7ois Provost (PDG de Renault)."},{"@type":"BreadcrumbList","@id":"https:\/\/www.link2fleet.com\/fr\/preparez-vous-a-des-ford-avec-technologie-renault-des-2028\/#breadcrumb","itemListElement":[{"@type":"ListItem","position":1,"name":"Home","item":"https:\/\/www.link2fleet.com\/fr\/"},{"@type":"ListItem","position":2,"name":"Pr\u00e9parez-vous \u00e0 des Ford avec technologie Renault d\u00e8s 2028 !"}]},{"@type":"WebSite","@id":"https:\/\/www.link2fleet.com\/fr\/#website","url":"https:\/\/www.link2fleet.com\/fr\/","name":"Link2fleet","description":"","publisher":{"@id":"https:\/\/www.link2fleet.com\/fr\/#organization"},"potentialAction":[{"@type":"SearchAction","target":{"@type":"EntryPoint","urlTemplate":"https:\/\/www.link2fleet.com\/fr\/?s={search_term_string}"},"query-input":{"@type":"PropertyValueSpecification","valueRequired":true,"valueName":"search_term_string"}}],"inLanguage":"fr-FR"},{"@type":"Organization","@id":"https:\/\/www.link2fleet.com\/fr\/#organization","name":"Link2fleet","url":"https:\/\/www.link2fleet.com\/fr\/","logo":{"@type":"ImageObject","inLanguage":"fr-FR","@id":"https:\/\/www.link2fleet.com\/fr\/#\/schema\/logo\/image\/","url":"https:\/\/static.link2fleet.com\/wp-content\/uploads\/2024\/03\/share-image.jpg","contentUrl":"https:\/\/static.link2fleet.com\/wp-content\/uploads\/2024\/03\/share-image.jpg","width":1200,"height":630,"caption":"Link2fleet"},"image":{"@id":"https:\/\/www.link2fleet.com\/fr\/#\/schema\/logo\/image\/"},"sameAs":["https:\/\/www.linkedin.com\/company\/link2fleet-belgium","https:\/\/www.youtube.com\/user\/MMMBMBE"]},{"@type":"Person","@id":"https:\/\/www.link2fleet.com\/fr\/#\/schema\/person\/36f3d48d12a83e110d72b602b5bebc11","name":"Maxime Pasture","image":{"@type":"ImageObject","inLanguage":"fr-FR","@id":"https:\/\/secure.gravatar.com\/avatar\/a17c47a11dd3996c69a173e291c692b6a028e82349994bf0d9f60936c9795b9f?s=96&d=mm&r=g","url":"https:\/\/secure.gravatar.com\/avatar\/a17c47a11dd3996c69a173e291c692b6a028e82349994bf0d9f60936c9795b9f?s=96&d=mm&r=g","contentUrl":"https:\/\/secure.gravatar.com\/avatar\/a17c47a11dd3996c69a173e291c692b6a028e82349994bf0d9f60936c9795b9f?s=96&d=mm&r=g","caption":"Maxime Pasture"},"description":"Journaliste de formation, Maxime est tr\u00e8s curieux mais surtout passionn\u00e9 d'automobile. Sa curiosit\u00e9 l'am\u00e8ne \u00e0 traiter de sujets divers et vari\u00e9s li\u00e9s \u00e0 la mobilit\u00e9 au sens large et bien plus encore !"}]}},"_links":{"self":[{"href":"https:\/\/www.link2fleet.com\/fr\/wp-json\/wp\/v2\/posts\/62339","targetHints":{"allow":["GET"]}}],"collection":[{"href":"https:\/\/www.link2fleet.com\/fr\/wp-json\/wp\/v2\/posts"}],"about":[{"href":"https:\/\/www.link2fleet.com\/fr\/wp-json\/wp\/v2\/types\/post"}],"author":[{"embeddable":true,"href":"https:\/\/www.link2fleet.com\/fr\/wp-json\/wp\/v2\/users\/18"}],"replies":[{"embeddable":true,"href":"https:\/\/www.link2fleet.com\/fr\/wp-json\/wp\/v2\/comments?post=62339"}],"version-history":[{"count":3,"href":"https:\/\/www.link2fleet.com\/fr\/wp-json\/wp\/v2\/posts\/62339\/revisions"}],"predecessor-version":[{"id":62413,"href":"https:\/\/www.link2fleet.com\/fr\/wp-json\/wp\/v2\/posts\/62339\/revisions\/62413"}],"wp:featuredmedia":[{"embeddable":true,"href":"https:\/\/www.link2fleet.com\/fr\/wp-json\/wp\/v2\/media\/62344"}],"wp:attachment":[{"href":"https:\/\/www.link2fleet.com\/fr\/wp-json\/wp\/v2\/media?parent=62339"}],"wp:term":[{"taxonomy":"category","embeddable":true,"href":"https:\/\/www.link2fleet.com\/fr\/wp-json\/wp\/v2\/categories?post=62339"},{"taxonomy":"post_tag","embeddable":true,"href":"https:\/\/www.link2fleet.com\/fr\/wp-json\/wp\/v2\/tags?post=62339"}],"curies":[{"name":"wp","href":"https:\/\/api.w.org\/{rel}","templated":true}]}}