{"id":62485,"date":"2025-12-10T16:39:48","date_gmt":"2025-12-10T15:39:48","guid":{"rendered":"https:\/\/www.link2fleet.com\/officieel-mercedes-eqb-wordt-glb-met-eq-technologie\/"},"modified":"2025-12-10T17:02:43","modified_gmt":"2025-12-10T16:02:43","slug":"officieel-mercedes-eqb-wordt-glb-met-eq-technologie","status":"publish","type":"post","link":"https:\/\/www.link2fleet.com\/fr\/officieel-mercedes-eqb-wordt-glb-met-eq-technologie\/","title":{"rendered":"Le Mercedes EQB devient le GLB avec \u00ab\u00a0Technologie EQ\u00a0\u00bb"},"content":{"rendered":"","protected":false},"excerpt":{"rendered":"","protected":false},"author":49,"featured_media":62459,"comment_status":"closed","ping_status":"closed","sticky":false,"template":"","format":"standard","meta":{"_acf_changed":false,"footnotes":""},"categories":[1448,76],"tags":[],"class_list":["post-62485","post","type-post","status-publish","format-standard","has-post-thumbnail","hentry","category-a-la-une","category-car"],"acf":[],"yoast_head":"<!-- This site is optimized with the Yoast SEO plugin v27.3 - https:\/\/yoast.com\/product\/yoast-seo-wordpress\/ -->\n<title>Le Mercedes EQB devient le GLB avec &quot;Technologie EQ&quot; - link2fleet<\/title>\n<meta name=\"description\" content=\"Mercedes a pr\u00e9sent\u00e9 le nouveau GLB. Il succ\u00e8de non seulement \u00e0 la g\u00e9n\u00e9ration pr\u00e9c\u00e9dente, mais aussi \u00e0 son homologue enti\u00e8rement \u00e9lectrique, l&rsquo;EQB. Sur le plan\u2026\" \/>\n<meta name=\"robots\" content=\"index, follow, max-snippet:-1, max-image-preview:large, max-video-preview:-1\" \/>\n<meta property=\"og:locale\" content=\"fr_FR\" \/>\n<meta property=\"og:type\" content=\"article\" \/>\n<meta property=\"og:title\" content=\"Le Mercedes EQB devient le GLB avec &quot;Technologie EQ&quot; - link2fleet\" \/>\n<meta property=\"og:description\" content=\"Mercedes a pr\u00e9sent\u00e9 le nouveau GLB. Il succ\u00e8de non seulement \u00e0 la g\u00e9n\u00e9ration pr\u00e9c\u00e9dente, mais aussi \u00e0 son homologue enti\u00e8rement \u00e9lectrique, l&rsquo;EQB. Sur le plan\u2026\" \/>\n<meta property=\"og:url\" content=\"https:\/\/www.link2fleet.com\/fr\/officieel-mercedes-eqb-wordt-glb-met-eq-technologie\/\" \/>\n<meta property=\"og:site_name\" content=\"link2fleet\" \/>\n<meta property=\"article:published_time\" content=\"2025-12-10T15:39:48+00:00\" \/>\n<meta property=\"article:modified_time\" content=\"2025-12-10T16:02:43+00:00\" \/>\n<meta property=\"og:image\" content=\"https:\/\/static.link2fleet.com\/wp-content\/uploads\/2025\/12\/25c0295015.jpg\" \/>\n\t<meta property=\"og:image:width\" content=\"1250\" \/>\n\t<meta property=\"og:image:height\" content=\"833\" \/>\n\t<meta property=\"og:image:type\" content=\"image\/jpeg\" \/>\n<meta name=\"author\" content=\"Kevin Kersemans\" \/>\n<meta name=\"twitter:card\" content=\"summary_large_image\" \/>\n<meta name=\"twitter:description\" content=\"Mercedes a pr\u00e9sent\u00e9 le nouveau GLB. Il succ\u00e8de non seulement \u00e0 la g\u00e9n\u00e9ration pr\u00e9c\u00e9dente, mais aussi \u00e0 son homologue enti\u00e8rement \u00e9lectrique, l&rsquo;EQB. Sur le plan\u2026\" \/>\n<meta name=\"twitter:label1\" content=\"\u00c9crit par\" \/>\n\t<meta name=\"twitter:data1\" content=\"Kevin Kersemans\" \/>\n\t<meta name=\"twitter:label2\" content=\"Dur\u00e9e de lecture estim\u00e9e\" \/>\n\t<meta name=\"twitter:data2\" content=\"5 minutes\" \/>\n<script type=\"application\/ld+json\" class=\"yoast-schema-graph\">{\"@context\":\"https:\\\/\\\/schema.org\",\"@graph\":[{\"@type\":\"Article\",\"@id\":\"https:\\\/\\\/www.link2fleet.com\\\/fr\\\/officieel-mercedes-eqb-wordt-glb-met-eq-technologie\\\/#article\",\"isPartOf\":{\"@id\":\"https:\\\/\\\/www.link2fleet.com\\\/fr\\\/officieel-mercedes-eqb-wordt-glb-met-eq-technologie\\\/\"},\"author\":{\"name\":\"Kevin Kersemans\",\"@id\":\"https:\\\/\\\/www.link2fleet.com\\\/fr\\\/#\\\/schema\\\/person\\\/877bc89c32c65772066cb11fe1e67bbf\"},\"headline\":\"Le Mercedes EQB devient le GLB avec \u00ab\u00a0Technologie EQ\u00a0\u00bb\",\"datePublished\":\"2025-12-10T15:39:48+00:00\",\"dateModified\":\"2025-12-10T16:02:43+00:00\",\"mainEntityOfPage\":{\"@id\":\"https:\\\/\\\/www.link2fleet.com\\\/fr\\\/officieel-mercedes-eqb-wordt-glb-met-eq-technologie\\\/\"},\"wordCount\":9,\"publisher\":{\"@id\":\"https:\\\/\\\/www.link2fleet.com\\\/fr\\\/#organization\"},\"image\":{\"@id\":\"https:\\\/\\\/www.link2fleet.com\\\/fr\\\/officieel-mercedes-eqb-wordt-glb-met-eq-technologie\\\/#primaryimage\"},\"thumbnailUrl\":\"https:\\\/\\\/static.link2fleet.com\\\/wp-content\\\/uploads\\\/2025\\\/12\\\/25c0295015.jpg\",\"articleSection\":[\"A la une\",\"V\u00e9hicules\"],\"inLanguage\":\"fr-FR\"},{\"@type\":\"WebPage\",\"@id\":\"https:\\\/\\\/www.link2fleet.com\\\/fr\\\/officieel-mercedes-eqb-wordt-glb-met-eq-technologie\\\/\",\"url\":\"https:\\\/\\\/www.link2fleet.com\\\/fr\\\/officieel-mercedes-eqb-wordt-glb-met-eq-technologie\\\/\",\"name\":\"Le Mercedes EQB devient le GLB avec \\\"Technologie EQ\\\" - link2fleet\",\"isPartOf\":{\"@id\":\"https:\\\/\\\/www.link2fleet.com\\\/fr\\\/#website\"},\"primaryImageOfPage\":{\"@id\":\"https:\\\/\\\/www.link2fleet.com\\\/fr\\\/officieel-mercedes-eqb-wordt-glb-met-eq-technologie\\\/#primaryimage\"},\"image\":{\"@id\":\"https:\\\/\\\/www.link2fleet.com\\\/fr\\\/officieel-mercedes-eqb-wordt-glb-met-eq-technologie\\\/#primaryimage\"},\"thumbnailUrl\":\"https:\\\/\\\/static.link2fleet.com\\\/wp-content\\\/uploads\\\/2025\\\/12\\\/25c0295015.jpg\",\"datePublished\":\"2025-12-10T15:39:48+00:00\",\"dateModified\":\"2025-12-10T16:02:43+00:00\",\"description\":\"Le nouveau GLB succ\u00e8de non seulement \u00e0 la g\u00e9n\u00e9ration pr\u00e9c\u00e9dente, mais aussi \u00e0 son homologue enti\u00e8rement \u00e9lectrique, l'EQB.\",\"breadcrumb\":{\"@id\":\"https:\\\/\\\/www.link2fleet.com\\\/fr\\\/officieel-mercedes-eqb-wordt-glb-met-eq-technologie\\\/#breadcrumb\"},\"inLanguage\":\"fr-FR\",\"potentialAction\":[{\"@type\":\"ReadAction\",\"target\":[\"https:\\\/\\\/www.link2fleet.com\\\/fr\\\/officieel-mercedes-eqb-wordt-glb-met-eq-technologie\\\/\"]}]},{\"@type\":\"ImageObject\",\"inLanguage\":\"fr-FR\",\"@id\":\"https:\\\/\\\/www.link2fleet.com\\\/fr\\\/officieel-mercedes-eqb-wordt-glb-met-eq-technologie\\\/#primaryimage\",\"url\":\"https:\\\/\\\/static.link2fleet.com\\\/wp-content\\\/uploads\\\/2025\\\/12\\\/25c0295015.jpg\",\"contentUrl\":\"https:\\\/\\\/static.link2fleet.com\\\/wp-content\\\/uploads\\\/2025\\\/12\\\/25c0295015.jpg\",\"width\":1250,\"height\":833,\"caption\":\"Der neue elektrische Mercedes-Benz GLB. Hightechsilber. The all-new electric Mercedes-Benz GLB. High-tech silver.\"},{\"@type\":\"BreadcrumbList\",\"@id\":\"https:\\\/\\\/www.link2fleet.com\\\/fr\\\/officieel-mercedes-eqb-wordt-glb-met-eq-technologie\\\/#breadcrumb\",\"itemListElement\":[{\"@type\":\"ListItem\",\"position\":1,\"name\":\"Home\",\"item\":\"https:\\\/\\\/www.link2fleet.com\\\/fr\\\/\"},{\"@type\":\"ListItem\",\"position\":2,\"name\":\"Le Mercedes EQB devient le GLB avec \u00ab\u00a0Technologie EQ\u00a0\u00bb\"}]},{\"@type\":\"WebSite\",\"@id\":\"https:\\\/\\\/www.link2fleet.com\\\/fr\\\/#website\",\"url\":\"https:\\\/\\\/www.link2fleet.com\\\/fr\\\/\",\"name\":\"Link2fleet\",\"description\":\"\",\"publisher\":{\"@id\":\"https:\\\/\\\/www.link2fleet.com\\\/fr\\\/#organization\"},\"potentialAction\":[{\"@type\":\"SearchAction\",\"target\":{\"@type\":\"EntryPoint\",\"urlTemplate\":\"https:\\\/\\\/www.link2fleet.com\\\/fr\\\/?s={search_term_string}\"},\"query-input\":{\"@type\":\"PropertyValueSpecification\",\"valueRequired\":true,\"valueName\":\"search_term_string\"}}],\"inLanguage\":\"fr-FR\"},{\"@type\":\"Organization\",\"@id\":\"https:\\\/\\\/www.link2fleet.com\\\/fr\\\/#organization\",\"name\":\"Link2fleet\",\"url\":\"https:\\\/\\\/www.link2fleet.com\\\/fr\\\/\",\"logo\":{\"@type\":\"ImageObject\",\"inLanguage\":\"fr-FR\",\"@id\":\"https:\\\/\\\/www.link2fleet.com\\\/fr\\\/#\\\/schema\\\/logo\\\/image\\\/\",\"url\":\"https:\\\/\\\/static.link2fleet.com\\\/wp-content\\\/uploads\\\/2024\\\/03\\\/share-image.jpg\",\"contentUrl\":\"https:\\\/\\\/static.link2fleet.com\\\/wp-content\\\/uploads\\\/2024\\\/03\\\/share-image.jpg\",\"width\":1200,\"height\":630,\"caption\":\"Link2fleet\"},\"image\":{\"@id\":\"https:\\\/\\\/www.link2fleet.com\\\/fr\\\/#\\\/schema\\\/logo\\\/image\\\/\"},\"sameAs\":[\"https:\\\/\\\/www.linkedin.com\\\/company\\\/link2fleet-belgium\",\"https:\\\/\\\/www.youtube.com\\\/user\\\/MMMBMBE\"]},{\"@type\":\"Person\",\"@id\":\"https:\\\/\\\/www.link2fleet.com\\\/fr\\\/#\\\/schema\\\/person\\\/877bc89c32c65772066cb11fe1e67bbf\",\"name\":\"Kevin Kersemans\",\"image\":{\"@type\":\"ImageObject\",\"inLanguage\":\"fr-FR\",\"@id\":\"https:\\\/\\\/secure.gravatar.com\\\/avatar\\\/b12f7d0f252688f677f4c181b6df65bf86880634bfcef3be42c82efcdb33d654?s=96&d=mm&r=g\",\"url\":\"https:\\\/\\\/secure.gravatar.com\\\/avatar\\\/b12f7d0f252688f677f4c181b6df65bf86880634bfcef3be42c82efcdb33d654?s=96&d=mm&r=g\",\"contentUrl\":\"https:\\\/\\\/secure.gravatar.com\\\/avatar\\\/b12f7d0f252688f677f4c181b6df65bf86880634bfcef3be42c82efcdb33d654?s=96&d=mm&r=g\",\"caption\":\"Kevin Kersemans\"},\"description\":\"Kevin Kersemans is autojournalist met al enkele decennia ervaring op de teller. Zijn passie voor auto's en alles op wielen heeft hij al van kindsbeen af. Voor link2fleet volgt hij vooral de auto-actualiteit en test hij nieuwe modellen.\"}]}<\/script>\n<!-- \/ Yoast SEO plugin. -->","yoast_head_json":{"title":"Le Mercedes EQB devient le GLB avec \"Technologie EQ\" - link2fleet","description":"Mercedes a pr\u00e9sent\u00e9 le nouveau GLB. Il succ\u00e8de non seulement \u00e0 la g\u00e9n\u00e9ration pr\u00e9c\u00e9dente, mais aussi \u00e0 son homologue enti\u00e8rement \u00e9lectrique, l&rsquo;EQB. Sur le plan\u2026","robots":{"index":"index","follow":"follow","max-snippet":"max-snippet:-1","max-image-preview":"max-image-preview:large","max-video-preview":"max-video-preview:-1"},"og_locale":"fr_FR","og_type":"article","og_title":"Le Mercedes EQB devient le GLB avec \"Technologie EQ\" - link2fleet","og_description":"Mercedes a pr\u00e9sent\u00e9 le nouveau GLB. Il succ\u00e8de non seulement \u00e0 la g\u00e9n\u00e9ration pr\u00e9c\u00e9dente, mais aussi \u00e0 son homologue enti\u00e8rement \u00e9lectrique, l&rsquo;EQB. Sur le plan\u2026","og_url":"https:\/\/www.link2fleet.com\/fr\/officieel-mercedes-eqb-wordt-glb-met-eq-technologie\/","og_site_name":"link2fleet","article_published_time":"2025-12-10T15:39:48+00:00","article_modified_time":"2025-12-10T16:02:43+00:00","og_image":[{"width":1250,"height":833,"url":"https:\/\/static.link2fleet.com\/wp-content\/uploads\/2025\/12\/25c0295015.jpg","type":"image\/jpeg"}],"author":"Kevin Kersemans","twitter_card":"summary_large_image","twitter_description":"Mercedes a pr\u00e9sent\u00e9 le nouveau GLB. Il succ\u00e8de non seulement \u00e0 la g\u00e9n\u00e9ration pr\u00e9c\u00e9dente, mais aussi \u00e0 son homologue enti\u00e8rement \u00e9lectrique, l&rsquo;EQB. Sur le plan\u2026","twitter_misc":{"\u00c9crit par":"Kevin Kersemans","Dur\u00e9e de lecture estim\u00e9e":"5 minutes"},"schema":{"@context":"https:\/\/schema.org","@graph":[{"@type":"Article","@id":"https:\/\/www.link2fleet.com\/fr\/officieel-mercedes-eqb-wordt-glb-met-eq-technologie\/#article","isPartOf":{"@id":"https:\/\/www.link2fleet.com\/fr\/officieel-mercedes-eqb-wordt-glb-met-eq-technologie\/"},"author":{"name":"Kevin Kersemans","@id":"https:\/\/www.link2fleet.com\/fr\/#\/schema\/person\/877bc89c32c65772066cb11fe1e67bbf"},"headline":"Le Mercedes EQB devient le GLB avec \u00ab\u00a0Technologie EQ\u00a0\u00bb","datePublished":"2025-12-10T15:39:48+00:00","dateModified":"2025-12-10T16:02:43+00:00","mainEntityOfPage":{"@id":"https:\/\/www.link2fleet.com\/fr\/officieel-mercedes-eqb-wordt-glb-met-eq-technologie\/"},"wordCount":9,"publisher":{"@id":"https:\/\/www.link2fleet.com\/fr\/#organization"},"image":{"@id":"https:\/\/www.link2fleet.com\/fr\/officieel-mercedes-eqb-wordt-glb-met-eq-technologie\/#primaryimage"},"thumbnailUrl":"https:\/\/static.link2fleet.com\/wp-content\/uploads\/2025\/12\/25c0295015.jpg","articleSection":["A la une","V\u00e9hicules"],"inLanguage":"fr-FR"},{"@type":"WebPage","@id":"https:\/\/www.link2fleet.com\/fr\/officieel-mercedes-eqb-wordt-glb-met-eq-technologie\/","url":"https:\/\/www.link2fleet.com\/fr\/officieel-mercedes-eqb-wordt-glb-met-eq-technologie\/","name":"Le Mercedes EQB devient le GLB avec \"Technologie EQ\" - link2fleet","isPartOf":{"@id":"https:\/\/www.link2fleet.com\/fr\/#website"},"primaryImageOfPage":{"@id":"https:\/\/www.link2fleet.com\/fr\/officieel-mercedes-eqb-wordt-glb-met-eq-technologie\/#primaryimage"},"image":{"@id":"https:\/\/www.link2fleet.com\/fr\/officieel-mercedes-eqb-wordt-glb-met-eq-technologie\/#primaryimage"},"thumbnailUrl":"https:\/\/static.link2fleet.com\/wp-content\/uploads\/2025\/12\/25c0295015.jpg","datePublished":"2025-12-10T15:39:48+00:00","dateModified":"2025-12-10T16:02:43+00:00","description":"Le nouveau GLB succ\u00e8de non seulement \u00e0 la g\u00e9n\u00e9ration pr\u00e9c\u00e9dente, mais aussi \u00e0 son homologue enti\u00e8rement \u00e9lectrique, l'EQB.","breadcrumb":{"@id":"https:\/\/www.link2fleet.com\/fr\/officieel-mercedes-eqb-wordt-glb-met-eq-technologie\/#breadcrumb"},"inLanguage":"fr-FR","potentialAction":[{"@type":"ReadAction","target":["https:\/\/www.link2fleet.com\/fr\/officieel-mercedes-eqb-wordt-glb-met-eq-technologie\/"]}]},{"@type":"ImageObject","inLanguage":"fr-FR","@id":"https:\/\/www.link2fleet.com\/fr\/officieel-mercedes-eqb-wordt-glb-met-eq-technologie\/#primaryimage","url":"https:\/\/static.link2fleet.com\/wp-content\/uploads\/2025\/12\/25c0295015.jpg","contentUrl":"https:\/\/static.link2fleet.com\/wp-content\/uploads\/2025\/12\/25c0295015.jpg","width":1250,"height":833,"caption":"Der neue elektrische Mercedes-Benz GLB. Hightechsilber. The all-new electric Mercedes-Benz GLB. High-tech silver."},{"@type":"BreadcrumbList","@id":"https:\/\/www.link2fleet.com\/fr\/officieel-mercedes-eqb-wordt-glb-met-eq-technologie\/#breadcrumb","itemListElement":[{"@type":"ListItem","position":1,"name":"Home","item":"https:\/\/www.link2fleet.com\/fr\/"},{"@type":"ListItem","position":2,"name":"Le Mercedes EQB devient le GLB avec \u00ab\u00a0Technologie EQ\u00a0\u00bb"}]},{"@type":"WebSite","@id":"https:\/\/www.link2fleet.com\/fr\/#website","url":"https:\/\/www.link2fleet.com\/fr\/","name":"Link2fleet","description":"","publisher":{"@id":"https:\/\/www.link2fleet.com\/fr\/#organization"},"potentialAction":[{"@type":"SearchAction","target":{"@type":"EntryPoint","urlTemplate":"https:\/\/www.link2fleet.com\/fr\/?s={search_term_string}"},"query-input":{"@type":"PropertyValueSpecification","valueRequired":true,"valueName":"search_term_string"}}],"inLanguage":"fr-FR"},{"@type":"Organization","@id":"https:\/\/www.link2fleet.com\/fr\/#organization","name":"Link2fleet","url":"https:\/\/www.link2fleet.com\/fr\/","logo":{"@type":"ImageObject","inLanguage":"fr-FR","@id":"https:\/\/www.link2fleet.com\/fr\/#\/schema\/logo\/image\/","url":"https:\/\/static.link2fleet.com\/wp-content\/uploads\/2024\/03\/share-image.jpg","contentUrl":"https:\/\/static.link2fleet.com\/wp-content\/uploads\/2024\/03\/share-image.jpg","width":1200,"height":630,"caption":"Link2fleet"},"image":{"@id":"https:\/\/www.link2fleet.com\/fr\/#\/schema\/logo\/image\/"},"sameAs":["https:\/\/www.linkedin.com\/company\/link2fleet-belgium","https:\/\/www.youtube.com\/user\/MMMBMBE"]},{"@type":"Person","@id":"https:\/\/www.link2fleet.com\/fr\/#\/schema\/person\/877bc89c32c65772066cb11fe1e67bbf","name":"Kevin Kersemans","image":{"@type":"ImageObject","inLanguage":"fr-FR","@id":"https:\/\/secure.gravatar.com\/avatar\/b12f7d0f252688f677f4c181b6df65bf86880634bfcef3be42c82efcdb33d654?s=96&d=mm&r=g","url":"https:\/\/secure.gravatar.com\/avatar\/b12f7d0f252688f677f4c181b6df65bf86880634bfcef3be42c82efcdb33d654?s=96&d=mm&r=g","contentUrl":"https:\/\/secure.gravatar.com\/avatar\/b12f7d0f252688f677f4c181b6df65bf86880634bfcef3be42c82efcdb33d654?s=96&d=mm&r=g","caption":"Kevin Kersemans"},"description":"Kevin Kersemans is autojournalist met al enkele decennia ervaring op de teller. Zijn passie voor auto's en alles op wielen heeft hij al van kindsbeen af. Voor link2fleet volgt hij vooral de auto-actualiteit en test hij nieuwe modellen."}]}},"_links":{"self":[{"href":"https:\/\/www.link2fleet.com\/fr\/wp-json\/wp\/v2\/posts\/62485","targetHints":{"allow":["GET"]}}],"collection":[{"href":"https:\/\/www.link2fleet.com\/fr\/wp-json\/wp\/v2\/posts"}],"about":[{"href":"https:\/\/www.link2fleet.com\/fr\/wp-json\/wp\/v2\/types\/post"}],"author":[{"embeddable":true,"href":"https:\/\/www.link2fleet.com\/fr\/wp-json\/wp\/v2\/users\/49"}],"replies":[{"embeddable":true,"href":"https:\/\/www.link2fleet.com\/fr\/wp-json\/wp\/v2\/comments?post=62485"}],"version-history":[{"count":5,"href":"https:\/\/www.link2fleet.com\/fr\/wp-json\/wp\/v2\/posts\/62485\/revisions"}],"predecessor-version":[{"id":62491,"href":"https:\/\/www.link2fleet.com\/fr\/wp-json\/wp\/v2\/posts\/62485\/revisions\/62491"}],"wp:featuredmedia":[{"embeddable":true,"href":"https:\/\/www.link2fleet.com\/fr\/wp-json\/wp\/v2\/media\/62459"}],"wp:attachment":[{"href":"https:\/\/www.link2fleet.com\/fr\/wp-json\/wp\/v2\/media?parent=62485"}],"wp:term":[{"taxonomy":"category","embeddable":true,"href":"https:\/\/www.link2fleet.com\/fr\/wp-json\/wp\/v2\/categories?post=62485"},{"taxonomy":"post_tag","embeddable":true,"href":"https:\/\/www.link2fleet.com\/fr\/wp-json\/wp\/v2\/tags?post=62485"}],"curies":[{"name":"wp","href":"https:\/\/api.w.org\/{rel}","templated":true}]}}