{"id":62500,"date":"2025-12-11T16:47:56","date_gmt":"2025-12-11T15:47:56","guid":{"rendered":"https:\/\/www.link2fleet.com\/?p=62500"},"modified":"2025-12-11T17:04:34","modified_gmt":"2025-12-11T16:04:34","slug":"tmc-et-taxe-de-circulation-pour-les-vehicules-electriques-en-flandre-le-ton-monte-entre-renta-et-ben-weyts","status":"publish","type":"post","link":"https:\/\/www.link2fleet.com\/fr\/tmc-et-taxe-de-circulation-pour-les-vehicules-electriques-en-flandre-le-ton-monte-entre-renta-et-ben-weyts\/","title":{"rendered":"TMC et taxe de circulation pour les v\u00e9hicules \u00e9lectriques en Flandre : le ton monte entre Renta et Ben Weyts"},"content":{"rendered":"","protected":false},"excerpt":{"rendered":"","protected":false},"author":4,"featured_media":62505,"comment_status":"closed","ping_status":"closed","sticky":false,"template":"","format":"standard","meta":{"_acf_changed":false,"footnotes":""},"categories":[1448,135],"tags":[],"class_list":["post-62500","post","type-post","status-publish","format-standard","has-post-thumbnail","hentry","category-a-la-une","category-news-fr"],"acf":[],"yoast_head":"<!-- This site is optimized with the Yoast SEO plugin v27.3 - https:\/\/yoast.com\/product\/yoast-seo-wordpress\/ -->\n<title>TMC et taxe de circulation pour les v\u00e9hicules \u00e9lectriques en Flandre : le ton monte entre Renta et Ben Weyts - link2fleet<\/title>\n<meta name=\"description\" content=\"Cet apr\u00e8s-midi du 10 d\u00e9cembre 2025, la s\u00e9ance pl\u00e9ni\u00e8re du Parlement flamand a \u00e9t\u00e9 le th\u00e9\u00e2tre d\u2019un \u00e9change tendu autour de l\u2019introduction de la BIV\u2026\" \/>\n<meta name=\"robots\" content=\"index, follow, max-snippet:-1, max-image-preview:large, max-video-preview:-1\" \/>\n<meta property=\"og:locale\" content=\"fr_FR\" \/>\n<meta property=\"og:type\" content=\"article\" \/>\n<meta property=\"og:title\" content=\"TMC et taxe de circulation pour les v\u00e9hicules \u00e9lectriques en Flandre : le ton monte entre Renta et Ben Weyts - link2fleet\" \/>\n<meta property=\"og:description\" content=\"Cet apr\u00e8s-midi du 10 d\u00e9cembre 2025, la s\u00e9ance pl\u00e9ni\u00e8re du Parlement flamand a \u00e9t\u00e9 le th\u00e9\u00e2tre d\u2019un \u00e9change tendu autour de l\u2019introduction de la BIV\u2026\" \/>\n<meta property=\"og:url\" content=\"https:\/\/www.link2fleet.com\/fr\/tmc-et-taxe-de-circulation-pour-les-vehicules-electriques-en-flandre-le-ton-monte-entre-renta-et-ben-weyts\/\" \/>\n<meta property=\"og:site_name\" content=\"link2fleet\" \/>\n<meta property=\"article:published_time\" content=\"2025-12-11T15:47:56+00:00\" \/>\n<meta property=\"article:modified_time\" content=\"2025-12-11T16:04:34+00:00\" \/>\n<meta property=\"og:image\" content=\"https:\/\/static.link2fleet.com\/wp-content\/uploads\/2025\/12\/ben-wyets.png\" \/>\n\t<meta property=\"og:image:width\" content=\"2048\" \/>\n\t<meta property=\"og:image:height\" content=\"1008\" \/>\n\t<meta property=\"og:image:type\" content=\"image\/png\" \/>\n<meta name=\"author\" content=\"Damien Malvetti\" \/>\n<meta name=\"twitter:card\" content=\"summary_large_image\" \/>\n<meta name=\"twitter:description\" content=\"Cet apr\u00e8s-midi du 10 d\u00e9cembre 2025, la s\u00e9ance pl\u00e9ni\u00e8re du Parlement flamand a \u00e9t\u00e9 le th\u00e9\u00e2tre d\u2019un \u00e9change tendu autour de l\u2019introduction de la BIV\u2026\" \/>\n<meta name=\"twitter:label1\" content=\"\u00c9crit par\" \/>\n\t<meta name=\"twitter:data1\" content=\"Damien Malvetti\" \/>\n\t<meta name=\"twitter:label2\" content=\"Dur\u00e9e de lecture estim\u00e9e\" \/>\n\t<meta name=\"twitter:data2\" content=\"4 minutes\" \/>\n<script type=\"application\/ld+json\" class=\"yoast-schema-graph\">{\"@context\":\"https:\\\/\\\/schema.org\",\"@graph\":[{\"@type\":\"Article\",\"@id\":\"https:\\\/\\\/www.link2fleet.com\\\/fr\\\/tmc-et-taxe-de-circulation-pour-les-vehicules-electriques-en-flandre-le-ton-monte-entre-renta-et-ben-weyts\\\/#article\",\"isPartOf\":{\"@id\":\"https:\\\/\\\/www.link2fleet.com\\\/fr\\\/tmc-et-taxe-de-circulation-pour-les-vehicules-electriques-en-flandre-le-ton-monte-entre-renta-et-ben-weyts\\\/\"},\"author\":{\"name\":\"Damien Malvetti\",\"@id\":\"https:\\\/\\\/www.link2fleet.com\\\/fr\\\/#\\\/schema\\\/person\\\/027cd46113c78036b3809c9a054049da\"},\"headline\":\"TMC et taxe de circulation pour les v\u00e9hicules \u00e9lectriques en Flandre : le ton monte entre Renta et Ben Weyts\",\"datePublished\":\"2025-12-11T15:47:56+00:00\",\"dateModified\":\"2025-12-11T16:04:34+00:00\",\"mainEntityOfPage\":{\"@id\":\"https:\\\/\\\/www.link2fleet.com\\\/fr\\\/tmc-et-taxe-de-circulation-pour-les-vehicules-electriques-en-flandre-le-ton-monte-entre-renta-et-ben-weyts\\\/\"},\"wordCount\":20,\"publisher\":{\"@id\":\"https:\\\/\\\/www.link2fleet.com\\\/fr\\\/#organization\"},\"image\":{\"@id\":\"https:\\\/\\\/www.link2fleet.com\\\/fr\\\/tmc-et-taxe-de-circulation-pour-les-vehicules-electriques-en-flandre-le-ton-monte-entre-renta-et-ben-weyts\\\/#primaryimage\"},\"thumbnailUrl\":\"https:\\\/\\\/static.link2fleet.com\\\/wp-content\\\/uploads\\\/2025\\\/12\\\/ben-wyets.png\",\"articleSection\":[\"A la une\",\"Actus\"],\"inLanguage\":\"fr-FR\"},{\"@type\":\"WebPage\",\"@id\":\"https:\\\/\\\/www.link2fleet.com\\\/fr\\\/tmc-et-taxe-de-circulation-pour-les-vehicules-electriques-en-flandre-le-ton-monte-entre-renta-et-ben-weyts\\\/\",\"url\":\"https:\\\/\\\/www.link2fleet.com\\\/fr\\\/tmc-et-taxe-de-circulation-pour-les-vehicules-electriques-en-flandre-le-ton-monte-entre-renta-et-ben-weyts\\\/\",\"name\":\"TMC et taxe de circulation pour les v\u00e9hicules \u00e9lectriques en Flandre : le ton monte entre Renta et Ben Weyts - link2fleet\",\"isPartOf\":{\"@id\":\"https:\\\/\\\/www.link2fleet.com\\\/fr\\\/#website\"},\"primaryImageOfPage\":{\"@id\":\"https:\\\/\\\/www.link2fleet.com\\\/fr\\\/tmc-et-taxe-de-circulation-pour-les-vehicules-electriques-en-flandre-le-ton-monte-entre-renta-et-ben-weyts\\\/#primaryimage\"},\"image\":{\"@id\":\"https:\\\/\\\/www.link2fleet.com\\\/fr\\\/tmc-et-taxe-de-circulation-pour-les-vehicules-electriques-en-flandre-le-ton-monte-entre-renta-et-ben-weyts\\\/#primaryimage\"},\"thumbnailUrl\":\"https:\\\/\\\/static.link2fleet.com\\\/wp-content\\\/uploads\\\/2025\\\/12\\\/ben-wyets.png\",\"datePublished\":\"2025-12-11T15:47:56+00:00\",\"dateModified\":\"2025-12-11T16:04:34+00:00\",\"breadcrumb\":{\"@id\":\"https:\\\/\\\/www.link2fleet.com\\\/fr\\\/tmc-et-taxe-de-circulation-pour-les-vehicules-electriques-en-flandre-le-ton-monte-entre-renta-et-ben-weyts\\\/#breadcrumb\"},\"inLanguage\":\"fr-FR\",\"potentialAction\":[{\"@type\":\"ReadAction\",\"target\":[\"https:\\\/\\\/www.link2fleet.com\\\/fr\\\/tmc-et-taxe-de-circulation-pour-les-vehicules-electriques-en-flandre-le-ton-monte-entre-renta-et-ben-weyts\\\/\"]}]},{\"@type\":\"ImageObject\",\"inLanguage\":\"fr-FR\",\"@id\":\"https:\\\/\\\/www.link2fleet.com\\\/fr\\\/tmc-et-taxe-de-circulation-pour-les-vehicules-electriques-en-flandre-le-ton-monte-entre-renta-et-ben-weyts\\\/#primaryimage\",\"url\":\"https:\\\/\\\/static.link2fleet.com\\\/wp-content\\\/uploads\\\/2025\\\/12\\\/ben-wyets.png\",\"contentUrl\":\"https:\\\/\\\/static.link2fleet.com\\\/wp-content\\\/uploads\\\/2025\\\/12\\\/ben-wyets.png\",\"width\":2048,\"height\":1008},{\"@type\":\"BreadcrumbList\",\"@id\":\"https:\\\/\\\/www.link2fleet.com\\\/fr\\\/tmc-et-taxe-de-circulation-pour-les-vehicules-electriques-en-flandre-le-ton-monte-entre-renta-et-ben-weyts\\\/#breadcrumb\",\"itemListElement\":[{\"@type\":\"ListItem\",\"position\":1,\"name\":\"Home\",\"item\":\"https:\\\/\\\/www.link2fleet.com\\\/fr\\\/\"},{\"@type\":\"ListItem\",\"position\":2,\"name\":\"TMC et taxe de circulation pour les v\u00e9hicules \u00e9lectriques en Flandre : le ton monte entre Renta et Ben Weyts\"}]},{\"@type\":\"WebSite\",\"@id\":\"https:\\\/\\\/www.link2fleet.com\\\/fr\\\/#website\",\"url\":\"https:\\\/\\\/www.link2fleet.com\\\/fr\\\/\",\"name\":\"Link2fleet\",\"description\":\"\",\"publisher\":{\"@id\":\"https:\\\/\\\/www.link2fleet.com\\\/fr\\\/#organization\"},\"potentialAction\":[{\"@type\":\"SearchAction\",\"target\":{\"@type\":\"EntryPoint\",\"urlTemplate\":\"https:\\\/\\\/www.link2fleet.com\\\/fr\\\/?s={search_term_string}\"},\"query-input\":{\"@type\":\"PropertyValueSpecification\",\"valueRequired\":true,\"valueName\":\"search_term_string\"}}],\"inLanguage\":\"fr-FR\"},{\"@type\":\"Organization\",\"@id\":\"https:\\\/\\\/www.link2fleet.com\\\/fr\\\/#organization\",\"name\":\"Link2fleet\",\"url\":\"https:\\\/\\\/www.link2fleet.com\\\/fr\\\/\",\"logo\":{\"@type\":\"ImageObject\",\"inLanguage\":\"fr-FR\",\"@id\":\"https:\\\/\\\/www.link2fleet.com\\\/fr\\\/#\\\/schema\\\/logo\\\/image\\\/\",\"url\":\"https:\\\/\\\/static.link2fleet.com\\\/wp-content\\\/uploads\\\/2024\\\/03\\\/share-image.jpg\",\"contentUrl\":\"https:\\\/\\\/static.link2fleet.com\\\/wp-content\\\/uploads\\\/2024\\\/03\\\/share-image.jpg\",\"width\":1200,\"height\":630,\"caption\":\"Link2fleet\"},\"image\":{\"@id\":\"https:\\\/\\\/www.link2fleet.com\\\/fr\\\/#\\\/schema\\\/logo\\\/image\\\/\"},\"sameAs\":[\"https:\\\/\\\/www.linkedin.com\\\/company\\\/link2fleet-belgium\",\"https:\\\/\\\/www.youtube.com\\\/user\\\/MMMBMBE\"]},{\"@type\":\"Person\",\"@id\":\"https:\\\/\\\/www.link2fleet.com\\\/fr\\\/#\\\/schema\\\/person\\\/027cd46113c78036b3809c9a054049da\",\"name\":\"Damien Malvetti\",\"image\":{\"@type\":\"ImageObject\",\"inLanguage\":\"fr-FR\",\"@id\":\"https:\\\/\\\/secure.gravatar.com\\\/avatar\\\/dd8cc03b49466c735f753ac37f8caa371af16dfed347456ed61f02883255eebb?s=96&d=mm&r=g\",\"url\":\"https:\\\/\\\/secure.gravatar.com\\\/avatar\\\/dd8cc03b49466c735f753ac37f8caa371af16dfed347456ed61f02883255eebb?s=96&d=mm&r=g\",\"contentUrl\":\"https:\\\/\\\/secure.gravatar.com\\\/avatar\\\/dd8cc03b49466c735f753ac37f8caa371af16dfed347456ed61f02883255eebb?s=96&d=mm&r=g\",\"caption\":\"Damien Malvetti\"},\"description\":\"Damien Malvetti is opgeleid als journalist en gepassioneerd door wagens, technologie en mobiliteit. Hij is verantwoordelijk voor de redactionele inhoud van link2fleet en beschikt over een uitgebreide kennis van de fleet-sector en elektrische mobiliteit.\",\"sameAs\":[\"https:\\\/\\\/www.linkedin.com\\\/in\\\/damien-malvetti-56601142\\\/\"]}]}<\/script>\n<!-- \/ Yoast SEO plugin. -->","yoast_head_json":{"title":"TMC et taxe de circulation pour les v\u00e9hicules \u00e9lectriques en Flandre : le ton monte entre Renta et Ben Weyts - link2fleet","description":"Cet apr\u00e8s-midi du 10 d\u00e9cembre 2025, la s\u00e9ance pl\u00e9ni\u00e8re du Parlement flamand a \u00e9t\u00e9 le th\u00e9\u00e2tre d\u2019un \u00e9change tendu autour de l\u2019introduction de la BIV\u2026","robots":{"index":"index","follow":"follow","max-snippet":"max-snippet:-1","max-image-preview":"max-image-preview:large","max-video-preview":"max-video-preview:-1"},"og_locale":"fr_FR","og_type":"article","og_title":"TMC et taxe de circulation pour les v\u00e9hicules \u00e9lectriques en Flandre : le ton monte entre Renta et Ben Weyts - link2fleet","og_description":"Cet apr\u00e8s-midi du 10 d\u00e9cembre 2025, la s\u00e9ance pl\u00e9ni\u00e8re du Parlement flamand a \u00e9t\u00e9 le th\u00e9\u00e2tre d\u2019un \u00e9change tendu autour de l\u2019introduction de la BIV\u2026","og_url":"https:\/\/www.link2fleet.com\/fr\/tmc-et-taxe-de-circulation-pour-les-vehicules-electriques-en-flandre-le-ton-monte-entre-renta-et-ben-weyts\/","og_site_name":"link2fleet","article_published_time":"2025-12-11T15:47:56+00:00","article_modified_time":"2025-12-11T16:04:34+00:00","og_image":[{"width":2048,"height":1008,"url":"https:\/\/static.link2fleet.com\/wp-content\/uploads\/2025\/12\/ben-wyets.png","type":"image\/png"}],"author":"Damien Malvetti","twitter_card":"summary_large_image","twitter_description":"Cet apr\u00e8s-midi du 10 d\u00e9cembre 2025, la s\u00e9ance pl\u00e9ni\u00e8re du Parlement flamand a \u00e9t\u00e9 le th\u00e9\u00e2tre d\u2019un \u00e9change tendu autour de l\u2019introduction de la BIV\u2026","twitter_misc":{"\u00c9crit par":"Damien Malvetti","Dur\u00e9e de lecture estim\u00e9e":"4 minutes"},"schema":{"@context":"https:\/\/schema.org","@graph":[{"@type":"Article","@id":"https:\/\/www.link2fleet.com\/fr\/tmc-et-taxe-de-circulation-pour-les-vehicules-electriques-en-flandre-le-ton-monte-entre-renta-et-ben-weyts\/#article","isPartOf":{"@id":"https:\/\/www.link2fleet.com\/fr\/tmc-et-taxe-de-circulation-pour-les-vehicules-electriques-en-flandre-le-ton-monte-entre-renta-et-ben-weyts\/"},"author":{"name":"Damien Malvetti","@id":"https:\/\/www.link2fleet.com\/fr\/#\/schema\/person\/027cd46113c78036b3809c9a054049da"},"headline":"TMC et taxe de circulation pour les v\u00e9hicules \u00e9lectriques en Flandre : le ton monte entre Renta et Ben Weyts","datePublished":"2025-12-11T15:47:56+00:00","dateModified":"2025-12-11T16:04:34+00:00","mainEntityOfPage":{"@id":"https:\/\/www.link2fleet.com\/fr\/tmc-et-taxe-de-circulation-pour-les-vehicules-electriques-en-flandre-le-ton-monte-entre-renta-et-ben-weyts\/"},"wordCount":20,"publisher":{"@id":"https:\/\/www.link2fleet.com\/fr\/#organization"},"image":{"@id":"https:\/\/www.link2fleet.com\/fr\/tmc-et-taxe-de-circulation-pour-les-vehicules-electriques-en-flandre-le-ton-monte-entre-renta-et-ben-weyts\/#primaryimage"},"thumbnailUrl":"https:\/\/static.link2fleet.com\/wp-content\/uploads\/2025\/12\/ben-wyets.png","articleSection":["A la une","Actus"],"inLanguage":"fr-FR"},{"@type":"WebPage","@id":"https:\/\/www.link2fleet.com\/fr\/tmc-et-taxe-de-circulation-pour-les-vehicules-electriques-en-flandre-le-ton-monte-entre-renta-et-ben-weyts\/","url":"https:\/\/www.link2fleet.com\/fr\/tmc-et-taxe-de-circulation-pour-les-vehicules-electriques-en-flandre-le-ton-monte-entre-renta-et-ben-weyts\/","name":"TMC et taxe de circulation pour les v\u00e9hicules \u00e9lectriques en Flandre : le ton monte entre Renta et Ben Weyts - link2fleet","isPartOf":{"@id":"https:\/\/www.link2fleet.com\/fr\/#website"},"primaryImageOfPage":{"@id":"https:\/\/www.link2fleet.com\/fr\/tmc-et-taxe-de-circulation-pour-les-vehicules-electriques-en-flandre-le-ton-monte-entre-renta-et-ben-weyts\/#primaryimage"},"image":{"@id":"https:\/\/www.link2fleet.com\/fr\/tmc-et-taxe-de-circulation-pour-les-vehicules-electriques-en-flandre-le-ton-monte-entre-renta-et-ben-weyts\/#primaryimage"},"thumbnailUrl":"https:\/\/static.link2fleet.com\/wp-content\/uploads\/2025\/12\/ben-wyets.png","datePublished":"2025-12-11T15:47:56+00:00","dateModified":"2025-12-11T16:04:34+00:00","breadcrumb":{"@id":"https:\/\/www.link2fleet.com\/fr\/tmc-et-taxe-de-circulation-pour-les-vehicules-electriques-en-flandre-le-ton-monte-entre-renta-et-ben-weyts\/#breadcrumb"},"inLanguage":"fr-FR","potentialAction":[{"@type":"ReadAction","target":["https:\/\/www.link2fleet.com\/fr\/tmc-et-taxe-de-circulation-pour-les-vehicules-electriques-en-flandre-le-ton-monte-entre-renta-et-ben-weyts\/"]}]},{"@type":"ImageObject","inLanguage":"fr-FR","@id":"https:\/\/www.link2fleet.com\/fr\/tmc-et-taxe-de-circulation-pour-les-vehicules-electriques-en-flandre-le-ton-monte-entre-renta-et-ben-weyts\/#primaryimage","url":"https:\/\/static.link2fleet.com\/wp-content\/uploads\/2025\/12\/ben-wyets.png","contentUrl":"https:\/\/static.link2fleet.com\/wp-content\/uploads\/2025\/12\/ben-wyets.png","width":2048,"height":1008},{"@type":"BreadcrumbList","@id":"https:\/\/www.link2fleet.com\/fr\/tmc-et-taxe-de-circulation-pour-les-vehicules-electriques-en-flandre-le-ton-monte-entre-renta-et-ben-weyts\/#breadcrumb","itemListElement":[{"@type":"ListItem","position":1,"name":"Home","item":"https:\/\/www.link2fleet.com\/fr\/"},{"@type":"ListItem","position":2,"name":"TMC et taxe de circulation pour les v\u00e9hicules \u00e9lectriques en Flandre : le ton monte entre Renta et Ben Weyts"}]},{"@type":"WebSite","@id":"https:\/\/www.link2fleet.com\/fr\/#website","url":"https:\/\/www.link2fleet.com\/fr\/","name":"Link2fleet","description":"","publisher":{"@id":"https:\/\/www.link2fleet.com\/fr\/#organization"},"potentialAction":[{"@type":"SearchAction","target":{"@type":"EntryPoint","urlTemplate":"https:\/\/www.link2fleet.com\/fr\/?s={search_term_string}"},"query-input":{"@type":"PropertyValueSpecification","valueRequired":true,"valueName":"search_term_string"}}],"inLanguage":"fr-FR"},{"@type":"Organization","@id":"https:\/\/www.link2fleet.com\/fr\/#organization","name":"Link2fleet","url":"https:\/\/www.link2fleet.com\/fr\/","logo":{"@type":"ImageObject","inLanguage":"fr-FR","@id":"https:\/\/www.link2fleet.com\/fr\/#\/schema\/logo\/image\/","url":"https:\/\/static.link2fleet.com\/wp-content\/uploads\/2024\/03\/share-image.jpg","contentUrl":"https:\/\/static.link2fleet.com\/wp-content\/uploads\/2024\/03\/share-image.jpg","width":1200,"height":630,"caption":"Link2fleet"},"image":{"@id":"https:\/\/www.link2fleet.com\/fr\/#\/schema\/logo\/image\/"},"sameAs":["https:\/\/www.linkedin.com\/company\/link2fleet-belgium","https:\/\/www.youtube.com\/user\/MMMBMBE"]},{"@type":"Person","@id":"https:\/\/www.link2fleet.com\/fr\/#\/schema\/person\/027cd46113c78036b3809c9a054049da","name":"Damien Malvetti","image":{"@type":"ImageObject","inLanguage":"fr-FR","@id":"https:\/\/secure.gravatar.com\/avatar\/dd8cc03b49466c735f753ac37f8caa371af16dfed347456ed61f02883255eebb?s=96&d=mm&r=g","url":"https:\/\/secure.gravatar.com\/avatar\/dd8cc03b49466c735f753ac37f8caa371af16dfed347456ed61f02883255eebb?s=96&d=mm&r=g","contentUrl":"https:\/\/secure.gravatar.com\/avatar\/dd8cc03b49466c735f753ac37f8caa371af16dfed347456ed61f02883255eebb?s=96&d=mm&r=g","caption":"Damien Malvetti"},"description":"Damien Malvetti is opgeleid als journalist en gepassioneerd door wagens, technologie en mobiliteit. Hij is verantwoordelijk voor de redactionele inhoud van link2fleet en beschikt over een uitgebreide kennis van de fleet-sector en elektrische mobiliteit.","sameAs":["https:\/\/www.linkedin.com\/in\/damien-malvetti-56601142\/"]}]}},"_links":{"self":[{"href":"https:\/\/www.link2fleet.com\/fr\/wp-json\/wp\/v2\/posts\/62500","targetHints":{"allow":["GET"]}}],"collection":[{"href":"https:\/\/www.link2fleet.com\/fr\/wp-json\/wp\/v2\/posts"}],"about":[{"href":"https:\/\/www.link2fleet.com\/fr\/wp-json\/wp\/v2\/types\/post"}],"author":[{"embeddable":true,"href":"https:\/\/www.link2fleet.com\/fr\/wp-json\/wp\/v2\/users\/4"}],"replies":[{"embeddable":true,"href":"https:\/\/www.link2fleet.com\/fr\/wp-json\/wp\/v2\/comments?post=62500"}],"version-history":[{"count":3,"href":"https:\/\/www.link2fleet.com\/fr\/wp-json\/wp\/v2\/posts\/62500\/revisions"}],"predecessor-version":[{"id":62509,"href":"https:\/\/www.link2fleet.com\/fr\/wp-json\/wp\/v2\/posts\/62500\/revisions\/62509"}],"wp:featuredmedia":[{"embeddable":true,"href":"https:\/\/www.link2fleet.com\/fr\/wp-json\/wp\/v2\/media\/62505"}],"wp:attachment":[{"href":"https:\/\/www.link2fleet.com\/fr\/wp-json\/wp\/v2\/media?parent=62500"}],"wp:term":[{"taxonomy":"category","embeddable":true,"href":"https:\/\/www.link2fleet.com\/fr\/wp-json\/wp\/v2\/categories?post=62500"},{"taxonomy":"post_tag","embeddable":true,"href":"https:\/\/www.link2fleet.com\/fr\/wp-json\/wp\/v2\/tags?post=62500"}],"curies":[{"name":"wp","href":"https:\/\/api.w.org\/{rel}","templated":true}]}}