{"id":6327,"date":"2022-05-04T12:01:32","date_gmt":"2022-05-04T10:01:32","guid":{"rendered":"https:\/\/www.link2fleet.com\/kurt-beckers-succede-a-ilse-vercammen-a-partir-du-mois-de-mai\/"},"modified":"2024-04-17T16:47:07","modified_gmt":"2024-04-17T14:47:07","slug":"kurt-beckers-succede-a-ilse-vercammen-a-partir-du-mois-de-mai","status":"publish","type":"post","link":"https:\/\/www.link2fleet.com\/fr\/kurt-beckers-succede-a-ilse-vercammen-a-partir-du-mois-de-mai\/","title":{"rendered":"KBC Autolease: Kurt Beckers succ\u00e8de \u00e0 Ilse Vercammen \u00e0 partir du mois de mai"},"content":{"rendered":"<p style=\"font-weight: 400;\">Kurt Beckers, le successeur d&rsquo;Ilse Vercammen, ne manque pas d&rsquo;exp\u00e9rience. Le nouveau Directeur Sales peut en effet s&rsquo;appuyer sur plus de 30 ans d&rsquo;exp\u00e9rience dans le secteur bancaire, dont les sept derni\u00e8res ann\u00e9es chez KBC Bank et KBC Groupe. En tant que membre du Management Team, Kurt Beckers a occup\u00e9 les fonctions commerciales de Responsable du Front Office mais a aussi \u00e9t\u00e9 Compliance Investigator et d\u00e9cideur cr\u00e9dits.<\/p>\n<p style=\"font-weight: 400;\">\n<p style=\"font-weight: 400;\"><strong>Mobility provider of choice <\/strong><\/p>\n<p style=\"font-weight: 400;\">\u00ab\u00a0Succ\u00e9der \u00e0 Ilse Vercammen ne sera pas chose ais\u00e9e\u00a0\u00bb, d\u00e9clare Kurt Beckers. \u00ab\u00a0Ilse est LA grande dame de la mobilit\u00e9 et de la durabilit\u00e9. Nous avons l&rsquo;ambition de poursuivre dans cette voie en exploitant nos connaissances et notre exp\u00e9rience en la mati\u00e8re. Nous continuerons \u00e0 d\u00e9velopper, affiner et digitaliser nos services de multimobilit\u00e9. En optant r\u00e9solument pour le digital, nous pouvons r\u00e9pondre de mani\u00e8re humaine aux pr\u00e9occupations de nos clients tout au long de leur exp\u00e9rience utilisateur. Pour r\u00e9sumer, nous avons l&rsquo;ambition d&rsquo;\u00eatre et de rester la r\u00e9f\u00e9rence. Pas les plus grands, mais bien les meilleurs. Nous voulons \u00eatre le <em>Mobility Provider of Choice<\/em>.\u00a0\u00bb<\/p>\n","protected":false},"excerpt":{"rendered":"<p>Kurt Beckers, le successeur d&rsquo;Ilse Vercammen, ne manque pas d&rsquo;exp\u00e9rience. Le nouveau Directeur Sales peut en effet s&rsquo;appuyer sur plus de 30 ans d&rsquo;exp\u00e9rience dans le secteur bancaire, dont les sept derni\u00e8res ann\u00e9es chez KBC Bank et KBC Groupe. En tant que membre du Management Team, Kurt Beckers a occup\u00e9 les fonctions commerciales de Responsable [&hellip;]<\/p>\n","protected":false},"author":4,"featured_media":6328,"comment_status":"closed","ping_status":"closed","sticky":false,"template":"","format":"standard","meta":{"_acf_changed":false,"footnotes":""},"categories":[91,79],"tags":[],"class_list":["post-6327","post","type-post","status-publish","format-standard","has-post-thumbnail","hentry","category-expertise-et-management","category-societes-de-leasing"],"acf":[],"yoast_head":"<!-- This site is optimized with the Yoast SEO plugin v27.3 - https:\/\/yoast.com\/product\/yoast-seo-wordpress\/ -->\n<title>KBC Autolease: Kurt Beckers succ\u00e8de \u00e0 Ilse Vercammen \u00e0 partir du mois de mai - link2fleet<\/title>\n<meta name=\"description\" content=\"KBC Autolease annonce la nomination de Kurt Beckers en tant que nouveau Directeur Sales. Kurt poursuivra sur la voie de la multimodalit\u00e9 en mettant l&rsquo;accent\u2026\" \/>\n<meta name=\"robots\" content=\"index, follow, max-snippet:-1, max-image-preview:large, max-video-preview:-1\" \/>\n<meta property=\"og:locale\" content=\"fr_FR\" \/>\n<meta property=\"og:type\" content=\"article\" \/>\n<meta property=\"og:title\" content=\"KBC Autolease: Kurt Beckers succ\u00e8de \u00e0 Ilse Vercammen \u00e0 partir du mois de mai - link2fleet\" \/>\n<meta property=\"og:description\" content=\"KBC Autolease annonce la nomination de Kurt Beckers en tant que nouveau Directeur Sales. Kurt poursuivra sur la voie de la multimodalit\u00e9 en mettant l&rsquo;accent\u2026\" \/>\n<meta property=\"og:url\" content=\"https:\/\/www.link2fleet.com\/fr\/kurt-beckers-succede-a-ilse-vercammen-a-partir-du-mois-de-mai\/\" \/>\n<meta property=\"og:site_name\" content=\"link2fleet\" \/>\n<meta property=\"article:published_time\" content=\"2022-05-04T10:01:32+00:00\" \/>\n<meta property=\"article:modified_time\" content=\"2024-04-17T14:47:07+00:00\" \/>\n<meta property=\"og:image\" content=\"https:\/\/static.link2fleet.com\/wp-content\/uploads\/2024\/03\/autoleaseamt0322-007-geknipt-zonder-elektriciteitskabel-scaled-1.jpg\" \/>\n\t<meta property=\"og:image:width\" content=\"2560\" \/>\n\t<meta property=\"og:image:height\" content=\"1866\" \/>\n\t<meta property=\"og:image:type\" content=\"image\/jpeg\" \/>\n<meta name=\"author\" content=\"Damien Malvetti\" \/>\n<meta name=\"twitter:card\" content=\"summary_large_image\" \/>\n<meta name=\"twitter:description\" content=\"KBC Autolease annonce la nomination de Kurt Beckers en tant que nouveau Directeur Sales. Kurt poursuivra sur la voie de la multimodalit\u00e9 en mettant l&rsquo;accent\u2026\" \/>\n<meta name=\"twitter:label1\" content=\"\u00c9crit par\" \/>\n\t<meta name=\"twitter:data1\" content=\"Damien Malvetti\" \/>\n\t<meta name=\"twitter:label2\" content=\"Dur\u00e9e de lecture estim\u00e9e\" \/>\n\t<meta name=\"twitter:data2\" content=\"1 minute\" \/>\n<script type=\"application\/ld+json\" class=\"yoast-schema-graph\">{\"@context\":\"https:\\\/\\\/schema.org\",\"@graph\":[{\"@type\":\"Article\",\"@id\":\"https:\\\/\\\/www.link2fleet.com\\\/fr\\\/kurt-beckers-succede-a-ilse-vercammen-a-partir-du-mois-de-mai\\\/#article\",\"isPartOf\":{\"@id\":\"https:\\\/\\\/www.link2fleet.com\\\/fr\\\/kurt-beckers-succede-a-ilse-vercammen-a-partir-du-mois-de-mai\\\/\"},\"author\":{\"name\":\"Damien Malvetti\",\"@id\":\"https:\\\/\\\/www.link2fleet.com\\\/fr\\\/#\\\/schema\\\/person\\\/027cd46113c78036b3809c9a054049da\"},\"headline\":\"KBC Autolease: Kurt Beckers succ\u00e8de \u00e0 Ilse Vercammen \u00e0 partir du mois de mai\",\"datePublished\":\"2022-05-04T10:01:32+00:00\",\"dateModified\":\"2024-04-17T14:47:07+00:00\",\"mainEntityOfPage\":{\"@id\":\"https:\\\/\\\/www.link2fleet.com\\\/fr\\\/kurt-beckers-succede-a-ilse-vercammen-a-partir-du-mois-de-mai\\\/\"},\"wordCount\":212,\"publisher\":{\"@id\":\"https:\\\/\\\/www.link2fleet.com\\\/fr\\\/#organization\"},\"image\":{\"@id\":\"https:\\\/\\\/www.link2fleet.com\\\/fr\\\/kurt-beckers-succede-a-ilse-vercammen-a-partir-du-mois-de-mai\\\/#primaryimage\"},\"thumbnailUrl\":\"https:\\\/\\\/static.link2fleet.com\\\/wp-content\\\/uploads\\\/2024\\\/03\\\/autoleaseamt0322-007-geknipt-zonder-elektriciteitskabel-scaled-1.jpg\",\"articleSection\":[\"Gestion de flotte\",\"Location long-terme\"],\"inLanguage\":\"fr-FR\"},{\"@type\":\"WebPage\",\"@id\":\"https:\\\/\\\/www.link2fleet.com\\\/fr\\\/kurt-beckers-succede-a-ilse-vercammen-a-partir-du-mois-de-mai\\\/\",\"url\":\"https:\\\/\\\/www.link2fleet.com\\\/fr\\\/kurt-beckers-succede-a-ilse-vercammen-a-partir-du-mois-de-mai\\\/\",\"name\":\"KBC Autolease: Kurt Beckers succ\u00e8de \u00e0 Ilse Vercammen \u00e0 partir du mois de mai - link2fleet\",\"isPartOf\":{\"@id\":\"https:\\\/\\\/www.link2fleet.com\\\/fr\\\/#website\"},\"primaryImageOfPage\":{\"@id\":\"https:\\\/\\\/www.link2fleet.com\\\/fr\\\/kurt-beckers-succede-a-ilse-vercammen-a-partir-du-mois-de-mai\\\/#primaryimage\"},\"image\":{\"@id\":\"https:\\\/\\\/www.link2fleet.com\\\/fr\\\/kurt-beckers-succede-a-ilse-vercammen-a-partir-du-mois-de-mai\\\/#primaryimage\"},\"thumbnailUrl\":\"https:\\\/\\\/static.link2fleet.com\\\/wp-content\\\/uploads\\\/2024\\\/03\\\/autoleaseamt0322-007-geknipt-zonder-elektriciteitskabel-scaled-1.jpg\",\"datePublished\":\"2022-05-04T10:01:32+00:00\",\"dateModified\":\"2024-04-17T14:47:07+00:00\",\"breadcrumb\":{\"@id\":\"https:\\\/\\\/www.link2fleet.com\\\/fr\\\/kurt-beckers-succede-a-ilse-vercammen-a-partir-du-mois-de-mai\\\/#breadcrumb\"},\"inLanguage\":\"fr-FR\",\"potentialAction\":[{\"@type\":\"ReadAction\",\"target\":[\"https:\\\/\\\/www.link2fleet.com\\\/fr\\\/kurt-beckers-succede-a-ilse-vercammen-a-partir-du-mois-de-mai\\\/\"]}]},{\"@type\":\"ImageObject\",\"inLanguage\":\"fr-FR\",\"@id\":\"https:\\\/\\\/www.link2fleet.com\\\/fr\\\/kurt-beckers-succede-a-ilse-vercammen-a-partir-du-mois-de-mai\\\/#primaryimage\",\"url\":\"https:\\\/\\\/static.link2fleet.com\\\/wp-content\\\/uploads\\\/2024\\\/03\\\/autoleaseamt0322-007-geknipt-zonder-elektriciteitskabel-scaled-1.jpg\",\"contentUrl\":\"https:\\\/\\\/static.link2fleet.com\\\/wp-content\\\/uploads\\\/2024\\\/03\\\/autoleaseamt0322-007-geknipt-zonder-elektriciteitskabel-scaled-1.jpg\",\"width\":2560,\"height\":1866,\"caption\":\"|\"},{\"@type\":\"BreadcrumbList\",\"@id\":\"https:\\\/\\\/www.link2fleet.com\\\/fr\\\/kurt-beckers-succede-a-ilse-vercammen-a-partir-du-mois-de-mai\\\/#breadcrumb\",\"itemListElement\":[{\"@type\":\"ListItem\",\"position\":1,\"name\":\"Home\",\"item\":\"https:\\\/\\\/www.link2fleet.com\\\/fr\\\/\"},{\"@type\":\"ListItem\",\"position\":2,\"name\":\"KBC Autolease: Kurt Beckers succ\u00e8de \u00e0 Ilse Vercammen \u00e0 partir du mois de mai\"}]},{\"@type\":\"WebSite\",\"@id\":\"https:\\\/\\\/www.link2fleet.com\\\/fr\\\/#website\",\"url\":\"https:\\\/\\\/www.link2fleet.com\\\/fr\\\/\",\"name\":\"Link2fleet\",\"description\":\"\",\"publisher\":{\"@id\":\"https:\\\/\\\/www.link2fleet.com\\\/fr\\\/#organization\"},\"potentialAction\":[{\"@type\":\"SearchAction\",\"target\":{\"@type\":\"EntryPoint\",\"urlTemplate\":\"https:\\\/\\\/www.link2fleet.com\\\/fr\\\/?s={search_term_string}\"},\"query-input\":{\"@type\":\"PropertyValueSpecification\",\"valueRequired\":true,\"valueName\":\"search_term_string\"}}],\"inLanguage\":\"fr-FR\"},{\"@type\":\"Organization\",\"@id\":\"https:\\\/\\\/www.link2fleet.com\\\/fr\\\/#organization\",\"name\":\"Link2fleet\",\"url\":\"https:\\\/\\\/www.link2fleet.com\\\/fr\\\/\",\"logo\":{\"@type\":\"ImageObject\",\"inLanguage\":\"fr-FR\",\"@id\":\"https:\\\/\\\/www.link2fleet.com\\\/fr\\\/#\\\/schema\\\/logo\\\/image\\\/\",\"url\":\"https:\\\/\\\/static.link2fleet.com\\\/wp-content\\\/uploads\\\/2024\\\/03\\\/share-image.jpg\",\"contentUrl\":\"https:\\\/\\\/static.link2fleet.com\\\/wp-content\\\/uploads\\\/2024\\\/03\\\/share-image.jpg\",\"width\":1200,\"height\":630,\"caption\":\"Link2fleet\"},\"image\":{\"@id\":\"https:\\\/\\\/www.link2fleet.com\\\/fr\\\/#\\\/schema\\\/logo\\\/image\\\/\"},\"sameAs\":[\"https:\\\/\\\/www.linkedin.com\\\/company\\\/link2fleet-belgium\",\"https:\\\/\\\/www.youtube.com\\\/user\\\/MMMBMBE\"]},{\"@type\":\"Person\",\"@id\":\"https:\\\/\\\/www.link2fleet.com\\\/fr\\\/#\\\/schema\\\/person\\\/027cd46113c78036b3809c9a054049da\",\"name\":\"Damien Malvetti\",\"image\":{\"@type\":\"ImageObject\",\"inLanguage\":\"fr-FR\",\"@id\":\"https:\\\/\\\/secure.gravatar.com\\\/avatar\\\/dd8cc03b49466c735f753ac37f8caa371af16dfed347456ed61f02883255eebb?s=96&d=mm&r=g\",\"url\":\"https:\\\/\\\/secure.gravatar.com\\\/avatar\\\/dd8cc03b49466c735f753ac37f8caa371af16dfed347456ed61f02883255eebb?s=96&d=mm&r=g\",\"contentUrl\":\"https:\\\/\\\/secure.gravatar.com\\\/avatar\\\/dd8cc03b49466c735f753ac37f8caa371af16dfed347456ed61f02883255eebb?s=96&d=mm&r=g\",\"caption\":\"Damien Malvetti\"},\"description\":\"Damien Malvetti is opgeleid als journalist en gepassioneerd door wagens, technologie en mobiliteit. Hij is verantwoordelijk voor de redactionele inhoud van link2fleet en beschikt over een uitgebreide kennis van de fleet-sector en elektrische mobiliteit.\",\"sameAs\":[\"https:\\\/\\\/www.linkedin.com\\\/in\\\/damien-malvetti-56601142\\\/\"]}]}<\/script>\n<!-- \/ Yoast SEO plugin. -->","yoast_head_json":{"title":"KBC Autolease: Kurt Beckers succ\u00e8de \u00e0 Ilse Vercammen \u00e0 partir du mois de mai - link2fleet","description":"KBC Autolease annonce la nomination de Kurt Beckers en tant que nouveau Directeur Sales. Kurt poursuivra sur la voie de la multimodalit\u00e9 en mettant l&rsquo;accent\u2026","robots":{"index":"index","follow":"follow","max-snippet":"max-snippet:-1","max-image-preview":"max-image-preview:large","max-video-preview":"max-video-preview:-1"},"og_locale":"fr_FR","og_type":"article","og_title":"KBC Autolease: Kurt Beckers succ\u00e8de \u00e0 Ilse Vercammen \u00e0 partir du mois de mai - link2fleet","og_description":"KBC Autolease annonce la nomination de Kurt Beckers en tant que nouveau Directeur Sales. Kurt poursuivra sur la voie de la multimodalit\u00e9 en mettant l&rsquo;accent\u2026","og_url":"https:\/\/www.link2fleet.com\/fr\/kurt-beckers-succede-a-ilse-vercammen-a-partir-du-mois-de-mai\/","og_site_name":"link2fleet","article_published_time":"2022-05-04T10:01:32+00:00","article_modified_time":"2024-04-17T14:47:07+00:00","og_image":[{"width":2560,"height":1866,"url":"https:\/\/static.link2fleet.com\/wp-content\/uploads\/2024\/03\/autoleaseamt0322-007-geknipt-zonder-elektriciteitskabel-scaled-1.jpg","type":"image\/jpeg"}],"author":"Damien Malvetti","twitter_card":"summary_large_image","twitter_description":"KBC Autolease annonce la nomination de Kurt Beckers en tant que nouveau Directeur Sales. Kurt poursuivra sur la voie de la multimodalit\u00e9 en mettant l&rsquo;accent\u2026","twitter_misc":{"\u00c9crit par":"Damien Malvetti","Dur\u00e9e de lecture estim\u00e9e":"1 minute"},"schema":{"@context":"https:\/\/schema.org","@graph":[{"@type":"Article","@id":"https:\/\/www.link2fleet.com\/fr\/kurt-beckers-succede-a-ilse-vercammen-a-partir-du-mois-de-mai\/#article","isPartOf":{"@id":"https:\/\/www.link2fleet.com\/fr\/kurt-beckers-succede-a-ilse-vercammen-a-partir-du-mois-de-mai\/"},"author":{"name":"Damien Malvetti","@id":"https:\/\/www.link2fleet.com\/fr\/#\/schema\/person\/027cd46113c78036b3809c9a054049da"},"headline":"KBC Autolease: Kurt Beckers succ\u00e8de \u00e0 Ilse Vercammen \u00e0 partir du mois de mai","datePublished":"2022-05-04T10:01:32+00:00","dateModified":"2024-04-17T14:47:07+00:00","mainEntityOfPage":{"@id":"https:\/\/www.link2fleet.com\/fr\/kurt-beckers-succede-a-ilse-vercammen-a-partir-du-mois-de-mai\/"},"wordCount":212,"publisher":{"@id":"https:\/\/www.link2fleet.com\/fr\/#organization"},"image":{"@id":"https:\/\/www.link2fleet.com\/fr\/kurt-beckers-succede-a-ilse-vercammen-a-partir-du-mois-de-mai\/#primaryimage"},"thumbnailUrl":"https:\/\/static.link2fleet.com\/wp-content\/uploads\/2024\/03\/autoleaseamt0322-007-geknipt-zonder-elektriciteitskabel-scaled-1.jpg","articleSection":["Gestion de flotte","Location long-terme"],"inLanguage":"fr-FR"},{"@type":"WebPage","@id":"https:\/\/www.link2fleet.com\/fr\/kurt-beckers-succede-a-ilse-vercammen-a-partir-du-mois-de-mai\/","url":"https:\/\/www.link2fleet.com\/fr\/kurt-beckers-succede-a-ilse-vercammen-a-partir-du-mois-de-mai\/","name":"KBC Autolease: Kurt Beckers succ\u00e8de \u00e0 Ilse Vercammen \u00e0 partir du mois de mai - link2fleet","isPartOf":{"@id":"https:\/\/www.link2fleet.com\/fr\/#website"},"primaryImageOfPage":{"@id":"https:\/\/www.link2fleet.com\/fr\/kurt-beckers-succede-a-ilse-vercammen-a-partir-du-mois-de-mai\/#primaryimage"},"image":{"@id":"https:\/\/www.link2fleet.com\/fr\/kurt-beckers-succede-a-ilse-vercammen-a-partir-du-mois-de-mai\/#primaryimage"},"thumbnailUrl":"https:\/\/static.link2fleet.com\/wp-content\/uploads\/2024\/03\/autoleaseamt0322-007-geknipt-zonder-elektriciteitskabel-scaled-1.jpg","datePublished":"2022-05-04T10:01:32+00:00","dateModified":"2024-04-17T14:47:07+00:00","breadcrumb":{"@id":"https:\/\/www.link2fleet.com\/fr\/kurt-beckers-succede-a-ilse-vercammen-a-partir-du-mois-de-mai\/#breadcrumb"},"inLanguage":"fr-FR","potentialAction":[{"@type":"ReadAction","target":["https:\/\/www.link2fleet.com\/fr\/kurt-beckers-succede-a-ilse-vercammen-a-partir-du-mois-de-mai\/"]}]},{"@type":"ImageObject","inLanguage":"fr-FR","@id":"https:\/\/www.link2fleet.com\/fr\/kurt-beckers-succede-a-ilse-vercammen-a-partir-du-mois-de-mai\/#primaryimage","url":"https:\/\/static.link2fleet.com\/wp-content\/uploads\/2024\/03\/autoleaseamt0322-007-geknipt-zonder-elektriciteitskabel-scaled-1.jpg","contentUrl":"https:\/\/static.link2fleet.com\/wp-content\/uploads\/2024\/03\/autoleaseamt0322-007-geknipt-zonder-elektriciteitskabel-scaled-1.jpg","width":2560,"height":1866,"caption":"|"},{"@type":"BreadcrumbList","@id":"https:\/\/www.link2fleet.com\/fr\/kurt-beckers-succede-a-ilse-vercammen-a-partir-du-mois-de-mai\/#breadcrumb","itemListElement":[{"@type":"ListItem","position":1,"name":"Home","item":"https:\/\/www.link2fleet.com\/fr\/"},{"@type":"ListItem","position":2,"name":"KBC Autolease: Kurt Beckers succ\u00e8de \u00e0 Ilse Vercammen \u00e0 partir du mois de mai"}]},{"@type":"WebSite","@id":"https:\/\/www.link2fleet.com\/fr\/#website","url":"https:\/\/www.link2fleet.com\/fr\/","name":"Link2fleet","description":"","publisher":{"@id":"https:\/\/www.link2fleet.com\/fr\/#organization"},"potentialAction":[{"@type":"SearchAction","target":{"@type":"EntryPoint","urlTemplate":"https:\/\/www.link2fleet.com\/fr\/?s={search_term_string}"},"query-input":{"@type":"PropertyValueSpecification","valueRequired":true,"valueName":"search_term_string"}}],"inLanguage":"fr-FR"},{"@type":"Organization","@id":"https:\/\/www.link2fleet.com\/fr\/#organization","name":"Link2fleet","url":"https:\/\/www.link2fleet.com\/fr\/","logo":{"@type":"ImageObject","inLanguage":"fr-FR","@id":"https:\/\/www.link2fleet.com\/fr\/#\/schema\/logo\/image\/","url":"https:\/\/static.link2fleet.com\/wp-content\/uploads\/2024\/03\/share-image.jpg","contentUrl":"https:\/\/static.link2fleet.com\/wp-content\/uploads\/2024\/03\/share-image.jpg","width":1200,"height":630,"caption":"Link2fleet"},"image":{"@id":"https:\/\/www.link2fleet.com\/fr\/#\/schema\/logo\/image\/"},"sameAs":["https:\/\/www.linkedin.com\/company\/link2fleet-belgium","https:\/\/www.youtube.com\/user\/MMMBMBE"]},{"@type":"Person","@id":"https:\/\/www.link2fleet.com\/fr\/#\/schema\/person\/027cd46113c78036b3809c9a054049da","name":"Damien Malvetti","image":{"@type":"ImageObject","inLanguage":"fr-FR","@id":"https:\/\/secure.gravatar.com\/avatar\/dd8cc03b49466c735f753ac37f8caa371af16dfed347456ed61f02883255eebb?s=96&d=mm&r=g","url":"https:\/\/secure.gravatar.com\/avatar\/dd8cc03b49466c735f753ac37f8caa371af16dfed347456ed61f02883255eebb?s=96&d=mm&r=g","contentUrl":"https:\/\/secure.gravatar.com\/avatar\/dd8cc03b49466c735f753ac37f8caa371af16dfed347456ed61f02883255eebb?s=96&d=mm&r=g","caption":"Damien Malvetti"},"description":"Damien Malvetti is opgeleid als journalist en gepassioneerd door wagens, technologie en mobiliteit. Hij is verantwoordelijk voor de redactionele inhoud van link2fleet en beschikt over een uitgebreide kennis van de fleet-sector en elektrische mobiliteit.","sameAs":["https:\/\/www.linkedin.com\/in\/damien-malvetti-56601142\/"]}]}},"_links":{"self":[{"href":"https:\/\/www.link2fleet.com\/fr\/wp-json\/wp\/v2\/posts\/6327","targetHints":{"allow":["GET"]}}],"collection":[{"href":"https:\/\/www.link2fleet.com\/fr\/wp-json\/wp\/v2\/posts"}],"about":[{"href":"https:\/\/www.link2fleet.com\/fr\/wp-json\/wp\/v2\/types\/post"}],"author":[{"embeddable":true,"href":"https:\/\/www.link2fleet.com\/fr\/wp-json\/wp\/v2\/users\/4"}],"replies":[{"embeddable":true,"href":"https:\/\/www.link2fleet.com\/fr\/wp-json\/wp\/v2\/comments?post=6327"}],"version-history":[{"count":0,"href":"https:\/\/www.link2fleet.com\/fr\/wp-json\/wp\/v2\/posts\/6327\/revisions"}],"wp:featuredmedia":[{"embeddable":true,"href":"https:\/\/www.link2fleet.com\/fr\/wp-json\/wp\/v2\/media\/6328"}],"wp:attachment":[{"href":"https:\/\/www.link2fleet.com\/fr\/wp-json\/wp\/v2\/media?parent=6327"}],"wp:term":[{"taxonomy":"category","embeddable":true,"href":"https:\/\/www.link2fleet.com\/fr\/wp-json\/wp\/v2\/categories?post=6327"},{"taxonomy":"post_tag","embeddable":true,"href":"https:\/\/www.link2fleet.com\/fr\/wp-json\/wp\/v2\/tags?post=6327"}],"curies":[{"name":"wp","href":"https:\/\/api.w.org\/{rel}","templated":true}]}}