{"id":6381,"date":"2022-05-08T16:19:38","date_gmt":"2022-05-08T14:19:38","guid":{"rendered":"https:\/\/www.link2fleet.com\/tco-larbre-qui-cache-la-foret\/"},"modified":"2024-10-01T10:42:55","modified_gmt":"2024-10-01T08:42:55","slug":"tco-larbre-qui-cache-la-foret","status":"publish","type":"post","link":"https:\/\/www.link2fleet.com\/fr\/tco-larbre-qui-cache-la-foret\/","title":{"rendered":"TCO: l\u2019arbre qui cache la for\u00eat"},"content":{"rendered":"<p><span data-contrast=\"none\">En fonction de la m\u00e9thode choisie, il existe plus de <\/span><span data-contrast=\"auto\">50 approches diff\u00e9rentes du concept de total cost of ownership. Dans la pratique, on s&rsquo;accorde sur une approche qui prend en compte trois concepts : TCO 1, TCO 2 et TCO 3. Plus pr\u00e9cis\u00e9ment, l&rsquo;approche la plus couramment utilis\u00e9e est celle dite TCO 2 qui tient compte de la taxe sur les d\u00e9penses rejet\u00e9es. C&rsquo;est \u00e9galement la m\u00e9thode de calcul utilis\u00e9e par <\/span><span data-contrast=\"none\">les pouvoirs publics <\/span><span data-contrast=\"auto\">pour d\u00e9terminer le budget de mobilit\u00e9. Nous allons parcourir ensemble ces trois concepts. <\/span><span data-contrast=\"none\">Vous pourrez ainsi <\/span><span data-contrast=\"auto\">travailler avec l&rsquo;approche la plus correcte pour le co\u00fbt de votre flotte.<\/span><span data-ccp-props=\"{}\">\u00a0<\/span><\/p>\n<p><span data-ccp-props=\"{}\">\u00a0<\/span><\/p>\n<p><strong><i>TCO 1 : la base pour <\/i><i>vos calculs<\/i>\u00a0<\/strong><\/p>\n<p><span data-contrast=\"auto\">Dans le calcul du TCO, l&rsquo;objectif est d&rsquo;\u00eatre aussi complet que possible. Cela signifie que les calculs de TCO qui ne prennent en compte que le prix d&rsquo;achat, mais pas l&rsquo;entretien ou les pneus, ou les calculs de TCO qui ne prennent en compte que le co\u00fbt de financement mais pas la valeur de revente, ne donnent pas une image correcte de ce que co\u00fbte r\u00e9ellement une voiture \u00e0 l&rsquo;entreprise.<\/span><span data-ccp-props=\"{}\">\u00a0<\/span><\/p>\n<p><span data-contrast=\"auto\">Par cons\u00e9quent, le calcul du TCO de base est bas\u00e9 sur un montant mensuel en location \u00e0 long terme, services compris. L&rsquo;avantage est qu&rsquo;un tel prix de location tient d\u00e9j\u00e0 compte de la valeur de revente \u00e0 la fin de la p\u00e9riode d&rsquo;utilisation, ce qui est tr\u00e8s difficile lorsque vous utilisez un autre mode de financement. En outre, le tarif de location long terme comprend l&rsquo;entretien, le remplacement des pneus, des services tels que l&rsquo;assistance en cas de panne et une voiture de remplacement, ainsi que l&rsquo;immatriculation et la taxe de circulation, ce qui en fait un ensemble assez complet et donc la base parfaite pour votre calcul.<\/span><span data-ccp-props=\"{}\">\u00a0<\/span><span data-ccp-props=\"{}\">\u00a0<\/span><\/p>\n<p><span data-contrast=\"auto\">Dans le cadre de ce qu\u2019on appelle le TCO 1, on ajoute aussi \u00e0 ce co\u00fbt de loyer mensuel \u00e0 long-terme la TVA non-r\u00e9cup\u00e9rable sur le montant de <\/span><span data-contrast=\"none\">la<\/span><span data-contrast=\"auto\"> location (ou la totalit\u00e9 de la TVA s\u2019il s\u2019agit d\u2019un client non-assujetti \u00e0 la TVA). Les autres \u00e9l\u00e9ments dans le calcul du TCO 1 sont l\u2019\u00e9ventuelle cotisation de solidarit\u00e9 CO2 (d\u2019application quand la voiture est mise \u00e0 disposition d\u2019un employ\u00e9 qui en fait aussi un usage personnel) et les co\u00fbts de carburant ou d\u2019\u00e9lectricit\u00e9.<\/span><span data-ccp-props=\"{}\">\u00a0<\/span><\/p>\n<p><span data-contrast=\"auto\">Le TCO 1 est aussi appel\u00e9 \u2018Cash Out-TCO\u2019, parce que le co\u00fbt en TCO 1 est bas\u00e9 sur ce que vous devez payer tous les mois pour votre voiture, soit la location, l\u2019\u00e9nergie, la cotisation de solidarit\u00e9 CO2 et la TVA. Il ne tient pas compte de la taxe sur les d\u00e9penses rejet\u00e9es car celle-ci n\u2019est reprise que dans le calcul du TCO 2.<\/span><span data-ccp-props=\"{}\">\u00a0<\/span><\/p>\n<p><span data-contrast=\"auto\">Une voiture dont le prix d\u2019achat ou le loyer mensuel <\/span><span data-contrast=\"none\">est plus \u00e9lev\u00e9 <\/span><span data-contrast=\"auto\">qu\u2019une autre pourrait para\u00eetre plus avantageuse dans la calcul du TCO 1, si elle consomme par exemple moins de carburant ou affiche une cotisation de solidarit\u00e9 plus faible en raison d\u2019un CO2 moins \u00e9lev\u00e9. Toutefois, m\u00eame apr\u00e8s le calcul du TCO 1, une voiture peut ne pas sembler la plus avantageuse ; elle ne le devient que <\/span><span data-contrast=\"none\">lorsqu\u2019il est \u00e9galement tenu compte <\/span><span data-contrast=\"auto\">des d\u00e9penses rejet\u00e9es dans le calcul du TCO 2. Il est important de toujours effectuer le calcul en fonction de vos besoins, et donc d&rsquo;utiliser les param\u00e8tres de votre entreprise.<\/span><span data-ccp-props=\"{}\">\u00a0<\/span><\/p>\n<p>&nbsp;<\/p>\n<p><strong><i>TCO 2: la m\u00e9thode de calcul la plus utilis\u00e9e<\/i>\u00a0<\/strong><\/p>\n<p><span data-contrast=\"auto\">Dans la pratique, la majorit\u00e9 des gestionnaires de flotte utilisent la m\u00e9thode TCO 2. Celle-ci est plus compl\u00e8te que le calcul du TCO 1 car elle prend aussi en compte l\u2019imp\u00f4t sur les d\u00e9penses rejet\u00e9es. C\u2019est aussi le calcul qui est utilis\u00e9 par les autorit\u00e9s par exemple pour calculer le montant disponible pour le budget de mobilit\u00e9.<\/span><span data-ccp-props=\"{}\">\u00a0<\/span><\/p>\n<p><span data-contrast=\"auto\">Lorsqu\u2019une voiture n\u2019est pas totalement d\u00e9ductible fiscalement (ce qui est aujourd\u2019hui le cas des voitures diesel, essence et plug-in hybrides), il existe des d\u00e9penses non admises qui seront impos\u00e9es dans le cadre de l&rsquo;imp\u00f4t sur les soci\u00e9t\u00e9s ou de l&rsquo;imp\u00f4t sur le revenu des personnes physiques aux taux d&rsquo;imposition respectifs. Pour toutes les voitures, il y aussi les d\u00e9penses rejet\u00e9es sur l\u2019avantage de toute nature. L\u2019imp\u00f4t sur ces d\u00e9penses non-admises n\u2019est pas per\u00e7u imm\u00e9diatement, mais seulement \u00e0 la cl\u00f4ture de l\u2019exercice pr\u00e9c\u00e9dent, lorsque le montant d\u00e9finitif de l\u2019imp\u00f4t est d\u00e9termin\u00e9 dans le compte de r\u00e9sultat.<\/span><span data-ccp-props=\"{}\">\u00a0<\/span><\/p>\n<p><span data-contrast=\"auto\">Si vous ne tenez pas compte des d\u00e9penses rejet\u00e9es sur votre voiture, et donc uniquement des co\u00fbts mensuels que vous avez pay\u00e9s au cours de l&rsquo;exercice comptable pr\u00e9c\u00e9dent, vous travaillez en TCO 1. Mais cela a-t-il un sens, quand on sait qu&rsquo;une partie (parfois consid\u00e9rable) de ce que l&rsquo;on a d\u00e9pens\u00e9 sera \u00e0 nouveau impos\u00e9e apr\u00e8s la cl\u00f4ture de l&rsquo;exercice ? Ce co\u00fbt suppl\u00e9mentaire doit donc \u00e9galement \u00eatre inclus dans le calcul d&rsquo;un TCO complet, m\u00eame s&rsquo;il ne doit \u00eatre pay\u00e9 que plus tard.<\/span><span data-ccp-props=\"{}\">\u00a0<\/span><\/p>\n<p><span data-contrast=\"auto\">Dans le TCO 2, la taxe sur les d\u00e9penses non admises sera donc ajout\u00e9e au calcul du TCO 1. Il s&rsquo;agit de la taxe sur les d\u00e9penses non admises relatives aux frais de voiture, aux frais de carburant et \u00e0 l&rsquo;avantage de toute nature (dont 17 ou 40 % doivent \u00eatre ajout\u00e9s aux d\u00e9penses non admises selon que l&rsquo;utilisateur dispose ou non d&rsquo;une carte de carburant).<\/span><span data-ccp-props=\"{}\">\u00a0<\/span><\/p>\n<p><span data-contrast=\"auto\">Lorsque vous incluez la taxe sur les d\u00e9penses rejet\u00e9es dans le calcul du TCO 2, la voiture qui apparaissait la plus ch\u00e8re en raison de son prix d\u2019achat ou de son tarif leasing et qui n\u2019\u00e9tait pas comp\u00e9titive en TCO 1 peut soudainement se r\u00e9v\u00e9ler plus avantageuse. C\u2019est particuli\u00e8rement vrai pour les voitures \u00e9lectriques et hybrides rechargeables, qui sont handicap\u00e9es par leur prix d\u2019achat plus \u00e9lev\u00e9, mais rattrapent leur retard dans le calcul du TCO gr\u00e2ce \u00e0 leurs incitants fiscaux et \u00e0 leur consommation plus faible.<\/span><span data-ccp-props=\"{}\">\u00a0<\/span><\/p>\n<p><span data-ccp-props=\"{}\">\u00a0<\/span><\/p>\n<p><strong><i>TCO 3: le TCO commercial<\/i>\u00a0<\/strong><\/p>\n<p><span data-contrast=\"auto\">Une m\u00e9thode de calcul utilis\u00e9e moins couramment est le TCO 3, soit le TCO apr\u00e8s avantage <\/span><span data-contrast=\"none\">fiscal. <\/span><span data-contrast=\"auto\">Celui-ci va encore une \u00e9tape plus loin que le TCO puisqu\u2019ici on ne tient pas seulement compte de l\u2019imp\u00f4t sur les d\u00e9penses rejet\u00e9es \u2013 comme dans le TCO 2 -, mais aussi de l&rsquo;avantage fiscal dont vous b\u00e9n\u00e9ficiez gr\u00e2ce \u00e0 la d\u00e9ductibilit\u00e9 de (une partie de) vos frais de voiture. Vous ne payez pas seulement l&rsquo;imp\u00f4t suppl\u00e9mentaire d\u00fb sur la partie des d\u00e9penses non admises, mais vous b\u00e9n\u00e9ficiez \u00e9galement d&rsquo;une \u00e9conomie d&rsquo;imp\u00f4t sur la partie des d\u00e9penses de voiture qui est d\u00e9ductible. Le TCO 3 est donc syst\u00e9matiquement inf\u00e9rieur au TCO 2 pour les voitures dont une partie des co\u00fbts est d\u00e9ductible des imp\u00f4ts. Pour cette raison, cette approche est souvent utilis\u00e9e par les soci\u00e9t\u00e9s de leasing qui peuvent ainsi indiquer un TCO plus faible et est \u00e9galement appel\u00e9e \u00ab\u00a0TCO commercial\u00a0\u00bb.<\/span><span data-ccp-props=\"{}\">\u00a0<\/span><\/p>\n<p><span data-contrast=\"auto\">Dans la pratique, cette m\u00e9thode de calcul est moins courant que le TCO 2 classique apr\u00e8s imposition sur les d\u00e9penses non admises. Toutefois, il est important que l&rsquo;approche utilis\u00e9e soit toujours clairement indiqu\u00e9e.<\/span><span data-ccp-props=\"{}\">\u00a0<\/span><\/p>\n<p><span data-ccp-props=\"{}\">\u00a0<\/span><\/p>\n<p><strong><i>Difficile sans outil<\/i>\u00a0<\/strong><\/p>\n<p><span data-contrast=\"auto\">Le calcul du TCO est possible sans outil sp\u00e9cialis\u00e9, mais demande une connaissance de la fiscalit\u00e9 et un outil Excel correctement pr\u00e9par\u00e9 pour celui qui va s\u2019y coller. Il est donc plus facile d&rsquo;utiliser les outils professionnels de calcul du TCO disponibles sur le march\u00e9, qui sont en ligne et qui, sur base, par exemple, d&rsquo;un prix de location \u00e0 long terme (mais aussi sur la base des <\/span><span data-contrast=\"none\">prix d&rsquo;achat ou de location<\/span><span data-contrast=\"auto\">), effectuent un calcul complet du TCO 1, 2 et 3 en un clin d&rsquo;\u0153il et tiennent compte des derni\u00e8res r\u00e8gles fiscales et des derniers tarifs des carburants car ils sont imm\u00e9diatement mis \u00e0 jour \u00e0 chaque changement.<\/span><span data-ccp-props=\"{}\">\u00a0<\/span><span data-ccp-props=\"{}\">\u00a0<\/span><\/p>\n<p><span data-contrast=\"auto\">Celui qui utilise un tel outil est certain de son calcul et dispose \u00e9galement d&rsquo;une preuve ind\u00e9pendante du r\u00e9sultat. Cela donne confiance et permet \u00e9galement au gestionnaire de flotte de justifier plus facilement sa d\u00e9cision aupr\u00e8s de la direction et des conducteurs.<\/span><span data-ccp-props=\"{}\">\u00a0<\/span><\/p>\n<p><span data-ccp-props=\"{}\">\u00a0<\/span><\/p>\n<p><strong><i>Les diff\u00e9rences entre les trois TCO<\/i>\u00a0<\/strong><\/p>\n<p><span data-contrast=\"auto\">En utilisant un exemple concret pour une voiture \u00e0 essence et une voiture \u00e9lectrique, la diff\u00e9rence entre les trois approches du TCO devient claire. Nous avons choisi les Mercedes GLA 180 et EQA 250, une version essence et \u00e9lectrique de la m\u00eame voiture avec l&rsquo;\u00e9quipement Business Solution Luxury comprenant une peinture m\u00e9tallis\u00e9e laqu\u00e9e. Le calcul a \u00e9t\u00e9 effectu\u00e9 sur <\/span><span data-contrast=\"none\">une p\u00e9riode de 48 mois et un kilom\u00e9trage de 25.<\/span><span data-contrast=\"auto\">000 km par an, sur base d&rsquo;une offre de location \u00e0 long terme d\u2019Athlon Car Lease. <\/span><span data-contrast=\"none\">Nous partons du principe que la voiture est utilis\u00e9e <\/span><span data-contrast=\"auto\">par une entreprise assujettie \u00e0 la TVA avec r\u00e9cup\u00e9ration de la TVA \u00e0 35 % et un taux d&rsquo;imposition de 25 %, conduite par un employ\u00e9 et tenant compte de la consommation indiqu\u00e9e par le constructeur.<\/span><span data-ccp-props=\"{}\">\u00a0<\/span><span data-ccp-props=\"{}\">\u00a0<\/span><\/p>\n<div data-ccp-timestamp=\"1652026566288\">\n<table width=\"352\">\n<colgroup>\n<col span=\"4\" width=\"88\" \/><\/colgroup>\n<tbody>\n<tr>\n<td class=\"xl33\" width=\"88\" height=\"21\"><\/td>\n<td class=\"xl35\" width=\"88\">Essence<\/td>\n<td class=\"xl36\" width=\"88\">Electrique<\/td>\n<td class=\"xl36\" width=\"88\">Diff\u00e9rence<\/td>\n<\/tr>\n<tr>\n<td class=\"xl33\" height=\"21\"><\/td>\n<td class=\"xl38\">Mercedes<\/td>\n<td class=\"xl39\">Mercedes<\/td>\n<td class=\"xl39\">Essence<\/td>\n<\/tr>\n<tr>\n<td class=\"xl33\" height=\"21\"><\/td>\n<td class=\"xl38\">GLA\u00a0 180 Business Solution Luxury<\/td>\n<td class=\"xl39\">EQA Business Solution Luxury<\/td>\n<td class=\"xl39\">vs \u00e9lectrique<\/td>\n<\/tr>\n<tr>\n<td class=\"xl42\" height=\"21\">Prix d&rsquo;achat net HTVA<\/td>\n<td class=\"xl39\">\u20ac 32 390<\/td>\n<td class=\"xl39\">\u20ac 41 129<\/td>\n<td class=\"xl39\">(\u20ac 8 739)<\/td>\n<\/tr>\n<tr>\n<td class=\"xl44\" height=\"21\">Puissance en kW<\/td>\n<td class=\"xl39\">100<\/td>\n<td class=\"xl39\">140<\/td>\n<td class=\"xl39\"><\/td>\n<\/tr>\n<tr>\n<td class=\"xl44\" height=\"21\">Taux de CO2 (NEDC\/WLTP)<\/td>\n<td class=\"xl39\">134\/151g<\/td>\n<td class=\"xl39\">0g<\/td>\n<td class=\"xl39\"><\/td>\n<\/tr>\n<tr>\n<td class=\"xl44\" height=\"21\">D\u00e9ductibilit\u00e9 fiscale<\/td>\n<td class=\"xl39\">56,35%<\/td>\n<td class=\"xl39\">100%<\/td>\n<td class=\"xl39\"><\/td>\n<\/tr>\n<tr>\n<td class=\"xl47\" height=\"21\">Tarif leasing TVA non r\u00e9cup\u00e9rable incluse<\/td>\n<td class=\"xl48\">\u20ac 670,92<\/td>\n<td class=\"xl49\">\u20ac 751,14<\/td>\n<td class=\"xl39\">-\u20ac 80,22<\/td>\n<\/tr>\n<tr>\n<td class=\"xl44\" height=\"21\">Co\u00fbt de consommation<\/td>\n<td class=\"xl39\">\u20ac 216,32<\/td>\n<td class=\"xl39\">\u20ac 87,57<\/td>\n<td class=\"xl39\"><\/td>\n<\/tr>\n<tr>\n<td class=\"xl44\" height=\"21\">Cotisation CO2<\/td>\n<td class=\"xl39\">\u20ac 49,37<\/td>\n<td class=\"xl39\">\u20ac 28,17<\/td>\n<td class=\"xl39\"><\/td>\n<\/tr>\n<tr>\n<td class=\"xl47\" height=\"21\">TCO 1<\/td>\n<td class=\"xl49\">\u20ac 936,61<\/td>\n<td class=\"xl48\">\u20ac 866,87<\/td>\n<td class=\"xl39\">\u20ac 69,74<\/td>\n<\/tr>\n<tr>\n<td class=\"xl44\" height=\"21\">Imp\u00f4t sur les d\u00e9penses rejet\u00e9es<\/td>\n<td class=\"xl39\">\u20ac 113,54<\/td>\n<td class=\"xl39\">\u20ac 13,62<\/td>\n<td class=\"xl39\"><\/td>\n<\/tr>\n<tr>\n<td class=\"xl47\" height=\"21\">TCO 2<\/td>\n<td class=\"xl49\">\u20ac 1 050,14<\/td>\n<td class=\"xl48\">\u20ac 880,49<\/td>\n<td class=\"xl39\">\u20ac 169,65<\/td>\n<\/tr>\n<tr>\n<td class=\"xl44\" height=\"21\">Economie d&rsquo;imp\u00f4ts<\/td>\n<td class=\"xl39\">\u20ac 234,15<\/td>\n<td class=\"xl39\">\u20ac 216,72<\/td>\n<td class=\"xl39\"><\/td>\n<\/tr>\n<tr>\n<td class=\"xl47\" height=\"21\">TCO 3<\/td>\n<td class=\"xl49\">\u20ac 815,99<\/td>\n<td class=\"xl48\">\u20ac 663,77<\/td>\n<td class=\"xl39\">\u20ac 152,22<\/td>\n<\/tr>\n<\/tbody>\n<\/table>\n<\/div>\n<p>&nbsp;<\/p>\n<p><span data-contrast=\"auto\">Ce calcul montre clairement qu&rsquo;une diff\u00e9rence initiale de 8.739 \u20ac \u00e0 l&rsquo;achat et de 80,22 \u20ac par mois de loyer, TVA non d\u00e9ductible comprise, en faveur de l&rsquo;essence <\/span><span data-contrast=\"none\">plaide d\u00e9j\u00e0 <\/span><span data-contrast=\"auto\">dans le TCO 1 en faveur de la variante \u00e9lectrique si l&rsquo;on consid\u00e8re \u00e9galement la consommation et la cotisation CO2. Ici, l&rsquo;EV <\/span><span data-contrast=\"none\">affiche <\/span><span data-contrast=\"auto\">d\u00e9j\u00e0 un avantage de 69,74 \u20ac. Dans le TCO 2 (169,65 \u20ac moins cher) et le TCO 3 (152,22 \u20ac moins cher), l\u2019avantage de la voiture \u00e9lectrique initialement plus ch\u00e8re devient <\/span><span data-contrast=\"none\">s\u2019accro\u00eet encore davantage.<\/span><span data-ccp-props=\"{}\">\u00a0<\/span><\/p>\n<p><span data-contrast=\"auto\">Dans cet exemple, il est d\u00e9j\u00e0 tr\u00e8s clair qu&rsquo;un calcul du TCO est n\u00e9cessaire pour faire le bon choix. Le TCO est un guide qui aide le gestionnaire de flotte \u00e0 prendre des d\u00e9cisions \u00e9clair\u00e9es, adapt\u00e9es \u00e0 chaque utilisateur et \u00e0 sa situation sp\u00e9cifique.<\/span><span data-ccp-props=\"{}\">\u00a0<\/span><\/p>\n<p><span data-contrast=\"auto\">Chaque utilisateur est diff\u00e9rent et il est important de faire un calcul correct, par exemple en ce qui concerne la consommation de carburant estim\u00e9e. En particulier pour les hybrides rechargeables, il est essentiel de ne pas simplement prendre en compte la consommation standard du fabricant, car la consommation r\u00e9elle d\u00e9pend enti\u00e8rement du comportement <\/span><span data-contrast=\"none\">en termes de\u00a0 recharge <\/span><span data-contrast=\"auto\">et est souvent plus \u00e9lev\u00e9e que la consommation officielle. Si vous n&rsquo;effectuez pas cet ajustement, un plug-in peut sembler plus favorable dans votre calcul, mais il peut finir par vous co\u00fbter beaucoup plus cher. Le message est donc d&rsquo;adapter chaque calcul individuellement au conducteur.<\/span><span data-ccp-props=\"{}\">\u00a0<\/span><\/p>\n<p><span data-ccp-props=\"{}\">\u00a0<\/span><\/p>\n<p><strong><i>Notre recommandation<\/i>\u00a0<\/strong><\/p>\n<p><span data-contrast=\"auto\">Nous recommandons d&rsquo;utiliser un prix en LLD (location longue dur\u00e9e) pour le calcul du TCO, car cela donne une image assez compl\u00e8te des co\u00fbts op\u00e9rationnels. Apr\u00e8s avoir fait le bon choix de marque et de mod\u00e8le sur la base d&rsquo;un tel TCO de leasing, vous pouvez d\u00e9cider d&rsquo;opter ou non pour une autre m\u00e9thode d&rsquo;achat (achat, financement, leasing, location). Dans tous les cas, vous aurez alors fait le bon choix en termes de TCO, car vous vous serez bas\u00e9 sur une approche des co\u00fbts la plus compl\u00e8te possible.<\/span><span data-ccp-props=\"{}\">\u00a0<\/span><\/p>\n<p><span data-contrast=\"auto\">Afin d&rsquo;effectuer la comparaison la plus correcte possible, il est conseill\u00e9 d&rsquo;utiliser l&rsquo;approche TCO 2, qui tient compte des d\u00e9penses rejet\u00e9es, et d&rsquo;adapter le calcul de la consommation au profil du conducteur et aux \u00e9ventuelles possibilit\u00e9s de recharge, afin d&rsquo;\u00e9viter les mauvaises surprises. Un outil de calcul professionnel n&rsquo;est absolument pas un luxe \u00e0 cet \u00e9gard, mais une n\u00e9cessit\u00e9 pour pouvoir prendre la bonne d\u00e9cision de mani\u00e8re objective et en toute connaissance de cause.<\/span><span data-ccp-props=\"{}\">\u00a0<\/span><\/p>\n<p><span data-contrast=\"auto\">Dans tous les cas, des conseils judicieux et objectifs sont essentiels pour faire le bon choix. Les enjeux sont trop importants pour prendre une d\u00e9cision sur base d&rsquo;informations incompl\u00e8tes ou incorrectes.<\/span><span data-ccp-props=\"{}\">\u00a0<\/span><\/p>\n","protected":false},"excerpt":{"rendered":"<p>En fonction de la m\u00e9thode choisie, il existe plus de 50 approches diff\u00e9rentes du concept de total cost of ownership. Dans la pratique, on s&rsquo;accorde sur une approche qui prend en compte trois concepts : TCO 1, TCO 2 et TCO 3. Plus pr\u00e9cis\u00e9ment, l&rsquo;approche la plus couramment utilis\u00e9e est celle dite TCO 2 qui [&hellip;]<\/p>\n","protected":false},"author":4,"featured_media":6382,"comment_status":"closed","ping_status":"closed","sticky":false,"template":"","format":"standard","meta":{"_acf_changed":false,"footnotes":""},"categories":[2],"tags":[],"class_list":["post-6381","post","type-post","status-publish","format-standard","has-post-thumbnail","hentry","category-non-classifiee"],"acf":[],"yoast_head":"<!-- This site is optimized with the Yoast SEO plugin v27.3 - https:\/\/yoast.com\/product\/yoast-seo-wordpress\/ -->\n<title>TCO: l\u2019arbre qui cache la for\u00eat - link2fleet<\/title>\n<meta name=\"description\" content=\"Quiconque a \u00e9t\u00e9 impliqu\u00e9 de pr\u00e8s ou de loin dans la gestion d&rsquo;une flotte sait que le calcul du TCO des voitures que vous incluez\u2026\" \/>\n<meta name=\"robots\" content=\"index, follow, max-snippet:-1, max-image-preview:large, max-video-preview:-1\" \/>\n<meta property=\"og:locale\" content=\"fr_FR\" \/>\n<meta property=\"og:type\" content=\"article\" \/>\n<meta property=\"og:title\" content=\"TCO: l\u2019arbre qui cache la for\u00eat - link2fleet\" \/>\n<meta property=\"og:description\" content=\"Quiconque a \u00e9t\u00e9 impliqu\u00e9 de pr\u00e8s ou de loin dans la gestion d&rsquo;une flotte sait que le calcul du TCO des voitures que vous incluez\u2026\" \/>\n<meta property=\"og:url\" content=\"https:\/\/www.link2fleet.com\/fr\/tco-larbre-qui-cache-la-foret\/\" \/>\n<meta property=\"og:site_name\" content=\"link2fleet\" \/>\n<meta property=\"article:published_time\" content=\"2022-05-08T14:19:38+00:00\" \/>\n<meta property=\"article:modified_time\" content=\"2024-10-01T08:42:55+00:00\" \/>\n<meta property=\"og:image\" content=\"https:\/\/static.link2fleet.com\/wp-content\/uploads\/2024\/03\/fiscalitex1600.jpeg\" \/>\n\t<meta property=\"og:image:width\" content=\"1600\" \/>\n\t<meta property=\"og:image:height\" content=\"1066\" \/>\n\t<meta property=\"og:image:type\" content=\"image\/jpeg\" \/>\n<meta name=\"author\" content=\"Damien Malvetti\" \/>\n<meta name=\"twitter:card\" content=\"summary_large_image\" \/>\n<meta name=\"twitter:description\" content=\"Quiconque a \u00e9t\u00e9 impliqu\u00e9 de pr\u00e8s ou de loin dans la gestion d&rsquo;une flotte sait que le calcul du TCO des voitures que vous incluez\u2026\" \/>\n<meta name=\"twitter:label1\" content=\"\u00c9crit par\" \/>\n\t<meta name=\"twitter:data1\" content=\"Damien Malvetti\" \/>\n\t<meta name=\"twitter:label2\" content=\"Dur\u00e9e de lecture estim\u00e9e\" \/>\n\t<meta name=\"twitter:data2\" content=\"10 minutes\" \/>\n<script type=\"application\/ld+json\" class=\"yoast-schema-graph\">{\"@context\":\"https:\\\/\\\/schema.org\",\"@graph\":[{\"@type\":\"Article\",\"@id\":\"https:\\\/\\\/www.link2fleet.com\\\/fr\\\/tco-larbre-qui-cache-la-foret\\\/#article\",\"isPartOf\":{\"@id\":\"https:\\\/\\\/www.link2fleet.com\\\/fr\\\/tco-larbre-qui-cache-la-foret\\\/\"},\"author\":{\"name\":\"Damien Malvetti\",\"@id\":\"https:\\\/\\\/www.link2fleet.com\\\/fr\\\/#\\\/schema\\\/person\\\/027cd46113c78036b3809c9a054049da\"},\"headline\":\"TCO: l\u2019arbre qui cache la for\u00eat\",\"datePublished\":\"2022-05-08T14:19:38+00:00\",\"dateModified\":\"2024-10-01T08:42:55+00:00\",\"mainEntityOfPage\":{\"@id\":\"https:\\\/\\\/www.link2fleet.com\\\/fr\\\/tco-larbre-qui-cache-la-foret\\\/\"},\"wordCount\":2105,\"publisher\":{\"@id\":\"https:\\\/\\\/www.link2fleet.com\\\/fr\\\/#organization\"},\"image\":{\"@id\":\"https:\\\/\\\/www.link2fleet.com\\\/fr\\\/tco-larbre-qui-cache-la-foret\\\/#primaryimage\"},\"thumbnailUrl\":\"https:\\\/\\\/static.link2fleet.com\\\/wp-content\\\/uploads\\\/2024\\\/03\\\/fiscalitex1600.jpeg\",\"articleSection\":[\"Non classifi\u00e9(e)\"],\"inLanguage\":\"fr-FR\"},{\"@type\":\"WebPage\",\"@id\":\"https:\\\/\\\/www.link2fleet.com\\\/fr\\\/tco-larbre-qui-cache-la-foret\\\/\",\"url\":\"https:\\\/\\\/www.link2fleet.com\\\/fr\\\/tco-larbre-qui-cache-la-foret\\\/\",\"name\":\"TCO: l\u2019arbre qui cache la for\u00eat - link2fleet\",\"isPartOf\":{\"@id\":\"https:\\\/\\\/www.link2fleet.com\\\/fr\\\/#website\"},\"primaryImageOfPage\":{\"@id\":\"https:\\\/\\\/www.link2fleet.com\\\/fr\\\/tco-larbre-qui-cache-la-foret\\\/#primaryimage\"},\"image\":{\"@id\":\"https:\\\/\\\/www.link2fleet.com\\\/fr\\\/tco-larbre-qui-cache-la-foret\\\/#primaryimage\"},\"thumbnailUrl\":\"https:\\\/\\\/static.link2fleet.com\\\/wp-content\\\/uploads\\\/2024\\\/03\\\/fiscalitex1600.jpeg\",\"datePublished\":\"2022-05-08T14:19:38+00:00\",\"dateModified\":\"2024-10-01T08:42:55+00:00\",\"breadcrumb\":{\"@id\":\"https:\\\/\\\/www.link2fleet.com\\\/fr\\\/tco-larbre-qui-cache-la-foret\\\/#breadcrumb\"},\"inLanguage\":\"fr-FR\",\"potentialAction\":[{\"@type\":\"ReadAction\",\"target\":[\"https:\\\/\\\/www.link2fleet.com\\\/fr\\\/tco-larbre-qui-cache-la-foret\\\/\"]}]},{\"@type\":\"ImageObject\",\"inLanguage\":\"fr-FR\",\"@id\":\"https:\\\/\\\/www.link2fleet.com\\\/fr\\\/tco-larbre-qui-cache-la-foret\\\/#primaryimage\",\"url\":\"https:\\\/\\\/static.link2fleet.com\\\/wp-content\\\/uploads\\\/2024\\\/03\\\/fiscalitex1600.jpeg\",\"contentUrl\":\"https:\\\/\\\/static.link2fleet.com\\\/wp-content\\\/uploads\\\/2024\\\/03\\\/fiscalitex1600.jpeg\",\"width\":1600,\"height\":1066,\"caption\":\"|\"},{\"@type\":\"BreadcrumbList\",\"@id\":\"https:\\\/\\\/www.link2fleet.com\\\/fr\\\/tco-larbre-qui-cache-la-foret\\\/#breadcrumb\",\"itemListElement\":[{\"@type\":\"ListItem\",\"position\":1,\"name\":\"Home\",\"item\":\"https:\\\/\\\/www.link2fleet.com\\\/fr\\\/\"},{\"@type\":\"ListItem\",\"position\":2,\"name\":\"TCO: l\u2019arbre qui cache la for\u00eat\"}]},{\"@type\":\"WebSite\",\"@id\":\"https:\\\/\\\/www.link2fleet.com\\\/fr\\\/#website\",\"url\":\"https:\\\/\\\/www.link2fleet.com\\\/fr\\\/\",\"name\":\"Link2fleet\",\"description\":\"\",\"publisher\":{\"@id\":\"https:\\\/\\\/www.link2fleet.com\\\/fr\\\/#organization\"},\"potentialAction\":[{\"@type\":\"SearchAction\",\"target\":{\"@type\":\"EntryPoint\",\"urlTemplate\":\"https:\\\/\\\/www.link2fleet.com\\\/fr\\\/?s={search_term_string}\"},\"query-input\":{\"@type\":\"PropertyValueSpecification\",\"valueRequired\":true,\"valueName\":\"search_term_string\"}}],\"inLanguage\":\"fr-FR\"},{\"@type\":\"Organization\",\"@id\":\"https:\\\/\\\/www.link2fleet.com\\\/fr\\\/#organization\",\"name\":\"Link2fleet\",\"url\":\"https:\\\/\\\/www.link2fleet.com\\\/fr\\\/\",\"logo\":{\"@type\":\"ImageObject\",\"inLanguage\":\"fr-FR\",\"@id\":\"https:\\\/\\\/www.link2fleet.com\\\/fr\\\/#\\\/schema\\\/logo\\\/image\\\/\",\"url\":\"https:\\\/\\\/static.link2fleet.com\\\/wp-content\\\/uploads\\\/2024\\\/03\\\/share-image.jpg\",\"contentUrl\":\"https:\\\/\\\/static.link2fleet.com\\\/wp-content\\\/uploads\\\/2024\\\/03\\\/share-image.jpg\",\"width\":1200,\"height\":630,\"caption\":\"Link2fleet\"},\"image\":{\"@id\":\"https:\\\/\\\/www.link2fleet.com\\\/fr\\\/#\\\/schema\\\/logo\\\/image\\\/\"},\"sameAs\":[\"https:\\\/\\\/www.linkedin.com\\\/company\\\/link2fleet-belgium\",\"https:\\\/\\\/www.youtube.com\\\/user\\\/MMMBMBE\"]},{\"@type\":\"Person\",\"@id\":\"https:\\\/\\\/www.link2fleet.com\\\/fr\\\/#\\\/schema\\\/person\\\/027cd46113c78036b3809c9a054049da\",\"name\":\"Damien Malvetti\",\"image\":{\"@type\":\"ImageObject\",\"inLanguage\":\"fr-FR\",\"@id\":\"https:\\\/\\\/secure.gravatar.com\\\/avatar\\\/dd8cc03b49466c735f753ac37f8caa371af16dfed347456ed61f02883255eebb?s=96&d=mm&r=g\",\"url\":\"https:\\\/\\\/secure.gravatar.com\\\/avatar\\\/dd8cc03b49466c735f753ac37f8caa371af16dfed347456ed61f02883255eebb?s=96&d=mm&r=g\",\"contentUrl\":\"https:\\\/\\\/secure.gravatar.com\\\/avatar\\\/dd8cc03b49466c735f753ac37f8caa371af16dfed347456ed61f02883255eebb?s=96&d=mm&r=g\",\"caption\":\"Damien Malvetti\"},\"description\":\"Damien Malvetti is opgeleid als journalist en gepassioneerd door wagens, technologie en mobiliteit. Hij is verantwoordelijk voor de redactionele inhoud van link2fleet en beschikt over een uitgebreide kennis van de fleet-sector en elektrische mobiliteit.\",\"sameAs\":[\"https:\\\/\\\/www.linkedin.com\\\/in\\\/damien-malvetti-56601142\\\/\"]}]}<\/script>\n<!-- \/ Yoast SEO plugin. -->","yoast_head_json":{"title":"TCO: l\u2019arbre qui cache la for\u00eat - link2fleet","description":"Quiconque a \u00e9t\u00e9 impliqu\u00e9 de pr\u00e8s ou de loin dans la gestion d&rsquo;une flotte sait que le calcul du TCO des voitures que vous incluez\u2026","robots":{"index":"index","follow":"follow","max-snippet":"max-snippet:-1","max-image-preview":"max-image-preview:large","max-video-preview":"max-video-preview:-1"},"og_locale":"fr_FR","og_type":"article","og_title":"TCO: l\u2019arbre qui cache la for\u00eat - link2fleet","og_description":"Quiconque a \u00e9t\u00e9 impliqu\u00e9 de pr\u00e8s ou de loin dans la gestion d&rsquo;une flotte sait que le calcul du TCO des voitures que vous incluez\u2026","og_url":"https:\/\/www.link2fleet.com\/fr\/tco-larbre-qui-cache-la-foret\/","og_site_name":"link2fleet","article_published_time":"2022-05-08T14:19:38+00:00","article_modified_time":"2024-10-01T08:42:55+00:00","og_image":[{"width":1600,"height":1066,"url":"https:\/\/static.link2fleet.com\/wp-content\/uploads\/2024\/03\/fiscalitex1600.jpeg","type":"image\/jpeg"}],"author":"Damien Malvetti","twitter_card":"summary_large_image","twitter_description":"Quiconque a \u00e9t\u00e9 impliqu\u00e9 de pr\u00e8s ou de loin dans la gestion d&rsquo;une flotte sait que le calcul du TCO des voitures que vous incluez\u2026","twitter_misc":{"\u00c9crit par":"Damien Malvetti","Dur\u00e9e de lecture estim\u00e9e":"10 minutes"},"schema":{"@context":"https:\/\/schema.org","@graph":[{"@type":"Article","@id":"https:\/\/www.link2fleet.com\/fr\/tco-larbre-qui-cache-la-foret\/#article","isPartOf":{"@id":"https:\/\/www.link2fleet.com\/fr\/tco-larbre-qui-cache-la-foret\/"},"author":{"name":"Damien Malvetti","@id":"https:\/\/www.link2fleet.com\/fr\/#\/schema\/person\/027cd46113c78036b3809c9a054049da"},"headline":"TCO: l\u2019arbre qui cache la for\u00eat","datePublished":"2022-05-08T14:19:38+00:00","dateModified":"2024-10-01T08:42:55+00:00","mainEntityOfPage":{"@id":"https:\/\/www.link2fleet.com\/fr\/tco-larbre-qui-cache-la-foret\/"},"wordCount":2105,"publisher":{"@id":"https:\/\/www.link2fleet.com\/fr\/#organization"},"image":{"@id":"https:\/\/www.link2fleet.com\/fr\/tco-larbre-qui-cache-la-foret\/#primaryimage"},"thumbnailUrl":"https:\/\/static.link2fleet.com\/wp-content\/uploads\/2024\/03\/fiscalitex1600.jpeg","articleSection":["Non classifi\u00e9(e)"],"inLanguage":"fr-FR"},{"@type":"WebPage","@id":"https:\/\/www.link2fleet.com\/fr\/tco-larbre-qui-cache-la-foret\/","url":"https:\/\/www.link2fleet.com\/fr\/tco-larbre-qui-cache-la-foret\/","name":"TCO: l\u2019arbre qui cache la for\u00eat - link2fleet","isPartOf":{"@id":"https:\/\/www.link2fleet.com\/fr\/#website"},"primaryImageOfPage":{"@id":"https:\/\/www.link2fleet.com\/fr\/tco-larbre-qui-cache-la-foret\/#primaryimage"},"image":{"@id":"https:\/\/www.link2fleet.com\/fr\/tco-larbre-qui-cache-la-foret\/#primaryimage"},"thumbnailUrl":"https:\/\/static.link2fleet.com\/wp-content\/uploads\/2024\/03\/fiscalitex1600.jpeg","datePublished":"2022-05-08T14:19:38+00:00","dateModified":"2024-10-01T08:42:55+00:00","breadcrumb":{"@id":"https:\/\/www.link2fleet.com\/fr\/tco-larbre-qui-cache-la-foret\/#breadcrumb"},"inLanguage":"fr-FR","potentialAction":[{"@type":"ReadAction","target":["https:\/\/www.link2fleet.com\/fr\/tco-larbre-qui-cache-la-foret\/"]}]},{"@type":"ImageObject","inLanguage":"fr-FR","@id":"https:\/\/www.link2fleet.com\/fr\/tco-larbre-qui-cache-la-foret\/#primaryimage","url":"https:\/\/static.link2fleet.com\/wp-content\/uploads\/2024\/03\/fiscalitex1600.jpeg","contentUrl":"https:\/\/static.link2fleet.com\/wp-content\/uploads\/2024\/03\/fiscalitex1600.jpeg","width":1600,"height":1066,"caption":"|"},{"@type":"BreadcrumbList","@id":"https:\/\/www.link2fleet.com\/fr\/tco-larbre-qui-cache-la-foret\/#breadcrumb","itemListElement":[{"@type":"ListItem","position":1,"name":"Home","item":"https:\/\/www.link2fleet.com\/fr\/"},{"@type":"ListItem","position":2,"name":"TCO: l\u2019arbre qui cache la for\u00eat"}]},{"@type":"WebSite","@id":"https:\/\/www.link2fleet.com\/fr\/#website","url":"https:\/\/www.link2fleet.com\/fr\/","name":"Link2fleet","description":"","publisher":{"@id":"https:\/\/www.link2fleet.com\/fr\/#organization"},"potentialAction":[{"@type":"SearchAction","target":{"@type":"EntryPoint","urlTemplate":"https:\/\/www.link2fleet.com\/fr\/?s={search_term_string}"},"query-input":{"@type":"PropertyValueSpecification","valueRequired":true,"valueName":"search_term_string"}}],"inLanguage":"fr-FR"},{"@type":"Organization","@id":"https:\/\/www.link2fleet.com\/fr\/#organization","name":"Link2fleet","url":"https:\/\/www.link2fleet.com\/fr\/","logo":{"@type":"ImageObject","inLanguage":"fr-FR","@id":"https:\/\/www.link2fleet.com\/fr\/#\/schema\/logo\/image\/","url":"https:\/\/static.link2fleet.com\/wp-content\/uploads\/2024\/03\/share-image.jpg","contentUrl":"https:\/\/static.link2fleet.com\/wp-content\/uploads\/2024\/03\/share-image.jpg","width":1200,"height":630,"caption":"Link2fleet"},"image":{"@id":"https:\/\/www.link2fleet.com\/fr\/#\/schema\/logo\/image\/"},"sameAs":["https:\/\/www.linkedin.com\/company\/link2fleet-belgium","https:\/\/www.youtube.com\/user\/MMMBMBE"]},{"@type":"Person","@id":"https:\/\/www.link2fleet.com\/fr\/#\/schema\/person\/027cd46113c78036b3809c9a054049da","name":"Damien Malvetti","image":{"@type":"ImageObject","inLanguage":"fr-FR","@id":"https:\/\/secure.gravatar.com\/avatar\/dd8cc03b49466c735f753ac37f8caa371af16dfed347456ed61f02883255eebb?s=96&d=mm&r=g","url":"https:\/\/secure.gravatar.com\/avatar\/dd8cc03b49466c735f753ac37f8caa371af16dfed347456ed61f02883255eebb?s=96&d=mm&r=g","contentUrl":"https:\/\/secure.gravatar.com\/avatar\/dd8cc03b49466c735f753ac37f8caa371af16dfed347456ed61f02883255eebb?s=96&d=mm&r=g","caption":"Damien Malvetti"},"description":"Damien Malvetti is opgeleid als journalist en gepassioneerd door wagens, technologie en mobiliteit. Hij is verantwoordelijk voor de redactionele inhoud van link2fleet en beschikt over een uitgebreide kennis van de fleet-sector en elektrische mobiliteit.","sameAs":["https:\/\/www.linkedin.com\/in\/damien-malvetti-56601142\/"]}]}},"_links":{"self":[{"href":"https:\/\/www.link2fleet.com\/fr\/wp-json\/wp\/v2\/posts\/6381","targetHints":{"allow":["GET"]}}],"collection":[{"href":"https:\/\/www.link2fleet.com\/fr\/wp-json\/wp\/v2\/posts"}],"about":[{"href":"https:\/\/www.link2fleet.com\/fr\/wp-json\/wp\/v2\/types\/post"}],"author":[{"embeddable":true,"href":"https:\/\/www.link2fleet.com\/fr\/wp-json\/wp\/v2\/users\/4"}],"replies":[{"embeddable":true,"href":"https:\/\/www.link2fleet.com\/fr\/wp-json\/wp\/v2\/comments?post=6381"}],"version-history":[{"count":0,"href":"https:\/\/www.link2fleet.com\/fr\/wp-json\/wp\/v2\/posts\/6381\/revisions"}],"wp:featuredmedia":[{"embeddable":true,"href":"https:\/\/www.link2fleet.com\/fr\/wp-json\/wp\/v2\/media\/6382"}],"wp:attachment":[{"href":"https:\/\/www.link2fleet.com\/fr\/wp-json\/wp\/v2\/media?parent=6381"}],"wp:term":[{"taxonomy":"category","embeddable":true,"href":"https:\/\/www.link2fleet.com\/fr\/wp-json\/wp\/v2\/categories?post=6381"},{"taxonomy":"post_tag","embeddable":true,"href":"https:\/\/www.link2fleet.com\/fr\/wp-json\/wp\/v2\/tags?post=6381"}],"curies":[{"name":"wp","href":"https:\/\/api.w.org\/{rel}","templated":true}]}}