{"id":63965,"date":"2026-01-05T16:55:12","date_gmt":"2026-01-05T15:55:12","guid":{"rendered":"https:\/\/www.link2fleet.com\/?p=63965"},"modified":"2026-01-14T14:28:33","modified_gmt":"2026-01-14T13:28:33","slug":"test-honda-cuv-e-pour-les-deplacements-durables-et-locaux","status":"publish","type":"post","link":"https:\/\/www.link2fleet.com\/fr\/test-honda-cuv-e-pour-les-deplacements-durables-et-locaux\/","title":{"rendered":"Test Honda CUV e: pour les d\u00e9placements durables (et locaux)"},"content":{"rendered":"","protected":false},"excerpt":{"rendered":"","protected":false},"author":49,"featured_media":63045,"comment_status":"closed","ping_status":"closed","sticky":false,"template":"","format":"standard","meta":{"_acf_changed":false,"footnotes":""},"categories":[134,98],"tags":[],"class_list":["post-63965","post","type-post","status-publish","format-standard","has-post-thumbnail","hentry","category-fleet-test","category-trottinettes_scooters_motos"],"acf":[],"yoast_head":"<!-- This site is optimized with the Yoast SEO plugin v27.3 - https:\/\/yoast.com\/product\/yoast-seo-wordpress\/ -->\n<title>Test Honda CUV e: pour les d\u00e9placements durables (et locaux) - link2fleet<\/title>\n<meta name=\"description\" content=\"Avec le CUV e:, Honda propose un scooter \u00e9lectrique compact, maniable et \u00e9tonnamment mature, \u00e9quip\u00e9 de batteries amovibles, id\u00e9al pour les trajets courts dans un\u2026\" \/>\n<meta name=\"robots\" content=\"index, follow, max-snippet:-1, max-image-preview:large, max-video-preview:-1\" \/>\n<meta property=\"og:locale\" content=\"fr_FR\" \/>\n<meta property=\"og:type\" content=\"article\" \/>\n<meta property=\"og:title\" content=\"Test Honda CUV e: pour les d\u00e9placements durables (et locaux) - link2fleet\" \/>\n<meta property=\"og:description\" content=\"Avec le CUV e:, Honda propose un scooter \u00e9lectrique compact, maniable et \u00e9tonnamment mature, \u00e9quip\u00e9 de batteries amovibles, id\u00e9al pour les trajets courts dans un\u2026\" \/>\n<meta property=\"og:url\" content=\"https:\/\/www.link2fleet.com\/fr\/test-honda-cuv-e-pour-les-deplacements-durables-et-locaux\/\" \/>\n<meta property=\"og:site_name\" content=\"link2fleet\" \/>\n<meta property=\"article:published_time\" content=\"2026-01-05T15:55:12+00:00\" \/>\n<meta property=\"article:modified_time\" content=\"2026-01-14T13:28:33+00:00\" \/>\n<meta property=\"og:image\" content=\"https:\/\/static.link2fleet.com\/wp-content\/uploads\/2025\/12\/50449625ymhondacuve.jpg\" \/>\n\t<meta property=\"og:image:width\" content=\"1350\" \/>\n\t<meta property=\"og:image:height\" content=\"900\" \/>\n\t<meta property=\"og:image:type\" content=\"image\/jpeg\" \/>\n<meta name=\"author\" content=\"Kevin Kersemans\" \/>\n<meta name=\"twitter:card\" content=\"summary_large_image\" \/>\n<meta name=\"twitter:description\" content=\"Avec le CUV e:, Honda propose un scooter \u00e9lectrique compact, maniable et \u00e9tonnamment mature, \u00e9quip\u00e9 de batteries amovibles, id\u00e9al pour les trajets courts dans un\u2026\" \/>\n<meta name=\"twitter:label1\" content=\"\u00c9crit par\" \/>\n\t<meta name=\"twitter:data1\" content=\"Kevin Kersemans\" \/>\n\t<meta name=\"twitter:label2\" content=\"Dur\u00e9e de lecture estim\u00e9e\" \/>\n\t<meta name=\"twitter:data2\" content=\"7 minutes\" \/>\n<script type=\"application\/ld+json\" class=\"yoast-schema-graph\">{\"@context\":\"https:\\\/\\\/schema.org\",\"@graph\":[{\"@type\":\"Article\",\"@id\":\"https:\\\/\\\/www.link2fleet.com\\\/fr\\\/test-honda-cuv-e-pour-les-deplacements-durables-et-locaux\\\/#article\",\"isPartOf\":{\"@id\":\"https:\\\/\\\/www.link2fleet.com\\\/fr\\\/test-honda-cuv-e-pour-les-deplacements-durables-et-locaux\\\/\"},\"author\":{\"name\":\"Kevin Kersemans\",\"@id\":\"https:\\\/\\\/www.link2fleet.com\\\/fr\\\/#\\\/schema\\\/person\\\/877bc89c32c65772066cb11fe1e67bbf\"},\"headline\":\"Test Honda CUV e: pour les d\u00e9placements durables (et locaux)\",\"datePublished\":\"2026-01-05T15:55:12+00:00\",\"dateModified\":\"2026-01-14T13:28:33+00:00\",\"mainEntityOfPage\":{\"@id\":\"https:\\\/\\\/www.link2fleet.com\\\/fr\\\/test-honda-cuv-e-pour-les-deplacements-durables-et-locaux\\\/\"},\"wordCount\":11,\"publisher\":{\"@id\":\"https:\\\/\\\/www.link2fleet.com\\\/fr\\\/#organization\"},\"image\":{\"@id\":\"https:\\\/\\\/www.link2fleet.com\\\/fr\\\/test-honda-cuv-e-pour-les-deplacements-durables-et-locaux\\\/#primaryimage\"},\"thumbnailUrl\":\"https:\\\/\\\/static.link2fleet.com\\\/wp-content\\\/uploads\\\/2025\\\/12\\\/50449625ymhondacuve.jpg\",\"articleSection\":[\"Essais fleet\",\"Trottinettes, scooters et motos\"],\"inLanguage\":\"fr-FR\"},{\"@type\":\"WebPage\",\"@id\":\"https:\\\/\\\/www.link2fleet.com\\\/fr\\\/test-honda-cuv-e-pour-les-deplacements-durables-et-locaux\\\/\",\"url\":\"https:\\\/\\\/www.link2fleet.com\\\/fr\\\/test-honda-cuv-e-pour-les-deplacements-durables-et-locaux\\\/\",\"name\":\"Test Honda CUV e: pour les d\u00e9placements durables (et locaux) - link2fleet\",\"isPartOf\":{\"@id\":\"https:\\\/\\\/www.link2fleet.com\\\/fr\\\/#website\"},\"primaryImageOfPage\":{\"@id\":\"https:\\\/\\\/www.link2fleet.com\\\/fr\\\/test-honda-cuv-e-pour-les-deplacements-durables-et-locaux\\\/#primaryimage\"},\"image\":{\"@id\":\"https:\\\/\\\/www.link2fleet.com\\\/fr\\\/test-honda-cuv-e-pour-les-deplacements-durables-et-locaux\\\/#primaryimage\"},\"thumbnailUrl\":\"https:\\\/\\\/static.link2fleet.com\\\/wp-content\\\/uploads\\\/2025\\\/12\\\/50449625ymhondacuve.jpg\",\"datePublished\":\"2026-01-05T15:55:12+00:00\",\"dateModified\":\"2026-01-14T13:28:33+00:00\",\"description\":\"Met de CUV e: biedt Honda een compacte, wendbare \u00e9n verrassend volwassen elektrische scooter met uitneembare batterijen, ideaal voor korte verplaatsingen in druk verkeer. Wij gingen na wat deze Honda te bieden heeft.\",\"breadcrumb\":{\"@id\":\"https:\\\/\\\/www.link2fleet.com\\\/fr\\\/test-honda-cuv-e-pour-les-deplacements-durables-et-locaux\\\/#breadcrumb\"},\"inLanguage\":\"fr-FR\",\"potentialAction\":[{\"@type\":\"ReadAction\",\"target\":[\"https:\\\/\\\/www.link2fleet.com\\\/fr\\\/test-honda-cuv-e-pour-les-deplacements-durables-et-locaux\\\/\"]}]},{\"@type\":\"ImageObject\",\"inLanguage\":\"fr-FR\",\"@id\":\"https:\\\/\\\/www.link2fleet.com\\\/fr\\\/test-honda-cuv-e-pour-les-deplacements-durables-et-locaux\\\/#primaryimage\",\"url\":\"https:\\\/\\\/static.link2fleet.com\\\/wp-content\\\/uploads\\\/2025\\\/12\\\/50449625ymhondacuve.jpg\",\"contentUrl\":\"https:\\\/\\\/static.link2fleet.com\\\/wp-content\\\/uploads\\\/2025\\\/12\\\/50449625ymhondacuve.jpg\",\"width\":1350,\"height\":900,\"caption\":\"25YM Honda CUV e:\"},{\"@type\":\"BreadcrumbList\",\"@id\":\"https:\\\/\\\/www.link2fleet.com\\\/fr\\\/test-honda-cuv-e-pour-les-deplacements-durables-et-locaux\\\/#breadcrumb\",\"itemListElement\":[{\"@type\":\"ListItem\",\"position\":1,\"name\":\"Home\",\"item\":\"https:\\\/\\\/www.link2fleet.com\\\/fr\\\/\"},{\"@type\":\"ListItem\",\"position\":2,\"name\":\"Test Honda CUV e: pour les d\u00e9placements durables (et locaux)\"}]},{\"@type\":\"WebSite\",\"@id\":\"https:\\\/\\\/www.link2fleet.com\\\/fr\\\/#website\",\"url\":\"https:\\\/\\\/www.link2fleet.com\\\/fr\\\/\",\"name\":\"Link2fleet\",\"description\":\"\",\"publisher\":{\"@id\":\"https:\\\/\\\/www.link2fleet.com\\\/fr\\\/#organization\"},\"potentialAction\":[{\"@type\":\"SearchAction\",\"target\":{\"@type\":\"EntryPoint\",\"urlTemplate\":\"https:\\\/\\\/www.link2fleet.com\\\/fr\\\/?s={search_term_string}\"},\"query-input\":{\"@type\":\"PropertyValueSpecification\",\"valueRequired\":true,\"valueName\":\"search_term_string\"}}],\"inLanguage\":\"fr-FR\"},{\"@type\":\"Organization\",\"@id\":\"https:\\\/\\\/www.link2fleet.com\\\/fr\\\/#organization\",\"name\":\"Link2fleet\",\"url\":\"https:\\\/\\\/www.link2fleet.com\\\/fr\\\/\",\"logo\":{\"@type\":\"ImageObject\",\"inLanguage\":\"fr-FR\",\"@id\":\"https:\\\/\\\/www.link2fleet.com\\\/fr\\\/#\\\/schema\\\/logo\\\/image\\\/\",\"url\":\"https:\\\/\\\/static.link2fleet.com\\\/wp-content\\\/uploads\\\/2024\\\/03\\\/share-image.jpg\",\"contentUrl\":\"https:\\\/\\\/static.link2fleet.com\\\/wp-content\\\/uploads\\\/2024\\\/03\\\/share-image.jpg\",\"width\":1200,\"height\":630,\"caption\":\"Link2fleet\"},\"image\":{\"@id\":\"https:\\\/\\\/www.link2fleet.com\\\/fr\\\/#\\\/schema\\\/logo\\\/image\\\/\"},\"sameAs\":[\"https:\\\/\\\/www.linkedin.com\\\/company\\\/link2fleet-belgium\",\"https:\\\/\\\/www.youtube.com\\\/user\\\/MMMBMBE\"]},{\"@type\":\"Person\",\"@id\":\"https:\\\/\\\/www.link2fleet.com\\\/fr\\\/#\\\/schema\\\/person\\\/877bc89c32c65772066cb11fe1e67bbf\",\"name\":\"Kevin Kersemans\",\"image\":{\"@type\":\"ImageObject\",\"inLanguage\":\"fr-FR\",\"@id\":\"https:\\\/\\\/secure.gravatar.com\\\/avatar\\\/b12f7d0f252688f677f4c181b6df65bf86880634bfcef3be42c82efcdb33d654?s=96&d=mm&r=g\",\"url\":\"https:\\\/\\\/secure.gravatar.com\\\/avatar\\\/b12f7d0f252688f677f4c181b6df65bf86880634bfcef3be42c82efcdb33d654?s=96&d=mm&r=g\",\"contentUrl\":\"https:\\\/\\\/secure.gravatar.com\\\/avatar\\\/b12f7d0f252688f677f4c181b6df65bf86880634bfcef3be42c82efcdb33d654?s=96&d=mm&r=g\",\"caption\":\"Kevin Kersemans\"},\"description\":\"Kevin Kersemans is autojournalist met al enkele decennia ervaring op de teller. Zijn passie voor auto's en alles op wielen heeft hij al van kindsbeen af. Voor link2fleet volgt hij vooral de auto-actualiteit en test hij nieuwe modellen.\"}]}<\/script>\n<!-- \/ Yoast SEO plugin. -->","yoast_head_json":{"title":"Test Honda CUV e: pour les d\u00e9placements durables (et locaux) - link2fleet","description":"Avec le CUV e:, Honda propose un scooter \u00e9lectrique compact, maniable et \u00e9tonnamment mature, \u00e9quip\u00e9 de batteries amovibles, id\u00e9al pour les trajets courts dans un\u2026","robots":{"index":"index","follow":"follow","max-snippet":"max-snippet:-1","max-image-preview":"max-image-preview:large","max-video-preview":"max-video-preview:-1"},"og_locale":"fr_FR","og_type":"article","og_title":"Test Honda CUV e: pour les d\u00e9placements durables (et locaux) - link2fleet","og_description":"Avec le CUV e:, Honda propose un scooter \u00e9lectrique compact, maniable et \u00e9tonnamment mature, \u00e9quip\u00e9 de batteries amovibles, id\u00e9al pour les trajets courts dans un\u2026","og_url":"https:\/\/www.link2fleet.com\/fr\/test-honda-cuv-e-pour-les-deplacements-durables-et-locaux\/","og_site_name":"link2fleet","article_published_time":"2026-01-05T15:55:12+00:00","article_modified_time":"2026-01-14T13:28:33+00:00","og_image":[{"width":1350,"height":900,"url":"https:\/\/static.link2fleet.com\/wp-content\/uploads\/2025\/12\/50449625ymhondacuve.jpg","type":"image\/jpeg"}],"author":"Kevin Kersemans","twitter_card":"summary_large_image","twitter_description":"Avec le CUV e:, Honda propose un scooter \u00e9lectrique compact, maniable et \u00e9tonnamment mature, \u00e9quip\u00e9 de batteries amovibles, id\u00e9al pour les trajets courts dans un\u2026","twitter_misc":{"\u00c9crit par":"Kevin Kersemans","Dur\u00e9e de lecture estim\u00e9e":"7 minutes"},"schema":{"@context":"https:\/\/schema.org","@graph":[{"@type":"Article","@id":"https:\/\/www.link2fleet.com\/fr\/test-honda-cuv-e-pour-les-deplacements-durables-et-locaux\/#article","isPartOf":{"@id":"https:\/\/www.link2fleet.com\/fr\/test-honda-cuv-e-pour-les-deplacements-durables-et-locaux\/"},"author":{"name":"Kevin Kersemans","@id":"https:\/\/www.link2fleet.com\/fr\/#\/schema\/person\/877bc89c32c65772066cb11fe1e67bbf"},"headline":"Test Honda CUV e: pour les d\u00e9placements durables (et locaux)","datePublished":"2026-01-05T15:55:12+00:00","dateModified":"2026-01-14T13:28:33+00:00","mainEntityOfPage":{"@id":"https:\/\/www.link2fleet.com\/fr\/test-honda-cuv-e-pour-les-deplacements-durables-et-locaux\/"},"wordCount":11,"publisher":{"@id":"https:\/\/www.link2fleet.com\/fr\/#organization"},"image":{"@id":"https:\/\/www.link2fleet.com\/fr\/test-honda-cuv-e-pour-les-deplacements-durables-et-locaux\/#primaryimage"},"thumbnailUrl":"https:\/\/static.link2fleet.com\/wp-content\/uploads\/2025\/12\/50449625ymhondacuve.jpg","articleSection":["Essais fleet","Trottinettes, scooters et motos"],"inLanguage":"fr-FR"},{"@type":"WebPage","@id":"https:\/\/www.link2fleet.com\/fr\/test-honda-cuv-e-pour-les-deplacements-durables-et-locaux\/","url":"https:\/\/www.link2fleet.com\/fr\/test-honda-cuv-e-pour-les-deplacements-durables-et-locaux\/","name":"Test Honda CUV e: pour les d\u00e9placements durables (et locaux) - link2fleet","isPartOf":{"@id":"https:\/\/www.link2fleet.com\/fr\/#website"},"primaryImageOfPage":{"@id":"https:\/\/www.link2fleet.com\/fr\/test-honda-cuv-e-pour-les-deplacements-durables-et-locaux\/#primaryimage"},"image":{"@id":"https:\/\/www.link2fleet.com\/fr\/test-honda-cuv-e-pour-les-deplacements-durables-et-locaux\/#primaryimage"},"thumbnailUrl":"https:\/\/static.link2fleet.com\/wp-content\/uploads\/2025\/12\/50449625ymhondacuve.jpg","datePublished":"2026-01-05T15:55:12+00:00","dateModified":"2026-01-14T13:28:33+00:00","description":"Met de CUV e: biedt Honda een compacte, wendbare \u00e9n verrassend volwassen elektrische scooter met uitneembare batterijen, ideaal voor korte verplaatsingen in druk verkeer. Wij gingen na wat deze Honda te bieden heeft.","breadcrumb":{"@id":"https:\/\/www.link2fleet.com\/fr\/test-honda-cuv-e-pour-les-deplacements-durables-et-locaux\/#breadcrumb"},"inLanguage":"fr-FR","potentialAction":[{"@type":"ReadAction","target":["https:\/\/www.link2fleet.com\/fr\/test-honda-cuv-e-pour-les-deplacements-durables-et-locaux\/"]}]},{"@type":"ImageObject","inLanguage":"fr-FR","@id":"https:\/\/www.link2fleet.com\/fr\/test-honda-cuv-e-pour-les-deplacements-durables-et-locaux\/#primaryimage","url":"https:\/\/static.link2fleet.com\/wp-content\/uploads\/2025\/12\/50449625ymhondacuve.jpg","contentUrl":"https:\/\/static.link2fleet.com\/wp-content\/uploads\/2025\/12\/50449625ymhondacuve.jpg","width":1350,"height":900,"caption":"25YM Honda CUV e:"},{"@type":"BreadcrumbList","@id":"https:\/\/www.link2fleet.com\/fr\/test-honda-cuv-e-pour-les-deplacements-durables-et-locaux\/#breadcrumb","itemListElement":[{"@type":"ListItem","position":1,"name":"Home","item":"https:\/\/www.link2fleet.com\/fr\/"},{"@type":"ListItem","position":2,"name":"Test Honda CUV e: pour les d\u00e9placements durables (et locaux)"}]},{"@type":"WebSite","@id":"https:\/\/www.link2fleet.com\/fr\/#website","url":"https:\/\/www.link2fleet.com\/fr\/","name":"Link2fleet","description":"","publisher":{"@id":"https:\/\/www.link2fleet.com\/fr\/#organization"},"potentialAction":[{"@type":"SearchAction","target":{"@type":"EntryPoint","urlTemplate":"https:\/\/www.link2fleet.com\/fr\/?s={search_term_string}"},"query-input":{"@type":"PropertyValueSpecification","valueRequired":true,"valueName":"search_term_string"}}],"inLanguage":"fr-FR"},{"@type":"Organization","@id":"https:\/\/www.link2fleet.com\/fr\/#organization","name":"Link2fleet","url":"https:\/\/www.link2fleet.com\/fr\/","logo":{"@type":"ImageObject","inLanguage":"fr-FR","@id":"https:\/\/www.link2fleet.com\/fr\/#\/schema\/logo\/image\/","url":"https:\/\/static.link2fleet.com\/wp-content\/uploads\/2024\/03\/share-image.jpg","contentUrl":"https:\/\/static.link2fleet.com\/wp-content\/uploads\/2024\/03\/share-image.jpg","width":1200,"height":630,"caption":"Link2fleet"},"image":{"@id":"https:\/\/www.link2fleet.com\/fr\/#\/schema\/logo\/image\/"},"sameAs":["https:\/\/www.linkedin.com\/company\/link2fleet-belgium","https:\/\/www.youtube.com\/user\/MMMBMBE"]},{"@type":"Person","@id":"https:\/\/www.link2fleet.com\/fr\/#\/schema\/person\/877bc89c32c65772066cb11fe1e67bbf","name":"Kevin Kersemans","image":{"@type":"ImageObject","inLanguage":"fr-FR","@id":"https:\/\/secure.gravatar.com\/avatar\/b12f7d0f252688f677f4c181b6df65bf86880634bfcef3be42c82efcdb33d654?s=96&d=mm&r=g","url":"https:\/\/secure.gravatar.com\/avatar\/b12f7d0f252688f677f4c181b6df65bf86880634bfcef3be42c82efcdb33d654?s=96&d=mm&r=g","contentUrl":"https:\/\/secure.gravatar.com\/avatar\/b12f7d0f252688f677f4c181b6df65bf86880634bfcef3be42c82efcdb33d654?s=96&d=mm&r=g","caption":"Kevin Kersemans"},"description":"Kevin Kersemans is autojournalist met al enkele decennia ervaring op de teller. Zijn passie voor auto's en alles op wielen heeft hij al van kindsbeen af. Voor link2fleet volgt hij vooral de auto-actualiteit en test hij nieuwe modellen."}]}},"_links":{"self":[{"href":"https:\/\/www.link2fleet.com\/fr\/wp-json\/wp\/v2\/posts\/63965","targetHints":{"allow":["GET"]}}],"collection":[{"href":"https:\/\/www.link2fleet.com\/fr\/wp-json\/wp\/v2\/posts"}],"about":[{"href":"https:\/\/www.link2fleet.com\/fr\/wp-json\/wp\/v2\/types\/post"}],"author":[{"embeddable":true,"href":"https:\/\/www.link2fleet.com\/fr\/wp-json\/wp\/v2\/users\/49"}],"replies":[{"embeddable":true,"href":"https:\/\/www.link2fleet.com\/fr\/wp-json\/wp\/v2\/comments?post=63965"}],"version-history":[{"count":3,"href":"https:\/\/www.link2fleet.com\/fr\/wp-json\/wp\/v2\/posts\/63965\/revisions"}],"predecessor-version":[{"id":64511,"href":"https:\/\/www.link2fleet.com\/fr\/wp-json\/wp\/v2\/posts\/63965\/revisions\/64511"}],"wp:featuredmedia":[{"embeddable":true,"href":"https:\/\/www.link2fleet.com\/fr\/wp-json\/wp\/v2\/media\/63045"}],"wp:attachment":[{"href":"https:\/\/www.link2fleet.com\/fr\/wp-json\/wp\/v2\/media?parent=63965"}],"wp:term":[{"taxonomy":"category","embeddable":true,"href":"https:\/\/www.link2fleet.com\/fr\/wp-json\/wp\/v2\/categories?post=63965"},{"taxonomy":"post_tag","embeddable":true,"href":"https:\/\/www.link2fleet.com\/fr\/wp-json\/wp\/v2\/tags?post=63965"}],"curies":[{"name":"wp","href":"https:\/\/api.w.org\/{rel}","templated":true}]}}