{"id":6436,"date":"2022-05-17T08:07:21","date_gmt":"2022-05-17T06:07:21","guid":{"rendered":"https:\/\/www.link2fleet.com\/essai-peugeot-308-sw-phev-montee-en-gamme\/"},"modified":"2024-04-17T16:46:58","modified_gmt":"2024-04-17T14:46:58","slug":"essai-peugeot-308-sw-phev-montee-en-gamme","status":"publish","type":"post","link":"https:\/\/www.link2fleet.com\/fr\/essai-peugeot-308-sw-phev-montee-en-gamme\/","title":{"rendered":"Fleet test Peugeot 308 SW PHEV : mont\u00e9e en gamme"},"content":{"rendered":"<p style=\"font-weight: 400;\">Visuellement, la nouvelle Peugeot 308 se distingue assur\u00e9ment dans la circulation gr\u00e2ce \u00e0 sa forte personnalit\u00e9 et ses lignes sculpt\u00e9es. Le nouveau design Peugeot s\u2019exprime ici pleinement avec, notamment, les feux arri\u00e8re \u00e0 LED ultrafins tant en version berline que break. Cette derni\u00e8re s\u2019\u00e9tend sur 4,64 m\u00e8tres et propose un pavillon tr\u00e8s fuyant qui ne fait toutefois pas de compromis sur le volume de coffre.<\/p>\n<p style=\"font-weight: 400;\"><strong>Belle autonomie<\/strong><\/p>\n<p style=\"font-weight: 400;\"><a href=\"https:\/\/www.link2fleet.com\/wp-content\/uploads\/2022\/05\/PEUGEOT_308_TESTDRIVE_0921TC-206-scaled.jpeg\"><img loading=\"lazy\" decoding=\"async\" class=\"alignright size-medium wp-image-1280425\" src=\"https:\/\/www.link2fleet.com\/wp-content\/uploads\/2022\/05\/PEUGEOT_308_TESTDRIVE_0921TC-206-300x200.jpeg\" alt=\"\" width=\"300\" height=\"200\" \/><\/a>Malgr\u00e9 la pr\u00e9sence d\u2019une grosse batterie n\u00e9cessaire pour alimenter le moteur \u00e9lectrique, la version hybride rechargeable dispose ainsi de 548 litres sous le cache bagages. D\u2019une capacit\u00e9 de 12,4 kWh, cette batterie permet d\u2019offrir une autonomie confortable de 60 km en 100% \u00e9lectrique selon le cycle WLTP. En pratique, durant notre essai r\u00e9alis\u00e9 par des temp\u00e9ratures cl\u00e9mentes, nous n\u2019avons pas \u00e9t\u00e9 d\u00e9\u00e7us avec 42 km parcourus en ville et plus de 50 km parcourus sur le ring bruxellois sans \u00e9missions de CO2.<\/p>\n<p style=\"font-weight: 400;\"><strong>Recharge rapide<\/strong><\/p>\n<p style=\"font-weight: 400;\">Une fois les batteries vides, la consommation ne s\u2019envole pas non plus avec des valeurs comprises entre 6,5l et 8,5l\/100 km selon les conditions. Sur secteur, une recharge totale des batteries demande 4 \u00e0 7h ou moins de 2 heures avec le c\u00e2ble de recharge optionnel.<\/p>\n<p style=\"font-weight: 400;\"><strong>180 ou 225 ch<\/strong><\/p>\n<p style=\"font-weight: 400;\">Cette nouvelle Peugeot 308 est propos\u00e9e en deux versions hybrides rechargeables d\u00e9veloppant 180 ou 225 chevaux. La version la plus puissante ne demande que 7,6 secondes pour effectuer le 0 \u00e0 100 km\/h et pointe \u00e0 225 km\/h. Cela dit, l\u2019hybride rechargeable de 180 chevaux fait \u00e0 peine moins bien avec un petit dixi\u00e8me de diff\u00e9rence.<\/p>\n<p style=\"font-weight: 400;\"><strong>Efficacit\u00e9<\/strong><\/p>\n<p style=\"font-weight: 400;\">Malgr\u00e9 un poids qui d\u00e9passe les 1.750 kg sur notre version d\u2019essai dot\u00e9e du moteur le plus puissant, les performances r\u00e9elles ne d\u00e9\u00e7oivent pas. Le couple \u00e9lev\u00e9 et disponible tr\u00e8s t\u00f4t gr\u00e2ce au bloc \u00e9lectrique permet de toujours disposer d\u2019une r\u00e9serve de puissance. Seule la bo\u00eete manque parfois de r\u00e9activit\u00e9. En mati\u00e8re de comportement, la 308 PHEV pr\u00e9sente un bon compromis entre confort et dynamisme.<\/p>\n<p style=\"font-weight: 400;\"><strong>Premium\u00a0?<\/strong><\/p>\n<p style=\"font-weight: 400;\"><a href=\"https:\/\/www.link2fleet.com\/wp-content\/uploads\/2022\/05\/PEUGEOT_308_TESTDRIVE_0921TC-309-scaled.jpeg\"><img loading=\"lazy\" decoding=\"async\" class=\"alignright size-medium wp-image-1280429\" src=\"https:\/\/www.link2fleet.com\/wp-content\/uploads\/2022\/05\/PEUGEOT_308_TESTDRIVE_0921TC-309-300x200.jpeg\" alt=\"\" width=\"300\" height=\"200\" \/><\/a>\u00c0 l\u2019int\u00e9rieur, la 308 prouve encore sa mont\u00e9e en gamme avec des mat\u00e9riaux et des finitions de tr\u00e8s belle facture et des \u00e9quipements modernes tels que son double \u00e9cran num\u00e9rique associ\u00e9 \u00e0 des boutons virtuels personnalisables qui ne manquent pas d\u2019allure. Les passagers avant profiteront m\u00eame de si\u00e8ges massant sur les versions les mieux \u00e9quip\u00e9es. L\u2019habitabilit\u00e9 arri\u00e8re ne sort pas du lot, mais la banquette se montre modulable en trois parties.<\/p>\n<p style=\"font-weight: 400;\"><strong>Bilan fleet<\/strong><\/p>\n<p style=\"font-weight: 400;\">La nouvelle 308 confirme sa mont\u00e9e en gamme avec de belles finitions et des \u00e9quipements ultra-modernes, mais aussi des prix \u00e0 la hausse. R\u00e9ussie, cette variante PHEV propose une autonomie r\u00e9elle permettant d\u2019envisager facilement un usage maximal sans \u00e9missions de CO2.<\/p>\n<p>&nbsp;<\/p>\n<p style=\"font-weight: 400;\"><strong>Fiche technique<\/strong><\/p>\n<p style=\"font-weight: 400;\"><strong>Peugeot 308 SW PHEV 225 ch finition GT Pack <\/strong><\/p>\n<table style=\"font-weight: 400;\" width=\"544\">\n<tbody>\n<tr>\n<td width=\"279\"><strong>INFORMATIONS TECHNIQUES<\/strong><\/td>\n<td width=\"265\"><strong>\u00a0<\/strong><\/td>\n<\/tr>\n<tr>\n<td width=\"279\"><strong>Carburant\u00a0\u00a0\u00a0 <\/strong><\/td>\n<td width=\"265\">Hybride (essence \/ \u00e9lectrique)<\/td>\n<\/tr>\n<tr>\n<td width=\"279\"><strong>Puissance<\/strong><\/td>\n<td width=\"265\">225 ch<\/td>\n<\/tr>\n<tr>\n<td width=\"279\"><strong>Couple maximum <\/strong><\/td>\n<td width=\"265\">360 Nm<\/td>\n<\/tr>\n<tr>\n<td width=\"279\"><strong>Poids \u00e0 vide<\/strong><\/td>\n<td width=\"265\">1687 Kg<\/td>\n<\/tr>\n<tr>\n<td width=\"279\"><strong>Volume du coffre<\/strong><\/td>\n<td width=\"265\">548 l<\/td>\n<\/tr>\n<tr>\n<td width=\"279\"><strong>Consommation moyenne<\/strong><\/td>\n<td width=\"265\">1,2 l\/100 km<\/td>\n<\/tr>\n<tr>\n<td width=\"279\"><strong>Emission CO<sub>2<\/sub><\/strong><\/td>\n<td width=\"265\">27 g\/km<\/td>\n<\/tr>\n<tr>\n<td width=\"279\"><strong>Vitesse maximale<\/strong><\/td>\n<td width=\"265\">235 km\/h<\/td>\n<\/tr>\n<tr>\n<td width=\"279\"><strong>Autonomie \u00e9lectrique<\/strong><\/td>\n<td width=\"265\">67 km<\/td>\n<\/tr>\n<\/tbody>\n<\/table>\n<table style=\"font-weight: 400;\" width=\"565\">\n<tbody>\n<tr>\n<td colspan=\"2\" width=\"565\"><strong>INFORMATIONS DE GESTION<\/strong><\/td>\n<\/tr>\n<tr>\n<td width=\"385\"><strong>Prix du mod\u00e8le test\u00e9 HTVA<\/strong><\/td>\n<td width=\"180\">40.041\u20ac<\/td>\n<\/tr>\n<tr>\n<td width=\"385\"><strong>Prix du mod\u00e8le test\u00e9 TVAC<\/strong><\/td>\n<td width=\"180\">48.450 \u20ac<\/td>\n<\/tr>\n<tr>\n<td width=\"385\"><strong>TMC (Bruxelles, Wallonie, Leasing)<\/strong><\/td>\n<td width=\"180\">4957 \u20ac<\/td>\n<\/tr>\n<tr>\n<td width=\"385\"><strong>BIV (Flandre)<\/strong><\/td>\n<td width=\"180\">46,23 \u20ac<\/td>\n<\/tr>\n<tr>\n<td width=\"385\"><strong>Taxe de circulation (Bruxelles, Wallonie)<\/strong><\/td>\n<td width=\"180\">85,27 \u20ac<\/td>\n<\/tr>\n<tr>\n<td width=\"385\"><strong>Taxe de circulation (Flandre)<\/strong><\/td>\n<td width=\"180\">85,27 \u20ac<\/td>\n<\/tr>\n<tr>\n<td width=\"385\"><strong>D\u00e9ductibilit\u00e9 fiscale<\/strong><\/td>\n<td width=\"180\">100 %<\/td>\n<\/tr>\n<tr>\n<td width=\"385\"><strong>ATN utilisateur<\/strong><\/td>\n<td width=\"180\">1400 \u20ac\/an<\/td>\n<\/tr>\n<tr>\n<td width=\"385\"><strong>D\u00e9penses non-admises<\/strong><\/td>\n<td width=\"180\">560 \u20ac\/an<\/td>\n<\/tr>\n<tr>\n<td width=\"385\"><strong>Taxe CO<sub>2<\/sub><\/strong><\/td>\n<td width=\"180\">28,17 \u20ac<\/td>\n<\/tr>\n<\/tbody>\n<\/table>\n\n<p style=\"font-weight: 400;\">\n","protected":false},"excerpt":{"rendered":"<p>Visuellement, la nouvelle Peugeot 308 se distingue assur\u00e9ment dans la circulation gr\u00e2ce \u00e0 sa forte personnalit\u00e9 et ses lignes sculpt\u00e9es. Le nouveau design Peugeot s\u2019exprime ici pleinement avec, notamment, les feux arri\u00e8re \u00e0 LED ultrafins tant en version berline que break. Cette derni\u00e8re s\u2019\u00e9tend sur 4,64 m\u00e8tres et propose un pavillon tr\u00e8s fuyant qui ne [&hellip;]<\/p>\n","protected":false},"author":4,"featured_media":6437,"comment_status":"closed","ping_status":"closed","sticky":false,"template":"","format":"standard","meta":{"_acf_changed":false,"footnotes":""},"categories":[77,76],"tags":[],"class_list":["post-6436","post","type-post","status-publish","format-standard","has-post-thumbnail","hentry","category-importateurs-et-constructeurs-automobiles-vp","category-car"],"acf":[],"yoast_head":"<!-- This site is optimized with the Yoast SEO plugin v27.3 - https:\/\/yoast.com\/product\/yoast-seo-wordpress\/ -->\n<title>Fleet test Peugeot 308 SW PHEV : mont\u00e9e en gamme - link2fleet<\/title>\n<meta name=\"description\" content=\"Avec sa nouvelle g\u00e9n\u00e9ration de 308, Peugeot confirme sa mont\u00e9e en gamme et propose d\u00e9sormais une variante hybride rechargeable. Fiscalement int\u00e9ressante, sa variante break constitue,\u2026\" \/>\n<meta name=\"robots\" content=\"index, follow, max-snippet:-1, max-image-preview:large, max-video-preview:-1\" \/>\n<meta property=\"og:locale\" content=\"fr_FR\" \/>\n<meta property=\"og:type\" content=\"article\" \/>\n<meta property=\"og:title\" content=\"Fleet test Peugeot 308 SW PHEV : mont\u00e9e en gamme - link2fleet\" \/>\n<meta property=\"og:description\" content=\"Avec sa nouvelle g\u00e9n\u00e9ration de 308, Peugeot confirme sa mont\u00e9e en gamme et propose d\u00e9sormais une variante hybride rechargeable. Fiscalement int\u00e9ressante, sa variante break constitue,\u2026\" \/>\n<meta property=\"og:url\" content=\"https:\/\/www.link2fleet.com\/fr\/essai-peugeot-308-sw-phev-montee-en-gamme\/\" \/>\n<meta property=\"og:site_name\" content=\"link2fleet\" \/>\n<meta property=\"article:published_time\" content=\"2022-05-17T06:07:21+00:00\" \/>\n<meta property=\"article:modified_time\" content=\"2024-04-17T14:46:58+00:00\" \/>\n<meta property=\"og:image\" content=\"https:\/\/static.link2fleet.com\/wp-content\/uploads\/2024\/03\/peugeot-308-testdrive-0921tc-183-scaled-1.jpeg\" \/>\n\t<meta property=\"og:image:width\" content=\"2560\" \/>\n\t<meta property=\"og:image:height\" content=\"1708\" \/>\n\t<meta property=\"og:image:type\" content=\"image\/jpeg\" \/>\n<meta name=\"author\" content=\"Damien Malvetti\" \/>\n<meta name=\"twitter:card\" content=\"summary_large_image\" \/>\n<meta name=\"twitter:description\" content=\"Avec sa nouvelle g\u00e9n\u00e9ration de 308, Peugeot confirme sa mont\u00e9e en gamme et propose d\u00e9sormais une variante hybride rechargeable. Fiscalement int\u00e9ressante, sa variante break constitue,\u2026\" \/>\n<meta name=\"twitter:label1\" content=\"\u00c9crit par\" \/>\n\t<meta name=\"twitter:data1\" content=\"Damien Malvetti\" \/>\n\t<meta name=\"twitter:label2\" content=\"Dur\u00e9e de lecture estim\u00e9e\" \/>\n\t<meta name=\"twitter:data2\" content=\"3 minutes\" \/>\n<script type=\"application\/ld+json\" class=\"yoast-schema-graph\">{\"@context\":\"https:\\\/\\\/schema.org\",\"@graph\":[{\"@type\":\"Article\",\"@id\":\"https:\\\/\\\/www.link2fleet.com\\\/fr\\\/essai-peugeot-308-sw-phev-montee-en-gamme\\\/#article\",\"isPartOf\":{\"@id\":\"https:\\\/\\\/www.link2fleet.com\\\/fr\\\/essai-peugeot-308-sw-phev-montee-en-gamme\\\/\"},\"author\":{\"name\":\"Damien Malvetti\",\"@id\":\"https:\\\/\\\/www.link2fleet.com\\\/fr\\\/#\\\/schema\\\/person\\\/027cd46113c78036b3809c9a054049da\"},\"headline\":\"Fleet test Peugeot 308 SW PHEV : mont\u00e9e en gamme\",\"datePublished\":\"2022-05-17T06:07:21+00:00\",\"dateModified\":\"2024-04-17T14:46:58+00:00\",\"mainEntityOfPage\":{\"@id\":\"https:\\\/\\\/www.link2fleet.com\\\/fr\\\/essai-peugeot-308-sw-phev-montee-en-gamme\\\/\"},\"wordCount\":674,\"publisher\":{\"@id\":\"https:\\\/\\\/www.link2fleet.com\\\/fr\\\/#organization\"},\"image\":{\"@id\":\"https:\\\/\\\/www.link2fleet.com\\\/fr\\\/essai-peugeot-308-sw-phev-montee-en-gamme\\\/#primaryimage\"},\"thumbnailUrl\":\"https:\\\/\\\/static.link2fleet.com\\\/wp-content\\\/uploads\\\/2024\\\/03\\\/peugeot-308-testdrive-0921tc-183-scaled-1.jpeg\",\"articleSection\":[\"Importateurs et constructeurs\",\"V\u00e9hicules\"],\"inLanguage\":\"fr-FR\"},{\"@type\":\"WebPage\",\"@id\":\"https:\\\/\\\/www.link2fleet.com\\\/fr\\\/essai-peugeot-308-sw-phev-montee-en-gamme\\\/\",\"url\":\"https:\\\/\\\/www.link2fleet.com\\\/fr\\\/essai-peugeot-308-sw-phev-montee-en-gamme\\\/\",\"name\":\"Fleet test Peugeot 308 SW PHEV : mont\u00e9e en gamme - link2fleet\",\"isPartOf\":{\"@id\":\"https:\\\/\\\/www.link2fleet.com\\\/fr\\\/#website\"},\"primaryImageOfPage\":{\"@id\":\"https:\\\/\\\/www.link2fleet.com\\\/fr\\\/essai-peugeot-308-sw-phev-montee-en-gamme\\\/#primaryimage\"},\"image\":{\"@id\":\"https:\\\/\\\/www.link2fleet.com\\\/fr\\\/essai-peugeot-308-sw-phev-montee-en-gamme\\\/#primaryimage\"},\"thumbnailUrl\":\"https:\\\/\\\/static.link2fleet.com\\\/wp-content\\\/uploads\\\/2024\\\/03\\\/peugeot-308-testdrive-0921tc-183-scaled-1.jpeg\",\"datePublished\":\"2022-05-17T06:07:21+00:00\",\"dateModified\":\"2024-04-17T14:46:58+00:00\",\"breadcrumb\":{\"@id\":\"https:\\\/\\\/www.link2fleet.com\\\/fr\\\/essai-peugeot-308-sw-phev-montee-en-gamme\\\/#breadcrumb\"},\"inLanguage\":\"fr-FR\",\"potentialAction\":[{\"@type\":\"ReadAction\",\"target\":[\"https:\\\/\\\/www.link2fleet.com\\\/fr\\\/essai-peugeot-308-sw-phev-montee-en-gamme\\\/\"]}]},{\"@type\":\"ImageObject\",\"inLanguage\":\"fr-FR\",\"@id\":\"https:\\\/\\\/www.link2fleet.com\\\/fr\\\/essai-peugeot-308-sw-phev-montee-en-gamme\\\/#primaryimage\",\"url\":\"https:\\\/\\\/static.link2fleet.com\\\/wp-content\\\/uploads\\\/2024\\\/03\\\/peugeot-308-testdrive-0921tc-183-scaled-1.jpeg\",\"contentUrl\":\"https:\\\/\\\/static.link2fleet.com\\\/wp-content\\\/uploads\\\/2024\\\/03\\\/peugeot-308-testdrive-0921tc-183-scaled-1.jpeg\",\"width\":2560,\"height\":1708,\"caption\":\"||||\"},{\"@type\":\"BreadcrumbList\",\"@id\":\"https:\\\/\\\/www.link2fleet.com\\\/fr\\\/essai-peugeot-308-sw-phev-montee-en-gamme\\\/#breadcrumb\",\"itemListElement\":[{\"@type\":\"ListItem\",\"position\":1,\"name\":\"Home\",\"item\":\"https:\\\/\\\/www.link2fleet.com\\\/fr\\\/\"},{\"@type\":\"ListItem\",\"position\":2,\"name\":\"Fleet test Peugeot 308 SW PHEV : mont\u00e9e en gamme\"}]},{\"@type\":\"WebSite\",\"@id\":\"https:\\\/\\\/www.link2fleet.com\\\/fr\\\/#website\",\"url\":\"https:\\\/\\\/www.link2fleet.com\\\/fr\\\/\",\"name\":\"Link2fleet\",\"description\":\"\",\"publisher\":{\"@id\":\"https:\\\/\\\/www.link2fleet.com\\\/fr\\\/#organization\"},\"potentialAction\":[{\"@type\":\"SearchAction\",\"target\":{\"@type\":\"EntryPoint\",\"urlTemplate\":\"https:\\\/\\\/www.link2fleet.com\\\/fr\\\/?s={search_term_string}\"},\"query-input\":{\"@type\":\"PropertyValueSpecification\",\"valueRequired\":true,\"valueName\":\"search_term_string\"}}],\"inLanguage\":\"fr-FR\"},{\"@type\":\"Organization\",\"@id\":\"https:\\\/\\\/www.link2fleet.com\\\/fr\\\/#organization\",\"name\":\"Link2fleet\",\"url\":\"https:\\\/\\\/www.link2fleet.com\\\/fr\\\/\",\"logo\":{\"@type\":\"ImageObject\",\"inLanguage\":\"fr-FR\",\"@id\":\"https:\\\/\\\/www.link2fleet.com\\\/fr\\\/#\\\/schema\\\/logo\\\/image\\\/\",\"url\":\"https:\\\/\\\/static.link2fleet.com\\\/wp-content\\\/uploads\\\/2024\\\/03\\\/share-image.jpg\",\"contentUrl\":\"https:\\\/\\\/static.link2fleet.com\\\/wp-content\\\/uploads\\\/2024\\\/03\\\/share-image.jpg\",\"width\":1200,\"height\":630,\"caption\":\"Link2fleet\"},\"image\":{\"@id\":\"https:\\\/\\\/www.link2fleet.com\\\/fr\\\/#\\\/schema\\\/logo\\\/image\\\/\"},\"sameAs\":[\"https:\\\/\\\/www.linkedin.com\\\/company\\\/link2fleet-belgium\",\"https:\\\/\\\/www.youtube.com\\\/user\\\/MMMBMBE\"]},{\"@type\":\"Person\",\"@id\":\"https:\\\/\\\/www.link2fleet.com\\\/fr\\\/#\\\/schema\\\/person\\\/027cd46113c78036b3809c9a054049da\",\"name\":\"Damien Malvetti\",\"image\":{\"@type\":\"ImageObject\",\"inLanguage\":\"fr-FR\",\"@id\":\"https:\\\/\\\/secure.gravatar.com\\\/avatar\\\/dd8cc03b49466c735f753ac37f8caa371af16dfed347456ed61f02883255eebb?s=96&d=mm&r=g\",\"url\":\"https:\\\/\\\/secure.gravatar.com\\\/avatar\\\/dd8cc03b49466c735f753ac37f8caa371af16dfed347456ed61f02883255eebb?s=96&d=mm&r=g\",\"contentUrl\":\"https:\\\/\\\/secure.gravatar.com\\\/avatar\\\/dd8cc03b49466c735f753ac37f8caa371af16dfed347456ed61f02883255eebb?s=96&d=mm&r=g\",\"caption\":\"Damien Malvetti\"},\"description\":\"Damien Malvetti is opgeleid als journalist en gepassioneerd door wagens, technologie en mobiliteit. Hij is verantwoordelijk voor de redactionele inhoud van link2fleet en beschikt over een uitgebreide kennis van de fleet-sector en elektrische mobiliteit.\",\"sameAs\":[\"https:\\\/\\\/www.linkedin.com\\\/in\\\/damien-malvetti-56601142\\\/\"]}]}<\/script>\n<!-- \/ Yoast SEO plugin. -->","yoast_head_json":{"title":"Fleet test Peugeot 308 SW PHEV : mont\u00e9e en gamme - link2fleet","description":"Avec sa nouvelle g\u00e9n\u00e9ration de 308, Peugeot confirme sa mont\u00e9e en gamme et propose d\u00e9sormais une variante hybride rechargeable. Fiscalement int\u00e9ressante, sa variante break constitue,\u2026","robots":{"index":"index","follow":"follow","max-snippet":"max-snippet:-1","max-image-preview":"max-image-preview:large","max-video-preview":"max-video-preview:-1"},"og_locale":"fr_FR","og_type":"article","og_title":"Fleet test Peugeot 308 SW PHEV : mont\u00e9e en gamme - link2fleet","og_description":"Avec sa nouvelle g\u00e9n\u00e9ration de 308, Peugeot confirme sa mont\u00e9e en gamme et propose d\u00e9sormais une variante hybride rechargeable. Fiscalement int\u00e9ressante, sa variante break constitue,\u2026","og_url":"https:\/\/www.link2fleet.com\/fr\/essai-peugeot-308-sw-phev-montee-en-gamme\/","og_site_name":"link2fleet","article_published_time":"2022-05-17T06:07:21+00:00","article_modified_time":"2024-04-17T14:46:58+00:00","og_image":[{"width":2560,"height":1708,"url":"https:\/\/static.link2fleet.com\/wp-content\/uploads\/2024\/03\/peugeot-308-testdrive-0921tc-183-scaled-1.jpeg","type":"image\/jpeg"}],"author":"Damien Malvetti","twitter_card":"summary_large_image","twitter_description":"Avec sa nouvelle g\u00e9n\u00e9ration de 308, Peugeot confirme sa mont\u00e9e en gamme et propose d\u00e9sormais une variante hybride rechargeable. Fiscalement int\u00e9ressante, sa variante break constitue,\u2026","twitter_misc":{"\u00c9crit par":"Damien Malvetti","Dur\u00e9e de lecture estim\u00e9e":"3 minutes"},"schema":{"@context":"https:\/\/schema.org","@graph":[{"@type":"Article","@id":"https:\/\/www.link2fleet.com\/fr\/essai-peugeot-308-sw-phev-montee-en-gamme\/#article","isPartOf":{"@id":"https:\/\/www.link2fleet.com\/fr\/essai-peugeot-308-sw-phev-montee-en-gamme\/"},"author":{"name":"Damien Malvetti","@id":"https:\/\/www.link2fleet.com\/fr\/#\/schema\/person\/027cd46113c78036b3809c9a054049da"},"headline":"Fleet test Peugeot 308 SW PHEV : mont\u00e9e en gamme","datePublished":"2022-05-17T06:07:21+00:00","dateModified":"2024-04-17T14:46:58+00:00","mainEntityOfPage":{"@id":"https:\/\/www.link2fleet.com\/fr\/essai-peugeot-308-sw-phev-montee-en-gamme\/"},"wordCount":674,"publisher":{"@id":"https:\/\/www.link2fleet.com\/fr\/#organization"},"image":{"@id":"https:\/\/www.link2fleet.com\/fr\/essai-peugeot-308-sw-phev-montee-en-gamme\/#primaryimage"},"thumbnailUrl":"https:\/\/static.link2fleet.com\/wp-content\/uploads\/2024\/03\/peugeot-308-testdrive-0921tc-183-scaled-1.jpeg","articleSection":["Importateurs et constructeurs","V\u00e9hicules"],"inLanguage":"fr-FR"},{"@type":"WebPage","@id":"https:\/\/www.link2fleet.com\/fr\/essai-peugeot-308-sw-phev-montee-en-gamme\/","url":"https:\/\/www.link2fleet.com\/fr\/essai-peugeot-308-sw-phev-montee-en-gamme\/","name":"Fleet test Peugeot 308 SW PHEV : mont\u00e9e en gamme - link2fleet","isPartOf":{"@id":"https:\/\/www.link2fleet.com\/fr\/#website"},"primaryImageOfPage":{"@id":"https:\/\/www.link2fleet.com\/fr\/essai-peugeot-308-sw-phev-montee-en-gamme\/#primaryimage"},"image":{"@id":"https:\/\/www.link2fleet.com\/fr\/essai-peugeot-308-sw-phev-montee-en-gamme\/#primaryimage"},"thumbnailUrl":"https:\/\/static.link2fleet.com\/wp-content\/uploads\/2024\/03\/peugeot-308-testdrive-0921tc-183-scaled-1.jpeg","datePublished":"2022-05-17T06:07:21+00:00","dateModified":"2024-04-17T14:46:58+00:00","breadcrumb":{"@id":"https:\/\/www.link2fleet.com\/fr\/essai-peugeot-308-sw-phev-montee-en-gamme\/#breadcrumb"},"inLanguage":"fr-FR","potentialAction":[{"@type":"ReadAction","target":["https:\/\/www.link2fleet.com\/fr\/essai-peugeot-308-sw-phev-montee-en-gamme\/"]}]},{"@type":"ImageObject","inLanguage":"fr-FR","@id":"https:\/\/www.link2fleet.com\/fr\/essai-peugeot-308-sw-phev-montee-en-gamme\/#primaryimage","url":"https:\/\/static.link2fleet.com\/wp-content\/uploads\/2024\/03\/peugeot-308-testdrive-0921tc-183-scaled-1.jpeg","contentUrl":"https:\/\/static.link2fleet.com\/wp-content\/uploads\/2024\/03\/peugeot-308-testdrive-0921tc-183-scaled-1.jpeg","width":2560,"height":1708,"caption":"||||"},{"@type":"BreadcrumbList","@id":"https:\/\/www.link2fleet.com\/fr\/essai-peugeot-308-sw-phev-montee-en-gamme\/#breadcrumb","itemListElement":[{"@type":"ListItem","position":1,"name":"Home","item":"https:\/\/www.link2fleet.com\/fr\/"},{"@type":"ListItem","position":2,"name":"Fleet test Peugeot 308 SW PHEV : mont\u00e9e en gamme"}]},{"@type":"WebSite","@id":"https:\/\/www.link2fleet.com\/fr\/#website","url":"https:\/\/www.link2fleet.com\/fr\/","name":"Link2fleet","description":"","publisher":{"@id":"https:\/\/www.link2fleet.com\/fr\/#organization"},"potentialAction":[{"@type":"SearchAction","target":{"@type":"EntryPoint","urlTemplate":"https:\/\/www.link2fleet.com\/fr\/?s={search_term_string}"},"query-input":{"@type":"PropertyValueSpecification","valueRequired":true,"valueName":"search_term_string"}}],"inLanguage":"fr-FR"},{"@type":"Organization","@id":"https:\/\/www.link2fleet.com\/fr\/#organization","name":"Link2fleet","url":"https:\/\/www.link2fleet.com\/fr\/","logo":{"@type":"ImageObject","inLanguage":"fr-FR","@id":"https:\/\/www.link2fleet.com\/fr\/#\/schema\/logo\/image\/","url":"https:\/\/static.link2fleet.com\/wp-content\/uploads\/2024\/03\/share-image.jpg","contentUrl":"https:\/\/static.link2fleet.com\/wp-content\/uploads\/2024\/03\/share-image.jpg","width":1200,"height":630,"caption":"Link2fleet"},"image":{"@id":"https:\/\/www.link2fleet.com\/fr\/#\/schema\/logo\/image\/"},"sameAs":["https:\/\/www.linkedin.com\/company\/link2fleet-belgium","https:\/\/www.youtube.com\/user\/MMMBMBE"]},{"@type":"Person","@id":"https:\/\/www.link2fleet.com\/fr\/#\/schema\/person\/027cd46113c78036b3809c9a054049da","name":"Damien Malvetti","image":{"@type":"ImageObject","inLanguage":"fr-FR","@id":"https:\/\/secure.gravatar.com\/avatar\/dd8cc03b49466c735f753ac37f8caa371af16dfed347456ed61f02883255eebb?s=96&d=mm&r=g","url":"https:\/\/secure.gravatar.com\/avatar\/dd8cc03b49466c735f753ac37f8caa371af16dfed347456ed61f02883255eebb?s=96&d=mm&r=g","contentUrl":"https:\/\/secure.gravatar.com\/avatar\/dd8cc03b49466c735f753ac37f8caa371af16dfed347456ed61f02883255eebb?s=96&d=mm&r=g","caption":"Damien Malvetti"},"description":"Damien Malvetti is opgeleid als journalist en gepassioneerd door wagens, technologie en mobiliteit. Hij is verantwoordelijk voor de redactionele inhoud van link2fleet en beschikt over een uitgebreide kennis van de fleet-sector en elektrische mobiliteit.","sameAs":["https:\/\/www.linkedin.com\/in\/damien-malvetti-56601142\/"]}]}},"_links":{"self":[{"href":"https:\/\/www.link2fleet.com\/fr\/wp-json\/wp\/v2\/posts\/6436","targetHints":{"allow":["GET"]}}],"collection":[{"href":"https:\/\/www.link2fleet.com\/fr\/wp-json\/wp\/v2\/posts"}],"about":[{"href":"https:\/\/www.link2fleet.com\/fr\/wp-json\/wp\/v2\/types\/post"}],"author":[{"embeddable":true,"href":"https:\/\/www.link2fleet.com\/fr\/wp-json\/wp\/v2\/users\/4"}],"replies":[{"embeddable":true,"href":"https:\/\/www.link2fleet.com\/fr\/wp-json\/wp\/v2\/comments?post=6436"}],"version-history":[{"count":0,"href":"https:\/\/www.link2fleet.com\/fr\/wp-json\/wp\/v2\/posts\/6436\/revisions"}],"wp:featuredmedia":[{"embeddable":true,"href":"https:\/\/www.link2fleet.com\/fr\/wp-json\/wp\/v2\/media\/6437"}],"wp:attachment":[{"href":"https:\/\/www.link2fleet.com\/fr\/wp-json\/wp\/v2\/media?parent=6436"}],"wp:term":[{"taxonomy":"category","embeddable":true,"href":"https:\/\/www.link2fleet.com\/fr\/wp-json\/wp\/v2\/categories?post=6436"},{"taxonomy":"post_tag","embeddable":true,"href":"https:\/\/www.link2fleet.com\/fr\/wp-json\/wp\/v2\/tags?post=6436"}],"curies":[{"name":"wp","href":"https:\/\/api.w.org\/{rel}","templated":true}]}}