{"id":64445,"date":"2026-01-13T11:32:36","date_gmt":"2026-01-13T10:32:36","guid":{"rendered":"https:\/\/www.link2fleet.com\/?p=64445"},"modified":"2026-01-13T11:32:36","modified_gmt":"2026-01-13T10:32:36","slug":"3-questions-a-xavier-chardon-dg-de-citroen-et-directeur-ventes-marketing-de-stellantis","status":"publish","type":"post","link":"https:\/\/www.link2fleet.com\/fr\/3-questions-a-xavier-chardon-dg-de-citroen-et-directeur-ventes-marketing-de-stellantis\/","title":{"rendered":"3 questions \u00e0 Xavier Chardon, DG de Citro\u00ebn et Directeur ventes\/marketing de Stellantis"},"content":{"rendered":"","protected":false},"excerpt":{"rendered":"","protected":false},"author":18,"featured_media":64447,"comment_status":"closed","ping_status":"closed","sticky":false,"template":"","format":"standard","meta":{"_acf_changed":false,"footnotes":""},"categories":[1448,135],"tags":[361,238,864,1582],"class_list":["post-64445","post","type-post","status-publish","format-standard","has-post-thumbnail","hentry","category-a-la-une","category-news-fr","tag-citroen","tag-interview-fr","tag-stellantis","tag-xavier-chardon"],"acf":[],"yoast_head":"<!-- This site is optimized with the Yoast SEO plugin v27.3 - https:\/\/yoast.com\/product\/yoast-seo-wordpress\/ -->\n<title>3 questions \u00e0 Xavier Chardon, DG de Citro\u00ebn et Directeur ventes\/marketing de Stellantis - link2fleet<\/title>\n<meta name=\"description\" content=\"Dans le cadre du Brussels Motor Show, nous avons pu nous entretenir avec Xavier Chardon, du groupe Stellantis. Qu\u2019en retenir ? Deux enseignements principaux. Un\u00a0:\u2026\" \/>\n<meta name=\"robots\" content=\"index, follow, max-snippet:-1, max-image-preview:large, max-video-preview:-1\" \/>\n<meta property=\"og:locale\" content=\"fr_FR\" \/>\n<meta property=\"og:type\" content=\"article\" \/>\n<meta property=\"og:title\" content=\"3 questions \u00e0 Xavier Chardon, DG de Citro\u00ebn et Directeur ventes\/marketing de Stellantis - link2fleet\" \/>\n<meta property=\"og:description\" content=\"Dans le cadre du Brussels Motor Show, nous avons pu nous entretenir avec Xavier Chardon, du groupe Stellantis. Qu\u2019en retenir ? Deux enseignements principaux. Un\u00a0:\u2026\" \/>\n<meta property=\"og:url\" content=\"https:\/\/www.link2fleet.com\/fr\/3-questions-a-xavier-chardon-dg-de-citroen-et-directeur-ventes-marketing-de-stellantis\/\" \/>\n<meta property=\"og:site_name\" content=\"link2fleet\" \/>\n<meta property=\"article:published_time\" content=\"2026-01-13T10:32:36+00:00\" \/>\n<meta property=\"og:image\" content=\"https:\/\/static.link2fleet.com\/wp-content\/uploads\/2026\/01\/xavier-chardonlink2fleetfr.jpg\" \/>\n\t<meta property=\"og:image:width\" content=\"1300\" \/>\n\t<meta property=\"og:image:height\" content=\"866\" \/>\n\t<meta property=\"og:image:type\" content=\"image\/jpeg\" \/>\n<meta name=\"author\" content=\"Maxime Pasture\" \/>\n<meta name=\"twitter:card\" content=\"summary_large_image\" \/>\n<meta name=\"twitter:description\" content=\"Dans le cadre du Brussels Motor Show, nous avons pu nous entretenir avec Xavier Chardon, du groupe Stellantis. Qu\u2019en retenir ? Deux enseignements principaux. Un\u00a0:\u2026\" \/>\n<meta name=\"twitter:label1\" content=\"\u00c9crit par\" \/>\n\t<meta name=\"twitter:data1\" content=\"Journaliste de formation, Maxime est tr\u00e8s curieux mais surtout passionn\u00e9 d&#039;automobile. Sa curiosit\u00e9 l&#039;am\u00e8ne \u00e0 traiter de sujets divers et vari\u00e9s li\u00e9s \u00e0 la mobilit\u00e9 au sens large et bien plus encore !\" \/>\n\t<meta name=\"twitter:label2\" content=\"Dur\u00e9e de lecture estim\u00e9e\" \/>\n\t<meta name=\"twitter:data2\" content=\"4 minutes\" \/>\n<script type=\"application\/ld+json\" class=\"yoast-schema-graph\">{\"@context\":\"https:\\\/\\\/schema.org\",\"@graph\":[{\"@type\":\"Article\",\"@id\":\"https:\\\/\\\/www.link2fleet.com\\\/fr\\\/3-questions-a-xavier-chardon-dg-de-citroen-et-directeur-ventes-marketing-de-stellantis\\\/#article\",\"isPartOf\":{\"@id\":\"https:\\\/\\\/www.link2fleet.com\\\/fr\\\/3-questions-a-xavier-chardon-dg-de-citroen-et-directeur-ventes-marketing-de-stellantis\\\/\"},\"author\":{\"name\":\"Maxime Pasture\",\"@id\":\"https:\\\/\\\/www.link2fleet.com\\\/fr\\\/#\\\/schema\\\/person\\\/36f3d48d12a83e110d72b602b5bebc11\"},\"headline\":\"3 questions \u00e0 Xavier Chardon, DG de Citro\u00ebn et Directeur ventes\\\/marketing de Stellantis\",\"datePublished\":\"2026-01-13T10:32:36+00:00\",\"mainEntityOfPage\":{\"@id\":\"https:\\\/\\\/www.link2fleet.com\\\/fr\\\/3-questions-a-xavier-chardon-dg-de-citroen-et-directeur-ventes-marketing-de-stellantis\\\/\"},\"wordCount\":13,\"publisher\":{\"@id\":\"https:\\\/\\\/www.link2fleet.com\\\/fr\\\/#organization\"},\"image\":{\"@id\":\"https:\\\/\\\/www.link2fleet.com\\\/fr\\\/3-questions-a-xavier-chardon-dg-de-citroen-et-directeur-ventes-marketing-de-stellantis\\\/#primaryimage\"},\"thumbnailUrl\":\"https:\\\/\\\/static.link2fleet.com\\\/wp-content\\\/uploads\\\/2026\\\/01\\\/xavier-chardonlink2fleetfr.jpg\",\"keywords\":[\"citro\u00ebn\",\"interview\",\"Stellantis\",\"Xavier Chardon\"],\"articleSection\":[\"A la une\",\"Actus\"],\"inLanguage\":\"fr-FR\"},{\"@type\":\"WebPage\",\"@id\":\"https:\\\/\\\/www.link2fleet.com\\\/fr\\\/3-questions-a-xavier-chardon-dg-de-citroen-et-directeur-ventes-marketing-de-stellantis\\\/\",\"url\":\"https:\\\/\\\/www.link2fleet.com\\\/fr\\\/3-questions-a-xavier-chardon-dg-de-citroen-et-directeur-ventes-marketing-de-stellantis\\\/\",\"name\":\"3 questions \u00e0 Xavier Chardon, DG de Citro\u00ebn et Directeur ventes\\\/marketing de Stellantis - link2fleet\",\"isPartOf\":{\"@id\":\"https:\\\/\\\/www.link2fleet.com\\\/fr\\\/#website\"},\"primaryImageOfPage\":{\"@id\":\"https:\\\/\\\/www.link2fleet.com\\\/fr\\\/3-questions-a-xavier-chardon-dg-de-citroen-et-directeur-ventes-marketing-de-stellantis\\\/#primaryimage\"},\"image\":{\"@id\":\"https:\\\/\\\/www.link2fleet.com\\\/fr\\\/3-questions-a-xavier-chardon-dg-de-citroen-et-directeur-ventes-marketing-de-stellantis\\\/#primaryimage\"},\"thumbnailUrl\":\"https:\\\/\\\/static.link2fleet.com\\\/wp-content\\\/uploads\\\/2026\\\/01\\\/xavier-chardonlink2fleetfr.jpg\",\"datePublished\":\"2026-01-13T10:32:36+00:00\",\"description\":\"Dans le cadre du Brussels Motor Show, nous avons pu nous entretenir avec Xavier Chardon, du groupe Stellantis. Qu\u2019en retenir ?\",\"breadcrumb\":{\"@id\":\"https:\\\/\\\/www.link2fleet.com\\\/fr\\\/3-questions-a-xavier-chardon-dg-de-citroen-et-directeur-ventes-marketing-de-stellantis\\\/#breadcrumb\"},\"inLanguage\":\"fr-FR\",\"potentialAction\":[{\"@type\":\"ReadAction\",\"target\":[\"https:\\\/\\\/www.link2fleet.com\\\/fr\\\/3-questions-a-xavier-chardon-dg-de-citroen-et-directeur-ventes-marketing-de-stellantis\\\/\"]}]},{\"@type\":\"ImageObject\",\"inLanguage\":\"fr-FR\",\"@id\":\"https:\\\/\\\/www.link2fleet.com\\\/fr\\\/3-questions-a-xavier-chardon-dg-de-citroen-et-directeur-ventes-marketing-de-stellantis\\\/#primaryimage\",\"url\":\"https:\\\/\\\/static.link2fleet.com\\\/wp-content\\\/uploads\\\/2026\\\/01\\\/xavier-chardonlink2fleetfr.jpg\",\"contentUrl\":\"https:\\\/\\\/static.link2fleet.com\\\/wp-content\\\/uploads\\\/2026\\\/01\\\/xavier-chardonlink2fleetfr.jpg\",\"width\":1300,\"height\":866,\"caption\":\"DAVID PLAS PHOTOGRAPHY\"},{\"@type\":\"BreadcrumbList\",\"@id\":\"https:\\\/\\\/www.link2fleet.com\\\/fr\\\/3-questions-a-xavier-chardon-dg-de-citroen-et-directeur-ventes-marketing-de-stellantis\\\/#breadcrumb\",\"itemListElement\":[{\"@type\":\"ListItem\",\"position\":1,\"name\":\"Home\",\"item\":\"https:\\\/\\\/www.link2fleet.com\\\/fr\\\/\"},{\"@type\":\"ListItem\",\"position\":2,\"name\":\"3 questions \u00e0 Xavier Chardon, DG de Citro\u00ebn et Directeur ventes\\\/marketing de Stellantis\"}]},{\"@type\":\"WebSite\",\"@id\":\"https:\\\/\\\/www.link2fleet.com\\\/fr\\\/#website\",\"url\":\"https:\\\/\\\/www.link2fleet.com\\\/fr\\\/\",\"name\":\"Link2fleet\",\"description\":\"\",\"publisher\":{\"@id\":\"https:\\\/\\\/www.link2fleet.com\\\/fr\\\/#organization\"},\"potentialAction\":[{\"@type\":\"SearchAction\",\"target\":{\"@type\":\"EntryPoint\",\"urlTemplate\":\"https:\\\/\\\/www.link2fleet.com\\\/fr\\\/?s={search_term_string}\"},\"query-input\":{\"@type\":\"PropertyValueSpecification\",\"valueRequired\":true,\"valueName\":\"search_term_string\"}}],\"inLanguage\":\"fr-FR\"},{\"@type\":\"Organization\",\"@id\":\"https:\\\/\\\/www.link2fleet.com\\\/fr\\\/#organization\",\"name\":\"Link2fleet\",\"url\":\"https:\\\/\\\/www.link2fleet.com\\\/fr\\\/\",\"logo\":{\"@type\":\"ImageObject\",\"inLanguage\":\"fr-FR\",\"@id\":\"https:\\\/\\\/www.link2fleet.com\\\/fr\\\/#\\\/schema\\\/logo\\\/image\\\/\",\"url\":\"https:\\\/\\\/static.link2fleet.com\\\/wp-content\\\/uploads\\\/2024\\\/03\\\/share-image.jpg\",\"contentUrl\":\"https:\\\/\\\/static.link2fleet.com\\\/wp-content\\\/uploads\\\/2024\\\/03\\\/share-image.jpg\",\"width\":1200,\"height\":630,\"caption\":\"Link2fleet\"},\"image\":{\"@id\":\"https:\\\/\\\/www.link2fleet.com\\\/fr\\\/#\\\/schema\\\/logo\\\/image\\\/\"},\"sameAs\":[\"https:\\\/\\\/www.linkedin.com\\\/company\\\/link2fleet-belgium\",\"https:\\\/\\\/www.youtube.com\\\/user\\\/MMMBMBE\"]},{\"@type\":\"Person\",\"@id\":\"https:\\\/\\\/www.link2fleet.com\\\/fr\\\/#\\\/schema\\\/person\\\/36f3d48d12a83e110d72b602b5bebc11\",\"name\":\"Maxime Pasture\",\"image\":{\"@type\":\"ImageObject\",\"inLanguage\":\"fr-FR\",\"@id\":\"https:\\\/\\\/secure.gravatar.com\\\/avatar\\\/a17c47a11dd3996c69a173e291c692b6a028e82349994bf0d9f60936c9795b9f?s=96&d=mm&r=g\",\"url\":\"https:\\\/\\\/secure.gravatar.com\\\/avatar\\\/a17c47a11dd3996c69a173e291c692b6a028e82349994bf0d9f60936c9795b9f?s=96&d=mm&r=g\",\"contentUrl\":\"https:\\\/\\\/secure.gravatar.com\\\/avatar\\\/a17c47a11dd3996c69a173e291c692b6a028e82349994bf0d9f60936c9795b9f?s=96&d=mm&r=g\",\"caption\":\"Maxime Pasture\"},\"description\":\"Journaliste de formation, Maxime est tr\u00e8s curieux mais surtout passionn\u00e9 d'automobile. Sa curiosit\u00e9 l'am\u00e8ne \u00e0 traiter de sujets divers et vari\u00e9s li\u00e9s \u00e0 la mobilit\u00e9 au sens large et bien plus encore !\"}]}<\/script>\n<!-- \/ Yoast SEO plugin. -->","yoast_head_json":{"title":"3 questions \u00e0 Xavier Chardon, DG de Citro\u00ebn et Directeur ventes\/marketing de Stellantis - link2fleet","description":"Dans le cadre du Brussels Motor Show, nous avons pu nous entretenir avec Xavier Chardon, du groupe Stellantis. Qu\u2019en retenir ? Deux enseignements principaux. Un\u00a0:\u2026","robots":{"index":"index","follow":"follow","max-snippet":"max-snippet:-1","max-image-preview":"max-image-preview:large","max-video-preview":"max-video-preview:-1"},"og_locale":"fr_FR","og_type":"article","og_title":"3 questions \u00e0 Xavier Chardon, DG de Citro\u00ebn et Directeur ventes\/marketing de Stellantis - link2fleet","og_description":"Dans le cadre du Brussels Motor Show, nous avons pu nous entretenir avec Xavier Chardon, du groupe Stellantis. Qu\u2019en retenir ? Deux enseignements principaux. Un\u00a0:\u2026","og_url":"https:\/\/www.link2fleet.com\/fr\/3-questions-a-xavier-chardon-dg-de-citroen-et-directeur-ventes-marketing-de-stellantis\/","og_site_name":"link2fleet","article_published_time":"2026-01-13T10:32:36+00:00","og_image":[{"width":1300,"height":866,"url":"https:\/\/static.link2fleet.com\/wp-content\/uploads\/2026\/01\/xavier-chardonlink2fleetfr.jpg","type":"image\/jpeg"}],"author":"Maxime Pasture","twitter_card":"summary_large_image","twitter_description":"Dans le cadre du Brussels Motor Show, nous avons pu nous entretenir avec Xavier Chardon, du groupe Stellantis. Qu\u2019en retenir ? Deux enseignements principaux. Un\u00a0:\u2026","twitter_misc":{"\u00c9crit par":"Journaliste de formation, Maxime est tr\u00e8s curieux mais surtout passionn\u00e9 d'automobile. Sa curiosit\u00e9 l'am\u00e8ne \u00e0 traiter de sujets divers et vari\u00e9s li\u00e9s \u00e0 la mobilit\u00e9 au sens large et bien plus encore !","Dur\u00e9e de lecture estim\u00e9e":"4 minutes"},"schema":{"@context":"https:\/\/schema.org","@graph":[{"@type":"Article","@id":"https:\/\/www.link2fleet.com\/fr\/3-questions-a-xavier-chardon-dg-de-citroen-et-directeur-ventes-marketing-de-stellantis\/#article","isPartOf":{"@id":"https:\/\/www.link2fleet.com\/fr\/3-questions-a-xavier-chardon-dg-de-citroen-et-directeur-ventes-marketing-de-stellantis\/"},"author":{"name":"Maxime Pasture","@id":"https:\/\/www.link2fleet.com\/fr\/#\/schema\/person\/36f3d48d12a83e110d72b602b5bebc11"},"headline":"3 questions \u00e0 Xavier Chardon, DG de Citro\u00ebn et Directeur ventes\/marketing de Stellantis","datePublished":"2026-01-13T10:32:36+00:00","mainEntityOfPage":{"@id":"https:\/\/www.link2fleet.com\/fr\/3-questions-a-xavier-chardon-dg-de-citroen-et-directeur-ventes-marketing-de-stellantis\/"},"wordCount":13,"publisher":{"@id":"https:\/\/www.link2fleet.com\/fr\/#organization"},"image":{"@id":"https:\/\/www.link2fleet.com\/fr\/3-questions-a-xavier-chardon-dg-de-citroen-et-directeur-ventes-marketing-de-stellantis\/#primaryimage"},"thumbnailUrl":"https:\/\/static.link2fleet.com\/wp-content\/uploads\/2026\/01\/xavier-chardonlink2fleetfr.jpg","keywords":["citro\u00ebn","interview","Stellantis","Xavier Chardon"],"articleSection":["A la une","Actus"],"inLanguage":"fr-FR"},{"@type":"WebPage","@id":"https:\/\/www.link2fleet.com\/fr\/3-questions-a-xavier-chardon-dg-de-citroen-et-directeur-ventes-marketing-de-stellantis\/","url":"https:\/\/www.link2fleet.com\/fr\/3-questions-a-xavier-chardon-dg-de-citroen-et-directeur-ventes-marketing-de-stellantis\/","name":"3 questions \u00e0 Xavier Chardon, DG de Citro\u00ebn et Directeur ventes\/marketing de Stellantis - link2fleet","isPartOf":{"@id":"https:\/\/www.link2fleet.com\/fr\/#website"},"primaryImageOfPage":{"@id":"https:\/\/www.link2fleet.com\/fr\/3-questions-a-xavier-chardon-dg-de-citroen-et-directeur-ventes-marketing-de-stellantis\/#primaryimage"},"image":{"@id":"https:\/\/www.link2fleet.com\/fr\/3-questions-a-xavier-chardon-dg-de-citroen-et-directeur-ventes-marketing-de-stellantis\/#primaryimage"},"thumbnailUrl":"https:\/\/static.link2fleet.com\/wp-content\/uploads\/2026\/01\/xavier-chardonlink2fleetfr.jpg","datePublished":"2026-01-13T10:32:36+00:00","description":"Dans le cadre du Brussels Motor Show, nous avons pu nous entretenir avec Xavier Chardon, du groupe Stellantis. Qu\u2019en retenir ?","breadcrumb":{"@id":"https:\/\/www.link2fleet.com\/fr\/3-questions-a-xavier-chardon-dg-de-citroen-et-directeur-ventes-marketing-de-stellantis\/#breadcrumb"},"inLanguage":"fr-FR","potentialAction":[{"@type":"ReadAction","target":["https:\/\/www.link2fleet.com\/fr\/3-questions-a-xavier-chardon-dg-de-citroen-et-directeur-ventes-marketing-de-stellantis\/"]}]},{"@type":"ImageObject","inLanguage":"fr-FR","@id":"https:\/\/www.link2fleet.com\/fr\/3-questions-a-xavier-chardon-dg-de-citroen-et-directeur-ventes-marketing-de-stellantis\/#primaryimage","url":"https:\/\/static.link2fleet.com\/wp-content\/uploads\/2026\/01\/xavier-chardonlink2fleetfr.jpg","contentUrl":"https:\/\/static.link2fleet.com\/wp-content\/uploads\/2026\/01\/xavier-chardonlink2fleetfr.jpg","width":1300,"height":866,"caption":"DAVID PLAS PHOTOGRAPHY"},{"@type":"BreadcrumbList","@id":"https:\/\/www.link2fleet.com\/fr\/3-questions-a-xavier-chardon-dg-de-citroen-et-directeur-ventes-marketing-de-stellantis\/#breadcrumb","itemListElement":[{"@type":"ListItem","position":1,"name":"Home","item":"https:\/\/www.link2fleet.com\/fr\/"},{"@type":"ListItem","position":2,"name":"3 questions \u00e0 Xavier Chardon, DG de Citro\u00ebn et Directeur ventes\/marketing de Stellantis"}]},{"@type":"WebSite","@id":"https:\/\/www.link2fleet.com\/fr\/#website","url":"https:\/\/www.link2fleet.com\/fr\/","name":"Link2fleet","description":"","publisher":{"@id":"https:\/\/www.link2fleet.com\/fr\/#organization"},"potentialAction":[{"@type":"SearchAction","target":{"@type":"EntryPoint","urlTemplate":"https:\/\/www.link2fleet.com\/fr\/?s={search_term_string}"},"query-input":{"@type":"PropertyValueSpecification","valueRequired":true,"valueName":"search_term_string"}}],"inLanguage":"fr-FR"},{"@type":"Organization","@id":"https:\/\/www.link2fleet.com\/fr\/#organization","name":"Link2fleet","url":"https:\/\/www.link2fleet.com\/fr\/","logo":{"@type":"ImageObject","inLanguage":"fr-FR","@id":"https:\/\/www.link2fleet.com\/fr\/#\/schema\/logo\/image\/","url":"https:\/\/static.link2fleet.com\/wp-content\/uploads\/2024\/03\/share-image.jpg","contentUrl":"https:\/\/static.link2fleet.com\/wp-content\/uploads\/2024\/03\/share-image.jpg","width":1200,"height":630,"caption":"Link2fleet"},"image":{"@id":"https:\/\/www.link2fleet.com\/fr\/#\/schema\/logo\/image\/"},"sameAs":["https:\/\/www.linkedin.com\/company\/link2fleet-belgium","https:\/\/www.youtube.com\/user\/MMMBMBE"]},{"@type":"Person","@id":"https:\/\/www.link2fleet.com\/fr\/#\/schema\/person\/36f3d48d12a83e110d72b602b5bebc11","name":"Maxime Pasture","image":{"@type":"ImageObject","inLanguage":"fr-FR","@id":"https:\/\/secure.gravatar.com\/avatar\/a17c47a11dd3996c69a173e291c692b6a028e82349994bf0d9f60936c9795b9f?s=96&d=mm&r=g","url":"https:\/\/secure.gravatar.com\/avatar\/a17c47a11dd3996c69a173e291c692b6a028e82349994bf0d9f60936c9795b9f?s=96&d=mm&r=g","contentUrl":"https:\/\/secure.gravatar.com\/avatar\/a17c47a11dd3996c69a173e291c692b6a028e82349994bf0d9f60936c9795b9f?s=96&d=mm&r=g","caption":"Maxime Pasture"},"description":"Journaliste de formation, Maxime est tr\u00e8s curieux mais surtout passionn\u00e9 d'automobile. Sa curiosit\u00e9 l'am\u00e8ne \u00e0 traiter de sujets divers et vari\u00e9s li\u00e9s \u00e0 la mobilit\u00e9 au sens large et bien plus encore !"}]}},"_links":{"self":[{"href":"https:\/\/www.link2fleet.com\/fr\/wp-json\/wp\/v2\/posts\/64445","targetHints":{"allow":["GET"]}}],"collection":[{"href":"https:\/\/www.link2fleet.com\/fr\/wp-json\/wp\/v2\/posts"}],"about":[{"href":"https:\/\/www.link2fleet.com\/fr\/wp-json\/wp\/v2\/types\/post"}],"author":[{"embeddable":true,"href":"https:\/\/www.link2fleet.com\/fr\/wp-json\/wp\/v2\/users\/18"}],"replies":[{"embeddable":true,"href":"https:\/\/www.link2fleet.com\/fr\/wp-json\/wp\/v2\/comments?post=64445"}],"version-history":[{"count":2,"href":"https:\/\/www.link2fleet.com\/fr\/wp-json\/wp\/v2\/posts\/64445\/revisions"}],"predecessor-version":[{"id":64454,"href":"https:\/\/www.link2fleet.com\/fr\/wp-json\/wp\/v2\/posts\/64445\/revisions\/64454"}],"wp:featuredmedia":[{"embeddable":true,"href":"https:\/\/www.link2fleet.com\/fr\/wp-json\/wp\/v2\/media\/64447"}],"wp:attachment":[{"href":"https:\/\/www.link2fleet.com\/fr\/wp-json\/wp\/v2\/media?parent=64445"}],"wp:term":[{"taxonomy":"category","embeddable":true,"href":"https:\/\/www.link2fleet.com\/fr\/wp-json\/wp\/v2\/categories?post=64445"},{"taxonomy":"post_tag","embeddable":true,"href":"https:\/\/www.link2fleet.com\/fr\/wp-json\/wp\/v2\/tags?post=64445"}],"curies":[{"name":"wp","href":"https:\/\/api.w.org\/{rel}","templated":true}]}}