{"id":6445,"date":"2022-05-17T09:13:09","date_gmt":"2022-05-17T07:13:09","guid":{"rendered":"https:\/\/www.link2fleet.com\/update-fiscal-prolongation-de-la-deduction-fiscale-pour-les-bornes-de-recharge-semi-publiquesn\/"},"modified":"2022-05-17T09:13:09","modified_gmt":"2022-05-17T07:13:09","slug":"update-fiscal-prolongation-de-la-deduction-fiscale-pour-les-bornes-de-recharge-semi-publiquesn","status":"publish","type":"post","link":"https:\/\/www.link2fleet.com\/fr\/update-fiscal-prolongation-de-la-deduction-fiscale-pour-les-bornes-de-recharge-semi-publiquesn\/","title":{"rendered":"Update fiscal: prolongation de la d\u00e9duction fiscale pour les bornes de recharge semi-publiques"},"content":{"rendered":"<p>La d\u00e9duction fiscale port\u00e9e \u00e0 200% sera prolong\u00e9e du 31 d\u00e9cembre 2022 au 31 mars 2023.<\/p>\n<p>En pratique, les entreprises se verront donc accorder un d\u00e9lai suppl\u00e9mentaire de 3 mois. Le taux inf\u00e9rieur de 150 % sera appliqu\u00e9 aux installations \u00e0 partir du 1er avril 2023.<\/p>\n<p>En m\u00eame temps, il est d\u00e9finitivement confirm\u00e9 que le cumul de la d\u00e9duction pour investissement (pour les PME) et de la d\u00e9duction fiscale major\u00e9e n&rsquo;est jamais possible.<\/p>\n<p style=\"font-weight: 400; text-align: right;\"><strong>Michel Willems<\/strong><\/p>\n<p style=\"font-weight: 400; text-align: right;\"><strong>MOBILITAS<\/strong><\/p>\n","protected":false},"excerpt":{"rendered":"<p>La d\u00e9duction fiscale port\u00e9e \u00e0 200% sera prolong\u00e9e du 31 d\u00e9cembre 2022 au 31 mars 2023. En pratique, les entreprises se verront donc accorder un d\u00e9lai suppl\u00e9mentaire de 3 mois. Le taux inf\u00e9rieur de 150 % sera appliqu\u00e9 aux installations \u00e0 partir du 1er avril 2023. En m\u00eame temps, il est d\u00e9finitivement confirm\u00e9 que le [&hellip;]<\/p>\n","protected":false},"author":11,"featured_media":4071,"comment_status":"closed","ping_status":"closed","sticky":false,"template":"","format":"standard","meta":{"_acf_changed":false,"footnotes":""},"categories":[91,101],"tags":[],"class_list":["post-6445","post","type-post","status-publish","format-standard","has-post-thumbnail","hentry","category-expertise-et-management","category-tax-legal"],"acf":[],"yoast_head":"<!-- This site is optimized with the Yoast SEO plugin v27.3 - https:\/\/yoast.com\/product\/yoast-seo-wordpress\/ -->\n<title>Update fiscal: prolongation de la d\u00e9duction fiscale pour les bornes de recharge semi-publiques - link2fleet<\/title>\n<meta name=\"description\" content=\"En raison des retards enregistr\u00e9s par les clients dans la livraison des bornes de recharge, le gouvernement a d\u00e9cid\u00e9 de prolonger les p\u00e9riodes d&rsquo;imposition applicables\u2026\" \/>\n<meta name=\"robots\" content=\"index, follow, max-snippet:-1, max-image-preview:large, max-video-preview:-1\" \/>\n<meta property=\"og:locale\" content=\"fr_FR\" \/>\n<meta property=\"og:type\" content=\"article\" \/>\n<meta property=\"og:title\" content=\"Update fiscal: prolongation de la d\u00e9duction fiscale pour les bornes de recharge semi-publiques - link2fleet\" \/>\n<meta property=\"og:description\" content=\"En raison des retards enregistr\u00e9s par les clients dans la livraison des bornes de recharge, le gouvernement a d\u00e9cid\u00e9 de prolonger les p\u00e9riodes d&rsquo;imposition applicables\u2026\" \/>\n<meta property=\"og:url\" content=\"https:\/\/www.link2fleet.com\/fr\/update-fiscal-prolongation-de-la-deduction-fiscale-pour-les-bornes-de-recharge-semi-publiquesn\/\" \/>\n<meta property=\"og:site_name\" content=\"link2fleet\" \/>\n<meta property=\"article:published_time\" content=\"2022-05-17T07:13:09+00:00\" \/>\n<meta property=\"og:image\" content=\"https:\/\/static.link2fleet.com\/wp-content\/uploads\/2024\/03\/efteling-bornesderecharge.jpg\" \/>\n\t<meta property=\"og:image:width\" content=\"2500\" \/>\n\t<meta property=\"og:image:height\" content=\"1667\" \/>\n\t<meta property=\"og:image:type\" content=\"image\/jpeg\" \/>\n<meta name=\"author\" content=\"Michel Willems - Mobilitas\" \/>\n<meta name=\"twitter:card\" content=\"summary_large_image\" \/>\n<meta name=\"twitter:description\" content=\"En raison des retards enregistr\u00e9s par les clients dans la livraison des bornes de recharge, le gouvernement a d\u00e9cid\u00e9 de prolonger les p\u00e9riodes d&rsquo;imposition applicables\u2026\" \/>\n<meta name=\"twitter:label1\" content=\"\u00c9crit par\" \/>\n\t<meta name=\"twitter:data1\" content=\"Michel Willems - Mobilitas\" \/>\n<script type=\"application\/ld+json\" class=\"yoast-schema-graph\">{\"@context\":\"https:\\\/\\\/schema.org\",\"@graph\":[{\"@type\":\"Article\",\"@id\":\"https:\\\/\\\/www.link2fleet.com\\\/fr\\\/update-fiscal-prolongation-de-la-deduction-fiscale-pour-les-bornes-de-recharge-semi-publiquesn\\\/#article\",\"isPartOf\":{\"@id\":\"https:\\\/\\\/www.link2fleet.com\\\/fr\\\/update-fiscal-prolongation-de-la-deduction-fiscale-pour-les-bornes-de-recharge-semi-publiquesn\\\/\"},\"author\":{\"name\":\"Michel Willems - Mobilitas\",\"@id\":\"https:\\\/\\\/www.link2fleet.com\\\/fr\\\/#\\\/schema\\\/person\\\/bd29f6a2c2427e85a70d3acf17303486\"},\"headline\":\"Update fiscal: prolongation de la d\u00e9duction fiscale pour les bornes de recharge semi-publiques\",\"datePublished\":\"2022-05-17T07:13:09+00:00\",\"mainEntityOfPage\":{\"@id\":\"https:\\\/\\\/www.link2fleet.com\\\/fr\\\/update-fiscal-prolongation-de-la-deduction-fiscale-pour-les-bornes-de-recharge-semi-publiquesn\\\/\"},\"wordCount\":92,\"publisher\":{\"@id\":\"https:\\\/\\\/www.link2fleet.com\\\/fr\\\/#organization\"},\"image\":{\"@id\":\"https:\\\/\\\/www.link2fleet.com\\\/fr\\\/update-fiscal-prolongation-de-la-deduction-fiscale-pour-les-bornes-de-recharge-semi-publiquesn\\\/#primaryimage\"},\"thumbnailUrl\":\"https:\\\/\\\/static.link2fleet.com\\\/wp-content\\\/uploads\\\/2024\\\/03\\\/efteling-bornesderecharge.jpg\",\"articleSection\":[\"Gestion de flotte\",\"Tax &amp; legal\"],\"inLanguage\":\"fr-FR\"},{\"@type\":\"WebPage\",\"@id\":\"https:\\\/\\\/www.link2fleet.com\\\/fr\\\/update-fiscal-prolongation-de-la-deduction-fiscale-pour-les-bornes-de-recharge-semi-publiquesn\\\/\",\"url\":\"https:\\\/\\\/www.link2fleet.com\\\/fr\\\/update-fiscal-prolongation-de-la-deduction-fiscale-pour-les-bornes-de-recharge-semi-publiquesn\\\/\",\"name\":\"Update fiscal: prolongation de la d\u00e9duction fiscale pour les bornes de recharge semi-publiques - link2fleet\",\"isPartOf\":{\"@id\":\"https:\\\/\\\/www.link2fleet.com\\\/fr\\\/#website\"},\"primaryImageOfPage\":{\"@id\":\"https:\\\/\\\/www.link2fleet.com\\\/fr\\\/update-fiscal-prolongation-de-la-deduction-fiscale-pour-les-bornes-de-recharge-semi-publiquesn\\\/#primaryimage\"},\"image\":{\"@id\":\"https:\\\/\\\/www.link2fleet.com\\\/fr\\\/update-fiscal-prolongation-de-la-deduction-fiscale-pour-les-bornes-de-recharge-semi-publiquesn\\\/#primaryimage\"},\"thumbnailUrl\":\"https:\\\/\\\/static.link2fleet.com\\\/wp-content\\\/uploads\\\/2024\\\/03\\\/efteling-bornesderecharge.jpg\",\"datePublished\":\"2022-05-17T07:13:09+00:00\",\"breadcrumb\":{\"@id\":\"https:\\\/\\\/www.link2fleet.com\\\/fr\\\/update-fiscal-prolongation-de-la-deduction-fiscale-pour-les-bornes-de-recharge-semi-publiquesn\\\/#breadcrumb\"},\"inLanguage\":\"fr-FR\",\"potentialAction\":[{\"@type\":\"ReadAction\",\"target\":[\"https:\\\/\\\/www.link2fleet.com\\\/fr\\\/update-fiscal-prolongation-de-la-deduction-fiscale-pour-les-bornes-de-recharge-semi-publiquesn\\\/\"]}]},{\"@type\":\"ImageObject\",\"inLanguage\":\"fr-FR\",\"@id\":\"https:\\\/\\\/www.link2fleet.com\\\/fr\\\/update-fiscal-prolongation-de-la-deduction-fiscale-pour-les-bornes-de-recharge-semi-publiquesn\\\/#primaryimage\",\"url\":\"https:\\\/\\\/static.link2fleet.com\\\/wp-content\\\/uploads\\\/2024\\\/03\\\/efteling-bornesderecharge.jpg\",\"contentUrl\":\"https:\\\/\\\/static.link2fleet.com\\\/wp-content\\\/uploads\\\/2024\\\/03\\\/efteling-bornesderecharge.jpg\",\"width\":2500,\"height\":1667,\"caption\":\"|\"},{\"@type\":\"BreadcrumbList\",\"@id\":\"https:\\\/\\\/www.link2fleet.com\\\/fr\\\/update-fiscal-prolongation-de-la-deduction-fiscale-pour-les-bornes-de-recharge-semi-publiquesn\\\/#breadcrumb\",\"itemListElement\":[{\"@type\":\"ListItem\",\"position\":1,\"name\":\"Home\",\"item\":\"https:\\\/\\\/www.link2fleet.com\\\/fr\\\/\"},{\"@type\":\"ListItem\",\"position\":2,\"name\":\"Update fiscal: prolongation de la d\u00e9duction fiscale pour les bornes de recharge semi-publiques\"}]},{\"@type\":\"WebSite\",\"@id\":\"https:\\\/\\\/www.link2fleet.com\\\/fr\\\/#website\",\"url\":\"https:\\\/\\\/www.link2fleet.com\\\/fr\\\/\",\"name\":\"Link2fleet\",\"description\":\"\",\"publisher\":{\"@id\":\"https:\\\/\\\/www.link2fleet.com\\\/fr\\\/#organization\"},\"potentialAction\":[{\"@type\":\"SearchAction\",\"target\":{\"@type\":\"EntryPoint\",\"urlTemplate\":\"https:\\\/\\\/www.link2fleet.com\\\/fr\\\/?s={search_term_string}\"},\"query-input\":{\"@type\":\"PropertyValueSpecification\",\"valueRequired\":true,\"valueName\":\"search_term_string\"}}],\"inLanguage\":\"fr-FR\"},{\"@type\":\"Organization\",\"@id\":\"https:\\\/\\\/www.link2fleet.com\\\/fr\\\/#organization\",\"name\":\"Link2fleet\",\"url\":\"https:\\\/\\\/www.link2fleet.com\\\/fr\\\/\",\"logo\":{\"@type\":\"ImageObject\",\"inLanguage\":\"fr-FR\",\"@id\":\"https:\\\/\\\/www.link2fleet.com\\\/fr\\\/#\\\/schema\\\/logo\\\/image\\\/\",\"url\":\"https:\\\/\\\/static.link2fleet.com\\\/wp-content\\\/uploads\\\/2024\\\/03\\\/share-image.jpg\",\"contentUrl\":\"https:\\\/\\\/static.link2fleet.com\\\/wp-content\\\/uploads\\\/2024\\\/03\\\/share-image.jpg\",\"width\":1200,\"height\":630,\"caption\":\"Link2fleet\"},\"image\":{\"@id\":\"https:\\\/\\\/www.link2fleet.com\\\/fr\\\/#\\\/schema\\\/logo\\\/image\\\/\"},\"sameAs\":[\"https:\\\/\\\/www.linkedin.com\\\/company\\\/link2fleet-belgium\",\"https:\\\/\\\/www.youtube.com\\\/user\\\/MMMBMBE\"]},{\"@type\":\"Person\",\"@id\":\"https:\\\/\\\/www.link2fleet.com\\\/fr\\\/#\\\/schema\\\/person\\\/bd29f6a2c2427e85a70d3acf17303486\",\"name\":\"Michel Willems - Mobilitas\",\"image\":{\"@type\":\"ImageObject\",\"inLanguage\":\"fr-FR\",\"@id\":\"https:\\\/\\\/secure.gravatar.com\\\/avatar\\\/c937de514893d5b69b3b52ee88664fd4879b786925b6742dc7891d347f167414?s=96&d=mm&r=g\",\"url\":\"https:\\\/\\\/secure.gravatar.com\\\/avatar\\\/c937de514893d5b69b3b52ee88664fd4879b786925b6742dc7891d347f167414?s=96&d=mm&r=g\",\"contentUrl\":\"https:\\\/\\\/secure.gravatar.com\\\/avatar\\\/c937de514893d5b69b3b52ee88664fd4879b786925b6742dc7891d347f167414?s=96&d=mm&r=g\",\"caption\":\"Michel Willems - Mobilitas\"}}]}<\/script>\n<!-- \/ Yoast SEO plugin. -->","yoast_head_json":{"title":"Update fiscal: prolongation de la d\u00e9duction fiscale pour les bornes de recharge semi-publiques - link2fleet","description":"En raison des retards enregistr\u00e9s par les clients dans la livraison des bornes de recharge, le gouvernement a d\u00e9cid\u00e9 de prolonger les p\u00e9riodes d&rsquo;imposition applicables\u2026","robots":{"index":"index","follow":"follow","max-snippet":"max-snippet:-1","max-image-preview":"max-image-preview:large","max-video-preview":"max-video-preview:-1"},"og_locale":"fr_FR","og_type":"article","og_title":"Update fiscal: prolongation de la d\u00e9duction fiscale pour les bornes de recharge semi-publiques - link2fleet","og_description":"En raison des retards enregistr\u00e9s par les clients dans la livraison des bornes de recharge, le gouvernement a d\u00e9cid\u00e9 de prolonger les p\u00e9riodes d&rsquo;imposition applicables\u2026","og_url":"https:\/\/www.link2fleet.com\/fr\/update-fiscal-prolongation-de-la-deduction-fiscale-pour-les-bornes-de-recharge-semi-publiquesn\/","og_site_name":"link2fleet","article_published_time":"2022-05-17T07:13:09+00:00","og_image":[{"width":2500,"height":1667,"url":"https:\/\/static.link2fleet.com\/wp-content\/uploads\/2024\/03\/efteling-bornesderecharge.jpg","type":"image\/jpeg"}],"author":"Michel Willems - Mobilitas","twitter_card":"summary_large_image","twitter_description":"En raison des retards enregistr\u00e9s par les clients dans la livraison des bornes de recharge, le gouvernement a d\u00e9cid\u00e9 de prolonger les p\u00e9riodes d&rsquo;imposition applicables\u2026","twitter_misc":{"\u00c9crit par":"Michel Willems - Mobilitas"},"schema":{"@context":"https:\/\/schema.org","@graph":[{"@type":"Article","@id":"https:\/\/www.link2fleet.com\/fr\/update-fiscal-prolongation-de-la-deduction-fiscale-pour-les-bornes-de-recharge-semi-publiquesn\/#article","isPartOf":{"@id":"https:\/\/www.link2fleet.com\/fr\/update-fiscal-prolongation-de-la-deduction-fiscale-pour-les-bornes-de-recharge-semi-publiquesn\/"},"author":{"name":"Michel Willems - Mobilitas","@id":"https:\/\/www.link2fleet.com\/fr\/#\/schema\/person\/bd29f6a2c2427e85a70d3acf17303486"},"headline":"Update fiscal: prolongation de la d\u00e9duction fiscale pour les bornes de recharge semi-publiques","datePublished":"2022-05-17T07:13:09+00:00","mainEntityOfPage":{"@id":"https:\/\/www.link2fleet.com\/fr\/update-fiscal-prolongation-de-la-deduction-fiscale-pour-les-bornes-de-recharge-semi-publiquesn\/"},"wordCount":92,"publisher":{"@id":"https:\/\/www.link2fleet.com\/fr\/#organization"},"image":{"@id":"https:\/\/www.link2fleet.com\/fr\/update-fiscal-prolongation-de-la-deduction-fiscale-pour-les-bornes-de-recharge-semi-publiquesn\/#primaryimage"},"thumbnailUrl":"https:\/\/static.link2fleet.com\/wp-content\/uploads\/2024\/03\/efteling-bornesderecharge.jpg","articleSection":["Gestion de flotte","Tax &amp; legal"],"inLanguage":"fr-FR"},{"@type":"WebPage","@id":"https:\/\/www.link2fleet.com\/fr\/update-fiscal-prolongation-de-la-deduction-fiscale-pour-les-bornes-de-recharge-semi-publiquesn\/","url":"https:\/\/www.link2fleet.com\/fr\/update-fiscal-prolongation-de-la-deduction-fiscale-pour-les-bornes-de-recharge-semi-publiquesn\/","name":"Update fiscal: prolongation de la d\u00e9duction fiscale pour les bornes de recharge semi-publiques - link2fleet","isPartOf":{"@id":"https:\/\/www.link2fleet.com\/fr\/#website"},"primaryImageOfPage":{"@id":"https:\/\/www.link2fleet.com\/fr\/update-fiscal-prolongation-de-la-deduction-fiscale-pour-les-bornes-de-recharge-semi-publiquesn\/#primaryimage"},"image":{"@id":"https:\/\/www.link2fleet.com\/fr\/update-fiscal-prolongation-de-la-deduction-fiscale-pour-les-bornes-de-recharge-semi-publiquesn\/#primaryimage"},"thumbnailUrl":"https:\/\/static.link2fleet.com\/wp-content\/uploads\/2024\/03\/efteling-bornesderecharge.jpg","datePublished":"2022-05-17T07:13:09+00:00","breadcrumb":{"@id":"https:\/\/www.link2fleet.com\/fr\/update-fiscal-prolongation-de-la-deduction-fiscale-pour-les-bornes-de-recharge-semi-publiquesn\/#breadcrumb"},"inLanguage":"fr-FR","potentialAction":[{"@type":"ReadAction","target":["https:\/\/www.link2fleet.com\/fr\/update-fiscal-prolongation-de-la-deduction-fiscale-pour-les-bornes-de-recharge-semi-publiquesn\/"]}]},{"@type":"ImageObject","inLanguage":"fr-FR","@id":"https:\/\/www.link2fleet.com\/fr\/update-fiscal-prolongation-de-la-deduction-fiscale-pour-les-bornes-de-recharge-semi-publiquesn\/#primaryimage","url":"https:\/\/static.link2fleet.com\/wp-content\/uploads\/2024\/03\/efteling-bornesderecharge.jpg","contentUrl":"https:\/\/static.link2fleet.com\/wp-content\/uploads\/2024\/03\/efteling-bornesderecharge.jpg","width":2500,"height":1667,"caption":"|"},{"@type":"BreadcrumbList","@id":"https:\/\/www.link2fleet.com\/fr\/update-fiscal-prolongation-de-la-deduction-fiscale-pour-les-bornes-de-recharge-semi-publiquesn\/#breadcrumb","itemListElement":[{"@type":"ListItem","position":1,"name":"Home","item":"https:\/\/www.link2fleet.com\/fr\/"},{"@type":"ListItem","position":2,"name":"Update fiscal: prolongation de la d\u00e9duction fiscale pour les bornes de recharge semi-publiques"}]},{"@type":"WebSite","@id":"https:\/\/www.link2fleet.com\/fr\/#website","url":"https:\/\/www.link2fleet.com\/fr\/","name":"Link2fleet","description":"","publisher":{"@id":"https:\/\/www.link2fleet.com\/fr\/#organization"},"potentialAction":[{"@type":"SearchAction","target":{"@type":"EntryPoint","urlTemplate":"https:\/\/www.link2fleet.com\/fr\/?s={search_term_string}"},"query-input":{"@type":"PropertyValueSpecification","valueRequired":true,"valueName":"search_term_string"}}],"inLanguage":"fr-FR"},{"@type":"Organization","@id":"https:\/\/www.link2fleet.com\/fr\/#organization","name":"Link2fleet","url":"https:\/\/www.link2fleet.com\/fr\/","logo":{"@type":"ImageObject","inLanguage":"fr-FR","@id":"https:\/\/www.link2fleet.com\/fr\/#\/schema\/logo\/image\/","url":"https:\/\/static.link2fleet.com\/wp-content\/uploads\/2024\/03\/share-image.jpg","contentUrl":"https:\/\/static.link2fleet.com\/wp-content\/uploads\/2024\/03\/share-image.jpg","width":1200,"height":630,"caption":"Link2fleet"},"image":{"@id":"https:\/\/www.link2fleet.com\/fr\/#\/schema\/logo\/image\/"},"sameAs":["https:\/\/www.linkedin.com\/company\/link2fleet-belgium","https:\/\/www.youtube.com\/user\/MMMBMBE"]},{"@type":"Person","@id":"https:\/\/www.link2fleet.com\/fr\/#\/schema\/person\/bd29f6a2c2427e85a70d3acf17303486","name":"Michel Willems - Mobilitas","image":{"@type":"ImageObject","inLanguage":"fr-FR","@id":"https:\/\/secure.gravatar.com\/avatar\/c937de514893d5b69b3b52ee88664fd4879b786925b6742dc7891d347f167414?s=96&d=mm&r=g","url":"https:\/\/secure.gravatar.com\/avatar\/c937de514893d5b69b3b52ee88664fd4879b786925b6742dc7891d347f167414?s=96&d=mm&r=g","contentUrl":"https:\/\/secure.gravatar.com\/avatar\/c937de514893d5b69b3b52ee88664fd4879b786925b6742dc7891d347f167414?s=96&d=mm&r=g","caption":"Michel Willems - Mobilitas"}}]}},"_links":{"self":[{"href":"https:\/\/www.link2fleet.com\/fr\/wp-json\/wp\/v2\/posts\/6445","targetHints":{"allow":["GET"]}}],"collection":[{"href":"https:\/\/www.link2fleet.com\/fr\/wp-json\/wp\/v2\/posts"}],"about":[{"href":"https:\/\/www.link2fleet.com\/fr\/wp-json\/wp\/v2\/types\/post"}],"author":[{"embeddable":true,"href":"https:\/\/www.link2fleet.com\/fr\/wp-json\/wp\/v2\/users\/11"}],"replies":[{"embeddable":true,"href":"https:\/\/www.link2fleet.com\/fr\/wp-json\/wp\/v2\/comments?post=6445"}],"version-history":[{"count":0,"href":"https:\/\/www.link2fleet.com\/fr\/wp-json\/wp\/v2\/posts\/6445\/revisions"}],"wp:featuredmedia":[{"embeddable":true,"href":"https:\/\/www.link2fleet.com\/fr\/wp-json\/wp\/v2\/media\/4071"}],"wp:attachment":[{"href":"https:\/\/www.link2fleet.com\/fr\/wp-json\/wp\/v2\/media?parent=6445"}],"wp:term":[{"taxonomy":"category","embeddable":true,"href":"https:\/\/www.link2fleet.com\/fr\/wp-json\/wp\/v2\/categories?post=6445"},{"taxonomy":"post_tag","embeddable":true,"href":"https:\/\/www.link2fleet.com\/fr\/wp-json\/wp\/v2\/tags?post=6445"}],"curies":[{"name":"wp","href":"https:\/\/api.w.org\/{rel}","templated":true}]}}