{"id":64522,"date":"2026-01-16T15:09:29","date_gmt":"2026-01-16T14:09:29","guid":{"rendered":"https:\/\/www.link2fleet.com\/?p=64522"},"modified":"2026-01-16T17:23:44","modified_gmt":"2026-01-16T16:23:44","slug":"3-questions-a-stefan-de-smet-general-manager-leapmotor-belux","status":"publish","type":"post","link":"https:\/\/www.link2fleet.com\/fr\/3-questions-a-stefan-de-smet-general-manager-leapmotor-belux\/","title":{"rendered":"3 questions \u00e0 Stefan De Smet, General Manager Leapmotor Belux"},"content":{"rendered":"","protected":false},"excerpt":{"rendered":"","protected":false},"author":49,"featured_media":64634,"comment_status":"closed","ping_status":"closed","sticky":false,"template":"","format":"standard","meta":{"_acf_changed":false,"footnotes":""},"categories":[1448,135],"tags":[238,1587,1588,864],"class_list":["post-64522","post","type-post","status-publish","format-standard","has-post-thumbnail","hentry","category-a-la-une","category-news-fr","tag-interview-fr","tag-leapmotor","tag-stefan-de-smet","tag-stellantis"],"acf":[],"yoast_head":"<!-- This site is optimized with the Yoast SEO plugin v27.3 - https:\/\/yoast.com\/product\/yoast-seo-wordpress\/ -->\n<title>3 questions \u00e0 Stefan De Smet, General Manager Leapmotor Belux - link2fleet<\/title>\n<meta name=\"description\" content=\"C\u2019est seulement la deuxi\u00e8me fois que Leapmotor est pr\u00e9sent au Salon de l\u2019Auto de Bruxelles. La marque n\u2019a en effet commenc\u00e9 ses activit\u00e9s chez nous\u2026\" \/>\n<meta name=\"robots\" content=\"index, follow, max-snippet:-1, max-image-preview:large, max-video-preview:-1\" \/>\n<meta property=\"og:locale\" content=\"fr_FR\" \/>\n<meta property=\"og:type\" content=\"article\" \/>\n<meta property=\"og:title\" content=\"3 questions \u00e0 Stefan De Smet, General Manager Leapmotor Belux - link2fleet\" \/>\n<meta property=\"og:description\" content=\"C\u2019est seulement la deuxi\u00e8me fois que Leapmotor est pr\u00e9sent au Salon de l\u2019Auto de Bruxelles. La marque n\u2019a en effet commenc\u00e9 ses activit\u00e9s chez nous\u2026\" \/>\n<meta property=\"og:url\" content=\"https:\/\/www.link2fleet.com\/fr\/3-questions-a-stefan-de-smet-general-manager-leapmotor-belux\/\" \/>\n<meta property=\"og:site_name\" content=\"link2fleet\" \/>\n<meta property=\"article:published_time\" content=\"2026-01-16T14:09:29+00:00\" \/>\n<meta property=\"article:modified_time\" content=\"2026-01-16T16:23:44+00:00\" \/>\n<meta property=\"og:image\" content=\"https:\/\/static.link2fleet.com\/wp-content\/uploads\/2026\/01\/img4295.jpeg\" \/>\n\t<meta property=\"og:image:width\" content=\"1428\" \/>\n\t<meta property=\"og:image:height\" content=\"1071\" \/>\n\t<meta property=\"og:image:type\" content=\"image\/jpeg\" \/>\n<meta name=\"author\" content=\"Kevin Kersemans\" \/>\n<meta name=\"twitter:card\" content=\"summary_large_image\" \/>\n<meta name=\"twitter:description\" content=\"C\u2019est seulement la deuxi\u00e8me fois que Leapmotor est pr\u00e9sent au Salon de l\u2019Auto de Bruxelles. La marque n\u2019a en effet commenc\u00e9 ses activit\u00e9s chez nous\u2026\" \/>\n<meta name=\"twitter:label1\" content=\"\u00c9crit par\" \/>\n\t<meta name=\"twitter:data1\" content=\"Kevin Kersemans\" \/>\n\t<meta name=\"twitter:label2\" content=\"Dur\u00e9e de lecture estim\u00e9e\" \/>\n\t<meta name=\"twitter:data2\" content=\"5 minutes\" \/>\n<script type=\"application\/ld+json\" class=\"yoast-schema-graph\">{\"@context\":\"https:\\\/\\\/schema.org\",\"@graph\":[{\"@type\":\"Article\",\"@id\":\"https:\\\/\\\/www.link2fleet.com\\\/fr\\\/3-questions-a-stefan-de-smet-general-manager-leapmotor-belux\\\/#article\",\"isPartOf\":{\"@id\":\"https:\\\/\\\/www.link2fleet.com\\\/fr\\\/3-questions-a-stefan-de-smet-general-manager-leapmotor-belux\\\/\"},\"author\":{\"name\":\"Kevin Kersemans\",\"@id\":\"https:\\\/\\\/www.link2fleet.com\\\/fr\\\/#\\\/schema\\\/person\\\/877bc89c32c65772066cb11fe1e67bbf\"},\"headline\":\"3 questions \u00e0 Stefan De Smet, General Manager Leapmotor Belux\",\"datePublished\":\"2026-01-16T14:09:29+00:00\",\"dateModified\":\"2026-01-16T16:23:44+00:00\",\"mainEntityOfPage\":{\"@id\":\"https:\\\/\\\/www.link2fleet.com\\\/fr\\\/3-questions-a-stefan-de-smet-general-manager-leapmotor-belux\\\/\"},\"wordCount\":8,\"publisher\":{\"@id\":\"https:\\\/\\\/www.link2fleet.com\\\/fr\\\/#organization\"},\"image\":{\"@id\":\"https:\\\/\\\/www.link2fleet.com\\\/fr\\\/3-questions-a-stefan-de-smet-general-manager-leapmotor-belux\\\/#primaryimage\"},\"thumbnailUrl\":\"https:\\\/\\\/static.link2fleet.com\\\/wp-content\\\/uploads\\\/2026\\\/01\\\/img4295.jpeg\",\"keywords\":[\"interview\",\"leapmotor\",\"stefan de smet\",\"Stellantis\"],\"articleSection\":[\"A la une\",\"Actus\"],\"inLanguage\":\"fr-FR\"},{\"@type\":\"WebPage\",\"@id\":\"https:\\\/\\\/www.link2fleet.com\\\/fr\\\/3-questions-a-stefan-de-smet-general-manager-leapmotor-belux\\\/\",\"url\":\"https:\\\/\\\/www.link2fleet.com\\\/fr\\\/3-questions-a-stefan-de-smet-general-manager-leapmotor-belux\\\/\",\"name\":\"3 questions \u00e0 Stefan De Smet, General Manager Leapmotor Belux - link2fleet\",\"isPartOf\":{\"@id\":\"https:\\\/\\\/www.link2fleet.com\\\/fr\\\/#website\"},\"primaryImageOfPage\":{\"@id\":\"https:\\\/\\\/www.link2fleet.com\\\/fr\\\/3-questions-a-stefan-de-smet-general-manager-leapmotor-belux\\\/#primaryimage\"},\"image\":{\"@id\":\"https:\\\/\\\/www.link2fleet.com\\\/fr\\\/3-questions-a-stefan-de-smet-general-manager-leapmotor-belux\\\/#primaryimage\"},\"thumbnailUrl\":\"https:\\\/\\\/static.link2fleet.com\\\/wp-content\\\/uploads\\\/2026\\\/01\\\/img4295.jpeg\",\"datePublished\":\"2026-01-16T14:09:29+00:00\",\"dateModified\":\"2026-01-16T16:23:44+00:00\",\"description\":\"C\u2019est seulement la deuxi\u00e8me fois que Leapmotor est pr\u00e9sent au Salon de l\u2019Auto de Bruxelles. La marque n\u2019a en effet commenc\u00e9 ses activit\u00e9s chez nous qu\u2019\u00e0 la fin de 2024.\",\"breadcrumb\":{\"@id\":\"https:\\\/\\\/www.link2fleet.com\\\/fr\\\/3-questions-a-stefan-de-smet-general-manager-leapmotor-belux\\\/#breadcrumb\"},\"inLanguage\":\"fr-FR\",\"potentialAction\":[{\"@type\":\"ReadAction\",\"target\":[\"https:\\\/\\\/www.link2fleet.com\\\/fr\\\/3-questions-a-stefan-de-smet-general-manager-leapmotor-belux\\\/\"]}]},{\"@type\":\"ImageObject\",\"inLanguage\":\"fr-FR\",\"@id\":\"https:\\\/\\\/www.link2fleet.com\\\/fr\\\/3-questions-a-stefan-de-smet-general-manager-leapmotor-belux\\\/#primaryimage\",\"url\":\"https:\\\/\\\/static.link2fleet.com\\\/wp-content\\\/uploads\\\/2026\\\/01\\\/img4295.jpeg\",\"contentUrl\":\"https:\\\/\\\/static.link2fleet.com\\\/wp-content\\\/uploads\\\/2026\\\/01\\\/img4295.jpeg\",\"width\":1428,\"height\":1071},{\"@type\":\"BreadcrumbList\",\"@id\":\"https:\\\/\\\/www.link2fleet.com\\\/fr\\\/3-questions-a-stefan-de-smet-general-manager-leapmotor-belux\\\/#breadcrumb\",\"itemListElement\":[{\"@type\":\"ListItem\",\"position\":1,\"name\":\"Home\",\"item\":\"https:\\\/\\\/www.link2fleet.com\\\/fr\\\/\"},{\"@type\":\"ListItem\",\"position\":2,\"name\":\"3 questions \u00e0 Stefan De Smet, General Manager Leapmotor Belux\"}]},{\"@type\":\"WebSite\",\"@id\":\"https:\\\/\\\/www.link2fleet.com\\\/fr\\\/#website\",\"url\":\"https:\\\/\\\/www.link2fleet.com\\\/fr\\\/\",\"name\":\"Link2fleet\",\"description\":\"\",\"publisher\":{\"@id\":\"https:\\\/\\\/www.link2fleet.com\\\/fr\\\/#organization\"},\"potentialAction\":[{\"@type\":\"SearchAction\",\"target\":{\"@type\":\"EntryPoint\",\"urlTemplate\":\"https:\\\/\\\/www.link2fleet.com\\\/fr\\\/?s={search_term_string}\"},\"query-input\":{\"@type\":\"PropertyValueSpecification\",\"valueRequired\":true,\"valueName\":\"search_term_string\"}}],\"inLanguage\":\"fr-FR\"},{\"@type\":\"Organization\",\"@id\":\"https:\\\/\\\/www.link2fleet.com\\\/fr\\\/#organization\",\"name\":\"Link2fleet\",\"url\":\"https:\\\/\\\/www.link2fleet.com\\\/fr\\\/\",\"logo\":{\"@type\":\"ImageObject\",\"inLanguage\":\"fr-FR\",\"@id\":\"https:\\\/\\\/www.link2fleet.com\\\/fr\\\/#\\\/schema\\\/logo\\\/image\\\/\",\"url\":\"https:\\\/\\\/static.link2fleet.com\\\/wp-content\\\/uploads\\\/2024\\\/03\\\/share-image.jpg\",\"contentUrl\":\"https:\\\/\\\/static.link2fleet.com\\\/wp-content\\\/uploads\\\/2024\\\/03\\\/share-image.jpg\",\"width\":1200,\"height\":630,\"caption\":\"Link2fleet\"},\"image\":{\"@id\":\"https:\\\/\\\/www.link2fleet.com\\\/fr\\\/#\\\/schema\\\/logo\\\/image\\\/\"},\"sameAs\":[\"https:\\\/\\\/www.linkedin.com\\\/company\\\/link2fleet-belgium\",\"https:\\\/\\\/www.youtube.com\\\/user\\\/MMMBMBE\"]},{\"@type\":\"Person\",\"@id\":\"https:\\\/\\\/www.link2fleet.com\\\/fr\\\/#\\\/schema\\\/person\\\/877bc89c32c65772066cb11fe1e67bbf\",\"name\":\"Kevin Kersemans\",\"image\":{\"@type\":\"ImageObject\",\"inLanguage\":\"fr-FR\",\"@id\":\"https:\\\/\\\/secure.gravatar.com\\\/avatar\\\/b12f7d0f252688f677f4c181b6df65bf86880634bfcef3be42c82efcdb33d654?s=96&d=mm&r=g\",\"url\":\"https:\\\/\\\/secure.gravatar.com\\\/avatar\\\/b12f7d0f252688f677f4c181b6df65bf86880634bfcef3be42c82efcdb33d654?s=96&d=mm&r=g\",\"contentUrl\":\"https:\\\/\\\/secure.gravatar.com\\\/avatar\\\/b12f7d0f252688f677f4c181b6df65bf86880634bfcef3be42c82efcdb33d654?s=96&d=mm&r=g\",\"caption\":\"Kevin Kersemans\"},\"description\":\"Kevin Kersemans is autojournalist met al enkele decennia ervaring op de teller. Zijn passie voor auto's en alles op wielen heeft hij al van kindsbeen af. Voor link2fleet volgt hij vooral de auto-actualiteit en test hij nieuwe modellen.\"}]}<\/script>\n<!-- \/ Yoast SEO plugin. -->","yoast_head_json":{"title":"3 questions \u00e0 Stefan De Smet, General Manager Leapmotor Belux - link2fleet","description":"C\u2019est seulement la deuxi\u00e8me fois que Leapmotor est pr\u00e9sent au Salon de l\u2019Auto de Bruxelles. La marque n\u2019a en effet commenc\u00e9 ses activit\u00e9s chez nous\u2026","robots":{"index":"index","follow":"follow","max-snippet":"max-snippet:-1","max-image-preview":"max-image-preview:large","max-video-preview":"max-video-preview:-1"},"og_locale":"fr_FR","og_type":"article","og_title":"3 questions \u00e0 Stefan De Smet, General Manager Leapmotor Belux - link2fleet","og_description":"C\u2019est seulement la deuxi\u00e8me fois que Leapmotor est pr\u00e9sent au Salon de l\u2019Auto de Bruxelles. La marque n\u2019a en effet commenc\u00e9 ses activit\u00e9s chez nous\u2026","og_url":"https:\/\/www.link2fleet.com\/fr\/3-questions-a-stefan-de-smet-general-manager-leapmotor-belux\/","og_site_name":"link2fleet","article_published_time":"2026-01-16T14:09:29+00:00","article_modified_time":"2026-01-16T16:23:44+00:00","og_image":[{"width":1428,"height":1071,"url":"https:\/\/static.link2fleet.com\/wp-content\/uploads\/2026\/01\/img4295.jpeg","type":"image\/jpeg"}],"author":"Kevin Kersemans","twitter_card":"summary_large_image","twitter_description":"C\u2019est seulement la deuxi\u00e8me fois que Leapmotor est pr\u00e9sent au Salon de l\u2019Auto de Bruxelles. La marque n\u2019a en effet commenc\u00e9 ses activit\u00e9s chez nous\u2026","twitter_misc":{"\u00c9crit par":"Kevin Kersemans","Dur\u00e9e de lecture estim\u00e9e":"5 minutes"},"schema":{"@context":"https:\/\/schema.org","@graph":[{"@type":"Article","@id":"https:\/\/www.link2fleet.com\/fr\/3-questions-a-stefan-de-smet-general-manager-leapmotor-belux\/#article","isPartOf":{"@id":"https:\/\/www.link2fleet.com\/fr\/3-questions-a-stefan-de-smet-general-manager-leapmotor-belux\/"},"author":{"name":"Kevin Kersemans","@id":"https:\/\/www.link2fleet.com\/fr\/#\/schema\/person\/877bc89c32c65772066cb11fe1e67bbf"},"headline":"3 questions \u00e0 Stefan De Smet, General Manager Leapmotor Belux","datePublished":"2026-01-16T14:09:29+00:00","dateModified":"2026-01-16T16:23:44+00:00","mainEntityOfPage":{"@id":"https:\/\/www.link2fleet.com\/fr\/3-questions-a-stefan-de-smet-general-manager-leapmotor-belux\/"},"wordCount":8,"publisher":{"@id":"https:\/\/www.link2fleet.com\/fr\/#organization"},"image":{"@id":"https:\/\/www.link2fleet.com\/fr\/3-questions-a-stefan-de-smet-general-manager-leapmotor-belux\/#primaryimage"},"thumbnailUrl":"https:\/\/static.link2fleet.com\/wp-content\/uploads\/2026\/01\/img4295.jpeg","keywords":["interview","leapmotor","stefan de smet","Stellantis"],"articleSection":["A la une","Actus"],"inLanguage":"fr-FR"},{"@type":"WebPage","@id":"https:\/\/www.link2fleet.com\/fr\/3-questions-a-stefan-de-smet-general-manager-leapmotor-belux\/","url":"https:\/\/www.link2fleet.com\/fr\/3-questions-a-stefan-de-smet-general-manager-leapmotor-belux\/","name":"3 questions \u00e0 Stefan De Smet, General Manager Leapmotor Belux - link2fleet","isPartOf":{"@id":"https:\/\/www.link2fleet.com\/fr\/#website"},"primaryImageOfPage":{"@id":"https:\/\/www.link2fleet.com\/fr\/3-questions-a-stefan-de-smet-general-manager-leapmotor-belux\/#primaryimage"},"image":{"@id":"https:\/\/www.link2fleet.com\/fr\/3-questions-a-stefan-de-smet-general-manager-leapmotor-belux\/#primaryimage"},"thumbnailUrl":"https:\/\/static.link2fleet.com\/wp-content\/uploads\/2026\/01\/img4295.jpeg","datePublished":"2026-01-16T14:09:29+00:00","dateModified":"2026-01-16T16:23:44+00:00","description":"C\u2019est seulement la deuxi\u00e8me fois que Leapmotor est pr\u00e9sent au Salon de l\u2019Auto de Bruxelles. La marque n\u2019a en effet commenc\u00e9 ses activit\u00e9s chez nous qu\u2019\u00e0 la fin de 2024.","breadcrumb":{"@id":"https:\/\/www.link2fleet.com\/fr\/3-questions-a-stefan-de-smet-general-manager-leapmotor-belux\/#breadcrumb"},"inLanguage":"fr-FR","potentialAction":[{"@type":"ReadAction","target":["https:\/\/www.link2fleet.com\/fr\/3-questions-a-stefan-de-smet-general-manager-leapmotor-belux\/"]}]},{"@type":"ImageObject","inLanguage":"fr-FR","@id":"https:\/\/www.link2fleet.com\/fr\/3-questions-a-stefan-de-smet-general-manager-leapmotor-belux\/#primaryimage","url":"https:\/\/static.link2fleet.com\/wp-content\/uploads\/2026\/01\/img4295.jpeg","contentUrl":"https:\/\/static.link2fleet.com\/wp-content\/uploads\/2026\/01\/img4295.jpeg","width":1428,"height":1071},{"@type":"BreadcrumbList","@id":"https:\/\/www.link2fleet.com\/fr\/3-questions-a-stefan-de-smet-general-manager-leapmotor-belux\/#breadcrumb","itemListElement":[{"@type":"ListItem","position":1,"name":"Home","item":"https:\/\/www.link2fleet.com\/fr\/"},{"@type":"ListItem","position":2,"name":"3 questions \u00e0 Stefan De Smet, General Manager Leapmotor Belux"}]},{"@type":"WebSite","@id":"https:\/\/www.link2fleet.com\/fr\/#website","url":"https:\/\/www.link2fleet.com\/fr\/","name":"Link2fleet","description":"","publisher":{"@id":"https:\/\/www.link2fleet.com\/fr\/#organization"},"potentialAction":[{"@type":"SearchAction","target":{"@type":"EntryPoint","urlTemplate":"https:\/\/www.link2fleet.com\/fr\/?s={search_term_string}"},"query-input":{"@type":"PropertyValueSpecification","valueRequired":true,"valueName":"search_term_string"}}],"inLanguage":"fr-FR"},{"@type":"Organization","@id":"https:\/\/www.link2fleet.com\/fr\/#organization","name":"Link2fleet","url":"https:\/\/www.link2fleet.com\/fr\/","logo":{"@type":"ImageObject","inLanguage":"fr-FR","@id":"https:\/\/www.link2fleet.com\/fr\/#\/schema\/logo\/image\/","url":"https:\/\/static.link2fleet.com\/wp-content\/uploads\/2024\/03\/share-image.jpg","contentUrl":"https:\/\/static.link2fleet.com\/wp-content\/uploads\/2024\/03\/share-image.jpg","width":1200,"height":630,"caption":"Link2fleet"},"image":{"@id":"https:\/\/www.link2fleet.com\/fr\/#\/schema\/logo\/image\/"},"sameAs":["https:\/\/www.linkedin.com\/company\/link2fleet-belgium","https:\/\/www.youtube.com\/user\/MMMBMBE"]},{"@type":"Person","@id":"https:\/\/www.link2fleet.com\/fr\/#\/schema\/person\/877bc89c32c65772066cb11fe1e67bbf","name":"Kevin Kersemans","image":{"@type":"ImageObject","inLanguage":"fr-FR","@id":"https:\/\/secure.gravatar.com\/avatar\/b12f7d0f252688f677f4c181b6df65bf86880634bfcef3be42c82efcdb33d654?s=96&d=mm&r=g","url":"https:\/\/secure.gravatar.com\/avatar\/b12f7d0f252688f677f4c181b6df65bf86880634bfcef3be42c82efcdb33d654?s=96&d=mm&r=g","contentUrl":"https:\/\/secure.gravatar.com\/avatar\/b12f7d0f252688f677f4c181b6df65bf86880634bfcef3be42c82efcdb33d654?s=96&d=mm&r=g","caption":"Kevin Kersemans"},"description":"Kevin Kersemans is autojournalist met al enkele decennia ervaring op de teller. Zijn passie voor auto's en alles op wielen heeft hij al van kindsbeen af. Voor link2fleet volgt hij vooral de auto-actualiteit en test hij nieuwe modellen."}]}},"_links":{"self":[{"href":"https:\/\/www.link2fleet.com\/fr\/wp-json\/wp\/v2\/posts\/64522","targetHints":{"allow":["GET"]}}],"collection":[{"href":"https:\/\/www.link2fleet.com\/fr\/wp-json\/wp\/v2\/posts"}],"about":[{"href":"https:\/\/www.link2fleet.com\/fr\/wp-json\/wp\/v2\/types\/post"}],"author":[{"embeddable":true,"href":"https:\/\/www.link2fleet.com\/fr\/wp-json\/wp\/v2\/users\/49"}],"replies":[{"embeddable":true,"href":"https:\/\/www.link2fleet.com\/fr\/wp-json\/wp\/v2\/comments?post=64522"}],"version-history":[{"count":6,"href":"https:\/\/www.link2fleet.com\/fr\/wp-json\/wp\/v2\/posts\/64522\/revisions"}],"predecessor-version":[{"id":64533,"href":"https:\/\/www.link2fleet.com\/fr\/wp-json\/wp\/v2\/posts\/64522\/revisions\/64533"}],"wp:featuredmedia":[{"embeddable":true,"href":"https:\/\/www.link2fleet.com\/fr\/wp-json\/wp\/v2\/media\/64634"}],"wp:attachment":[{"href":"https:\/\/www.link2fleet.com\/fr\/wp-json\/wp\/v2\/media?parent=64522"}],"wp:term":[{"taxonomy":"category","embeddable":true,"href":"https:\/\/www.link2fleet.com\/fr\/wp-json\/wp\/v2\/categories?post=64522"},{"taxonomy":"post_tag","embeddable":true,"href":"https:\/\/www.link2fleet.com\/fr\/wp-json\/wp\/v2\/tags?post=64522"}],"curies":[{"name":"wp","href":"https:\/\/api.w.org\/{rel}","templated":true}]}}