{"id":64683,"date":"2026-01-20T09:28:46","date_gmt":"2026-01-20T08:28:46","guid":{"rendered":"https:\/\/www.link2fleet.com\/?p=64683"},"modified":"2026-01-20T13:42:21","modified_gmt":"2026-01-20T12:42:21","slug":"pres-de-350-000-visiteurs-pour-le-102-salon-de-lauto-de-bruxelles","status":"publish","type":"post","link":"https:\/\/www.link2fleet.com\/fr\/pres-de-350-000-visiteurs-pour-le-102-salon-de-lauto-de-bruxelles\/","title":{"rendered":"Pr\u00e8s de 350.000 visiteurs pour le 102e Salon de l&rsquo;Auto de Bruxelles"},"content":{"rendered":"","protected":false},"excerpt":{"rendered":"","protected":false},"author":4,"featured_media":64684,"comment_status":"closed","ping_status":"closed","sticky":false,"template":"","format":"standard","meta":{"_acf_changed":false,"footnotes":""},"categories":[1448,135],"tags":[],"class_list":["post-64683","post","type-post","status-publish","format-standard","has-post-thumbnail","hentry","category-a-la-une","category-news-fr"],"acf":[],"yoast_head":"<!-- This site is optimized with the Yoast SEO plugin v27.3 - https:\/\/yoast.com\/product\/yoast-seo-wordpress\/ -->\n<title>Pr\u00e8s de 350.000 visiteurs pour le 102e Salon de l&#039;Auto de Bruxelles - link2fleet<\/title>\n<meta name=\"description\" content=\"Avec une affluence finale de 349.775 visiteurs, le succ\u00e8s populaire a largement surpass\u00e9 les attentes des organisateurs. Cette \u00e9dition a \u00e9galement suscit\u00e9 un enthousiasme et\u2026\" \/>\n<meta name=\"robots\" content=\"index, follow, max-snippet:-1, max-image-preview:large, max-video-preview:-1\" \/>\n<meta property=\"og:locale\" content=\"fr_FR\" \/>\n<meta property=\"og:type\" content=\"article\" \/>\n<meta property=\"og:title\" content=\"Pr\u00e8s de 350.000 visiteurs pour le 102e Salon de l&#039;Auto de Bruxelles - link2fleet\" \/>\n<meta property=\"og:description\" content=\"Avec une affluence finale de 349.775 visiteurs, le succ\u00e8s populaire a largement surpass\u00e9 les attentes des organisateurs. Cette \u00e9dition a \u00e9galement suscit\u00e9 un enthousiasme et\u2026\" \/>\n<meta property=\"og:url\" content=\"https:\/\/www.link2fleet.com\/fr\/pres-de-350-000-visiteurs-pour-le-102-salon-de-lauto-de-bruxelles\/\" \/>\n<meta property=\"og:site_name\" content=\"link2fleet\" \/>\n<meta property=\"article:published_time\" content=\"2026-01-20T08:28:46+00:00\" \/>\n<meta property=\"article:modified_time\" content=\"2026-01-20T12:42:21+00:00\" \/>\n<meta property=\"og:image\" content=\"https:\/\/static.link2fleet.com\/wp-content\/uploads\/2026\/01\/salon-2026.jpg\" \/>\n\t<meta property=\"og:image:width\" content=\"2048\" \/>\n\t<meta property=\"og:image:height\" content=\"1365\" \/>\n\t<meta property=\"og:image:type\" content=\"image\/jpeg\" \/>\n<meta name=\"author\" content=\"Damien Malvetti\" \/>\n<meta name=\"twitter:card\" content=\"summary_large_image\" \/>\n<meta name=\"twitter:description\" content=\"Avec une affluence finale de 349.775 visiteurs, le succ\u00e8s populaire a largement surpass\u00e9 les attentes des organisateurs. Cette \u00e9dition a \u00e9galement suscit\u00e9 un enthousiasme et\u2026\" \/>\n<meta name=\"twitter:label1\" content=\"\u00c9crit par\" \/>\n\t<meta name=\"twitter:data1\" content=\"Damien Malvetti\" \/>\n\t<meta name=\"twitter:label2\" content=\"Dur\u00e9e de lecture estim\u00e9e\" \/>\n\t<meta name=\"twitter:data2\" content=\"3 minutes\" \/>\n<script type=\"application\/ld+json\" class=\"yoast-schema-graph\">{\"@context\":\"https:\\\/\\\/schema.org\",\"@graph\":[{\"@type\":\"Article\",\"@id\":\"https:\\\/\\\/www.link2fleet.com\\\/fr\\\/pres-de-350-000-visiteurs-pour-le-102-salon-de-lauto-de-bruxelles\\\/#article\",\"isPartOf\":{\"@id\":\"https:\\\/\\\/www.link2fleet.com\\\/fr\\\/pres-de-350-000-visiteurs-pour-le-102-salon-de-lauto-de-bruxelles\\\/\"},\"author\":{\"name\":\"Damien Malvetti\",\"@id\":\"https:\\\/\\\/www.link2fleet.com\\\/fr\\\/#\\\/schema\\\/person\\\/027cd46113c78036b3809c9a054049da\"},\"headline\":\"Pr\u00e8s de 350.000 visiteurs pour le 102e Salon de l&rsquo;Auto de Bruxelles\",\"datePublished\":\"2026-01-20T08:28:46+00:00\",\"dateModified\":\"2026-01-20T12:42:21+00:00\",\"mainEntityOfPage\":{\"@id\":\"https:\\\/\\\/www.link2fleet.com\\\/fr\\\/pres-de-350-000-visiteurs-pour-le-102-salon-de-lauto-de-bruxelles\\\/\"},\"wordCount\":13,\"publisher\":{\"@id\":\"https:\\\/\\\/www.link2fleet.com\\\/fr\\\/#organization\"},\"image\":{\"@id\":\"https:\\\/\\\/www.link2fleet.com\\\/fr\\\/pres-de-350-000-visiteurs-pour-le-102-salon-de-lauto-de-bruxelles\\\/#primaryimage\"},\"thumbnailUrl\":\"https:\\\/\\\/static.link2fleet.com\\\/wp-content\\\/uploads\\\/2026\\\/01\\\/salon-2026.jpg\",\"articleSection\":[\"A la une\",\"Actus\"],\"inLanguage\":\"fr-FR\"},{\"@type\":\"WebPage\",\"@id\":\"https:\\\/\\\/www.link2fleet.com\\\/fr\\\/pres-de-350-000-visiteurs-pour-le-102-salon-de-lauto-de-bruxelles\\\/\",\"url\":\"https:\\\/\\\/www.link2fleet.com\\\/fr\\\/pres-de-350-000-visiteurs-pour-le-102-salon-de-lauto-de-bruxelles\\\/\",\"name\":\"Pr\u00e8s de 350.000 visiteurs pour le 102e Salon de l'Auto de Bruxelles - link2fleet\",\"isPartOf\":{\"@id\":\"https:\\\/\\\/www.link2fleet.com\\\/fr\\\/#website\"},\"primaryImageOfPage\":{\"@id\":\"https:\\\/\\\/www.link2fleet.com\\\/fr\\\/pres-de-350-000-visiteurs-pour-le-102-salon-de-lauto-de-bruxelles\\\/#primaryimage\"},\"image\":{\"@id\":\"https:\\\/\\\/www.link2fleet.com\\\/fr\\\/pres-de-350-000-visiteurs-pour-le-102-salon-de-lauto-de-bruxelles\\\/#primaryimage\"},\"thumbnailUrl\":\"https:\\\/\\\/static.link2fleet.com\\\/wp-content\\\/uploads\\\/2026\\\/01\\\/salon-2026.jpg\",\"datePublished\":\"2026-01-20T08:28:46+00:00\",\"dateModified\":\"2026-01-20T12:42:21+00:00\",\"breadcrumb\":{\"@id\":\"https:\\\/\\\/www.link2fleet.com\\\/fr\\\/pres-de-350-000-visiteurs-pour-le-102-salon-de-lauto-de-bruxelles\\\/#breadcrumb\"},\"inLanguage\":\"fr-FR\",\"potentialAction\":[{\"@type\":\"ReadAction\",\"target\":[\"https:\\\/\\\/www.link2fleet.com\\\/fr\\\/pres-de-350-000-visiteurs-pour-le-102-salon-de-lauto-de-bruxelles\\\/\"]}]},{\"@type\":\"ImageObject\",\"inLanguage\":\"fr-FR\",\"@id\":\"https:\\\/\\\/www.link2fleet.com\\\/fr\\\/pres-de-350-000-visiteurs-pour-le-102-salon-de-lauto-de-bruxelles\\\/#primaryimage\",\"url\":\"https:\\\/\\\/static.link2fleet.com\\\/wp-content\\\/uploads\\\/2026\\\/01\\\/salon-2026.jpg\",\"contentUrl\":\"https:\\\/\\\/static.link2fleet.com\\\/wp-content\\\/uploads\\\/2026\\\/01\\\/salon-2026.jpg\",\"width\":2048,\"height\":1365},{\"@type\":\"BreadcrumbList\",\"@id\":\"https:\\\/\\\/www.link2fleet.com\\\/fr\\\/pres-de-350-000-visiteurs-pour-le-102-salon-de-lauto-de-bruxelles\\\/#breadcrumb\",\"itemListElement\":[{\"@type\":\"ListItem\",\"position\":1,\"name\":\"Home\",\"item\":\"https:\\\/\\\/www.link2fleet.com\\\/fr\\\/\"},{\"@type\":\"ListItem\",\"position\":2,\"name\":\"Pr\u00e8s de 350.000 visiteurs pour le 102e Salon de l&rsquo;Auto de Bruxelles\"}]},{\"@type\":\"WebSite\",\"@id\":\"https:\\\/\\\/www.link2fleet.com\\\/fr\\\/#website\",\"url\":\"https:\\\/\\\/www.link2fleet.com\\\/fr\\\/\",\"name\":\"Link2fleet\",\"description\":\"\",\"publisher\":{\"@id\":\"https:\\\/\\\/www.link2fleet.com\\\/fr\\\/#organization\"},\"potentialAction\":[{\"@type\":\"SearchAction\",\"target\":{\"@type\":\"EntryPoint\",\"urlTemplate\":\"https:\\\/\\\/www.link2fleet.com\\\/fr\\\/?s={search_term_string}\"},\"query-input\":{\"@type\":\"PropertyValueSpecification\",\"valueRequired\":true,\"valueName\":\"search_term_string\"}}],\"inLanguage\":\"fr-FR\"},{\"@type\":\"Organization\",\"@id\":\"https:\\\/\\\/www.link2fleet.com\\\/fr\\\/#organization\",\"name\":\"Link2fleet\",\"url\":\"https:\\\/\\\/www.link2fleet.com\\\/fr\\\/\",\"logo\":{\"@type\":\"ImageObject\",\"inLanguage\":\"fr-FR\",\"@id\":\"https:\\\/\\\/www.link2fleet.com\\\/fr\\\/#\\\/schema\\\/logo\\\/image\\\/\",\"url\":\"https:\\\/\\\/static.link2fleet.com\\\/wp-content\\\/uploads\\\/2024\\\/03\\\/share-image.jpg\",\"contentUrl\":\"https:\\\/\\\/static.link2fleet.com\\\/wp-content\\\/uploads\\\/2024\\\/03\\\/share-image.jpg\",\"width\":1200,\"height\":630,\"caption\":\"Link2fleet\"},\"image\":{\"@id\":\"https:\\\/\\\/www.link2fleet.com\\\/fr\\\/#\\\/schema\\\/logo\\\/image\\\/\"},\"sameAs\":[\"https:\\\/\\\/www.linkedin.com\\\/company\\\/link2fleet-belgium\",\"https:\\\/\\\/www.youtube.com\\\/user\\\/MMMBMBE\"]},{\"@type\":\"Person\",\"@id\":\"https:\\\/\\\/www.link2fleet.com\\\/fr\\\/#\\\/schema\\\/person\\\/027cd46113c78036b3809c9a054049da\",\"name\":\"Damien Malvetti\",\"image\":{\"@type\":\"ImageObject\",\"inLanguage\":\"fr-FR\",\"@id\":\"https:\\\/\\\/secure.gravatar.com\\\/avatar\\\/dd8cc03b49466c735f753ac37f8caa371af16dfed347456ed61f02883255eebb?s=96&d=mm&r=g\",\"url\":\"https:\\\/\\\/secure.gravatar.com\\\/avatar\\\/dd8cc03b49466c735f753ac37f8caa371af16dfed347456ed61f02883255eebb?s=96&d=mm&r=g\",\"contentUrl\":\"https:\\\/\\\/secure.gravatar.com\\\/avatar\\\/dd8cc03b49466c735f753ac37f8caa371af16dfed347456ed61f02883255eebb?s=96&d=mm&r=g\",\"caption\":\"Damien Malvetti\"},\"description\":\"Damien Malvetti is opgeleid als journalist en gepassioneerd door wagens, technologie en mobiliteit. Hij is verantwoordelijk voor de redactionele inhoud van link2fleet en beschikt over een uitgebreide kennis van de fleet-sector en elektrische mobiliteit.\",\"sameAs\":[\"https:\\\/\\\/www.linkedin.com\\\/in\\\/damien-malvetti-56601142\\\/\"]}]}<\/script>\n<!-- \/ Yoast SEO plugin. -->","yoast_head_json":{"title":"Pr\u00e8s de 350.000 visiteurs pour le 102e Salon de l'Auto de Bruxelles - link2fleet","description":"Avec une affluence finale de 349.775 visiteurs, le succ\u00e8s populaire a largement surpass\u00e9 les attentes des organisateurs. Cette \u00e9dition a \u00e9galement suscit\u00e9 un enthousiasme et\u2026","robots":{"index":"index","follow":"follow","max-snippet":"max-snippet:-1","max-image-preview":"max-image-preview:large","max-video-preview":"max-video-preview:-1"},"og_locale":"fr_FR","og_type":"article","og_title":"Pr\u00e8s de 350.000 visiteurs pour le 102e Salon de l'Auto de Bruxelles - link2fleet","og_description":"Avec une affluence finale de 349.775 visiteurs, le succ\u00e8s populaire a largement surpass\u00e9 les attentes des organisateurs. Cette \u00e9dition a \u00e9galement suscit\u00e9 un enthousiasme et\u2026","og_url":"https:\/\/www.link2fleet.com\/fr\/pres-de-350-000-visiteurs-pour-le-102-salon-de-lauto-de-bruxelles\/","og_site_name":"link2fleet","article_published_time":"2026-01-20T08:28:46+00:00","article_modified_time":"2026-01-20T12:42:21+00:00","og_image":[{"width":2048,"height":1365,"url":"https:\/\/static.link2fleet.com\/wp-content\/uploads\/2026\/01\/salon-2026.jpg","type":"image\/jpeg"}],"author":"Damien Malvetti","twitter_card":"summary_large_image","twitter_description":"Avec une affluence finale de 349.775 visiteurs, le succ\u00e8s populaire a largement surpass\u00e9 les attentes des organisateurs. Cette \u00e9dition a \u00e9galement suscit\u00e9 un enthousiasme et\u2026","twitter_misc":{"\u00c9crit par":"Damien Malvetti","Dur\u00e9e de lecture estim\u00e9e":"3 minutes"},"schema":{"@context":"https:\/\/schema.org","@graph":[{"@type":"Article","@id":"https:\/\/www.link2fleet.com\/fr\/pres-de-350-000-visiteurs-pour-le-102-salon-de-lauto-de-bruxelles\/#article","isPartOf":{"@id":"https:\/\/www.link2fleet.com\/fr\/pres-de-350-000-visiteurs-pour-le-102-salon-de-lauto-de-bruxelles\/"},"author":{"name":"Damien Malvetti","@id":"https:\/\/www.link2fleet.com\/fr\/#\/schema\/person\/027cd46113c78036b3809c9a054049da"},"headline":"Pr\u00e8s de 350.000 visiteurs pour le 102e Salon de l&rsquo;Auto de Bruxelles","datePublished":"2026-01-20T08:28:46+00:00","dateModified":"2026-01-20T12:42:21+00:00","mainEntityOfPage":{"@id":"https:\/\/www.link2fleet.com\/fr\/pres-de-350-000-visiteurs-pour-le-102-salon-de-lauto-de-bruxelles\/"},"wordCount":13,"publisher":{"@id":"https:\/\/www.link2fleet.com\/fr\/#organization"},"image":{"@id":"https:\/\/www.link2fleet.com\/fr\/pres-de-350-000-visiteurs-pour-le-102-salon-de-lauto-de-bruxelles\/#primaryimage"},"thumbnailUrl":"https:\/\/static.link2fleet.com\/wp-content\/uploads\/2026\/01\/salon-2026.jpg","articleSection":["A la une","Actus"],"inLanguage":"fr-FR"},{"@type":"WebPage","@id":"https:\/\/www.link2fleet.com\/fr\/pres-de-350-000-visiteurs-pour-le-102-salon-de-lauto-de-bruxelles\/","url":"https:\/\/www.link2fleet.com\/fr\/pres-de-350-000-visiteurs-pour-le-102-salon-de-lauto-de-bruxelles\/","name":"Pr\u00e8s de 350.000 visiteurs pour le 102e Salon de l'Auto de Bruxelles - link2fleet","isPartOf":{"@id":"https:\/\/www.link2fleet.com\/fr\/#website"},"primaryImageOfPage":{"@id":"https:\/\/www.link2fleet.com\/fr\/pres-de-350-000-visiteurs-pour-le-102-salon-de-lauto-de-bruxelles\/#primaryimage"},"image":{"@id":"https:\/\/www.link2fleet.com\/fr\/pres-de-350-000-visiteurs-pour-le-102-salon-de-lauto-de-bruxelles\/#primaryimage"},"thumbnailUrl":"https:\/\/static.link2fleet.com\/wp-content\/uploads\/2026\/01\/salon-2026.jpg","datePublished":"2026-01-20T08:28:46+00:00","dateModified":"2026-01-20T12:42:21+00:00","breadcrumb":{"@id":"https:\/\/www.link2fleet.com\/fr\/pres-de-350-000-visiteurs-pour-le-102-salon-de-lauto-de-bruxelles\/#breadcrumb"},"inLanguage":"fr-FR","potentialAction":[{"@type":"ReadAction","target":["https:\/\/www.link2fleet.com\/fr\/pres-de-350-000-visiteurs-pour-le-102-salon-de-lauto-de-bruxelles\/"]}]},{"@type":"ImageObject","inLanguage":"fr-FR","@id":"https:\/\/www.link2fleet.com\/fr\/pres-de-350-000-visiteurs-pour-le-102-salon-de-lauto-de-bruxelles\/#primaryimage","url":"https:\/\/static.link2fleet.com\/wp-content\/uploads\/2026\/01\/salon-2026.jpg","contentUrl":"https:\/\/static.link2fleet.com\/wp-content\/uploads\/2026\/01\/salon-2026.jpg","width":2048,"height":1365},{"@type":"BreadcrumbList","@id":"https:\/\/www.link2fleet.com\/fr\/pres-de-350-000-visiteurs-pour-le-102-salon-de-lauto-de-bruxelles\/#breadcrumb","itemListElement":[{"@type":"ListItem","position":1,"name":"Home","item":"https:\/\/www.link2fleet.com\/fr\/"},{"@type":"ListItem","position":2,"name":"Pr\u00e8s de 350.000 visiteurs pour le 102e Salon de l&rsquo;Auto de Bruxelles"}]},{"@type":"WebSite","@id":"https:\/\/www.link2fleet.com\/fr\/#website","url":"https:\/\/www.link2fleet.com\/fr\/","name":"Link2fleet","description":"","publisher":{"@id":"https:\/\/www.link2fleet.com\/fr\/#organization"},"potentialAction":[{"@type":"SearchAction","target":{"@type":"EntryPoint","urlTemplate":"https:\/\/www.link2fleet.com\/fr\/?s={search_term_string}"},"query-input":{"@type":"PropertyValueSpecification","valueRequired":true,"valueName":"search_term_string"}}],"inLanguage":"fr-FR"},{"@type":"Organization","@id":"https:\/\/www.link2fleet.com\/fr\/#organization","name":"Link2fleet","url":"https:\/\/www.link2fleet.com\/fr\/","logo":{"@type":"ImageObject","inLanguage":"fr-FR","@id":"https:\/\/www.link2fleet.com\/fr\/#\/schema\/logo\/image\/","url":"https:\/\/static.link2fleet.com\/wp-content\/uploads\/2024\/03\/share-image.jpg","contentUrl":"https:\/\/static.link2fleet.com\/wp-content\/uploads\/2024\/03\/share-image.jpg","width":1200,"height":630,"caption":"Link2fleet"},"image":{"@id":"https:\/\/www.link2fleet.com\/fr\/#\/schema\/logo\/image\/"},"sameAs":["https:\/\/www.linkedin.com\/company\/link2fleet-belgium","https:\/\/www.youtube.com\/user\/MMMBMBE"]},{"@type":"Person","@id":"https:\/\/www.link2fleet.com\/fr\/#\/schema\/person\/027cd46113c78036b3809c9a054049da","name":"Damien Malvetti","image":{"@type":"ImageObject","inLanguage":"fr-FR","@id":"https:\/\/secure.gravatar.com\/avatar\/dd8cc03b49466c735f753ac37f8caa371af16dfed347456ed61f02883255eebb?s=96&d=mm&r=g","url":"https:\/\/secure.gravatar.com\/avatar\/dd8cc03b49466c735f753ac37f8caa371af16dfed347456ed61f02883255eebb?s=96&d=mm&r=g","contentUrl":"https:\/\/secure.gravatar.com\/avatar\/dd8cc03b49466c735f753ac37f8caa371af16dfed347456ed61f02883255eebb?s=96&d=mm&r=g","caption":"Damien Malvetti"},"description":"Damien Malvetti is opgeleid als journalist en gepassioneerd door wagens, technologie en mobiliteit. Hij is verantwoordelijk voor de redactionele inhoud van link2fleet en beschikt over een uitgebreide kennis van de fleet-sector en elektrische mobiliteit.","sameAs":["https:\/\/www.linkedin.com\/in\/damien-malvetti-56601142\/"]}]}},"_links":{"self":[{"href":"https:\/\/www.link2fleet.com\/fr\/wp-json\/wp\/v2\/posts\/64683","targetHints":{"allow":["GET"]}}],"collection":[{"href":"https:\/\/www.link2fleet.com\/fr\/wp-json\/wp\/v2\/posts"}],"about":[{"href":"https:\/\/www.link2fleet.com\/fr\/wp-json\/wp\/v2\/types\/post"}],"author":[{"embeddable":true,"href":"https:\/\/www.link2fleet.com\/fr\/wp-json\/wp\/v2\/users\/4"}],"replies":[{"embeddable":true,"href":"https:\/\/www.link2fleet.com\/fr\/wp-json\/wp\/v2\/comments?post=64683"}],"version-history":[{"count":2,"href":"https:\/\/www.link2fleet.com\/fr\/wp-json\/wp\/v2\/posts\/64683\/revisions"}],"predecessor-version":[{"id":64698,"href":"https:\/\/www.link2fleet.com\/fr\/wp-json\/wp\/v2\/posts\/64683\/revisions\/64698"}],"wp:featuredmedia":[{"embeddable":true,"href":"https:\/\/www.link2fleet.com\/fr\/wp-json\/wp\/v2\/media\/64684"}],"wp:attachment":[{"href":"https:\/\/www.link2fleet.com\/fr\/wp-json\/wp\/v2\/media?parent=64683"}],"wp:term":[{"taxonomy":"category","embeddable":true,"href":"https:\/\/www.link2fleet.com\/fr\/wp-json\/wp\/v2\/categories?post=64683"},{"taxonomy":"post_tag","embeddable":true,"href":"https:\/\/www.link2fleet.com\/fr\/wp-json\/wp\/v2\/tags?post=64683"}],"curies":[{"name":"wp","href":"https:\/\/api.w.org\/{rel}","templated":true}]}}