{"id":64907,"date":"2026-01-23T08:14:53","date_gmt":"2026-01-23T07:14:53","guid":{"rendered":"https:\/\/www.link2fleet.com\/?p=64907"},"modified":"2026-01-23T08:14:53","modified_gmt":"2026-01-23T07:14:53","slug":"un-nouvel-acteur-de-bornes-rapides-fait-son-entree-sur-le-marche-belge","status":"publish","type":"post","link":"https:\/\/www.link2fleet.com\/fr\/un-nouvel-acteur-de-bornes-rapides-fait-son-entree-sur-le-marche-belge\/","title":{"rendered":"Un nouvel acteur de bornes rapides fait son entr\u00e9e sur le march\u00e9 belge"},"content":{"rendered":"","protected":false},"excerpt":{"rendered":"","protected":false},"author":4,"featured_media":64908,"comment_status":"closed","ping_status":"closed","sticky":false,"template":"","format":"standard","meta":{"_acf_changed":false,"footnotes":""},"categories":[1448,81,91],"tags":[],"class_list":["post-64907","post","type-post","status-publish","format-standard","has-post-thumbnail","hentry","category-a-la-une","category-gestion-de-carburant-et-energie","category-expertise-et-management"],"acf":[],"yoast_head":"<!-- This site is optimized with the Yoast SEO plugin v27.3 - https:\/\/yoast.com\/product\/yoast-seo-wordpress\/ -->\n<title>Un nouvel acteur de bornes rapides fait son entr\u00e9e sur le march\u00e9 belge - link2fleet<\/title>\n<meta name=\"description\" content=\"Driveco, acteur europ\u00e9en dans le domaine des solutions de recharge pour v\u00e9hicules \u00e9lectriques, renforce sa pr\u00e9sence en Belgique avec l\u2019inauguration de 3 nouvelles bornes de\u2026\" \/>\n<meta name=\"robots\" content=\"index, follow, max-snippet:-1, max-image-preview:large, max-video-preview:-1\" \/>\n<meta property=\"og:locale\" content=\"fr_FR\" \/>\n<meta property=\"og:type\" content=\"article\" \/>\n<meta property=\"og:title\" content=\"Un nouvel acteur de bornes rapides fait son entr\u00e9e sur le march\u00e9 belge - link2fleet\" \/>\n<meta property=\"og:description\" content=\"Driveco, acteur europ\u00e9en dans le domaine des solutions de recharge pour v\u00e9hicules \u00e9lectriques, renforce sa pr\u00e9sence en Belgique avec l\u2019inauguration de 3 nouvelles bornes de\u2026\" \/>\n<meta property=\"og:url\" content=\"https:\/\/www.link2fleet.com\/fr\/un-nouvel-acteur-de-bornes-rapides-fait-son-entree-sur-le-marche-belge\/\" \/>\n<meta property=\"og:site_name\" content=\"link2fleet\" \/>\n<meta property=\"article:published_time\" content=\"2026-01-23T07:14:53+00:00\" \/>\n<meta property=\"og:image\" content=\"https:\/\/static.link2fleet.com\/wp-content\/uploads\/2026\/01\/driveco-brico.jpeg\" \/>\n\t<meta property=\"og:image:width\" content=\"1776\" \/>\n\t<meta property=\"og:image:height\" content=\"1184\" \/>\n\t<meta property=\"og:image:type\" content=\"image\/jpeg\" \/>\n<meta name=\"author\" content=\"Damien Malvetti\" \/>\n<meta name=\"twitter:card\" content=\"summary_large_image\" \/>\n<meta name=\"twitter:description\" content=\"Driveco, acteur europ\u00e9en dans le domaine des solutions de recharge pour v\u00e9hicules \u00e9lectriques, renforce sa pr\u00e9sence en Belgique avec l\u2019inauguration de 3 nouvelles bornes de\u2026\" \/>\n<meta name=\"twitter:label1\" content=\"\u00c9crit par\" \/>\n\t<meta name=\"twitter:data1\" content=\"Damien Malvetti\" \/>\n\t<meta name=\"twitter:label2\" content=\"Dur\u00e9e de lecture estim\u00e9e\" \/>\n\t<meta name=\"twitter:data2\" content=\"2 minutes\" \/>\n<script type=\"application\/ld+json\" class=\"yoast-schema-graph\">{\"@context\":\"https:\\\/\\\/schema.org\",\"@graph\":[{\"@type\":\"Article\",\"@id\":\"https:\\\/\\\/www.link2fleet.com\\\/fr\\\/un-nouvel-acteur-de-bornes-rapides-fait-son-entree-sur-le-marche-belge\\\/#article\",\"isPartOf\":{\"@id\":\"https:\\\/\\\/www.link2fleet.com\\\/fr\\\/un-nouvel-acteur-de-bornes-rapides-fait-son-entree-sur-le-marche-belge\\\/\"},\"author\":{\"name\":\"Damien Malvetti\",\"@id\":\"https:\\\/\\\/www.link2fleet.com\\\/fr\\\/#\\\/schema\\\/person\\\/027cd46113c78036b3809c9a054049da\"},\"headline\":\"Un nouvel acteur de bornes rapides fait son entr\u00e9e sur le march\u00e9 belge\",\"datePublished\":\"2026-01-23T07:14:53+00:00\",\"mainEntityOfPage\":{\"@id\":\"https:\\\/\\\/www.link2fleet.com\\\/fr\\\/un-nouvel-acteur-de-bornes-rapides-fait-son-entree-sur-le-marche-belge\\\/\"},\"wordCount\":14,\"publisher\":{\"@id\":\"https:\\\/\\\/www.link2fleet.com\\\/fr\\\/#organization\"},\"image\":{\"@id\":\"https:\\\/\\\/www.link2fleet.com\\\/fr\\\/un-nouvel-acteur-de-bornes-rapides-fait-son-entree-sur-le-marche-belge\\\/#primaryimage\"},\"thumbnailUrl\":\"https:\\\/\\\/static.link2fleet.com\\\/wp-content\\\/uploads\\\/2026\\\/01\\\/driveco-brico.jpeg\",\"articleSection\":[\"A la une\",\"Gestion carburant et de l'\u00e9nergie\",\"Gestion de flotte\"],\"inLanguage\":\"fr-FR\"},{\"@type\":\"WebPage\",\"@id\":\"https:\\\/\\\/www.link2fleet.com\\\/fr\\\/un-nouvel-acteur-de-bornes-rapides-fait-son-entree-sur-le-marche-belge\\\/\",\"url\":\"https:\\\/\\\/www.link2fleet.com\\\/fr\\\/un-nouvel-acteur-de-bornes-rapides-fait-son-entree-sur-le-marche-belge\\\/\",\"name\":\"Un nouvel acteur de bornes rapides fait son entr\u00e9e sur le march\u00e9 belge - link2fleet\",\"isPartOf\":{\"@id\":\"https:\\\/\\\/www.link2fleet.com\\\/fr\\\/#website\"},\"primaryImageOfPage\":{\"@id\":\"https:\\\/\\\/www.link2fleet.com\\\/fr\\\/un-nouvel-acteur-de-bornes-rapides-fait-son-entree-sur-le-marche-belge\\\/#primaryimage\"},\"image\":{\"@id\":\"https:\\\/\\\/www.link2fleet.com\\\/fr\\\/un-nouvel-acteur-de-bornes-rapides-fait-son-entree-sur-le-marche-belge\\\/#primaryimage\"},\"thumbnailUrl\":\"https:\\\/\\\/static.link2fleet.com\\\/wp-content\\\/uploads\\\/2026\\\/01\\\/driveco-brico.jpeg\",\"datePublished\":\"2026-01-23T07:14:53+00:00\",\"breadcrumb\":{\"@id\":\"https:\\\/\\\/www.link2fleet.com\\\/fr\\\/un-nouvel-acteur-de-bornes-rapides-fait-son-entree-sur-le-marche-belge\\\/#breadcrumb\"},\"inLanguage\":\"fr-FR\",\"potentialAction\":[{\"@type\":\"ReadAction\",\"target\":[\"https:\\\/\\\/www.link2fleet.com\\\/fr\\\/un-nouvel-acteur-de-bornes-rapides-fait-son-entree-sur-le-marche-belge\\\/\"]}]},{\"@type\":\"ImageObject\",\"inLanguage\":\"fr-FR\",\"@id\":\"https:\\\/\\\/www.link2fleet.com\\\/fr\\\/un-nouvel-acteur-de-bornes-rapides-fait-son-entree-sur-le-marche-belge\\\/#primaryimage\",\"url\":\"https:\\\/\\\/static.link2fleet.com\\\/wp-content\\\/uploads\\\/2026\\\/01\\\/driveco-brico.jpeg\",\"contentUrl\":\"https:\\\/\\\/static.link2fleet.com\\\/wp-content\\\/uploads\\\/2026\\\/01\\\/driveco-brico.jpeg\",\"width\":1776,\"height\":1184,\"caption\":\"Manu Douette (maire de Hannut), Victor de Vilmorin (directeur national de Driveco Belgique) et Olivier Lambert (directeur de Brico Hannut)\"},{\"@type\":\"BreadcrumbList\",\"@id\":\"https:\\\/\\\/www.link2fleet.com\\\/fr\\\/un-nouvel-acteur-de-bornes-rapides-fait-son-entree-sur-le-marche-belge\\\/#breadcrumb\",\"itemListElement\":[{\"@type\":\"ListItem\",\"position\":1,\"name\":\"Home\",\"item\":\"https:\\\/\\\/www.link2fleet.com\\\/fr\\\/\"},{\"@type\":\"ListItem\",\"position\":2,\"name\":\"Un nouvel acteur de bornes rapides fait son entr\u00e9e sur le march\u00e9 belge\"}]},{\"@type\":\"WebSite\",\"@id\":\"https:\\\/\\\/www.link2fleet.com\\\/fr\\\/#website\",\"url\":\"https:\\\/\\\/www.link2fleet.com\\\/fr\\\/\",\"name\":\"Link2fleet\",\"description\":\"\",\"publisher\":{\"@id\":\"https:\\\/\\\/www.link2fleet.com\\\/fr\\\/#organization\"},\"potentialAction\":[{\"@type\":\"SearchAction\",\"target\":{\"@type\":\"EntryPoint\",\"urlTemplate\":\"https:\\\/\\\/www.link2fleet.com\\\/fr\\\/?s={search_term_string}\"},\"query-input\":{\"@type\":\"PropertyValueSpecification\",\"valueRequired\":true,\"valueName\":\"search_term_string\"}}],\"inLanguage\":\"fr-FR\"},{\"@type\":\"Organization\",\"@id\":\"https:\\\/\\\/www.link2fleet.com\\\/fr\\\/#organization\",\"name\":\"Link2fleet\",\"url\":\"https:\\\/\\\/www.link2fleet.com\\\/fr\\\/\",\"logo\":{\"@type\":\"ImageObject\",\"inLanguage\":\"fr-FR\",\"@id\":\"https:\\\/\\\/www.link2fleet.com\\\/fr\\\/#\\\/schema\\\/logo\\\/image\\\/\",\"url\":\"https:\\\/\\\/static.link2fleet.com\\\/wp-content\\\/uploads\\\/2024\\\/03\\\/share-image.jpg\",\"contentUrl\":\"https:\\\/\\\/static.link2fleet.com\\\/wp-content\\\/uploads\\\/2024\\\/03\\\/share-image.jpg\",\"width\":1200,\"height\":630,\"caption\":\"Link2fleet\"},\"image\":{\"@id\":\"https:\\\/\\\/www.link2fleet.com\\\/fr\\\/#\\\/schema\\\/logo\\\/image\\\/\"},\"sameAs\":[\"https:\\\/\\\/www.linkedin.com\\\/company\\\/link2fleet-belgium\",\"https:\\\/\\\/www.youtube.com\\\/user\\\/MMMBMBE\"]},{\"@type\":\"Person\",\"@id\":\"https:\\\/\\\/www.link2fleet.com\\\/fr\\\/#\\\/schema\\\/person\\\/027cd46113c78036b3809c9a054049da\",\"name\":\"Damien Malvetti\",\"image\":{\"@type\":\"ImageObject\",\"inLanguage\":\"fr-FR\",\"@id\":\"https:\\\/\\\/secure.gravatar.com\\\/avatar\\\/dd8cc03b49466c735f753ac37f8caa371af16dfed347456ed61f02883255eebb?s=96&d=mm&r=g\",\"url\":\"https:\\\/\\\/secure.gravatar.com\\\/avatar\\\/dd8cc03b49466c735f753ac37f8caa371af16dfed347456ed61f02883255eebb?s=96&d=mm&r=g\",\"contentUrl\":\"https:\\\/\\\/secure.gravatar.com\\\/avatar\\\/dd8cc03b49466c735f753ac37f8caa371af16dfed347456ed61f02883255eebb?s=96&d=mm&r=g\",\"caption\":\"Damien Malvetti\"},\"description\":\"Damien Malvetti is opgeleid als journalist en gepassioneerd door wagens, technologie en mobiliteit. Hij is verantwoordelijk voor de redactionele inhoud van link2fleet en beschikt over een uitgebreide kennis van de fleet-sector en elektrische mobiliteit.\",\"sameAs\":[\"https:\\\/\\\/www.linkedin.com\\\/in\\\/damien-malvetti-56601142\\\/\"]}]}<\/script>\n<!-- \/ Yoast SEO plugin. -->","yoast_head_json":{"title":"Un nouvel acteur de bornes rapides fait son entr\u00e9e sur le march\u00e9 belge - link2fleet","description":"Driveco, acteur europ\u00e9en dans le domaine des solutions de recharge pour v\u00e9hicules \u00e9lectriques, renforce sa pr\u00e9sence en Belgique avec l\u2019inauguration de 3 nouvelles bornes de\u2026","robots":{"index":"index","follow":"follow","max-snippet":"max-snippet:-1","max-image-preview":"max-image-preview:large","max-video-preview":"max-video-preview:-1"},"og_locale":"fr_FR","og_type":"article","og_title":"Un nouvel acteur de bornes rapides fait son entr\u00e9e sur le march\u00e9 belge - link2fleet","og_description":"Driveco, acteur europ\u00e9en dans le domaine des solutions de recharge pour v\u00e9hicules \u00e9lectriques, renforce sa pr\u00e9sence en Belgique avec l\u2019inauguration de 3 nouvelles bornes de\u2026","og_url":"https:\/\/www.link2fleet.com\/fr\/un-nouvel-acteur-de-bornes-rapides-fait-son-entree-sur-le-marche-belge\/","og_site_name":"link2fleet","article_published_time":"2026-01-23T07:14:53+00:00","og_image":[{"width":1776,"height":1184,"url":"https:\/\/static.link2fleet.com\/wp-content\/uploads\/2026\/01\/driveco-brico.jpeg","type":"image\/jpeg"}],"author":"Damien Malvetti","twitter_card":"summary_large_image","twitter_description":"Driveco, acteur europ\u00e9en dans le domaine des solutions de recharge pour v\u00e9hicules \u00e9lectriques, renforce sa pr\u00e9sence en Belgique avec l\u2019inauguration de 3 nouvelles bornes de\u2026","twitter_misc":{"\u00c9crit par":"Damien Malvetti","Dur\u00e9e de lecture estim\u00e9e":"2 minutes"},"schema":{"@context":"https:\/\/schema.org","@graph":[{"@type":"Article","@id":"https:\/\/www.link2fleet.com\/fr\/un-nouvel-acteur-de-bornes-rapides-fait-son-entree-sur-le-marche-belge\/#article","isPartOf":{"@id":"https:\/\/www.link2fleet.com\/fr\/un-nouvel-acteur-de-bornes-rapides-fait-son-entree-sur-le-marche-belge\/"},"author":{"name":"Damien Malvetti","@id":"https:\/\/www.link2fleet.com\/fr\/#\/schema\/person\/027cd46113c78036b3809c9a054049da"},"headline":"Un nouvel acteur de bornes rapides fait son entr\u00e9e sur le march\u00e9 belge","datePublished":"2026-01-23T07:14:53+00:00","mainEntityOfPage":{"@id":"https:\/\/www.link2fleet.com\/fr\/un-nouvel-acteur-de-bornes-rapides-fait-son-entree-sur-le-marche-belge\/"},"wordCount":14,"publisher":{"@id":"https:\/\/www.link2fleet.com\/fr\/#organization"},"image":{"@id":"https:\/\/www.link2fleet.com\/fr\/un-nouvel-acteur-de-bornes-rapides-fait-son-entree-sur-le-marche-belge\/#primaryimage"},"thumbnailUrl":"https:\/\/static.link2fleet.com\/wp-content\/uploads\/2026\/01\/driveco-brico.jpeg","articleSection":["A la une","Gestion carburant et de l'\u00e9nergie","Gestion de flotte"],"inLanguage":"fr-FR"},{"@type":"WebPage","@id":"https:\/\/www.link2fleet.com\/fr\/un-nouvel-acteur-de-bornes-rapides-fait-son-entree-sur-le-marche-belge\/","url":"https:\/\/www.link2fleet.com\/fr\/un-nouvel-acteur-de-bornes-rapides-fait-son-entree-sur-le-marche-belge\/","name":"Un nouvel acteur de bornes rapides fait son entr\u00e9e sur le march\u00e9 belge - link2fleet","isPartOf":{"@id":"https:\/\/www.link2fleet.com\/fr\/#website"},"primaryImageOfPage":{"@id":"https:\/\/www.link2fleet.com\/fr\/un-nouvel-acteur-de-bornes-rapides-fait-son-entree-sur-le-marche-belge\/#primaryimage"},"image":{"@id":"https:\/\/www.link2fleet.com\/fr\/un-nouvel-acteur-de-bornes-rapides-fait-son-entree-sur-le-marche-belge\/#primaryimage"},"thumbnailUrl":"https:\/\/static.link2fleet.com\/wp-content\/uploads\/2026\/01\/driveco-brico.jpeg","datePublished":"2026-01-23T07:14:53+00:00","breadcrumb":{"@id":"https:\/\/www.link2fleet.com\/fr\/un-nouvel-acteur-de-bornes-rapides-fait-son-entree-sur-le-marche-belge\/#breadcrumb"},"inLanguage":"fr-FR","potentialAction":[{"@type":"ReadAction","target":["https:\/\/www.link2fleet.com\/fr\/un-nouvel-acteur-de-bornes-rapides-fait-son-entree-sur-le-marche-belge\/"]}]},{"@type":"ImageObject","inLanguage":"fr-FR","@id":"https:\/\/www.link2fleet.com\/fr\/un-nouvel-acteur-de-bornes-rapides-fait-son-entree-sur-le-marche-belge\/#primaryimage","url":"https:\/\/static.link2fleet.com\/wp-content\/uploads\/2026\/01\/driveco-brico.jpeg","contentUrl":"https:\/\/static.link2fleet.com\/wp-content\/uploads\/2026\/01\/driveco-brico.jpeg","width":1776,"height":1184,"caption":"Manu Douette (maire de Hannut), Victor de Vilmorin (directeur national de Driveco Belgique) et Olivier Lambert (directeur de Brico Hannut)"},{"@type":"BreadcrumbList","@id":"https:\/\/www.link2fleet.com\/fr\/un-nouvel-acteur-de-bornes-rapides-fait-son-entree-sur-le-marche-belge\/#breadcrumb","itemListElement":[{"@type":"ListItem","position":1,"name":"Home","item":"https:\/\/www.link2fleet.com\/fr\/"},{"@type":"ListItem","position":2,"name":"Un nouvel acteur de bornes rapides fait son entr\u00e9e sur le march\u00e9 belge"}]},{"@type":"WebSite","@id":"https:\/\/www.link2fleet.com\/fr\/#website","url":"https:\/\/www.link2fleet.com\/fr\/","name":"Link2fleet","description":"","publisher":{"@id":"https:\/\/www.link2fleet.com\/fr\/#organization"},"potentialAction":[{"@type":"SearchAction","target":{"@type":"EntryPoint","urlTemplate":"https:\/\/www.link2fleet.com\/fr\/?s={search_term_string}"},"query-input":{"@type":"PropertyValueSpecification","valueRequired":true,"valueName":"search_term_string"}}],"inLanguage":"fr-FR"},{"@type":"Organization","@id":"https:\/\/www.link2fleet.com\/fr\/#organization","name":"Link2fleet","url":"https:\/\/www.link2fleet.com\/fr\/","logo":{"@type":"ImageObject","inLanguage":"fr-FR","@id":"https:\/\/www.link2fleet.com\/fr\/#\/schema\/logo\/image\/","url":"https:\/\/static.link2fleet.com\/wp-content\/uploads\/2024\/03\/share-image.jpg","contentUrl":"https:\/\/static.link2fleet.com\/wp-content\/uploads\/2024\/03\/share-image.jpg","width":1200,"height":630,"caption":"Link2fleet"},"image":{"@id":"https:\/\/www.link2fleet.com\/fr\/#\/schema\/logo\/image\/"},"sameAs":["https:\/\/www.linkedin.com\/company\/link2fleet-belgium","https:\/\/www.youtube.com\/user\/MMMBMBE"]},{"@type":"Person","@id":"https:\/\/www.link2fleet.com\/fr\/#\/schema\/person\/027cd46113c78036b3809c9a054049da","name":"Damien Malvetti","image":{"@type":"ImageObject","inLanguage":"fr-FR","@id":"https:\/\/secure.gravatar.com\/avatar\/dd8cc03b49466c735f753ac37f8caa371af16dfed347456ed61f02883255eebb?s=96&d=mm&r=g","url":"https:\/\/secure.gravatar.com\/avatar\/dd8cc03b49466c735f753ac37f8caa371af16dfed347456ed61f02883255eebb?s=96&d=mm&r=g","contentUrl":"https:\/\/secure.gravatar.com\/avatar\/dd8cc03b49466c735f753ac37f8caa371af16dfed347456ed61f02883255eebb?s=96&d=mm&r=g","caption":"Damien Malvetti"},"description":"Damien Malvetti is opgeleid als journalist en gepassioneerd door wagens, technologie en mobiliteit. Hij is verantwoordelijk voor de redactionele inhoud van link2fleet en beschikt over een uitgebreide kennis van de fleet-sector en elektrische mobiliteit.","sameAs":["https:\/\/www.linkedin.com\/in\/damien-malvetti-56601142\/"]}]}},"_links":{"self":[{"href":"https:\/\/www.link2fleet.com\/fr\/wp-json\/wp\/v2\/posts\/64907","targetHints":{"allow":["GET"]}}],"collection":[{"href":"https:\/\/www.link2fleet.com\/fr\/wp-json\/wp\/v2\/posts"}],"about":[{"href":"https:\/\/www.link2fleet.com\/fr\/wp-json\/wp\/v2\/types\/post"}],"author":[{"embeddable":true,"href":"https:\/\/www.link2fleet.com\/fr\/wp-json\/wp\/v2\/users\/4"}],"replies":[{"embeddable":true,"href":"https:\/\/www.link2fleet.com\/fr\/wp-json\/wp\/v2\/comments?post=64907"}],"version-history":[{"count":1,"href":"https:\/\/www.link2fleet.com\/fr\/wp-json\/wp\/v2\/posts\/64907\/revisions"}],"predecessor-version":[{"id":64911,"href":"https:\/\/www.link2fleet.com\/fr\/wp-json\/wp\/v2\/posts\/64907\/revisions\/64911"}],"wp:featuredmedia":[{"embeddable":true,"href":"https:\/\/www.link2fleet.com\/fr\/wp-json\/wp\/v2\/media\/64908"}],"wp:attachment":[{"href":"https:\/\/www.link2fleet.com\/fr\/wp-json\/wp\/v2\/media?parent=64907"}],"wp:term":[{"taxonomy":"category","embeddable":true,"href":"https:\/\/www.link2fleet.com\/fr\/wp-json\/wp\/v2\/categories?post=64907"},{"taxonomy":"post_tag","embeddable":true,"href":"https:\/\/www.link2fleet.com\/fr\/wp-json\/wp\/v2\/tags?post=64907"}],"curies":[{"name":"wp","href":"https:\/\/api.w.org\/{rel}","templated":true}]}}