{"id":6532,"date":"2022-05-31T16:40:13","date_gmt":"2022-05-31T14:40:13","guid":{"rendered":"https:\/\/www.link2fleet.com\/colruyt-et-cardoen-entrent-au-capital-de-pluginvest\/"},"modified":"2024-04-17T16:46:55","modified_gmt":"2024-04-17T14:46:55","slug":"colruyt-et-cardoen-entrent-au-capital-de-pluginvest","status":"publish","type":"post","link":"https:\/\/www.link2fleet.com\/fr\/colruyt-et-cardoen-entrent-au-capital-de-pluginvest\/","title":{"rendered":"Colruyt et Cardoen entrent au capital de Pluginvest"},"content":{"rendered":"<blockquote class=\"Quote_container__ms7KM\">\n<div class=\"Quote_content__DZCla Quote_alignLeft__1_w_9\">\n<figure id=\"attachment_1280821\" aria-describedby=\"caption-attachment-1280821\" style=\"width: 225px\" class=\"wp-caption alignright\"><a href=\"https:\/\/www.link2fleet.com\/wp-content\/uploads\/2022\/06\/pluginvest_2-scaled.jpg\"><img loading=\"lazy\" decoding=\"async\" class=\"size-medium wp-image-1280821\" src=\"https:\/\/www.link2fleet.com\/wp-content\/uploads\/2022\/06\/pluginvest_2-225x300.jpg\" alt=\"\" width=\"225\" height=\"300\" \/><\/a><figcaption id=\"caption-attachment-1280821\" class=\"wp-caption-text\">Sander Hereijgers<\/figcaption><\/figure>\n<p>\u00ab\u2009C<em>e nouveau tour de table nous permet de poursuivre notre croissance acc\u00e9l\u00e9r\u00e9e<\/em>\u2009\u00bb, d\u00e9clare Sander Hereijgers, CEO de Pluginvest. \u00ab\u2009<em>L\u2019augmentation rapide de la part des voitures \u00e9lectriques et des voitures hybrides rechargeables dans les flottes professionnelles s\u2019accompagne de nouveaux d\u00e9fis. Pluginvest entend d\u00e9charger les entreprises qui prennent le virage de l\u2019\u00e9lectrification en leur proposant une solution int\u00e9grale pour l\u2019infrastructure de recharge et sa gestion\u2009<\/em>\u00bb<em>.<\/em><\/div>\n<\/blockquote>\n<p class=\"styles_paragraph__CxmiR\">Pluginvest a \u00e9t\u00e9 fond\u00e9 en 2016 par Sander Hereijgers et Cedric De Jonghe, deux experts du secteur des \u00e9nergies alternatives qui ont uni leurs forces pour proposer des infrastructures de recharge accessibles sur le march\u00e9 belge. Sur le segment en pleine expansion de la mobilit\u00e9 durable, Pluginvest propose des solutions de recharge pour les v\u00e9hicules \u00e9lectriques dans l\u2019optique d\u2019une relation \u00e0 long terme avec les clients. Les entreprises belges joueront un r\u00f4le important dans la transition vers la mobilit\u00e9 \u00e9lectrique et Pluginvest entend les y aider en mettant son expertise \u00e0 leur disposition et en offrant des solutions innovantes de haute technologie.<\/p>\n<blockquote class=\"Quote_container__ms7KM\">\n<div class=\"Quote_content__DZCla Quote_alignLeft__1_w_9\">\u00ab\u2009<em>La d\u00e9cision du gouvernement de ne permettre la d\u00e9ductibilit\u00e9 fiscale que des voitures z\u00e9ro \u00e9mission d\u00e8s 2026 cr\u00e9e un d\u00e9fi majeur dans le domaine des infrastructures de recharge, dans les entreprises, chez les collaborateurs et sur la route<\/em>\u2009\u00bb<em>, <\/em>poursuit Sander Hereijgers. \u00ab\u2009<em>Pluginvest propose des produits sp\u00e9cifiques qui r\u00e9pondent aux besoins et exigences de chaque type de client. Des installations domestiques compactes aux chargeurs rapides ultra-professionnels, Pluginvest a une solution de recharge pour chacun\u2009<\/em>\u00bb<em>.<\/em><\/div>\n<\/blockquote>\n<p>&nbsp;<\/p>\n<p class=\"styles_paragraph__CxmiR\"><strong>Avec le \u00ab\u2009charging as a service\u2009\u00bb pour atout unique<\/strong><\/p>\n<p class=\"styles_paragraph__CxmiR\">Gr\u00e2ce \u00e0 cette formule unique, Pluginvest veut lever tous les obstacles qui freinent le verdissement des flottes des entreprises. Investir dans une infrastructure de recharge est, en effet, rarement le c\u0153ur de m\u00e9tier des entreprises. \u00c0 cet \u00e9gard, le \u00ab\u2009charging as a service\u2009\u00bb est une formule de renting ou de leasing qui \u00e9limine d\u2019embl\u00e9e tous les soucis et offre aux clients la possibilit\u00e9 de d\u00e9velopper progressivement leur infrastructure, parall\u00e8lement \u00e0 leur parc automobile.<\/p>\n<blockquote class=\"Quote_container__ms7KM\">\n<div class=\"Quote_content__DZCla Quote_alignLeft__1_w_9\">Jef Colruyt, CEO Colruyt Group : \u00ab\u00a0<em>Apr\u00e8s de premi\u00e8res exp\u00e9riences positives avec Pluginvest dans le cadre de plusieurs projets pilotes avec notre fournisseur d\u2019\u00e9nergie et de carburant DATS\u00a024, notre investissement dans cette soci\u00e9t\u00e9 belge est une \u00e9tape logique pour nous. Il s\u2019agit avant tout d\u2019un domaine qui nous tient \u00e0 c\u0153ur\u00a0: rendre la mobilit\u00e9, la logistique et les transports plus \u00e9cologiques. Colruyt Group<\/em> <em>entend continuer \u00e0 investir dans le carburant vert et les v\u00e9hicules \u00e9lectriques pour le transport de passagers et de marchandises \u00e0 l\u2019avenir. En tant qu\u2019entrepreneurs durables, nous sommes ravis d\u2019avoir l\u2019opportunit\u00e9 de soutenir cette jeune entreprise belge dans sa croissance. Nous sommes impatients de travailler avec l\u2019\u00e9quipe de Pluginvest sur de futurs projets de recharge<\/em>\u00a0\u00bb<em>.<\/em><\/div>\n<\/blockquote>\n<blockquote class=\"Quote_container__ms7KM\">\n<div class=\"Quote_content__DZCla Quote_alignLeft__1_w_9\">Karel Cardoen, ancien CEO de Cardoen\u00a0: \u00ab\u2009<em>Les bornes de recharge sont cruciales pour l\u2019\u00e9cologisation du parc automobile. Nous avons \u00e9t\u00e9 particuli\u00e8rement s\u00e9duits par l\u2019approche de l\u2019\u00e9quipe de Pluginvest, qui d\u00e9charge les entreprises de cette question complexe et r\u00e9fl\u00e9chit avec elles \u00e0 l\u2019avenir. Nous sommes donc heureux de soutenir la croissance de cette jeune pousse belge prometteuse<\/em>\u2009\u00bb.<\/div>\n<\/blockquote>\n","protected":false},"excerpt":{"rendered":"<p>\u00ab\u2009Ce nouveau tour de table nous permet de poursuivre notre croissance acc\u00e9l\u00e9r\u00e9e\u2009\u00bb, d\u00e9clare Sander Hereijgers, CEO de Pluginvest. \u00ab\u2009L\u2019augmentation rapide de la part des voitures \u00e9lectriques et des voitures hybrides rechargeables dans les flottes professionnelles s\u2019accompagne de nouveaux d\u00e9fis. Pluginvest entend d\u00e9charger les entreprises qui prennent le virage de l\u2019\u00e9lectrification en leur proposant une solution [&hellip;]<\/p>\n","protected":false},"author":4,"featured_media":6533,"comment_status":"closed","ping_status":"closed","sticky":false,"template":"","format":"standard","meta":{"_acf_changed":false,"footnotes":""},"categories":[81,91],"tags":[],"class_list":["post-6532","post","type-post","status-publish","format-standard","has-post-thumbnail","hentry","category-gestion-de-carburant-et-energie","category-expertise-et-management"],"acf":[],"yoast_head":"<!-- This site is optimized with the Yoast SEO plugin v27.3 - https:\/\/yoast.com\/product\/yoast-seo-wordpress\/ -->\n<title>Colruyt et Cardoen entrent au capital de Pluginvest - link2fleet<\/title>\n<meta name=\"description\" content=\"Pluginvest, leader de l\u2019eMobility avec des solutions innovantes pour les bornes de recharge et la flexibilit\u00e9 \u00e9nerg\u00e9tique, annonce aujourd\u2019hui l&rsquo;entr\u00e9e de deux nouveaux actionnaires :\u2026\" \/>\n<meta name=\"robots\" content=\"index, follow, max-snippet:-1, max-image-preview:large, max-video-preview:-1\" \/>\n<meta property=\"og:locale\" content=\"fr_FR\" \/>\n<meta property=\"og:type\" content=\"article\" \/>\n<meta property=\"og:title\" content=\"Colruyt et Cardoen entrent au capital de Pluginvest - link2fleet\" \/>\n<meta property=\"og:description\" content=\"Pluginvest, leader de l\u2019eMobility avec des solutions innovantes pour les bornes de recharge et la flexibilit\u00e9 \u00e9nerg\u00e9tique, annonce aujourd\u2019hui l&rsquo;entr\u00e9e de deux nouveaux actionnaires :\u2026\" \/>\n<meta property=\"og:url\" content=\"https:\/\/www.link2fleet.com\/fr\/colruyt-et-cardoen-entrent-au-capital-de-pluginvest\/\" \/>\n<meta property=\"og:site_name\" content=\"link2fleet\" \/>\n<meta property=\"article:published_time\" content=\"2022-05-31T14:40:13+00:00\" \/>\n<meta property=\"article:modified_time\" content=\"2024-04-17T14:46:55+00:00\" \/>\n<meta property=\"og:image\" content=\"https:\/\/static.link2fleet.com\/wp-content\/uploads\/2024\/03\/pluginvest.jpeg\" \/>\n\t<meta property=\"og:image:width\" content=\"1979\" \/>\n\t<meta property=\"og:image:height\" content=\"1322\" \/>\n\t<meta property=\"og:image:type\" content=\"image\/jpeg\" \/>\n<meta name=\"author\" content=\"Damien Malvetti\" \/>\n<meta name=\"twitter:card\" content=\"summary_large_image\" \/>\n<meta name=\"twitter:description\" content=\"Pluginvest, leader de l\u2019eMobility avec des solutions innovantes pour les bornes de recharge et la flexibilit\u00e9 \u00e9nerg\u00e9tique, annonce aujourd\u2019hui l&rsquo;entr\u00e9e de deux nouveaux actionnaires :\u2026\" \/>\n<meta name=\"twitter:label1\" content=\"\u00c9crit par\" \/>\n\t<meta name=\"twitter:data1\" content=\"Damien Malvetti\" \/>\n\t<meta name=\"twitter:label2\" content=\"Dur\u00e9e de lecture estim\u00e9e\" \/>\n\t<meta name=\"twitter:data2\" content=\"3 minutes\" \/>\n<script type=\"application\/ld+json\" class=\"yoast-schema-graph\">{\"@context\":\"https:\\\/\\\/schema.org\",\"@graph\":[{\"@type\":\"Article\",\"@id\":\"https:\\\/\\\/www.link2fleet.com\\\/fr\\\/colruyt-et-cardoen-entrent-au-capital-de-pluginvest\\\/#article\",\"isPartOf\":{\"@id\":\"https:\\\/\\\/www.link2fleet.com\\\/fr\\\/colruyt-et-cardoen-entrent-au-capital-de-pluginvest\\\/\"},\"author\":{\"name\":\"Damien Malvetti\",\"@id\":\"https:\\\/\\\/www.link2fleet.com\\\/fr\\\/#\\\/schema\\\/person\\\/027cd46113c78036b3809c9a054049da\"},\"headline\":\"Colruyt et Cardoen entrent au capital de Pluginvest\",\"datePublished\":\"2022-05-31T14:40:13+00:00\",\"dateModified\":\"2024-04-17T14:46:55+00:00\",\"mainEntityOfPage\":{\"@id\":\"https:\\\/\\\/www.link2fleet.com\\\/fr\\\/colruyt-et-cardoen-entrent-au-capital-de-pluginvest\\\/\"},\"wordCount\":553,\"publisher\":{\"@id\":\"https:\\\/\\\/www.link2fleet.com\\\/fr\\\/#organization\"},\"image\":{\"@id\":\"https:\\\/\\\/www.link2fleet.com\\\/fr\\\/colruyt-et-cardoen-entrent-au-capital-de-pluginvest\\\/#primaryimage\"},\"thumbnailUrl\":\"https:\\\/\\\/static.link2fleet.com\\\/wp-content\\\/uploads\\\/2024\\\/03\\\/pluginvest.jpeg\",\"articleSection\":[\"Gestion carburant et de l'\u00e9nergie\",\"Gestion de flotte\"],\"inLanguage\":\"fr-FR\"},{\"@type\":\"WebPage\",\"@id\":\"https:\\\/\\\/www.link2fleet.com\\\/fr\\\/colruyt-et-cardoen-entrent-au-capital-de-pluginvest\\\/\",\"url\":\"https:\\\/\\\/www.link2fleet.com\\\/fr\\\/colruyt-et-cardoen-entrent-au-capital-de-pluginvest\\\/\",\"name\":\"Colruyt et Cardoen entrent au capital de Pluginvest - link2fleet\",\"isPartOf\":{\"@id\":\"https:\\\/\\\/www.link2fleet.com\\\/fr\\\/#website\"},\"primaryImageOfPage\":{\"@id\":\"https:\\\/\\\/www.link2fleet.com\\\/fr\\\/colruyt-et-cardoen-entrent-au-capital-de-pluginvest\\\/#primaryimage\"},\"image\":{\"@id\":\"https:\\\/\\\/www.link2fleet.com\\\/fr\\\/colruyt-et-cardoen-entrent-au-capital-de-pluginvest\\\/#primaryimage\"},\"thumbnailUrl\":\"https:\\\/\\\/static.link2fleet.com\\\/wp-content\\\/uploads\\\/2024\\\/03\\\/pluginvest.jpeg\",\"datePublished\":\"2022-05-31T14:40:13+00:00\",\"dateModified\":\"2024-04-17T14:46:55+00:00\",\"breadcrumb\":{\"@id\":\"https:\\\/\\\/www.link2fleet.com\\\/fr\\\/colruyt-et-cardoen-entrent-au-capital-de-pluginvest\\\/#breadcrumb\"},\"inLanguage\":\"fr-FR\",\"potentialAction\":[{\"@type\":\"ReadAction\",\"target\":[\"https:\\\/\\\/www.link2fleet.com\\\/fr\\\/colruyt-et-cardoen-entrent-au-capital-de-pluginvest\\\/\"]}]},{\"@type\":\"ImageObject\",\"inLanguage\":\"fr-FR\",\"@id\":\"https:\\\/\\\/www.link2fleet.com\\\/fr\\\/colruyt-et-cardoen-entrent-au-capital-de-pluginvest\\\/#primaryimage\",\"url\":\"https:\\\/\\\/static.link2fleet.com\\\/wp-content\\\/uploads\\\/2024\\\/03\\\/pluginvest.jpeg\",\"contentUrl\":\"https:\\\/\\\/static.link2fleet.com\\\/wp-content\\\/uploads\\\/2024\\\/03\\\/pluginvest.jpeg\",\"width\":1979,\"height\":1322,\"caption\":\"|Sander Hereijgers\"},{\"@type\":\"BreadcrumbList\",\"@id\":\"https:\\\/\\\/www.link2fleet.com\\\/fr\\\/colruyt-et-cardoen-entrent-au-capital-de-pluginvest\\\/#breadcrumb\",\"itemListElement\":[{\"@type\":\"ListItem\",\"position\":1,\"name\":\"Home\",\"item\":\"https:\\\/\\\/www.link2fleet.com\\\/fr\\\/\"},{\"@type\":\"ListItem\",\"position\":2,\"name\":\"Colruyt et Cardoen entrent au capital de Pluginvest\"}]},{\"@type\":\"WebSite\",\"@id\":\"https:\\\/\\\/www.link2fleet.com\\\/fr\\\/#website\",\"url\":\"https:\\\/\\\/www.link2fleet.com\\\/fr\\\/\",\"name\":\"Link2fleet\",\"description\":\"\",\"publisher\":{\"@id\":\"https:\\\/\\\/www.link2fleet.com\\\/fr\\\/#organization\"},\"potentialAction\":[{\"@type\":\"SearchAction\",\"target\":{\"@type\":\"EntryPoint\",\"urlTemplate\":\"https:\\\/\\\/www.link2fleet.com\\\/fr\\\/?s={search_term_string}\"},\"query-input\":{\"@type\":\"PropertyValueSpecification\",\"valueRequired\":true,\"valueName\":\"search_term_string\"}}],\"inLanguage\":\"fr-FR\"},{\"@type\":\"Organization\",\"@id\":\"https:\\\/\\\/www.link2fleet.com\\\/fr\\\/#organization\",\"name\":\"Link2fleet\",\"url\":\"https:\\\/\\\/www.link2fleet.com\\\/fr\\\/\",\"logo\":{\"@type\":\"ImageObject\",\"inLanguage\":\"fr-FR\",\"@id\":\"https:\\\/\\\/www.link2fleet.com\\\/fr\\\/#\\\/schema\\\/logo\\\/image\\\/\",\"url\":\"https:\\\/\\\/static.link2fleet.com\\\/wp-content\\\/uploads\\\/2024\\\/03\\\/share-image.jpg\",\"contentUrl\":\"https:\\\/\\\/static.link2fleet.com\\\/wp-content\\\/uploads\\\/2024\\\/03\\\/share-image.jpg\",\"width\":1200,\"height\":630,\"caption\":\"Link2fleet\"},\"image\":{\"@id\":\"https:\\\/\\\/www.link2fleet.com\\\/fr\\\/#\\\/schema\\\/logo\\\/image\\\/\"},\"sameAs\":[\"https:\\\/\\\/www.linkedin.com\\\/company\\\/link2fleet-belgium\",\"https:\\\/\\\/www.youtube.com\\\/user\\\/MMMBMBE\"]},{\"@type\":\"Person\",\"@id\":\"https:\\\/\\\/www.link2fleet.com\\\/fr\\\/#\\\/schema\\\/person\\\/027cd46113c78036b3809c9a054049da\",\"name\":\"Damien Malvetti\",\"image\":{\"@type\":\"ImageObject\",\"inLanguage\":\"fr-FR\",\"@id\":\"https:\\\/\\\/secure.gravatar.com\\\/avatar\\\/dd8cc03b49466c735f753ac37f8caa371af16dfed347456ed61f02883255eebb?s=96&d=mm&r=g\",\"url\":\"https:\\\/\\\/secure.gravatar.com\\\/avatar\\\/dd8cc03b49466c735f753ac37f8caa371af16dfed347456ed61f02883255eebb?s=96&d=mm&r=g\",\"contentUrl\":\"https:\\\/\\\/secure.gravatar.com\\\/avatar\\\/dd8cc03b49466c735f753ac37f8caa371af16dfed347456ed61f02883255eebb?s=96&d=mm&r=g\",\"caption\":\"Damien Malvetti\"},\"description\":\"Damien Malvetti is opgeleid als journalist en gepassioneerd door wagens, technologie en mobiliteit. Hij is verantwoordelijk voor de redactionele inhoud van link2fleet en beschikt over een uitgebreide kennis van de fleet-sector en elektrische mobiliteit.\",\"sameAs\":[\"https:\\\/\\\/www.linkedin.com\\\/in\\\/damien-malvetti-56601142\\\/\"]}]}<\/script>\n<!-- \/ Yoast SEO plugin. -->","yoast_head_json":{"title":"Colruyt et Cardoen entrent au capital de Pluginvest - link2fleet","description":"Pluginvest, leader de l\u2019eMobility avec des solutions innovantes pour les bornes de recharge et la flexibilit\u00e9 \u00e9nerg\u00e9tique, annonce aujourd\u2019hui l&rsquo;entr\u00e9e de deux nouveaux actionnaires :\u2026","robots":{"index":"index","follow":"follow","max-snippet":"max-snippet:-1","max-image-preview":"max-image-preview:large","max-video-preview":"max-video-preview:-1"},"og_locale":"fr_FR","og_type":"article","og_title":"Colruyt et Cardoen entrent au capital de Pluginvest - link2fleet","og_description":"Pluginvest, leader de l\u2019eMobility avec des solutions innovantes pour les bornes de recharge et la flexibilit\u00e9 \u00e9nerg\u00e9tique, annonce aujourd\u2019hui l&rsquo;entr\u00e9e de deux nouveaux actionnaires :\u2026","og_url":"https:\/\/www.link2fleet.com\/fr\/colruyt-et-cardoen-entrent-au-capital-de-pluginvest\/","og_site_name":"link2fleet","article_published_time":"2022-05-31T14:40:13+00:00","article_modified_time":"2024-04-17T14:46:55+00:00","og_image":[{"width":1979,"height":1322,"url":"https:\/\/static.link2fleet.com\/wp-content\/uploads\/2024\/03\/pluginvest.jpeg","type":"image\/jpeg"}],"author":"Damien Malvetti","twitter_card":"summary_large_image","twitter_description":"Pluginvest, leader de l\u2019eMobility avec des solutions innovantes pour les bornes de recharge et la flexibilit\u00e9 \u00e9nerg\u00e9tique, annonce aujourd\u2019hui l&rsquo;entr\u00e9e de deux nouveaux actionnaires :\u2026","twitter_misc":{"\u00c9crit par":"Damien Malvetti","Dur\u00e9e de lecture estim\u00e9e":"3 minutes"},"schema":{"@context":"https:\/\/schema.org","@graph":[{"@type":"Article","@id":"https:\/\/www.link2fleet.com\/fr\/colruyt-et-cardoen-entrent-au-capital-de-pluginvest\/#article","isPartOf":{"@id":"https:\/\/www.link2fleet.com\/fr\/colruyt-et-cardoen-entrent-au-capital-de-pluginvest\/"},"author":{"name":"Damien Malvetti","@id":"https:\/\/www.link2fleet.com\/fr\/#\/schema\/person\/027cd46113c78036b3809c9a054049da"},"headline":"Colruyt et Cardoen entrent au capital de Pluginvest","datePublished":"2022-05-31T14:40:13+00:00","dateModified":"2024-04-17T14:46:55+00:00","mainEntityOfPage":{"@id":"https:\/\/www.link2fleet.com\/fr\/colruyt-et-cardoen-entrent-au-capital-de-pluginvest\/"},"wordCount":553,"publisher":{"@id":"https:\/\/www.link2fleet.com\/fr\/#organization"},"image":{"@id":"https:\/\/www.link2fleet.com\/fr\/colruyt-et-cardoen-entrent-au-capital-de-pluginvest\/#primaryimage"},"thumbnailUrl":"https:\/\/static.link2fleet.com\/wp-content\/uploads\/2024\/03\/pluginvest.jpeg","articleSection":["Gestion carburant et de l'\u00e9nergie","Gestion de flotte"],"inLanguage":"fr-FR"},{"@type":"WebPage","@id":"https:\/\/www.link2fleet.com\/fr\/colruyt-et-cardoen-entrent-au-capital-de-pluginvest\/","url":"https:\/\/www.link2fleet.com\/fr\/colruyt-et-cardoen-entrent-au-capital-de-pluginvest\/","name":"Colruyt et Cardoen entrent au capital de Pluginvest - link2fleet","isPartOf":{"@id":"https:\/\/www.link2fleet.com\/fr\/#website"},"primaryImageOfPage":{"@id":"https:\/\/www.link2fleet.com\/fr\/colruyt-et-cardoen-entrent-au-capital-de-pluginvest\/#primaryimage"},"image":{"@id":"https:\/\/www.link2fleet.com\/fr\/colruyt-et-cardoen-entrent-au-capital-de-pluginvest\/#primaryimage"},"thumbnailUrl":"https:\/\/static.link2fleet.com\/wp-content\/uploads\/2024\/03\/pluginvest.jpeg","datePublished":"2022-05-31T14:40:13+00:00","dateModified":"2024-04-17T14:46:55+00:00","breadcrumb":{"@id":"https:\/\/www.link2fleet.com\/fr\/colruyt-et-cardoen-entrent-au-capital-de-pluginvest\/#breadcrumb"},"inLanguage":"fr-FR","potentialAction":[{"@type":"ReadAction","target":["https:\/\/www.link2fleet.com\/fr\/colruyt-et-cardoen-entrent-au-capital-de-pluginvest\/"]}]},{"@type":"ImageObject","inLanguage":"fr-FR","@id":"https:\/\/www.link2fleet.com\/fr\/colruyt-et-cardoen-entrent-au-capital-de-pluginvest\/#primaryimage","url":"https:\/\/static.link2fleet.com\/wp-content\/uploads\/2024\/03\/pluginvest.jpeg","contentUrl":"https:\/\/static.link2fleet.com\/wp-content\/uploads\/2024\/03\/pluginvest.jpeg","width":1979,"height":1322,"caption":"|Sander Hereijgers"},{"@type":"BreadcrumbList","@id":"https:\/\/www.link2fleet.com\/fr\/colruyt-et-cardoen-entrent-au-capital-de-pluginvest\/#breadcrumb","itemListElement":[{"@type":"ListItem","position":1,"name":"Home","item":"https:\/\/www.link2fleet.com\/fr\/"},{"@type":"ListItem","position":2,"name":"Colruyt et Cardoen entrent au capital de Pluginvest"}]},{"@type":"WebSite","@id":"https:\/\/www.link2fleet.com\/fr\/#website","url":"https:\/\/www.link2fleet.com\/fr\/","name":"Link2fleet","description":"","publisher":{"@id":"https:\/\/www.link2fleet.com\/fr\/#organization"},"potentialAction":[{"@type":"SearchAction","target":{"@type":"EntryPoint","urlTemplate":"https:\/\/www.link2fleet.com\/fr\/?s={search_term_string}"},"query-input":{"@type":"PropertyValueSpecification","valueRequired":true,"valueName":"search_term_string"}}],"inLanguage":"fr-FR"},{"@type":"Organization","@id":"https:\/\/www.link2fleet.com\/fr\/#organization","name":"Link2fleet","url":"https:\/\/www.link2fleet.com\/fr\/","logo":{"@type":"ImageObject","inLanguage":"fr-FR","@id":"https:\/\/www.link2fleet.com\/fr\/#\/schema\/logo\/image\/","url":"https:\/\/static.link2fleet.com\/wp-content\/uploads\/2024\/03\/share-image.jpg","contentUrl":"https:\/\/static.link2fleet.com\/wp-content\/uploads\/2024\/03\/share-image.jpg","width":1200,"height":630,"caption":"Link2fleet"},"image":{"@id":"https:\/\/www.link2fleet.com\/fr\/#\/schema\/logo\/image\/"},"sameAs":["https:\/\/www.linkedin.com\/company\/link2fleet-belgium","https:\/\/www.youtube.com\/user\/MMMBMBE"]},{"@type":"Person","@id":"https:\/\/www.link2fleet.com\/fr\/#\/schema\/person\/027cd46113c78036b3809c9a054049da","name":"Damien Malvetti","image":{"@type":"ImageObject","inLanguage":"fr-FR","@id":"https:\/\/secure.gravatar.com\/avatar\/dd8cc03b49466c735f753ac37f8caa371af16dfed347456ed61f02883255eebb?s=96&d=mm&r=g","url":"https:\/\/secure.gravatar.com\/avatar\/dd8cc03b49466c735f753ac37f8caa371af16dfed347456ed61f02883255eebb?s=96&d=mm&r=g","contentUrl":"https:\/\/secure.gravatar.com\/avatar\/dd8cc03b49466c735f753ac37f8caa371af16dfed347456ed61f02883255eebb?s=96&d=mm&r=g","caption":"Damien Malvetti"},"description":"Damien Malvetti is opgeleid als journalist en gepassioneerd door wagens, technologie en mobiliteit. Hij is verantwoordelijk voor de redactionele inhoud van link2fleet en beschikt over een uitgebreide kennis van de fleet-sector en elektrische mobiliteit.","sameAs":["https:\/\/www.linkedin.com\/in\/damien-malvetti-56601142\/"]}]}},"_links":{"self":[{"href":"https:\/\/www.link2fleet.com\/fr\/wp-json\/wp\/v2\/posts\/6532","targetHints":{"allow":["GET"]}}],"collection":[{"href":"https:\/\/www.link2fleet.com\/fr\/wp-json\/wp\/v2\/posts"}],"about":[{"href":"https:\/\/www.link2fleet.com\/fr\/wp-json\/wp\/v2\/types\/post"}],"author":[{"embeddable":true,"href":"https:\/\/www.link2fleet.com\/fr\/wp-json\/wp\/v2\/users\/4"}],"replies":[{"embeddable":true,"href":"https:\/\/www.link2fleet.com\/fr\/wp-json\/wp\/v2\/comments?post=6532"}],"version-history":[{"count":0,"href":"https:\/\/www.link2fleet.com\/fr\/wp-json\/wp\/v2\/posts\/6532\/revisions"}],"wp:featuredmedia":[{"embeddable":true,"href":"https:\/\/www.link2fleet.com\/fr\/wp-json\/wp\/v2\/media\/6533"}],"wp:attachment":[{"href":"https:\/\/www.link2fleet.com\/fr\/wp-json\/wp\/v2\/media?parent=6532"}],"wp:term":[{"taxonomy":"category","embeddable":true,"href":"https:\/\/www.link2fleet.com\/fr\/wp-json\/wp\/v2\/categories?post=6532"},{"taxonomy":"post_tag","embeddable":true,"href":"https:\/\/www.link2fleet.com\/fr\/wp-json\/wp\/v2\/tags?post=6532"}],"curies":[{"name":"wp","href":"https:\/\/api.w.org\/{rel}","templated":true}]}}