{"id":6542,"date":"2022-06-03T07:36:11","date_gmt":"2022-06-03T05:36:11","guid":{"rendered":"https:\/\/www.link2fleet.com\/une-nouvelle-enquete-sur-les-conducteurs-de-ve-met-en-evidence-les-principaux-obstacles-a-ladoption-massive-de-vehicules-electriques-par-les-flottes\/"},"modified":"2022-06-03T07:36:11","modified_gmt":"2022-06-03T05:36:11","slug":"une-nouvelle-enquete-sur-les-conducteurs-de-ve-met-en-evidence-les-principaux-obstacles-a-ladoption-massive-de-vehicules-electriques-par-les-flottes","status":"publish","type":"post","link":"https:\/\/www.link2fleet.com\/fr\/une-nouvelle-enquete-sur-les-conducteurs-de-ve-met-en-evidence-les-principaux-obstacles-a-ladoption-massive-de-vehicules-electriques-par-les-flottes\/","title":{"rendered":"\u00ab Une nouvelle enqu\u00eate sur les conducteurs de VE met en \u00e9vidence les principaux obstacles \u00e0 l&rsquo;adoption massive de v\u00e9hicules \u00e9lectriques par les flottes. \u00bb"},"content":{"rendered":"<p style=\"font-weight: 400;\"><a href=\"https:\/\/shellrecharge.com\/fr-fr\/solutions\/centre-de-connaissance\/rapports-et-etudes-de-cas\/enquete-menee-aupres-des-conducteurs-de-vehicules-electriques\">L&rsquo;enqu\u00eate sur les conducteurs de VE<\/a> est une enqu\u00eate annuelle sur l&rsquo;exp\u00e9rience des utilisateurs en mati\u00e8re de conduite et de recharge \u00e9lectriques men\u00e9e par Shell Recharge Solutions &#8211; un acteur mondial dans le domaine des solutions de recharge intelligentes pour VE, qui est aussi la nouvelle entit\u00e9 de NewMotion. Avec pr\u00e8s de 15.000 r\u00e9pondants, il s&rsquo;agit de la plus grande enqu\u00eate europ\u00e9enne sur les conducteurs de VE.<\/p>\n<p><span style=\"font-weight: 400;\"><a href=\"https:\/\/www.link2fleet.com\/wp-content\/uploads\/2022\/06\/Shell-Publi-1.png\"><img loading=\"lazy\" decoding=\"async\" class=\"alignleft size-medium wp-image-1280858\" src=\"https:\/\/www.link2fleet.com\/wp-content\/uploads\/2022\/06\/Shell-Publi-1-300x169.png\" alt=\"\" width=\"300\" height=\"169\" \/><\/a><\/span><\/p>\n<p style=\"font-weight: 400;\">L&rsquo;enqu\u00eate de cette ann\u00e9e montre un enthousiasme croissant pour la conduite \u00e9lectrique : la technologie, le co\u00fbt et la durabilit\u00e9 des v\u00e9hicules \u00e9lectriques sont autant de facteurs qui font progresser l&rsquo;\u00e9lectrification. Par exemple, plus de trois quarts (78 %) des personnes interrog\u00e9es ont d\u00e9clar\u00e9 qu&rsquo;un v\u00e9hicule \u00e9lectrique \u00e0 batterie (BEV) est plus durable qu&rsquo;une voiture \u00e0 moteur thermique. Mais les r\u00e9sultats de l&rsquo;enqu\u00eate montrent \u00e9galement que nous ne devons pas ignorer les d\u00e9fis majeurs auxquels les gestionnaires de flotte et de mobilit\u00e9 sont confront\u00e9s lorsqu&rsquo;ils passent \u00e0 une flotte de v\u00e9hicules \u00e9lectriques.<\/p>\n<p><span style=\"font-weight: 400;\">\u00a0<\/span><\/p>\n<p style=\"font-weight: 400;\">Selon les conducteurs de VE interrog\u00e9s, il y a encore du travail \u00e0 faire pour que tout se passe bien. Outre la baisse des co\u00fbts d&rsquo;achat (47 %) et l&rsquo;am\u00e9lioration de l&rsquo;autonomie (57 %) des v\u00e9hicules \u00e9lectriques, l&rsquo;investissement dans une meilleure infrastructure de recharge (49 %) reste l&rsquo;une de leurs trois priorit\u00e9s majeures.<\/p>\n<p><span style=\"font-weight: 400;\"><a href=\"https:\/\/www.link2fleet.com\/wp-content\/uploads\/2022\/06\/Shell-Publi-4.jpg\"><img loading=\"lazy\" decoding=\"async\" class=\"alignright size-medium wp-image-1280854\" src=\"https:\/\/www.link2fleet.com\/wp-content\/uploads\/2022\/06\/Shell-Publi-4-300x200.jpg\" alt=\"\" width=\"300\" height=\"200\" \/><\/a><\/span><\/p>\n<p style=\"font-weight: 400;\">Les conducteurs de VE estiment, par exemple, que la rapidit\u00e9 de la recharge dans les stations de recharge publiques laisse beaucoup \u00e0 d\u00e9sirer. Mais le nombre d&rsquo;applications que certaines personnes doivent utiliser et le nombre de cartes de recharge dont dispose un conducteur peuvent \u00e9galement \u00eatre source de frustration et d&rsquo;anxi\u00e9t\u00e9 pour l&rsquo;avenir. La capacit\u00e9 de l&rsquo;infrastructure de recharge suscite \u00e9galement de grandes inqui\u00e9tudes : quel est l&rsquo;impact de la conduite \u00e9lectrique sur le r\u00e9seau \u00e9lectrique ?<\/p>\n<p><span style=\"font-weight: 400;\">\u00a0<\/span><\/p>\n<p style=\"font-weight: 400;\">En bref, le nouveau rapport de l&rsquo;enqu\u00eate sur les conducteurs de VE montre que nous sommes sur la bonne voie, mais aussi qu&rsquo;il y a des frustrations et des pr\u00e9occupations. Il est temps de passer \u00e0 l&rsquo;\u00e9tape suivante, \u00e0 savoir l&rsquo;extension et le d\u00e9veloppement de l&rsquo;infrastructure de recharge. Shell Recharge Solutions veut aider les entreprises \u00e0 faciliter la transition vers une flotte \u00e9lectrique. Herman Keijsers, Director International Sales and Integration chez Shell Recharge Solutions Europe :<\/p>\n<blockquote>\n<figure id=\"attachment_1280852\" aria-describedby=\"caption-attachment-1280852\" style=\"width: 143px\" class=\"wp-caption alignright\"><a href=\"https:\/\/www.link2fleet.com\/wp-content\/uploads\/2022\/06\/Shell-Publi-3.jpg\"><img loading=\"lazy\" decoding=\"async\" class=\"wp-image-1280852 \" src=\"https:\/\/www.link2fleet.com\/wp-content\/uploads\/2022\/06\/Shell-Publi-3-300x300.jpg\" alt=\"Herman Keijsers\" width=\"143\" height=\"143\" \/><\/a><figcaption id=\"caption-attachment-1280852\" class=\"wp-caption-text\">Herman Keijsers<\/figcaption><\/figure>\n<p style=\"font-weight: 400;\">\u00ab\u00a0Nous voulons contribuer \u00e0 rendre la transition vers les v\u00e9hicules \u00e9lectriques aussi facile que possible en proposant des solutions qui r\u00e9pondent aux besoins des conducteurs de VE. Le rapport est pr\u00e9cieux pour nous car il montre l&rsquo;exp\u00e9rience pratique de 15 000 conducteurs qui prennent la route avec leur VE tous les jours. Il nous donne l&rsquo;occasion d&rsquo;am\u00e9liorer en permanence nos services et nos produits en fonction des besoins des clients.\u00a0\u00bb<\/p>\n<\/blockquote>\n","protected":false},"excerpt":{"rendered":"<p>L&rsquo;enqu\u00eate sur les conducteurs de VE est une enqu\u00eate annuelle sur l&rsquo;exp\u00e9rience des utilisateurs en mati\u00e8re de conduite et de recharge \u00e9lectriques men\u00e9e par Shell Recharge Solutions &#8211; un acteur mondial dans le domaine des solutions de recharge intelligentes pour VE, qui est aussi la nouvelle entit\u00e9 de NewMotion. Avec pr\u00e8s de 15.000 r\u00e9pondants, il [&hellip;]<\/p>\n","protected":false},"author":4,"featured_media":6543,"comment_status":"closed","ping_status":"closed","sticky":false,"template":"","format":"standard","meta":{"_acf_changed":false,"footnotes":""},"categories":[81,91],"tags":[],"class_list":["post-6542","post","type-post","status-publish","format-standard","has-post-thumbnail","hentry","category-gestion-de-carburant-et-energie","category-expertise-et-management"],"acf":[],"yoast_head":"<!-- This site is optimized with the Yoast SEO plugin v27.3 - https:\/\/yoast.com\/product\/yoast-seo-wordpress\/ -->\n<title>\u00ab Une nouvelle enqu\u00eate sur les conducteurs de VE met en \u00e9vidence les principaux obstacles \u00e0 l&#039;adoption massive de v\u00e9hicules \u00e9lectriques par les flottes. \u00bb - link2fleet<\/title>\n<meta name=\"description\" content=\"La transition vers la conduite \u00e9lectrique bat son plein. Trimestre apr\u00e8s trimestre, nous voyons de plus en plus d&#8217;employ\u00e9s opter pour un v\u00e9hicule \u00e9lectrique. Une\u2026\" \/>\n<meta name=\"robots\" content=\"index, follow, max-snippet:-1, max-image-preview:large, max-video-preview:-1\" \/>\n<meta property=\"og:locale\" content=\"fr_FR\" \/>\n<meta property=\"og:type\" content=\"article\" \/>\n<meta property=\"og:title\" content=\"\u00ab Une nouvelle enqu\u00eate sur les conducteurs de VE met en \u00e9vidence les principaux obstacles \u00e0 l&#039;adoption massive de v\u00e9hicules \u00e9lectriques par les flottes. \u00bb - link2fleet\" \/>\n<meta property=\"og:description\" content=\"La transition vers la conduite \u00e9lectrique bat son plein. Trimestre apr\u00e8s trimestre, nous voyons de plus en plus d&#8217;employ\u00e9s opter pour un v\u00e9hicule \u00e9lectrique. Une\u2026\" \/>\n<meta property=\"og:url\" content=\"https:\/\/www.link2fleet.com\/fr\/une-nouvelle-enquete-sur-les-conducteurs-de-ve-met-en-evidence-les-principaux-obstacles-a-ladoption-massive-de-vehicules-electriques-par-les-flottes\/\" \/>\n<meta property=\"og:site_name\" content=\"link2fleet\" \/>\n<meta property=\"article:published_time\" content=\"2022-06-03T05:36:11+00:00\" \/>\n<meta property=\"og:image\" content=\"https:\/\/static.link2fleet.com\/wp-content\/uploads\/2024\/03\/shell-publi-5.jpg\" \/>\n\t<meta property=\"og:image:width\" content=\"2500\" \/>\n\t<meta property=\"og:image:height\" content=\"1406\" \/>\n\t<meta property=\"og:image:type\" content=\"image\/jpeg\" \/>\n<meta name=\"author\" content=\"Damien Malvetti\" \/>\n<meta name=\"twitter:card\" content=\"summary_large_image\" \/>\n<meta name=\"twitter:description\" content=\"La transition vers la conduite \u00e9lectrique bat son plein. Trimestre apr\u00e8s trimestre, nous voyons de plus en plus d&#8217;employ\u00e9s opter pour un v\u00e9hicule \u00e9lectrique. Une\u2026\" \/>\n<meta name=\"twitter:label1\" content=\"\u00c9crit par\" \/>\n\t<meta name=\"twitter:data1\" content=\"Damien Malvetti\" \/>\n\t<meta name=\"twitter:label2\" content=\"Dur\u00e9e de lecture estim\u00e9e\" \/>\n\t<meta name=\"twitter:data2\" content=\"2 minutes\" \/>\n<script type=\"application\/ld+json\" class=\"yoast-schema-graph\">{\"@context\":\"https:\\\/\\\/schema.org\",\"@graph\":[{\"@type\":\"Article\",\"@id\":\"https:\\\/\\\/www.link2fleet.com\\\/fr\\\/une-nouvelle-enquete-sur-les-conducteurs-de-ve-met-en-evidence-les-principaux-obstacles-a-ladoption-massive-de-vehicules-electriques-par-les-flottes\\\/#article\",\"isPartOf\":{\"@id\":\"https:\\\/\\\/www.link2fleet.com\\\/fr\\\/une-nouvelle-enquete-sur-les-conducteurs-de-ve-met-en-evidence-les-principaux-obstacles-a-ladoption-massive-de-vehicules-electriques-par-les-flottes\\\/\"},\"author\":{\"name\":\"Damien Malvetti\",\"@id\":\"https:\\\/\\\/www.link2fleet.com\\\/fr\\\/#\\\/schema\\\/person\\\/027cd46113c78036b3809c9a054049da\"},\"headline\":\"\u00ab Une nouvelle enqu\u00eate sur les conducteurs de VE met en \u00e9vidence les principaux obstacles \u00e0 l&rsquo;adoption massive de v\u00e9hicules \u00e9lectriques par les flottes. \u00bb\",\"datePublished\":\"2022-06-03T05:36:11+00:00\",\"mainEntityOfPage\":{\"@id\":\"https:\\\/\\\/www.link2fleet.com\\\/fr\\\/une-nouvelle-enquete-sur-les-conducteurs-de-ve-met-en-evidence-les-principaux-obstacles-a-ladoption-massive-de-vehicules-electriques-par-les-flottes\\\/\"},\"wordCount\":510,\"publisher\":{\"@id\":\"https:\\\/\\\/www.link2fleet.com\\\/fr\\\/#organization\"},\"image\":{\"@id\":\"https:\\\/\\\/www.link2fleet.com\\\/fr\\\/une-nouvelle-enquete-sur-les-conducteurs-de-ve-met-en-evidence-les-principaux-obstacles-a-ladoption-massive-de-vehicules-electriques-par-les-flottes\\\/#primaryimage\"},\"thumbnailUrl\":\"https:\\\/\\\/static.link2fleet.com\\\/wp-content\\\/uploads\\\/2024\\\/03\\\/shell-publi-5.jpg\",\"articleSection\":[\"Gestion carburant et de l'\u00e9nergie\",\"Gestion de flotte\"],\"inLanguage\":\"fr-FR\"},{\"@type\":\"WebPage\",\"@id\":\"https:\\\/\\\/www.link2fleet.com\\\/fr\\\/une-nouvelle-enquete-sur-les-conducteurs-de-ve-met-en-evidence-les-principaux-obstacles-a-ladoption-massive-de-vehicules-electriques-par-les-flottes\\\/\",\"url\":\"https:\\\/\\\/www.link2fleet.com\\\/fr\\\/une-nouvelle-enquete-sur-les-conducteurs-de-ve-met-en-evidence-les-principaux-obstacles-a-ladoption-massive-de-vehicules-electriques-par-les-flottes\\\/\",\"name\":\"\u00ab Une nouvelle enqu\u00eate sur les conducteurs de VE met en \u00e9vidence les principaux obstacles \u00e0 l'adoption massive de v\u00e9hicules \u00e9lectriques par les flottes. \u00bb - link2fleet\",\"isPartOf\":{\"@id\":\"https:\\\/\\\/www.link2fleet.com\\\/fr\\\/#website\"},\"primaryImageOfPage\":{\"@id\":\"https:\\\/\\\/www.link2fleet.com\\\/fr\\\/une-nouvelle-enquete-sur-les-conducteurs-de-ve-met-en-evidence-les-principaux-obstacles-a-ladoption-massive-de-vehicules-electriques-par-les-flottes\\\/#primaryimage\"},\"image\":{\"@id\":\"https:\\\/\\\/www.link2fleet.com\\\/fr\\\/une-nouvelle-enquete-sur-les-conducteurs-de-ve-met-en-evidence-les-principaux-obstacles-a-ladoption-massive-de-vehicules-electriques-par-les-flottes\\\/#primaryimage\"},\"thumbnailUrl\":\"https:\\\/\\\/static.link2fleet.com\\\/wp-content\\\/uploads\\\/2024\\\/03\\\/shell-publi-5.jpg\",\"datePublished\":\"2022-06-03T05:36:11+00:00\",\"breadcrumb\":{\"@id\":\"https:\\\/\\\/www.link2fleet.com\\\/fr\\\/une-nouvelle-enquete-sur-les-conducteurs-de-ve-met-en-evidence-les-principaux-obstacles-a-ladoption-massive-de-vehicules-electriques-par-les-flottes\\\/#breadcrumb\"},\"inLanguage\":\"fr-FR\",\"potentialAction\":[{\"@type\":\"ReadAction\",\"target\":[\"https:\\\/\\\/www.link2fleet.com\\\/fr\\\/une-nouvelle-enquete-sur-les-conducteurs-de-ve-met-en-evidence-les-principaux-obstacles-a-ladoption-massive-de-vehicules-electriques-par-les-flottes\\\/\"]}]},{\"@type\":\"ImageObject\",\"inLanguage\":\"fr-FR\",\"@id\":\"https:\\\/\\\/www.link2fleet.com\\\/fr\\\/une-nouvelle-enquete-sur-les-conducteurs-de-ve-met-en-evidence-les-principaux-obstacles-a-ladoption-massive-de-vehicules-electriques-par-les-flottes\\\/#primaryimage\",\"url\":\"https:\\\/\\\/static.link2fleet.com\\\/wp-content\\\/uploads\\\/2024\\\/03\\\/shell-publi-5.jpg\",\"contentUrl\":\"https:\\\/\\\/static.link2fleet.com\\\/wp-content\\\/uploads\\\/2024\\\/03\\\/shell-publi-5.jpg\",\"width\":2500,\"height\":1406,\"caption\":\"||||\"},{\"@type\":\"BreadcrumbList\",\"@id\":\"https:\\\/\\\/www.link2fleet.com\\\/fr\\\/une-nouvelle-enquete-sur-les-conducteurs-de-ve-met-en-evidence-les-principaux-obstacles-a-ladoption-massive-de-vehicules-electriques-par-les-flottes\\\/#breadcrumb\",\"itemListElement\":[{\"@type\":\"ListItem\",\"position\":1,\"name\":\"Home\",\"item\":\"https:\\\/\\\/www.link2fleet.com\\\/fr\\\/\"},{\"@type\":\"ListItem\",\"position\":2,\"name\":\"\u00ab Une nouvelle enqu\u00eate sur les conducteurs de VE met en \u00e9vidence les principaux obstacles \u00e0 l&#8217;adoption massive de v\u00e9hicules \u00e9lectriques par les flottes. \u00bb\"}]},{\"@type\":\"WebSite\",\"@id\":\"https:\\\/\\\/www.link2fleet.com\\\/fr\\\/#website\",\"url\":\"https:\\\/\\\/www.link2fleet.com\\\/fr\\\/\",\"name\":\"Link2fleet\",\"description\":\"\",\"publisher\":{\"@id\":\"https:\\\/\\\/www.link2fleet.com\\\/fr\\\/#organization\"},\"potentialAction\":[{\"@type\":\"SearchAction\",\"target\":{\"@type\":\"EntryPoint\",\"urlTemplate\":\"https:\\\/\\\/www.link2fleet.com\\\/fr\\\/?s={search_term_string}\"},\"query-input\":{\"@type\":\"PropertyValueSpecification\",\"valueRequired\":true,\"valueName\":\"search_term_string\"}}],\"inLanguage\":\"fr-FR\"},{\"@type\":\"Organization\",\"@id\":\"https:\\\/\\\/www.link2fleet.com\\\/fr\\\/#organization\",\"name\":\"Link2fleet\",\"url\":\"https:\\\/\\\/www.link2fleet.com\\\/fr\\\/\",\"logo\":{\"@type\":\"ImageObject\",\"inLanguage\":\"fr-FR\",\"@id\":\"https:\\\/\\\/www.link2fleet.com\\\/fr\\\/#\\\/schema\\\/logo\\\/image\\\/\",\"url\":\"https:\\\/\\\/static.link2fleet.com\\\/wp-content\\\/uploads\\\/2024\\\/03\\\/share-image.jpg\",\"contentUrl\":\"https:\\\/\\\/static.link2fleet.com\\\/wp-content\\\/uploads\\\/2024\\\/03\\\/share-image.jpg\",\"width\":1200,\"height\":630,\"caption\":\"Link2fleet\"},\"image\":{\"@id\":\"https:\\\/\\\/www.link2fleet.com\\\/fr\\\/#\\\/schema\\\/logo\\\/image\\\/\"},\"sameAs\":[\"https:\\\/\\\/www.linkedin.com\\\/company\\\/link2fleet-belgium\",\"https:\\\/\\\/www.youtube.com\\\/user\\\/MMMBMBE\"]},{\"@type\":\"Person\",\"@id\":\"https:\\\/\\\/www.link2fleet.com\\\/fr\\\/#\\\/schema\\\/person\\\/027cd46113c78036b3809c9a054049da\",\"name\":\"Damien Malvetti\",\"image\":{\"@type\":\"ImageObject\",\"inLanguage\":\"fr-FR\",\"@id\":\"https:\\\/\\\/secure.gravatar.com\\\/avatar\\\/dd8cc03b49466c735f753ac37f8caa371af16dfed347456ed61f02883255eebb?s=96&d=mm&r=g\",\"url\":\"https:\\\/\\\/secure.gravatar.com\\\/avatar\\\/dd8cc03b49466c735f753ac37f8caa371af16dfed347456ed61f02883255eebb?s=96&d=mm&r=g\",\"contentUrl\":\"https:\\\/\\\/secure.gravatar.com\\\/avatar\\\/dd8cc03b49466c735f753ac37f8caa371af16dfed347456ed61f02883255eebb?s=96&d=mm&r=g\",\"caption\":\"Damien Malvetti\"},\"description\":\"Damien Malvetti is opgeleid als journalist en gepassioneerd door wagens, technologie en mobiliteit. Hij is verantwoordelijk voor de redactionele inhoud van link2fleet en beschikt over een uitgebreide kennis van de fleet-sector en elektrische mobiliteit.\",\"sameAs\":[\"https:\\\/\\\/www.linkedin.com\\\/in\\\/damien-malvetti-56601142\\\/\"]}]}<\/script>\n<!-- \/ Yoast SEO plugin. -->","yoast_head_json":{"title":"\u00ab Une nouvelle enqu\u00eate sur les conducteurs de VE met en \u00e9vidence les principaux obstacles \u00e0 l'adoption massive de v\u00e9hicules \u00e9lectriques par les flottes. \u00bb - link2fleet","description":"La transition vers la conduite \u00e9lectrique bat son plein. Trimestre apr\u00e8s trimestre, nous voyons de plus en plus d&#8217;employ\u00e9s opter pour un v\u00e9hicule \u00e9lectrique. Une\u2026","robots":{"index":"index","follow":"follow","max-snippet":"max-snippet:-1","max-image-preview":"max-image-preview:large","max-video-preview":"max-video-preview:-1"},"og_locale":"fr_FR","og_type":"article","og_title":"\u00ab Une nouvelle enqu\u00eate sur les conducteurs de VE met en \u00e9vidence les principaux obstacles \u00e0 l'adoption massive de v\u00e9hicules \u00e9lectriques par les flottes. \u00bb - link2fleet","og_description":"La transition vers la conduite \u00e9lectrique bat son plein. Trimestre apr\u00e8s trimestre, nous voyons de plus en plus d&#8217;employ\u00e9s opter pour un v\u00e9hicule \u00e9lectrique. Une\u2026","og_url":"https:\/\/www.link2fleet.com\/fr\/une-nouvelle-enquete-sur-les-conducteurs-de-ve-met-en-evidence-les-principaux-obstacles-a-ladoption-massive-de-vehicules-electriques-par-les-flottes\/","og_site_name":"link2fleet","article_published_time":"2022-06-03T05:36:11+00:00","og_image":[{"width":2500,"height":1406,"url":"https:\/\/static.link2fleet.com\/wp-content\/uploads\/2024\/03\/shell-publi-5.jpg","type":"image\/jpeg"}],"author":"Damien Malvetti","twitter_card":"summary_large_image","twitter_description":"La transition vers la conduite \u00e9lectrique bat son plein. Trimestre apr\u00e8s trimestre, nous voyons de plus en plus d&#8217;employ\u00e9s opter pour un v\u00e9hicule \u00e9lectrique. Une\u2026","twitter_misc":{"\u00c9crit par":"Damien Malvetti","Dur\u00e9e de lecture estim\u00e9e":"2 minutes"},"schema":{"@context":"https:\/\/schema.org","@graph":[{"@type":"Article","@id":"https:\/\/www.link2fleet.com\/fr\/une-nouvelle-enquete-sur-les-conducteurs-de-ve-met-en-evidence-les-principaux-obstacles-a-ladoption-massive-de-vehicules-electriques-par-les-flottes\/#article","isPartOf":{"@id":"https:\/\/www.link2fleet.com\/fr\/une-nouvelle-enquete-sur-les-conducteurs-de-ve-met-en-evidence-les-principaux-obstacles-a-ladoption-massive-de-vehicules-electriques-par-les-flottes\/"},"author":{"name":"Damien Malvetti","@id":"https:\/\/www.link2fleet.com\/fr\/#\/schema\/person\/027cd46113c78036b3809c9a054049da"},"headline":"\u00ab Une nouvelle enqu\u00eate sur les conducteurs de VE met en \u00e9vidence les principaux obstacles \u00e0 l&rsquo;adoption massive de v\u00e9hicules \u00e9lectriques par les flottes. \u00bb","datePublished":"2022-06-03T05:36:11+00:00","mainEntityOfPage":{"@id":"https:\/\/www.link2fleet.com\/fr\/une-nouvelle-enquete-sur-les-conducteurs-de-ve-met-en-evidence-les-principaux-obstacles-a-ladoption-massive-de-vehicules-electriques-par-les-flottes\/"},"wordCount":510,"publisher":{"@id":"https:\/\/www.link2fleet.com\/fr\/#organization"},"image":{"@id":"https:\/\/www.link2fleet.com\/fr\/une-nouvelle-enquete-sur-les-conducteurs-de-ve-met-en-evidence-les-principaux-obstacles-a-ladoption-massive-de-vehicules-electriques-par-les-flottes\/#primaryimage"},"thumbnailUrl":"https:\/\/static.link2fleet.com\/wp-content\/uploads\/2024\/03\/shell-publi-5.jpg","articleSection":["Gestion carburant et de l'\u00e9nergie","Gestion de flotte"],"inLanguage":"fr-FR"},{"@type":"WebPage","@id":"https:\/\/www.link2fleet.com\/fr\/une-nouvelle-enquete-sur-les-conducteurs-de-ve-met-en-evidence-les-principaux-obstacles-a-ladoption-massive-de-vehicules-electriques-par-les-flottes\/","url":"https:\/\/www.link2fleet.com\/fr\/une-nouvelle-enquete-sur-les-conducteurs-de-ve-met-en-evidence-les-principaux-obstacles-a-ladoption-massive-de-vehicules-electriques-par-les-flottes\/","name":"\u00ab Une nouvelle enqu\u00eate sur les conducteurs de VE met en \u00e9vidence les principaux obstacles \u00e0 l'adoption massive de v\u00e9hicules \u00e9lectriques par les flottes. \u00bb - link2fleet","isPartOf":{"@id":"https:\/\/www.link2fleet.com\/fr\/#website"},"primaryImageOfPage":{"@id":"https:\/\/www.link2fleet.com\/fr\/une-nouvelle-enquete-sur-les-conducteurs-de-ve-met-en-evidence-les-principaux-obstacles-a-ladoption-massive-de-vehicules-electriques-par-les-flottes\/#primaryimage"},"image":{"@id":"https:\/\/www.link2fleet.com\/fr\/une-nouvelle-enquete-sur-les-conducteurs-de-ve-met-en-evidence-les-principaux-obstacles-a-ladoption-massive-de-vehicules-electriques-par-les-flottes\/#primaryimage"},"thumbnailUrl":"https:\/\/static.link2fleet.com\/wp-content\/uploads\/2024\/03\/shell-publi-5.jpg","datePublished":"2022-06-03T05:36:11+00:00","breadcrumb":{"@id":"https:\/\/www.link2fleet.com\/fr\/une-nouvelle-enquete-sur-les-conducteurs-de-ve-met-en-evidence-les-principaux-obstacles-a-ladoption-massive-de-vehicules-electriques-par-les-flottes\/#breadcrumb"},"inLanguage":"fr-FR","potentialAction":[{"@type":"ReadAction","target":["https:\/\/www.link2fleet.com\/fr\/une-nouvelle-enquete-sur-les-conducteurs-de-ve-met-en-evidence-les-principaux-obstacles-a-ladoption-massive-de-vehicules-electriques-par-les-flottes\/"]}]},{"@type":"ImageObject","inLanguage":"fr-FR","@id":"https:\/\/www.link2fleet.com\/fr\/une-nouvelle-enquete-sur-les-conducteurs-de-ve-met-en-evidence-les-principaux-obstacles-a-ladoption-massive-de-vehicules-electriques-par-les-flottes\/#primaryimage","url":"https:\/\/static.link2fleet.com\/wp-content\/uploads\/2024\/03\/shell-publi-5.jpg","contentUrl":"https:\/\/static.link2fleet.com\/wp-content\/uploads\/2024\/03\/shell-publi-5.jpg","width":2500,"height":1406,"caption":"||||"},{"@type":"BreadcrumbList","@id":"https:\/\/www.link2fleet.com\/fr\/une-nouvelle-enquete-sur-les-conducteurs-de-ve-met-en-evidence-les-principaux-obstacles-a-ladoption-massive-de-vehicules-electriques-par-les-flottes\/#breadcrumb","itemListElement":[{"@type":"ListItem","position":1,"name":"Home","item":"https:\/\/www.link2fleet.com\/fr\/"},{"@type":"ListItem","position":2,"name":"\u00ab Une nouvelle enqu\u00eate sur les conducteurs de VE met en \u00e9vidence les principaux obstacles \u00e0 l&#8217;adoption massive de v\u00e9hicules \u00e9lectriques par les flottes. \u00bb"}]},{"@type":"WebSite","@id":"https:\/\/www.link2fleet.com\/fr\/#website","url":"https:\/\/www.link2fleet.com\/fr\/","name":"Link2fleet","description":"","publisher":{"@id":"https:\/\/www.link2fleet.com\/fr\/#organization"},"potentialAction":[{"@type":"SearchAction","target":{"@type":"EntryPoint","urlTemplate":"https:\/\/www.link2fleet.com\/fr\/?s={search_term_string}"},"query-input":{"@type":"PropertyValueSpecification","valueRequired":true,"valueName":"search_term_string"}}],"inLanguage":"fr-FR"},{"@type":"Organization","@id":"https:\/\/www.link2fleet.com\/fr\/#organization","name":"Link2fleet","url":"https:\/\/www.link2fleet.com\/fr\/","logo":{"@type":"ImageObject","inLanguage":"fr-FR","@id":"https:\/\/www.link2fleet.com\/fr\/#\/schema\/logo\/image\/","url":"https:\/\/static.link2fleet.com\/wp-content\/uploads\/2024\/03\/share-image.jpg","contentUrl":"https:\/\/static.link2fleet.com\/wp-content\/uploads\/2024\/03\/share-image.jpg","width":1200,"height":630,"caption":"Link2fleet"},"image":{"@id":"https:\/\/www.link2fleet.com\/fr\/#\/schema\/logo\/image\/"},"sameAs":["https:\/\/www.linkedin.com\/company\/link2fleet-belgium","https:\/\/www.youtube.com\/user\/MMMBMBE"]},{"@type":"Person","@id":"https:\/\/www.link2fleet.com\/fr\/#\/schema\/person\/027cd46113c78036b3809c9a054049da","name":"Damien Malvetti","image":{"@type":"ImageObject","inLanguage":"fr-FR","@id":"https:\/\/secure.gravatar.com\/avatar\/dd8cc03b49466c735f753ac37f8caa371af16dfed347456ed61f02883255eebb?s=96&d=mm&r=g","url":"https:\/\/secure.gravatar.com\/avatar\/dd8cc03b49466c735f753ac37f8caa371af16dfed347456ed61f02883255eebb?s=96&d=mm&r=g","contentUrl":"https:\/\/secure.gravatar.com\/avatar\/dd8cc03b49466c735f753ac37f8caa371af16dfed347456ed61f02883255eebb?s=96&d=mm&r=g","caption":"Damien Malvetti"},"description":"Damien Malvetti is opgeleid als journalist en gepassioneerd door wagens, technologie en mobiliteit. Hij is verantwoordelijk voor de redactionele inhoud van link2fleet en beschikt over een uitgebreide kennis van de fleet-sector en elektrische mobiliteit.","sameAs":["https:\/\/www.linkedin.com\/in\/damien-malvetti-56601142\/"]}]}},"_links":{"self":[{"href":"https:\/\/www.link2fleet.com\/fr\/wp-json\/wp\/v2\/posts\/6542","targetHints":{"allow":["GET"]}}],"collection":[{"href":"https:\/\/www.link2fleet.com\/fr\/wp-json\/wp\/v2\/posts"}],"about":[{"href":"https:\/\/www.link2fleet.com\/fr\/wp-json\/wp\/v2\/types\/post"}],"author":[{"embeddable":true,"href":"https:\/\/www.link2fleet.com\/fr\/wp-json\/wp\/v2\/users\/4"}],"replies":[{"embeddable":true,"href":"https:\/\/www.link2fleet.com\/fr\/wp-json\/wp\/v2\/comments?post=6542"}],"version-history":[{"count":0,"href":"https:\/\/www.link2fleet.com\/fr\/wp-json\/wp\/v2\/posts\/6542\/revisions"}],"wp:featuredmedia":[{"embeddable":true,"href":"https:\/\/www.link2fleet.com\/fr\/wp-json\/wp\/v2\/media\/6543"}],"wp:attachment":[{"href":"https:\/\/www.link2fleet.com\/fr\/wp-json\/wp\/v2\/media?parent=6542"}],"wp:term":[{"taxonomy":"category","embeddable":true,"href":"https:\/\/www.link2fleet.com\/fr\/wp-json\/wp\/v2\/categories?post=6542"},{"taxonomy":"post_tag","embeddable":true,"href":"https:\/\/www.link2fleet.com\/fr\/wp-json\/wp\/v2\/tags?post=6542"}],"curies":[{"name":"wp","href":"https:\/\/api.w.org\/{rel}","templated":true}]}}