{"id":66044,"date":"2026-02-18T17:00:45","date_gmt":"2026-02-18T16:00:45","guid":{"rendered":"https:\/\/www.link2fleet.com\/?p=66044"},"modified":"2026-02-18T17:00:45","modified_gmt":"2026-02-18T16:00:45","slug":"kader-yildiz-nomme-nouveau-ceo-dactia-telematics-services","status":"publish","type":"post","link":"https:\/\/www.link2fleet.com\/fr\/kader-yildiz-nomme-nouveau-ceo-dactia-telematics-services\/","title":{"rendered":"Kader Yildiz, nomm\u00e9 nouveau CEO d\u2019ACTIA Telematics Services"},"content":{"rendered":"","protected":false},"excerpt":{"rendered":"","protected":false},"author":4,"featured_media":66045,"comment_status":"closed","ping_status":"closed","sticky":false,"template":"","format":"standard","meta":{"_acf_changed":false,"footnotes":""},"categories":[1448,135],"tags":[],"class_list":["post-66044","post","type-post","status-publish","format-standard","has-post-thumbnail","hentry","category-a-la-une","category-news-fr"],"acf":[],"yoast_head":"<!-- This site is optimized with the Yoast SEO plugin v27.3 - https:\/\/yoast.com\/product\/yoast-seo-wordpress\/ -->\n<title>Kader Yildiz, nomm\u00e9 nouveau CEO d\u2019ACTIA Telematics Services - link2fleet<\/title>\n<meta name=\"description\" content=\"Kader Yildiz, nomm\u00e9 nouveau CEO d\u2019ACTIA Telematics Services. Sa nomination s\u2019inscrit dans une volont\u00e9 de continuit\u00e9 strat\u00e9gique et de projection vers l\u2019avenir, avec une ambition\u2026\" \/>\n<meta name=\"robots\" content=\"index, follow, max-snippet:-1, max-image-preview:large, max-video-preview:-1\" \/>\n<meta property=\"og:locale\" content=\"fr_FR\" \/>\n<meta property=\"og:type\" content=\"article\" \/>\n<meta property=\"og:title\" content=\"Kader Yildiz, nomm\u00e9 nouveau CEO d\u2019ACTIA Telematics Services - link2fleet\" \/>\n<meta property=\"og:description\" content=\"Kader Yildiz, nomm\u00e9 nouveau CEO d\u2019ACTIA Telematics Services. Sa nomination s\u2019inscrit dans une volont\u00e9 de continuit\u00e9 strat\u00e9gique et de projection vers l\u2019avenir, avec une ambition\u2026\" \/>\n<meta property=\"og:url\" content=\"https:\/\/www.link2fleet.com\/fr\/kader-yildiz-nomme-nouveau-ceo-dactia-telematics-services\/\" \/>\n<meta property=\"og:site_name\" content=\"link2fleet\" \/>\n<meta property=\"article:published_time\" content=\"2026-02-18T16:00:45+00:00\" \/>\n<meta property=\"og:image\" content=\"https:\/\/static.link2fleet.com\/wp-content\/uploads\/2026\/02\/kader-yildiz-new-ceo.webp\" \/>\n\t<meta property=\"og:image:width\" content=\"827\" \/>\n\t<meta property=\"og:image:height\" content=\"827\" \/>\n\t<meta property=\"og:image:type\" content=\"image\/webp\" \/>\n<meta name=\"author\" content=\"Damien Malvetti\" \/>\n<meta name=\"twitter:card\" content=\"summary_large_image\" \/>\n<meta name=\"twitter:description\" content=\"Kader Yildiz, nomm\u00e9 nouveau CEO d\u2019ACTIA Telematics Services. Sa nomination s\u2019inscrit dans une volont\u00e9 de continuit\u00e9 strat\u00e9gique et de projection vers l\u2019avenir, avec une ambition\u2026\" \/>\n<meta name=\"twitter:label1\" content=\"\u00c9crit par\" \/>\n\t<meta name=\"twitter:data1\" content=\"Damien Malvetti\" \/>\n\t<meta name=\"twitter:label2\" content=\"Dur\u00e9e de lecture estim\u00e9e\" \/>\n\t<meta name=\"twitter:data2\" content=\"2 minutes\" \/>\n<script type=\"application\/ld+json\" class=\"yoast-schema-graph\">{\"@context\":\"https:\\\/\\\/schema.org\",\"@graph\":[{\"@type\":\"Article\",\"@id\":\"https:\\\/\\\/www.link2fleet.com\\\/fr\\\/kader-yildiz-nomme-nouveau-ceo-dactia-telematics-services\\\/#article\",\"isPartOf\":{\"@id\":\"https:\\\/\\\/www.link2fleet.com\\\/fr\\\/kader-yildiz-nomme-nouveau-ceo-dactia-telematics-services\\\/\"},\"author\":{\"name\":\"Damien Malvetti\",\"@id\":\"https:\\\/\\\/www.link2fleet.com\\\/fr\\\/#\\\/schema\\\/person\\\/027cd46113c78036b3809c9a054049da\"},\"headline\":\"Kader Yildiz, nomm\u00e9 nouveau CEO d\u2019ACTIA Telematics Services\",\"datePublished\":\"2026-02-18T16:00:45+00:00\",\"mainEntityOfPage\":{\"@id\":\"https:\\\/\\\/www.link2fleet.com\\\/fr\\\/kader-yildiz-nomme-nouveau-ceo-dactia-telematics-services\\\/\"},\"wordCount\":9,\"publisher\":{\"@id\":\"https:\\\/\\\/www.link2fleet.com\\\/fr\\\/#organization\"},\"image\":{\"@id\":\"https:\\\/\\\/www.link2fleet.com\\\/fr\\\/kader-yildiz-nomme-nouveau-ceo-dactia-telematics-services\\\/#primaryimage\"},\"thumbnailUrl\":\"https:\\\/\\\/static.link2fleet.com\\\/wp-content\\\/uploads\\\/2026\\\/02\\\/kader-yildiz-new-ceo.webp\",\"articleSection\":[\"A la une\",\"Actus\"],\"inLanguage\":\"fr-FR\"},{\"@type\":\"WebPage\",\"@id\":\"https:\\\/\\\/www.link2fleet.com\\\/fr\\\/kader-yildiz-nomme-nouveau-ceo-dactia-telematics-services\\\/\",\"url\":\"https:\\\/\\\/www.link2fleet.com\\\/fr\\\/kader-yildiz-nomme-nouveau-ceo-dactia-telematics-services\\\/\",\"name\":\"Kader Yildiz, nomm\u00e9 nouveau CEO d\u2019ACTIA Telematics Services - link2fleet\",\"isPartOf\":{\"@id\":\"https:\\\/\\\/www.link2fleet.com\\\/fr\\\/#website\"},\"primaryImageOfPage\":{\"@id\":\"https:\\\/\\\/www.link2fleet.com\\\/fr\\\/kader-yildiz-nomme-nouveau-ceo-dactia-telematics-services\\\/#primaryimage\"},\"image\":{\"@id\":\"https:\\\/\\\/www.link2fleet.com\\\/fr\\\/kader-yildiz-nomme-nouveau-ceo-dactia-telematics-services\\\/#primaryimage\"},\"thumbnailUrl\":\"https:\\\/\\\/static.link2fleet.com\\\/wp-content\\\/uploads\\\/2026\\\/02\\\/kader-yildiz-new-ceo.webp\",\"datePublished\":\"2026-02-18T16:00:45+00:00\",\"breadcrumb\":{\"@id\":\"https:\\\/\\\/www.link2fleet.com\\\/fr\\\/kader-yildiz-nomme-nouveau-ceo-dactia-telematics-services\\\/#breadcrumb\"},\"inLanguage\":\"fr-FR\",\"potentialAction\":[{\"@type\":\"ReadAction\",\"target\":[\"https:\\\/\\\/www.link2fleet.com\\\/fr\\\/kader-yildiz-nomme-nouveau-ceo-dactia-telematics-services\\\/\"]}]},{\"@type\":\"ImageObject\",\"inLanguage\":\"fr-FR\",\"@id\":\"https:\\\/\\\/www.link2fleet.com\\\/fr\\\/kader-yildiz-nomme-nouveau-ceo-dactia-telematics-services\\\/#primaryimage\",\"url\":\"https:\\\/\\\/static.link2fleet.com\\\/wp-content\\\/uploads\\\/2026\\\/02\\\/kader-yildiz-new-ceo.webp\",\"contentUrl\":\"https:\\\/\\\/static.link2fleet.com\\\/wp-content\\\/uploads\\\/2026\\\/02\\\/kader-yildiz-new-ceo.webp\",\"width\":827,\"height\":827},{\"@type\":\"BreadcrumbList\",\"@id\":\"https:\\\/\\\/www.link2fleet.com\\\/fr\\\/kader-yildiz-nomme-nouveau-ceo-dactia-telematics-services\\\/#breadcrumb\",\"itemListElement\":[{\"@type\":\"ListItem\",\"position\":1,\"name\":\"Home\",\"item\":\"https:\\\/\\\/www.link2fleet.com\\\/fr\\\/\"},{\"@type\":\"ListItem\",\"position\":2,\"name\":\"Kader Yildiz, nomm\u00e9 nouveau CEO d\u2019ACTIA Telematics Services\"}]},{\"@type\":\"WebSite\",\"@id\":\"https:\\\/\\\/www.link2fleet.com\\\/fr\\\/#website\",\"url\":\"https:\\\/\\\/www.link2fleet.com\\\/fr\\\/\",\"name\":\"Link2fleet\",\"description\":\"\",\"publisher\":{\"@id\":\"https:\\\/\\\/www.link2fleet.com\\\/fr\\\/#organization\"},\"potentialAction\":[{\"@type\":\"SearchAction\",\"target\":{\"@type\":\"EntryPoint\",\"urlTemplate\":\"https:\\\/\\\/www.link2fleet.com\\\/fr\\\/?s={search_term_string}\"},\"query-input\":{\"@type\":\"PropertyValueSpecification\",\"valueRequired\":true,\"valueName\":\"search_term_string\"}}],\"inLanguage\":\"fr-FR\"},{\"@type\":\"Organization\",\"@id\":\"https:\\\/\\\/www.link2fleet.com\\\/fr\\\/#organization\",\"name\":\"Link2fleet\",\"url\":\"https:\\\/\\\/www.link2fleet.com\\\/fr\\\/\",\"logo\":{\"@type\":\"ImageObject\",\"inLanguage\":\"fr-FR\",\"@id\":\"https:\\\/\\\/www.link2fleet.com\\\/fr\\\/#\\\/schema\\\/logo\\\/image\\\/\",\"url\":\"https:\\\/\\\/static.link2fleet.com\\\/wp-content\\\/uploads\\\/2024\\\/03\\\/share-image.jpg\",\"contentUrl\":\"https:\\\/\\\/static.link2fleet.com\\\/wp-content\\\/uploads\\\/2024\\\/03\\\/share-image.jpg\",\"width\":1200,\"height\":630,\"caption\":\"Link2fleet\"},\"image\":{\"@id\":\"https:\\\/\\\/www.link2fleet.com\\\/fr\\\/#\\\/schema\\\/logo\\\/image\\\/\"},\"sameAs\":[\"https:\\\/\\\/www.linkedin.com\\\/company\\\/link2fleet-belgium\",\"https:\\\/\\\/www.youtube.com\\\/user\\\/MMMBMBE\"]},{\"@type\":\"Person\",\"@id\":\"https:\\\/\\\/www.link2fleet.com\\\/fr\\\/#\\\/schema\\\/person\\\/027cd46113c78036b3809c9a054049da\",\"name\":\"Damien Malvetti\",\"image\":{\"@type\":\"ImageObject\",\"inLanguage\":\"fr-FR\",\"@id\":\"https:\\\/\\\/secure.gravatar.com\\\/avatar\\\/dd8cc03b49466c735f753ac37f8caa371af16dfed347456ed61f02883255eebb?s=96&d=mm&r=g\",\"url\":\"https:\\\/\\\/secure.gravatar.com\\\/avatar\\\/dd8cc03b49466c735f753ac37f8caa371af16dfed347456ed61f02883255eebb?s=96&d=mm&r=g\",\"contentUrl\":\"https:\\\/\\\/secure.gravatar.com\\\/avatar\\\/dd8cc03b49466c735f753ac37f8caa371af16dfed347456ed61f02883255eebb?s=96&d=mm&r=g\",\"caption\":\"Damien Malvetti\"},\"description\":\"Damien Malvetti is opgeleid als journalist en gepassioneerd door wagens, technologie en mobiliteit. Hij is verantwoordelijk voor de redactionele inhoud van link2fleet en beschikt over een uitgebreide kennis van de fleet-sector en elektrische mobiliteit.\",\"sameAs\":[\"https:\\\/\\\/www.linkedin.com\\\/in\\\/damien-malvetti-56601142\\\/\"]}]}<\/script>\n<!-- \/ Yoast SEO plugin. -->","yoast_head_json":{"title":"Kader Yildiz, nomm\u00e9 nouveau CEO d\u2019ACTIA Telematics Services - link2fleet","description":"Kader Yildiz, nomm\u00e9 nouveau CEO d\u2019ACTIA Telematics Services. Sa nomination s\u2019inscrit dans une volont\u00e9 de continuit\u00e9 strat\u00e9gique et de projection vers l\u2019avenir, avec une ambition\u2026","robots":{"index":"index","follow":"follow","max-snippet":"max-snippet:-1","max-image-preview":"max-image-preview:large","max-video-preview":"max-video-preview:-1"},"og_locale":"fr_FR","og_type":"article","og_title":"Kader Yildiz, nomm\u00e9 nouveau CEO d\u2019ACTIA Telematics Services - link2fleet","og_description":"Kader Yildiz, nomm\u00e9 nouveau CEO d\u2019ACTIA Telematics Services. Sa nomination s\u2019inscrit dans une volont\u00e9 de continuit\u00e9 strat\u00e9gique et de projection vers l\u2019avenir, avec une ambition\u2026","og_url":"https:\/\/www.link2fleet.com\/fr\/kader-yildiz-nomme-nouveau-ceo-dactia-telematics-services\/","og_site_name":"link2fleet","article_published_time":"2026-02-18T16:00:45+00:00","og_image":[{"width":827,"height":827,"url":"https:\/\/static.link2fleet.com\/wp-content\/uploads\/2026\/02\/kader-yildiz-new-ceo.webp","type":"image\/webp"}],"author":"Damien Malvetti","twitter_card":"summary_large_image","twitter_description":"Kader Yildiz, nomm\u00e9 nouveau CEO d\u2019ACTIA Telematics Services. Sa nomination s\u2019inscrit dans une volont\u00e9 de continuit\u00e9 strat\u00e9gique et de projection vers l\u2019avenir, avec une ambition\u2026","twitter_misc":{"\u00c9crit par":"Damien Malvetti","Dur\u00e9e de lecture estim\u00e9e":"2 minutes"},"schema":{"@context":"https:\/\/schema.org","@graph":[{"@type":"Article","@id":"https:\/\/www.link2fleet.com\/fr\/kader-yildiz-nomme-nouveau-ceo-dactia-telematics-services\/#article","isPartOf":{"@id":"https:\/\/www.link2fleet.com\/fr\/kader-yildiz-nomme-nouveau-ceo-dactia-telematics-services\/"},"author":{"name":"Damien Malvetti","@id":"https:\/\/www.link2fleet.com\/fr\/#\/schema\/person\/027cd46113c78036b3809c9a054049da"},"headline":"Kader Yildiz, nomm\u00e9 nouveau CEO d\u2019ACTIA Telematics Services","datePublished":"2026-02-18T16:00:45+00:00","mainEntityOfPage":{"@id":"https:\/\/www.link2fleet.com\/fr\/kader-yildiz-nomme-nouveau-ceo-dactia-telematics-services\/"},"wordCount":9,"publisher":{"@id":"https:\/\/www.link2fleet.com\/fr\/#organization"},"image":{"@id":"https:\/\/www.link2fleet.com\/fr\/kader-yildiz-nomme-nouveau-ceo-dactia-telematics-services\/#primaryimage"},"thumbnailUrl":"https:\/\/static.link2fleet.com\/wp-content\/uploads\/2026\/02\/kader-yildiz-new-ceo.webp","articleSection":["A la une","Actus"],"inLanguage":"fr-FR"},{"@type":"WebPage","@id":"https:\/\/www.link2fleet.com\/fr\/kader-yildiz-nomme-nouveau-ceo-dactia-telematics-services\/","url":"https:\/\/www.link2fleet.com\/fr\/kader-yildiz-nomme-nouveau-ceo-dactia-telematics-services\/","name":"Kader Yildiz, nomm\u00e9 nouveau CEO d\u2019ACTIA Telematics Services - link2fleet","isPartOf":{"@id":"https:\/\/www.link2fleet.com\/fr\/#website"},"primaryImageOfPage":{"@id":"https:\/\/www.link2fleet.com\/fr\/kader-yildiz-nomme-nouveau-ceo-dactia-telematics-services\/#primaryimage"},"image":{"@id":"https:\/\/www.link2fleet.com\/fr\/kader-yildiz-nomme-nouveau-ceo-dactia-telematics-services\/#primaryimage"},"thumbnailUrl":"https:\/\/static.link2fleet.com\/wp-content\/uploads\/2026\/02\/kader-yildiz-new-ceo.webp","datePublished":"2026-02-18T16:00:45+00:00","breadcrumb":{"@id":"https:\/\/www.link2fleet.com\/fr\/kader-yildiz-nomme-nouveau-ceo-dactia-telematics-services\/#breadcrumb"},"inLanguage":"fr-FR","potentialAction":[{"@type":"ReadAction","target":["https:\/\/www.link2fleet.com\/fr\/kader-yildiz-nomme-nouveau-ceo-dactia-telematics-services\/"]}]},{"@type":"ImageObject","inLanguage":"fr-FR","@id":"https:\/\/www.link2fleet.com\/fr\/kader-yildiz-nomme-nouveau-ceo-dactia-telematics-services\/#primaryimage","url":"https:\/\/static.link2fleet.com\/wp-content\/uploads\/2026\/02\/kader-yildiz-new-ceo.webp","contentUrl":"https:\/\/static.link2fleet.com\/wp-content\/uploads\/2026\/02\/kader-yildiz-new-ceo.webp","width":827,"height":827},{"@type":"BreadcrumbList","@id":"https:\/\/www.link2fleet.com\/fr\/kader-yildiz-nomme-nouveau-ceo-dactia-telematics-services\/#breadcrumb","itemListElement":[{"@type":"ListItem","position":1,"name":"Home","item":"https:\/\/www.link2fleet.com\/fr\/"},{"@type":"ListItem","position":2,"name":"Kader Yildiz, nomm\u00e9 nouveau CEO d\u2019ACTIA Telematics Services"}]},{"@type":"WebSite","@id":"https:\/\/www.link2fleet.com\/fr\/#website","url":"https:\/\/www.link2fleet.com\/fr\/","name":"Link2fleet","description":"","publisher":{"@id":"https:\/\/www.link2fleet.com\/fr\/#organization"},"potentialAction":[{"@type":"SearchAction","target":{"@type":"EntryPoint","urlTemplate":"https:\/\/www.link2fleet.com\/fr\/?s={search_term_string}"},"query-input":{"@type":"PropertyValueSpecification","valueRequired":true,"valueName":"search_term_string"}}],"inLanguage":"fr-FR"},{"@type":"Organization","@id":"https:\/\/www.link2fleet.com\/fr\/#organization","name":"Link2fleet","url":"https:\/\/www.link2fleet.com\/fr\/","logo":{"@type":"ImageObject","inLanguage":"fr-FR","@id":"https:\/\/www.link2fleet.com\/fr\/#\/schema\/logo\/image\/","url":"https:\/\/static.link2fleet.com\/wp-content\/uploads\/2024\/03\/share-image.jpg","contentUrl":"https:\/\/static.link2fleet.com\/wp-content\/uploads\/2024\/03\/share-image.jpg","width":1200,"height":630,"caption":"Link2fleet"},"image":{"@id":"https:\/\/www.link2fleet.com\/fr\/#\/schema\/logo\/image\/"},"sameAs":["https:\/\/www.linkedin.com\/company\/link2fleet-belgium","https:\/\/www.youtube.com\/user\/MMMBMBE"]},{"@type":"Person","@id":"https:\/\/www.link2fleet.com\/fr\/#\/schema\/person\/027cd46113c78036b3809c9a054049da","name":"Damien Malvetti","image":{"@type":"ImageObject","inLanguage":"fr-FR","@id":"https:\/\/secure.gravatar.com\/avatar\/dd8cc03b49466c735f753ac37f8caa371af16dfed347456ed61f02883255eebb?s=96&d=mm&r=g","url":"https:\/\/secure.gravatar.com\/avatar\/dd8cc03b49466c735f753ac37f8caa371af16dfed347456ed61f02883255eebb?s=96&d=mm&r=g","contentUrl":"https:\/\/secure.gravatar.com\/avatar\/dd8cc03b49466c735f753ac37f8caa371af16dfed347456ed61f02883255eebb?s=96&d=mm&r=g","caption":"Damien Malvetti"},"description":"Damien Malvetti is opgeleid als journalist en gepassioneerd door wagens, technologie en mobiliteit. Hij is verantwoordelijk voor de redactionele inhoud van link2fleet en beschikt over een uitgebreide kennis van de fleet-sector en elektrische mobiliteit.","sameAs":["https:\/\/www.linkedin.com\/in\/damien-malvetti-56601142\/"]}]}},"_links":{"self":[{"href":"https:\/\/www.link2fleet.com\/fr\/wp-json\/wp\/v2\/posts\/66044","targetHints":{"allow":["GET"]}}],"collection":[{"href":"https:\/\/www.link2fleet.com\/fr\/wp-json\/wp\/v2\/posts"}],"about":[{"href":"https:\/\/www.link2fleet.com\/fr\/wp-json\/wp\/v2\/types\/post"}],"author":[{"embeddable":true,"href":"https:\/\/www.link2fleet.com\/fr\/wp-json\/wp\/v2\/users\/4"}],"replies":[{"embeddable":true,"href":"https:\/\/www.link2fleet.com\/fr\/wp-json\/wp\/v2\/comments?post=66044"}],"version-history":[{"count":1,"href":"https:\/\/www.link2fleet.com\/fr\/wp-json\/wp\/v2\/posts\/66044\/revisions"}],"predecessor-version":[{"id":66048,"href":"https:\/\/www.link2fleet.com\/fr\/wp-json\/wp\/v2\/posts\/66044\/revisions\/66048"}],"wp:featuredmedia":[{"embeddable":true,"href":"https:\/\/www.link2fleet.com\/fr\/wp-json\/wp\/v2\/media\/66045"}],"wp:attachment":[{"href":"https:\/\/www.link2fleet.com\/fr\/wp-json\/wp\/v2\/media?parent=66044"}],"wp:term":[{"taxonomy":"category","embeddable":true,"href":"https:\/\/www.link2fleet.com\/fr\/wp-json\/wp\/v2\/categories?post=66044"},{"taxonomy":"post_tag","embeddable":true,"href":"https:\/\/www.link2fleet.com\/fr\/wp-json\/wp\/v2\/tags?post=66044"}],"curies":[{"name":"wp","href":"https:\/\/api.w.org\/{rel}","templated":true}]}}