{"id":66962,"date":"2026-03-10T13:32:09","date_gmt":"2026-03-10T12:32:09","guid":{"rendered":"https:\/\/www.link2fleet.com\/?p=66962"},"modified":"2026-03-10T13:32:09","modified_gmt":"2026-03-10T12:32:09","slug":"securite-routiere-un-record-encourageant-mais-les-trottinettes-electriques-inquietent","status":"publish","type":"post","link":"https:\/\/www.link2fleet.com\/fr\/securite-routiere-un-record-encourageant-mais-les-trottinettes-electriques-inquietent\/","title":{"rendered":"S\u00e9curit\u00e9 routi\u00e8re : un record encourageant\u2026 mais les trottinettes \u00e9lectriques inqui\u00e8tent"},"content":{"rendered":"","protected":false},"excerpt":{"rendered":"","protected":false},"author":4,"featured_media":66963,"comment_status":"closed","ping_status":"closed","sticky":false,"template":"","format":"standard","meta":{"_acf_changed":false,"footnotes":""},"categories":[1448,135],"tags":[],"class_list":["post-66962","post","type-post","status-publish","format-standard","has-post-thumbnail","hentry","category-a-la-une","category-news-fr"],"acf":[],"yoast_head":"<!-- This site is optimized with the Yoast SEO plugin v27.3 - https:\/\/yoast.com\/product\/yoast-seo-wordpress\/ -->\n<title>S\u00e9curit\u00e9 routi\u00e8re : un record encourageant\u2026 mais les trottinettes \u00e9lectriques inqui\u00e8tent - link2fleet<\/title>\n<meta name=\"description\" content=\"La Belgique a enregistr\u00e9 en 2024 le nombre de tu\u00e9s sur la route le plus bas jamais observ\u00e9, avec 455 d\u00e9c\u00e8s, soit 6 % de\u2026\" \/>\n<meta name=\"robots\" content=\"index, follow, max-snippet:-1, max-image-preview:large, max-video-preview:-1\" \/>\n<meta property=\"og:locale\" content=\"fr_FR\" \/>\n<meta property=\"og:type\" content=\"article\" \/>\n<meta property=\"og:title\" content=\"S\u00e9curit\u00e9 routi\u00e8re : un record encourageant\u2026 mais les trottinettes \u00e9lectriques inqui\u00e8tent - link2fleet\" \/>\n<meta property=\"og:description\" content=\"La Belgique a enregistr\u00e9 en 2024 le nombre de tu\u00e9s sur la route le plus bas jamais observ\u00e9, avec 455 d\u00e9c\u00e8s, soit 6 % de\u2026\" \/>\n<meta property=\"og:url\" content=\"https:\/\/www.link2fleet.com\/fr\/securite-routiere-un-record-encourageant-mais-les-trottinettes-electriques-inquietent\/\" \/>\n<meta property=\"og:site_name\" content=\"link2fleet\" \/>\n<meta property=\"article:published_time\" content=\"2026-03-10T12:32:09+00:00\" \/>\n<meta property=\"og:image\" content=\"https:\/\/static.link2fleet.com\/wp-content\/uploads\/2026\/03\/trotinettes.png\" \/>\n\t<meta property=\"og:image:width\" content=\"1024\" \/>\n\t<meta property=\"og:image:height\" content=\"1024\" \/>\n\t<meta property=\"og:image:type\" content=\"image\/png\" \/>\n<meta name=\"author\" content=\"Damien Malvetti\" \/>\n<meta name=\"twitter:card\" content=\"summary_large_image\" \/>\n<meta name=\"twitter:description\" content=\"La Belgique a enregistr\u00e9 en 2024 le nombre de tu\u00e9s sur la route le plus bas jamais observ\u00e9, avec 455 d\u00e9c\u00e8s, soit 6 % de\u2026\" \/>\n<meta name=\"twitter:label1\" content=\"\u00c9crit par\" \/>\n\t<meta name=\"twitter:data1\" content=\"Damien Malvetti\" \/>\n\t<meta name=\"twitter:label2\" content=\"Dur\u00e9e de lecture estim\u00e9e\" \/>\n\t<meta name=\"twitter:data2\" content=\"3 minutes\" \/>\n<script type=\"application\/ld+json\" class=\"yoast-schema-graph\">{\"@context\":\"https:\\\/\\\/schema.org\",\"@graph\":[{\"@type\":\"Article\",\"@id\":\"https:\\\/\\\/www.link2fleet.com\\\/fr\\\/securite-routiere-un-record-encourageant-mais-les-trottinettes-electriques-inquietent\\\/#article\",\"isPartOf\":{\"@id\":\"https:\\\/\\\/www.link2fleet.com\\\/fr\\\/securite-routiere-un-record-encourageant-mais-les-trottinettes-electriques-inquietent\\\/\"},\"author\":{\"name\":\"Damien Malvetti\",\"@id\":\"https:\\\/\\\/www.link2fleet.com\\\/fr\\\/#\\\/schema\\\/person\\\/027cd46113c78036b3809c9a054049da\"},\"headline\":\"S\u00e9curit\u00e9 routi\u00e8re : un record encourageant\u2026 mais les trottinettes \u00e9lectriques inqui\u00e8tent\",\"datePublished\":\"2026-03-10T12:32:09+00:00\",\"mainEntityOfPage\":{\"@id\":\"https:\\\/\\\/www.link2fleet.com\\\/fr\\\/securite-routiere-un-record-encourageant-mais-les-trottinettes-electriques-inquietent\\\/\"},\"wordCount\":13,\"publisher\":{\"@id\":\"https:\\\/\\\/www.link2fleet.com\\\/fr\\\/#organization\"},\"image\":{\"@id\":\"https:\\\/\\\/www.link2fleet.com\\\/fr\\\/securite-routiere-un-record-encourageant-mais-les-trottinettes-electriques-inquietent\\\/#primaryimage\"},\"thumbnailUrl\":\"https:\\\/\\\/static.link2fleet.com\\\/wp-content\\\/uploads\\\/2026\\\/03\\\/trotinettes.png\",\"articleSection\":[\"A la une\",\"Actus\"],\"inLanguage\":\"fr-FR\"},{\"@type\":\"WebPage\",\"@id\":\"https:\\\/\\\/www.link2fleet.com\\\/fr\\\/securite-routiere-un-record-encourageant-mais-les-trottinettes-electriques-inquietent\\\/\",\"url\":\"https:\\\/\\\/www.link2fleet.com\\\/fr\\\/securite-routiere-un-record-encourageant-mais-les-trottinettes-electriques-inquietent\\\/\",\"name\":\"S\u00e9curit\u00e9 routi\u00e8re : un record encourageant\u2026 mais les trottinettes \u00e9lectriques inqui\u00e8tent - link2fleet\",\"isPartOf\":{\"@id\":\"https:\\\/\\\/www.link2fleet.com\\\/fr\\\/#website\"},\"primaryImageOfPage\":{\"@id\":\"https:\\\/\\\/www.link2fleet.com\\\/fr\\\/securite-routiere-un-record-encourageant-mais-les-trottinettes-electriques-inquietent\\\/#primaryimage\"},\"image\":{\"@id\":\"https:\\\/\\\/www.link2fleet.com\\\/fr\\\/securite-routiere-un-record-encourageant-mais-les-trottinettes-electriques-inquietent\\\/#primaryimage\"},\"thumbnailUrl\":\"https:\\\/\\\/static.link2fleet.com\\\/wp-content\\\/uploads\\\/2026\\\/03\\\/trotinettes.png\",\"datePublished\":\"2026-03-10T12:32:09+00:00\",\"breadcrumb\":{\"@id\":\"https:\\\/\\\/www.link2fleet.com\\\/fr\\\/securite-routiere-un-record-encourageant-mais-les-trottinettes-electriques-inquietent\\\/#breadcrumb\"},\"inLanguage\":\"fr-FR\",\"potentialAction\":[{\"@type\":\"ReadAction\",\"target\":[\"https:\\\/\\\/www.link2fleet.com\\\/fr\\\/securite-routiere-un-record-encourageant-mais-les-trottinettes-electriques-inquietent\\\/\"]}]},{\"@type\":\"ImageObject\",\"inLanguage\":\"fr-FR\",\"@id\":\"https:\\\/\\\/www.link2fleet.com\\\/fr\\\/securite-routiere-un-record-encourageant-mais-les-trottinettes-electriques-inquietent\\\/#primaryimage\",\"url\":\"https:\\\/\\\/static.link2fleet.com\\\/wp-content\\\/uploads\\\/2026\\\/03\\\/trotinettes.png\",\"contentUrl\":\"https:\\\/\\\/static.link2fleet.com\\\/wp-content\\\/uploads\\\/2026\\\/03\\\/trotinettes.png\",\"width\":1024,\"height\":1024},{\"@type\":\"BreadcrumbList\",\"@id\":\"https:\\\/\\\/www.link2fleet.com\\\/fr\\\/securite-routiere-un-record-encourageant-mais-les-trottinettes-electriques-inquietent\\\/#breadcrumb\",\"itemListElement\":[{\"@type\":\"ListItem\",\"position\":1,\"name\":\"Home\",\"item\":\"https:\\\/\\\/www.link2fleet.com\\\/fr\\\/\"},{\"@type\":\"ListItem\",\"position\":2,\"name\":\"S\u00e9curit\u00e9 routi\u00e8re : un record encourageant\u2026 mais les trottinettes \u00e9lectriques inqui\u00e8tent\"}]},{\"@type\":\"WebSite\",\"@id\":\"https:\\\/\\\/www.link2fleet.com\\\/fr\\\/#website\",\"url\":\"https:\\\/\\\/www.link2fleet.com\\\/fr\\\/\",\"name\":\"Link2fleet\",\"description\":\"\",\"publisher\":{\"@id\":\"https:\\\/\\\/www.link2fleet.com\\\/fr\\\/#organization\"},\"potentialAction\":[{\"@type\":\"SearchAction\",\"target\":{\"@type\":\"EntryPoint\",\"urlTemplate\":\"https:\\\/\\\/www.link2fleet.com\\\/fr\\\/?s={search_term_string}\"},\"query-input\":{\"@type\":\"PropertyValueSpecification\",\"valueRequired\":true,\"valueName\":\"search_term_string\"}}],\"inLanguage\":\"fr-FR\"},{\"@type\":\"Organization\",\"@id\":\"https:\\\/\\\/www.link2fleet.com\\\/fr\\\/#organization\",\"name\":\"Link2fleet\",\"url\":\"https:\\\/\\\/www.link2fleet.com\\\/fr\\\/\",\"logo\":{\"@type\":\"ImageObject\",\"inLanguage\":\"fr-FR\",\"@id\":\"https:\\\/\\\/www.link2fleet.com\\\/fr\\\/#\\\/schema\\\/logo\\\/image\\\/\",\"url\":\"https:\\\/\\\/static.link2fleet.com\\\/wp-content\\\/uploads\\\/2024\\\/03\\\/share-image.jpg\",\"contentUrl\":\"https:\\\/\\\/static.link2fleet.com\\\/wp-content\\\/uploads\\\/2024\\\/03\\\/share-image.jpg\",\"width\":1200,\"height\":630,\"caption\":\"Link2fleet\"},\"image\":{\"@id\":\"https:\\\/\\\/www.link2fleet.com\\\/fr\\\/#\\\/schema\\\/logo\\\/image\\\/\"},\"sameAs\":[\"https:\\\/\\\/www.linkedin.com\\\/company\\\/link2fleet-belgium\",\"https:\\\/\\\/www.youtube.com\\\/user\\\/MMMBMBE\"]},{\"@type\":\"Person\",\"@id\":\"https:\\\/\\\/www.link2fleet.com\\\/fr\\\/#\\\/schema\\\/person\\\/027cd46113c78036b3809c9a054049da\",\"name\":\"Damien Malvetti\",\"image\":{\"@type\":\"ImageObject\",\"inLanguage\":\"fr-FR\",\"@id\":\"https:\\\/\\\/secure.gravatar.com\\\/avatar\\\/dd8cc03b49466c735f753ac37f8caa371af16dfed347456ed61f02883255eebb?s=96&d=mm&r=g\",\"url\":\"https:\\\/\\\/secure.gravatar.com\\\/avatar\\\/dd8cc03b49466c735f753ac37f8caa371af16dfed347456ed61f02883255eebb?s=96&d=mm&r=g\",\"contentUrl\":\"https:\\\/\\\/secure.gravatar.com\\\/avatar\\\/dd8cc03b49466c735f753ac37f8caa371af16dfed347456ed61f02883255eebb?s=96&d=mm&r=g\",\"caption\":\"Damien Malvetti\"},\"description\":\"Damien Malvetti is opgeleid als journalist en gepassioneerd door wagens, technologie en mobiliteit. Hij is verantwoordelijk voor de redactionele inhoud van link2fleet en beschikt over een uitgebreide kennis van de fleet-sector en elektrische mobiliteit.\",\"sameAs\":[\"https:\\\/\\\/www.linkedin.com\\\/in\\\/damien-malvetti-56601142\\\/\"]}]}<\/script>\n<!-- \/ Yoast SEO plugin. -->","yoast_head_json":{"title":"S\u00e9curit\u00e9 routi\u00e8re : un record encourageant\u2026 mais les trottinettes \u00e9lectriques inqui\u00e8tent - link2fleet","description":"La Belgique a enregistr\u00e9 en 2024 le nombre de tu\u00e9s sur la route le plus bas jamais observ\u00e9, avec 455 d\u00e9c\u00e8s, soit 6 % de\u2026","robots":{"index":"index","follow":"follow","max-snippet":"max-snippet:-1","max-image-preview":"max-image-preview:large","max-video-preview":"max-video-preview:-1"},"og_locale":"fr_FR","og_type":"article","og_title":"S\u00e9curit\u00e9 routi\u00e8re : un record encourageant\u2026 mais les trottinettes \u00e9lectriques inqui\u00e8tent - link2fleet","og_description":"La Belgique a enregistr\u00e9 en 2024 le nombre de tu\u00e9s sur la route le plus bas jamais observ\u00e9, avec 455 d\u00e9c\u00e8s, soit 6 % de\u2026","og_url":"https:\/\/www.link2fleet.com\/fr\/securite-routiere-un-record-encourageant-mais-les-trottinettes-electriques-inquietent\/","og_site_name":"link2fleet","article_published_time":"2026-03-10T12:32:09+00:00","og_image":[{"width":1024,"height":1024,"url":"https:\/\/static.link2fleet.com\/wp-content\/uploads\/2026\/03\/trotinettes.png","type":"image\/png"}],"author":"Damien Malvetti","twitter_card":"summary_large_image","twitter_description":"La Belgique a enregistr\u00e9 en 2024 le nombre de tu\u00e9s sur la route le plus bas jamais observ\u00e9, avec 455 d\u00e9c\u00e8s, soit 6 % de\u2026","twitter_misc":{"\u00c9crit par":"Damien Malvetti","Dur\u00e9e de lecture estim\u00e9e":"3 minutes"},"schema":{"@context":"https:\/\/schema.org","@graph":[{"@type":"Article","@id":"https:\/\/www.link2fleet.com\/fr\/securite-routiere-un-record-encourageant-mais-les-trottinettes-electriques-inquietent\/#article","isPartOf":{"@id":"https:\/\/www.link2fleet.com\/fr\/securite-routiere-un-record-encourageant-mais-les-trottinettes-electriques-inquietent\/"},"author":{"name":"Damien Malvetti","@id":"https:\/\/www.link2fleet.com\/fr\/#\/schema\/person\/027cd46113c78036b3809c9a054049da"},"headline":"S\u00e9curit\u00e9 routi\u00e8re : un record encourageant\u2026 mais les trottinettes \u00e9lectriques inqui\u00e8tent","datePublished":"2026-03-10T12:32:09+00:00","mainEntityOfPage":{"@id":"https:\/\/www.link2fleet.com\/fr\/securite-routiere-un-record-encourageant-mais-les-trottinettes-electriques-inquietent\/"},"wordCount":13,"publisher":{"@id":"https:\/\/www.link2fleet.com\/fr\/#organization"},"image":{"@id":"https:\/\/www.link2fleet.com\/fr\/securite-routiere-un-record-encourageant-mais-les-trottinettes-electriques-inquietent\/#primaryimage"},"thumbnailUrl":"https:\/\/static.link2fleet.com\/wp-content\/uploads\/2026\/03\/trotinettes.png","articleSection":["A la une","Actus"],"inLanguage":"fr-FR"},{"@type":"WebPage","@id":"https:\/\/www.link2fleet.com\/fr\/securite-routiere-un-record-encourageant-mais-les-trottinettes-electriques-inquietent\/","url":"https:\/\/www.link2fleet.com\/fr\/securite-routiere-un-record-encourageant-mais-les-trottinettes-electriques-inquietent\/","name":"S\u00e9curit\u00e9 routi\u00e8re : un record encourageant\u2026 mais les trottinettes \u00e9lectriques inqui\u00e8tent - link2fleet","isPartOf":{"@id":"https:\/\/www.link2fleet.com\/fr\/#website"},"primaryImageOfPage":{"@id":"https:\/\/www.link2fleet.com\/fr\/securite-routiere-un-record-encourageant-mais-les-trottinettes-electriques-inquietent\/#primaryimage"},"image":{"@id":"https:\/\/www.link2fleet.com\/fr\/securite-routiere-un-record-encourageant-mais-les-trottinettes-electriques-inquietent\/#primaryimage"},"thumbnailUrl":"https:\/\/static.link2fleet.com\/wp-content\/uploads\/2026\/03\/trotinettes.png","datePublished":"2026-03-10T12:32:09+00:00","breadcrumb":{"@id":"https:\/\/www.link2fleet.com\/fr\/securite-routiere-un-record-encourageant-mais-les-trottinettes-electriques-inquietent\/#breadcrumb"},"inLanguage":"fr-FR","potentialAction":[{"@type":"ReadAction","target":["https:\/\/www.link2fleet.com\/fr\/securite-routiere-un-record-encourageant-mais-les-trottinettes-electriques-inquietent\/"]}]},{"@type":"ImageObject","inLanguage":"fr-FR","@id":"https:\/\/www.link2fleet.com\/fr\/securite-routiere-un-record-encourageant-mais-les-trottinettes-electriques-inquietent\/#primaryimage","url":"https:\/\/static.link2fleet.com\/wp-content\/uploads\/2026\/03\/trotinettes.png","contentUrl":"https:\/\/static.link2fleet.com\/wp-content\/uploads\/2026\/03\/trotinettes.png","width":1024,"height":1024},{"@type":"BreadcrumbList","@id":"https:\/\/www.link2fleet.com\/fr\/securite-routiere-un-record-encourageant-mais-les-trottinettes-electriques-inquietent\/#breadcrumb","itemListElement":[{"@type":"ListItem","position":1,"name":"Home","item":"https:\/\/www.link2fleet.com\/fr\/"},{"@type":"ListItem","position":2,"name":"S\u00e9curit\u00e9 routi\u00e8re : un record encourageant\u2026 mais les trottinettes \u00e9lectriques inqui\u00e8tent"}]},{"@type":"WebSite","@id":"https:\/\/www.link2fleet.com\/fr\/#website","url":"https:\/\/www.link2fleet.com\/fr\/","name":"Link2fleet","description":"","publisher":{"@id":"https:\/\/www.link2fleet.com\/fr\/#organization"},"potentialAction":[{"@type":"SearchAction","target":{"@type":"EntryPoint","urlTemplate":"https:\/\/www.link2fleet.com\/fr\/?s={search_term_string}"},"query-input":{"@type":"PropertyValueSpecification","valueRequired":true,"valueName":"search_term_string"}}],"inLanguage":"fr-FR"},{"@type":"Organization","@id":"https:\/\/www.link2fleet.com\/fr\/#organization","name":"Link2fleet","url":"https:\/\/www.link2fleet.com\/fr\/","logo":{"@type":"ImageObject","inLanguage":"fr-FR","@id":"https:\/\/www.link2fleet.com\/fr\/#\/schema\/logo\/image\/","url":"https:\/\/static.link2fleet.com\/wp-content\/uploads\/2024\/03\/share-image.jpg","contentUrl":"https:\/\/static.link2fleet.com\/wp-content\/uploads\/2024\/03\/share-image.jpg","width":1200,"height":630,"caption":"Link2fleet"},"image":{"@id":"https:\/\/www.link2fleet.com\/fr\/#\/schema\/logo\/image\/"},"sameAs":["https:\/\/www.linkedin.com\/company\/link2fleet-belgium","https:\/\/www.youtube.com\/user\/MMMBMBE"]},{"@type":"Person","@id":"https:\/\/www.link2fleet.com\/fr\/#\/schema\/person\/027cd46113c78036b3809c9a054049da","name":"Damien Malvetti","image":{"@type":"ImageObject","inLanguage":"fr-FR","@id":"https:\/\/secure.gravatar.com\/avatar\/dd8cc03b49466c735f753ac37f8caa371af16dfed347456ed61f02883255eebb?s=96&d=mm&r=g","url":"https:\/\/secure.gravatar.com\/avatar\/dd8cc03b49466c735f753ac37f8caa371af16dfed347456ed61f02883255eebb?s=96&d=mm&r=g","contentUrl":"https:\/\/secure.gravatar.com\/avatar\/dd8cc03b49466c735f753ac37f8caa371af16dfed347456ed61f02883255eebb?s=96&d=mm&r=g","caption":"Damien Malvetti"},"description":"Damien Malvetti is opgeleid als journalist en gepassioneerd door wagens, technologie en mobiliteit. Hij is verantwoordelijk voor de redactionele inhoud van link2fleet en beschikt over een uitgebreide kennis van de fleet-sector en elektrische mobiliteit.","sameAs":["https:\/\/www.linkedin.com\/in\/damien-malvetti-56601142\/"]}]}},"_links":{"self":[{"href":"https:\/\/www.link2fleet.com\/fr\/wp-json\/wp\/v2\/posts\/66962","targetHints":{"allow":["GET"]}}],"collection":[{"href":"https:\/\/www.link2fleet.com\/fr\/wp-json\/wp\/v2\/posts"}],"about":[{"href":"https:\/\/www.link2fleet.com\/fr\/wp-json\/wp\/v2\/types\/post"}],"author":[{"embeddable":true,"href":"https:\/\/www.link2fleet.com\/fr\/wp-json\/wp\/v2\/users\/4"}],"replies":[{"embeddable":true,"href":"https:\/\/www.link2fleet.com\/fr\/wp-json\/wp\/v2\/comments?post=66962"}],"version-history":[{"count":1,"href":"https:\/\/www.link2fleet.com\/fr\/wp-json\/wp\/v2\/posts\/66962\/revisions"}],"predecessor-version":[{"id":66966,"href":"https:\/\/www.link2fleet.com\/fr\/wp-json\/wp\/v2\/posts\/66962\/revisions\/66966"}],"wp:featuredmedia":[{"embeddable":true,"href":"https:\/\/www.link2fleet.com\/fr\/wp-json\/wp\/v2\/media\/66963"}],"wp:attachment":[{"href":"https:\/\/www.link2fleet.com\/fr\/wp-json\/wp\/v2\/media?parent=66962"}],"wp:term":[{"taxonomy":"category","embeddable":true,"href":"https:\/\/www.link2fleet.com\/fr\/wp-json\/wp\/v2\/categories?post=66962"},{"taxonomy":"post_tag","embeddable":true,"href":"https:\/\/www.link2fleet.com\/fr\/wp-json\/wp\/v2\/tags?post=66962"}],"curies":[{"name":"wp","href":"https:\/\/api.w.org\/{rel}","templated":true}]}}