{"id":67003,"date":"2026-03-10T14:03:50","date_gmt":"2026-03-10T13:03:50","guid":{"rendered":"https:\/\/www.link2fleet.com\/ongewone-samenwerking-in-de-autosector-lancering-adv-automotive\/"},"modified":"2026-03-10T14:12:25","modified_gmt":"2026-03-10T13:12:25","slug":"ongewone-samenwerking-in-de-autosector-lancering-adv-automotive","status":"publish","type":"post","link":"https:\/\/www.link2fleet.com\/fr\/ongewone-samenwerking-in-de-autosector-lancering-adv-automotive\/","title":{"rendered":"Lancement d&rsquo;ADV Automotive: une collaboration inhabituelle dans le secteur automobile"},"content":{"rendered":"","protected":false},"excerpt":{"rendered":"","protected":false},"author":4,"featured_media":66995,"comment_status":"closed","ping_status":"closed","sticky":false,"template":"","format":"standard","meta":{"_acf_changed":false,"footnotes":""},"categories":[1448,78,76],"tags":[],"class_list":["post-67003","post","type-post","status-publish","format-standard","has-post-thumbnail","hentry","category-a-la-une","category-fleet-dealers","category-car"],"acf":[],"yoast_head":"<!-- This site is optimized with the Yoast SEO plugin v27.3 - https:\/\/yoast.com\/product\/yoast-seo-wordpress\/ -->\n<title>Lancement d&#039;ADV Automotive: une collaboration inhabituelle dans le secteur automobile - link2fleet<\/title>\n<meta name=\"description\" content=\"\u00c0 contre-courant de la vague de rachats dans le secteur, trois distributeurs Ford belges choisissent d\u00e9lib\u00e9r\u00e9ment leur propre voie gr\u00e2ce \u00e0 un mod\u00e8le de collaboration\u2026\" \/>\n<meta name=\"robots\" content=\"index, follow, max-snippet:-1, max-image-preview:large, max-video-preview:-1\" \/>\n<meta property=\"og:locale\" content=\"fr_FR\" \/>\n<meta property=\"og:type\" content=\"article\" \/>\n<meta property=\"og:title\" content=\"Lancement d&#039;ADV Automotive: une collaboration inhabituelle dans le secteur automobile - link2fleet\" \/>\n<meta property=\"og:description\" content=\"\u00c0 contre-courant de la vague de rachats dans le secteur, trois distributeurs Ford belges choisissent d\u00e9lib\u00e9r\u00e9ment leur propre voie gr\u00e2ce \u00e0 un mod\u00e8le de collaboration\u2026\" \/>\n<meta property=\"og:url\" content=\"https:\/\/www.link2fleet.com\/fr\/ongewone-samenwerking-in-de-autosector-lancering-adv-automotive\/\" \/>\n<meta property=\"og:site_name\" content=\"link2fleet\" \/>\n<meta property=\"article:published_time\" content=\"2026-03-10T13:03:50+00:00\" \/>\n<meta property=\"article:modified_time\" content=\"2026-03-10T13:12:25+00:00\" \/>\n<meta property=\"og:image\" content=\"https:\/\/static.link2fleet.com\/wp-content\/uploads\/2026\/03\/ben-abeloos-patrick-vanspringel-ben-de-groof-f-150.jpg\" \/>\n\t<meta property=\"og:image:width\" content=\"1600\" \/>\n\t<meta property=\"og:image:height\" content=\"1066\" \/>\n\t<meta property=\"og:image:type\" content=\"image\/jpeg\" \/>\n<meta name=\"author\" content=\"Damien Malvetti\" \/>\n<meta name=\"twitter:card\" content=\"summary_large_image\" \/>\n<meta name=\"twitter:description\" content=\"\u00c0 contre-courant de la vague de rachats dans le secteur, trois distributeurs Ford belges choisissent d\u00e9lib\u00e9r\u00e9ment leur propre voie gr\u00e2ce \u00e0 un mod\u00e8le de collaboration\u2026\" \/>\n<meta name=\"twitter:label1\" content=\"\u00c9crit par\" \/>\n\t<meta name=\"twitter:data1\" content=\"Damien Malvetti\" \/>\n\t<meta name=\"twitter:label2\" content=\"Dur\u00e9e de lecture estim\u00e9e\" \/>\n\t<meta name=\"twitter:data2\" content=\"8 minutes\" \/>\n<script type=\"application\/ld+json\" class=\"yoast-schema-graph\">{\"@context\":\"https:\\\/\\\/schema.org\",\"@graph\":[{\"@type\":\"Article\",\"@id\":\"https:\\\/\\\/www.link2fleet.com\\\/fr\\\/ongewone-samenwerking-in-de-autosector-lancering-adv-automotive\\\/#article\",\"isPartOf\":{\"@id\":\"https:\\\/\\\/www.link2fleet.com\\\/fr\\\/ongewone-samenwerking-in-de-autosector-lancering-adv-automotive\\\/\"},\"author\":{\"name\":\"Damien Malvetti\",\"@id\":\"https:\\\/\\\/www.link2fleet.com\\\/fr\\\/#\\\/schema\\\/person\\\/027cd46113c78036b3809c9a054049da\"},\"headline\":\"Lancement d&rsquo;ADV Automotive: une collaboration inhabituelle dans le secteur automobile\",\"datePublished\":\"2026-03-10T13:03:50+00:00\",\"dateModified\":\"2026-03-10T13:12:25+00:00\",\"mainEntityOfPage\":{\"@id\":\"https:\\\/\\\/www.link2fleet.com\\\/fr\\\/ongewone-samenwerking-in-de-autosector-lancering-adv-automotive\\\/\"},\"wordCount\":11,\"publisher\":{\"@id\":\"https:\\\/\\\/www.link2fleet.com\\\/fr\\\/#organization\"},\"image\":{\"@id\":\"https:\\\/\\\/www.link2fleet.com\\\/fr\\\/ongewone-samenwerking-in-de-autosector-lancering-adv-automotive\\\/#primaryimage\"},\"thumbnailUrl\":\"https:\\\/\\\/static.link2fleet.com\\\/wp-content\\\/uploads\\\/2026\\\/03\\\/ben-abeloos-patrick-vanspringel-ben-de-groof-f-150.jpg\",\"articleSection\":[\"A la une\",\"Dealers\",\"V\u00e9hicules\"],\"inLanguage\":\"fr-FR\"},{\"@type\":\"WebPage\",\"@id\":\"https:\\\/\\\/www.link2fleet.com\\\/fr\\\/ongewone-samenwerking-in-de-autosector-lancering-adv-automotive\\\/\",\"url\":\"https:\\\/\\\/www.link2fleet.com\\\/fr\\\/ongewone-samenwerking-in-de-autosector-lancering-adv-automotive\\\/\",\"name\":\"Lancement d'ADV Automotive: une collaboration inhabituelle dans le secteur automobile - link2fleet\",\"isPartOf\":{\"@id\":\"https:\\\/\\\/www.link2fleet.com\\\/fr\\\/#website\"},\"primaryImageOfPage\":{\"@id\":\"https:\\\/\\\/www.link2fleet.com\\\/fr\\\/ongewone-samenwerking-in-de-autosector-lancering-adv-automotive\\\/#primaryimage\"},\"image\":{\"@id\":\"https:\\\/\\\/www.link2fleet.com\\\/fr\\\/ongewone-samenwerking-in-de-autosector-lancering-adv-automotive\\\/#primaryimage\"},\"thumbnailUrl\":\"https:\\\/\\\/static.link2fleet.com\\\/wp-content\\\/uploads\\\/2026\\\/03\\\/ben-abeloos-patrick-vanspringel-ben-de-groof-f-150.jpg\",\"datePublished\":\"2026-03-10T13:03:50+00:00\",\"dateModified\":\"2026-03-10T13:12:25+00:00\",\"breadcrumb\":{\"@id\":\"https:\\\/\\\/www.link2fleet.com\\\/fr\\\/ongewone-samenwerking-in-de-autosector-lancering-adv-automotive\\\/#breadcrumb\"},\"inLanguage\":\"fr-FR\",\"potentialAction\":[{\"@type\":\"ReadAction\",\"target\":[\"https:\\\/\\\/www.link2fleet.com\\\/fr\\\/ongewone-samenwerking-in-de-autosector-lancering-adv-automotive\\\/\"]}]},{\"@type\":\"ImageObject\",\"inLanguage\":\"fr-FR\",\"@id\":\"https:\\\/\\\/www.link2fleet.com\\\/fr\\\/ongewone-samenwerking-in-de-autosector-lancering-adv-automotive\\\/#primaryimage\",\"url\":\"https:\\\/\\\/static.link2fleet.com\\\/wp-content\\\/uploads\\\/2026\\\/03\\\/ben-abeloos-patrick-vanspringel-ben-de-groof-f-150.jpg\",\"contentUrl\":\"https:\\\/\\\/static.link2fleet.com\\\/wp-content\\\/uploads\\\/2026\\\/03\\\/ben-abeloos-patrick-vanspringel-ben-de-groof-f-150.jpg\",\"width\":1600,\"height\":1066},{\"@type\":\"BreadcrumbList\",\"@id\":\"https:\\\/\\\/www.link2fleet.com\\\/fr\\\/ongewone-samenwerking-in-de-autosector-lancering-adv-automotive\\\/#breadcrumb\",\"itemListElement\":[{\"@type\":\"ListItem\",\"position\":1,\"name\":\"Home\",\"item\":\"https:\\\/\\\/www.link2fleet.com\\\/fr\\\/\"},{\"@type\":\"ListItem\",\"position\":2,\"name\":\"Lancement d&rsquo;ADV Automotive: une collaboration inhabituelle dans le secteur automobile\"}]},{\"@type\":\"WebSite\",\"@id\":\"https:\\\/\\\/www.link2fleet.com\\\/fr\\\/#website\",\"url\":\"https:\\\/\\\/www.link2fleet.com\\\/fr\\\/\",\"name\":\"Link2fleet\",\"description\":\"\",\"publisher\":{\"@id\":\"https:\\\/\\\/www.link2fleet.com\\\/fr\\\/#organization\"},\"potentialAction\":[{\"@type\":\"SearchAction\",\"target\":{\"@type\":\"EntryPoint\",\"urlTemplate\":\"https:\\\/\\\/www.link2fleet.com\\\/fr\\\/?s={search_term_string}\"},\"query-input\":{\"@type\":\"PropertyValueSpecification\",\"valueRequired\":true,\"valueName\":\"search_term_string\"}}],\"inLanguage\":\"fr-FR\"},{\"@type\":\"Organization\",\"@id\":\"https:\\\/\\\/www.link2fleet.com\\\/fr\\\/#organization\",\"name\":\"Link2fleet\",\"url\":\"https:\\\/\\\/www.link2fleet.com\\\/fr\\\/\",\"logo\":{\"@type\":\"ImageObject\",\"inLanguage\":\"fr-FR\",\"@id\":\"https:\\\/\\\/www.link2fleet.com\\\/fr\\\/#\\\/schema\\\/logo\\\/image\\\/\",\"url\":\"https:\\\/\\\/static.link2fleet.com\\\/wp-content\\\/uploads\\\/2024\\\/03\\\/share-image.jpg\",\"contentUrl\":\"https:\\\/\\\/static.link2fleet.com\\\/wp-content\\\/uploads\\\/2024\\\/03\\\/share-image.jpg\",\"width\":1200,\"height\":630,\"caption\":\"Link2fleet\"},\"image\":{\"@id\":\"https:\\\/\\\/www.link2fleet.com\\\/fr\\\/#\\\/schema\\\/logo\\\/image\\\/\"},\"sameAs\":[\"https:\\\/\\\/www.linkedin.com\\\/company\\\/link2fleet-belgium\",\"https:\\\/\\\/www.youtube.com\\\/user\\\/MMMBMBE\"]},{\"@type\":\"Person\",\"@id\":\"https:\\\/\\\/www.link2fleet.com\\\/fr\\\/#\\\/schema\\\/person\\\/027cd46113c78036b3809c9a054049da\",\"name\":\"Damien Malvetti\",\"image\":{\"@type\":\"ImageObject\",\"inLanguage\":\"fr-FR\",\"@id\":\"https:\\\/\\\/secure.gravatar.com\\\/avatar\\\/dd8cc03b49466c735f753ac37f8caa371af16dfed347456ed61f02883255eebb?s=96&d=mm&r=g\",\"url\":\"https:\\\/\\\/secure.gravatar.com\\\/avatar\\\/dd8cc03b49466c735f753ac37f8caa371af16dfed347456ed61f02883255eebb?s=96&d=mm&r=g\",\"contentUrl\":\"https:\\\/\\\/secure.gravatar.com\\\/avatar\\\/dd8cc03b49466c735f753ac37f8caa371af16dfed347456ed61f02883255eebb?s=96&d=mm&r=g\",\"caption\":\"Damien Malvetti\"},\"description\":\"Damien Malvetti is opgeleid als journalist en gepassioneerd door wagens, technologie en mobiliteit. Hij is verantwoordelijk voor de redactionele inhoud van link2fleet en beschikt over een uitgebreide kennis van de fleet-sector en elektrische mobiliteit.\",\"sameAs\":[\"https:\\\/\\\/www.linkedin.com\\\/in\\\/damien-malvetti-56601142\\\/\"]}]}<\/script>\n<!-- \/ Yoast SEO plugin. -->","yoast_head_json":{"title":"Lancement d'ADV Automotive: une collaboration inhabituelle dans le secteur automobile - link2fleet","description":"\u00c0 contre-courant de la vague de rachats dans le secteur, trois distributeurs Ford belges choisissent d\u00e9lib\u00e9r\u00e9ment leur propre voie gr\u00e2ce \u00e0 un mod\u00e8le de collaboration\u2026","robots":{"index":"index","follow":"follow","max-snippet":"max-snippet:-1","max-image-preview":"max-image-preview:large","max-video-preview":"max-video-preview:-1"},"og_locale":"fr_FR","og_type":"article","og_title":"Lancement d'ADV Automotive: une collaboration inhabituelle dans le secteur automobile - link2fleet","og_description":"\u00c0 contre-courant de la vague de rachats dans le secteur, trois distributeurs Ford belges choisissent d\u00e9lib\u00e9r\u00e9ment leur propre voie gr\u00e2ce \u00e0 un mod\u00e8le de collaboration\u2026","og_url":"https:\/\/www.link2fleet.com\/fr\/ongewone-samenwerking-in-de-autosector-lancering-adv-automotive\/","og_site_name":"link2fleet","article_published_time":"2026-03-10T13:03:50+00:00","article_modified_time":"2026-03-10T13:12:25+00:00","og_image":[{"width":1600,"height":1066,"url":"https:\/\/static.link2fleet.com\/wp-content\/uploads\/2026\/03\/ben-abeloos-patrick-vanspringel-ben-de-groof-f-150.jpg","type":"image\/jpeg"}],"author":"Damien Malvetti","twitter_card":"summary_large_image","twitter_description":"\u00c0 contre-courant de la vague de rachats dans le secteur, trois distributeurs Ford belges choisissent d\u00e9lib\u00e9r\u00e9ment leur propre voie gr\u00e2ce \u00e0 un mod\u00e8le de collaboration\u2026","twitter_misc":{"\u00c9crit par":"Damien Malvetti","Dur\u00e9e de lecture estim\u00e9e":"8 minutes"},"schema":{"@context":"https:\/\/schema.org","@graph":[{"@type":"Article","@id":"https:\/\/www.link2fleet.com\/fr\/ongewone-samenwerking-in-de-autosector-lancering-adv-automotive\/#article","isPartOf":{"@id":"https:\/\/www.link2fleet.com\/fr\/ongewone-samenwerking-in-de-autosector-lancering-adv-automotive\/"},"author":{"name":"Damien Malvetti","@id":"https:\/\/www.link2fleet.com\/fr\/#\/schema\/person\/027cd46113c78036b3809c9a054049da"},"headline":"Lancement d&rsquo;ADV Automotive: une collaboration inhabituelle dans le secteur automobile","datePublished":"2026-03-10T13:03:50+00:00","dateModified":"2026-03-10T13:12:25+00:00","mainEntityOfPage":{"@id":"https:\/\/www.link2fleet.com\/fr\/ongewone-samenwerking-in-de-autosector-lancering-adv-automotive\/"},"wordCount":11,"publisher":{"@id":"https:\/\/www.link2fleet.com\/fr\/#organization"},"image":{"@id":"https:\/\/www.link2fleet.com\/fr\/ongewone-samenwerking-in-de-autosector-lancering-adv-automotive\/#primaryimage"},"thumbnailUrl":"https:\/\/static.link2fleet.com\/wp-content\/uploads\/2026\/03\/ben-abeloos-patrick-vanspringel-ben-de-groof-f-150.jpg","articleSection":["A la une","Dealers","V\u00e9hicules"],"inLanguage":"fr-FR"},{"@type":"WebPage","@id":"https:\/\/www.link2fleet.com\/fr\/ongewone-samenwerking-in-de-autosector-lancering-adv-automotive\/","url":"https:\/\/www.link2fleet.com\/fr\/ongewone-samenwerking-in-de-autosector-lancering-adv-automotive\/","name":"Lancement d'ADV Automotive: une collaboration inhabituelle dans le secteur automobile - link2fleet","isPartOf":{"@id":"https:\/\/www.link2fleet.com\/fr\/#website"},"primaryImageOfPage":{"@id":"https:\/\/www.link2fleet.com\/fr\/ongewone-samenwerking-in-de-autosector-lancering-adv-automotive\/#primaryimage"},"image":{"@id":"https:\/\/www.link2fleet.com\/fr\/ongewone-samenwerking-in-de-autosector-lancering-adv-automotive\/#primaryimage"},"thumbnailUrl":"https:\/\/static.link2fleet.com\/wp-content\/uploads\/2026\/03\/ben-abeloos-patrick-vanspringel-ben-de-groof-f-150.jpg","datePublished":"2026-03-10T13:03:50+00:00","dateModified":"2026-03-10T13:12:25+00:00","breadcrumb":{"@id":"https:\/\/www.link2fleet.com\/fr\/ongewone-samenwerking-in-de-autosector-lancering-adv-automotive\/#breadcrumb"},"inLanguage":"fr-FR","potentialAction":[{"@type":"ReadAction","target":["https:\/\/www.link2fleet.com\/fr\/ongewone-samenwerking-in-de-autosector-lancering-adv-automotive\/"]}]},{"@type":"ImageObject","inLanguage":"fr-FR","@id":"https:\/\/www.link2fleet.com\/fr\/ongewone-samenwerking-in-de-autosector-lancering-adv-automotive\/#primaryimage","url":"https:\/\/static.link2fleet.com\/wp-content\/uploads\/2026\/03\/ben-abeloos-patrick-vanspringel-ben-de-groof-f-150.jpg","contentUrl":"https:\/\/static.link2fleet.com\/wp-content\/uploads\/2026\/03\/ben-abeloos-patrick-vanspringel-ben-de-groof-f-150.jpg","width":1600,"height":1066},{"@type":"BreadcrumbList","@id":"https:\/\/www.link2fleet.com\/fr\/ongewone-samenwerking-in-de-autosector-lancering-adv-automotive\/#breadcrumb","itemListElement":[{"@type":"ListItem","position":1,"name":"Home","item":"https:\/\/www.link2fleet.com\/fr\/"},{"@type":"ListItem","position":2,"name":"Lancement d&rsquo;ADV Automotive: une collaboration inhabituelle dans le secteur automobile"}]},{"@type":"WebSite","@id":"https:\/\/www.link2fleet.com\/fr\/#website","url":"https:\/\/www.link2fleet.com\/fr\/","name":"Link2fleet","description":"","publisher":{"@id":"https:\/\/www.link2fleet.com\/fr\/#organization"},"potentialAction":[{"@type":"SearchAction","target":{"@type":"EntryPoint","urlTemplate":"https:\/\/www.link2fleet.com\/fr\/?s={search_term_string}"},"query-input":{"@type":"PropertyValueSpecification","valueRequired":true,"valueName":"search_term_string"}}],"inLanguage":"fr-FR"},{"@type":"Organization","@id":"https:\/\/www.link2fleet.com\/fr\/#organization","name":"Link2fleet","url":"https:\/\/www.link2fleet.com\/fr\/","logo":{"@type":"ImageObject","inLanguage":"fr-FR","@id":"https:\/\/www.link2fleet.com\/fr\/#\/schema\/logo\/image\/","url":"https:\/\/static.link2fleet.com\/wp-content\/uploads\/2024\/03\/share-image.jpg","contentUrl":"https:\/\/static.link2fleet.com\/wp-content\/uploads\/2024\/03\/share-image.jpg","width":1200,"height":630,"caption":"Link2fleet"},"image":{"@id":"https:\/\/www.link2fleet.com\/fr\/#\/schema\/logo\/image\/"},"sameAs":["https:\/\/www.linkedin.com\/company\/link2fleet-belgium","https:\/\/www.youtube.com\/user\/MMMBMBE"]},{"@type":"Person","@id":"https:\/\/www.link2fleet.com\/fr\/#\/schema\/person\/027cd46113c78036b3809c9a054049da","name":"Damien Malvetti","image":{"@type":"ImageObject","inLanguage":"fr-FR","@id":"https:\/\/secure.gravatar.com\/avatar\/dd8cc03b49466c735f753ac37f8caa371af16dfed347456ed61f02883255eebb?s=96&d=mm&r=g","url":"https:\/\/secure.gravatar.com\/avatar\/dd8cc03b49466c735f753ac37f8caa371af16dfed347456ed61f02883255eebb?s=96&d=mm&r=g","contentUrl":"https:\/\/secure.gravatar.com\/avatar\/dd8cc03b49466c735f753ac37f8caa371af16dfed347456ed61f02883255eebb?s=96&d=mm&r=g","caption":"Damien Malvetti"},"description":"Damien Malvetti is opgeleid als journalist en gepassioneerd door wagens, technologie en mobiliteit. Hij is verantwoordelijk voor de redactionele inhoud van link2fleet en beschikt over een uitgebreide kennis van de fleet-sector en elektrische mobiliteit.","sameAs":["https:\/\/www.linkedin.com\/in\/damien-malvetti-56601142\/"]}]}},"_links":{"self":[{"href":"https:\/\/www.link2fleet.com\/fr\/wp-json\/wp\/v2\/posts\/67003","targetHints":{"allow":["GET"]}}],"collection":[{"href":"https:\/\/www.link2fleet.com\/fr\/wp-json\/wp\/v2\/posts"}],"about":[{"href":"https:\/\/www.link2fleet.com\/fr\/wp-json\/wp\/v2\/types\/post"}],"author":[{"embeddable":true,"href":"https:\/\/www.link2fleet.com\/fr\/wp-json\/wp\/v2\/users\/4"}],"replies":[{"embeddable":true,"href":"https:\/\/www.link2fleet.com\/fr\/wp-json\/wp\/v2\/comments?post=67003"}],"version-history":[{"count":2,"href":"https:\/\/www.link2fleet.com\/fr\/wp-json\/wp\/v2\/posts\/67003\/revisions"}],"predecessor-version":[{"id":67005,"href":"https:\/\/www.link2fleet.com\/fr\/wp-json\/wp\/v2\/posts\/67003\/revisions\/67005"}],"wp:featuredmedia":[{"embeddable":true,"href":"https:\/\/www.link2fleet.com\/fr\/wp-json\/wp\/v2\/media\/66995"}],"wp:attachment":[{"href":"https:\/\/www.link2fleet.com\/fr\/wp-json\/wp\/v2\/media?parent=67003"}],"wp:term":[{"taxonomy":"category","embeddable":true,"href":"https:\/\/www.link2fleet.com\/fr\/wp-json\/wp\/v2\/categories?post=67003"},{"taxonomy":"post_tag","embeddable":true,"href":"https:\/\/www.link2fleet.com\/fr\/wp-json\/wp\/v2\/tags?post=67003"}],"curies":[{"name":"wp","href":"https:\/\/api.w.org\/{rel}","templated":true}]}}