{"id":67410,"date":"2026-03-17T21:16:48","date_gmt":"2026-03-17T20:16:48","guid":{"rendered":"https:\/\/www.link2fleet.com\/?p=67410"},"modified":"2026-03-17T21:16:48","modified_gmt":"2026-03-17T20:16:48","slug":"fleet-test-byd-atto-3-evo-levolution-technologique-qui-fait-la-difference","status":"publish","type":"post","link":"https:\/\/www.link2fleet.com\/fr\/fleet-test-byd-atto-3-evo-levolution-technologique-qui-fait-la-difference\/","title":{"rendered":"Fleet test BYD Atto 3 Evo : l\u2019\u00e9volution technologique qui fait la diff\u00e9rence"},"content":{"rendered":"","protected":false},"excerpt":{"rendered":"","protected":false},"author":4,"featured_media":67411,"comment_status":"closed","ping_status":"closed","sticky":false,"template":"","format":"standard","meta":{"_acf_changed":false,"footnotes":""},"categories":[1448,134],"tags":[],"class_list":["post-67410","post","type-post","status-publish","format-standard","has-post-thumbnail","hentry","category-a-la-une","category-fleet-test"],"acf":[],"yoast_head":"<!-- This site is optimized with the Yoast SEO plugin v27.3 - https:\/\/yoast.com\/product\/yoast-seo-wordpress\/ -->\n<title>Fleet test BYD Atto 3 Evo : l\u2019\u00e9volution technologique qui fait la diff\u00e9rence - link2fleet<\/title>\n<meta name=\"description\" content=\"Le BYD Atto 3 Evo \u00e9volue l\u00e0 o\u00f9 cela compte vraiment pour les utilisateurs professionnels. Sans bouleverser son positionnement, le SUV \u00e9lectrique de BYD int\u00e8gre\u2026\" \/>\n<meta name=\"robots\" content=\"index, follow, max-snippet:-1, max-image-preview:large, max-video-preview:-1\" \/>\n<meta property=\"og:locale\" content=\"fr_FR\" \/>\n<meta property=\"og:type\" content=\"article\" \/>\n<meta property=\"og:title\" content=\"Fleet test BYD Atto 3 Evo : l\u2019\u00e9volution technologique qui fait la diff\u00e9rence - link2fleet\" \/>\n<meta property=\"og:description\" content=\"Le BYD Atto 3 Evo \u00e9volue l\u00e0 o\u00f9 cela compte vraiment pour les utilisateurs professionnels. Sans bouleverser son positionnement, le SUV \u00e9lectrique de BYD int\u00e8gre\u2026\" \/>\n<meta property=\"og:url\" content=\"https:\/\/www.link2fleet.com\/fr\/fleet-test-byd-atto-3-evo-levolution-technologique-qui-fait-la-difference\/\" \/>\n<meta property=\"og:site_name\" content=\"link2fleet\" \/>\n<meta property=\"article:published_time\" content=\"2026-03-17T20:16:48+00:00\" \/>\n<meta property=\"og:image\" content=\"https:\/\/static.link2fleet.com\/wp-content\/uploads\/2026\/03\/01atto-3-evo-2026lhd45-degreesdownloadjpg4096pxrgb.jpg\" \/>\n\t<meta property=\"og:image:width\" content=\"2048\" \/>\n\t<meta property=\"og:image:height\" content=\"1237\" \/>\n\t<meta property=\"og:image:type\" content=\"image\/jpeg\" \/>\n<meta name=\"author\" content=\"Damien Malvetti\" \/>\n<meta name=\"twitter:card\" content=\"summary_large_image\" \/>\n<meta name=\"twitter:description\" content=\"Le BYD Atto 3 Evo \u00e9volue l\u00e0 o\u00f9 cela compte vraiment pour les utilisateurs professionnels. Sans bouleverser son positionnement, le SUV \u00e9lectrique de BYD int\u00e8gre\u2026\" \/>\n<meta name=\"twitter:label1\" content=\"\u00c9crit par\" \/>\n\t<meta name=\"twitter:data1\" content=\"Damien Malvetti\" \/>\n\t<meta name=\"twitter:label2\" content=\"Dur\u00e9e de lecture estim\u00e9e\" \/>\n\t<meta name=\"twitter:data2\" content=\"9 minutes\" \/>\n<script type=\"application\/ld+json\" class=\"yoast-schema-graph\">{\"@context\":\"https:\\\/\\\/schema.org\",\"@graph\":[{\"@type\":\"Article\",\"@id\":\"https:\\\/\\\/www.link2fleet.com\\\/fr\\\/fleet-test-byd-atto-3-evo-levolution-technologique-qui-fait-la-difference\\\/#article\",\"isPartOf\":{\"@id\":\"https:\\\/\\\/www.link2fleet.com\\\/fr\\\/fleet-test-byd-atto-3-evo-levolution-technologique-qui-fait-la-difference\\\/\"},\"author\":{\"name\":\"Damien Malvetti\",\"@id\":\"https:\\\/\\\/www.link2fleet.com\\\/fr\\\/#\\\/schema\\\/person\\\/027cd46113c78036b3809c9a054049da\"},\"headline\":\"Fleet test BYD Atto 3 Evo : l\u2019\u00e9volution technologique qui fait la diff\u00e9rence\",\"datePublished\":\"2026-03-17T20:16:48+00:00\",\"mainEntityOfPage\":{\"@id\":\"https:\\\/\\\/www.link2fleet.com\\\/fr\\\/fleet-test-byd-atto-3-evo-levolution-technologique-qui-fait-la-difference\\\/\"},\"wordCount\":13,\"publisher\":{\"@id\":\"https:\\\/\\\/www.link2fleet.com\\\/fr\\\/#organization\"},\"image\":{\"@id\":\"https:\\\/\\\/www.link2fleet.com\\\/fr\\\/fleet-test-byd-atto-3-evo-levolution-technologique-qui-fait-la-difference\\\/#primaryimage\"},\"thumbnailUrl\":\"https:\\\/\\\/static.link2fleet.com\\\/wp-content\\\/uploads\\\/2026\\\/03\\\/01atto-3-evo-2026lhd45-degreesdownloadjpg4096pxrgb.jpg\",\"articleSection\":[\"A la une\",\"Essais fleet\"],\"inLanguage\":\"fr-FR\"},{\"@type\":\"WebPage\",\"@id\":\"https:\\\/\\\/www.link2fleet.com\\\/fr\\\/fleet-test-byd-atto-3-evo-levolution-technologique-qui-fait-la-difference\\\/\",\"url\":\"https:\\\/\\\/www.link2fleet.com\\\/fr\\\/fleet-test-byd-atto-3-evo-levolution-technologique-qui-fait-la-difference\\\/\",\"name\":\"Fleet test BYD Atto 3 Evo : l\u2019\u00e9volution technologique qui fait la diff\u00e9rence - link2fleet\",\"isPartOf\":{\"@id\":\"https:\\\/\\\/www.link2fleet.com\\\/fr\\\/#website\"},\"primaryImageOfPage\":{\"@id\":\"https:\\\/\\\/www.link2fleet.com\\\/fr\\\/fleet-test-byd-atto-3-evo-levolution-technologique-qui-fait-la-difference\\\/#primaryimage\"},\"image\":{\"@id\":\"https:\\\/\\\/www.link2fleet.com\\\/fr\\\/fleet-test-byd-atto-3-evo-levolution-technologique-qui-fait-la-difference\\\/#primaryimage\"},\"thumbnailUrl\":\"https:\\\/\\\/static.link2fleet.com\\\/wp-content\\\/uploads\\\/2026\\\/03\\\/01atto-3-evo-2026lhd45-degreesdownloadjpg4096pxrgb.jpg\",\"datePublished\":\"2026-03-17T20:16:48+00:00\",\"breadcrumb\":{\"@id\":\"https:\\\/\\\/www.link2fleet.com\\\/fr\\\/fleet-test-byd-atto-3-evo-levolution-technologique-qui-fait-la-difference\\\/#breadcrumb\"},\"inLanguage\":\"fr-FR\",\"potentialAction\":[{\"@type\":\"ReadAction\",\"target\":[\"https:\\\/\\\/www.link2fleet.com\\\/fr\\\/fleet-test-byd-atto-3-evo-levolution-technologique-qui-fait-la-difference\\\/\"]}]},{\"@type\":\"ImageObject\",\"inLanguage\":\"fr-FR\",\"@id\":\"https:\\\/\\\/www.link2fleet.com\\\/fr\\\/fleet-test-byd-atto-3-evo-levolution-technologique-qui-fait-la-difference\\\/#primaryimage\",\"url\":\"https:\\\/\\\/static.link2fleet.com\\\/wp-content\\\/uploads\\\/2026\\\/03\\\/01atto-3-evo-2026lhd45-degreesdownloadjpg4096pxrgb.jpg\",\"contentUrl\":\"https:\\\/\\\/static.link2fleet.com\\\/wp-content\\\/uploads\\\/2026\\\/03\\\/01atto-3-evo-2026lhd45-degreesdownloadjpg4096pxrgb.jpg\",\"width\":2048,\"height\":1237},{\"@type\":\"BreadcrumbList\",\"@id\":\"https:\\\/\\\/www.link2fleet.com\\\/fr\\\/fleet-test-byd-atto-3-evo-levolution-technologique-qui-fait-la-difference\\\/#breadcrumb\",\"itemListElement\":[{\"@type\":\"ListItem\",\"position\":1,\"name\":\"Home\",\"item\":\"https:\\\/\\\/www.link2fleet.com\\\/fr\\\/\"},{\"@type\":\"ListItem\",\"position\":2,\"name\":\"Fleet test BYD Atto 3 Evo : l\u2019\u00e9volution technologique qui fait la diff\u00e9rence\"}]},{\"@type\":\"WebSite\",\"@id\":\"https:\\\/\\\/www.link2fleet.com\\\/fr\\\/#website\",\"url\":\"https:\\\/\\\/www.link2fleet.com\\\/fr\\\/\",\"name\":\"Link2fleet\",\"description\":\"\",\"publisher\":{\"@id\":\"https:\\\/\\\/www.link2fleet.com\\\/fr\\\/#organization\"},\"potentialAction\":[{\"@type\":\"SearchAction\",\"target\":{\"@type\":\"EntryPoint\",\"urlTemplate\":\"https:\\\/\\\/www.link2fleet.com\\\/fr\\\/?s={search_term_string}\"},\"query-input\":{\"@type\":\"PropertyValueSpecification\",\"valueRequired\":true,\"valueName\":\"search_term_string\"}}],\"inLanguage\":\"fr-FR\"},{\"@type\":\"Organization\",\"@id\":\"https:\\\/\\\/www.link2fleet.com\\\/fr\\\/#organization\",\"name\":\"Link2fleet\",\"url\":\"https:\\\/\\\/www.link2fleet.com\\\/fr\\\/\",\"logo\":{\"@type\":\"ImageObject\",\"inLanguage\":\"fr-FR\",\"@id\":\"https:\\\/\\\/www.link2fleet.com\\\/fr\\\/#\\\/schema\\\/logo\\\/image\\\/\",\"url\":\"https:\\\/\\\/static.link2fleet.com\\\/wp-content\\\/uploads\\\/2024\\\/03\\\/share-image.jpg\",\"contentUrl\":\"https:\\\/\\\/static.link2fleet.com\\\/wp-content\\\/uploads\\\/2024\\\/03\\\/share-image.jpg\",\"width\":1200,\"height\":630,\"caption\":\"Link2fleet\"},\"image\":{\"@id\":\"https:\\\/\\\/www.link2fleet.com\\\/fr\\\/#\\\/schema\\\/logo\\\/image\\\/\"},\"sameAs\":[\"https:\\\/\\\/www.linkedin.com\\\/company\\\/link2fleet-belgium\",\"https:\\\/\\\/www.youtube.com\\\/user\\\/MMMBMBE\"]},{\"@type\":\"Person\",\"@id\":\"https:\\\/\\\/www.link2fleet.com\\\/fr\\\/#\\\/schema\\\/person\\\/027cd46113c78036b3809c9a054049da\",\"name\":\"Damien Malvetti\",\"image\":{\"@type\":\"ImageObject\",\"inLanguage\":\"fr-FR\",\"@id\":\"https:\\\/\\\/secure.gravatar.com\\\/avatar\\\/dd8cc03b49466c735f753ac37f8caa371af16dfed347456ed61f02883255eebb?s=96&d=mm&r=g\",\"url\":\"https:\\\/\\\/secure.gravatar.com\\\/avatar\\\/dd8cc03b49466c735f753ac37f8caa371af16dfed347456ed61f02883255eebb?s=96&d=mm&r=g\",\"contentUrl\":\"https:\\\/\\\/secure.gravatar.com\\\/avatar\\\/dd8cc03b49466c735f753ac37f8caa371af16dfed347456ed61f02883255eebb?s=96&d=mm&r=g\",\"caption\":\"Damien Malvetti\"},\"description\":\"Damien Malvetti is opgeleid als journalist en gepassioneerd door wagens, technologie en mobiliteit. Hij is verantwoordelijk voor de redactionele inhoud van link2fleet en beschikt over een uitgebreide kennis van de fleet-sector en elektrische mobiliteit.\",\"sameAs\":[\"https:\\\/\\\/www.linkedin.com\\\/in\\\/damien-malvetti-56601142\\\/\"]}]}<\/script>\n<!-- \/ Yoast SEO plugin. -->","yoast_head_json":{"title":"Fleet test BYD Atto 3 Evo : l\u2019\u00e9volution technologique qui fait la diff\u00e9rence - link2fleet","description":"Le BYD Atto 3 Evo \u00e9volue l\u00e0 o\u00f9 cela compte vraiment pour les utilisateurs professionnels. Sans bouleverser son positionnement, le SUV \u00e9lectrique de BYD int\u00e8gre\u2026","robots":{"index":"index","follow":"follow","max-snippet":"max-snippet:-1","max-image-preview":"max-image-preview:large","max-video-preview":"max-video-preview:-1"},"og_locale":"fr_FR","og_type":"article","og_title":"Fleet test BYD Atto 3 Evo : l\u2019\u00e9volution technologique qui fait la diff\u00e9rence - link2fleet","og_description":"Le BYD Atto 3 Evo \u00e9volue l\u00e0 o\u00f9 cela compte vraiment pour les utilisateurs professionnels. Sans bouleverser son positionnement, le SUV \u00e9lectrique de BYD int\u00e8gre\u2026","og_url":"https:\/\/www.link2fleet.com\/fr\/fleet-test-byd-atto-3-evo-levolution-technologique-qui-fait-la-difference\/","og_site_name":"link2fleet","article_published_time":"2026-03-17T20:16:48+00:00","og_image":[{"width":2048,"height":1237,"url":"https:\/\/static.link2fleet.com\/wp-content\/uploads\/2026\/03\/01atto-3-evo-2026lhd45-degreesdownloadjpg4096pxrgb.jpg","type":"image\/jpeg"}],"author":"Damien Malvetti","twitter_card":"summary_large_image","twitter_description":"Le BYD Atto 3 Evo \u00e9volue l\u00e0 o\u00f9 cela compte vraiment pour les utilisateurs professionnels. Sans bouleverser son positionnement, le SUV \u00e9lectrique de BYD int\u00e8gre\u2026","twitter_misc":{"\u00c9crit par":"Damien Malvetti","Dur\u00e9e de lecture estim\u00e9e":"9 minutes"},"schema":{"@context":"https:\/\/schema.org","@graph":[{"@type":"Article","@id":"https:\/\/www.link2fleet.com\/fr\/fleet-test-byd-atto-3-evo-levolution-technologique-qui-fait-la-difference\/#article","isPartOf":{"@id":"https:\/\/www.link2fleet.com\/fr\/fleet-test-byd-atto-3-evo-levolution-technologique-qui-fait-la-difference\/"},"author":{"name":"Damien Malvetti","@id":"https:\/\/www.link2fleet.com\/fr\/#\/schema\/person\/027cd46113c78036b3809c9a054049da"},"headline":"Fleet test BYD Atto 3 Evo : l\u2019\u00e9volution technologique qui fait la diff\u00e9rence","datePublished":"2026-03-17T20:16:48+00:00","mainEntityOfPage":{"@id":"https:\/\/www.link2fleet.com\/fr\/fleet-test-byd-atto-3-evo-levolution-technologique-qui-fait-la-difference\/"},"wordCount":13,"publisher":{"@id":"https:\/\/www.link2fleet.com\/fr\/#organization"},"image":{"@id":"https:\/\/www.link2fleet.com\/fr\/fleet-test-byd-atto-3-evo-levolution-technologique-qui-fait-la-difference\/#primaryimage"},"thumbnailUrl":"https:\/\/static.link2fleet.com\/wp-content\/uploads\/2026\/03\/01atto-3-evo-2026lhd45-degreesdownloadjpg4096pxrgb.jpg","articleSection":["A la une","Essais fleet"],"inLanguage":"fr-FR"},{"@type":"WebPage","@id":"https:\/\/www.link2fleet.com\/fr\/fleet-test-byd-atto-3-evo-levolution-technologique-qui-fait-la-difference\/","url":"https:\/\/www.link2fleet.com\/fr\/fleet-test-byd-atto-3-evo-levolution-technologique-qui-fait-la-difference\/","name":"Fleet test BYD Atto 3 Evo : l\u2019\u00e9volution technologique qui fait la diff\u00e9rence - link2fleet","isPartOf":{"@id":"https:\/\/www.link2fleet.com\/fr\/#website"},"primaryImageOfPage":{"@id":"https:\/\/www.link2fleet.com\/fr\/fleet-test-byd-atto-3-evo-levolution-technologique-qui-fait-la-difference\/#primaryimage"},"image":{"@id":"https:\/\/www.link2fleet.com\/fr\/fleet-test-byd-atto-3-evo-levolution-technologique-qui-fait-la-difference\/#primaryimage"},"thumbnailUrl":"https:\/\/static.link2fleet.com\/wp-content\/uploads\/2026\/03\/01atto-3-evo-2026lhd45-degreesdownloadjpg4096pxrgb.jpg","datePublished":"2026-03-17T20:16:48+00:00","breadcrumb":{"@id":"https:\/\/www.link2fleet.com\/fr\/fleet-test-byd-atto-3-evo-levolution-technologique-qui-fait-la-difference\/#breadcrumb"},"inLanguage":"fr-FR","potentialAction":[{"@type":"ReadAction","target":["https:\/\/www.link2fleet.com\/fr\/fleet-test-byd-atto-3-evo-levolution-technologique-qui-fait-la-difference\/"]}]},{"@type":"ImageObject","inLanguage":"fr-FR","@id":"https:\/\/www.link2fleet.com\/fr\/fleet-test-byd-atto-3-evo-levolution-technologique-qui-fait-la-difference\/#primaryimage","url":"https:\/\/static.link2fleet.com\/wp-content\/uploads\/2026\/03\/01atto-3-evo-2026lhd45-degreesdownloadjpg4096pxrgb.jpg","contentUrl":"https:\/\/static.link2fleet.com\/wp-content\/uploads\/2026\/03\/01atto-3-evo-2026lhd45-degreesdownloadjpg4096pxrgb.jpg","width":2048,"height":1237},{"@type":"BreadcrumbList","@id":"https:\/\/www.link2fleet.com\/fr\/fleet-test-byd-atto-3-evo-levolution-technologique-qui-fait-la-difference\/#breadcrumb","itemListElement":[{"@type":"ListItem","position":1,"name":"Home","item":"https:\/\/www.link2fleet.com\/fr\/"},{"@type":"ListItem","position":2,"name":"Fleet test BYD Atto 3 Evo : l\u2019\u00e9volution technologique qui fait la diff\u00e9rence"}]},{"@type":"WebSite","@id":"https:\/\/www.link2fleet.com\/fr\/#website","url":"https:\/\/www.link2fleet.com\/fr\/","name":"Link2fleet","description":"","publisher":{"@id":"https:\/\/www.link2fleet.com\/fr\/#organization"},"potentialAction":[{"@type":"SearchAction","target":{"@type":"EntryPoint","urlTemplate":"https:\/\/www.link2fleet.com\/fr\/?s={search_term_string}"},"query-input":{"@type":"PropertyValueSpecification","valueRequired":true,"valueName":"search_term_string"}}],"inLanguage":"fr-FR"},{"@type":"Organization","@id":"https:\/\/www.link2fleet.com\/fr\/#organization","name":"Link2fleet","url":"https:\/\/www.link2fleet.com\/fr\/","logo":{"@type":"ImageObject","inLanguage":"fr-FR","@id":"https:\/\/www.link2fleet.com\/fr\/#\/schema\/logo\/image\/","url":"https:\/\/static.link2fleet.com\/wp-content\/uploads\/2024\/03\/share-image.jpg","contentUrl":"https:\/\/static.link2fleet.com\/wp-content\/uploads\/2024\/03\/share-image.jpg","width":1200,"height":630,"caption":"Link2fleet"},"image":{"@id":"https:\/\/www.link2fleet.com\/fr\/#\/schema\/logo\/image\/"},"sameAs":["https:\/\/www.linkedin.com\/company\/link2fleet-belgium","https:\/\/www.youtube.com\/user\/MMMBMBE"]},{"@type":"Person","@id":"https:\/\/www.link2fleet.com\/fr\/#\/schema\/person\/027cd46113c78036b3809c9a054049da","name":"Damien Malvetti","image":{"@type":"ImageObject","inLanguage":"fr-FR","@id":"https:\/\/secure.gravatar.com\/avatar\/dd8cc03b49466c735f753ac37f8caa371af16dfed347456ed61f02883255eebb?s=96&d=mm&r=g","url":"https:\/\/secure.gravatar.com\/avatar\/dd8cc03b49466c735f753ac37f8caa371af16dfed347456ed61f02883255eebb?s=96&d=mm&r=g","contentUrl":"https:\/\/secure.gravatar.com\/avatar\/dd8cc03b49466c735f753ac37f8caa371af16dfed347456ed61f02883255eebb?s=96&d=mm&r=g","caption":"Damien Malvetti"},"description":"Damien Malvetti is opgeleid als journalist en gepassioneerd door wagens, technologie en mobiliteit. Hij is verantwoordelijk voor de redactionele inhoud van link2fleet en beschikt over een uitgebreide kennis van de fleet-sector en elektrische mobiliteit.","sameAs":["https:\/\/www.linkedin.com\/in\/damien-malvetti-56601142\/"]}]}},"_links":{"self":[{"href":"https:\/\/www.link2fleet.com\/fr\/wp-json\/wp\/v2\/posts\/67410","targetHints":{"allow":["GET"]}}],"collection":[{"href":"https:\/\/www.link2fleet.com\/fr\/wp-json\/wp\/v2\/posts"}],"about":[{"href":"https:\/\/www.link2fleet.com\/fr\/wp-json\/wp\/v2\/types\/post"}],"author":[{"embeddable":true,"href":"https:\/\/www.link2fleet.com\/fr\/wp-json\/wp\/v2\/users\/4"}],"replies":[{"embeddable":true,"href":"https:\/\/www.link2fleet.com\/fr\/wp-json\/wp\/v2\/comments?post=67410"}],"version-history":[{"count":1,"href":"https:\/\/www.link2fleet.com\/fr\/wp-json\/wp\/v2\/posts\/67410\/revisions"}],"predecessor-version":[{"id":67456,"href":"https:\/\/www.link2fleet.com\/fr\/wp-json\/wp\/v2\/posts\/67410\/revisions\/67456"}],"wp:featuredmedia":[{"embeddable":true,"href":"https:\/\/www.link2fleet.com\/fr\/wp-json\/wp\/v2\/media\/67411"}],"wp:attachment":[{"href":"https:\/\/www.link2fleet.com\/fr\/wp-json\/wp\/v2\/media?parent=67410"}],"wp:term":[{"taxonomy":"category","embeddable":true,"href":"https:\/\/www.link2fleet.com\/fr\/wp-json\/wp\/v2\/categories?post=67410"},{"taxonomy":"post_tag","embeddable":true,"href":"https:\/\/www.link2fleet.com\/fr\/wp-json\/wp\/v2\/tags?post=67410"}],"curies":[{"name":"wp","href":"https:\/\/api.w.org\/{rel}","templated":true}]}}