{"id":7256,"date":"2022-07-20T09:06:36","date_gmt":"2022-07-20T07:06:36","guid":{"rendered":"https:\/\/www.link2fleet.com\/fleet-test-nissan-ariya-lelectrique-rassurante\/"},"modified":"2024-04-17T16:46:29","modified_gmt":"2024-04-17T14:46:29","slug":"fleet-test-nissan-ariya-lelectrique-rassurante","status":"publish","type":"post","link":"https:\/\/www.link2fleet.com\/fr\/fleet-test-nissan-ariya-lelectrique-rassurante\/","title":{"rendered":"Fleet test Nissan Ariya: l\u2019\u00e9lectrique rassurante"},"content":{"rendered":"<p style=\"font-weight: 400;\">La Nissan Ariya d\u00e9barque dans un segment o\u00f9 la concurrence s\u2019est d\u00e9j\u00e0 bien install\u00e9e. Face \u00e0 elle, on trouve les Volkswagen ID.4 ou Skoda Enyaq notamment. Mais l\u2019Ariya se distingue par son esth\u00e9tique plut\u00f4t\u2026 audacieuse. Rien que sa couleur de lancement \u2013 bronze \u2013 la rend directement reconnaissable, tout comme sa face avant avec ses petits feux dont le prolongement vient souligner les formes de l\u2019imposante calandre.<\/p>\n<p style=\"font-weight: 400;\">La face arri\u00e8re est un peu plus sobre avec sa ligne de feux traversante et sa ceinture de caisse tr\u00e8s haute. La vitre arri\u00e8re est r\u00e9duite, mais Nissan compense cela en donnant la possibilit\u00e9 de transformer le r\u00e9troviseur int\u00e9rieur en une cam\u00e9ra.<\/p>\n<p style=\"font-weight: 400;\"><a href=\"https:\/\/www.link2fleet.com\/wp-content\/uploads\/2022\/07\/Ariya_2022_Highlights_High_010.JPG.jpg\"><img loading=\"lazy\" decoding=\"async\" class=\"aligncenter size-large wp-image-1282540\" src=\"https:\/\/www.link2fleet.com\/wp-content\/uploads\/2022\/07\/Ariya_2022_Highlights_High_010.JPG-1024x683.jpg\" alt=\"\" width=\"640\" height=\"427\" \/><\/a><\/p>\n<p>&nbsp;<\/p>\n<p style=\"font-weight: 400;\"><strong>Int\u00e9rieur minimaliste<\/strong><\/p>\n<p style=\"font-weight: 400;\"><a href=\"https:\/\/www.link2fleet.com\/wp-content\/uploads\/2022\/07\/Ariya_2022_Interiors_High_082.JPG.jpg\"><img loading=\"lazy\" decoding=\"async\" class=\"alignright size-medium wp-image-1282552\" src=\"https:\/\/www.link2fleet.com\/wp-content\/uploads\/2022\/07\/Ariya_2022_Interiors_High_082.JPG-300x200.jpg\" alt=\"\" width=\"300\" height=\"200\" \/><\/a>Une fois \u00e0 l\u2019int\u00e9rieur, on d\u00e9couvre un habitacle minimaliste. Le tableau de bord est surmont\u00e9 d\u2019un grand \u00e9cran qui prolonge le combin\u00e9 d\u2019instrumentation digital, tandis que la console centrale, enti\u00e8rement s\u00e9par\u00e9e, est ajustable d\u2019avant en arri\u00e8re, via une simple commande \u00e9lectrique.<\/p>\n<p style=\"font-weight: 400;\">Nissan a r\u00e9duit le nombre de commandes au minimum, mais un tableau \u00e0 commandes haptiques, tr\u00e8s pratique, permet tout de m\u00eame de contr\u00f4ler l\u2019air-conditionn\u00e9e. Gr\u00e2ce \u00e0 son empattement de 2775 mm et son sol enti\u00e8rement plat, l\u2019Ariya affiche un espace int\u00e9rieur g\u00e9n\u00e9reux, m\u00eame aux places arri\u00e8re, et qui se r\u00e9v\u00e8le aussi tr\u00e8s confortable et dot\u00e9 de beaucoup d\u2019espaces de rangement et notamment d\u2019une boite \u00e0 gant \u00e0 ouverture \u00e9lectrique log\u00e9e au centre de la console centrale.<\/p>\n<p style=\"font-weight: 400;\">Avec cette Ariya, Nissan a clairement mis le paquet en mati\u00e8re de choix des mat\u00e9riaux et de finition.<\/p>\n<p style=\"font-weight: 400;\"><strong>Exceptionnellement sobre!<\/strong><\/p>\n<p style=\"font-weight: 400;\"><a href=\"https:\/\/www.link2fleet.com\/wp-content\/uploads\/2022\/07\/Ariya_2022_Interiors_High_085.JPG.jpg\"><img loading=\"lazy\" decoding=\"async\" class=\"alignleft size-medium wp-image-1282556\" src=\"https:\/\/www.link2fleet.com\/wp-content\/uploads\/2022\/07\/Ariya_2022_Interiors_High_085.JPG-300x200.jpg\" alt=\"\" width=\"300\" height=\"200\" \/><\/a>C\u00f4t\u00e9 technologie, Nissan a d\u00e9velopp\u00e9 un tout nouveau moteur \u00e9lectrique plus compacte et plus efficient et des batteries 33% plus fines que sur la Leaf. Tout cela permet \u00e0 l\u2019Ariya d\u2019afficher des statistiques tr\u00e8s prometteuses en mati\u00e8re d\u2019autonomie. Elle est ainsi disponible avec deux versions de batteries. La 63 kWh promet 403 km d\u2019autonomie, tandis que la 87 kWh en annonce 533 en version 2 roues motrices et 500 km en version AWD (e-4orce).<\/p>\n<p style=\"font-weight: 400;\">Pour notre premi\u00e8re prise en main, nous avons test\u00e9 la premi\u00e8re version (63 kWh). Et bonne surprise, notre mod\u00e8le d\u2019essai affichait une consommation de 13,7 kWh en fin de parcours alors que Nissan annonce 17,8 kWh\/100 km. Gr\u00e2ce \u00e0 cette belle performance, notre compteur affichait une autonomie totale de plus de 450 km pour une version qui annonce pourtant 403 km (WLTP) sur papier. Une prouesse obtenue \u00e9galement gr\u00e2ce \u00e0 l\u2019usage intensif de l\u2019e-Pedal, ch\u00e8re \u00e0 Nissan, qui permet de r\u00e9g\u00e9n\u00e9rer la batterie durant les phases de d\u00e9c\u00e9l\u00e9ration du v\u00e9hicule.<\/p>\n<p style=\"font-weight: 400;\">La voiture offre une conduite tr\u00e8s souple. Elle n\u2019est pas vraiment dynamique mais se montre tout de m\u00eame r\u00e9active. M\u00eame si on a l\u2019habitude que les voitures \u00e9lectriques soient tr\u00e8s silencieuses, cette Ariya est particuli\u00e8rement bien insonoris\u00e9e gr\u00e2ce \u00e0 un renforcement des vitres.<\/p>\n<p style=\"font-weight: 400;\"><a href=\"https:\/\/www.link2fleet.com\/wp-content\/uploads\/2022\/07\/Ariya_2022_Dynamics_High_037.JPG.jpg\"><img loading=\"lazy\" decoding=\"async\" class=\"aligncenter size-large wp-image-1282534\" src=\"https:\/\/www.link2fleet.com\/wp-content\/uploads\/2022\/07\/Ariya_2022_Dynamics_High_037.JPG-1024x683.jpg\" alt=\"\" width=\"640\" height=\"427\" \/><\/a><\/p>\n<p>&nbsp;<\/p>\n<p style=\"font-weight: 400;\"><strong>Bilan fleet<\/strong><\/p>\n<p style=\"font-weight: 400;\">Avec son bel espace int\u00e9rieur, sa finition haut de gamme et ses technologies de pointe, l\u2019Ariya a de beaux atouts dans son sac pour convaincre les clients fleet. Sa capacit\u00e9 de r\u00e9cup\u00e9ration et son autonomie r\u00e9elle sup\u00e9rieure \u00e0 celle annonc\u00e9e sur papier lui donnent un c\u00f4t\u00e9 tr\u00e8s rassurant. C\u00f4t\u00e9 tarif, la version d\u2019entr\u00e9e de gamme Advance avec la batterie de 63 kWh \u00a0se n\u00e9gocie \u00e0 partir de 41.400\u20ac, mais \u00e0 ce tarif, vous disposez d\u00e9j\u00e0 d\u2019un v\u00e9hicule tr\u00e8s bien \u00e9quip\u00e9.<\/p>\n<p>&nbsp;<\/p>\n<p><strong>Fiche technique<\/strong><\/p>\n<table style=\"font-weight: 400;\">\n<tbody>\n<tr>\n<td colspan=\"2\" width=\"604\">Nissan Ariya 63 kWh Advance<\/td>\n<\/tr>\n<tr>\n<td width=\"302\">Puissance moteur<\/td>\n<td width=\"302\">218 ch<\/td>\n<\/tr>\n<tr>\n<td width=\"302\">Batterie<\/td>\n<td width=\"302\">63 kWh<\/td>\n<\/tr>\n<tr>\n<td width=\"302\">Autonomie (WLTP)<\/td>\n<td width=\"302\">403 km<\/td>\n<\/tr>\n<tr>\n<td width=\"302\">Volume du coffre<\/td>\n<td width=\"302\">468 l<\/td>\n<\/tr>\n<tr>\n<td width=\"302\">Consommation moyenne<\/td>\n<td width=\"302\">17,8 kWh\/100 km<\/td>\n<\/tr>\n<tr>\n<td width=\"302\">Vitesse maximale<\/td>\n<td width=\"302\">200 km\/h<\/td>\n<\/tr>\n<\/tbody>\n<\/table>\n<table style=\"font-weight: 400;\">\n<tbody>\n<tr>\n<td width=\"302\">Prix de base HTVA<\/td>\n<td width=\"302\">41.405 \u20ac<\/td>\n<\/tr>\n<tr>\n<td width=\"302\">Prix de base TVAC<\/td>\n<td width=\"302\">50.100 \u20ac<\/td>\n<\/tr>\n<tr>\n<td width=\"302\">TMC (Bruxelles, Wallonie, Leasing)<\/td>\n<td width=\"302\">61,5 \u20ac<\/td>\n<\/tr>\n<tr>\n<td width=\"302\">BIV (Flandre)<\/td>\n<td width=\"302\">0 \u20ac<\/td>\n<\/tr>\n<tr>\n<td width=\"302\">Taxe de roulage (Bruxelles, Wallonie, Leasing)<\/td>\n<td width=\"302\">92,93 \u20ac<\/td>\n<\/tr>\n<tr>\n<td width=\"302\">Taxe de roulage (Flandre)<\/td>\n<td width=\"302\">0 \u20ac<\/td>\n<\/tr>\n<tr>\n<td width=\"302\">ATN utilisateur<\/td>\n<td width=\"302\">1.717 \u20ac\/an<\/td>\n<\/tr>\n<tr>\n<td width=\"302\">D\u00e9penses non-admises<\/td>\n<td width=\"302\">292,01 \u20ac\/an<\/td>\n<\/tr>\n<tr>\n<td width=\"302\">Cotisation CO2<\/td>\n<td width=\"302\">27,24 \u20ac<\/td>\n<\/tr>\n<\/tbody>\n<\/table>\n<p>&nbsp;<\/p>\n<p><strong>Galerie photos<\/strong><\/p>\n\n<p style=\"font-weight: 400;\">\n","protected":false},"excerpt":{"rendered":"<p>La Nissan Ariya d\u00e9barque dans un segment o\u00f9 la concurrence s\u2019est d\u00e9j\u00e0 bien install\u00e9e. Face \u00e0 elle, on trouve les Volkswagen ID.4 ou Skoda Enyaq notamment. Mais l\u2019Ariya se distingue par son esth\u00e9tique plut\u00f4t\u2026 audacieuse. Rien que sa couleur de lancement \u2013 bronze \u2013 la rend directement reconnaissable, tout comme sa face avant avec ses [&hellip;]<\/p>\n","protected":false},"author":4,"featured_media":7257,"comment_status":"closed","ping_status":"closed","sticky":false,"template":"","format":"standard","meta":{"_acf_changed":false,"footnotes":""},"categories":[77,76],"tags":[],"class_list":["post-7256","post","type-post","status-publish","format-standard","has-post-thumbnail","hentry","category-importateurs-et-constructeurs-automobiles-vp","category-car"],"acf":[],"yoast_head":"<!-- This site is optimized with the Yoast SEO plugin v27.3 - https:\/\/yoast.com\/product\/yoast-seo-wordpress\/ -->\n<title>Fleet test Nissan Ariya: l\u2019\u00e9lectrique rassurante - link2fleet<\/title>\n<meta name=\"description\" content=\"11 ans apr\u00e8s la commercialisation de la Leaf, Nissan lance (enfin!) son second mod\u00e8le 100% \u00e9lectrique, l\u2019Ariya. Un mod\u00e8le qui s\u2019est largement fait attendre puisque\u2026\" \/>\n<meta name=\"robots\" content=\"index, follow, max-snippet:-1, max-image-preview:large, max-video-preview:-1\" \/>\n<meta property=\"og:locale\" content=\"fr_FR\" \/>\n<meta property=\"og:type\" content=\"article\" \/>\n<meta property=\"og:title\" content=\"Fleet test Nissan Ariya: l\u2019\u00e9lectrique rassurante - link2fleet\" \/>\n<meta property=\"og:description\" content=\"11 ans apr\u00e8s la commercialisation de la Leaf, Nissan lance (enfin!) son second mod\u00e8le 100% \u00e9lectrique, l\u2019Ariya. Un mod\u00e8le qui s\u2019est largement fait attendre puisque\u2026\" \/>\n<meta property=\"og:url\" content=\"https:\/\/www.link2fleet.com\/fr\/fleet-test-nissan-ariya-lelectrique-rassurante\/\" \/>\n<meta property=\"og:site_name\" content=\"link2fleet\" \/>\n<meta property=\"article:published_time\" content=\"2022-07-20T07:06:36+00:00\" \/>\n<meta property=\"article:modified_time\" content=\"2024-04-17T14:46:29+00:00\" \/>\n<meta property=\"og:image\" content=\"https:\/\/static.link2fleet.com\/wp-content\/uploads\/2024\/03\/ariya-2022-highlights-high-007.jpg\" \/>\n\t<meta property=\"og:image:width\" content=\"2400\" \/>\n\t<meta property=\"og:image:height\" content=\"1600\" \/>\n\t<meta property=\"og:image:type\" content=\"image\/jpeg\" \/>\n<meta name=\"author\" content=\"Damien Malvetti\" \/>\n<meta name=\"twitter:card\" content=\"summary_large_image\" \/>\n<meta name=\"twitter:description\" content=\"11 ans apr\u00e8s la commercialisation de la Leaf, Nissan lance (enfin!) son second mod\u00e8le 100% \u00e9lectrique, l\u2019Ariya. Un mod\u00e8le qui s\u2019est largement fait attendre puisque\u2026\" \/>\n<meta name=\"twitter:label1\" content=\"\u00c9crit par\" \/>\n\t<meta name=\"twitter:data1\" content=\"Damien Malvetti\" \/>\n\t<meta name=\"twitter:label2\" content=\"Dur\u00e9e de lecture estim\u00e9e\" \/>\n\t<meta name=\"twitter:data2\" content=\"7 minutes\" \/>\n<script type=\"application\/ld+json\" class=\"yoast-schema-graph\">{\"@context\":\"https:\\\/\\\/schema.org\",\"@graph\":[{\"@type\":\"Article\",\"@id\":\"https:\\\/\\\/www.link2fleet.com\\\/fr\\\/fleet-test-nissan-ariya-lelectrique-rassurante\\\/#article\",\"isPartOf\":{\"@id\":\"https:\\\/\\\/www.link2fleet.com\\\/fr\\\/fleet-test-nissan-ariya-lelectrique-rassurante\\\/\"},\"author\":{\"name\":\"Damien Malvetti\",\"@id\":\"https:\\\/\\\/www.link2fleet.com\\\/fr\\\/#\\\/schema\\\/person\\\/027cd46113c78036b3809c9a054049da\"},\"headline\":\"Fleet test Nissan Ariya: l\u2019\u00e9lectrique rassurante\",\"datePublished\":\"2022-07-20T07:06:36+00:00\",\"dateModified\":\"2024-04-17T14:46:29+00:00\",\"mainEntityOfPage\":{\"@id\":\"https:\\\/\\\/www.link2fleet.com\\\/fr\\\/fleet-test-nissan-ariya-lelectrique-rassurante\\\/\"},\"wordCount\":1364,\"publisher\":{\"@id\":\"https:\\\/\\\/www.link2fleet.com\\\/fr\\\/#organization\"},\"image\":{\"@id\":\"https:\\\/\\\/www.link2fleet.com\\\/fr\\\/fleet-test-nissan-ariya-lelectrique-rassurante\\\/#primaryimage\"},\"thumbnailUrl\":\"https:\\\/\\\/static.link2fleet.com\\\/wp-content\\\/uploads\\\/2024\\\/03\\\/ariya-2022-highlights-high-007.jpg\",\"articleSection\":[\"Importateurs et constructeurs\",\"V\u00e9hicules\"],\"inLanguage\":\"fr-FR\"},{\"@type\":\"WebPage\",\"@id\":\"https:\\\/\\\/www.link2fleet.com\\\/fr\\\/fleet-test-nissan-ariya-lelectrique-rassurante\\\/\",\"url\":\"https:\\\/\\\/www.link2fleet.com\\\/fr\\\/fleet-test-nissan-ariya-lelectrique-rassurante\\\/\",\"name\":\"Fleet test Nissan Ariya: l\u2019\u00e9lectrique rassurante - link2fleet\",\"isPartOf\":{\"@id\":\"https:\\\/\\\/www.link2fleet.com\\\/fr\\\/#website\"},\"primaryImageOfPage\":{\"@id\":\"https:\\\/\\\/www.link2fleet.com\\\/fr\\\/fleet-test-nissan-ariya-lelectrique-rassurante\\\/#primaryimage\"},\"image\":{\"@id\":\"https:\\\/\\\/www.link2fleet.com\\\/fr\\\/fleet-test-nissan-ariya-lelectrique-rassurante\\\/#primaryimage\"},\"thumbnailUrl\":\"https:\\\/\\\/static.link2fleet.com\\\/wp-content\\\/uploads\\\/2024\\\/03\\\/ariya-2022-highlights-high-007.jpg\",\"datePublished\":\"2022-07-20T07:06:36+00:00\",\"dateModified\":\"2024-04-17T14:46:29+00:00\",\"breadcrumb\":{\"@id\":\"https:\\\/\\\/www.link2fleet.com\\\/fr\\\/fleet-test-nissan-ariya-lelectrique-rassurante\\\/#breadcrumb\"},\"inLanguage\":\"fr-FR\",\"potentialAction\":[{\"@type\":\"ReadAction\",\"target\":[\"https:\\\/\\\/www.link2fleet.com\\\/fr\\\/fleet-test-nissan-ariya-lelectrique-rassurante\\\/\"]}]},{\"@type\":\"ImageObject\",\"inLanguage\":\"fr-FR\",\"@id\":\"https:\\\/\\\/www.link2fleet.com\\\/fr\\\/fleet-test-nissan-ariya-lelectrique-rassurante\\\/#primaryimage\",\"url\":\"https:\\\/\\\/static.link2fleet.com\\\/wp-content\\\/uploads\\\/2024\\\/03\\\/ariya-2022-highlights-high-007.jpg\",\"contentUrl\":\"https:\\\/\\\/static.link2fleet.com\\\/wp-content\\\/uploads\\\/2024\\\/03\\\/ariya-2022-highlights-high-007.jpg\",\"width\":2400,\"height\":1600,\"caption\":\"||||||||||||||||||||||||\"},{\"@type\":\"BreadcrumbList\",\"@id\":\"https:\\\/\\\/www.link2fleet.com\\\/fr\\\/fleet-test-nissan-ariya-lelectrique-rassurante\\\/#breadcrumb\",\"itemListElement\":[{\"@type\":\"ListItem\",\"position\":1,\"name\":\"Home\",\"item\":\"https:\\\/\\\/www.link2fleet.com\\\/fr\\\/\"},{\"@type\":\"ListItem\",\"position\":2,\"name\":\"Fleet test Nissan Ariya: l\u2019\u00e9lectrique rassurante\"}]},{\"@type\":\"WebSite\",\"@id\":\"https:\\\/\\\/www.link2fleet.com\\\/fr\\\/#website\",\"url\":\"https:\\\/\\\/www.link2fleet.com\\\/fr\\\/\",\"name\":\"Link2fleet\",\"description\":\"\",\"publisher\":{\"@id\":\"https:\\\/\\\/www.link2fleet.com\\\/fr\\\/#organization\"},\"potentialAction\":[{\"@type\":\"SearchAction\",\"target\":{\"@type\":\"EntryPoint\",\"urlTemplate\":\"https:\\\/\\\/www.link2fleet.com\\\/fr\\\/?s={search_term_string}\"},\"query-input\":{\"@type\":\"PropertyValueSpecification\",\"valueRequired\":true,\"valueName\":\"search_term_string\"}}],\"inLanguage\":\"fr-FR\"},{\"@type\":\"Organization\",\"@id\":\"https:\\\/\\\/www.link2fleet.com\\\/fr\\\/#organization\",\"name\":\"Link2fleet\",\"url\":\"https:\\\/\\\/www.link2fleet.com\\\/fr\\\/\",\"logo\":{\"@type\":\"ImageObject\",\"inLanguage\":\"fr-FR\",\"@id\":\"https:\\\/\\\/www.link2fleet.com\\\/fr\\\/#\\\/schema\\\/logo\\\/image\\\/\",\"url\":\"https:\\\/\\\/static.link2fleet.com\\\/wp-content\\\/uploads\\\/2024\\\/03\\\/share-image.jpg\",\"contentUrl\":\"https:\\\/\\\/static.link2fleet.com\\\/wp-content\\\/uploads\\\/2024\\\/03\\\/share-image.jpg\",\"width\":1200,\"height\":630,\"caption\":\"Link2fleet\"},\"image\":{\"@id\":\"https:\\\/\\\/www.link2fleet.com\\\/fr\\\/#\\\/schema\\\/logo\\\/image\\\/\"},\"sameAs\":[\"https:\\\/\\\/www.linkedin.com\\\/company\\\/link2fleet-belgium\",\"https:\\\/\\\/www.youtube.com\\\/user\\\/MMMBMBE\"]},{\"@type\":\"Person\",\"@id\":\"https:\\\/\\\/www.link2fleet.com\\\/fr\\\/#\\\/schema\\\/person\\\/027cd46113c78036b3809c9a054049da\",\"name\":\"Damien Malvetti\",\"image\":{\"@type\":\"ImageObject\",\"inLanguage\":\"fr-FR\",\"@id\":\"https:\\\/\\\/secure.gravatar.com\\\/avatar\\\/dd8cc03b49466c735f753ac37f8caa371af16dfed347456ed61f02883255eebb?s=96&d=mm&r=g\",\"url\":\"https:\\\/\\\/secure.gravatar.com\\\/avatar\\\/dd8cc03b49466c735f753ac37f8caa371af16dfed347456ed61f02883255eebb?s=96&d=mm&r=g\",\"contentUrl\":\"https:\\\/\\\/secure.gravatar.com\\\/avatar\\\/dd8cc03b49466c735f753ac37f8caa371af16dfed347456ed61f02883255eebb?s=96&d=mm&r=g\",\"caption\":\"Damien Malvetti\"},\"description\":\"Damien Malvetti is opgeleid als journalist en gepassioneerd door wagens, technologie en mobiliteit. Hij is verantwoordelijk voor de redactionele inhoud van link2fleet en beschikt over een uitgebreide kennis van de fleet-sector en elektrische mobiliteit.\",\"sameAs\":[\"https:\\\/\\\/www.linkedin.com\\\/in\\\/damien-malvetti-56601142\\\/\"]}]}<\/script>\n<!-- \/ Yoast SEO plugin. -->","yoast_head_json":{"title":"Fleet test Nissan Ariya: l\u2019\u00e9lectrique rassurante - link2fleet","description":"11 ans apr\u00e8s la commercialisation de la Leaf, Nissan lance (enfin!) son second mod\u00e8le 100% \u00e9lectrique, l\u2019Ariya. Un mod\u00e8le qui s\u2019est largement fait attendre puisque\u2026","robots":{"index":"index","follow":"follow","max-snippet":"max-snippet:-1","max-image-preview":"max-image-preview:large","max-video-preview":"max-video-preview:-1"},"og_locale":"fr_FR","og_type":"article","og_title":"Fleet test Nissan Ariya: l\u2019\u00e9lectrique rassurante - link2fleet","og_description":"11 ans apr\u00e8s la commercialisation de la Leaf, Nissan lance (enfin!) son second mod\u00e8le 100% \u00e9lectrique, l\u2019Ariya. Un mod\u00e8le qui s\u2019est largement fait attendre puisque\u2026","og_url":"https:\/\/www.link2fleet.com\/fr\/fleet-test-nissan-ariya-lelectrique-rassurante\/","og_site_name":"link2fleet","article_published_time":"2022-07-20T07:06:36+00:00","article_modified_time":"2024-04-17T14:46:29+00:00","og_image":[{"width":2400,"height":1600,"url":"https:\/\/static.link2fleet.com\/wp-content\/uploads\/2024\/03\/ariya-2022-highlights-high-007.jpg","type":"image\/jpeg"}],"author":"Damien Malvetti","twitter_card":"summary_large_image","twitter_description":"11 ans apr\u00e8s la commercialisation de la Leaf, Nissan lance (enfin!) son second mod\u00e8le 100% \u00e9lectrique, l\u2019Ariya. Un mod\u00e8le qui s\u2019est largement fait attendre puisque\u2026","twitter_misc":{"\u00c9crit par":"Damien Malvetti","Dur\u00e9e de lecture estim\u00e9e":"7 minutes"},"schema":{"@context":"https:\/\/schema.org","@graph":[{"@type":"Article","@id":"https:\/\/www.link2fleet.com\/fr\/fleet-test-nissan-ariya-lelectrique-rassurante\/#article","isPartOf":{"@id":"https:\/\/www.link2fleet.com\/fr\/fleet-test-nissan-ariya-lelectrique-rassurante\/"},"author":{"name":"Damien Malvetti","@id":"https:\/\/www.link2fleet.com\/fr\/#\/schema\/person\/027cd46113c78036b3809c9a054049da"},"headline":"Fleet test Nissan Ariya: l\u2019\u00e9lectrique rassurante","datePublished":"2022-07-20T07:06:36+00:00","dateModified":"2024-04-17T14:46:29+00:00","mainEntityOfPage":{"@id":"https:\/\/www.link2fleet.com\/fr\/fleet-test-nissan-ariya-lelectrique-rassurante\/"},"wordCount":1364,"publisher":{"@id":"https:\/\/www.link2fleet.com\/fr\/#organization"},"image":{"@id":"https:\/\/www.link2fleet.com\/fr\/fleet-test-nissan-ariya-lelectrique-rassurante\/#primaryimage"},"thumbnailUrl":"https:\/\/static.link2fleet.com\/wp-content\/uploads\/2024\/03\/ariya-2022-highlights-high-007.jpg","articleSection":["Importateurs et constructeurs","V\u00e9hicules"],"inLanguage":"fr-FR"},{"@type":"WebPage","@id":"https:\/\/www.link2fleet.com\/fr\/fleet-test-nissan-ariya-lelectrique-rassurante\/","url":"https:\/\/www.link2fleet.com\/fr\/fleet-test-nissan-ariya-lelectrique-rassurante\/","name":"Fleet test Nissan Ariya: l\u2019\u00e9lectrique rassurante - link2fleet","isPartOf":{"@id":"https:\/\/www.link2fleet.com\/fr\/#website"},"primaryImageOfPage":{"@id":"https:\/\/www.link2fleet.com\/fr\/fleet-test-nissan-ariya-lelectrique-rassurante\/#primaryimage"},"image":{"@id":"https:\/\/www.link2fleet.com\/fr\/fleet-test-nissan-ariya-lelectrique-rassurante\/#primaryimage"},"thumbnailUrl":"https:\/\/static.link2fleet.com\/wp-content\/uploads\/2024\/03\/ariya-2022-highlights-high-007.jpg","datePublished":"2022-07-20T07:06:36+00:00","dateModified":"2024-04-17T14:46:29+00:00","breadcrumb":{"@id":"https:\/\/www.link2fleet.com\/fr\/fleet-test-nissan-ariya-lelectrique-rassurante\/#breadcrumb"},"inLanguage":"fr-FR","potentialAction":[{"@type":"ReadAction","target":["https:\/\/www.link2fleet.com\/fr\/fleet-test-nissan-ariya-lelectrique-rassurante\/"]}]},{"@type":"ImageObject","inLanguage":"fr-FR","@id":"https:\/\/www.link2fleet.com\/fr\/fleet-test-nissan-ariya-lelectrique-rassurante\/#primaryimage","url":"https:\/\/static.link2fleet.com\/wp-content\/uploads\/2024\/03\/ariya-2022-highlights-high-007.jpg","contentUrl":"https:\/\/static.link2fleet.com\/wp-content\/uploads\/2024\/03\/ariya-2022-highlights-high-007.jpg","width":2400,"height":1600,"caption":"||||||||||||||||||||||||"},{"@type":"BreadcrumbList","@id":"https:\/\/www.link2fleet.com\/fr\/fleet-test-nissan-ariya-lelectrique-rassurante\/#breadcrumb","itemListElement":[{"@type":"ListItem","position":1,"name":"Home","item":"https:\/\/www.link2fleet.com\/fr\/"},{"@type":"ListItem","position":2,"name":"Fleet test Nissan Ariya: l\u2019\u00e9lectrique rassurante"}]},{"@type":"WebSite","@id":"https:\/\/www.link2fleet.com\/fr\/#website","url":"https:\/\/www.link2fleet.com\/fr\/","name":"Link2fleet","description":"","publisher":{"@id":"https:\/\/www.link2fleet.com\/fr\/#organization"},"potentialAction":[{"@type":"SearchAction","target":{"@type":"EntryPoint","urlTemplate":"https:\/\/www.link2fleet.com\/fr\/?s={search_term_string}"},"query-input":{"@type":"PropertyValueSpecification","valueRequired":true,"valueName":"search_term_string"}}],"inLanguage":"fr-FR"},{"@type":"Organization","@id":"https:\/\/www.link2fleet.com\/fr\/#organization","name":"Link2fleet","url":"https:\/\/www.link2fleet.com\/fr\/","logo":{"@type":"ImageObject","inLanguage":"fr-FR","@id":"https:\/\/www.link2fleet.com\/fr\/#\/schema\/logo\/image\/","url":"https:\/\/static.link2fleet.com\/wp-content\/uploads\/2024\/03\/share-image.jpg","contentUrl":"https:\/\/static.link2fleet.com\/wp-content\/uploads\/2024\/03\/share-image.jpg","width":1200,"height":630,"caption":"Link2fleet"},"image":{"@id":"https:\/\/www.link2fleet.com\/fr\/#\/schema\/logo\/image\/"},"sameAs":["https:\/\/www.linkedin.com\/company\/link2fleet-belgium","https:\/\/www.youtube.com\/user\/MMMBMBE"]},{"@type":"Person","@id":"https:\/\/www.link2fleet.com\/fr\/#\/schema\/person\/027cd46113c78036b3809c9a054049da","name":"Damien Malvetti","image":{"@type":"ImageObject","inLanguage":"fr-FR","@id":"https:\/\/secure.gravatar.com\/avatar\/dd8cc03b49466c735f753ac37f8caa371af16dfed347456ed61f02883255eebb?s=96&d=mm&r=g","url":"https:\/\/secure.gravatar.com\/avatar\/dd8cc03b49466c735f753ac37f8caa371af16dfed347456ed61f02883255eebb?s=96&d=mm&r=g","contentUrl":"https:\/\/secure.gravatar.com\/avatar\/dd8cc03b49466c735f753ac37f8caa371af16dfed347456ed61f02883255eebb?s=96&d=mm&r=g","caption":"Damien Malvetti"},"description":"Damien Malvetti is opgeleid als journalist en gepassioneerd door wagens, technologie en mobiliteit. Hij is verantwoordelijk voor de redactionele inhoud van link2fleet en beschikt over een uitgebreide kennis van de fleet-sector en elektrische mobiliteit.","sameAs":["https:\/\/www.linkedin.com\/in\/damien-malvetti-56601142\/"]}]}},"_links":{"self":[{"href":"https:\/\/www.link2fleet.com\/fr\/wp-json\/wp\/v2\/posts\/7256","targetHints":{"allow":["GET"]}}],"collection":[{"href":"https:\/\/www.link2fleet.com\/fr\/wp-json\/wp\/v2\/posts"}],"about":[{"href":"https:\/\/www.link2fleet.com\/fr\/wp-json\/wp\/v2\/types\/post"}],"author":[{"embeddable":true,"href":"https:\/\/www.link2fleet.com\/fr\/wp-json\/wp\/v2\/users\/4"}],"replies":[{"embeddable":true,"href":"https:\/\/www.link2fleet.com\/fr\/wp-json\/wp\/v2\/comments?post=7256"}],"version-history":[{"count":0,"href":"https:\/\/www.link2fleet.com\/fr\/wp-json\/wp\/v2\/posts\/7256\/revisions"}],"wp:featuredmedia":[{"embeddable":true,"href":"https:\/\/www.link2fleet.com\/fr\/wp-json\/wp\/v2\/media\/7257"}],"wp:attachment":[{"href":"https:\/\/www.link2fleet.com\/fr\/wp-json\/wp\/v2\/media?parent=7256"}],"wp:term":[{"taxonomy":"category","embeddable":true,"href":"https:\/\/www.link2fleet.com\/fr\/wp-json\/wp\/v2\/categories?post=7256"},{"taxonomy":"post_tag","embeddable":true,"href":"https:\/\/www.link2fleet.com\/fr\/wp-json\/wp\/v2\/tags?post=7256"}],"curies":[{"name":"wp","href":"https:\/\/api.w.org\/{rel}","templated":true}]}}