{"id":7328,"date":"2022-08-22T07:46:14","date_gmt":"2022-08-22T05:46:14","guid":{"rendered":"https:\/\/www.link2fleet.com\/arval-voici-les-10-voitures-de-societe-les-plus-commandees-au-cours-du-premier-semestre-2022\/"},"modified":"2024-04-17T16:46:26","modified_gmt":"2024-04-17T14:46:26","slug":"arval-voici-les-10-voitures-de-societe-les-plus-commandees-au-cours-du-premier-semestre-2022","status":"publish","type":"post","link":"https:\/\/www.link2fleet.com\/fr\/arval-voici-les-10-voitures-de-societe-les-plus-commandees-au-cours-du-premier-semestre-2022\/","title":{"rendered":"Arval: voici les 10 voitures de soci\u00e9t\u00e9 les plus command\u00e9es au cours du premier semestre 2022"},"content":{"rendered":"<p>En d\u00e9pit des d\u00e9lais de livraison de nouveaux v\u00e9hicules, toujours plus longs en raison de la p\u00e9nurie des semi-conducteurs et des r\u00e9percussions de la guerre en Ukraine sur les stocks de mati\u00e8res premi\u00e8res, la voiture de soci\u00e9t\u00e9 demeure une composante appr\u00e9ci\u00e9e de la r\u00e9mun\u00e9ration des travailleurs, selon <a title=\"https:\/\/news.bepublic.be\/barometre-2022-darval-mobility-observatory--le-teletravail-ne-freine-en-rien-la-croissance-du-parc-automobile-belge\" contenteditable=\"false\" href=\"https:\/\/news.bepublic.be\/barometre-2022-darval-mobility-observatory--le-teletravail-ne-freine-en-rien-la-croissance-du-parc-automobile-belge\" target=\"_blank\" rel=\"noreferrer noopener\">une \u00e9tude r\u00e9alis\u00e9e par Arval, le leader du march\u00e9<\/a>. L\u2019analyse des commandes de voitures pass\u00e9es par les clients d\u2019Arval pour leurs collaborateurs, au cours du premier semestre de 2022, r\u00e9v\u00e8le qu\u2019\u00e0 court terme de nombreux v\u00e9hicules SUV \u00e9lectriques feront leur apparition sur les routes belges.<\/p>\n<p class=\"spacer\">\n<table class=\"table table-bordered\">\n<tbody>\n<tr>\n<td class=\"border\">\n<div class=\"text-default v-spacing\">\n<p><strong>TOP\u00a010 des voitures command\u00e9es Arval\u00a02022<\/strong><\/p>\n<\/div>\n<\/td>\n<td class=\"border\">\n<div class=\"text-default v-spacing\">\n<p><strong>TOP\u00a010 des voitures command\u00e9es, enti\u00e8rement \u00e9lectriques, Arval\u00a02022<\/strong><\/p>\n<\/div>\n<\/td>\n<\/tr>\n<tr>\n<td class=\"border\">\n<div class=\"text-default v-spacing\">\n<p>Mercedes EQA<\/p>\n<\/div>\n<\/td>\n<td class=\"border\">\n<div class=\"text-default v-spacing\">\n<p>Mercedes EQA<\/p>\n<\/div>\n<\/td>\n<\/tr>\n<tr>\n<td class=\"border\">\n<div class=\"text-default v-spacing\">\n<p>VW Golf Benzine<\/p>\n<\/div>\n<\/td>\n<td class=\"border\">\n<div class=\"text-default v-spacing\">\n<p>BMW\u00a0iX3<\/p>\n<\/div>\n<\/td>\n<\/tr>\n<tr>\n<td class=\"border\">\n<div class=\"text-default v-spacing\">\n<p>BMW\u00a0iX3<\/p>\n<\/div>\n<\/td>\n<td class=\"border\">\n<div class=\"text-default v-spacing\">\n<p>Q4 e-tron<\/p>\n<\/div>\n<\/td>\n<\/tr>\n<tr>\n<td class=\"border\">\n<div class=\"text-default v-spacing\">\n<p>Audi Q\u00a04 e-tron<\/p>\n<\/div>\n<\/td>\n<td class=\"border\">\n<div class=\"text-default v-spacing\">\n<p>KIA\u00a0EV6<\/p>\n<\/div>\n<\/td>\n<\/tr>\n<tr>\n<td class=\"border\">\n<div class=\"text-default v-spacing\">\n<p>Volvo\u00a0XC40 PHEV<\/p>\n<\/div>\n<\/td>\n<td class=\"border\">\n<div class=\"text-default v-spacing\">\n<p>Volvo\u00a0XC40<\/p>\n<\/div>\n<\/td>\n<\/tr>\n<tr>\n<td class=\"border\">\n<div class=\"text-default v-spacing\">\n<p>KIA\u00a0EV6<\/p>\n<\/div>\n<\/td>\n<td class=\"border\">\n<div class=\"text-default v-spacing\">\n<p>Mercedes EQB<\/p>\n<\/div>\n<\/td>\n<\/tr>\n<tr>\n<td class=\"border\">\n<div class=\"text-default v-spacing\">\n<p>Volvo\u00a0XC40 BEV<\/p>\n<\/div>\n<\/td>\n<td class=\"border\">\n<div class=\"text-default v-spacing\">\n<p>VW\u00a0ID4<\/p>\n<\/div>\n<\/td>\n<\/tr>\n<tr>\n<td class=\"border\">\n<div class=\"text-default v-spacing\">\n<p>Hyundai Tucson PHEV<\/p>\n<\/div>\n<\/td>\n<td class=\"border\">\n<div class=\"text-default v-spacing\">\n<p>VW\u00a0ID3<\/p>\n<\/div>\n<\/td>\n<\/tr>\n<tr>\n<td class=\"border\">\n<div class=\"text-default v-spacing\">\n<p>Mercedes EQB<\/p>\n<\/div>\n<\/td>\n<td class=\"border\">\n<div class=\"text-default v-spacing\">\n<p>Skoda Enyaq<\/p>\n<\/div>\n<\/td>\n<\/tr>\n<tr>\n<td class=\"border\">\n<div class=\"text-default v-spacing\">\n<p>VW\u00a0ID4<\/p>\n<\/div>\n<\/td>\n<td class=\"border\">\n<div class=\"text-default v-spacing\">\n<p>Q4 SB e-tron<\/p>\n<\/div>\n<\/td>\n<\/tr>\n<\/tbody>\n<\/table>\n<p class=\"spacer\">\n<blockquote><p><em>\u00ab\u2009Sept v\u00e9hicules du top\u00a010 sont des SUV \u00e9lectriques. La fiscalit\u00e9 motive largement le choix du moteur \u00e9lectrique, et les constructeurs scrutent minutieusement les souhaits du grand public \u00e0 l\u2019\u00e9chelle mondiale. Cette derni\u00e8re d\u00e9cennie, la pr\u00e9dilection pour les SUV\u00a0est devenue \u00e9vidente\u2009; c\u2019est la raison pour laquelle les premiers mod\u00e8les break \u00e9lectriques qui auparavant avaient la cote aupr\u00e8s des conducteurs de voitures de soci\u00e9t\u00e9 ne sont produits que maintenant.\u2009\u00bb<\/em><br \/>\n<strong>\u200bYves Ceurstemont de Arval Consulting<\/strong><\/p><\/blockquote>\n<p class=\"spacer\">\n<p>Les plug-ins hybrides dans le top\u00a010 sont \u00e9galement des SUV, m\u00eame si l\u2019on sait d\u00e9sormais que ce type de motorisation n\u2019est int\u00e9ressant que pour un nombre tr\u00e8s limit\u00e9 de conducteurs. Selon Arval, le conducteur ne peut rouler que 20\u00a0% de son temps en non \u00e9lectrique s\u2019il veut limiter les frais pour l\u2019entreprise.<\/p>\n<blockquote><p><em>\u00ab\u2009Actuellement, il n\u2019y a encore aucune analyse de profil de conduite, et le conducteur ne recharge pas encore syst\u00e9matiquement son v\u00e9hicule plug-in hybride. D\u2019un point de vue purement scientifique, les SUV sont g\u00e9n\u00e9ralement contre-productifs en termes de conduite \u00e9cologique et d\u2019autonomie, en raison de leur forme\u2009; c\u2019est aussi pour cette raison que la Golf Volkswagen est si populaire aupr\u00e8s de ceux qui n\u2019ont pas la possibilit\u00e9 d\u2019opter pour un v\u00e9hicule \u00e9lectrique. Cette voiture offre une r\u00e9sistance \u00e0 l\u2019air moins importante qu\u2019un SUV comparable, ce qui permet de r\u00e9duire les \u00e9missions de CO2.\u2009\u00bb<br \/>\n<strong>\u200b<\/strong><\/em><strong>Yves Ceurstemont de Arval Consulting<\/strong><\/p><\/blockquote>\n<p class=\"spacer\">\n<p>Ceux qui ont encore une voiture de soci\u00e9t\u00e9 \u00e9quip\u00e9e d\u2019un moteur thermique ou qui optent pour ce type de motorisation verront prochainement leur avantage de toute nature grimper en fl\u00e8che.<\/p>\n<blockquote><p><em>\u00ab\u2009Outre la d\u00e9duction attractive pour les entreprises, l\u2019avantage de toute nature joue un r\u00f4le ind\u00e9niable dans le choix, en tant que facteur fiscal suppl\u00e9mentaire. Le calcul d\u2019un avantage de toute nature tient compte d\u2019une \u201cmoyenne CO2\u201d fix\u00e9e par le gouvernement. Cette valeur diminue avec le nombre croissant de voitures \u00e9lectriques et absorbe enti\u00e8rement la r\u00e9duction fix\u00e9e pour chaque ann\u00e9e de v\u00e9tust\u00e9 de la voiture.\u2009\u00bb<\/em><br \/>\n<strong>\u200bYves Ceurstemont de Arval Consulting<\/strong><\/p><\/blockquote>\n","protected":false},"excerpt":{"rendered":"<p>En d\u00e9pit des d\u00e9lais de livraison de nouveaux v\u00e9hicules, toujours plus longs en raison de la p\u00e9nurie des semi-conducteurs et des r\u00e9percussions de la guerre en Ukraine sur les stocks de mati\u00e8res premi\u00e8res, la voiture de soci\u00e9t\u00e9 demeure une composante appr\u00e9ci\u00e9e de la r\u00e9mun\u00e9ration des travailleurs, selon une \u00e9tude r\u00e9alis\u00e9e par Arval, le leader du [&hellip;]<\/p>\n","protected":false},"author":4,"featured_media":3674,"comment_status":"closed","ping_status":"closed","sticky":false,"template":"","format":"standard","meta":{"_acf_changed":false,"footnotes":""},"categories":[91,79],"tags":[],"class_list":["post-7328","post","type-post","status-publish","format-standard","has-post-thumbnail","hentry","category-expertise-et-management","category-societes-de-leasing"],"acf":[],"yoast_head":"<!-- This site is optimized with the Yoast SEO plugin v27.3 - https:\/\/yoast.com\/product\/yoast-seo-wordpress\/ -->\n<title>Arval: voici les 10 voitures de soci\u00e9t\u00e9 les plus command\u00e9es au cours du premier semestre 2022 - link2fleet<\/title>\n<meta name=\"description\" content=\"Les entreprises autorisent largement leurs collaborateurs \u00e0 commander un SUV \u00e9lectrique, selon une analyse des commandes de nouvelles voitures de soci\u00e9t\u00e9 au cours du premier\u2026\" \/>\n<meta name=\"robots\" content=\"index, follow, max-snippet:-1, max-image-preview:large, max-video-preview:-1\" \/>\n<meta property=\"og:locale\" content=\"fr_FR\" \/>\n<meta property=\"og:type\" content=\"article\" \/>\n<meta property=\"og:title\" content=\"Arval: voici les 10 voitures de soci\u00e9t\u00e9 les plus command\u00e9es au cours du premier semestre 2022 - link2fleet\" \/>\n<meta property=\"og:description\" content=\"Les entreprises autorisent largement leurs collaborateurs \u00e0 commander un SUV \u00e9lectrique, selon une analyse des commandes de nouvelles voitures de soci\u00e9t\u00e9 au cours du premier\u2026\" \/>\n<meta property=\"og:url\" content=\"https:\/\/www.link2fleet.com\/fr\/arval-voici-les-10-voitures-de-societe-les-plus-commandees-au-cours-du-premier-semestre-2022\/\" \/>\n<meta property=\"og:site_name\" content=\"link2fleet\" \/>\n<meta property=\"article:published_time\" content=\"2022-08-22T05:46:14+00:00\" \/>\n<meta property=\"article:modified_time\" content=\"2024-04-17T14:46:26+00:00\" \/>\n<meta property=\"og:image\" content=\"https:\/\/static.link2fleet.com\/wp-content\/uploads\/2024\/03\/mercedes-eqa-250-review7-min.jpg\" \/>\n\t<meta property=\"og:image:width\" content=\"1200\" \/>\n\t<meta property=\"og:image:height\" content=\"800\" \/>\n\t<meta property=\"og:image:type\" content=\"image\/jpeg\" \/>\n<meta name=\"author\" content=\"Damien Malvetti\" \/>\n<meta name=\"twitter:card\" content=\"summary_large_image\" \/>\n<meta name=\"twitter:description\" content=\"Les entreprises autorisent largement leurs collaborateurs \u00e0 commander un SUV \u00e9lectrique, selon une analyse des commandes de nouvelles voitures de soci\u00e9t\u00e9 au cours du premier\u2026\" \/>\n<meta name=\"twitter:label1\" content=\"\u00c9crit par\" \/>\n\t<meta name=\"twitter:data1\" content=\"Damien Malvetti\" \/>\n\t<meta name=\"twitter:label2\" content=\"Dur\u00e9e de lecture estim\u00e9e\" \/>\n\t<meta name=\"twitter:data2\" content=\"3 minutes\" \/>\n<script type=\"application\/ld+json\" class=\"yoast-schema-graph\">{\"@context\":\"https:\\\/\\\/schema.org\",\"@graph\":[{\"@type\":\"Article\",\"@id\":\"https:\\\/\\\/www.link2fleet.com\\\/fr\\\/arval-voici-les-10-voitures-de-societe-les-plus-commandees-au-cours-du-premier-semestre-2022\\\/#article\",\"isPartOf\":{\"@id\":\"https:\\\/\\\/www.link2fleet.com\\\/fr\\\/arval-voici-les-10-voitures-de-societe-les-plus-commandees-au-cours-du-premier-semestre-2022\\\/\"},\"author\":{\"name\":\"Damien Malvetti\",\"@id\":\"https:\\\/\\\/www.link2fleet.com\\\/fr\\\/#\\\/schema\\\/person\\\/027cd46113c78036b3809c9a054049da\"},\"headline\":\"Arval: voici les 10 voitures de soci\u00e9t\u00e9 les plus command\u00e9es au cours du premier semestre 2022\",\"datePublished\":\"2022-08-22T05:46:14+00:00\",\"dateModified\":\"2024-04-17T14:46:26+00:00\",\"mainEntityOfPage\":{\"@id\":\"https:\\\/\\\/www.link2fleet.com\\\/fr\\\/arval-voici-les-10-voitures-de-societe-les-plus-commandees-au-cours-du-premier-semestre-2022\\\/\"},\"wordCount\":556,\"publisher\":{\"@id\":\"https:\\\/\\\/www.link2fleet.com\\\/fr\\\/#organization\"},\"image\":{\"@id\":\"https:\\\/\\\/www.link2fleet.com\\\/fr\\\/arval-voici-les-10-voitures-de-societe-les-plus-commandees-au-cours-du-premier-semestre-2022\\\/#primaryimage\"},\"thumbnailUrl\":\"https:\\\/\\\/static.link2fleet.com\\\/wp-content\\\/uploads\\\/2024\\\/03\\\/mercedes-eqa-250-review7-min.jpg\",\"articleSection\":[\"Gestion de flotte\",\"Location long-terme\"],\"inLanguage\":\"fr-FR\"},{\"@type\":\"WebPage\",\"@id\":\"https:\\\/\\\/www.link2fleet.com\\\/fr\\\/arval-voici-les-10-voitures-de-societe-les-plus-commandees-au-cours-du-premier-semestre-2022\\\/\",\"url\":\"https:\\\/\\\/www.link2fleet.com\\\/fr\\\/arval-voici-les-10-voitures-de-societe-les-plus-commandees-au-cours-du-premier-semestre-2022\\\/\",\"name\":\"Arval: voici les 10 voitures de soci\u00e9t\u00e9 les plus command\u00e9es au cours du premier semestre 2022 - link2fleet\",\"isPartOf\":{\"@id\":\"https:\\\/\\\/www.link2fleet.com\\\/fr\\\/#website\"},\"primaryImageOfPage\":{\"@id\":\"https:\\\/\\\/www.link2fleet.com\\\/fr\\\/arval-voici-les-10-voitures-de-societe-les-plus-commandees-au-cours-du-premier-semestre-2022\\\/#primaryimage\"},\"image\":{\"@id\":\"https:\\\/\\\/www.link2fleet.com\\\/fr\\\/arval-voici-les-10-voitures-de-societe-les-plus-commandees-au-cours-du-premier-semestre-2022\\\/#primaryimage\"},\"thumbnailUrl\":\"https:\\\/\\\/static.link2fleet.com\\\/wp-content\\\/uploads\\\/2024\\\/03\\\/mercedes-eqa-250-review7-min.jpg\",\"datePublished\":\"2022-08-22T05:46:14+00:00\",\"dateModified\":\"2024-04-17T14:46:26+00:00\",\"breadcrumb\":{\"@id\":\"https:\\\/\\\/www.link2fleet.com\\\/fr\\\/arval-voici-les-10-voitures-de-societe-les-plus-commandees-au-cours-du-premier-semestre-2022\\\/#breadcrumb\"},\"inLanguage\":\"fr-FR\",\"potentialAction\":[{\"@type\":\"ReadAction\",\"target\":[\"https:\\\/\\\/www.link2fleet.com\\\/fr\\\/arval-voici-les-10-voitures-de-societe-les-plus-commandees-au-cours-du-premier-semestre-2022\\\/\"]}]},{\"@type\":\"ImageObject\",\"inLanguage\":\"fr-FR\",\"@id\":\"https:\\\/\\\/www.link2fleet.com\\\/fr\\\/arval-voici-les-10-voitures-de-societe-les-plus-commandees-au-cours-du-premier-semestre-2022\\\/#primaryimage\",\"url\":\"https:\\\/\\\/static.link2fleet.com\\\/wp-content\\\/uploads\\\/2024\\\/03\\\/mercedes-eqa-250-review7-min.jpg\",\"contentUrl\":\"https:\\\/\\\/static.link2fleet.com\\\/wp-content\\\/uploads\\\/2024\\\/03\\\/mercedes-eqa-250-review7-min.jpg\",\"width\":1200,\"height\":800,\"caption\":\"|||||||||||\"},{\"@type\":\"BreadcrumbList\",\"@id\":\"https:\\\/\\\/www.link2fleet.com\\\/fr\\\/arval-voici-les-10-voitures-de-societe-les-plus-commandees-au-cours-du-premier-semestre-2022\\\/#breadcrumb\",\"itemListElement\":[{\"@type\":\"ListItem\",\"position\":1,\"name\":\"Home\",\"item\":\"https:\\\/\\\/www.link2fleet.com\\\/fr\\\/\"},{\"@type\":\"ListItem\",\"position\":2,\"name\":\"Arval: voici les 10 voitures de soci\u00e9t\u00e9 les plus command\u00e9es au cours du premier semestre 2022\"}]},{\"@type\":\"WebSite\",\"@id\":\"https:\\\/\\\/www.link2fleet.com\\\/fr\\\/#website\",\"url\":\"https:\\\/\\\/www.link2fleet.com\\\/fr\\\/\",\"name\":\"Link2fleet\",\"description\":\"\",\"publisher\":{\"@id\":\"https:\\\/\\\/www.link2fleet.com\\\/fr\\\/#organization\"},\"potentialAction\":[{\"@type\":\"SearchAction\",\"target\":{\"@type\":\"EntryPoint\",\"urlTemplate\":\"https:\\\/\\\/www.link2fleet.com\\\/fr\\\/?s={search_term_string}\"},\"query-input\":{\"@type\":\"PropertyValueSpecification\",\"valueRequired\":true,\"valueName\":\"search_term_string\"}}],\"inLanguage\":\"fr-FR\"},{\"@type\":\"Organization\",\"@id\":\"https:\\\/\\\/www.link2fleet.com\\\/fr\\\/#organization\",\"name\":\"Link2fleet\",\"url\":\"https:\\\/\\\/www.link2fleet.com\\\/fr\\\/\",\"logo\":{\"@type\":\"ImageObject\",\"inLanguage\":\"fr-FR\",\"@id\":\"https:\\\/\\\/www.link2fleet.com\\\/fr\\\/#\\\/schema\\\/logo\\\/image\\\/\",\"url\":\"https:\\\/\\\/static.link2fleet.com\\\/wp-content\\\/uploads\\\/2024\\\/03\\\/share-image.jpg\",\"contentUrl\":\"https:\\\/\\\/static.link2fleet.com\\\/wp-content\\\/uploads\\\/2024\\\/03\\\/share-image.jpg\",\"width\":1200,\"height\":630,\"caption\":\"Link2fleet\"},\"image\":{\"@id\":\"https:\\\/\\\/www.link2fleet.com\\\/fr\\\/#\\\/schema\\\/logo\\\/image\\\/\"},\"sameAs\":[\"https:\\\/\\\/www.linkedin.com\\\/company\\\/link2fleet-belgium\",\"https:\\\/\\\/www.youtube.com\\\/user\\\/MMMBMBE\"]},{\"@type\":\"Person\",\"@id\":\"https:\\\/\\\/www.link2fleet.com\\\/fr\\\/#\\\/schema\\\/person\\\/027cd46113c78036b3809c9a054049da\",\"name\":\"Damien Malvetti\",\"image\":{\"@type\":\"ImageObject\",\"inLanguage\":\"fr-FR\",\"@id\":\"https:\\\/\\\/secure.gravatar.com\\\/avatar\\\/dd8cc03b49466c735f753ac37f8caa371af16dfed347456ed61f02883255eebb?s=96&d=mm&r=g\",\"url\":\"https:\\\/\\\/secure.gravatar.com\\\/avatar\\\/dd8cc03b49466c735f753ac37f8caa371af16dfed347456ed61f02883255eebb?s=96&d=mm&r=g\",\"contentUrl\":\"https:\\\/\\\/secure.gravatar.com\\\/avatar\\\/dd8cc03b49466c735f753ac37f8caa371af16dfed347456ed61f02883255eebb?s=96&d=mm&r=g\",\"caption\":\"Damien Malvetti\"},\"description\":\"Damien Malvetti is opgeleid als journalist en gepassioneerd door wagens, technologie en mobiliteit. Hij is verantwoordelijk voor de redactionele inhoud van link2fleet en beschikt over een uitgebreide kennis van de fleet-sector en elektrische mobiliteit.\",\"sameAs\":[\"https:\\\/\\\/www.linkedin.com\\\/in\\\/damien-malvetti-56601142\\\/\"]}]}<\/script>\n<!-- \/ Yoast SEO plugin. -->","yoast_head_json":{"title":"Arval: voici les 10 voitures de soci\u00e9t\u00e9 les plus command\u00e9es au cours du premier semestre 2022 - link2fleet","description":"Les entreprises autorisent largement leurs collaborateurs \u00e0 commander un SUV \u00e9lectrique, selon une analyse des commandes de nouvelles voitures de soci\u00e9t\u00e9 au cours du premier\u2026","robots":{"index":"index","follow":"follow","max-snippet":"max-snippet:-1","max-image-preview":"max-image-preview:large","max-video-preview":"max-video-preview:-1"},"og_locale":"fr_FR","og_type":"article","og_title":"Arval: voici les 10 voitures de soci\u00e9t\u00e9 les plus command\u00e9es au cours du premier semestre 2022 - link2fleet","og_description":"Les entreprises autorisent largement leurs collaborateurs \u00e0 commander un SUV \u00e9lectrique, selon une analyse des commandes de nouvelles voitures de soci\u00e9t\u00e9 au cours du premier\u2026","og_url":"https:\/\/www.link2fleet.com\/fr\/arval-voici-les-10-voitures-de-societe-les-plus-commandees-au-cours-du-premier-semestre-2022\/","og_site_name":"link2fleet","article_published_time":"2022-08-22T05:46:14+00:00","article_modified_time":"2024-04-17T14:46:26+00:00","og_image":[{"width":1200,"height":800,"url":"https:\/\/static.link2fleet.com\/wp-content\/uploads\/2024\/03\/mercedes-eqa-250-review7-min.jpg","type":"image\/jpeg"}],"author":"Damien Malvetti","twitter_card":"summary_large_image","twitter_description":"Les entreprises autorisent largement leurs collaborateurs \u00e0 commander un SUV \u00e9lectrique, selon une analyse des commandes de nouvelles voitures de soci\u00e9t\u00e9 au cours du premier\u2026","twitter_misc":{"\u00c9crit par":"Damien Malvetti","Dur\u00e9e de lecture estim\u00e9e":"3 minutes"},"schema":{"@context":"https:\/\/schema.org","@graph":[{"@type":"Article","@id":"https:\/\/www.link2fleet.com\/fr\/arval-voici-les-10-voitures-de-societe-les-plus-commandees-au-cours-du-premier-semestre-2022\/#article","isPartOf":{"@id":"https:\/\/www.link2fleet.com\/fr\/arval-voici-les-10-voitures-de-societe-les-plus-commandees-au-cours-du-premier-semestre-2022\/"},"author":{"name":"Damien Malvetti","@id":"https:\/\/www.link2fleet.com\/fr\/#\/schema\/person\/027cd46113c78036b3809c9a054049da"},"headline":"Arval: voici les 10 voitures de soci\u00e9t\u00e9 les plus command\u00e9es au cours du premier semestre 2022","datePublished":"2022-08-22T05:46:14+00:00","dateModified":"2024-04-17T14:46:26+00:00","mainEntityOfPage":{"@id":"https:\/\/www.link2fleet.com\/fr\/arval-voici-les-10-voitures-de-societe-les-plus-commandees-au-cours-du-premier-semestre-2022\/"},"wordCount":556,"publisher":{"@id":"https:\/\/www.link2fleet.com\/fr\/#organization"},"image":{"@id":"https:\/\/www.link2fleet.com\/fr\/arval-voici-les-10-voitures-de-societe-les-plus-commandees-au-cours-du-premier-semestre-2022\/#primaryimage"},"thumbnailUrl":"https:\/\/static.link2fleet.com\/wp-content\/uploads\/2024\/03\/mercedes-eqa-250-review7-min.jpg","articleSection":["Gestion de flotte","Location long-terme"],"inLanguage":"fr-FR"},{"@type":"WebPage","@id":"https:\/\/www.link2fleet.com\/fr\/arval-voici-les-10-voitures-de-societe-les-plus-commandees-au-cours-du-premier-semestre-2022\/","url":"https:\/\/www.link2fleet.com\/fr\/arval-voici-les-10-voitures-de-societe-les-plus-commandees-au-cours-du-premier-semestre-2022\/","name":"Arval: voici les 10 voitures de soci\u00e9t\u00e9 les plus command\u00e9es au cours du premier semestre 2022 - link2fleet","isPartOf":{"@id":"https:\/\/www.link2fleet.com\/fr\/#website"},"primaryImageOfPage":{"@id":"https:\/\/www.link2fleet.com\/fr\/arval-voici-les-10-voitures-de-societe-les-plus-commandees-au-cours-du-premier-semestre-2022\/#primaryimage"},"image":{"@id":"https:\/\/www.link2fleet.com\/fr\/arval-voici-les-10-voitures-de-societe-les-plus-commandees-au-cours-du-premier-semestre-2022\/#primaryimage"},"thumbnailUrl":"https:\/\/static.link2fleet.com\/wp-content\/uploads\/2024\/03\/mercedes-eqa-250-review7-min.jpg","datePublished":"2022-08-22T05:46:14+00:00","dateModified":"2024-04-17T14:46:26+00:00","breadcrumb":{"@id":"https:\/\/www.link2fleet.com\/fr\/arval-voici-les-10-voitures-de-societe-les-plus-commandees-au-cours-du-premier-semestre-2022\/#breadcrumb"},"inLanguage":"fr-FR","potentialAction":[{"@type":"ReadAction","target":["https:\/\/www.link2fleet.com\/fr\/arval-voici-les-10-voitures-de-societe-les-plus-commandees-au-cours-du-premier-semestre-2022\/"]}]},{"@type":"ImageObject","inLanguage":"fr-FR","@id":"https:\/\/www.link2fleet.com\/fr\/arval-voici-les-10-voitures-de-societe-les-plus-commandees-au-cours-du-premier-semestre-2022\/#primaryimage","url":"https:\/\/static.link2fleet.com\/wp-content\/uploads\/2024\/03\/mercedes-eqa-250-review7-min.jpg","contentUrl":"https:\/\/static.link2fleet.com\/wp-content\/uploads\/2024\/03\/mercedes-eqa-250-review7-min.jpg","width":1200,"height":800,"caption":"|||||||||||"},{"@type":"BreadcrumbList","@id":"https:\/\/www.link2fleet.com\/fr\/arval-voici-les-10-voitures-de-societe-les-plus-commandees-au-cours-du-premier-semestre-2022\/#breadcrumb","itemListElement":[{"@type":"ListItem","position":1,"name":"Home","item":"https:\/\/www.link2fleet.com\/fr\/"},{"@type":"ListItem","position":2,"name":"Arval: voici les 10 voitures de soci\u00e9t\u00e9 les plus command\u00e9es au cours du premier semestre 2022"}]},{"@type":"WebSite","@id":"https:\/\/www.link2fleet.com\/fr\/#website","url":"https:\/\/www.link2fleet.com\/fr\/","name":"Link2fleet","description":"","publisher":{"@id":"https:\/\/www.link2fleet.com\/fr\/#organization"},"potentialAction":[{"@type":"SearchAction","target":{"@type":"EntryPoint","urlTemplate":"https:\/\/www.link2fleet.com\/fr\/?s={search_term_string}"},"query-input":{"@type":"PropertyValueSpecification","valueRequired":true,"valueName":"search_term_string"}}],"inLanguage":"fr-FR"},{"@type":"Organization","@id":"https:\/\/www.link2fleet.com\/fr\/#organization","name":"Link2fleet","url":"https:\/\/www.link2fleet.com\/fr\/","logo":{"@type":"ImageObject","inLanguage":"fr-FR","@id":"https:\/\/www.link2fleet.com\/fr\/#\/schema\/logo\/image\/","url":"https:\/\/static.link2fleet.com\/wp-content\/uploads\/2024\/03\/share-image.jpg","contentUrl":"https:\/\/static.link2fleet.com\/wp-content\/uploads\/2024\/03\/share-image.jpg","width":1200,"height":630,"caption":"Link2fleet"},"image":{"@id":"https:\/\/www.link2fleet.com\/fr\/#\/schema\/logo\/image\/"},"sameAs":["https:\/\/www.linkedin.com\/company\/link2fleet-belgium","https:\/\/www.youtube.com\/user\/MMMBMBE"]},{"@type":"Person","@id":"https:\/\/www.link2fleet.com\/fr\/#\/schema\/person\/027cd46113c78036b3809c9a054049da","name":"Damien Malvetti","image":{"@type":"ImageObject","inLanguage":"fr-FR","@id":"https:\/\/secure.gravatar.com\/avatar\/dd8cc03b49466c735f753ac37f8caa371af16dfed347456ed61f02883255eebb?s=96&d=mm&r=g","url":"https:\/\/secure.gravatar.com\/avatar\/dd8cc03b49466c735f753ac37f8caa371af16dfed347456ed61f02883255eebb?s=96&d=mm&r=g","contentUrl":"https:\/\/secure.gravatar.com\/avatar\/dd8cc03b49466c735f753ac37f8caa371af16dfed347456ed61f02883255eebb?s=96&d=mm&r=g","caption":"Damien Malvetti"},"description":"Damien Malvetti is opgeleid als journalist en gepassioneerd door wagens, technologie en mobiliteit. Hij is verantwoordelijk voor de redactionele inhoud van link2fleet en beschikt over een uitgebreide kennis van de fleet-sector en elektrische mobiliteit.","sameAs":["https:\/\/www.linkedin.com\/in\/damien-malvetti-56601142\/"]}]}},"_links":{"self":[{"href":"https:\/\/www.link2fleet.com\/fr\/wp-json\/wp\/v2\/posts\/7328","targetHints":{"allow":["GET"]}}],"collection":[{"href":"https:\/\/www.link2fleet.com\/fr\/wp-json\/wp\/v2\/posts"}],"about":[{"href":"https:\/\/www.link2fleet.com\/fr\/wp-json\/wp\/v2\/types\/post"}],"author":[{"embeddable":true,"href":"https:\/\/www.link2fleet.com\/fr\/wp-json\/wp\/v2\/users\/4"}],"replies":[{"embeddable":true,"href":"https:\/\/www.link2fleet.com\/fr\/wp-json\/wp\/v2\/comments?post=7328"}],"version-history":[{"count":0,"href":"https:\/\/www.link2fleet.com\/fr\/wp-json\/wp\/v2\/posts\/7328\/revisions"}],"wp:featuredmedia":[{"embeddable":true,"href":"https:\/\/www.link2fleet.com\/fr\/wp-json\/wp\/v2\/media\/3674"}],"wp:attachment":[{"href":"https:\/\/www.link2fleet.com\/fr\/wp-json\/wp\/v2\/media?parent=7328"}],"wp:term":[{"taxonomy":"category","embeddable":true,"href":"https:\/\/www.link2fleet.com\/fr\/wp-json\/wp\/v2\/categories?post=7328"},{"taxonomy":"post_tag","embeddable":true,"href":"https:\/\/www.link2fleet.com\/fr\/wp-json\/wp\/v2\/tags?post=7328"}],"curies":[{"name":"wp","href":"https:\/\/api.w.org\/{rel}","templated":true}]}}