{"id":7351,"date":"2022-08-26T13:31:55","date_gmt":"2022-08-26T11:31:55","guid":{"rendered":"https:\/\/www.link2fleet.com\/rouler-en-electrique-coute-plus-cher-qua-lessence-on-a-compare\/"},"modified":"2022-08-26T13:31:55","modified_gmt":"2022-08-26T11:31:55","slug":"rouler-en-electrique-coute-plus-cher-qua-lessence-on-a-compare","status":"publish","type":"post","link":"https:\/\/www.link2fleet.com\/fr\/rouler-en-electrique-coute-plus-cher-qua-lessence-on-a-compare\/","title":{"rendered":"Rouler en \u00e9lectrique co\u00fbte plus cher qu&rsquo;\u00e0 l&rsquo;essence? On a compar\u00e9"},"content":{"rendered":"<p>Nos coll\u00e8gues du Belang van Limburg ont r\u00e9cemment fait le test d&rsquo;utiliser une voiture \u00e9lectrique pour descendre dans le sud de la France. <a href=\"https:\/\/www.hbvl.be\/cnt\/dmf20220806_95367521\">R\u00e9sultat de leur article: avec la hausse des prix de l&rsquo;\u00e9lectricit\u00e9, rouler en \u00e9lectrique s&rsquo;av\u00e8rerait aujourd&rsquo;hui plus cher qu&rsquo;\u00e0 l&rsquo;essence ou au diese<\/a>l. Voil\u00e0 qui risquerait de donner un s\u00e9rieux coup de frein \u00e0 la transition \u00e9cologique &#8211; ou plut\u00f4t \u00e9lectrique &#8211; actuellement en cours&#8230;<\/p>\n<p>Alors chez link2fleet, nous avons men\u00e9 l&rsquo;enqu\u00eate.<\/p>\n<p>Avant toute chose, il est vrai que le prix de l&rsquo;\u00e9lectricit\u00e9 a fortement augment\u00e9 ces derniers mois. Aujourd&rsquo;hui, le prix au kWh selon le tarif de la CREG est en moyenne de 0,35\u20ac, alors qu&rsquo;il \u00e9tait sous la barre de 0,25\u20ac d\u00e9but 2021.<\/p>\n<p>Nous avons donc d\u00e9cid\u00e9, via l&rsquo;outil Car Cost Advisor, de dresser un calcul TCO de deux v\u00e9hicules \u00e9quivalents: la Hyundai Kona en version essence et la Hyundai Kona EV.<\/p>\n<p>Pour ce calcul, qui tient compte des tarifs officiels en vigueur en mati\u00e8re d&rsquo;\u00e9nergie, nous avons adapt\u00e9 le tarif de l&rsquo;\u00e9lectricit\u00e9 \u00e0 0,50\u20ac\/kWh au lieu des 0,35\u20ac r\u00e9f\u00e9renc\u00e9s par la CREG, ce qui permet de mieux tenir compte de l&rsquo;inflation des derni\u00e8res semaines, mais aussi d&rsquo;un mix entre recharge \u00e0 la maison, au travail et en voie publique.<\/p>\n<p>Il en ressort que, malgr\u00e9 un prix catalogue plus \u00e9lev\u00e9 de 9.000 euros, le mod\u00e8le \u00e9lectrique reste plus attractif sur le long-terme (4 ans &#8211; 80.000 km), notamment gr\u00e2ce \u00e0 la fiscalit\u00e9 plus avantageuse en faveur des EV pour le fleet. Au total, la version \u00e9lectrique affiche un co\u00fbt r\u00e9duit d&rsquo;un peu plus de 5.000 euros sur la dur\u00e9e d&rsquo;utilisation du v\u00e9hicule (voir notre calcul TCO complet ci-dessous) par rapport \u00e0 son \u00e9quivalent essence.<\/p>\n<p>Notons enfin qu&rsquo;un trajet vers le sud de la France est clairement une exception dans l&rsquo;utilisation d&rsquo;une voiture, qu&rsquo;elle soit \u00e9lectrique ou non. Lors d&rsquo;un d\u00e9placement comme celui-ci, c&rsquo;est (quasi) exclusivement la recharge publique qui est utilis\u00e9e, alors que son tarif est beaucoup plus \u00e9lev\u00e9 que celui d&rsquo;une recharge \u00e0 domicile ou sur le lieu de travail.<\/p>\n<p><a href=\"https:\/\/www.link2fleet.com\/wp-content\/uploads\/2022\/08\/TCO-KONA-FR.pdf\">TCO KONA FR<\/a><\/p>\n","protected":false},"excerpt":{"rendered":"<p>Nos coll\u00e8gues du Belang van Limburg ont r\u00e9cemment fait le test d&rsquo;utiliser une voiture \u00e9lectrique pour descendre dans le sud de la France. R\u00e9sultat de leur article: avec la hausse des prix de l&rsquo;\u00e9lectricit\u00e9, rouler en \u00e9lectrique s&rsquo;av\u00e8rerait aujourd&rsquo;hui plus cher qu&rsquo;\u00e0 l&rsquo;essence ou au diesel. Voil\u00e0 qui risquerait de donner un s\u00e9rieux coup de [&hellip;]<\/p>\n","protected":false},"author":4,"featured_media":7352,"comment_status":"closed","ping_status":"closed","sticky":false,"template":"","format":"standard","meta":{"_acf_changed":false,"footnotes":""},"categories":[91,101],"tags":[],"class_list":["post-7351","post","type-post","status-publish","format-standard","has-post-thumbnail","hentry","category-expertise-et-management","category-tax-legal"],"acf":[],"yoast_head":"<!-- This site is optimized with the Yoast SEO plugin v27.3 - https:\/\/yoast.com\/product\/yoast-seo-wordpress\/ -->\n<title>Rouler en \u00e9lectrique co\u00fbte plus cher qu&#039;\u00e0 l&#039;essence? On a compar\u00e9 - link2fleet<\/title>\n<meta name=\"description\" content=\"Alors que les prix de l&rsquo;\u00e9lectricit\u00e9 ne cessent de grimper, ceux des carburants traditionnels ont plut\u00f4t eu tendance \u00e0 redescendre ces derni\u00e8res semaines. Faut-il d\u00e8s\u2026\" \/>\n<meta name=\"robots\" content=\"index, follow, max-snippet:-1, max-image-preview:large, max-video-preview:-1\" \/>\n<meta property=\"og:locale\" content=\"fr_FR\" \/>\n<meta property=\"og:type\" content=\"article\" \/>\n<meta property=\"og:title\" content=\"Rouler en \u00e9lectrique co\u00fbte plus cher qu&#039;\u00e0 l&#039;essence? On a compar\u00e9 - link2fleet\" \/>\n<meta property=\"og:description\" content=\"Alors que les prix de l&rsquo;\u00e9lectricit\u00e9 ne cessent de grimper, ceux des carburants traditionnels ont plut\u00f4t eu tendance \u00e0 redescendre ces derni\u00e8res semaines. Faut-il d\u00e8s\u2026\" \/>\n<meta property=\"og:url\" content=\"https:\/\/www.link2fleet.com\/fr\/rouler-en-electrique-coute-plus-cher-qua-lessence-on-a-compare\/\" \/>\n<meta property=\"og:site_name\" content=\"link2fleet\" \/>\n<meta property=\"article:published_time\" content=\"2022-08-26T11:31:55+00:00\" \/>\n<meta property=\"og:image\" content=\"https:\/\/static.link2fleet.com\/wp-content\/uploads\/2024\/03\/evvsbenzine-scaled-1.jpg\" \/>\n\t<meta property=\"og:image:width\" content=\"2560\" \/>\n\t<meta property=\"og:image:height\" content=\"1707\" \/>\n\t<meta property=\"og:image:type\" content=\"image\/jpeg\" \/>\n<meta name=\"author\" content=\"Damien Malvetti\" \/>\n<meta name=\"twitter:card\" content=\"summary_large_image\" \/>\n<meta name=\"twitter:description\" content=\"Alors que les prix de l&rsquo;\u00e9lectricit\u00e9 ne cessent de grimper, ceux des carburants traditionnels ont plut\u00f4t eu tendance \u00e0 redescendre ces derni\u00e8res semaines. Faut-il d\u00e8s\u2026\" \/>\n<meta name=\"twitter:label1\" content=\"\u00c9crit par\" \/>\n\t<meta name=\"twitter:data1\" content=\"Damien Malvetti\" \/>\n\t<meta name=\"twitter:label2\" content=\"Dur\u00e9e de lecture estim\u00e9e\" \/>\n\t<meta name=\"twitter:data2\" content=\"2 minutes\" \/>\n<script type=\"application\/ld+json\" class=\"yoast-schema-graph\">{\"@context\":\"https:\\\/\\\/schema.org\",\"@graph\":[{\"@type\":\"Article\",\"@id\":\"https:\\\/\\\/www.link2fleet.com\\\/fr\\\/rouler-en-electrique-coute-plus-cher-qua-lessence-on-a-compare\\\/#article\",\"isPartOf\":{\"@id\":\"https:\\\/\\\/www.link2fleet.com\\\/fr\\\/rouler-en-electrique-coute-plus-cher-qua-lessence-on-a-compare\\\/\"},\"author\":{\"name\":\"Damien Malvetti\",\"@id\":\"https:\\\/\\\/www.link2fleet.com\\\/fr\\\/#\\\/schema\\\/person\\\/027cd46113c78036b3809c9a054049da\"},\"headline\":\"Rouler en \u00e9lectrique co\u00fbte plus cher qu&rsquo;\u00e0 l&rsquo;essence? On a compar\u00e9\",\"datePublished\":\"2022-08-26T11:31:55+00:00\",\"mainEntityOfPage\":{\"@id\":\"https:\\\/\\\/www.link2fleet.com\\\/fr\\\/rouler-en-electrique-coute-plus-cher-qua-lessence-on-a-compare\\\/\"},\"wordCount\":385,\"publisher\":{\"@id\":\"https:\\\/\\\/www.link2fleet.com\\\/fr\\\/#organization\"},\"image\":{\"@id\":\"https:\\\/\\\/www.link2fleet.com\\\/fr\\\/rouler-en-electrique-coute-plus-cher-qua-lessence-on-a-compare\\\/#primaryimage\"},\"thumbnailUrl\":\"https:\\\/\\\/static.link2fleet.com\\\/wp-content\\\/uploads\\\/2024\\\/03\\\/evvsbenzine-scaled-1.jpg\",\"articleSection\":[\"Gestion de flotte\",\"Tax &amp; legal\"],\"inLanguage\":\"fr-FR\"},{\"@type\":\"WebPage\",\"@id\":\"https:\\\/\\\/www.link2fleet.com\\\/fr\\\/rouler-en-electrique-coute-plus-cher-qua-lessence-on-a-compare\\\/\",\"url\":\"https:\\\/\\\/www.link2fleet.com\\\/fr\\\/rouler-en-electrique-coute-plus-cher-qua-lessence-on-a-compare\\\/\",\"name\":\"Rouler en \u00e9lectrique co\u00fbte plus cher qu'\u00e0 l'essence? On a compar\u00e9 - link2fleet\",\"isPartOf\":{\"@id\":\"https:\\\/\\\/www.link2fleet.com\\\/fr\\\/#website\"},\"primaryImageOfPage\":{\"@id\":\"https:\\\/\\\/www.link2fleet.com\\\/fr\\\/rouler-en-electrique-coute-plus-cher-qua-lessence-on-a-compare\\\/#primaryimage\"},\"image\":{\"@id\":\"https:\\\/\\\/www.link2fleet.com\\\/fr\\\/rouler-en-electrique-coute-plus-cher-qua-lessence-on-a-compare\\\/#primaryimage\"},\"thumbnailUrl\":\"https:\\\/\\\/static.link2fleet.com\\\/wp-content\\\/uploads\\\/2024\\\/03\\\/evvsbenzine-scaled-1.jpg\",\"datePublished\":\"2022-08-26T11:31:55+00:00\",\"breadcrumb\":{\"@id\":\"https:\\\/\\\/www.link2fleet.com\\\/fr\\\/rouler-en-electrique-coute-plus-cher-qua-lessence-on-a-compare\\\/#breadcrumb\"},\"inLanguage\":\"fr-FR\",\"potentialAction\":[{\"@type\":\"ReadAction\",\"target\":[\"https:\\\/\\\/www.link2fleet.com\\\/fr\\\/rouler-en-electrique-coute-plus-cher-qua-lessence-on-a-compare\\\/\"]}]},{\"@type\":\"ImageObject\",\"inLanguage\":\"fr-FR\",\"@id\":\"https:\\\/\\\/www.link2fleet.com\\\/fr\\\/rouler-en-electrique-coute-plus-cher-qua-lessence-on-a-compare\\\/#primaryimage\",\"url\":\"https:\\\/\\\/static.link2fleet.com\\\/wp-content\\\/uploads\\\/2024\\\/03\\\/evvsbenzine-scaled-1.jpg\",\"contentUrl\":\"https:\\\/\\\/static.link2fleet.com\\\/wp-content\\\/uploads\\\/2024\\\/03\\\/evvsbenzine-scaled-1.jpg\",\"width\":2560,\"height\":1707},{\"@type\":\"BreadcrumbList\",\"@id\":\"https:\\\/\\\/www.link2fleet.com\\\/fr\\\/rouler-en-electrique-coute-plus-cher-qua-lessence-on-a-compare\\\/#breadcrumb\",\"itemListElement\":[{\"@type\":\"ListItem\",\"position\":1,\"name\":\"Home\",\"item\":\"https:\\\/\\\/www.link2fleet.com\\\/fr\\\/\"},{\"@type\":\"ListItem\",\"position\":2,\"name\":\"Rouler en \u00e9lectrique co\u00fbte plus cher qu&#8217;\u00e0 l&#8217;essence? On a compar\u00e9\"}]},{\"@type\":\"WebSite\",\"@id\":\"https:\\\/\\\/www.link2fleet.com\\\/fr\\\/#website\",\"url\":\"https:\\\/\\\/www.link2fleet.com\\\/fr\\\/\",\"name\":\"Link2fleet\",\"description\":\"\",\"publisher\":{\"@id\":\"https:\\\/\\\/www.link2fleet.com\\\/fr\\\/#organization\"},\"potentialAction\":[{\"@type\":\"SearchAction\",\"target\":{\"@type\":\"EntryPoint\",\"urlTemplate\":\"https:\\\/\\\/www.link2fleet.com\\\/fr\\\/?s={search_term_string}\"},\"query-input\":{\"@type\":\"PropertyValueSpecification\",\"valueRequired\":true,\"valueName\":\"search_term_string\"}}],\"inLanguage\":\"fr-FR\"},{\"@type\":\"Organization\",\"@id\":\"https:\\\/\\\/www.link2fleet.com\\\/fr\\\/#organization\",\"name\":\"Link2fleet\",\"url\":\"https:\\\/\\\/www.link2fleet.com\\\/fr\\\/\",\"logo\":{\"@type\":\"ImageObject\",\"inLanguage\":\"fr-FR\",\"@id\":\"https:\\\/\\\/www.link2fleet.com\\\/fr\\\/#\\\/schema\\\/logo\\\/image\\\/\",\"url\":\"https:\\\/\\\/static.link2fleet.com\\\/wp-content\\\/uploads\\\/2024\\\/03\\\/share-image.jpg\",\"contentUrl\":\"https:\\\/\\\/static.link2fleet.com\\\/wp-content\\\/uploads\\\/2024\\\/03\\\/share-image.jpg\",\"width\":1200,\"height\":630,\"caption\":\"Link2fleet\"},\"image\":{\"@id\":\"https:\\\/\\\/www.link2fleet.com\\\/fr\\\/#\\\/schema\\\/logo\\\/image\\\/\"},\"sameAs\":[\"https:\\\/\\\/www.linkedin.com\\\/company\\\/link2fleet-belgium\",\"https:\\\/\\\/www.youtube.com\\\/user\\\/MMMBMBE\"]},{\"@type\":\"Person\",\"@id\":\"https:\\\/\\\/www.link2fleet.com\\\/fr\\\/#\\\/schema\\\/person\\\/027cd46113c78036b3809c9a054049da\",\"name\":\"Damien Malvetti\",\"image\":{\"@type\":\"ImageObject\",\"inLanguage\":\"fr-FR\",\"@id\":\"https:\\\/\\\/secure.gravatar.com\\\/avatar\\\/dd8cc03b49466c735f753ac37f8caa371af16dfed347456ed61f02883255eebb?s=96&d=mm&r=g\",\"url\":\"https:\\\/\\\/secure.gravatar.com\\\/avatar\\\/dd8cc03b49466c735f753ac37f8caa371af16dfed347456ed61f02883255eebb?s=96&d=mm&r=g\",\"contentUrl\":\"https:\\\/\\\/secure.gravatar.com\\\/avatar\\\/dd8cc03b49466c735f753ac37f8caa371af16dfed347456ed61f02883255eebb?s=96&d=mm&r=g\",\"caption\":\"Damien Malvetti\"},\"description\":\"Damien Malvetti is opgeleid als journalist en gepassioneerd door wagens, technologie en mobiliteit. Hij is verantwoordelijk voor de redactionele inhoud van link2fleet en beschikt over een uitgebreide kennis van de fleet-sector en elektrische mobiliteit.\",\"sameAs\":[\"https:\\\/\\\/www.linkedin.com\\\/in\\\/damien-malvetti-56601142\\\/\"]}]}<\/script>\n<!-- \/ Yoast SEO plugin. -->","yoast_head_json":{"title":"Rouler en \u00e9lectrique co\u00fbte plus cher qu'\u00e0 l'essence? On a compar\u00e9 - link2fleet","description":"Alors que les prix de l&rsquo;\u00e9lectricit\u00e9 ne cessent de grimper, ceux des carburants traditionnels ont plut\u00f4t eu tendance \u00e0 redescendre ces derni\u00e8res semaines. Faut-il d\u00e8s\u2026","robots":{"index":"index","follow":"follow","max-snippet":"max-snippet:-1","max-image-preview":"max-image-preview:large","max-video-preview":"max-video-preview:-1"},"og_locale":"fr_FR","og_type":"article","og_title":"Rouler en \u00e9lectrique co\u00fbte plus cher qu'\u00e0 l'essence? On a compar\u00e9 - link2fleet","og_description":"Alors que les prix de l&rsquo;\u00e9lectricit\u00e9 ne cessent de grimper, ceux des carburants traditionnels ont plut\u00f4t eu tendance \u00e0 redescendre ces derni\u00e8res semaines. Faut-il d\u00e8s\u2026","og_url":"https:\/\/www.link2fleet.com\/fr\/rouler-en-electrique-coute-plus-cher-qua-lessence-on-a-compare\/","og_site_name":"link2fleet","article_published_time":"2022-08-26T11:31:55+00:00","og_image":[{"width":2560,"height":1707,"url":"https:\/\/static.link2fleet.com\/wp-content\/uploads\/2024\/03\/evvsbenzine-scaled-1.jpg","type":"image\/jpeg"}],"author":"Damien Malvetti","twitter_card":"summary_large_image","twitter_description":"Alors que les prix de l&rsquo;\u00e9lectricit\u00e9 ne cessent de grimper, ceux des carburants traditionnels ont plut\u00f4t eu tendance \u00e0 redescendre ces derni\u00e8res semaines. Faut-il d\u00e8s\u2026","twitter_misc":{"\u00c9crit par":"Damien Malvetti","Dur\u00e9e de lecture estim\u00e9e":"2 minutes"},"schema":{"@context":"https:\/\/schema.org","@graph":[{"@type":"Article","@id":"https:\/\/www.link2fleet.com\/fr\/rouler-en-electrique-coute-plus-cher-qua-lessence-on-a-compare\/#article","isPartOf":{"@id":"https:\/\/www.link2fleet.com\/fr\/rouler-en-electrique-coute-plus-cher-qua-lessence-on-a-compare\/"},"author":{"name":"Damien Malvetti","@id":"https:\/\/www.link2fleet.com\/fr\/#\/schema\/person\/027cd46113c78036b3809c9a054049da"},"headline":"Rouler en \u00e9lectrique co\u00fbte plus cher qu&rsquo;\u00e0 l&rsquo;essence? On a compar\u00e9","datePublished":"2022-08-26T11:31:55+00:00","mainEntityOfPage":{"@id":"https:\/\/www.link2fleet.com\/fr\/rouler-en-electrique-coute-plus-cher-qua-lessence-on-a-compare\/"},"wordCount":385,"publisher":{"@id":"https:\/\/www.link2fleet.com\/fr\/#organization"},"image":{"@id":"https:\/\/www.link2fleet.com\/fr\/rouler-en-electrique-coute-plus-cher-qua-lessence-on-a-compare\/#primaryimage"},"thumbnailUrl":"https:\/\/static.link2fleet.com\/wp-content\/uploads\/2024\/03\/evvsbenzine-scaled-1.jpg","articleSection":["Gestion de flotte","Tax &amp; legal"],"inLanguage":"fr-FR"},{"@type":"WebPage","@id":"https:\/\/www.link2fleet.com\/fr\/rouler-en-electrique-coute-plus-cher-qua-lessence-on-a-compare\/","url":"https:\/\/www.link2fleet.com\/fr\/rouler-en-electrique-coute-plus-cher-qua-lessence-on-a-compare\/","name":"Rouler en \u00e9lectrique co\u00fbte plus cher qu'\u00e0 l'essence? On a compar\u00e9 - link2fleet","isPartOf":{"@id":"https:\/\/www.link2fleet.com\/fr\/#website"},"primaryImageOfPage":{"@id":"https:\/\/www.link2fleet.com\/fr\/rouler-en-electrique-coute-plus-cher-qua-lessence-on-a-compare\/#primaryimage"},"image":{"@id":"https:\/\/www.link2fleet.com\/fr\/rouler-en-electrique-coute-plus-cher-qua-lessence-on-a-compare\/#primaryimage"},"thumbnailUrl":"https:\/\/static.link2fleet.com\/wp-content\/uploads\/2024\/03\/evvsbenzine-scaled-1.jpg","datePublished":"2022-08-26T11:31:55+00:00","breadcrumb":{"@id":"https:\/\/www.link2fleet.com\/fr\/rouler-en-electrique-coute-plus-cher-qua-lessence-on-a-compare\/#breadcrumb"},"inLanguage":"fr-FR","potentialAction":[{"@type":"ReadAction","target":["https:\/\/www.link2fleet.com\/fr\/rouler-en-electrique-coute-plus-cher-qua-lessence-on-a-compare\/"]}]},{"@type":"ImageObject","inLanguage":"fr-FR","@id":"https:\/\/www.link2fleet.com\/fr\/rouler-en-electrique-coute-plus-cher-qua-lessence-on-a-compare\/#primaryimage","url":"https:\/\/static.link2fleet.com\/wp-content\/uploads\/2024\/03\/evvsbenzine-scaled-1.jpg","contentUrl":"https:\/\/static.link2fleet.com\/wp-content\/uploads\/2024\/03\/evvsbenzine-scaled-1.jpg","width":2560,"height":1707},{"@type":"BreadcrumbList","@id":"https:\/\/www.link2fleet.com\/fr\/rouler-en-electrique-coute-plus-cher-qua-lessence-on-a-compare\/#breadcrumb","itemListElement":[{"@type":"ListItem","position":1,"name":"Home","item":"https:\/\/www.link2fleet.com\/fr\/"},{"@type":"ListItem","position":2,"name":"Rouler en \u00e9lectrique co\u00fbte plus cher qu&#8217;\u00e0 l&#8217;essence? On a compar\u00e9"}]},{"@type":"WebSite","@id":"https:\/\/www.link2fleet.com\/fr\/#website","url":"https:\/\/www.link2fleet.com\/fr\/","name":"Link2fleet","description":"","publisher":{"@id":"https:\/\/www.link2fleet.com\/fr\/#organization"},"potentialAction":[{"@type":"SearchAction","target":{"@type":"EntryPoint","urlTemplate":"https:\/\/www.link2fleet.com\/fr\/?s={search_term_string}"},"query-input":{"@type":"PropertyValueSpecification","valueRequired":true,"valueName":"search_term_string"}}],"inLanguage":"fr-FR"},{"@type":"Organization","@id":"https:\/\/www.link2fleet.com\/fr\/#organization","name":"Link2fleet","url":"https:\/\/www.link2fleet.com\/fr\/","logo":{"@type":"ImageObject","inLanguage":"fr-FR","@id":"https:\/\/www.link2fleet.com\/fr\/#\/schema\/logo\/image\/","url":"https:\/\/static.link2fleet.com\/wp-content\/uploads\/2024\/03\/share-image.jpg","contentUrl":"https:\/\/static.link2fleet.com\/wp-content\/uploads\/2024\/03\/share-image.jpg","width":1200,"height":630,"caption":"Link2fleet"},"image":{"@id":"https:\/\/www.link2fleet.com\/fr\/#\/schema\/logo\/image\/"},"sameAs":["https:\/\/www.linkedin.com\/company\/link2fleet-belgium","https:\/\/www.youtube.com\/user\/MMMBMBE"]},{"@type":"Person","@id":"https:\/\/www.link2fleet.com\/fr\/#\/schema\/person\/027cd46113c78036b3809c9a054049da","name":"Damien Malvetti","image":{"@type":"ImageObject","inLanguage":"fr-FR","@id":"https:\/\/secure.gravatar.com\/avatar\/dd8cc03b49466c735f753ac37f8caa371af16dfed347456ed61f02883255eebb?s=96&d=mm&r=g","url":"https:\/\/secure.gravatar.com\/avatar\/dd8cc03b49466c735f753ac37f8caa371af16dfed347456ed61f02883255eebb?s=96&d=mm&r=g","contentUrl":"https:\/\/secure.gravatar.com\/avatar\/dd8cc03b49466c735f753ac37f8caa371af16dfed347456ed61f02883255eebb?s=96&d=mm&r=g","caption":"Damien Malvetti"},"description":"Damien Malvetti is opgeleid als journalist en gepassioneerd door wagens, technologie en mobiliteit. Hij is verantwoordelijk voor de redactionele inhoud van link2fleet en beschikt over een uitgebreide kennis van de fleet-sector en elektrische mobiliteit.","sameAs":["https:\/\/www.linkedin.com\/in\/damien-malvetti-56601142\/"]}]}},"_links":{"self":[{"href":"https:\/\/www.link2fleet.com\/fr\/wp-json\/wp\/v2\/posts\/7351","targetHints":{"allow":["GET"]}}],"collection":[{"href":"https:\/\/www.link2fleet.com\/fr\/wp-json\/wp\/v2\/posts"}],"about":[{"href":"https:\/\/www.link2fleet.com\/fr\/wp-json\/wp\/v2\/types\/post"}],"author":[{"embeddable":true,"href":"https:\/\/www.link2fleet.com\/fr\/wp-json\/wp\/v2\/users\/4"}],"replies":[{"embeddable":true,"href":"https:\/\/www.link2fleet.com\/fr\/wp-json\/wp\/v2\/comments?post=7351"}],"version-history":[{"count":0,"href":"https:\/\/www.link2fleet.com\/fr\/wp-json\/wp\/v2\/posts\/7351\/revisions"}],"wp:featuredmedia":[{"embeddable":true,"href":"https:\/\/www.link2fleet.com\/fr\/wp-json\/wp\/v2\/media\/7352"}],"wp:attachment":[{"href":"https:\/\/www.link2fleet.com\/fr\/wp-json\/wp\/v2\/media?parent=7351"}],"wp:term":[{"taxonomy":"category","embeddable":true,"href":"https:\/\/www.link2fleet.com\/fr\/wp-json\/wp\/v2\/categories?post=7351"},{"taxonomy":"post_tag","embeddable":true,"href":"https:\/\/www.link2fleet.com\/fr\/wp-json\/wp\/v2\/tags?post=7351"}],"curies":[{"name":"wp","href":"https:\/\/api.w.org\/{rel}","templated":true}]}}