{"id":7403,"date":"2022-09-01T09:19:01","date_gmt":"2022-09-01T07:19:01","guid":{"rendered":"https:\/\/www.link2fleet.com\/martin-domise-nouveau-directeur-general-marque-renault-belux-et-directeur-renault-belgique-luxembourg\/"},"modified":"2024-04-17T16:46:18","modified_gmt":"2024-04-17T14:46:18","slug":"martin-domise-nouveau-directeur-general-marque-renault-belux-et-directeur-renault-belgique-luxembourg","status":"publish","type":"post","link":"https:\/\/www.link2fleet.com\/fr\/martin-domise-nouveau-directeur-general-marque-renault-belux-et-directeur-renault-belgique-luxembourg\/","title":{"rendered":"Martin Domise, nouveau Directeur G\u00e9n\u00e9ral Marque Renault Belux et Directeur Renault Belgique Luxembourg"},"content":{"rendered":"<p><em><a href=\"https:\/\/www.link2fleet.com\/wp-content\/uploads\/2022\/09\/M_DOMISE-3-scaled.jpg\"><img loading=\"lazy\" decoding=\"async\" class=\"alignright size-medium wp-image-1282992\" src=\"https:\/\/www.link2fleet.com\/wp-content\/uploads\/2022\/09\/M_DOMISE-3-200x300.jpg\" alt=\"\" width=\"200\" height=\"300\" \/><\/a>N\u00e9 en 1989 \u00e0 Amiens, Martin Domise est dipl\u00f4m\u00e9 de HEC Paris. Apr\u00e8s avoir exerc\u00e9 diff\u00e9rents mandats d\u2019\u00e9lu local, \u00e0 la ville d\u2019Amiens et \u00e0 la r\u00e9gion Hauts-de-France, il entre chez Renault Group en 2018. Au sein de la Direction des Affaires Publiques du Groupe, il est charg\u00e9 des relations avec le S\u00e9nat et les Collectivit\u00e9s. En 2019, il est nomm\u00e9 Secr\u00e9taire Ex\u00e9cutif du Directeur des Op\u00e9rations Europe. En 2021, il rejoint Renault Retail Group o\u00f9 il prend la responsabilit\u00e9 de Directeur d\u2019\u00e9tablissement et Directeur de la Transformation de la Plaque Paris.<\/em><\/p>\n<p><em>N\u00e9 \u00e0 Paris en 1963, J\u00e9r\u00f4me Pannaud est dipl\u00f4m\u00e9 de l\u2019Institut d\u2019Etudes Politiques de Paris. Il entre chez Renault Group en 1989 o\u00f9 il occupera diff\u00e9rentes fonctions commerciales en France et en Europe, dont trois ans aux Pays-Bas comme coordinateur marketing. En 2003, il est nomm\u00e9 Directeur Marketing de Renault Belgique Luxembourg. Il retourne au si\u00e8ge en 2006 pour prendre la responsabilit\u00e9 de Directeur Commercial Fourgons au sein de la Direction Commerciale V\u00e9hicules Utilitaires. Il est nomm\u00e9 Directeur Marketing G10 (Europe) en 2010, puis Directeur Sales en 2013. En mai 2015, J\u00e9r\u00f4me Pannaud prend la responsabilit\u00e9 de Directeur Commercial de Renault Russie. Il est nomm\u00e9 Directeur G\u00e9n\u00e9ral de Renault Belgique Luxembourg en octobre 2018.<\/em><\/p>\n","protected":false},"excerpt":{"rendered":"<p>N\u00e9 en 1989 \u00e0 Amiens, Martin Domise est dipl\u00f4m\u00e9 de HEC Paris. Apr\u00e8s avoir exerc\u00e9 diff\u00e9rents mandats d\u2019\u00e9lu local, \u00e0 la ville d\u2019Amiens et \u00e0 la r\u00e9gion Hauts-de-France, il entre chez Renault Group en 2018. Au sein de la Direction des Affaires Publiques du Groupe, il est charg\u00e9 des relations avec le S\u00e9nat et les [&hellip;]<\/p>\n","protected":false},"author":4,"featured_media":7404,"comment_status":"closed","ping_status":"closed","sticky":false,"template":"","format":"standard","meta":{"_acf_changed":false,"footnotes":""},"categories":[77,76],"tags":[],"class_list":["post-7403","post","type-post","status-publish","format-standard","has-post-thumbnail","hentry","category-importateurs-et-constructeurs-automobiles-vp","category-car"],"acf":[],"yoast_head":"<!-- This site is optimized with the Yoast SEO plugin v27.3 - https:\/\/yoast.com\/product\/yoast-seo-wordpress\/ -->\n<title>Martin Domise, nouveau Directeur G\u00e9n\u00e9ral Marque Renault Belux et Directeur Renault Belgique Luxembourg - link2fleet<\/title>\n<meta name=\"description\" content=\"A compter du 1er septembre, Martin Domise est nomm\u00e9 Directeur G\u00e9n\u00e9ral Marque Renault Belux et Directeur Renault Belgique Luxembourg en remplacement de J\u00e9r\u00f4me Pannaud, qui\u2026\" \/>\n<meta name=\"robots\" content=\"index, follow, max-snippet:-1, max-image-preview:large, max-video-preview:-1\" \/>\n<meta property=\"og:locale\" content=\"fr_FR\" \/>\n<meta property=\"og:type\" content=\"article\" \/>\n<meta property=\"og:title\" content=\"Martin Domise, nouveau Directeur G\u00e9n\u00e9ral Marque Renault Belux et Directeur Renault Belgique Luxembourg - link2fleet\" \/>\n<meta property=\"og:description\" content=\"A compter du 1er septembre, Martin Domise est nomm\u00e9 Directeur G\u00e9n\u00e9ral Marque Renault Belux et Directeur Renault Belgique Luxembourg en remplacement de J\u00e9r\u00f4me Pannaud, qui\u2026\" \/>\n<meta property=\"og:url\" content=\"https:\/\/www.link2fleet.com\/fr\/martin-domise-nouveau-directeur-general-marque-renault-belux-et-directeur-renault-belgique-luxembourg\/\" \/>\n<meta property=\"og:site_name\" content=\"link2fleet\" \/>\n<meta property=\"article:published_time\" content=\"2022-09-01T07:19:01+00:00\" \/>\n<meta property=\"article:modified_time\" content=\"2024-04-17T14:46:18+00:00\" \/>\n<meta property=\"og:image\" content=\"https:\/\/static.link2fleet.com\/wp-content\/uploads\/2024\/03\/m-domise-2-scaled-1.jpg\" \/>\n\t<meta property=\"og:image:width\" content=\"2560\" \/>\n\t<meta property=\"og:image:height\" content=\"1707\" \/>\n\t<meta property=\"og:image:type\" content=\"image\/jpeg\" \/>\n<meta name=\"author\" content=\"Damien Malvetti\" \/>\n<meta name=\"twitter:card\" content=\"summary_large_image\" \/>\n<meta name=\"twitter:description\" content=\"A compter du 1er septembre, Martin Domise est nomm\u00e9 Directeur G\u00e9n\u00e9ral Marque Renault Belux et Directeur Renault Belgique Luxembourg en remplacement de J\u00e9r\u00f4me Pannaud, qui\u2026\" \/>\n<meta name=\"twitter:label1\" content=\"\u00c9crit par\" \/>\n\t<meta name=\"twitter:data1\" content=\"Damien Malvetti\" \/>\n\t<meta name=\"twitter:label2\" content=\"Dur\u00e9e de lecture estim\u00e9e\" \/>\n\t<meta name=\"twitter:data2\" content=\"1 minute\" \/>\n<script type=\"application\/ld+json\" class=\"yoast-schema-graph\">{\"@context\":\"https:\\\/\\\/schema.org\",\"@graph\":[{\"@type\":\"Article\",\"@id\":\"https:\\\/\\\/www.link2fleet.com\\\/fr\\\/martin-domise-nouveau-directeur-general-marque-renault-belux-et-directeur-renault-belgique-luxembourg\\\/#article\",\"isPartOf\":{\"@id\":\"https:\\\/\\\/www.link2fleet.com\\\/fr\\\/martin-domise-nouveau-directeur-general-marque-renault-belux-et-directeur-renault-belgique-luxembourg\\\/\"},\"author\":{\"name\":\"Damien Malvetti\",\"@id\":\"https:\\\/\\\/www.link2fleet.com\\\/fr\\\/#\\\/schema\\\/person\\\/027cd46113c78036b3809c9a054049da\"},\"headline\":\"Martin Domise, nouveau Directeur G\u00e9n\u00e9ral Marque Renault Belux et Directeur Renault Belgique Luxembourg\",\"datePublished\":\"2022-09-01T07:19:01+00:00\",\"dateModified\":\"2024-04-17T14:46:18+00:00\",\"mainEntityOfPage\":{\"@id\":\"https:\\\/\\\/www.link2fleet.com\\\/fr\\\/martin-domise-nouveau-directeur-general-marque-renault-belux-et-directeur-renault-belgique-luxembourg\\\/\"},\"wordCount\":229,\"publisher\":{\"@id\":\"https:\\\/\\\/www.link2fleet.com\\\/fr\\\/#organization\"},\"image\":{\"@id\":\"https:\\\/\\\/www.link2fleet.com\\\/fr\\\/martin-domise-nouveau-directeur-general-marque-renault-belux-et-directeur-renault-belgique-luxembourg\\\/#primaryimage\"},\"thumbnailUrl\":\"https:\\\/\\\/static.link2fleet.com\\\/wp-content\\\/uploads\\\/2024\\\/03\\\/m-domise-2-scaled-1.jpg\",\"articleSection\":[\"Importateurs et constructeurs\",\"V\u00e9hicules\"],\"inLanguage\":\"fr-FR\"},{\"@type\":\"WebPage\",\"@id\":\"https:\\\/\\\/www.link2fleet.com\\\/fr\\\/martin-domise-nouveau-directeur-general-marque-renault-belux-et-directeur-renault-belgique-luxembourg\\\/\",\"url\":\"https:\\\/\\\/www.link2fleet.com\\\/fr\\\/martin-domise-nouveau-directeur-general-marque-renault-belux-et-directeur-renault-belgique-luxembourg\\\/\",\"name\":\"Martin Domise, nouveau Directeur G\u00e9n\u00e9ral Marque Renault Belux et Directeur Renault Belgique Luxembourg - link2fleet\",\"isPartOf\":{\"@id\":\"https:\\\/\\\/www.link2fleet.com\\\/fr\\\/#website\"},\"primaryImageOfPage\":{\"@id\":\"https:\\\/\\\/www.link2fleet.com\\\/fr\\\/martin-domise-nouveau-directeur-general-marque-renault-belux-et-directeur-renault-belgique-luxembourg\\\/#primaryimage\"},\"image\":{\"@id\":\"https:\\\/\\\/www.link2fleet.com\\\/fr\\\/martin-domise-nouveau-directeur-general-marque-renault-belux-et-directeur-renault-belgique-luxembourg\\\/#primaryimage\"},\"thumbnailUrl\":\"https:\\\/\\\/static.link2fleet.com\\\/wp-content\\\/uploads\\\/2024\\\/03\\\/m-domise-2-scaled-1.jpg\",\"datePublished\":\"2022-09-01T07:19:01+00:00\",\"dateModified\":\"2024-04-17T14:46:18+00:00\",\"breadcrumb\":{\"@id\":\"https:\\\/\\\/www.link2fleet.com\\\/fr\\\/martin-domise-nouveau-directeur-general-marque-renault-belux-et-directeur-renault-belgique-luxembourg\\\/#breadcrumb\"},\"inLanguage\":\"fr-FR\",\"potentialAction\":[{\"@type\":\"ReadAction\",\"target\":[\"https:\\\/\\\/www.link2fleet.com\\\/fr\\\/martin-domise-nouveau-directeur-general-marque-renault-belux-et-directeur-renault-belgique-luxembourg\\\/\"]}]},{\"@type\":\"ImageObject\",\"inLanguage\":\"fr-FR\",\"@id\":\"https:\\\/\\\/www.link2fleet.com\\\/fr\\\/martin-domise-nouveau-directeur-general-marque-renault-belux-et-directeur-renault-belgique-luxembourg\\\/#primaryimage\",\"url\":\"https:\\\/\\\/static.link2fleet.com\\\/wp-content\\\/uploads\\\/2024\\\/03\\\/m-domise-2-scaled-1.jpg\",\"contentUrl\":\"https:\\\/\\\/static.link2fleet.com\\\/wp-content\\\/uploads\\\/2024\\\/03\\\/m-domise-2-scaled-1.jpg\",\"width\":2560,\"height\":1707,\"caption\":\"Martin Domise\"},{\"@type\":\"BreadcrumbList\",\"@id\":\"https:\\\/\\\/www.link2fleet.com\\\/fr\\\/martin-domise-nouveau-directeur-general-marque-renault-belux-et-directeur-renault-belgique-luxembourg\\\/#breadcrumb\",\"itemListElement\":[{\"@type\":\"ListItem\",\"position\":1,\"name\":\"Home\",\"item\":\"https:\\\/\\\/www.link2fleet.com\\\/fr\\\/\"},{\"@type\":\"ListItem\",\"position\":2,\"name\":\"Martin Domise, nouveau Directeur G\u00e9n\u00e9ral Marque Renault Belux et Directeur Renault Belgique Luxembourg\"}]},{\"@type\":\"WebSite\",\"@id\":\"https:\\\/\\\/www.link2fleet.com\\\/fr\\\/#website\",\"url\":\"https:\\\/\\\/www.link2fleet.com\\\/fr\\\/\",\"name\":\"Link2fleet\",\"description\":\"\",\"publisher\":{\"@id\":\"https:\\\/\\\/www.link2fleet.com\\\/fr\\\/#organization\"},\"potentialAction\":[{\"@type\":\"SearchAction\",\"target\":{\"@type\":\"EntryPoint\",\"urlTemplate\":\"https:\\\/\\\/www.link2fleet.com\\\/fr\\\/?s={search_term_string}\"},\"query-input\":{\"@type\":\"PropertyValueSpecification\",\"valueRequired\":true,\"valueName\":\"search_term_string\"}}],\"inLanguage\":\"fr-FR\"},{\"@type\":\"Organization\",\"@id\":\"https:\\\/\\\/www.link2fleet.com\\\/fr\\\/#organization\",\"name\":\"Link2fleet\",\"url\":\"https:\\\/\\\/www.link2fleet.com\\\/fr\\\/\",\"logo\":{\"@type\":\"ImageObject\",\"inLanguage\":\"fr-FR\",\"@id\":\"https:\\\/\\\/www.link2fleet.com\\\/fr\\\/#\\\/schema\\\/logo\\\/image\\\/\",\"url\":\"https:\\\/\\\/static.link2fleet.com\\\/wp-content\\\/uploads\\\/2024\\\/03\\\/share-image.jpg\",\"contentUrl\":\"https:\\\/\\\/static.link2fleet.com\\\/wp-content\\\/uploads\\\/2024\\\/03\\\/share-image.jpg\",\"width\":1200,\"height\":630,\"caption\":\"Link2fleet\"},\"image\":{\"@id\":\"https:\\\/\\\/www.link2fleet.com\\\/fr\\\/#\\\/schema\\\/logo\\\/image\\\/\"},\"sameAs\":[\"https:\\\/\\\/www.linkedin.com\\\/company\\\/link2fleet-belgium\",\"https:\\\/\\\/www.youtube.com\\\/user\\\/MMMBMBE\"]},{\"@type\":\"Person\",\"@id\":\"https:\\\/\\\/www.link2fleet.com\\\/fr\\\/#\\\/schema\\\/person\\\/027cd46113c78036b3809c9a054049da\",\"name\":\"Damien Malvetti\",\"image\":{\"@type\":\"ImageObject\",\"inLanguage\":\"fr-FR\",\"@id\":\"https:\\\/\\\/secure.gravatar.com\\\/avatar\\\/dd8cc03b49466c735f753ac37f8caa371af16dfed347456ed61f02883255eebb?s=96&d=mm&r=g\",\"url\":\"https:\\\/\\\/secure.gravatar.com\\\/avatar\\\/dd8cc03b49466c735f753ac37f8caa371af16dfed347456ed61f02883255eebb?s=96&d=mm&r=g\",\"contentUrl\":\"https:\\\/\\\/secure.gravatar.com\\\/avatar\\\/dd8cc03b49466c735f753ac37f8caa371af16dfed347456ed61f02883255eebb?s=96&d=mm&r=g\",\"caption\":\"Damien Malvetti\"},\"description\":\"Damien Malvetti is opgeleid als journalist en gepassioneerd door wagens, technologie en mobiliteit. Hij is verantwoordelijk voor de redactionele inhoud van link2fleet en beschikt over een uitgebreide kennis van de fleet-sector en elektrische mobiliteit.\",\"sameAs\":[\"https:\\\/\\\/www.linkedin.com\\\/in\\\/damien-malvetti-56601142\\\/\"]}]}<\/script>\n<!-- \/ Yoast SEO plugin. -->","yoast_head_json":{"title":"Martin Domise, nouveau Directeur G\u00e9n\u00e9ral Marque Renault Belux et Directeur Renault Belgique Luxembourg - link2fleet","description":"A compter du 1er septembre, Martin Domise est nomm\u00e9 Directeur G\u00e9n\u00e9ral Marque Renault Belux et Directeur Renault Belgique Luxembourg en remplacement de J\u00e9r\u00f4me Pannaud, qui\u2026","robots":{"index":"index","follow":"follow","max-snippet":"max-snippet:-1","max-image-preview":"max-image-preview:large","max-video-preview":"max-video-preview:-1"},"og_locale":"fr_FR","og_type":"article","og_title":"Martin Domise, nouveau Directeur G\u00e9n\u00e9ral Marque Renault Belux et Directeur Renault Belgique Luxembourg - link2fleet","og_description":"A compter du 1er septembre, Martin Domise est nomm\u00e9 Directeur G\u00e9n\u00e9ral Marque Renault Belux et Directeur Renault Belgique Luxembourg en remplacement de J\u00e9r\u00f4me Pannaud, qui\u2026","og_url":"https:\/\/www.link2fleet.com\/fr\/martin-domise-nouveau-directeur-general-marque-renault-belux-et-directeur-renault-belgique-luxembourg\/","og_site_name":"link2fleet","article_published_time":"2022-09-01T07:19:01+00:00","article_modified_time":"2024-04-17T14:46:18+00:00","og_image":[{"width":2560,"height":1707,"url":"https:\/\/static.link2fleet.com\/wp-content\/uploads\/2024\/03\/m-domise-2-scaled-1.jpg","type":"image\/jpeg"}],"author":"Damien Malvetti","twitter_card":"summary_large_image","twitter_description":"A compter du 1er septembre, Martin Domise est nomm\u00e9 Directeur G\u00e9n\u00e9ral Marque Renault Belux et Directeur Renault Belgique Luxembourg en remplacement de J\u00e9r\u00f4me Pannaud, qui\u2026","twitter_misc":{"\u00c9crit par":"Damien Malvetti","Dur\u00e9e de lecture estim\u00e9e":"1 minute"},"schema":{"@context":"https:\/\/schema.org","@graph":[{"@type":"Article","@id":"https:\/\/www.link2fleet.com\/fr\/martin-domise-nouveau-directeur-general-marque-renault-belux-et-directeur-renault-belgique-luxembourg\/#article","isPartOf":{"@id":"https:\/\/www.link2fleet.com\/fr\/martin-domise-nouveau-directeur-general-marque-renault-belux-et-directeur-renault-belgique-luxembourg\/"},"author":{"name":"Damien Malvetti","@id":"https:\/\/www.link2fleet.com\/fr\/#\/schema\/person\/027cd46113c78036b3809c9a054049da"},"headline":"Martin Domise, nouveau Directeur G\u00e9n\u00e9ral Marque Renault Belux et Directeur Renault Belgique Luxembourg","datePublished":"2022-09-01T07:19:01+00:00","dateModified":"2024-04-17T14:46:18+00:00","mainEntityOfPage":{"@id":"https:\/\/www.link2fleet.com\/fr\/martin-domise-nouveau-directeur-general-marque-renault-belux-et-directeur-renault-belgique-luxembourg\/"},"wordCount":229,"publisher":{"@id":"https:\/\/www.link2fleet.com\/fr\/#organization"},"image":{"@id":"https:\/\/www.link2fleet.com\/fr\/martin-domise-nouveau-directeur-general-marque-renault-belux-et-directeur-renault-belgique-luxembourg\/#primaryimage"},"thumbnailUrl":"https:\/\/static.link2fleet.com\/wp-content\/uploads\/2024\/03\/m-domise-2-scaled-1.jpg","articleSection":["Importateurs et constructeurs","V\u00e9hicules"],"inLanguage":"fr-FR"},{"@type":"WebPage","@id":"https:\/\/www.link2fleet.com\/fr\/martin-domise-nouveau-directeur-general-marque-renault-belux-et-directeur-renault-belgique-luxembourg\/","url":"https:\/\/www.link2fleet.com\/fr\/martin-domise-nouveau-directeur-general-marque-renault-belux-et-directeur-renault-belgique-luxembourg\/","name":"Martin Domise, nouveau Directeur G\u00e9n\u00e9ral Marque Renault Belux et Directeur Renault Belgique Luxembourg - link2fleet","isPartOf":{"@id":"https:\/\/www.link2fleet.com\/fr\/#website"},"primaryImageOfPage":{"@id":"https:\/\/www.link2fleet.com\/fr\/martin-domise-nouveau-directeur-general-marque-renault-belux-et-directeur-renault-belgique-luxembourg\/#primaryimage"},"image":{"@id":"https:\/\/www.link2fleet.com\/fr\/martin-domise-nouveau-directeur-general-marque-renault-belux-et-directeur-renault-belgique-luxembourg\/#primaryimage"},"thumbnailUrl":"https:\/\/static.link2fleet.com\/wp-content\/uploads\/2024\/03\/m-domise-2-scaled-1.jpg","datePublished":"2022-09-01T07:19:01+00:00","dateModified":"2024-04-17T14:46:18+00:00","breadcrumb":{"@id":"https:\/\/www.link2fleet.com\/fr\/martin-domise-nouveau-directeur-general-marque-renault-belux-et-directeur-renault-belgique-luxembourg\/#breadcrumb"},"inLanguage":"fr-FR","potentialAction":[{"@type":"ReadAction","target":["https:\/\/www.link2fleet.com\/fr\/martin-domise-nouveau-directeur-general-marque-renault-belux-et-directeur-renault-belgique-luxembourg\/"]}]},{"@type":"ImageObject","inLanguage":"fr-FR","@id":"https:\/\/www.link2fleet.com\/fr\/martin-domise-nouveau-directeur-general-marque-renault-belux-et-directeur-renault-belgique-luxembourg\/#primaryimage","url":"https:\/\/static.link2fleet.com\/wp-content\/uploads\/2024\/03\/m-domise-2-scaled-1.jpg","contentUrl":"https:\/\/static.link2fleet.com\/wp-content\/uploads\/2024\/03\/m-domise-2-scaled-1.jpg","width":2560,"height":1707,"caption":"Martin Domise"},{"@type":"BreadcrumbList","@id":"https:\/\/www.link2fleet.com\/fr\/martin-domise-nouveau-directeur-general-marque-renault-belux-et-directeur-renault-belgique-luxembourg\/#breadcrumb","itemListElement":[{"@type":"ListItem","position":1,"name":"Home","item":"https:\/\/www.link2fleet.com\/fr\/"},{"@type":"ListItem","position":2,"name":"Martin Domise, nouveau Directeur G\u00e9n\u00e9ral Marque Renault Belux et Directeur Renault Belgique Luxembourg"}]},{"@type":"WebSite","@id":"https:\/\/www.link2fleet.com\/fr\/#website","url":"https:\/\/www.link2fleet.com\/fr\/","name":"Link2fleet","description":"","publisher":{"@id":"https:\/\/www.link2fleet.com\/fr\/#organization"},"potentialAction":[{"@type":"SearchAction","target":{"@type":"EntryPoint","urlTemplate":"https:\/\/www.link2fleet.com\/fr\/?s={search_term_string}"},"query-input":{"@type":"PropertyValueSpecification","valueRequired":true,"valueName":"search_term_string"}}],"inLanguage":"fr-FR"},{"@type":"Organization","@id":"https:\/\/www.link2fleet.com\/fr\/#organization","name":"Link2fleet","url":"https:\/\/www.link2fleet.com\/fr\/","logo":{"@type":"ImageObject","inLanguage":"fr-FR","@id":"https:\/\/www.link2fleet.com\/fr\/#\/schema\/logo\/image\/","url":"https:\/\/static.link2fleet.com\/wp-content\/uploads\/2024\/03\/share-image.jpg","contentUrl":"https:\/\/static.link2fleet.com\/wp-content\/uploads\/2024\/03\/share-image.jpg","width":1200,"height":630,"caption":"Link2fleet"},"image":{"@id":"https:\/\/www.link2fleet.com\/fr\/#\/schema\/logo\/image\/"},"sameAs":["https:\/\/www.linkedin.com\/company\/link2fleet-belgium","https:\/\/www.youtube.com\/user\/MMMBMBE"]},{"@type":"Person","@id":"https:\/\/www.link2fleet.com\/fr\/#\/schema\/person\/027cd46113c78036b3809c9a054049da","name":"Damien Malvetti","image":{"@type":"ImageObject","inLanguage":"fr-FR","@id":"https:\/\/secure.gravatar.com\/avatar\/dd8cc03b49466c735f753ac37f8caa371af16dfed347456ed61f02883255eebb?s=96&d=mm&r=g","url":"https:\/\/secure.gravatar.com\/avatar\/dd8cc03b49466c735f753ac37f8caa371af16dfed347456ed61f02883255eebb?s=96&d=mm&r=g","contentUrl":"https:\/\/secure.gravatar.com\/avatar\/dd8cc03b49466c735f753ac37f8caa371af16dfed347456ed61f02883255eebb?s=96&d=mm&r=g","caption":"Damien Malvetti"},"description":"Damien Malvetti is opgeleid als journalist en gepassioneerd door wagens, technologie en mobiliteit. Hij is verantwoordelijk voor de redactionele inhoud van link2fleet en beschikt over een uitgebreide kennis van de fleet-sector en elektrische mobiliteit.","sameAs":["https:\/\/www.linkedin.com\/in\/damien-malvetti-56601142\/"]}]}},"_links":{"self":[{"href":"https:\/\/www.link2fleet.com\/fr\/wp-json\/wp\/v2\/posts\/7403","targetHints":{"allow":["GET"]}}],"collection":[{"href":"https:\/\/www.link2fleet.com\/fr\/wp-json\/wp\/v2\/posts"}],"about":[{"href":"https:\/\/www.link2fleet.com\/fr\/wp-json\/wp\/v2\/types\/post"}],"author":[{"embeddable":true,"href":"https:\/\/www.link2fleet.com\/fr\/wp-json\/wp\/v2\/users\/4"}],"replies":[{"embeddable":true,"href":"https:\/\/www.link2fleet.com\/fr\/wp-json\/wp\/v2\/comments?post=7403"}],"version-history":[{"count":0,"href":"https:\/\/www.link2fleet.com\/fr\/wp-json\/wp\/v2\/posts\/7403\/revisions"}],"wp:featuredmedia":[{"embeddable":true,"href":"https:\/\/www.link2fleet.com\/fr\/wp-json\/wp\/v2\/media\/7404"}],"wp:attachment":[{"href":"https:\/\/www.link2fleet.com\/fr\/wp-json\/wp\/v2\/media?parent=7403"}],"wp:term":[{"taxonomy":"category","embeddable":true,"href":"https:\/\/www.link2fleet.com\/fr\/wp-json\/wp\/v2\/categories?post=7403"},{"taxonomy":"post_tag","embeddable":true,"href":"https:\/\/www.link2fleet.com\/fr\/wp-json\/wp\/v2\/tags?post=7403"}],"curies":[{"name":"wp","href":"https:\/\/api.w.org\/{rel}","templated":true}]}}