{"id":7414,"date":"2022-09-01T11:50:09","date_gmt":"2022-09-01T09:50:09","guid":{"rendered":"https:\/\/www.link2fleet.com\/marie-lejeune-nommee-directrice-commerciale-dathlon-belgique-et-luxembourg\/"},"modified":"2024-04-17T16:46:18","modified_gmt":"2024-04-17T14:46:18","slug":"marie-lejeune-nommee-directrice-commerciale-dathlon-belgique-et-luxembourg","status":"publish","type":"post","link":"https:\/\/www.link2fleet.com\/fr\/marie-lejeune-nommee-directrice-commerciale-dathlon-belgique-et-luxembourg\/","title":{"rendered":"Marie Lejeune nomm\u00e9e directrice commerciale d\u2019Athlon Belgique et Luxembourg"},"content":{"rendered":"<p class=\"styles_paragraph__CxmiR\">C\u2019est en 2017 que Marie a commenc\u00e9 chez Athlon en tant que Strategic Account Manager, pour devenir ensuite en 2019 Sales Manager, un membre \u00e0 part enti\u00e8re de l\u2019\u00e9quipe Commercial Management Belux.<\/p>\n<p class=\"styles_paragraph__CxmiR\">Avant de rejoindre Athlon, Marie aura occup\u00e9 des postes dans le business development, key account et product management, avec des responsabilit\u00e9s au niveau local et international, dans les secteurs de l\u2019automobile et du recrutement.<\/p>\n<p class=\"styles_paragraph__CxmiR\">En tant que directrice commerciale, Marie sera responsable de toutes les activit\u00e9s commerciales, marketing et consultancy inclus, et fera dor\u00e9navant partie de l\u2019\u00e9quipe de direction Belux, dirig\u00e9e par Michiel Alferink.<\/p>\n<blockquote class=\"Quote_container__ms7KM Quote_alignLeft__1_w_9\">\n<div class=\"Quote_content__DZCla\"><em>\u201cJ\u2019ai vraiment h\u00e2te de travailler avec mes coll\u00e8gues pour diffuser davantage l\u2019\u00e9nergie positive et le dynamisme de toute l\u2019\u00e9quipe. Avec cette \u00e9quipe Athlon, nous nous concentrons sur les initiatives n\u00e9cessaires pour accompagner nos clients \u00e0 travers les enjeux de la mobilit\u00e9 de demain.\u201d\u00a0\u200b<br \/>\n\u200b<\/em>Marie Lejeune, directrice commerciale d&rsquo;Athlon Belgique et Luxembourg<\/div>\n<\/blockquote>\n<blockquote class=\"Quote_container__ms7KM Quote_alignLeft__1_w_9\">\n<div class=\"Quote_content__DZCla\">\u201c<em>Au cours de ces cinq derni\u00e8res ann\u00e9es, Marie a acquis une connaissance approfondie de notre secteur, a \u00e9norm\u00e9ment apport\u00e9 \u00e0 nos clients et \u00e0 notre culture.\u00a0\u200b\u00a0Et sa vision claire fait d\u2019elle la candidate id\u00e9ale pour ce poste.\u00a0\u200b\u00a0Je suis donc intimement convaincu qu\u2019avec son \u00e9quipe motiv\u00e9e, elle sera en mesure de transformer les challenges actuels de notre secteur en opportunit\u00e9s, et aidera \u00e0 d\u00e9velopper des solutions durables pour les d\u00e9fis actuels et futurs de nos clients.\u201d<br \/>\n\u200b<\/em>Michiel Alferink, Directeur G\u00e9n\u00e9ral d\u2019Athlon Belgique<\/div>\n<\/blockquote>\n<p class=\"styles_paragraph__CxmiR\">A ce poste, Marie succ\u00e8de \u00e0 Els Descamps, qui a choisi de relever un nouveau d\u00e9fi en dehors de l\u2019entreprise.<\/p>\n","protected":false},"excerpt":{"rendered":"<p>C\u2019est en 2017 que Marie a commenc\u00e9 chez Athlon en tant que Strategic Account Manager, pour devenir ensuite en 2019 Sales Manager, un membre \u00e0 part enti\u00e8re de l\u2019\u00e9quipe Commercial Management Belux. Avant de rejoindre Athlon, Marie aura occup\u00e9 des postes dans le business development, key account et product management, avec des responsabilit\u00e9s au niveau [&hellip;]<\/p>\n","protected":false},"author":4,"featured_media":7415,"comment_status":"closed","ping_status":"closed","sticky":false,"template":"","format":"standard","meta":{"_acf_changed":false,"footnotes":""},"categories":[91,79],"tags":[],"class_list":["post-7414","post","type-post","status-publish","format-standard","has-post-thumbnail","hentry","category-expertise-et-management","category-societes-de-leasing"],"acf":[],"yoast_head":"<!-- This site is optimized with the Yoast SEO plugin v27.3 - https:\/\/yoast.com\/product\/yoast-seo-wordpress\/ -->\n<title>Marie Lejeune nomm\u00e9e directrice commerciale d\u2019Athlon Belgique et Luxembourg - link2fleet<\/title>\n<meta name=\"description\" content=\"A dater du 1er septembre, Marie Lejeune sera la nouvelle directrice commerciale du fournisseur de mobilit\u00e9 Athlon Belgique et Luxembourg.\" \/>\n<meta name=\"robots\" content=\"index, follow, max-snippet:-1, max-image-preview:large, max-video-preview:-1\" \/>\n<meta property=\"og:locale\" content=\"fr_FR\" \/>\n<meta property=\"og:type\" content=\"article\" \/>\n<meta property=\"og:title\" content=\"Marie Lejeune nomm\u00e9e directrice commerciale d\u2019Athlon Belgique et Luxembourg - link2fleet\" \/>\n<meta property=\"og:description\" content=\"A dater du 1er septembre, Marie Lejeune sera la nouvelle directrice commerciale du fournisseur de mobilit\u00e9 Athlon Belgique et Luxembourg.\" \/>\n<meta property=\"og:url\" content=\"https:\/\/www.link2fleet.com\/fr\/marie-lejeune-nommee-directrice-commerciale-dathlon-belgique-et-luxembourg\/\" \/>\n<meta property=\"og:site_name\" content=\"link2fleet\" \/>\n<meta property=\"article:published_time\" content=\"2022-09-01T09:50:09+00:00\" \/>\n<meta property=\"article:modified_time\" content=\"2024-04-17T14:46:18+00:00\" \/>\n<meta property=\"og:image\" content=\"https:\/\/static.link2fleet.com\/wp-content\/uploads\/2024\/03\/marie-lejeune-31082022.jpg\" \/>\n\t<meta property=\"og:image:width\" content=\"768\" \/>\n\t<meta property=\"og:image:height\" content=\"512\" \/>\n\t<meta property=\"og:image:type\" content=\"image\/jpeg\" \/>\n<meta name=\"author\" content=\"Damien Malvetti\" \/>\n<meta name=\"twitter:card\" content=\"summary_large_image\" \/>\n<meta name=\"twitter:description\" content=\"A dater du 1er septembre, Marie Lejeune sera la nouvelle directrice commerciale du fournisseur de mobilit\u00e9 Athlon Belgique et Luxembourg.\" \/>\n<meta name=\"twitter:label1\" content=\"\u00c9crit par\" \/>\n\t<meta name=\"twitter:data1\" content=\"Damien Malvetti\" \/>\n\t<meta name=\"twitter:label2\" content=\"Dur\u00e9e de lecture estim\u00e9e\" \/>\n\t<meta name=\"twitter:data2\" content=\"1 minute\" \/>\n<script type=\"application\/ld+json\" class=\"yoast-schema-graph\">{\"@context\":\"https:\\\/\\\/schema.org\",\"@graph\":[{\"@type\":\"Article\",\"@id\":\"https:\\\/\\\/www.link2fleet.com\\\/fr\\\/marie-lejeune-nommee-directrice-commerciale-dathlon-belgique-et-luxembourg\\\/#article\",\"isPartOf\":{\"@id\":\"https:\\\/\\\/www.link2fleet.com\\\/fr\\\/marie-lejeune-nommee-directrice-commerciale-dathlon-belgique-et-luxembourg\\\/\"},\"author\":{\"name\":\"Damien Malvetti\",\"@id\":\"https:\\\/\\\/www.link2fleet.com\\\/fr\\\/#\\\/schema\\\/person\\\/027cd46113c78036b3809c9a054049da\"},\"headline\":\"Marie Lejeune nomm\u00e9e directrice commerciale d\u2019Athlon Belgique et Luxembourg\",\"datePublished\":\"2022-09-01T09:50:09+00:00\",\"dateModified\":\"2024-04-17T14:46:18+00:00\",\"mainEntityOfPage\":{\"@id\":\"https:\\\/\\\/www.link2fleet.com\\\/fr\\\/marie-lejeune-nommee-directrice-commerciale-dathlon-belgique-et-luxembourg\\\/\"},\"wordCount\":285,\"publisher\":{\"@id\":\"https:\\\/\\\/www.link2fleet.com\\\/fr\\\/#organization\"},\"image\":{\"@id\":\"https:\\\/\\\/www.link2fleet.com\\\/fr\\\/marie-lejeune-nommee-directrice-commerciale-dathlon-belgique-et-luxembourg\\\/#primaryimage\"},\"thumbnailUrl\":\"https:\\\/\\\/static.link2fleet.com\\\/wp-content\\\/uploads\\\/2024\\\/03\\\/marie-lejeune-31082022.jpg\",\"articleSection\":[\"Gestion de flotte\",\"Location long-terme\"],\"inLanguage\":\"fr-FR\"},{\"@type\":\"WebPage\",\"@id\":\"https:\\\/\\\/www.link2fleet.com\\\/fr\\\/marie-lejeune-nommee-directrice-commerciale-dathlon-belgique-et-luxembourg\\\/\",\"url\":\"https:\\\/\\\/www.link2fleet.com\\\/fr\\\/marie-lejeune-nommee-directrice-commerciale-dathlon-belgique-et-luxembourg\\\/\",\"name\":\"Marie Lejeune nomm\u00e9e directrice commerciale d\u2019Athlon Belgique et Luxembourg - link2fleet\",\"isPartOf\":{\"@id\":\"https:\\\/\\\/www.link2fleet.com\\\/fr\\\/#website\"},\"primaryImageOfPage\":{\"@id\":\"https:\\\/\\\/www.link2fleet.com\\\/fr\\\/marie-lejeune-nommee-directrice-commerciale-dathlon-belgique-et-luxembourg\\\/#primaryimage\"},\"image\":{\"@id\":\"https:\\\/\\\/www.link2fleet.com\\\/fr\\\/marie-lejeune-nommee-directrice-commerciale-dathlon-belgique-et-luxembourg\\\/#primaryimage\"},\"thumbnailUrl\":\"https:\\\/\\\/static.link2fleet.com\\\/wp-content\\\/uploads\\\/2024\\\/03\\\/marie-lejeune-31082022.jpg\",\"datePublished\":\"2022-09-01T09:50:09+00:00\",\"dateModified\":\"2024-04-17T14:46:18+00:00\",\"breadcrumb\":{\"@id\":\"https:\\\/\\\/www.link2fleet.com\\\/fr\\\/marie-lejeune-nommee-directrice-commerciale-dathlon-belgique-et-luxembourg\\\/#breadcrumb\"},\"inLanguage\":\"fr-FR\",\"potentialAction\":[{\"@type\":\"ReadAction\",\"target\":[\"https:\\\/\\\/www.link2fleet.com\\\/fr\\\/marie-lejeune-nommee-directrice-commerciale-dathlon-belgique-et-luxembourg\\\/\"]}]},{\"@type\":\"ImageObject\",\"inLanguage\":\"fr-FR\",\"@id\":\"https:\\\/\\\/www.link2fleet.com\\\/fr\\\/marie-lejeune-nommee-directrice-commerciale-dathlon-belgique-et-luxembourg\\\/#primaryimage\",\"url\":\"https:\\\/\\\/static.link2fleet.com\\\/wp-content\\\/uploads\\\/2024\\\/03\\\/marie-lejeune-31082022.jpg\",\"contentUrl\":\"https:\\\/\\\/static.link2fleet.com\\\/wp-content\\\/uploads\\\/2024\\\/03\\\/marie-lejeune-31082022.jpg\",\"width\":768,\"height\":512},{\"@type\":\"BreadcrumbList\",\"@id\":\"https:\\\/\\\/www.link2fleet.com\\\/fr\\\/marie-lejeune-nommee-directrice-commerciale-dathlon-belgique-et-luxembourg\\\/#breadcrumb\",\"itemListElement\":[{\"@type\":\"ListItem\",\"position\":1,\"name\":\"Home\",\"item\":\"https:\\\/\\\/www.link2fleet.com\\\/fr\\\/\"},{\"@type\":\"ListItem\",\"position\":2,\"name\":\"Marie Lejeune nomm\u00e9e directrice commerciale d\u2019Athlon Belgique et Luxembourg\"}]},{\"@type\":\"WebSite\",\"@id\":\"https:\\\/\\\/www.link2fleet.com\\\/fr\\\/#website\",\"url\":\"https:\\\/\\\/www.link2fleet.com\\\/fr\\\/\",\"name\":\"Link2fleet\",\"description\":\"\",\"publisher\":{\"@id\":\"https:\\\/\\\/www.link2fleet.com\\\/fr\\\/#organization\"},\"potentialAction\":[{\"@type\":\"SearchAction\",\"target\":{\"@type\":\"EntryPoint\",\"urlTemplate\":\"https:\\\/\\\/www.link2fleet.com\\\/fr\\\/?s={search_term_string}\"},\"query-input\":{\"@type\":\"PropertyValueSpecification\",\"valueRequired\":true,\"valueName\":\"search_term_string\"}}],\"inLanguage\":\"fr-FR\"},{\"@type\":\"Organization\",\"@id\":\"https:\\\/\\\/www.link2fleet.com\\\/fr\\\/#organization\",\"name\":\"Link2fleet\",\"url\":\"https:\\\/\\\/www.link2fleet.com\\\/fr\\\/\",\"logo\":{\"@type\":\"ImageObject\",\"inLanguage\":\"fr-FR\",\"@id\":\"https:\\\/\\\/www.link2fleet.com\\\/fr\\\/#\\\/schema\\\/logo\\\/image\\\/\",\"url\":\"https:\\\/\\\/static.link2fleet.com\\\/wp-content\\\/uploads\\\/2024\\\/03\\\/share-image.jpg\",\"contentUrl\":\"https:\\\/\\\/static.link2fleet.com\\\/wp-content\\\/uploads\\\/2024\\\/03\\\/share-image.jpg\",\"width\":1200,\"height\":630,\"caption\":\"Link2fleet\"},\"image\":{\"@id\":\"https:\\\/\\\/www.link2fleet.com\\\/fr\\\/#\\\/schema\\\/logo\\\/image\\\/\"},\"sameAs\":[\"https:\\\/\\\/www.linkedin.com\\\/company\\\/link2fleet-belgium\",\"https:\\\/\\\/www.youtube.com\\\/user\\\/MMMBMBE\"]},{\"@type\":\"Person\",\"@id\":\"https:\\\/\\\/www.link2fleet.com\\\/fr\\\/#\\\/schema\\\/person\\\/027cd46113c78036b3809c9a054049da\",\"name\":\"Damien Malvetti\",\"image\":{\"@type\":\"ImageObject\",\"inLanguage\":\"fr-FR\",\"@id\":\"https:\\\/\\\/secure.gravatar.com\\\/avatar\\\/dd8cc03b49466c735f753ac37f8caa371af16dfed347456ed61f02883255eebb?s=96&d=mm&r=g\",\"url\":\"https:\\\/\\\/secure.gravatar.com\\\/avatar\\\/dd8cc03b49466c735f753ac37f8caa371af16dfed347456ed61f02883255eebb?s=96&d=mm&r=g\",\"contentUrl\":\"https:\\\/\\\/secure.gravatar.com\\\/avatar\\\/dd8cc03b49466c735f753ac37f8caa371af16dfed347456ed61f02883255eebb?s=96&d=mm&r=g\",\"caption\":\"Damien Malvetti\"},\"description\":\"Damien Malvetti is opgeleid als journalist en gepassioneerd door wagens, technologie en mobiliteit. Hij is verantwoordelijk voor de redactionele inhoud van link2fleet en beschikt over een uitgebreide kennis van de fleet-sector en elektrische mobiliteit.\",\"sameAs\":[\"https:\\\/\\\/www.linkedin.com\\\/in\\\/damien-malvetti-56601142\\\/\"]}]}<\/script>\n<!-- \/ Yoast SEO plugin. -->","yoast_head_json":{"title":"Marie Lejeune nomm\u00e9e directrice commerciale d\u2019Athlon Belgique et Luxembourg - link2fleet","description":"A dater du 1er septembre, Marie Lejeune sera la nouvelle directrice commerciale du fournisseur de mobilit\u00e9 Athlon Belgique et Luxembourg.","robots":{"index":"index","follow":"follow","max-snippet":"max-snippet:-1","max-image-preview":"max-image-preview:large","max-video-preview":"max-video-preview:-1"},"og_locale":"fr_FR","og_type":"article","og_title":"Marie Lejeune nomm\u00e9e directrice commerciale d\u2019Athlon Belgique et Luxembourg - link2fleet","og_description":"A dater du 1er septembre, Marie Lejeune sera la nouvelle directrice commerciale du fournisseur de mobilit\u00e9 Athlon Belgique et Luxembourg.","og_url":"https:\/\/www.link2fleet.com\/fr\/marie-lejeune-nommee-directrice-commerciale-dathlon-belgique-et-luxembourg\/","og_site_name":"link2fleet","article_published_time":"2022-09-01T09:50:09+00:00","article_modified_time":"2024-04-17T14:46:18+00:00","og_image":[{"width":768,"height":512,"url":"https:\/\/static.link2fleet.com\/wp-content\/uploads\/2024\/03\/marie-lejeune-31082022.jpg","type":"image\/jpeg"}],"author":"Damien Malvetti","twitter_card":"summary_large_image","twitter_description":"A dater du 1er septembre, Marie Lejeune sera la nouvelle directrice commerciale du fournisseur de mobilit\u00e9 Athlon Belgique et Luxembourg.","twitter_misc":{"\u00c9crit par":"Damien Malvetti","Dur\u00e9e de lecture estim\u00e9e":"1 minute"},"schema":{"@context":"https:\/\/schema.org","@graph":[{"@type":"Article","@id":"https:\/\/www.link2fleet.com\/fr\/marie-lejeune-nommee-directrice-commerciale-dathlon-belgique-et-luxembourg\/#article","isPartOf":{"@id":"https:\/\/www.link2fleet.com\/fr\/marie-lejeune-nommee-directrice-commerciale-dathlon-belgique-et-luxembourg\/"},"author":{"name":"Damien Malvetti","@id":"https:\/\/www.link2fleet.com\/fr\/#\/schema\/person\/027cd46113c78036b3809c9a054049da"},"headline":"Marie Lejeune nomm\u00e9e directrice commerciale d\u2019Athlon Belgique et Luxembourg","datePublished":"2022-09-01T09:50:09+00:00","dateModified":"2024-04-17T14:46:18+00:00","mainEntityOfPage":{"@id":"https:\/\/www.link2fleet.com\/fr\/marie-lejeune-nommee-directrice-commerciale-dathlon-belgique-et-luxembourg\/"},"wordCount":285,"publisher":{"@id":"https:\/\/www.link2fleet.com\/fr\/#organization"},"image":{"@id":"https:\/\/www.link2fleet.com\/fr\/marie-lejeune-nommee-directrice-commerciale-dathlon-belgique-et-luxembourg\/#primaryimage"},"thumbnailUrl":"https:\/\/static.link2fleet.com\/wp-content\/uploads\/2024\/03\/marie-lejeune-31082022.jpg","articleSection":["Gestion de flotte","Location long-terme"],"inLanguage":"fr-FR"},{"@type":"WebPage","@id":"https:\/\/www.link2fleet.com\/fr\/marie-lejeune-nommee-directrice-commerciale-dathlon-belgique-et-luxembourg\/","url":"https:\/\/www.link2fleet.com\/fr\/marie-lejeune-nommee-directrice-commerciale-dathlon-belgique-et-luxembourg\/","name":"Marie Lejeune nomm\u00e9e directrice commerciale d\u2019Athlon Belgique et Luxembourg - link2fleet","isPartOf":{"@id":"https:\/\/www.link2fleet.com\/fr\/#website"},"primaryImageOfPage":{"@id":"https:\/\/www.link2fleet.com\/fr\/marie-lejeune-nommee-directrice-commerciale-dathlon-belgique-et-luxembourg\/#primaryimage"},"image":{"@id":"https:\/\/www.link2fleet.com\/fr\/marie-lejeune-nommee-directrice-commerciale-dathlon-belgique-et-luxembourg\/#primaryimage"},"thumbnailUrl":"https:\/\/static.link2fleet.com\/wp-content\/uploads\/2024\/03\/marie-lejeune-31082022.jpg","datePublished":"2022-09-01T09:50:09+00:00","dateModified":"2024-04-17T14:46:18+00:00","breadcrumb":{"@id":"https:\/\/www.link2fleet.com\/fr\/marie-lejeune-nommee-directrice-commerciale-dathlon-belgique-et-luxembourg\/#breadcrumb"},"inLanguage":"fr-FR","potentialAction":[{"@type":"ReadAction","target":["https:\/\/www.link2fleet.com\/fr\/marie-lejeune-nommee-directrice-commerciale-dathlon-belgique-et-luxembourg\/"]}]},{"@type":"ImageObject","inLanguage":"fr-FR","@id":"https:\/\/www.link2fleet.com\/fr\/marie-lejeune-nommee-directrice-commerciale-dathlon-belgique-et-luxembourg\/#primaryimage","url":"https:\/\/static.link2fleet.com\/wp-content\/uploads\/2024\/03\/marie-lejeune-31082022.jpg","contentUrl":"https:\/\/static.link2fleet.com\/wp-content\/uploads\/2024\/03\/marie-lejeune-31082022.jpg","width":768,"height":512},{"@type":"BreadcrumbList","@id":"https:\/\/www.link2fleet.com\/fr\/marie-lejeune-nommee-directrice-commerciale-dathlon-belgique-et-luxembourg\/#breadcrumb","itemListElement":[{"@type":"ListItem","position":1,"name":"Home","item":"https:\/\/www.link2fleet.com\/fr\/"},{"@type":"ListItem","position":2,"name":"Marie Lejeune nomm\u00e9e directrice commerciale d\u2019Athlon Belgique et Luxembourg"}]},{"@type":"WebSite","@id":"https:\/\/www.link2fleet.com\/fr\/#website","url":"https:\/\/www.link2fleet.com\/fr\/","name":"Link2fleet","description":"","publisher":{"@id":"https:\/\/www.link2fleet.com\/fr\/#organization"},"potentialAction":[{"@type":"SearchAction","target":{"@type":"EntryPoint","urlTemplate":"https:\/\/www.link2fleet.com\/fr\/?s={search_term_string}"},"query-input":{"@type":"PropertyValueSpecification","valueRequired":true,"valueName":"search_term_string"}}],"inLanguage":"fr-FR"},{"@type":"Organization","@id":"https:\/\/www.link2fleet.com\/fr\/#organization","name":"Link2fleet","url":"https:\/\/www.link2fleet.com\/fr\/","logo":{"@type":"ImageObject","inLanguage":"fr-FR","@id":"https:\/\/www.link2fleet.com\/fr\/#\/schema\/logo\/image\/","url":"https:\/\/static.link2fleet.com\/wp-content\/uploads\/2024\/03\/share-image.jpg","contentUrl":"https:\/\/static.link2fleet.com\/wp-content\/uploads\/2024\/03\/share-image.jpg","width":1200,"height":630,"caption":"Link2fleet"},"image":{"@id":"https:\/\/www.link2fleet.com\/fr\/#\/schema\/logo\/image\/"},"sameAs":["https:\/\/www.linkedin.com\/company\/link2fleet-belgium","https:\/\/www.youtube.com\/user\/MMMBMBE"]},{"@type":"Person","@id":"https:\/\/www.link2fleet.com\/fr\/#\/schema\/person\/027cd46113c78036b3809c9a054049da","name":"Damien Malvetti","image":{"@type":"ImageObject","inLanguage":"fr-FR","@id":"https:\/\/secure.gravatar.com\/avatar\/dd8cc03b49466c735f753ac37f8caa371af16dfed347456ed61f02883255eebb?s=96&d=mm&r=g","url":"https:\/\/secure.gravatar.com\/avatar\/dd8cc03b49466c735f753ac37f8caa371af16dfed347456ed61f02883255eebb?s=96&d=mm&r=g","contentUrl":"https:\/\/secure.gravatar.com\/avatar\/dd8cc03b49466c735f753ac37f8caa371af16dfed347456ed61f02883255eebb?s=96&d=mm&r=g","caption":"Damien Malvetti"},"description":"Damien Malvetti is opgeleid als journalist en gepassioneerd door wagens, technologie en mobiliteit. Hij is verantwoordelijk voor de redactionele inhoud van link2fleet en beschikt over een uitgebreide kennis van de fleet-sector en elektrische mobiliteit.","sameAs":["https:\/\/www.linkedin.com\/in\/damien-malvetti-56601142\/"]}]}},"_links":{"self":[{"href":"https:\/\/www.link2fleet.com\/fr\/wp-json\/wp\/v2\/posts\/7414","targetHints":{"allow":["GET"]}}],"collection":[{"href":"https:\/\/www.link2fleet.com\/fr\/wp-json\/wp\/v2\/posts"}],"about":[{"href":"https:\/\/www.link2fleet.com\/fr\/wp-json\/wp\/v2\/types\/post"}],"author":[{"embeddable":true,"href":"https:\/\/www.link2fleet.com\/fr\/wp-json\/wp\/v2\/users\/4"}],"replies":[{"embeddable":true,"href":"https:\/\/www.link2fleet.com\/fr\/wp-json\/wp\/v2\/comments?post=7414"}],"version-history":[{"count":0,"href":"https:\/\/www.link2fleet.com\/fr\/wp-json\/wp\/v2\/posts\/7414\/revisions"}],"wp:featuredmedia":[{"embeddable":true,"href":"https:\/\/www.link2fleet.com\/fr\/wp-json\/wp\/v2\/media\/7415"}],"wp:attachment":[{"href":"https:\/\/www.link2fleet.com\/fr\/wp-json\/wp\/v2\/media?parent=7414"}],"wp:term":[{"taxonomy":"category","embeddable":true,"href":"https:\/\/www.link2fleet.com\/fr\/wp-json\/wp\/v2\/categories?post=7414"},{"taxonomy":"post_tag","embeddable":true,"href":"https:\/\/www.link2fleet.com\/fr\/wp-json\/wp\/v2\/tags?post=7414"}],"curies":[{"name":"wp","href":"https:\/\/api.w.org\/{rel}","templated":true}]}}