{"id":7452,"date":"2022-09-02T06:14:24","date_gmt":"2022-09-02T04:14:24","guid":{"rendered":"https:\/\/www.link2fleet.com\/8-des-pme-bruxelloises-veulent-offrir-un-budget-de-mobilite\/"},"modified":"2024-04-17T16:46:17","modified_gmt":"2024-04-17T14:46:17","slug":"8-des-pme-bruxelloises-veulent-offrir-un-budget-de-mobilite","status":"publish","type":"post","link":"https:\/\/www.link2fleet.com\/fr\/8-des-pme-bruxelloises-veulent-offrir-un-budget-de-mobilite\/","title":{"rendered":"8% des PME bruxelloises veulent offrir un budget de mobilit\u00e9"},"content":{"rendered":"<p><strong>Dans quelle mesure les PME wallonnes et bruxelloises sont-elles conscientes des possibilit\u00e9s offertes par le budget de la mobilit\u00e9 ?<\/strong><\/p>\n<p><img decoding=\"async\" src=\"https:\/\/userfiles.mailswitch.nl\/medialib\/4924171\/medialib\/SD%20Worx\/20220902_possibilitesWallonie.png\" alt=\"\" width=\"372\" \/><img decoding=\"async\" src=\"https:\/\/userfiles.mailswitch.nl\/medialib\/4924171\/medialib\/SD%20Worx\/20220902_possibilitiesBrusselsFR.png\" alt=\"\" width=\"383\" \/><\/p>\n<p style=\"text-align: right;\">Source : SD Worx juin 22<\/p>\n<p>La totalit\u00e9 du budget qui serait normalement d\u00e9pens\u00e9 par l&#8217;employeur pour une voiture de soci\u00e9t\u00e9 peut \u00eatre consacr\u00e9 \u00e0 d&rsquo;autres options plus respectueuses de l&rsquo;environnement, telles qu&rsquo;une voiture de soci\u00e9t\u00e9 \u00e9cologique, les transports publics, les voitures partag\u00e9es, les bicyclettes, etc. et de l&rsquo;argent (salaire suppl\u00e9mentaire \u00e0 la fin de l&rsquo;ann\u00e9e).<\/p>\n<p><strong>Le budget mobilit\u00e9 peut \u00e9galement \u00eatre utilis\u00e9 pour les voitures de soci\u00e9t\u00e9<\/strong><br \/>\nEn 2019, le l\u00e9gislateur belge a introduit le budget mobilit\u00e9, dans le but d&rsquo;encourager des d\u00e9placements plus durables. Fin 2021, quelques ajustements ont \u00e9t\u00e9 effectu\u00e9s, ce qui devrait en faciliter l&rsquo;introduction.<\/p>\n<p><strong>Jordane Houdart, consultante juridique pour les PME chez SD Worx<\/strong>, r\u00e9sume les r\u00e9sultats : <em>\u00ab\u00a0Le pourcentage de PME qui souhaitent se lancer dans le budget mobilit\u00e9 est tr\u00e8s faible, certainement en Flandre et en Wallonie. Vous pourriez dire : l&rsquo;inconnu fait peur, mais cela va au-del\u00e0 de simples craintes. En Wallonie, pr\u00e8s de 36% des PME disent conna\u00eetre le principe, mais moins d\u20191% commencent \u00e0 l&rsquo;introduire ; \u00e0 Bruxelles, ce chiffre est de 8%.\u00a0\u00bb<\/em><\/p>\n<p><strong>La sp\u00e9cialiste<\/strong> souligne : <em>\u00ab\u00a0On oublie notamment que la majorit\u00e9 des voitures de soci\u00e9t\u00e9 est constitu\u00e9e de voitures de fonction, ce qui signifie qu&rsquo;une voiture reste n\u00e9cessaire pour les visites de clients et que le salari\u00e9 n&rsquo;est pas totalement libre de d\u00e9terminer sa propre mobilit\u00e9. Mais le budget mobilit\u00e9 peut aussi \u00eatre int\u00e9ressant ici, en choisissant une voiture plus petite et en utilisant un budget plus limit\u00e9 pour, par exemple, un v\u00e9lo ou la location d&rsquo;une plus grande voiture pendant les vacances d&rsquo;\u00e9t\u00e9. A Bruxelles, l&rsquo;int\u00e9r\u00eat est plus grand mais pas encore ph\u00e9nom\u00e9nal\u00a0: 8% des PME disent envisager de l&rsquo;introduire.\u00a0\u00bb<\/em><\/p>\n<p>En mars 2022, environ 16 % des PME ont d\u00e9clar\u00e9 qu&rsquo;elles s&rsquo;attendaient \u00e0 ce que leurs travailleurs demandent des budgets de mobilit\u00e9 d&rsquo;ici 2022. Pour l&rsquo;instant, cela ne se traduit pas par des taux d&rsquo;adoption \u00e9lev\u00e9s.<\/p>\n<p><strong>Environ un quart des PME miseront sur des voitures plus petites<\/strong><br \/>\nL&rsquo;enqu\u00eate SD Worx sur les PME montre que les entrepreneurs de PME ne sont pas oppos\u00e9s \u00e0 une flotte de v\u00e9hicules plus \u00e9cologiques, mais la majorit\u00e9 d&rsquo;entre eux rencontrent encore trop de facteurs bloquants.<\/p>\n<p>Pr\u00e8s de quatre PME sur dix (38,9 %) souhaitent s&rsquo;engager pleinement dans le verdissement du parc automobile, mais pr\u00e8s de la moiti\u00e9 (48,5 %) disent qu&rsquo;elles attendront avant d&rsquo;effectuer le changement en raison de trop nombreux facteurs de blocage. Pr\u00e8s d&rsquo;un quart (24,3 %) opteront pour des voitures plus petites ou tenteront de r\u00e9duire leur parc automobile (24,7 %). Aujourd&rsquo;hui, 59% des PME essaient de minimiser leurs d\u00e9placements. Environ 18% n&rsquo;ont pas besoin de voitures de soci\u00e9t\u00e9 \u00e0 l&rsquo;avenir.<\/p>\n<p><img decoding=\"async\" src=\"https:\/\/userfiles.mailswitch.nl\/medialib\/4924171\/medialib\/SD%20Worx\/20220902_SD%20Worx_Evolution%20de%20la%20flotte%20des%20PME%20(%20de%20PME%20et%20niveau%20daccord%20avec%20les%20affirmations).png\" alt=\"\" width=\"850\" \/><\/p>\n<p style=\"text-align: right;\">Source\u00a0: SD Worx juin 2022<\/p>\n<p><em>\u00ab\u00a0Des facteurs bloquants tels que la complexit\u00e9 administrative, la demande limit\u00e9e des salari\u00e9s le prix de revient des voitures \u00e9lectriques et le flou fiscal concernant la recharge \u00e0 domicile en termes d&rsquo;avantage en nature sont certainement encore des challenges dans le processus d&rsquo;\u00e9cologisation\u00a0\u00bb<\/em>, d\u00e9clare <strong>Jordane Houdart de SD Worx<\/strong>.<\/p>\n<p><strong>Comment fonctionne le budget mobilit\u00e9 ?<\/strong><br \/>\nLa conseill\u00e8re PME poursuit : \u00ab\u00a0Lorsqu&rsquo;un employeur introduit le budget mobilit\u00e9 dans son entreprise, les salari\u00e9s ont la possibilit\u00e9 d&rsquo;\u00e9changer leur (droit \u00e0 une) voiture de fonction contre un budget annuel. Chaque travailleur peut utiliser ce budget pour organiser sa propre mobilit\u00e9, afin de se rendre au travail plus facilement et de mani\u00e8re plus \u00e9cologique. Le montant annuel d\u00e9pend du type de voiture de soci\u00e9t\u00e9 auquel l&#8217;employ\u00e9 a droit. Remarque : le salari\u00e9\u00a0 ne doit pas n\u00e9cessairement annuler sa voiture. Il peut, par exemple, choisir une voiture durable plus petite, mais aussi un v\u00e9lo (partag\u00e9) ou recourir au covoiturage ou aux taxis.\u00a0\u00bb<\/p>\n","protected":false},"excerpt":{"rendered":"<p>Dans quelle mesure les PME wallonnes et bruxelloises sont-elles conscientes des possibilit\u00e9s offertes par le budget de la mobilit\u00e9 ? Source : SD Worx juin 22 La totalit\u00e9 du budget qui serait normalement d\u00e9pens\u00e9 par l&#8217;employeur pour une voiture de soci\u00e9t\u00e9 peut \u00eatre consacr\u00e9 \u00e0 d&rsquo;autres options plus respectueuses de l&rsquo;environnement, telles qu&rsquo;une voiture de [&hellip;]<\/p>\n","protected":false},"author":4,"featured_media":7453,"comment_status":"closed","ping_status":"closed","sticky":false,"template":"","format":"standard","meta":{"_acf_changed":false,"footnotes":""},"categories":[90,88,89,87,97,98,96],"tags":[],"class_list":["post-7452","post","type-post","status-publish","format-standard","has-post-thumbnail","hentry","category-car-sharing-et-car-pooling","category-cartes-de-mobilite","category-modes-de-transports-alternatifs-flex-offices-parkings","category-mobility-2","category-transportsencommun","category-trottinettes_scooters_motos","category-velos-location"],"acf":[],"yoast_head":"<!-- This site is optimized with the Yoast SEO plugin v27.3 - https:\/\/yoast.com\/product\/yoast-seo-wordpress\/ -->\n<title>8% des PME bruxelloises veulent offrir un budget de mobilit\u00e9 - link2fleet<\/title>\n<meta name=\"description\" content=\"Trois ans apr\u00e8s son lancement, le budget mobilit\u00e9, qui permet aux employeurs et aux travailleurs d&rsquo;opter pour une mobilit\u00e9 plus durable, suscite peu d&rsquo;enthousiasme. La\u2026\" \/>\n<meta name=\"robots\" content=\"index, follow, max-snippet:-1, max-image-preview:large, max-video-preview:-1\" \/>\n<meta property=\"og:locale\" content=\"fr_FR\" \/>\n<meta property=\"og:type\" content=\"article\" \/>\n<meta property=\"og:title\" content=\"8% des PME bruxelloises veulent offrir un budget de mobilit\u00e9 - link2fleet\" \/>\n<meta property=\"og:description\" content=\"Trois ans apr\u00e8s son lancement, le budget mobilit\u00e9, qui permet aux employeurs et aux travailleurs d&rsquo;opter pour une mobilit\u00e9 plus durable, suscite peu d&rsquo;enthousiasme. La\u2026\" \/>\n<meta property=\"og:url\" content=\"https:\/\/www.link2fleet.com\/fr\/8-des-pme-bruxelloises-veulent-offrir-un-budget-de-mobilite\/\" \/>\n<meta property=\"og:site_name\" content=\"link2fleet\" \/>\n<meta property=\"article:published_time\" content=\"2022-09-02T04:14:24+00:00\" \/>\n<meta property=\"article:modified_time\" content=\"2024-04-17T14:46:17+00:00\" \/>\n<meta property=\"og:image\" content=\"https:\/\/static.link2fleet.com\/wp-content\/uploads\/2024\/03\/mobility-solutions-w799-h600.jpeg\" \/>\n\t<meta property=\"og:image:width\" content=\"799\" \/>\n\t<meta property=\"og:image:height\" content=\"533\" \/>\n\t<meta property=\"og:image:type\" content=\"image\/jpeg\" \/>\n<meta name=\"author\" content=\"Damien Malvetti\" \/>\n<meta name=\"twitter:card\" content=\"summary_large_image\" \/>\n<meta name=\"twitter:description\" content=\"Trois ans apr\u00e8s son lancement, le budget mobilit\u00e9, qui permet aux employeurs et aux travailleurs d&rsquo;opter pour une mobilit\u00e9 plus durable, suscite peu d&rsquo;enthousiasme. La\u2026\" \/>\n<meta name=\"twitter:label1\" content=\"\u00c9crit par\" \/>\n\t<meta name=\"twitter:data1\" content=\"Damien Malvetti\" \/>\n\t<meta name=\"twitter:label2\" content=\"Dur\u00e9e de lecture estim\u00e9e\" \/>\n\t<meta name=\"twitter:data2\" content=\"3 minutes\" \/>\n<script type=\"application\/ld+json\" class=\"yoast-schema-graph\">{\"@context\":\"https:\\\/\\\/schema.org\",\"@graph\":[{\"@type\":\"Article\",\"@id\":\"https:\\\/\\\/www.link2fleet.com\\\/fr\\\/8-des-pme-bruxelloises-veulent-offrir-un-budget-de-mobilite\\\/#article\",\"isPartOf\":{\"@id\":\"https:\\\/\\\/www.link2fleet.com\\\/fr\\\/8-des-pme-bruxelloises-veulent-offrir-un-budget-de-mobilite\\\/\"},\"author\":{\"name\":\"Damien Malvetti\",\"@id\":\"https:\\\/\\\/www.link2fleet.com\\\/fr\\\/#\\\/schema\\\/person\\\/027cd46113c78036b3809c9a054049da\"},\"headline\":\"8% des PME bruxelloises veulent offrir un budget de mobilit\u00e9\",\"datePublished\":\"2022-09-02T04:14:24+00:00\",\"dateModified\":\"2024-04-17T14:46:17+00:00\",\"mainEntityOfPage\":{\"@id\":\"https:\\\/\\\/www.link2fleet.com\\\/fr\\\/8-des-pme-bruxelloises-veulent-offrir-un-budget-de-mobilite\\\/\"},\"wordCount\":668,\"publisher\":{\"@id\":\"https:\\\/\\\/www.link2fleet.com\\\/fr\\\/#organization\"},\"image\":{\"@id\":\"https:\\\/\\\/www.link2fleet.com\\\/fr\\\/8-des-pme-bruxelloises-veulent-offrir-un-budget-de-mobilite\\\/#primaryimage\"},\"thumbnailUrl\":\"https:\\\/\\\/static.link2fleet.com\\\/wp-content\\\/uploads\\\/2024\\\/03\\\/mobility-solutions-w799-h600.jpeg\",\"articleSection\":[\"Car-sharing, car-pooling et taxi\",\"Cartes\\\/app de mobilit\u00e9\",\"Flex-offices\",\"Mobilit\u00e9\",\"Transports en commun\",\"Trottinettes, scooters et motos\",\"V\u00e9los (location)\"],\"inLanguage\":\"fr-FR\"},{\"@type\":\"WebPage\",\"@id\":\"https:\\\/\\\/www.link2fleet.com\\\/fr\\\/8-des-pme-bruxelloises-veulent-offrir-un-budget-de-mobilite\\\/\",\"url\":\"https:\\\/\\\/www.link2fleet.com\\\/fr\\\/8-des-pme-bruxelloises-veulent-offrir-un-budget-de-mobilite\\\/\",\"name\":\"8% des PME bruxelloises veulent offrir un budget de mobilit\u00e9 - link2fleet\",\"isPartOf\":{\"@id\":\"https:\\\/\\\/www.link2fleet.com\\\/fr\\\/#website\"},\"primaryImageOfPage\":{\"@id\":\"https:\\\/\\\/www.link2fleet.com\\\/fr\\\/8-des-pme-bruxelloises-veulent-offrir-un-budget-de-mobilite\\\/#primaryimage\"},\"image\":{\"@id\":\"https:\\\/\\\/www.link2fleet.com\\\/fr\\\/8-des-pme-bruxelloises-veulent-offrir-un-budget-de-mobilite\\\/#primaryimage\"},\"thumbnailUrl\":\"https:\\\/\\\/static.link2fleet.com\\\/wp-content\\\/uploads\\\/2024\\\/03\\\/mobility-solutions-w799-h600.jpeg\",\"datePublished\":\"2022-09-02T04:14:24+00:00\",\"dateModified\":\"2024-04-17T14:46:17+00:00\",\"breadcrumb\":{\"@id\":\"https:\\\/\\\/www.link2fleet.com\\\/fr\\\/8-des-pme-bruxelloises-veulent-offrir-un-budget-de-mobilite\\\/#breadcrumb\"},\"inLanguage\":\"fr-FR\",\"potentialAction\":[{\"@type\":\"ReadAction\",\"target\":[\"https:\\\/\\\/www.link2fleet.com\\\/fr\\\/8-des-pme-bruxelloises-veulent-offrir-un-budget-de-mobilite\\\/\"]}]},{\"@type\":\"ImageObject\",\"inLanguage\":\"fr-FR\",\"@id\":\"https:\\\/\\\/www.link2fleet.com\\\/fr\\\/8-des-pme-bruxelloises-veulent-offrir-un-budget-de-mobilite\\\/#primaryimage\",\"url\":\"https:\\\/\\\/static.link2fleet.com\\\/wp-content\\\/uploads\\\/2024\\\/03\\\/mobility-solutions-w799-h600.jpeg\",\"contentUrl\":\"https:\\\/\\\/static.link2fleet.com\\\/wp-content\\\/uploads\\\/2024\\\/03\\\/mobility-solutions-w799-h600.jpeg\",\"width\":799,\"height\":533},{\"@type\":\"BreadcrumbList\",\"@id\":\"https:\\\/\\\/www.link2fleet.com\\\/fr\\\/8-des-pme-bruxelloises-veulent-offrir-un-budget-de-mobilite\\\/#breadcrumb\",\"itemListElement\":[{\"@type\":\"ListItem\",\"position\":1,\"name\":\"Home\",\"item\":\"https:\\\/\\\/www.link2fleet.com\\\/fr\\\/\"},{\"@type\":\"ListItem\",\"position\":2,\"name\":\"8% des PME bruxelloises veulent offrir un budget de mobilit\u00e9\"}]},{\"@type\":\"WebSite\",\"@id\":\"https:\\\/\\\/www.link2fleet.com\\\/fr\\\/#website\",\"url\":\"https:\\\/\\\/www.link2fleet.com\\\/fr\\\/\",\"name\":\"Link2fleet\",\"description\":\"\",\"publisher\":{\"@id\":\"https:\\\/\\\/www.link2fleet.com\\\/fr\\\/#organization\"},\"potentialAction\":[{\"@type\":\"SearchAction\",\"target\":{\"@type\":\"EntryPoint\",\"urlTemplate\":\"https:\\\/\\\/www.link2fleet.com\\\/fr\\\/?s={search_term_string}\"},\"query-input\":{\"@type\":\"PropertyValueSpecification\",\"valueRequired\":true,\"valueName\":\"search_term_string\"}}],\"inLanguage\":\"fr-FR\"},{\"@type\":\"Organization\",\"@id\":\"https:\\\/\\\/www.link2fleet.com\\\/fr\\\/#organization\",\"name\":\"Link2fleet\",\"url\":\"https:\\\/\\\/www.link2fleet.com\\\/fr\\\/\",\"logo\":{\"@type\":\"ImageObject\",\"inLanguage\":\"fr-FR\",\"@id\":\"https:\\\/\\\/www.link2fleet.com\\\/fr\\\/#\\\/schema\\\/logo\\\/image\\\/\",\"url\":\"https:\\\/\\\/static.link2fleet.com\\\/wp-content\\\/uploads\\\/2024\\\/03\\\/share-image.jpg\",\"contentUrl\":\"https:\\\/\\\/static.link2fleet.com\\\/wp-content\\\/uploads\\\/2024\\\/03\\\/share-image.jpg\",\"width\":1200,\"height\":630,\"caption\":\"Link2fleet\"},\"image\":{\"@id\":\"https:\\\/\\\/www.link2fleet.com\\\/fr\\\/#\\\/schema\\\/logo\\\/image\\\/\"},\"sameAs\":[\"https:\\\/\\\/www.linkedin.com\\\/company\\\/link2fleet-belgium\",\"https:\\\/\\\/www.youtube.com\\\/user\\\/MMMBMBE\"]},{\"@type\":\"Person\",\"@id\":\"https:\\\/\\\/www.link2fleet.com\\\/fr\\\/#\\\/schema\\\/person\\\/027cd46113c78036b3809c9a054049da\",\"name\":\"Damien Malvetti\",\"image\":{\"@type\":\"ImageObject\",\"inLanguage\":\"fr-FR\",\"@id\":\"https:\\\/\\\/secure.gravatar.com\\\/avatar\\\/dd8cc03b49466c735f753ac37f8caa371af16dfed347456ed61f02883255eebb?s=96&d=mm&r=g\",\"url\":\"https:\\\/\\\/secure.gravatar.com\\\/avatar\\\/dd8cc03b49466c735f753ac37f8caa371af16dfed347456ed61f02883255eebb?s=96&d=mm&r=g\",\"contentUrl\":\"https:\\\/\\\/secure.gravatar.com\\\/avatar\\\/dd8cc03b49466c735f753ac37f8caa371af16dfed347456ed61f02883255eebb?s=96&d=mm&r=g\",\"caption\":\"Damien Malvetti\"},\"description\":\"Damien Malvetti is opgeleid als journalist en gepassioneerd door wagens, technologie en mobiliteit. Hij is verantwoordelijk voor de redactionele inhoud van link2fleet en beschikt over een uitgebreide kennis van de fleet-sector en elektrische mobiliteit.\",\"sameAs\":[\"https:\\\/\\\/www.linkedin.com\\\/in\\\/damien-malvetti-56601142\\\/\"]}]}<\/script>\n<!-- \/ Yoast SEO plugin. -->","yoast_head_json":{"title":"8% des PME bruxelloises veulent offrir un budget de mobilit\u00e9 - link2fleet","description":"Trois ans apr\u00e8s son lancement, le budget mobilit\u00e9, qui permet aux employeurs et aux travailleurs d&rsquo;opter pour une mobilit\u00e9 plus durable, suscite peu d&rsquo;enthousiasme. La\u2026","robots":{"index":"index","follow":"follow","max-snippet":"max-snippet:-1","max-image-preview":"max-image-preview:large","max-video-preview":"max-video-preview:-1"},"og_locale":"fr_FR","og_type":"article","og_title":"8% des PME bruxelloises veulent offrir un budget de mobilit\u00e9 - link2fleet","og_description":"Trois ans apr\u00e8s son lancement, le budget mobilit\u00e9, qui permet aux employeurs et aux travailleurs d&rsquo;opter pour une mobilit\u00e9 plus durable, suscite peu d&rsquo;enthousiasme. La\u2026","og_url":"https:\/\/www.link2fleet.com\/fr\/8-des-pme-bruxelloises-veulent-offrir-un-budget-de-mobilite\/","og_site_name":"link2fleet","article_published_time":"2022-09-02T04:14:24+00:00","article_modified_time":"2024-04-17T14:46:17+00:00","og_image":[{"width":799,"height":533,"url":"https:\/\/static.link2fleet.com\/wp-content\/uploads\/2024\/03\/mobility-solutions-w799-h600.jpeg","type":"image\/jpeg"}],"author":"Damien Malvetti","twitter_card":"summary_large_image","twitter_description":"Trois ans apr\u00e8s son lancement, le budget mobilit\u00e9, qui permet aux employeurs et aux travailleurs d&rsquo;opter pour une mobilit\u00e9 plus durable, suscite peu d&rsquo;enthousiasme. La\u2026","twitter_misc":{"\u00c9crit par":"Damien Malvetti","Dur\u00e9e de lecture estim\u00e9e":"3 minutes"},"schema":{"@context":"https:\/\/schema.org","@graph":[{"@type":"Article","@id":"https:\/\/www.link2fleet.com\/fr\/8-des-pme-bruxelloises-veulent-offrir-un-budget-de-mobilite\/#article","isPartOf":{"@id":"https:\/\/www.link2fleet.com\/fr\/8-des-pme-bruxelloises-veulent-offrir-un-budget-de-mobilite\/"},"author":{"name":"Damien Malvetti","@id":"https:\/\/www.link2fleet.com\/fr\/#\/schema\/person\/027cd46113c78036b3809c9a054049da"},"headline":"8% des PME bruxelloises veulent offrir un budget de mobilit\u00e9","datePublished":"2022-09-02T04:14:24+00:00","dateModified":"2024-04-17T14:46:17+00:00","mainEntityOfPage":{"@id":"https:\/\/www.link2fleet.com\/fr\/8-des-pme-bruxelloises-veulent-offrir-un-budget-de-mobilite\/"},"wordCount":668,"publisher":{"@id":"https:\/\/www.link2fleet.com\/fr\/#organization"},"image":{"@id":"https:\/\/www.link2fleet.com\/fr\/8-des-pme-bruxelloises-veulent-offrir-un-budget-de-mobilite\/#primaryimage"},"thumbnailUrl":"https:\/\/static.link2fleet.com\/wp-content\/uploads\/2024\/03\/mobility-solutions-w799-h600.jpeg","articleSection":["Car-sharing, car-pooling et taxi","Cartes\/app de mobilit\u00e9","Flex-offices","Mobilit\u00e9","Transports en commun","Trottinettes, scooters et motos","V\u00e9los (location)"],"inLanguage":"fr-FR"},{"@type":"WebPage","@id":"https:\/\/www.link2fleet.com\/fr\/8-des-pme-bruxelloises-veulent-offrir-un-budget-de-mobilite\/","url":"https:\/\/www.link2fleet.com\/fr\/8-des-pme-bruxelloises-veulent-offrir-un-budget-de-mobilite\/","name":"8% des PME bruxelloises veulent offrir un budget de mobilit\u00e9 - link2fleet","isPartOf":{"@id":"https:\/\/www.link2fleet.com\/fr\/#website"},"primaryImageOfPage":{"@id":"https:\/\/www.link2fleet.com\/fr\/8-des-pme-bruxelloises-veulent-offrir-un-budget-de-mobilite\/#primaryimage"},"image":{"@id":"https:\/\/www.link2fleet.com\/fr\/8-des-pme-bruxelloises-veulent-offrir-un-budget-de-mobilite\/#primaryimage"},"thumbnailUrl":"https:\/\/static.link2fleet.com\/wp-content\/uploads\/2024\/03\/mobility-solutions-w799-h600.jpeg","datePublished":"2022-09-02T04:14:24+00:00","dateModified":"2024-04-17T14:46:17+00:00","breadcrumb":{"@id":"https:\/\/www.link2fleet.com\/fr\/8-des-pme-bruxelloises-veulent-offrir-un-budget-de-mobilite\/#breadcrumb"},"inLanguage":"fr-FR","potentialAction":[{"@type":"ReadAction","target":["https:\/\/www.link2fleet.com\/fr\/8-des-pme-bruxelloises-veulent-offrir-un-budget-de-mobilite\/"]}]},{"@type":"ImageObject","inLanguage":"fr-FR","@id":"https:\/\/www.link2fleet.com\/fr\/8-des-pme-bruxelloises-veulent-offrir-un-budget-de-mobilite\/#primaryimage","url":"https:\/\/static.link2fleet.com\/wp-content\/uploads\/2024\/03\/mobility-solutions-w799-h600.jpeg","contentUrl":"https:\/\/static.link2fleet.com\/wp-content\/uploads\/2024\/03\/mobility-solutions-w799-h600.jpeg","width":799,"height":533},{"@type":"BreadcrumbList","@id":"https:\/\/www.link2fleet.com\/fr\/8-des-pme-bruxelloises-veulent-offrir-un-budget-de-mobilite\/#breadcrumb","itemListElement":[{"@type":"ListItem","position":1,"name":"Home","item":"https:\/\/www.link2fleet.com\/fr\/"},{"@type":"ListItem","position":2,"name":"8% des PME bruxelloises veulent offrir un budget de mobilit\u00e9"}]},{"@type":"WebSite","@id":"https:\/\/www.link2fleet.com\/fr\/#website","url":"https:\/\/www.link2fleet.com\/fr\/","name":"Link2fleet","description":"","publisher":{"@id":"https:\/\/www.link2fleet.com\/fr\/#organization"},"potentialAction":[{"@type":"SearchAction","target":{"@type":"EntryPoint","urlTemplate":"https:\/\/www.link2fleet.com\/fr\/?s={search_term_string}"},"query-input":{"@type":"PropertyValueSpecification","valueRequired":true,"valueName":"search_term_string"}}],"inLanguage":"fr-FR"},{"@type":"Organization","@id":"https:\/\/www.link2fleet.com\/fr\/#organization","name":"Link2fleet","url":"https:\/\/www.link2fleet.com\/fr\/","logo":{"@type":"ImageObject","inLanguage":"fr-FR","@id":"https:\/\/www.link2fleet.com\/fr\/#\/schema\/logo\/image\/","url":"https:\/\/static.link2fleet.com\/wp-content\/uploads\/2024\/03\/share-image.jpg","contentUrl":"https:\/\/static.link2fleet.com\/wp-content\/uploads\/2024\/03\/share-image.jpg","width":1200,"height":630,"caption":"Link2fleet"},"image":{"@id":"https:\/\/www.link2fleet.com\/fr\/#\/schema\/logo\/image\/"},"sameAs":["https:\/\/www.linkedin.com\/company\/link2fleet-belgium","https:\/\/www.youtube.com\/user\/MMMBMBE"]},{"@type":"Person","@id":"https:\/\/www.link2fleet.com\/fr\/#\/schema\/person\/027cd46113c78036b3809c9a054049da","name":"Damien Malvetti","image":{"@type":"ImageObject","inLanguage":"fr-FR","@id":"https:\/\/secure.gravatar.com\/avatar\/dd8cc03b49466c735f753ac37f8caa371af16dfed347456ed61f02883255eebb?s=96&d=mm&r=g","url":"https:\/\/secure.gravatar.com\/avatar\/dd8cc03b49466c735f753ac37f8caa371af16dfed347456ed61f02883255eebb?s=96&d=mm&r=g","contentUrl":"https:\/\/secure.gravatar.com\/avatar\/dd8cc03b49466c735f753ac37f8caa371af16dfed347456ed61f02883255eebb?s=96&d=mm&r=g","caption":"Damien Malvetti"},"description":"Damien Malvetti is opgeleid als journalist en gepassioneerd door wagens, technologie en mobiliteit. Hij is verantwoordelijk voor de redactionele inhoud van link2fleet en beschikt over een uitgebreide kennis van de fleet-sector en elektrische mobiliteit.","sameAs":["https:\/\/www.linkedin.com\/in\/damien-malvetti-56601142\/"]}]}},"_links":{"self":[{"href":"https:\/\/www.link2fleet.com\/fr\/wp-json\/wp\/v2\/posts\/7452","targetHints":{"allow":["GET"]}}],"collection":[{"href":"https:\/\/www.link2fleet.com\/fr\/wp-json\/wp\/v2\/posts"}],"about":[{"href":"https:\/\/www.link2fleet.com\/fr\/wp-json\/wp\/v2\/types\/post"}],"author":[{"embeddable":true,"href":"https:\/\/www.link2fleet.com\/fr\/wp-json\/wp\/v2\/users\/4"}],"replies":[{"embeddable":true,"href":"https:\/\/www.link2fleet.com\/fr\/wp-json\/wp\/v2\/comments?post=7452"}],"version-history":[{"count":0,"href":"https:\/\/www.link2fleet.com\/fr\/wp-json\/wp\/v2\/posts\/7452\/revisions"}],"wp:featuredmedia":[{"embeddable":true,"href":"https:\/\/www.link2fleet.com\/fr\/wp-json\/wp\/v2\/media\/7453"}],"wp:attachment":[{"href":"https:\/\/www.link2fleet.com\/fr\/wp-json\/wp\/v2\/media?parent=7452"}],"wp:term":[{"taxonomy":"category","embeddable":true,"href":"https:\/\/www.link2fleet.com\/fr\/wp-json\/wp\/v2\/categories?post=7452"},{"taxonomy":"post_tag","embeddable":true,"href":"https:\/\/www.link2fleet.com\/fr\/wp-json\/wp\/v2\/tags?post=7452"}],"curies":[{"name":"wp","href":"https:\/\/api.w.org\/{rel}","templated":true}]}}