{"id":7455,"date":"2022-09-02T15:17:52","date_gmt":"2022-09-02T13:17:52","guid":{"rendered":"https:\/\/www.link2fleet.com\/totalenergies-et-electrabel-remportent-le-marche-flamand-des-bornes-de-recharge\/"},"modified":"2022-09-02T15:17:52","modified_gmt":"2022-09-02T13:17:52","slug":"totalenergies-et-electrabel-remportent-le-marche-flamand-des-bornes-de-recharge","status":"publish","type":"post","link":"https:\/\/www.link2fleet.com\/fr\/totalenergies-et-electrabel-remportent-le-marche-flamand-des-bornes-de-recharge\/","title":{"rendered":"TotalEnergies et Electrabel remportent le march\u00e9 flamand des bornes de recharge"},"content":{"rendered":"<p style=\"font-weight: 400;\">Pour les voitures de soci\u00e9t\u00e9, le manque d&rsquo;infrastructures de recharge en milieu urbain est souvent le principal argument pour ne pas encore passer \u00e0 un v\u00e9hicule 100% \u00e9lectrique. Il s&rsquo;agit souvent d&#8217;employ\u00e9s ne disposant pas d&rsquo;une all\u00e9e ou d&rsquo;un garage. Cette situation est de plus en plus v\u00e9cue comme un goulot d&rsquo;\u00e9tranglement par la gestion du personnel. Cet appel d&rsquo;offres arrive donc pile au bon moment. En outre, les chiffres de vente r\u00e9cents montrent que la proportion de v\u00e9hicules purement \u00e9lectriques chez les particuliers est encore pitoyablement faible. En raison de la forte augmentation r\u00e9cente des prix, aucun changement n&rsquo;est attendu dans les prochains mois.<\/p>\n<p style=\"font-weight: 400;\">Pour rappel, depuis le 14 mars 2022, un cadre r\u00e9glementaire est entr\u00e9 en vigueur en Flandre pour d\u00e9velopper l&rsquo;infrastructure de recharge des v\u00e9hicules \u00e9lectriques. Ce cadre juridique est bas\u00e9 sur le d\u00e9cret du 17 d\u00e9cembre 2021<sup>(1)<\/sup> approuv\u00e9 par le Gouvernement flamand suite \u00e0 une directive europ\u00e9enne.<\/p>\n<p style=\"font-weight: 400;\">Le d\u00e9cret est conforme aux objectifs de la ministre de la Mobilit\u00e9, Lydia Peeters, qui souhaite que chaque famille puisse disposer, dans un rayon de 250 m\u00e8tres de sa maison ou de son appartement, d&rsquo;une borne de recharge \u00e0 l&rsquo;avenir. Les sites actuels o\u00f9 la demande est \u00e9lev\u00e9e doivent \u00e9galement \u00eatre d\u00e9velopp\u00e9s davantage. Le gouvernement flamand d\u00e9signera \u00e9galement les futurs emplacements strat\u00e9giques pour les infrastructures de recharge. Auparavant, le ministre Peeters a cl\u00f4tur\u00e9 un appel d&rsquo;offres qui doit garantir la disponibilit\u00e9 de chargeurs ultrarapides sur les autoroutes flamandes tous les 25 kilom\u00e8tres dans un avenir proche.<\/p>\n<p style=\"font-weight: 400;\">\u00c0 la mi-2022, la Flandre comptait environ 11 000 bornes de recharge publiques et semi-publiques. L&rsquo;objectif est de faire passer ce nombre \u00e0 30 000 d&rsquo;ici 2025 gr\u00e2ce \u00e0 des concessions de bornes de recharge. D&rsquo;ici 2025, cela devrait permettre \u00e0 300 000 v\u00e9hicules de se recharger confortablement dans les lieux publics, selon un rapport de 1 \u00e0 10.\u00a0 L&rsquo;appel d&rsquo;offres concerne les stations de recharge \u00ab\u00a0lentes\u00a0\u00bb publiques ou semi-publiques. Ces derni\u00e8res sont install\u00e9es dans des zones priv\u00e9es pouvant \u00eatre utilis\u00e9es par le public au moins dix heures par jour, comme les parkings d&rsquo;entreprises et les supermarch\u00e9s. Cette expansion substantielle est plus que n\u00e9cessaire, car la d\u00e9ductibilit\u00e9 fiscale des v\u00e9hicules utilitaires \u00e0 moteur \u00e0 combustion, y compris les hybrides rechargeables, est supprim\u00e9e pour les commandes \u00e0 partir du 1er juillet 2023. Pour les v\u00e9hicules hybrides rechargeables, la d\u00e9ductibilit\u00e9 fiscale de l&rsquo;essence\/du diesel sera limit\u00e9e \u00e0 50 % pour les commandes pass\u00e9es \u00e0 partir du 1er janvier 2023.<\/p>\n<p style=\"font-weight: 400;\">Le d\u00e9veloppement de l&rsquo;infrastructure de recharge se fera en concertation avec le gestionnaire des routes et de l&rsquo;\u00e9lectricit\u00e9. La coordination sera assur\u00e9e par le d\u00e9partement de la mobilit\u00e9 et des travaux publics, mais les autorit\u00e9s locales peuvent \u00e9galement jouer un r\u00f4le \u00e0 cet \u00e9gard. Au cours de la seconde moiti\u00e9 de 2022, un bureau en ligne sera mis \u00e0 disposition des administrations locales et des citoyens de Flandre pour leur permettre de demander une station de recharge<sup>(2)<\/sup> . Le d\u00e9cret pr\u00e9voit \u00e9galement des proc\u00e9dures pour le partage d&rsquo;informations par les op\u00e9rateurs de bornes de recharge.<\/p>\n<p style=\"font-weight: 400;\">La situation actuelle signifie que la r\u00e9gion de Bruxelles et surtout la r\u00e9gion wallonne seront encore plus en retard par rapport \u00e0 la Flandre, ce qui peut devenir tr\u00e8s probl\u00e9matique pour la poursuite de l&rsquo;introduction de voitures de soci\u00e9t\u00e9 \u00e9lectriques pour les employ\u00e9s de ces r\u00e9gions.<\/p>\n<p>&nbsp;<\/p>\n<p style=\"font-weight: 400; text-align: right;\">Michel Willems<\/p>\n<p style=\"font-weight: 400; text-align: right;\">MOBILITAS<\/p>\n<ul>\n<li>D\u00e9cision du 17 d\u00e9cembre 2021 du Gouvernement flamand relative \u00e0 l&rsquo;infrastructure des v\u00e9hicules \u00e9lectriques &#8211; Moniteur belge 4 mars 2022.<\/li>\n<\/ul>\n<p style=\"font-weight: 400;\"><a href=\"https:\/\/etaamb.openjustice.be\/nl\/besluit-van-de-vlaamse-regering-van-17-december-2021_n2022030197\">https:\/\/etaamb.openjustice.be\/nl\/besluit-van-de-vlaamse-regering-van-17-december-2021_n2022030197<\/a><\/p>\n<ul>\n<li><a href=\"https:\/\/www.vlaanderen.be\/een-publieke-laadpaal-aanvragen\">https:\/\/www.vlaanderen.be\/een-publieke-laadpaal-aanvragen<\/a><\/li>\n<\/ul>\n","protected":false},"excerpt":{"rendered":"<p>Pour les voitures de soci\u00e9t\u00e9, le manque d&rsquo;infrastructures de recharge en milieu urbain est souvent le principal argument pour ne pas encore passer \u00e0 un v\u00e9hicule 100% \u00e9lectrique. Il s&rsquo;agit souvent d&#8217;employ\u00e9s ne disposant pas d&rsquo;une all\u00e9e ou d&rsquo;un garage. Cette situation est de plus en plus v\u00e9cue comme un goulot d&rsquo;\u00e9tranglement par la gestion [&hellip;]<\/p>\n","protected":false},"author":11,"featured_media":4071,"comment_status":"closed","ping_status":"closed","sticky":false,"template":"","format":"standard","meta":{"_acf_changed":false,"footnotes":""},"categories":[81,91],"tags":[],"class_list":["post-7455","post","type-post","status-publish","format-standard","has-post-thumbnail","hentry","category-gestion-de-carburant-et-energie","category-expertise-et-management"],"acf":[],"yoast_head":"<!-- This site is optimized with the Yoast SEO plugin v27.3 - https:\/\/yoast.com\/product\/yoast-seo-wordpress\/ -->\n<title>TotalEnergies et Electrabel remportent le march\u00e9 flamand des bornes de recharge - link2fleet<\/title>\n<meta name=\"description\" content=\"TotalEnergies vient de remporter officiellement la concession pour l&rsquo;installation de bornes de recharge publiques dans le Brabant flamand et la Flandre occidentale. Electrabel, filiale d&rsquo;Engie,\u2026\" \/>\n<meta name=\"robots\" content=\"index, follow, max-snippet:-1, max-image-preview:large, max-video-preview:-1\" \/>\n<meta property=\"og:locale\" content=\"fr_FR\" \/>\n<meta property=\"og:type\" content=\"article\" \/>\n<meta property=\"og:title\" content=\"TotalEnergies et Electrabel remportent le march\u00e9 flamand des bornes de recharge - link2fleet\" \/>\n<meta property=\"og:description\" content=\"TotalEnergies vient de remporter officiellement la concession pour l&rsquo;installation de bornes de recharge publiques dans le Brabant flamand et la Flandre occidentale. Electrabel, filiale d&rsquo;Engie,\u2026\" \/>\n<meta property=\"og:url\" content=\"https:\/\/www.link2fleet.com\/fr\/totalenergies-et-electrabel-remportent-le-marche-flamand-des-bornes-de-recharge\/\" \/>\n<meta property=\"og:site_name\" content=\"link2fleet\" \/>\n<meta property=\"article:published_time\" content=\"2022-09-02T13:17:52+00:00\" \/>\n<meta property=\"og:image\" content=\"https:\/\/static.link2fleet.com\/wp-content\/uploads\/2024\/03\/efteling-bornesderecharge.jpg\" \/>\n\t<meta property=\"og:image:width\" content=\"2500\" \/>\n\t<meta property=\"og:image:height\" content=\"1667\" \/>\n\t<meta property=\"og:image:type\" content=\"image\/jpeg\" \/>\n<meta name=\"author\" content=\"Michel Willems - Mobilitas\" \/>\n<meta name=\"twitter:card\" content=\"summary_large_image\" \/>\n<meta name=\"twitter:description\" content=\"TotalEnergies vient de remporter officiellement la concession pour l&rsquo;installation de bornes de recharge publiques dans le Brabant flamand et la Flandre occidentale. Electrabel, filiale d&rsquo;Engie,\u2026\" \/>\n<meta name=\"twitter:label1\" content=\"\u00c9crit par\" \/>\n\t<meta name=\"twitter:data1\" content=\"Michel Willems - Mobilitas\" \/>\n\t<meta name=\"twitter:label2\" content=\"Dur\u00e9e de lecture estim\u00e9e\" \/>\n\t<meta name=\"twitter:data2\" content=\"3 minutes\" \/>\n<script type=\"application\/ld+json\" class=\"yoast-schema-graph\">{\"@context\":\"https:\\\/\\\/schema.org\",\"@graph\":[{\"@type\":\"Article\",\"@id\":\"https:\\\/\\\/www.link2fleet.com\\\/fr\\\/totalenergies-et-electrabel-remportent-le-marche-flamand-des-bornes-de-recharge\\\/#article\",\"isPartOf\":{\"@id\":\"https:\\\/\\\/www.link2fleet.com\\\/fr\\\/totalenergies-et-electrabel-remportent-le-marche-flamand-des-bornes-de-recharge\\\/\"},\"author\":{\"name\":\"Michel Willems - Mobilitas\",\"@id\":\"https:\\\/\\\/www.link2fleet.com\\\/fr\\\/#\\\/schema\\\/person\\\/bd29f6a2c2427e85a70d3acf17303486\"},\"headline\":\"TotalEnergies et Electrabel remportent le march\u00e9 flamand des bornes de recharge\",\"datePublished\":\"2022-09-02T13:17:52+00:00\",\"mainEntityOfPage\":{\"@id\":\"https:\\\/\\\/www.link2fleet.com\\\/fr\\\/totalenergies-et-electrabel-remportent-le-marche-flamand-des-bornes-de-recharge\\\/\"},\"wordCount\":631,\"publisher\":{\"@id\":\"https:\\\/\\\/www.link2fleet.com\\\/fr\\\/#organization\"},\"image\":{\"@id\":\"https:\\\/\\\/www.link2fleet.com\\\/fr\\\/totalenergies-et-electrabel-remportent-le-marche-flamand-des-bornes-de-recharge\\\/#primaryimage\"},\"thumbnailUrl\":\"https:\\\/\\\/static.link2fleet.com\\\/wp-content\\\/uploads\\\/2024\\\/03\\\/efteling-bornesderecharge.jpg\",\"articleSection\":[\"Gestion carburant et de l'\u00e9nergie\",\"Gestion de flotte\"],\"inLanguage\":\"fr-FR\"},{\"@type\":\"WebPage\",\"@id\":\"https:\\\/\\\/www.link2fleet.com\\\/fr\\\/totalenergies-et-electrabel-remportent-le-marche-flamand-des-bornes-de-recharge\\\/\",\"url\":\"https:\\\/\\\/www.link2fleet.com\\\/fr\\\/totalenergies-et-electrabel-remportent-le-marche-flamand-des-bornes-de-recharge\\\/\",\"name\":\"TotalEnergies et Electrabel remportent le march\u00e9 flamand des bornes de recharge - link2fleet\",\"isPartOf\":{\"@id\":\"https:\\\/\\\/www.link2fleet.com\\\/fr\\\/#website\"},\"primaryImageOfPage\":{\"@id\":\"https:\\\/\\\/www.link2fleet.com\\\/fr\\\/totalenergies-et-electrabel-remportent-le-marche-flamand-des-bornes-de-recharge\\\/#primaryimage\"},\"image\":{\"@id\":\"https:\\\/\\\/www.link2fleet.com\\\/fr\\\/totalenergies-et-electrabel-remportent-le-marche-flamand-des-bornes-de-recharge\\\/#primaryimage\"},\"thumbnailUrl\":\"https:\\\/\\\/static.link2fleet.com\\\/wp-content\\\/uploads\\\/2024\\\/03\\\/efteling-bornesderecharge.jpg\",\"datePublished\":\"2022-09-02T13:17:52+00:00\",\"breadcrumb\":{\"@id\":\"https:\\\/\\\/www.link2fleet.com\\\/fr\\\/totalenergies-et-electrabel-remportent-le-marche-flamand-des-bornes-de-recharge\\\/#breadcrumb\"},\"inLanguage\":\"fr-FR\",\"potentialAction\":[{\"@type\":\"ReadAction\",\"target\":[\"https:\\\/\\\/www.link2fleet.com\\\/fr\\\/totalenergies-et-electrabel-remportent-le-marche-flamand-des-bornes-de-recharge\\\/\"]}]},{\"@type\":\"ImageObject\",\"inLanguage\":\"fr-FR\",\"@id\":\"https:\\\/\\\/www.link2fleet.com\\\/fr\\\/totalenergies-et-electrabel-remportent-le-marche-flamand-des-bornes-de-recharge\\\/#primaryimage\",\"url\":\"https:\\\/\\\/static.link2fleet.com\\\/wp-content\\\/uploads\\\/2024\\\/03\\\/efteling-bornesderecharge.jpg\",\"contentUrl\":\"https:\\\/\\\/static.link2fleet.com\\\/wp-content\\\/uploads\\\/2024\\\/03\\\/efteling-bornesderecharge.jpg\",\"width\":2500,\"height\":1667,\"caption\":\"|\"},{\"@type\":\"BreadcrumbList\",\"@id\":\"https:\\\/\\\/www.link2fleet.com\\\/fr\\\/totalenergies-et-electrabel-remportent-le-marche-flamand-des-bornes-de-recharge\\\/#breadcrumb\",\"itemListElement\":[{\"@type\":\"ListItem\",\"position\":1,\"name\":\"Home\",\"item\":\"https:\\\/\\\/www.link2fleet.com\\\/fr\\\/\"},{\"@type\":\"ListItem\",\"position\":2,\"name\":\"TotalEnergies et Electrabel remportent le march\u00e9 flamand des bornes de recharge\"}]},{\"@type\":\"WebSite\",\"@id\":\"https:\\\/\\\/www.link2fleet.com\\\/fr\\\/#website\",\"url\":\"https:\\\/\\\/www.link2fleet.com\\\/fr\\\/\",\"name\":\"Link2fleet\",\"description\":\"\",\"publisher\":{\"@id\":\"https:\\\/\\\/www.link2fleet.com\\\/fr\\\/#organization\"},\"potentialAction\":[{\"@type\":\"SearchAction\",\"target\":{\"@type\":\"EntryPoint\",\"urlTemplate\":\"https:\\\/\\\/www.link2fleet.com\\\/fr\\\/?s={search_term_string}\"},\"query-input\":{\"@type\":\"PropertyValueSpecification\",\"valueRequired\":true,\"valueName\":\"search_term_string\"}}],\"inLanguage\":\"fr-FR\"},{\"@type\":\"Organization\",\"@id\":\"https:\\\/\\\/www.link2fleet.com\\\/fr\\\/#organization\",\"name\":\"Link2fleet\",\"url\":\"https:\\\/\\\/www.link2fleet.com\\\/fr\\\/\",\"logo\":{\"@type\":\"ImageObject\",\"inLanguage\":\"fr-FR\",\"@id\":\"https:\\\/\\\/www.link2fleet.com\\\/fr\\\/#\\\/schema\\\/logo\\\/image\\\/\",\"url\":\"https:\\\/\\\/static.link2fleet.com\\\/wp-content\\\/uploads\\\/2024\\\/03\\\/share-image.jpg\",\"contentUrl\":\"https:\\\/\\\/static.link2fleet.com\\\/wp-content\\\/uploads\\\/2024\\\/03\\\/share-image.jpg\",\"width\":1200,\"height\":630,\"caption\":\"Link2fleet\"},\"image\":{\"@id\":\"https:\\\/\\\/www.link2fleet.com\\\/fr\\\/#\\\/schema\\\/logo\\\/image\\\/\"},\"sameAs\":[\"https:\\\/\\\/www.linkedin.com\\\/company\\\/link2fleet-belgium\",\"https:\\\/\\\/www.youtube.com\\\/user\\\/MMMBMBE\"]},{\"@type\":\"Person\",\"@id\":\"https:\\\/\\\/www.link2fleet.com\\\/fr\\\/#\\\/schema\\\/person\\\/bd29f6a2c2427e85a70d3acf17303486\",\"name\":\"Michel Willems - Mobilitas\",\"image\":{\"@type\":\"ImageObject\",\"inLanguage\":\"fr-FR\",\"@id\":\"https:\\\/\\\/secure.gravatar.com\\\/avatar\\\/c937de514893d5b69b3b52ee88664fd4879b786925b6742dc7891d347f167414?s=96&d=mm&r=g\",\"url\":\"https:\\\/\\\/secure.gravatar.com\\\/avatar\\\/c937de514893d5b69b3b52ee88664fd4879b786925b6742dc7891d347f167414?s=96&d=mm&r=g\",\"contentUrl\":\"https:\\\/\\\/secure.gravatar.com\\\/avatar\\\/c937de514893d5b69b3b52ee88664fd4879b786925b6742dc7891d347f167414?s=96&d=mm&r=g\",\"caption\":\"Michel Willems - Mobilitas\"}}]}<\/script>\n<!-- \/ Yoast SEO plugin. -->","yoast_head_json":{"title":"TotalEnergies et Electrabel remportent le march\u00e9 flamand des bornes de recharge - link2fleet","description":"TotalEnergies vient de remporter officiellement la concession pour l&rsquo;installation de bornes de recharge publiques dans le Brabant flamand et la Flandre occidentale. Electrabel, filiale d&rsquo;Engie,\u2026","robots":{"index":"index","follow":"follow","max-snippet":"max-snippet:-1","max-image-preview":"max-image-preview:large","max-video-preview":"max-video-preview:-1"},"og_locale":"fr_FR","og_type":"article","og_title":"TotalEnergies et Electrabel remportent le march\u00e9 flamand des bornes de recharge - link2fleet","og_description":"TotalEnergies vient de remporter officiellement la concession pour l&rsquo;installation de bornes de recharge publiques dans le Brabant flamand et la Flandre occidentale. Electrabel, filiale d&rsquo;Engie,\u2026","og_url":"https:\/\/www.link2fleet.com\/fr\/totalenergies-et-electrabel-remportent-le-marche-flamand-des-bornes-de-recharge\/","og_site_name":"link2fleet","article_published_time":"2022-09-02T13:17:52+00:00","og_image":[{"width":2500,"height":1667,"url":"https:\/\/static.link2fleet.com\/wp-content\/uploads\/2024\/03\/efteling-bornesderecharge.jpg","type":"image\/jpeg"}],"author":"Michel Willems - Mobilitas","twitter_card":"summary_large_image","twitter_description":"TotalEnergies vient de remporter officiellement la concession pour l&rsquo;installation de bornes de recharge publiques dans le Brabant flamand et la Flandre occidentale. Electrabel, filiale d&rsquo;Engie,\u2026","twitter_misc":{"\u00c9crit par":"Michel Willems - Mobilitas","Dur\u00e9e de lecture estim\u00e9e":"3 minutes"},"schema":{"@context":"https:\/\/schema.org","@graph":[{"@type":"Article","@id":"https:\/\/www.link2fleet.com\/fr\/totalenergies-et-electrabel-remportent-le-marche-flamand-des-bornes-de-recharge\/#article","isPartOf":{"@id":"https:\/\/www.link2fleet.com\/fr\/totalenergies-et-electrabel-remportent-le-marche-flamand-des-bornes-de-recharge\/"},"author":{"name":"Michel Willems - Mobilitas","@id":"https:\/\/www.link2fleet.com\/fr\/#\/schema\/person\/bd29f6a2c2427e85a70d3acf17303486"},"headline":"TotalEnergies et Electrabel remportent le march\u00e9 flamand des bornes de recharge","datePublished":"2022-09-02T13:17:52+00:00","mainEntityOfPage":{"@id":"https:\/\/www.link2fleet.com\/fr\/totalenergies-et-electrabel-remportent-le-marche-flamand-des-bornes-de-recharge\/"},"wordCount":631,"publisher":{"@id":"https:\/\/www.link2fleet.com\/fr\/#organization"},"image":{"@id":"https:\/\/www.link2fleet.com\/fr\/totalenergies-et-electrabel-remportent-le-marche-flamand-des-bornes-de-recharge\/#primaryimage"},"thumbnailUrl":"https:\/\/static.link2fleet.com\/wp-content\/uploads\/2024\/03\/efteling-bornesderecharge.jpg","articleSection":["Gestion carburant et de l'\u00e9nergie","Gestion de flotte"],"inLanguage":"fr-FR"},{"@type":"WebPage","@id":"https:\/\/www.link2fleet.com\/fr\/totalenergies-et-electrabel-remportent-le-marche-flamand-des-bornes-de-recharge\/","url":"https:\/\/www.link2fleet.com\/fr\/totalenergies-et-electrabel-remportent-le-marche-flamand-des-bornes-de-recharge\/","name":"TotalEnergies et Electrabel remportent le march\u00e9 flamand des bornes de recharge - link2fleet","isPartOf":{"@id":"https:\/\/www.link2fleet.com\/fr\/#website"},"primaryImageOfPage":{"@id":"https:\/\/www.link2fleet.com\/fr\/totalenergies-et-electrabel-remportent-le-marche-flamand-des-bornes-de-recharge\/#primaryimage"},"image":{"@id":"https:\/\/www.link2fleet.com\/fr\/totalenergies-et-electrabel-remportent-le-marche-flamand-des-bornes-de-recharge\/#primaryimage"},"thumbnailUrl":"https:\/\/static.link2fleet.com\/wp-content\/uploads\/2024\/03\/efteling-bornesderecharge.jpg","datePublished":"2022-09-02T13:17:52+00:00","breadcrumb":{"@id":"https:\/\/www.link2fleet.com\/fr\/totalenergies-et-electrabel-remportent-le-marche-flamand-des-bornes-de-recharge\/#breadcrumb"},"inLanguage":"fr-FR","potentialAction":[{"@type":"ReadAction","target":["https:\/\/www.link2fleet.com\/fr\/totalenergies-et-electrabel-remportent-le-marche-flamand-des-bornes-de-recharge\/"]}]},{"@type":"ImageObject","inLanguage":"fr-FR","@id":"https:\/\/www.link2fleet.com\/fr\/totalenergies-et-electrabel-remportent-le-marche-flamand-des-bornes-de-recharge\/#primaryimage","url":"https:\/\/static.link2fleet.com\/wp-content\/uploads\/2024\/03\/efteling-bornesderecharge.jpg","contentUrl":"https:\/\/static.link2fleet.com\/wp-content\/uploads\/2024\/03\/efteling-bornesderecharge.jpg","width":2500,"height":1667,"caption":"|"},{"@type":"BreadcrumbList","@id":"https:\/\/www.link2fleet.com\/fr\/totalenergies-et-electrabel-remportent-le-marche-flamand-des-bornes-de-recharge\/#breadcrumb","itemListElement":[{"@type":"ListItem","position":1,"name":"Home","item":"https:\/\/www.link2fleet.com\/fr\/"},{"@type":"ListItem","position":2,"name":"TotalEnergies et Electrabel remportent le march\u00e9 flamand des bornes de recharge"}]},{"@type":"WebSite","@id":"https:\/\/www.link2fleet.com\/fr\/#website","url":"https:\/\/www.link2fleet.com\/fr\/","name":"Link2fleet","description":"","publisher":{"@id":"https:\/\/www.link2fleet.com\/fr\/#organization"},"potentialAction":[{"@type":"SearchAction","target":{"@type":"EntryPoint","urlTemplate":"https:\/\/www.link2fleet.com\/fr\/?s={search_term_string}"},"query-input":{"@type":"PropertyValueSpecification","valueRequired":true,"valueName":"search_term_string"}}],"inLanguage":"fr-FR"},{"@type":"Organization","@id":"https:\/\/www.link2fleet.com\/fr\/#organization","name":"Link2fleet","url":"https:\/\/www.link2fleet.com\/fr\/","logo":{"@type":"ImageObject","inLanguage":"fr-FR","@id":"https:\/\/www.link2fleet.com\/fr\/#\/schema\/logo\/image\/","url":"https:\/\/static.link2fleet.com\/wp-content\/uploads\/2024\/03\/share-image.jpg","contentUrl":"https:\/\/static.link2fleet.com\/wp-content\/uploads\/2024\/03\/share-image.jpg","width":1200,"height":630,"caption":"Link2fleet"},"image":{"@id":"https:\/\/www.link2fleet.com\/fr\/#\/schema\/logo\/image\/"},"sameAs":["https:\/\/www.linkedin.com\/company\/link2fleet-belgium","https:\/\/www.youtube.com\/user\/MMMBMBE"]},{"@type":"Person","@id":"https:\/\/www.link2fleet.com\/fr\/#\/schema\/person\/bd29f6a2c2427e85a70d3acf17303486","name":"Michel Willems - Mobilitas","image":{"@type":"ImageObject","inLanguage":"fr-FR","@id":"https:\/\/secure.gravatar.com\/avatar\/c937de514893d5b69b3b52ee88664fd4879b786925b6742dc7891d347f167414?s=96&d=mm&r=g","url":"https:\/\/secure.gravatar.com\/avatar\/c937de514893d5b69b3b52ee88664fd4879b786925b6742dc7891d347f167414?s=96&d=mm&r=g","contentUrl":"https:\/\/secure.gravatar.com\/avatar\/c937de514893d5b69b3b52ee88664fd4879b786925b6742dc7891d347f167414?s=96&d=mm&r=g","caption":"Michel Willems - Mobilitas"}}]}},"_links":{"self":[{"href":"https:\/\/www.link2fleet.com\/fr\/wp-json\/wp\/v2\/posts\/7455","targetHints":{"allow":["GET"]}}],"collection":[{"href":"https:\/\/www.link2fleet.com\/fr\/wp-json\/wp\/v2\/posts"}],"about":[{"href":"https:\/\/www.link2fleet.com\/fr\/wp-json\/wp\/v2\/types\/post"}],"author":[{"embeddable":true,"href":"https:\/\/www.link2fleet.com\/fr\/wp-json\/wp\/v2\/users\/11"}],"replies":[{"embeddable":true,"href":"https:\/\/www.link2fleet.com\/fr\/wp-json\/wp\/v2\/comments?post=7455"}],"version-history":[{"count":0,"href":"https:\/\/www.link2fleet.com\/fr\/wp-json\/wp\/v2\/posts\/7455\/revisions"}],"wp:featuredmedia":[{"embeddable":true,"href":"https:\/\/www.link2fleet.com\/fr\/wp-json\/wp\/v2\/media\/4071"}],"wp:attachment":[{"href":"https:\/\/www.link2fleet.com\/fr\/wp-json\/wp\/v2\/media?parent=7455"}],"wp:term":[{"taxonomy":"category","embeddable":true,"href":"https:\/\/www.link2fleet.com\/fr\/wp-json\/wp\/v2\/categories?post=7455"},{"taxonomy":"post_tag","embeddable":true,"href":"https:\/\/www.link2fleet.com\/fr\/wp-json\/wp\/v2\/tags?post=7455"}],"curies":[{"name":"wp","href":"https:\/\/api.w.org\/{rel}","templated":true}]}}