{"id":7460,"date":"2022-09-06T13:09:23","date_gmt":"2022-09-06T11:09:23","guid":{"rendered":"https:\/\/www.link2fleet.com\/fleet-test-mercedes-glc-300-de-jusqua-120-km-en-mode-electrique\/"},"modified":"2022-09-06T13:09:23","modified_gmt":"2022-09-06T11:09:23","slug":"fleet-test-mercedes-glc-300-de-jusqua-120-km-en-mode-electrique","status":"publish","type":"post","link":"https:\/\/www.link2fleet.com\/fr\/fleet-test-mercedes-glc-300-de-jusqua-120-km-en-mode-electrique\/","title":{"rendered":"Fleet test Mercedes GLC 300 de: jusqu&rsquo;\u00e0 120 km en mode \u00e9lectrique"},"content":{"rendered":"<p style=\"font-weight: 400;\">Le nouveau GLC est imm\u00e9diatement reconnaissable comme tel et partage de nombreux \u00e9l\u00e9ments de design avec la r\u00e9cente Classe C, tandis qu&rsquo;\u00e0 l&rsquo;int\u00e9rieur, il adopte \u00e9galement son tableau de bord et sa console centrale avec le grand \u00e9cran vertical. De g\u00e9n\u00e9ration en g\u00e9n\u00e9ration, il a gagn\u00e9 6 centim\u00e8tres de longueur et a \u00e9t\u00e9 abaiss\u00e9 d&rsquo;exactement 4 millim\u00e8tres, de sorte qu&rsquo;il ressemble plus \u00e0 un break qu&rsquo;auparavant. On a \u00e9galement travaill\u00e9 sur l&rsquo;a\u00e9rodynamique, car avec un Cd de 0,29, il fait deux dixi\u00e8mes de mieux que son pr\u00e9d\u00e9cesseur. L&rsquo;espace int\u00e9rieur est identique \u00e0 celui de la g\u00e9n\u00e9ration pr\u00e9c\u00e9dente ; le coffre des mod\u00e8les \u00e0 moteur \u00e0 combustion classique a augment\u00e9 de 50 litres pour atteindre 600 litres, mais celui des plug-in reste malheureusement beaucoup plus petit, m\u00eame si la barre g\u00eanante dans le coffre a heureusement disparu.<\/p>\n<p>&nbsp;<\/p>\n<p><strong>Toujours disponible\u00a0en hybride<\/strong><\/p>\n<p><a href=\"https:\/\/www.link2fleet.com\/wp-content\/uploads\/2022\/09\/Mercedes-GLC_2022-9.jpg\"><img loading=\"lazy\" decoding=\"async\" class=\"size-medium wp-image-1283147\" src=\"https:\/\/www.link2fleet.com\/wp-content\/uploads\/2022\/09\/Mercedes-GLC_2022-9-300x200.jpg\" alt=\"\" width=\"300\" height=\"200\" \/><\/a><\/p>\n<p style=\"font-weight: 400;\">En plus de cette am\u00e9lioration de l&rsquo;a\u00e9rodynamisme, l&rsquo;hybridation compl\u00e8te de la gamme devrait \u00e9galement r\u00e9duire la consommation et les \u00e9missions de CO2. Au lancement, le GLC sera disponible en version 200 4MATIC, 300 4MATIC et 220 d 4MATIC, toutes \u00e9quip\u00e9es d&rsquo;un syst\u00e8me hybride doux de 48 volts. Les plug-in, qui sont tr\u00e8s int\u00e9ressants pour notre march\u00e9 B2B, suivront sous peu. Il y en a trois. Les GLC 300 e 4MATIC et 400 e 4MATIC associent un quatre cylindres \u00e0 essence de deux litres \u00e0 un moteur \u00e9lectrique, tandis que le GLC 300 de 4MATIC associe l&rsquo;\u00e9nergie \u00e9lectrique \u00e0 un diesel et est donc unique dans son segment, car seule Mercedes propose aujourd&rsquo;hui des hybrides rechargeables avec un diesel. Les trois hybrides rechargeables partagent le m\u00eame moteur \u00e9lectrique de 100 kW et 440 Nm sur l&rsquo;essieu arri\u00e8re et utilisent une batterie de pas moins de 31,2 kWh con\u00e7ue et fabriqu\u00e9e par Mercedes elle-m\u00eame, ce qui permet une autonomie en mode \u00e9lectrique pur de plus de 100 kilom\u00e8tres sans aucun probl\u00e8me.<\/p>\n<p style=\"font-weight: 400;\">Lors de nos essais dans les Pyr\u00e9n\u00e9es espagnoles, le GLC 300 a consomm\u00e9 2,1 l\/100 km de diesel et 15,6 kWh\/100 km d&rsquo;\u00e9lectricit\u00e9, et nous avons pu tirer 117 kilom\u00e8tres \u00e9lectriques de la batterie.<\/p>\n<p>&nbsp;<\/p>\n<p style=\"font-weight: 400;\"><strong>Confort Mercedes<\/strong><\/p>\n<p><a href=\"https:\/\/www.link2fleet.com\/wp-content\/uploads\/2022\/09\/Mercedes-GLC_2022-12.jpg\"><img loading=\"lazy\" decoding=\"async\" class=\"size-medium wp-image-1283153\" src=\"https:\/\/www.link2fleet.com\/wp-content\/uploads\/2022\/09\/Mercedes-GLC_2022-12-300x200.jpg\" alt=\"\" width=\"300\" height=\"200\" \/><\/a><\/p>\n<p style=\"font-weight: 400;\">En tant que Mercedes qui se respecte, le nouveau GLC peut bien s\u00fbr afficher un beau niveau de confort. M\u00eame avec la suspension standard (sur les hybrides rechargeables, toujours \u00e9quip\u00e9e du contr\u00f4le de niveau et de la suspension pneumatique sur l&rsquo;essieu arri\u00e8re), le confort de conduite est agr\u00e9ablement doux et la r\u00e9duction du bruit est de haut niveau, tout comme la qualit\u00e9 de la finition et les nombreuses options d&rsquo;\u00e9quipement. Les si\u00e8ges avant chauffants, la compatibilit\u00e9 avec les smartphones avec un chargeur sans fil et un hayon \u00e0 commande \u00e9lectrique sont \u00e9galement toujours de s\u00e9rie. Tous les GLC sont \u00e9quip\u00e9s de quatre roues motrices, et lors de notre essai, ils se sont r\u00e9v\u00e9l\u00e9s avoir des capacit\u00e9s tout-terrain insoup\u00e7onn\u00e9es. Peu de gens en auront jamais besoin, mais c&rsquo;est bien de savoir que c&rsquo;est possible.<\/p>\n<p><a href=\"https:\/\/www.link2fleet.com\/wp-content\/uploads\/2022\/09\/Mercedes-GLC_2022-2.jpg\"><img loading=\"lazy\" decoding=\"async\" class=\"size-large wp-image-1283133\" src=\"https:\/\/www.link2fleet.com\/wp-content\/uploads\/2022\/09\/Mercedes-GLC_2022-2-1024x683.jpg\" alt=\"\" width=\"640\" height=\"427\" \/><\/a><\/p>\n<p>&nbsp;<\/p>\n<p style=\"font-weight: 400;\"><strong>Bilan fleet<\/strong><\/p>\n<p style=\"font-weight: 400;\">Les hybrides rechargeables vont encore se faire un peu attendre et leurs prix n&rsquo;ont pas encore \u00e9t\u00e9 annonc\u00e9s, mais il est d\u00e9j\u00e0 clair que &#8211; comme pour les Classes C et E &#8211; ils repr\u00e9senteront sans aucun doute la plus grande part des ventes. Dans notre pays, c&rsquo;est le plug-in diesel qui repr\u00e9sentera au moins 85 % des commandes, si l&rsquo;on regarde la r\u00e9partition entre les autres mod\u00e8les qui sont disponibles en plug-in diesel et essence. Avec leurs \u00e9missions de CO2 de 11 \u00e0 15 g\/km, les PHEV sont de toute fa\u00e7on extr\u00eamement int\u00e9ressants du point de vue fiscal (si on les commande \u00e0 temps). Et c&rsquo;est n\u00e9cessaire, car leur prix d&rsquo;achat promet d&rsquo;\u00eatre assez \u00e9lev\u00e9 quand on sait que le GLC 220 d 4MATIC co\u00fbtera au minimum 58 685 \u20ac TTC et que les plug-in co\u00fbteront sans doute 10 000 \u20ac de plus en raison de leur grande batterie.<\/p>\n<p style=\"font-weight: 400;\"><em>\u00a0<\/em><\/p>\n<p style=\"font-weight: 400;\"><strong>Fiche technique<\/strong><\/p>\n<table style=\"font-weight: 400;\" width=\"776\">\n<tbody>\n<tr>\n<td colspan=\"2\" width=\"776\"><strong>Mercedes GLC 300 de 4MATIC<\/strong><\/td>\n<\/tr>\n<tr>\n<td width=\"388\">Motorisation<\/td>\n<td width=\"388\">1.993 cc diesel, 4 cylindres + moteur \u00e9lectrique<\/td>\n<\/tr>\n<tr>\n<td width=\"388\">Puissance moteur<\/td>\n<td width=\"388\">Diesel 145 kW + \u00e9lectrique 100 kW<\/td>\n<\/tr>\n<tr>\n<td width=\"388\">Puissance combin\u00e9e<\/td>\n<td width=\"388\">245 kW \/ 335 pk &amp; 750 Nm<\/td>\n<\/tr>\n<tr>\n<td width=\"388\">Batterie<\/td>\n<td width=\"388\">31,2 kWh<\/td>\n<\/tr>\n<tr>\n<td width=\"388\">Autonomie \u00e9lectrique (WLTP)<\/td>\n<td width=\"388\">112-128 km<\/td>\n<\/tr>\n<tr>\n<td width=\"388\">Volume du coffre<\/td>\n<td width=\"388\">Pas encore connu<\/td>\n<\/tr>\n<tr>\n<td width=\"388\">Consommation moyenne (test)<\/td>\n<td width=\"388\">2,1 l\/100 km + 15,6 kWh\/100 km<\/td>\n<\/tr>\n<tr>\n<td width=\"388\">Vitesse max<\/td>\n<td width=\"388\">217 km\/h<\/td>\n<\/tr>\n<\/tbody>\n<\/table>\n<table style=\"font-weight: 400;\" width=\"776\">\n<tbody>\n<tr>\n<td width=\"388\">Prix de base (HTVA)<\/td>\n<td width=\"388\">Pas encore connu<\/td>\n<\/tr>\n<tr>\n<td width=\"388\">Prix de base (TVAC)<\/td>\n<td width=\"388\">Pas encore connu<\/td>\n<\/tr>\n<tr>\n<td width=\"388\">TMC (Bruxelles, Wallonie, leasing)<\/td>\n<td width=\"388\">2.478 \u20ac<\/td>\n<\/tr>\n<tr>\n<td width=\"388\">BIV (Flandre)<\/td>\n<td width=\"388\">544,75 \u20ac<\/td>\n<\/tr>\n<tr>\n<td width=\"388\">Taxe de roulage (Bruxelles, Wallonie, leasing)<\/td>\n<td width=\"388\">446,03 \u20ac<\/td>\n<\/tr>\n<tr>\n<td width=\"388\">Taxe de roulage (Flandre)<\/td>\n<td width=\"388\">376,67 \u20ac<\/td>\n<\/tr>\n<tr>\n<td width=\"388\">D\u00e9ductibilit\u00e9 fiscale<\/td>\n<td width=\"388\">100% (pour toute commande avant 01\/01\/2023)<\/td>\n<\/tr>\n<tr>\n<td width=\"388\">ATN employ\u00e9<\/td>\n<td width=\"388\">Pas encore connu<\/td>\n<\/tr>\n<tr>\n<td width=\"388\">ATN employeur<\/td>\n<td width=\"388\">Pas encore connu<\/td>\n<\/tr>\n<tr>\n<td width=\"388\">D\u00e9penses non-admises<\/td>\n<td width=\"388\">Pas encore connu<\/td>\n<\/tr>\n<tr>\n<td width=\"388\">Cotisation CO2<\/td>\n<td width=\"388\">28,17 \u20ac<\/td>\n<\/tr>\n<\/tbody>\n<\/table>\n<p>&nbsp;<\/p>\n\n<p style=\"font-weight: 400;\"><em>\u00a0<\/em><\/p>\n","protected":false},"excerpt":{"rendered":"<p>Le nouveau GLC est imm\u00e9diatement reconnaissable comme tel et partage de nombreux \u00e9l\u00e9ments de design avec la r\u00e9cente Classe C, tandis qu&rsquo;\u00e0 l&rsquo;int\u00e9rieur, il adopte \u00e9galement son tableau de bord et sa console centrale avec le grand \u00e9cran vertical. De g\u00e9n\u00e9ration en g\u00e9n\u00e9ration, il a gagn\u00e9 6 centim\u00e8tres de longueur et a \u00e9t\u00e9 abaiss\u00e9 d&rsquo;exactement [&hellip;]<\/p>\n","protected":false},"author":37,"featured_media":7461,"comment_status":"closed","ping_status":"closed","sticky":false,"template":"","format":"standard","meta":{"_acf_changed":false,"footnotes":""},"categories":[77,76],"tags":[],"class_list":["post-7460","post","type-post","status-publish","format-standard","has-post-thumbnail","hentry","category-importateurs-et-constructeurs-automobiles-vp","category-car"],"acf":[],"yoast_head":"<!-- This site is optimized with the Yoast SEO plugin v27.3 - https:\/\/yoast.com\/product\/yoast-seo-wordpress\/ -->\n<title>Fleet test Mercedes GLC 300 de: jusqu&#039;\u00e0 120 km en mode \u00e9lectrique - link2fleet<\/title>\n<meta name=\"description\" content=\"Apr\u00e8s 2,6 millions de ventes du GLK et du GLC, le SUV de taille moyenne de Mercedes en est \u00e0 sa troisi\u00e8me g\u00e9n\u00e9ration. Ses groupes\u2026\" \/>\n<meta name=\"robots\" content=\"index, follow, max-snippet:-1, max-image-preview:large, max-video-preview:-1\" \/>\n<meta property=\"og:locale\" content=\"fr_FR\" \/>\n<meta property=\"og:type\" content=\"article\" \/>\n<meta property=\"og:title\" content=\"Fleet test Mercedes GLC 300 de: jusqu&#039;\u00e0 120 km en mode \u00e9lectrique - link2fleet\" \/>\n<meta property=\"og:description\" content=\"Apr\u00e8s 2,6 millions de ventes du GLK et du GLC, le SUV de taille moyenne de Mercedes en est \u00e0 sa troisi\u00e8me g\u00e9n\u00e9ration. Ses groupes\u2026\" \/>\n<meta property=\"og:url\" content=\"https:\/\/www.link2fleet.com\/fr\/fleet-test-mercedes-glc-300-de-jusqua-120-km-en-mode-electrique\/\" \/>\n<meta property=\"og:site_name\" content=\"link2fleet\" \/>\n<meta property=\"article:published_time\" content=\"2022-09-06T11:09:23+00:00\" \/>\n<meta property=\"og:image\" content=\"https:\/\/static.link2fleet.com\/wp-content\/uploads\/2024\/03\/mercedes-glc-2022-10.jpg\" \/>\n\t<meta property=\"og:image:width\" content=\"2000\" \/>\n\t<meta property=\"og:image:height\" content=\"1334\" \/>\n\t<meta property=\"og:image:type\" content=\"image\/jpeg\" \/>\n<meta name=\"author\" content=\"Stijn Blanckaert\" \/>\n<meta name=\"twitter:card\" content=\"summary_large_image\" \/>\n<meta name=\"twitter:description\" content=\"Apr\u00e8s 2,6 millions de ventes du GLK et du GLC, le SUV de taille moyenne de Mercedes en est \u00e0 sa troisi\u00e8me g\u00e9n\u00e9ration. Ses groupes\u2026\" \/>\n<meta name=\"twitter:label1\" content=\"\u00c9crit par\" \/>\n\t<meta name=\"twitter:data1\" content=\"Stijn Blanckaert\" \/>\n\t<meta name=\"twitter:label2\" content=\"Dur\u00e9e de lecture estim\u00e9e\" \/>\n\t<meta name=\"twitter:data2\" content=\"6 minutes\" \/>\n<script type=\"application\/ld+json\" class=\"yoast-schema-graph\">{\"@context\":\"https:\\\/\\\/schema.org\",\"@graph\":[{\"@type\":\"Article\",\"@id\":\"https:\\\/\\\/www.link2fleet.com\\\/fr\\\/fleet-test-mercedes-glc-300-de-jusqua-120-km-en-mode-electrique\\\/#article\",\"isPartOf\":{\"@id\":\"https:\\\/\\\/www.link2fleet.com\\\/fr\\\/fleet-test-mercedes-glc-300-de-jusqua-120-km-en-mode-electrique\\\/\"},\"author\":{\"name\":\"Stijn Blanckaert\",\"@id\":\"https:\\\/\\\/www.link2fleet.com\\\/fr\\\/#\\\/schema\\\/person\\\/38ee68583a3b2f024a20c1fdc09f15c3\"},\"headline\":\"Fleet test Mercedes GLC 300 de: jusqu&rsquo;\u00e0 120 km en mode \u00e9lectrique\",\"datePublished\":\"2022-09-06T11:09:23+00:00\",\"mainEntityOfPage\":{\"@id\":\"https:\\\/\\\/www.link2fleet.com\\\/fr\\\/fleet-test-mercedes-glc-300-de-jusqua-120-km-en-mode-electrique\\\/\"},\"wordCount\":1134,\"publisher\":{\"@id\":\"https:\\\/\\\/www.link2fleet.com\\\/fr\\\/#organization\"},\"image\":{\"@id\":\"https:\\\/\\\/www.link2fleet.com\\\/fr\\\/fleet-test-mercedes-glc-300-de-jusqua-120-km-en-mode-electrique\\\/#primaryimage\"},\"thumbnailUrl\":\"https:\\\/\\\/static.link2fleet.com\\\/wp-content\\\/uploads\\\/2024\\\/03\\\/mercedes-glc-2022-10.jpg\",\"articleSection\":[\"Importateurs et constructeurs\",\"V\u00e9hicules\"],\"inLanguage\":\"fr-FR\"},{\"@type\":\"WebPage\",\"@id\":\"https:\\\/\\\/www.link2fleet.com\\\/fr\\\/fleet-test-mercedes-glc-300-de-jusqua-120-km-en-mode-electrique\\\/\",\"url\":\"https:\\\/\\\/www.link2fleet.com\\\/fr\\\/fleet-test-mercedes-glc-300-de-jusqua-120-km-en-mode-electrique\\\/\",\"name\":\"Fleet test Mercedes GLC 300 de: jusqu'\u00e0 120 km en mode \u00e9lectrique - link2fleet\",\"isPartOf\":{\"@id\":\"https:\\\/\\\/www.link2fleet.com\\\/fr\\\/#website\"},\"primaryImageOfPage\":{\"@id\":\"https:\\\/\\\/www.link2fleet.com\\\/fr\\\/fleet-test-mercedes-glc-300-de-jusqua-120-km-en-mode-electrique\\\/#primaryimage\"},\"image\":{\"@id\":\"https:\\\/\\\/www.link2fleet.com\\\/fr\\\/fleet-test-mercedes-glc-300-de-jusqua-120-km-en-mode-electrique\\\/#primaryimage\"},\"thumbnailUrl\":\"https:\\\/\\\/static.link2fleet.com\\\/wp-content\\\/uploads\\\/2024\\\/03\\\/mercedes-glc-2022-10.jpg\",\"datePublished\":\"2022-09-06T11:09:23+00:00\",\"breadcrumb\":{\"@id\":\"https:\\\/\\\/www.link2fleet.com\\\/fr\\\/fleet-test-mercedes-glc-300-de-jusqua-120-km-en-mode-electrique\\\/#breadcrumb\"},\"inLanguage\":\"fr-FR\",\"potentialAction\":[{\"@type\":\"ReadAction\",\"target\":[\"https:\\\/\\\/www.link2fleet.com\\\/fr\\\/fleet-test-mercedes-glc-300-de-jusqua-120-km-en-mode-electrique\\\/\"]}]},{\"@type\":\"ImageObject\",\"inLanguage\":\"fr-FR\",\"@id\":\"https:\\\/\\\/www.link2fleet.com\\\/fr\\\/fleet-test-mercedes-glc-300-de-jusqua-120-km-en-mode-electrique\\\/#primaryimage\",\"url\":\"https:\\\/\\\/static.link2fleet.com\\\/wp-content\\\/uploads\\\/2024\\\/03\\\/mercedes-glc-2022-10.jpg\",\"contentUrl\":\"https:\\\/\\\/static.link2fleet.com\\\/wp-content\\\/uploads\\\/2024\\\/03\\\/mercedes-glc-2022-10.jpg\",\"width\":2000,\"height\":1334,\"caption\":\"|||||||||||||\"},{\"@type\":\"BreadcrumbList\",\"@id\":\"https:\\\/\\\/www.link2fleet.com\\\/fr\\\/fleet-test-mercedes-glc-300-de-jusqua-120-km-en-mode-electrique\\\/#breadcrumb\",\"itemListElement\":[{\"@type\":\"ListItem\",\"position\":1,\"name\":\"Home\",\"item\":\"https:\\\/\\\/www.link2fleet.com\\\/fr\\\/\"},{\"@type\":\"ListItem\",\"position\":2,\"name\":\"Fleet test Mercedes GLC 300 de: jusqu&#8217;\u00e0 120 km en mode \u00e9lectrique\"}]},{\"@type\":\"WebSite\",\"@id\":\"https:\\\/\\\/www.link2fleet.com\\\/fr\\\/#website\",\"url\":\"https:\\\/\\\/www.link2fleet.com\\\/fr\\\/\",\"name\":\"Link2fleet\",\"description\":\"\",\"publisher\":{\"@id\":\"https:\\\/\\\/www.link2fleet.com\\\/fr\\\/#organization\"},\"potentialAction\":[{\"@type\":\"SearchAction\",\"target\":{\"@type\":\"EntryPoint\",\"urlTemplate\":\"https:\\\/\\\/www.link2fleet.com\\\/fr\\\/?s={search_term_string}\"},\"query-input\":{\"@type\":\"PropertyValueSpecification\",\"valueRequired\":true,\"valueName\":\"search_term_string\"}}],\"inLanguage\":\"fr-FR\"},{\"@type\":\"Organization\",\"@id\":\"https:\\\/\\\/www.link2fleet.com\\\/fr\\\/#organization\",\"name\":\"Link2fleet\",\"url\":\"https:\\\/\\\/www.link2fleet.com\\\/fr\\\/\",\"logo\":{\"@type\":\"ImageObject\",\"inLanguage\":\"fr-FR\",\"@id\":\"https:\\\/\\\/www.link2fleet.com\\\/fr\\\/#\\\/schema\\\/logo\\\/image\\\/\",\"url\":\"https:\\\/\\\/static.link2fleet.com\\\/wp-content\\\/uploads\\\/2024\\\/03\\\/share-image.jpg\",\"contentUrl\":\"https:\\\/\\\/static.link2fleet.com\\\/wp-content\\\/uploads\\\/2024\\\/03\\\/share-image.jpg\",\"width\":1200,\"height\":630,\"caption\":\"Link2fleet\"},\"image\":{\"@id\":\"https:\\\/\\\/www.link2fleet.com\\\/fr\\\/#\\\/schema\\\/logo\\\/image\\\/\"},\"sameAs\":[\"https:\\\/\\\/www.linkedin.com\\\/company\\\/link2fleet-belgium\",\"https:\\\/\\\/www.youtube.com\\\/user\\\/MMMBMBE\"]},{\"@type\":\"Person\",\"@id\":\"https:\\\/\\\/www.link2fleet.com\\\/fr\\\/#\\\/schema\\\/person\\\/38ee68583a3b2f024a20c1fdc09f15c3\",\"name\":\"Stijn Blanckaert\",\"image\":{\"@type\":\"ImageObject\",\"inLanguage\":\"fr-FR\",\"@id\":\"https:\\\/\\\/secure.gravatar.com\\\/avatar\\\/80b146efcf2226a3a9b09ea70d25b3a93f7378927ac55529f3fcf1e9b5b142ab?s=96&d=mm&r=g\",\"url\":\"https:\\\/\\\/secure.gravatar.com\\\/avatar\\\/80b146efcf2226a3a9b09ea70d25b3a93f7378927ac55529f3fcf1e9b5b142ab?s=96&d=mm&r=g\",\"contentUrl\":\"https:\\\/\\\/secure.gravatar.com\\\/avatar\\\/80b146efcf2226a3a9b09ea70d25b3a93f7378927ac55529f3fcf1e9b5b142ab?s=96&d=mm&r=g\",\"caption\":\"Stijn Blanckaert\"}}]}<\/script>\n<!-- \/ Yoast SEO plugin. -->","yoast_head_json":{"title":"Fleet test Mercedes GLC 300 de: jusqu'\u00e0 120 km en mode \u00e9lectrique - link2fleet","description":"Apr\u00e8s 2,6 millions de ventes du GLK et du GLC, le SUV de taille moyenne de Mercedes en est \u00e0 sa troisi\u00e8me g\u00e9n\u00e9ration. Ses groupes\u2026","robots":{"index":"index","follow":"follow","max-snippet":"max-snippet:-1","max-image-preview":"max-image-preview:large","max-video-preview":"max-video-preview:-1"},"og_locale":"fr_FR","og_type":"article","og_title":"Fleet test Mercedes GLC 300 de: jusqu'\u00e0 120 km en mode \u00e9lectrique - link2fleet","og_description":"Apr\u00e8s 2,6 millions de ventes du GLK et du GLC, le SUV de taille moyenne de Mercedes en est \u00e0 sa troisi\u00e8me g\u00e9n\u00e9ration. Ses groupes\u2026","og_url":"https:\/\/www.link2fleet.com\/fr\/fleet-test-mercedes-glc-300-de-jusqua-120-km-en-mode-electrique\/","og_site_name":"link2fleet","article_published_time":"2022-09-06T11:09:23+00:00","og_image":[{"width":2000,"height":1334,"url":"https:\/\/static.link2fleet.com\/wp-content\/uploads\/2024\/03\/mercedes-glc-2022-10.jpg","type":"image\/jpeg"}],"author":"Stijn Blanckaert","twitter_card":"summary_large_image","twitter_description":"Apr\u00e8s 2,6 millions de ventes du GLK et du GLC, le SUV de taille moyenne de Mercedes en est \u00e0 sa troisi\u00e8me g\u00e9n\u00e9ration. Ses groupes\u2026","twitter_misc":{"\u00c9crit par":"Stijn Blanckaert","Dur\u00e9e de lecture estim\u00e9e":"6 minutes"},"schema":{"@context":"https:\/\/schema.org","@graph":[{"@type":"Article","@id":"https:\/\/www.link2fleet.com\/fr\/fleet-test-mercedes-glc-300-de-jusqua-120-km-en-mode-electrique\/#article","isPartOf":{"@id":"https:\/\/www.link2fleet.com\/fr\/fleet-test-mercedes-glc-300-de-jusqua-120-km-en-mode-electrique\/"},"author":{"name":"Stijn Blanckaert","@id":"https:\/\/www.link2fleet.com\/fr\/#\/schema\/person\/38ee68583a3b2f024a20c1fdc09f15c3"},"headline":"Fleet test Mercedes GLC 300 de: jusqu&rsquo;\u00e0 120 km en mode \u00e9lectrique","datePublished":"2022-09-06T11:09:23+00:00","mainEntityOfPage":{"@id":"https:\/\/www.link2fleet.com\/fr\/fleet-test-mercedes-glc-300-de-jusqua-120-km-en-mode-electrique\/"},"wordCount":1134,"publisher":{"@id":"https:\/\/www.link2fleet.com\/fr\/#organization"},"image":{"@id":"https:\/\/www.link2fleet.com\/fr\/fleet-test-mercedes-glc-300-de-jusqua-120-km-en-mode-electrique\/#primaryimage"},"thumbnailUrl":"https:\/\/static.link2fleet.com\/wp-content\/uploads\/2024\/03\/mercedes-glc-2022-10.jpg","articleSection":["Importateurs et constructeurs","V\u00e9hicules"],"inLanguage":"fr-FR"},{"@type":"WebPage","@id":"https:\/\/www.link2fleet.com\/fr\/fleet-test-mercedes-glc-300-de-jusqua-120-km-en-mode-electrique\/","url":"https:\/\/www.link2fleet.com\/fr\/fleet-test-mercedes-glc-300-de-jusqua-120-km-en-mode-electrique\/","name":"Fleet test Mercedes GLC 300 de: jusqu'\u00e0 120 km en mode \u00e9lectrique - link2fleet","isPartOf":{"@id":"https:\/\/www.link2fleet.com\/fr\/#website"},"primaryImageOfPage":{"@id":"https:\/\/www.link2fleet.com\/fr\/fleet-test-mercedes-glc-300-de-jusqua-120-km-en-mode-electrique\/#primaryimage"},"image":{"@id":"https:\/\/www.link2fleet.com\/fr\/fleet-test-mercedes-glc-300-de-jusqua-120-km-en-mode-electrique\/#primaryimage"},"thumbnailUrl":"https:\/\/static.link2fleet.com\/wp-content\/uploads\/2024\/03\/mercedes-glc-2022-10.jpg","datePublished":"2022-09-06T11:09:23+00:00","breadcrumb":{"@id":"https:\/\/www.link2fleet.com\/fr\/fleet-test-mercedes-glc-300-de-jusqua-120-km-en-mode-electrique\/#breadcrumb"},"inLanguage":"fr-FR","potentialAction":[{"@type":"ReadAction","target":["https:\/\/www.link2fleet.com\/fr\/fleet-test-mercedes-glc-300-de-jusqua-120-km-en-mode-electrique\/"]}]},{"@type":"ImageObject","inLanguage":"fr-FR","@id":"https:\/\/www.link2fleet.com\/fr\/fleet-test-mercedes-glc-300-de-jusqua-120-km-en-mode-electrique\/#primaryimage","url":"https:\/\/static.link2fleet.com\/wp-content\/uploads\/2024\/03\/mercedes-glc-2022-10.jpg","contentUrl":"https:\/\/static.link2fleet.com\/wp-content\/uploads\/2024\/03\/mercedes-glc-2022-10.jpg","width":2000,"height":1334,"caption":"|||||||||||||"},{"@type":"BreadcrumbList","@id":"https:\/\/www.link2fleet.com\/fr\/fleet-test-mercedes-glc-300-de-jusqua-120-km-en-mode-electrique\/#breadcrumb","itemListElement":[{"@type":"ListItem","position":1,"name":"Home","item":"https:\/\/www.link2fleet.com\/fr\/"},{"@type":"ListItem","position":2,"name":"Fleet test Mercedes GLC 300 de: jusqu&#8217;\u00e0 120 km en mode \u00e9lectrique"}]},{"@type":"WebSite","@id":"https:\/\/www.link2fleet.com\/fr\/#website","url":"https:\/\/www.link2fleet.com\/fr\/","name":"Link2fleet","description":"","publisher":{"@id":"https:\/\/www.link2fleet.com\/fr\/#organization"},"potentialAction":[{"@type":"SearchAction","target":{"@type":"EntryPoint","urlTemplate":"https:\/\/www.link2fleet.com\/fr\/?s={search_term_string}"},"query-input":{"@type":"PropertyValueSpecification","valueRequired":true,"valueName":"search_term_string"}}],"inLanguage":"fr-FR"},{"@type":"Organization","@id":"https:\/\/www.link2fleet.com\/fr\/#organization","name":"Link2fleet","url":"https:\/\/www.link2fleet.com\/fr\/","logo":{"@type":"ImageObject","inLanguage":"fr-FR","@id":"https:\/\/www.link2fleet.com\/fr\/#\/schema\/logo\/image\/","url":"https:\/\/static.link2fleet.com\/wp-content\/uploads\/2024\/03\/share-image.jpg","contentUrl":"https:\/\/static.link2fleet.com\/wp-content\/uploads\/2024\/03\/share-image.jpg","width":1200,"height":630,"caption":"Link2fleet"},"image":{"@id":"https:\/\/www.link2fleet.com\/fr\/#\/schema\/logo\/image\/"},"sameAs":["https:\/\/www.linkedin.com\/company\/link2fleet-belgium","https:\/\/www.youtube.com\/user\/MMMBMBE"]},{"@type":"Person","@id":"https:\/\/www.link2fleet.com\/fr\/#\/schema\/person\/38ee68583a3b2f024a20c1fdc09f15c3","name":"Stijn Blanckaert","image":{"@type":"ImageObject","inLanguage":"fr-FR","@id":"https:\/\/secure.gravatar.com\/avatar\/80b146efcf2226a3a9b09ea70d25b3a93f7378927ac55529f3fcf1e9b5b142ab?s=96&d=mm&r=g","url":"https:\/\/secure.gravatar.com\/avatar\/80b146efcf2226a3a9b09ea70d25b3a93f7378927ac55529f3fcf1e9b5b142ab?s=96&d=mm&r=g","contentUrl":"https:\/\/secure.gravatar.com\/avatar\/80b146efcf2226a3a9b09ea70d25b3a93f7378927ac55529f3fcf1e9b5b142ab?s=96&d=mm&r=g","caption":"Stijn Blanckaert"}}]}},"_links":{"self":[{"href":"https:\/\/www.link2fleet.com\/fr\/wp-json\/wp\/v2\/posts\/7460","targetHints":{"allow":["GET"]}}],"collection":[{"href":"https:\/\/www.link2fleet.com\/fr\/wp-json\/wp\/v2\/posts"}],"about":[{"href":"https:\/\/www.link2fleet.com\/fr\/wp-json\/wp\/v2\/types\/post"}],"author":[{"embeddable":true,"href":"https:\/\/www.link2fleet.com\/fr\/wp-json\/wp\/v2\/users\/37"}],"replies":[{"embeddable":true,"href":"https:\/\/www.link2fleet.com\/fr\/wp-json\/wp\/v2\/comments?post=7460"}],"version-history":[{"count":0,"href":"https:\/\/www.link2fleet.com\/fr\/wp-json\/wp\/v2\/posts\/7460\/revisions"}],"wp:featuredmedia":[{"embeddable":true,"href":"https:\/\/www.link2fleet.com\/fr\/wp-json\/wp\/v2\/media\/7461"}],"wp:attachment":[{"href":"https:\/\/www.link2fleet.com\/fr\/wp-json\/wp\/v2\/media?parent=7460"}],"wp:term":[{"taxonomy":"category","embeddable":true,"href":"https:\/\/www.link2fleet.com\/fr\/wp-json\/wp\/v2\/categories?post=7460"},{"taxonomy":"post_tag","embeddable":true,"href":"https:\/\/www.link2fleet.com\/fr\/wp-json\/wp\/v2\/tags?post=7460"}],"curies":[{"name":"wp","href":"https:\/\/api.w.org\/{rel}","templated":true}]}}