{"id":7506,"date":"2022-09-08T08:47:44","date_gmt":"2022-09-08T06:47:44","guid":{"rendered":"https:\/\/www.link2fleet.com\/charge-bidirectionnelle-stroohm-fait-le-point-sur-la-situation\/"},"modified":"2024-04-17T16:46:16","modified_gmt":"2024-04-17T14:46:16","slug":"charge-bidirectionnelle-stroohm-fait-le-point-sur-la-situation","status":"publish","type":"post","link":"https:\/\/www.link2fleet.com\/fr\/charge-bidirectionnelle-stroohm-fait-le-point-sur-la-situation\/","title":{"rendered":"Charge bidirectionnelle: Stroohm fait le point sur la situation"},"content":{"rendered":"<p style=\"font-weight: 400;\"><strong>Qu\u2019est-ce-qu\u2019un chargeur bidirectionnel\u00a0?<\/strong><\/p>\n<p style=\"font-weight: 400;\">Gr\u00e2ce \u00e0 la technologie de charge bidirectionnelle, on peut \u00e0 la fois charger et d\u00e9charger sa voiture. On peut donc alimenter sa maison ou le r\u00e9seau \u00e9lectrique avec la batterie de sa voiture. Avec ce type de station de charge, il est par exemple possible de stocker l&rsquo;\u00e9nergie solaire dans la batterie de sa voiture pendant la journ\u00e9e et de l&rsquo;utiliser plus tard ou de la vendre \u00e0 un prix plus \u00e9lev\u00e9 pendant une p\u00e9riode de pointe. Il faut \u00e9videmment que le v\u00e9hicule le permette. Actuellement, seules la Nissan Leaf, la Mitsubishi Outlander PHEV et l&rsquo;ancienne Kia Soul sont dot\u00e9es de cette technologie. Elles utilisent un connecteur plus ancien appel\u00e9 \u00ab\u00a0CHADEMO\u00a0\u00bb. Les fiches CCS modernes qui sont utilis\u00e9es dans toutes les voitures actuelles ne sont pas encore adapt\u00e9es \u00e0 ces points de charge bidirectionnels. En d&rsquo;autres termes, 99% des voitures actuellement commercialis\u00e9es chez nous ne sont pas compatibles. Il se murmure que certaines voitures sont techniquement d\u00e9j\u00e0 \u00e9quip\u00e9es, mais qu&rsquo;elles sont verrouill\u00e9es par logiciel tant qu&rsquo;il n&rsquo;y a pas de cadre clair autour de cette fonctionnalit\u00e9.<\/p>\n<p style=\"font-weight: 400;\">\n<p style=\"font-weight: 400;\"><strong>Qu\u2019est-ce-que l\u2019op\u00e9rateur de r\u00e9seau exige\u00a0?<\/strong><\/p>\n<p style=\"font-weight: 400;\">La f\u00e9d\u00e9ration des gestionnaires de r\u00e9seau Synergrid g\u00e8re une liste de tous les onduleurs approuv\u00e9s qui sont autoris\u00e9s \u00e0 injecter de l&rsquo;\u00e9lectricit\u00e9 dans le r\u00e9seau. Il existe de nombreux onduleurs pour les panneaux solaires et dor\u00e9navant aussi pour les stations de recharge bidirectionnelles. Cette liste se trouve dans le document C10\/26, o\u00f9 la Wallbox Quasar a r\u00e9cemment \u00e9t\u00e9 approuv\u00e9e. A noter qu\u2019il existe une obligation l\u00e9gale de signaler les points de charge \u00e0 son op\u00e9rateur de r\u00e9seau. Pour des raisons de s\u00e9curit\u00e9, les points de charge bidirectionnels doivent cesser d&rsquo;injecter dans le r\u00e9seau lorsqu&rsquo;ils fonctionnent. V\u00e9rifiez donc soigneusement quelles bornes de recharge vous pouvez installer.<\/p>\n<p style=\"font-weight: 400;\">\n<p style=\"font-weight: 400;\"><strong>Co\u00fbt<\/strong><\/p>\n<p style=\"font-weight: 400;\">A l\u2019heure actuelle, tr\u00e8s peu de chargeurs bidirectionnels sont propos\u00e9s \u00e0 la vente et install\u00e9s. Il faut dire \u00e9galement que le co\u00fbt (comptez 5.775\u20ac) de cette nouvelle technologie est beaucoup plus \u00e9lev\u00e9 que celui d\u2019une borne classique (entre 750 et 1200\u20ac). Et il n\u2019est pas encore possible actuellement d\u2019amortir le co\u00fbt suppl\u00e9mentaire de 5.000\u20ac en optimisant sa consommation \u00e9lectrique. Lorsque le tarif capacitaire sera officiellement introduit, cela changera peut-\u00eatre la donne.<\/p>\n<p style=\"font-weight: 400;\">Aujourd\u2019hui, on estime qu\u2019un investissement allant jusqu\u2019\u00e0 3000\u20ac dans une borne de recharge reste financi\u00e8rement int\u00e9ressant.<\/p>\n<p style=\"font-weight: 400;\">Evidemment, si votre installation \u00e9lectrique est souvent sujette \u00e0 des coupures, investir dans un tel chargeur peut repr\u00e9senter une solution de confort. Votre voiture sera alors capable d\u2019alimenter votre maison en \u00e9lectricit\u00e9 pendant une semaine. C\u2019est ce qui explique pourquoi, apr\u00e8s avoir ferm\u00e9 ses centrales nucl\u00e9aires, le Japon a fait en sorte que de nombreuses Nissan Leaf puissent se charger de fa\u00e7on bidirectionnelle.<\/p>\n<p style=\"font-weight: 400;\">\n<p style=\"font-weight: 400;\"><strong>Employeur et fisc<\/strong><\/p>\n<p style=\"font-weight: 400;\">Le risque avec cette solution, c\u2019est \u00e9videmment que des travailleurs peu scrupuleux rechargent leur v\u00e9hicule au bureau et utilisent cette \u00e9nergie \u00e0 leur domicile pour r\u00e9duire leur facture d\u2019\u00e9lectricit\u00e9. Si rien ne permet (encore) d\u2019interdire cette pratique, les personnes mal intentionn\u00e9es seront vite rep\u00e9r\u00e9es car la consommation d\u2019\u00e9lectricit\u00e9 au bureau va grimper en fl\u00e8che, ce qui aura pour cons\u00e9quence d\u2019alerter le management.<\/p>\n<p style=\"font-weight: 400;\">Les entreprises devront donc adapter leur car-policy en int\u00e9grant l\u2019interdiction de charger au bureau \u00e0 des fins priv\u00e9es. Si l\u2019employeur d\u00e9cide quand m\u00eame de l\u2019autoriser, les autorit\u00e9s fiscales risquent bien d\u2019\u00eatre d\u2019un autre avis. \u00a0Apr\u00e8s tout, il s&rsquo;agirait d&rsquo;un avantage en nature qui serait tax\u00e9 en plus, ce qui signifierait que l&rsquo;avantage serait annul\u00e9. Par cons\u00e9quent, selon Stroohm, les flottes d&rsquo;entreprise vont inhiber plut\u00f4t que promouvoir la recharge bidirectionnelle car la charge administrative et manag\u00e9riale li\u00e9e risque d\u2019\u00eatre \u00e9lev\u00e9e.<\/p>\n<p style=\"font-weight: 400;\">\n<p style=\"font-weight: 400;\"><strong>Soci\u00e9t\u00e9s de leasing et garantie<\/strong><\/p>\n<p style=\"font-weight: 400;\">Evidemment, la majorit\u00e9 des voitures \u00e9lectriques sont des voitures de soci\u00e9t\u00e9. Et \u00e9tant donn\u00e9 que la charge bidirectionnelle a un impact sur le vieillissement des batteries, il y a fort \u00e0 parier que les soci\u00e9t\u00e9s de leasing ne vont pas l\u2019accepter, en tant que propri\u00e9taire des v\u00e9hicules. La valeur r\u00e9siduelle est un \u00e9l\u00e9ment important dans la constitution de leurs loyers mensuels. Aujourd&rsquo;hui, les contrats sont \u00e9tablis sur base des kilom\u00e8tres parcourus et non sur base du nombre de cycles effectu\u00e9s par la batterie. Les constructeurs automobiles ne sont pas pr\u00e9par\u00e9s \u00e0 cela, car leur garantie est \u00e9galement bas\u00e9e sur le nombre de kilom\u00e8tres parcourus. Stroohm s&rsquo;attend donc \u00e0 de nombreuses adaptations et restrictions en termes d&rsquo;utilisation et de garantie sous cet angle, ce qui limitera la mise en \u0153uvre.<\/p>\n<p style=\"font-weight: 400;\">\n<p style=\"font-weight: 400;\"><strong>Conclusion<\/strong><\/p>\n<p style=\"font-weight: 400;\">Il y aura encore beaucoup d\u2019adaptations \u00e0 faire dans le secteur fleet avant de pouvoir introduire la charge bidirectionnelle pour les clients professionnels. Mais il est clair que cette technologie finira par s&rsquo;imposer en raison de ses nombreux avantages pour la transition \u00e9nerg\u00e9tique.<\/p>\n","protected":false},"excerpt":{"rendered":"<p>Qu\u2019est-ce-qu\u2019un chargeur bidirectionnel\u00a0? Gr\u00e2ce \u00e0 la technologie de charge bidirectionnelle, on peut \u00e0 la fois charger et d\u00e9charger sa voiture. On peut donc alimenter sa maison ou le r\u00e9seau \u00e9lectrique avec la batterie de sa voiture. Avec ce type de station de charge, il est par exemple possible de stocker l&rsquo;\u00e9nergie solaire dans la batterie [&hellip;]<\/p>\n","protected":false},"author":4,"featured_media":7507,"comment_status":"closed","ping_status":"closed","sticky":false,"template":"","format":"standard","meta":{"_acf_changed":false,"footnotes":""},"categories":[81,91],"tags":[],"class_list":["post-7506","post","type-post","status-publish","format-standard","has-post-thumbnail","hentry","category-gestion-de-carburant-et-energie","category-expertise-et-management"],"acf":[],"yoast_head":"<!-- This site is optimized with the Yoast SEO plugin v27.3 - https:\/\/yoast.com\/product\/yoast-seo-wordpress\/ -->\n<title>Charge bidirectionnelle: Stroohm fait le point sur la situation - link2fleet<\/title>\n<meta name=\"description\" content=\"En septembre 2020, en pleine p\u00e9riode de Corona, le premier chargeur public bidirectionnel \u00e9tait install\u00e9 en Belgique. En avril 2021, c\u2019est la premi\u00e8re zone de\u2026\" \/>\n<meta name=\"robots\" content=\"index, follow, max-snippet:-1, max-image-preview:large, max-video-preview:-1\" \/>\n<meta property=\"og:locale\" content=\"fr_FR\" \/>\n<meta property=\"og:type\" content=\"article\" \/>\n<meta property=\"og:title\" content=\"Charge bidirectionnelle: Stroohm fait le point sur la situation - link2fleet\" \/>\n<meta property=\"og:description\" content=\"En septembre 2020, en pleine p\u00e9riode de Corona, le premier chargeur public bidirectionnel \u00e9tait install\u00e9 en Belgique. En avril 2021, c\u2019est la premi\u00e8re zone de\u2026\" \/>\n<meta property=\"og:url\" content=\"https:\/\/www.link2fleet.com\/fr\/charge-bidirectionnelle-stroohm-fait-le-point-sur-la-situation\/\" \/>\n<meta property=\"og:site_name\" content=\"link2fleet\" \/>\n<meta property=\"article:published_time\" content=\"2022-09-08T06:47:44+00:00\" \/>\n<meta property=\"article:modified_time\" content=\"2024-04-17T14:46:16+00:00\" \/>\n<meta property=\"og:image\" content=\"https:\/\/static.link2fleet.com\/wp-content\/uploads\/2024\/03\/kia-ev6-2022-1600-c4.jpg\" \/>\n\t<meta property=\"og:image:width\" content=\"1600\" \/>\n\t<meta property=\"og:image:height\" content=\"900\" \/>\n\t<meta property=\"og:image:type\" content=\"image\/jpeg\" \/>\n<meta name=\"author\" content=\"Damien Malvetti\" \/>\n<meta name=\"twitter:card\" content=\"summary_large_image\" \/>\n<meta name=\"twitter:description\" content=\"En septembre 2020, en pleine p\u00e9riode de Corona, le premier chargeur public bidirectionnel \u00e9tait install\u00e9 en Belgique. En avril 2021, c\u2019est la premi\u00e8re zone de\u2026\" \/>\n<meta name=\"twitter:label1\" content=\"\u00c9crit par\" \/>\n\t<meta name=\"twitter:data1\" content=\"Damien Malvetti\" \/>\n\t<meta name=\"twitter:label2\" content=\"Dur\u00e9e de lecture estim\u00e9e\" \/>\n\t<meta name=\"twitter:data2\" content=\"4 minutes\" \/>\n<script type=\"application\/ld+json\" class=\"yoast-schema-graph\">{\"@context\":\"https:\\\/\\\/schema.org\",\"@graph\":[{\"@type\":\"Article\",\"@id\":\"https:\\\/\\\/www.link2fleet.com\\\/fr\\\/charge-bidirectionnelle-stroohm-fait-le-point-sur-la-situation\\\/#article\",\"isPartOf\":{\"@id\":\"https:\\\/\\\/www.link2fleet.com\\\/fr\\\/charge-bidirectionnelle-stroohm-fait-le-point-sur-la-situation\\\/\"},\"author\":{\"name\":\"Damien Malvetti\",\"@id\":\"https:\\\/\\\/www.link2fleet.com\\\/fr\\\/#\\\/schema\\\/person\\\/027cd46113c78036b3809c9a054049da\"},\"headline\":\"Charge bidirectionnelle: Stroohm fait le point sur la situation\",\"datePublished\":\"2022-09-08T06:47:44+00:00\",\"dateModified\":\"2024-04-17T14:46:16+00:00\",\"mainEntityOfPage\":{\"@id\":\"https:\\\/\\\/www.link2fleet.com\\\/fr\\\/charge-bidirectionnelle-stroohm-fait-le-point-sur-la-situation\\\/\"},\"wordCount\":874,\"publisher\":{\"@id\":\"https:\\\/\\\/www.link2fleet.com\\\/fr\\\/#organization\"},\"image\":{\"@id\":\"https:\\\/\\\/www.link2fleet.com\\\/fr\\\/charge-bidirectionnelle-stroohm-fait-le-point-sur-la-situation\\\/#primaryimage\"},\"thumbnailUrl\":\"https:\\\/\\\/static.link2fleet.com\\\/wp-content\\\/uploads\\\/2024\\\/03\\\/kia-ev6-2022-1600-c4.jpg\",\"articleSection\":[\"Gestion carburant et de l'\u00e9nergie\",\"Gestion de flotte\"],\"inLanguage\":\"fr-FR\"},{\"@type\":\"WebPage\",\"@id\":\"https:\\\/\\\/www.link2fleet.com\\\/fr\\\/charge-bidirectionnelle-stroohm-fait-le-point-sur-la-situation\\\/\",\"url\":\"https:\\\/\\\/www.link2fleet.com\\\/fr\\\/charge-bidirectionnelle-stroohm-fait-le-point-sur-la-situation\\\/\",\"name\":\"Charge bidirectionnelle: Stroohm fait le point sur la situation - link2fleet\",\"isPartOf\":{\"@id\":\"https:\\\/\\\/www.link2fleet.com\\\/fr\\\/#website\"},\"primaryImageOfPage\":{\"@id\":\"https:\\\/\\\/www.link2fleet.com\\\/fr\\\/charge-bidirectionnelle-stroohm-fait-le-point-sur-la-situation\\\/#primaryimage\"},\"image\":{\"@id\":\"https:\\\/\\\/www.link2fleet.com\\\/fr\\\/charge-bidirectionnelle-stroohm-fait-le-point-sur-la-situation\\\/#primaryimage\"},\"thumbnailUrl\":\"https:\\\/\\\/static.link2fleet.com\\\/wp-content\\\/uploads\\\/2024\\\/03\\\/kia-ev6-2022-1600-c4.jpg\",\"datePublished\":\"2022-09-08T06:47:44+00:00\",\"dateModified\":\"2024-04-17T14:46:16+00:00\",\"breadcrumb\":{\"@id\":\"https:\\\/\\\/www.link2fleet.com\\\/fr\\\/charge-bidirectionnelle-stroohm-fait-le-point-sur-la-situation\\\/#breadcrumb\"},\"inLanguage\":\"fr-FR\",\"potentialAction\":[{\"@type\":\"ReadAction\",\"target\":[\"https:\\\/\\\/www.link2fleet.com\\\/fr\\\/charge-bidirectionnelle-stroohm-fait-le-point-sur-la-situation\\\/\"]}]},{\"@type\":\"ImageObject\",\"inLanguage\":\"fr-FR\",\"@id\":\"https:\\\/\\\/www.link2fleet.com\\\/fr\\\/charge-bidirectionnelle-stroohm-fait-le-point-sur-la-situation\\\/#primaryimage\",\"url\":\"https:\\\/\\\/static.link2fleet.com\\\/wp-content\\\/uploads\\\/2024\\\/03\\\/kia-ev6-2022-1600-c4.jpg\",\"contentUrl\":\"https:\\\/\\\/static.link2fleet.com\\\/wp-content\\\/uploads\\\/2024\\\/03\\\/kia-ev6-2022-1600-c4.jpg\",\"width\":1600,\"height\":900},{\"@type\":\"BreadcrumbList\",\"@id\":\"https:\\\/\\\/www.link2fleet.com\\\/fr\\\/charge-bidirectionnelle-stroohm-fait-le-point-sur-la-situation\\\/#breadcrumb\",\"itemListElement\":[{\"@type\":\"ListItem\",\"position\":1,\"name\":\"Home\",\"item\":\"https:\\\/\\\/www.link2fleet.com\\\/fr\\\/\"},{\"@type\":\"ListItem\",\"position\":2,\"name\":\"Charge bidirectionnelle: Stroohm fait le point sur la situation\"}]},{\"@type\":\"WebSite\",\"@id\":\"https:\\\/\\\/www.link2fleet.com\\\/fr\\\/#website\",\"url\":\"https:\\\/\\\/www.link2fleet.com\\\/fr\\\/\",\"name\":\"Link2fleet\",\"description\":\"\",\"publisher\":{\"@id\":\"https:\\\/\\\/www.link2fleet.com\\\/fr\\\/#organization\"},\"potentialAction\":[{\"@type\":\"SearchAction\",\"target\":{\"@type\":\"EntryPoint\",\"urlTemplate\":\"https:\\\/\\\/www.link2fleet.com\\\/fr\\\/?s={search_term_string}\"},\"query-input\":{\"@type\":\"PropertyValueSpecification\",\"valueRequired\":true,\"valueName\":\"search_term_string\"}}],\"inLanguage\":\"fr-FR\"},{\"@type\":\"Organization\",\"@id\":\"https:\\\/\\\/www.link2fleet.com\\\/fr\\\/#organization\",\"name\":\"Link2fleet\",\"url\":\"https:\\\/\\\/www.link2fleet.com\\\/fr\\\/\",\"logo\":{\"@type\":\"ImageObject\",\"inLanguage\":\"fr-FR\",\"@id\":\"https:\\\/\\\/www.link2fleet.com\\\/fr\\\/#\\\/schema\\\/logo\\\/image\\\/\",\"url\":\"https:\\\/\\\/static.link2fleet.com\\\/wp-content\\\/uploads\\\/2024\\\/03\\\/share-image.jpg\",\"contentUrl\":\"https:\\\/\\\/static.link2fleet.com\\\/wp-content\\\/uploads\\\/2024\\\/03\\\/share-image.jpg\",\"width\":1200,\"height\":630,\"caption\":\"Link2fleet\"},\"image\":{\"@id\":\"https:\\\/\\\/www.link2fleet.com\\\/fr\\\/#\\\/schema\\\/logo\\\/image\\\/\"},\"sameAs\":[\"https:\\\/\\\/www.linkedin.com\\\/company\\\/link2fleet-belgium\",\"https:\\\/\\\/www.youtube.com\\\/user\\\/MMMBMBE\"]},{\"@type\":\"Person\",\"@id\":\"https:\\\/\\\/www.link2fleet.com\\\/fr\\\/#\\\/schema\\\/person\\\/027cd46113c78036b3809c9a054049da\",\"name\":\"Damien Malvetti\",\"image\":{\"@type\":\"ImageObject\",\"inLanguage\":\"fr-FR\",\"@id\":\"https:\\\/\\\/secure.gravatar.com\\\/avatar\\\/dd8cc03b49466c735f753ac37f8caa371af16dfed347456ed61f02883255eebb?s=96&d=mm&r=g\",\"url\":\"https:\\\/\\\/secure.gravatar.com\\\/avatar\\\/dd8cc03b49466c735f753ac37f8caa371af16dfed347456ed61f02883255eebb?s=96&d=mm&r=g\",\"contentUrl\":\"https:\\\/\\\/secure.gravatar.com\\\/avatar\\\/dd8cc03b49466c735f753ac37f8caa371af16dfed347456ed61f02883255eebb?s=96&d=mm&r=g\",\"caption\":\"Damien Malvetti\"},\"description\":\"Damien Malvetti is opgeleid als journalist en gepassioneerd door wagens, technologie en mobiliteit. Hij is verantwoordelijk voor de redactionele inhoud van link2fleet en beschikt over een uitgebreide kennis van de fleet-sector en elektrische mobiliteit.\",\"sameAs\":[\"https:\\\/\\\/www.linkedin.com\\\/in\\\/damien-malvetti-56601142\\\/\"]}]}<\/script>\n<!-- \/ Yoast SEO plugin. -->","yoast_head_json":{"title":"Charge bidirectionnelle: Stroohm fait le point sur la situation - link2fleet","description":"En septembre 2020, en pleine p\u00e9riode de Corona, le premier chargeur public bidirectionnel \u00e9tait install\u00e9 en Belgique. En avril 2021, c\u2019est la premi\u00e8re zone de\u2026","robots":{"index":"index","follow":"follow","max-snippet":"max-snippet:-1","max-image-preview":"max-image-preview:large","max-video-preview":"max-video-preview:-1"},"og_locale":"fr_FR","og_type":"article","og_title":"Charge bidirectionnelle: Stroohm fait le point sur la situation - link2fleet","og_description":"En septembre 2020, en pleine p\u00e9riode de Corona, le premier chargeur public bidirectionnel \u00e9tait install\u00e9 en Belgique. En avril 2021, c\u2019est la premi\u00e8re zone de\u2026","og_url":"https:\/\/www.link2fleet.com\/fr\/charge-bidirectionnelle-stroohm-fait-le-point-sur-la-situation\/","og_site_name":"link2fleet","article_published_time":"2022-09-08T06:47:44+00:00","article_modified_time":"2024-04-17T14:46:16+00:00","og_image":[{"width":1600,"height":900,"url":"https:\/\/static.link2fleet.com\/wp-content\/uploads\/2024\/03\/kia-ev6-2022-1600-c4.jpg","type":"image\/jpeg"}],"author":"Damien Malvetti","twitter_card":"summary_large_image","twitter_description":"En septembre 2020, en pleine p\u00e9riode de Corona, le premier chargeur public bidirectionnel \u00e9tait install\u00e9 en Belgique. En avril 2021, c\u2019est la premi\u00e8re zone de\u2026","twitter_misc":{"\u00c9crit par":"Damien Malvetti","Dur\u00e9e de lecture estim\u00e9e":"4 minutes"},"schema":{"@context":"https:\/\/schema.org","@graph":[{"@type":"Article","@id":"https:\/\/www.link2fleet.com\/fr\/charge-bidirectionnelle-stroohm-fait-le-point-sur-la-situation\/#article","isPartOf":{"@id":"https:\/\/www.link2fleet.com\/fr\/charge-bidirectionnelle-stroohm-fait-le-point-sur-la-situation\/"},"author":{"name":"Damien Malvetti","@id":"https:\/\/www.link2fleet.com\/fr\/#\/schema\/person\/027cd46113c78036b3809c9a054049da"},"headline":"Charge bidirectionnelle: Stroohm fait le point sur la situation","datePublished":"2022-09-08T06:47:44+00:00","dateModified":"2024-04-17T14:46:16+00:00","mainEntityOfPage":{"@id":"https:\/\/www.link2fleet.com\/fr\/charge-bidirectionnelle-stroohm-fait-le-point-sur-la-situation\/"},"wordCount":874,"publisher":{"@id":"https:\/\/www.link2fleet.com\/fr\/#organization"},"image":{"@id":"https:\/\/www.link2fleet.com\/fr\/charge-bidirectionnelle-stroohm-fait-le-point-sur-la-situation\/#primaryimage"},"thumbnailUrl":"https:\/\/static.link2fleet.com\/wp-content\/uploads\/2024\/03\/kia-ev6-2022-1600-c4.jpg","articleSection":["Gestion carburant et de l'\u00e9nergie","Gestion de flotte"],"inLanguage":"fr-FR"},{"@type":"WebPage","@id":"https:\/\/www.link2fleet.com\/fr\/charge-bidirectionnelle-stroohm-fait-le-point-sur-la-situation\/","url":"https:\/\/www.link2fleet.com\/fr\/charge-bidirectionnelle-stroohm-fait-le-point-sur-la-situation\/","name":"Charge bidirectionnelle: Stroohm fait le point sur la situation - link2fleet","isPartOf":{"@id":"https:\/\/www.link2fleet.com\/fr\/#website"},"primaryImageOfPage":{"@id":"https:\/\/www.link2fleet.com\/fr\/charge-bidirectionnelle-stroohm-fait-le-point-sur-la-situation\/#primaryimage"},"image":{"@id":"https:\/\/www.link2fleet.com\/fr\/charge-bidirectionnelle-stroohm-fait-le-point-sur-la-situation\/#primaryimage"},"thumbnailUrl":"https:\/\/static.link2fleet.com\/wp-content\/uploads\/2024\/03\/kia-ev6-2022-1600-c4.jpg","datePublished":"2022-09-08T06:47:44+00:00","dateModified":"2024-04-17T14:46:16+00:00","breadcrumb":{"@id":"https:\/\/www.link2fleet.com\/fr\/charge-bidirectionnelle-stroohm-fait-le-point-sur-la-situation\/#breadcrumb"},"inLanguage":"fr-FR","potentialAction":[{"@type":"ReadAction","target":["https:\/\/www.link2fleet.com\/fr\/charge-bidirectionnelle-stroohm-fait-le-point-sur-la-situation\/"]}]},{"@type":"ImageObject","inLanguage":"fr-FR","@id":"https:\/\/www.link2fleet.com\/fr\/charge-bidirectionnelle-stroohm-fait-le-point-sur-la-situation\/#primaryimage","url":"https:\/\/static.link2fleet.com\/wp-content\/uploads\/2024\/03\/kia-ev6-2022-1600-c4.jpg","contentUrl":"https:\/\/static.link2fleet.com\/wp-content\/uploads\/2024\/03\/kia-ev6-2022-1600-c4.jpg","width":1600,"height":900},{"@type":"BreadcrumbList","@id":"https:\/\/www.link2fleet.com\/fr\/charge-bidirectionnelle-stroohm-fait-le-point-sur-la-situation\/#breadcrumb","itemListElement":[{"@type":"ListItem","position":1,"name":"Home","item":"https:\/\/www.link2fleet.com\/fr\/"},{"@type":"ListItem","position":2,"name":"Charge bidirectionnelle: Stroohm fait le point sur la situation"}]},{"@type":"WebSite","@id":"https:\/\/www.link2fleet.com\/fr\/#website","url":"https:\/\/www.link2fleet.com\/fr\/","name":"Link2fleet","description":"","publisher":{"@id":"https:\/\/www.link2fleet.com\/fr\/#organization"},"potentialAction":[{"@type":"SearchAction","target":{"@type":"EntryPoint","urlTemplate":"https:\/\/www.link2fleet.com\/fr\/?s={search_term_string}"},"query-input":{"@type":"PropertyValueSpecification","valueRequired":true,"valueName":"search_term_string"}}],"inLanguage":"fr-FR"},{"@type":"Organization","@id":"https:\/\/www.link2fleet.com\/fr\/#organization","name":"Link2fleet","url":"https:\/\/www.link2fleet.com\/fr\/","logo":{"@type":"ImageObject","inLanguage":"fr-FR","@id":"https:\/\/www.link2fleet.com\/fr\/#\/schema\/logo\/image\/","url":"https:\/\/static.link2fleet.com\/wp-content\/uploads\/2024\/03\/share-image.jpg","contentUrl":"https:\/\/static.link2fleet.com\/wp-content\/uploads\/2024\/03\/share-image.jpg","width":1200,"height":630,"caption":"Link2fleet"},"image":{"@id":"https:\/\/www.link2fleet.com\/fr\/#\/schema\/logo\/image\/"},"sameAs":["https:\/\/www.linkedin.com\/company\/link2fleet-belgium","https:\/\/www.youtube.com\/user\/MMMBMBE"]},{"@type":"Person","@id":"https:\/\/www.link2fleet.com\/fr\/#\/schema\/person\/027cd46113c78036b3809c9a054049da","name":"Damien Malvetti","image":{"@type":"ImageObject","inLanguage":"fr-FR","@id":"https:\/\/secure.gravatar.com\/avatar\/dd8cc03b49466c735f753ac37f8caa371af16dfed347456ed61f02883255eebb?s=96&d=mm&r=g","url":"https:\/\/secure.gravatar.com\/avatar\/dd8cc03b49466c735f753ac37f8caa371af16dfed347456ed61f02883255eebb?s=96&d=mm&r=g","contentUrl":"https:\/\/secure.gravatar.com\/avatar\/dd8cc03b49466c735f753ac37f8caa371af16dfed347456ed61f02883255eebb?s=96&d=mm&r=g","caption":"Damien Malvetti"},"description":"Damien Malvetti is opgeleid als journalist en gepassioneerd door wagens, technologie en mobiliteit. Hij is verantwoordelijk voor de redactionele inhoud van link2fleet en beschikt over een uitgebreide kennis van de fleet-sector en elektrische mobiliteit.","sameAs":["https:\/\/www.linkedin.com\/in\/damien-malvetti-56601142\/"]}]}},"_links":{"self":[{"href":"https:\/\/www.link2fleet.com\/fr\/wp-json\/wp\/v2\/posts\/7506","targetHints":{"allow":["GET"]}}],"collection":[{"href":"https:\/\/www.link2fleet.com\/fr\/wp-json\/wp\/v2\/posts"}],"about":[{"href":"https:\/\/www.link2fleet.com\/fr\/wp-json\/wp\/v2\/types\/post"}],"author":[{"embeddable":true,"href":"https:\/\/www.link2fleet.com\/fr\/wp-json\/wp\/v2\/users\/4"}],"replies":[{"embeddable":true,"href":"https:\/\/www.link2fleet.com\/fr\/wp-json\/wp\/v2\/comments?post=7506"}],"version-history":[{"count":0,"href":"https:\/\/www.link2fleet.com\/fr\/wp-json\/wp\/v2\/posts\/7506\/revisions"}],"wp:featuredmedia":[{"embeddable":true,"href":"https:\/\/www.link2fleet.com\/fr\/wp-json\/wp\/v2\/media\/7507"}],"wp:attachment":[{"href":"https:\/\/www.link2fleet.com\/fr\/wp-json\/wp\/v2\/media?parent=7506"}],"wp:term":[{"taxonomy":"category","embeddable":true,"href":"https:\/\/www.link2fleet.com\/fr\/wp-json\/wp\/v2\/categories?post=7506"},{"taxonomy":"post_tag","embeddable":true,"href":"https:\/\/www.link2fleet.com\/fr\/wp-json\/wp\/v2\/tags?post=7506"}],"curies":[{"name":"wp","href":"https:\/\/api.w.org\/{rel}","templated":true}]}}