{"id":7509,"date":"2022-09-08T12:13:43","date_gmt":"2022-09-08T10:13:43","guid":{"rendered":"https:\/\/www.link2fleet.com\/arval-annonce-la-signature-dun-accord-pour-lacquisition-de-terberg-business-lease-group-en-belgique-et-aux-pays-bas\/"},"modified":"2022-09-08T12:13:43","modified_gmt":"2022-09-08T10:13:43","slug":"arval-annonce-la-signature-dun-accord-pour-lacquisition-de-terberg-business-lease-group-en-belgique-et-aux-pays-bas","status":"publish","type":"post","link":"https:\/\/www.link2fleet.com\/fr\/arval-annonce-la-signature-dun-accord-pour-lacquisition-de-terberg-business-lease-group-en-belgique-et-aux-pays-bas\/","title":{"rendered":"Arval annonce la signature d&rsquo;un accord pour l&rsquo;acquisition de Terberg Business Lease Group en Belgique et aux Pays-Bas"},"content":{"rendered":"<p>TBLG est un acteur de la location longue dur\u00e9e solidement \u00e9tabli sur le march\u00e9 n\u00e9erlandais, et notamment celui de la location aux particuliers avec sa plateforme e-commerce et sa marque JustLease. Arval est une soci\u00e9t\u00e9 du Groupe BNP Paribas sp\u00e9cialis\u00e9e dans la location longue dur\u00e9e de v\u00e9hicules et les solutions de mobilit\u00e9 durable.<\/p>\n<p>Cette acquisition permet \u00e0 Arval aux Pays-Bas de diversifier son offre B2B en faveur du segment B2C. Avec un nombre total de v\u00e9hicules lou\u00e9s port\u00e9 \u00e0 plus de 100 000, Arval deviendra l\u2019une des plus grandes entreprises de location longue dur\u00e9e automobile et de solutions de mobilit\u00e9 sur le march\u00e9 n\u00e9erlandais.<\/p>\n<p>TBLG est n\u00e9 en 2019 de la fusion de Terberg Leasing B.V. et Business Lease Nederland B.V. Sp\u00e9cialis\u00e9 dans la location de v\u00e9hicules aux entreprises et aux particuliers, TBLG d\u00e9tenait une flotte de 38 170 v\u00e9hicules \u00e0 fin d\u00e9cembre 2021.<\/p>\n<blockquote><p><em>\u00ab Notre volont\u00e9 d\u2019acqu\u00e9rir TBLG s\u2019inscrit parfaitement dans la strat\u00e9gie Arval Beyond et r\u00e9pond \u00e0 notre ambition de devenir le leader europ\u00e9en de la mobilit\u00e9 durable. Ensemble, nous pouvons \u00e9tendre nos capacit\u00e9s digitales, renforcer notre offre de location aux particuliers, devenir l\u2019un des premiers partenaires de mobilit\u00e9 aux Pays-Bas et \u00e9galement consolider notre pr\u00e9sence en Belgique. \u00bb<\/em><br \/>\n\u200bAlain van Groenendael, Pr\u00e9sident et Directeur G\u00e9n\u00e9ral d\u2019Arval<\/p><\/blockquote>\n<p>&nbsp;<\/p>\n<blockquote><p><em>\u00ab Sur le march\u00e9 actuel o\u00f9 la concurrence est grande, disposer d\u2019un pouvoir d\u2019achat important et \u00eatre capable d\u2019investir dans l\u2019innovation est clef pour la croissance d\u2019une entreprise. Cette acquisition par Arval est pour TBLG une excellente occasion de rejoindre l\u2019entreprise num\u00e9ro un de location longue dur\u00e9e de v\u00e9hicules multimarques en Europe, qui s\u2019engage en faveur de la transition \u00e9nerg\u00e9tique et fa\u00e7onne le futur de la mobilit\u00e9. \u00bb<\/em><br \/>\n\u200bRogier van Ewijk, PDG de TBLG<\/p><\/blockquote>\n<p>L\u2019acquisition, qui devrait \u00eatre finalis\u00e9e dans les prochains mois, est soumise aux processus de consultation par les comit\u00e9s d\u2019entreprise des deux parties et \u00e0 l\u2019approbation de la Commission europ\u00e9enne.<\/p>\n","protected":false},"excerpt":{"rendered":"<p>TBLG est un acteur de la location longue dur\u00e9e solidement \u00e9tabli sur le march\u00e9 n\u00e9erlandais, et notamment celui de la location aux particuliers avec sa plateforme e-commerce et sa marque JustLease. Arval est une soci\u00e9t\u00e9 du Groupe BNP Paribas sp\u00e9cialis\u00e9e dans la location longue dur\u00e9e de v\u00e9hicules et les solutions de mobilit\u00e9 durable. Cette acquisition [&hellip;]<\/p>\n","protected":false},"author":4,"featured_media":2973,"comment_status":"closed","ping_status":"closed","sticky":false,"template":"","format":"standard","meta":{"_acf_changed":false,"footnotes":""},"categories":[91,79],"tags":[],"class_list":["post-7509","post","type-post","status-publish","format-standard","has-post-thumbnail","hentry","category-expertise-et-management","category-societes-de-leasing"],"acf":[],"yoast_head":"<!-- This site is optimized with the Yoast SEO plugin v27.3 - https:\/\/yoast.com\/product\/yoast-seo-wordpress\/ -->\n<title>Arval annonce la signature d&#039;un accord pour l&#039;acquisition de Terberg Business Lease Group en Belgique et aux Pays-Bas - link2fleet<\/title>\n<meta name=\"description\" content=\"Arval a annonc\u00e9 aujourd\u2019hui que sa filiale n\u00e9erlandaise Arval B.V. avait conclu un accord pour l\u2019acquisition de Terberg Business Lease Group B.V. (TBLG) aupr\u00e8s des\u2026\" \/>\n<meta name=\"robots\" content=\"index, follow, max-snippet:-1, max-image-preview:large, max-video-preview:-1\" \/>\n<meta property=\"og:locale\" content=\"fr_FR\" \/>\n<meta property=\"og:type\" content=\"article\" \/>\n<meta property=\"og:title\" content=\"Arval annonce la signature d&#039;un accord pour l&#039;acquisition de Terberg Business Lease Group en Belgique et aux Pays-Bas - link2fleet\" \/>\n<meta property=\"og:description\" content=\"Arval a annonc\u00e9 aujourd\u2019hui que sa filiale n\u00e9erlandaise Arval B.V. avait conclu un accord pour l\u2019acquisition de Terberg Business Lease Group B.V. (TBLG) aupr\u00e8s des\u2026\" \/>\n<meta property=\"og:url\" content=\"https:\/\/www.link2fleet.com\/fr\/arval-annonce-la-signature-dun-accord-pour-lacquisition-de-terberg-business-lease-group-en-belgique-et-aux-pays-bas\/\" \/>\n<meta property=\"og:site_name\" content=\"link2fleet\" \/>\n<meta property=\"article:published_time\" content=\"2022-09-08T10:13:43+00:00\" \/>\n<meta property=\"og:image\" content=\"https:\/\/static.link2fleet.com\/wp-content\/uploads\/2024\/03\/arval-sponsor-companycardrive-2016.jpg\" \/>\n\t<meta property=\"og:image:width\" content=\"1400\" \/>\n\t<meta property=\"og:image:height\" content=\"480\" \/>\n\t<meta property=\"og:image:type\" content=\"image\/jpeg\" \/>\n<meta name=\"author\" content=\"Damien Malvetti\" \/>\n<meta name=\"twitter:card\" content=\"summary_large_image\" \/>\n<meta name=\"twitter:description\" content=\"Arval a annonc\u00e9 aujourd\u2019hui que sa filiale n\u00e9erlandaise Arval B.V. avait conclu un accord pour l\u2019acquisition de Terberg Business Lease Group B.V. (TBLG) aupr\u00e8s des\u2026\" \/>\n<meta name=\"twitter:label1\" content=\"\u00c9crit par\" \/>\n\t<meta name=\"twitter:data1\" content=\"Damien Malvetti\" \/>\n\t<meta name=\"twitter:label2\" content=\"Dur\u00e9e de lecture estim\u00e9e\" \/>\n\t<meta name=\"twitter:data2\" content=\"2 minutes\" \/>\n<script type=\"application\/ld+json\" class=\"yoast-schema-graph\">{\"@context\":\"https:\\\/\\\/schema.org\",\"@graph\":[{\"@type\":\"Article\",\"@id\":\"https:\\\/\\\/www.link2fleet.com\\\/fr\\\/arval-annonce-la-signature-dun-accord-pour-lacquisition-de-terberg-business-lease-group-en-belgique-et-aux-pays-bas\\\/#article\",\"isPartOf\":{\"@id\":\"https:\\\/\\\/www.link2fleet.com\\\/fr\\\/arval-annonce-la-signature-dun-accord-pour-lacquisition-de-terberg-business-lease-group-en-belgique-et-aux-pays-bas\\\/\"},\"author\":{\"name\":\"Damien Malvetti\",\"@id\":\"https:\\\/\\\/www.link2fleet.com\\\/fr\\\/#\\\/schema\\\/person\\\/027cd46113c78036b3809c9a054049da\"},\"headline\":\"Arval annonce la signature d&rsquo;un accord pour l&rsquo;acquisition de Terberg Business Lease Group en Belgique et aux Pays-Bas\",\"datePublished\":\"2022-09-08T10:13:43+00:00\",\"mainEntityOfPage\":{\"@id\":\"https:\\\/\\\/www.link2fleet.com\\\/fr\\\/arval-annonce-la-signature-dun-accord-pour-lacquisition-de-terberg-business-lease-group-en-belgique-et-aux-pays-bas\\\/\"},\"wordCount\":370,\"publisher\":{\"@id\":\"https:\\\/\\\/www.link2fleet.com\\\/fr\\\/#organization\"},\"image\":{\"@id\":\"https:\\\/\\\/www.link2fleet.com\\\/fr\\\/arval-annonce-la-signature-dun-accord-pour-lacquisition-de-terberg-business-lease-group-en-belgique-et-aux-pays-bas\\\/#primaryimage\"},\"thumbnailUrl\":\"https:\\\/\\\/static.link2fleet.com\\\/wp-content\\\/uploads\\\/2024\\\/03\\\/arval-sponsor-companycardrive-2016.jpg\",\"articleSection\":[\"Gestion de flotte\",\"Location long-terme\"],\"inLanguage\":\"fr-FR\"},{\"@type\":\"WebPage\",\"@id\":\"https:\\\/\\\/www.link2fleet.com\\\/fr\\\/arval-annonce-la-signature-dun-accord-pour-lacquisition-de-terberg-business-lease-group-en-belgique-et-aux-pays-bas\\\/\",\"url\":\"https:\\\/\\\/www.link2fleet.com\\\/fr\\\/arval-annonce-la-signature-dun-accord-pour-lacquisition-de-terberg-business-lease-group-en-belgique-et-aux-pays-bas\\\/\",\"name\":\"Arval annonce la signature d'un accord pour l'acquisition de Terberg Business Lease Group en Belgique et aux Pays-Bas - link2fleet\",\"isPartOf\":{\"@id\":\"https:\\\/\\\/www.link2fleet.com\\\/fr\\\/#website\"},\"primaryImageOfPage\":{\"@id\":\"https:\\\/\\\/www.link2fleet.com\\\/fr\\\/arval-annonce-la-signature-dun-accord-pour-lacquisition-de-terberg-business-lease-group-en-belgique-et-aux-pays-bas\\\/#primaryimage\"},\"image\":{\"@id\":\"https:\\\/\\\/www.link2fleet.com\\\/fr\\\/arval-annonce-la-signature-dun-accord-pour-lacquisition-de-terberg-business-lease-group-en-belgique-et-aux-pays-bas\\\/#primaryimage\"},\"thumbnailUrl\":\"https:\\\/\\\/static.link2fleet.com\\\/wp-content\\\/uploads\\\/2024\\\/03\\\/arval-sponsor-companycardrive-2016.jpg\",\"datePublished\":\"2022-09-08T10:13:43+00:00\",\"breadcrumb\":{\"@id\":\"https:\\\/\\\/www.link2fleet.com\\\/fr\\\/arval-annonce-la-signature-dun-accord-pour-lacquisition-de-terberg-business-lease-group-en-belgique-et-aux-pays-bas\\\/#breadcrumb\"},\"inLanguage\":\"fr-FR\",\"potentialAction\":[{\"@type\":\"ReadAction\",\"target\":[\"https:\\\/\\\/www.link2fleet.com\\\/fr\\\/arval-annonce-la-signature-dun-accord-pour-lacquisition-de-terberg-business-lease-group-en-belgique-et-aux-pays-bas\\\/\"]}]},{\"@type\":\"ImageObject\",\"inLanguage\":\"fr-FR\",\"@id\":\"https:\\\/\\\/www.link2fleet.com\\\/fr\\\/arval-annonce-la-signature-dun-accord-pour-lacquisition-de-terberg-business-lease-group-en-belgique-et-aux-pays-bas\\\/#primaryimage\",\"url\":\"https:\\\/\\\/static.link2fleet.com\\\/wp-content\\\/uploads\\\/2024\\\/03\\\/arval-sponsor-companycardrive-2016.jpg\",\"contentUrl\":\"https:\\\/\\\/static.link2fleet.com\\\/wp-content\\\/uploads\\\/2024\\\/03\\\/arval-sponsor-companycardrive-2016.jpg\",\"width\":1400,\"height\":480},{\"@type\":\"BreadcrumbList\",\"@id\":\"https:\\\/\\\/www.link2fleet.com\\\/fr\\\/arval-annonce-la-signature-dun-accord-pour-lacquisition-de-terberg-business-lease-group-en-belgique-et-aux-pays-bas\\\/#breadcrumb\",\"itemListElement\":[{\"@type\":\"ListItem\",\"position\":1,\"name\":\"Home\",\"item\":\"https:\\\/\\\/www.link2fleet.com\\\/fr\\\/\"},{\"@type\":\"ListItem\",\"position\":2,\"name\":\"Arval annonce la signature d&#8217;un accord pour l&#8217;acquisition de Terberg Business Lease Group en Belgique et aux Pays-Bas\"}]},{\"@type\":\"WebSite\",\"@id\":\"https:\\\/\\\/www.link2fleet.com\\\/fr\\\/#website\",\"url\":\"https:\\\/\\\/www.link2fleet.com\\\/fr\\\/\",\"name\":\"Link2fleet\",\"description\":\"\",\"publisher\":{\"@id\":\"https:\\\/\\\/www.link2fleet.com\\\/fr\\\/#organization\"},\"potentialAction\":[{\"@type\":\"SearchAction\",\"target\":{\"@type\":\"EntryPoint\",\"urlTemplate\":\"https:\\\/\\\/www.link2fleet.com\\\/fr\\\/?s={search_term_string}\"},\"query-input\":{\"@type\":\"PropertyValueSpecification\",\"valueRequired\":true,\"valueName\":\"search_term_string\"}}],\"inLanguage\":\"fr-FR\"},{\"@type\":\"Organization\",\"@id\":\"https:\\\/\\\/www.link2fleet.com\\\/fr\\\/#organization\",\"name\":\"Link2fleet\",\"url\":\"https:\\\/\\\/www.link2fleet.com\\\/fr\\\/\",\"logo\":{\"@type\":\"ImageObject\",\"inLanguage\":\"fr-FR\",\"@id\":\"https:\\\/\\\/www.link2fleet.com\\\/fr\\\/#\\\/schema\\\/logo\\\/image\\\/\",\"url\":\"https:\\\/\\\/static.link2fleet.com\\\/wp-content\\\/uploads\\\/2024\\\/03\\\/share-image.jpg\",\"contentUrl\":\"https:\\\/\\\/static.link2fleet.com\\\/wp-content\\\/uploads\\\/2024\\\/03\\\/share-image.jpg\",\"width\":1200,\"height\":630,\"caption\":\"Link2fleet\"},\"image\":{\"@id\":\"https:\\\/\\\/www.link2fleet.com\\\/fr\\\/#\\\/schema\\\/logo\\\/image\\\/\"},\"sameAs\":[\"https:\\\/\\\/www.linkedin.com\\\/company\\\/link2fleet-belgium\",\"https:\\\/\\\/www.youtube.com\\\/user\\\/MMMBMBE\"]},{\"@type\":\"Person\",\"@id\":\"https:\\\/\\\/www.link2fleet.com\\\/fr\\\/#\\\/schema\\\/person\\\/027cd46113c78036b3809c9a054049da\",\"name\":\"Damien Malvetti\",\"image\":{\"@type\":\"ImageObject\",\"inLanguage\":\"fr-FR\",\"@id\":\"https:\\\/\\\/secure.gravatar.com\\\/avatar\\\/dd8cc03b49466c735f753ac37f8caa371af16dfed347456ed61f02883255eebb?s=96&d=mm&r=g\",\"url\":\"https:\\\/\\\/secure.gravatar.com\\\/avatar\\\/dd8cc03b49466c735f753ac37f8caa371af16dfed347456ed61f02883255eebb?s=96&d=mm&r=g\",\"contentUrl\":\"https:\\\/\\\/secure.gravatar.com\\\/avatar\\\/dd8cc03b49466c735f753ac37f8caa371af16dfed347456ed61f02883255eebb?s=96&d=mm&r=g\",\"caption\":\"Damien Malvetti\"},\"description\":\"Damien Malvetti is opgeleid als journalist en gepassioneerd door wagens, technologie en mobiliteit. Hij is verantwoordelijk voor de redactionele inhoud van link2fleet en beschikt over een uitgebreide kennis van de fleet-sector en elektrische mobiliteit.\",\"sameAs\":[\"https:\\\/\\\/www.linkedin.com\\\/in\\\/damien-malvetti-56601142\\\/\"]}]}<\/script>\n<!-- \/ Yoast SEO plugin. -->","yoast_head_json":{"title":"Arval annonce la signature d'un accord pour l'acquisition de Terberg Business Lease Group en Belgique et aux Pays-Bas - link2fleet","description":"Arval a annonc\u00e9 aujourd\u2019hui que sa filiale n\u00e9erlandaise Arval B.V. avait conclu un accord pour l\u2019acquisition de Terberg Business Lease Group B.V. (TBLG) aupr\u00e8s des\u2026","robots":{"index":"index","follow":"follow","max-snippet":"max-snippet:-1","max-image-preview":"max-image-preview:large","max-video-preview":"max-video-preview:-1"},"og_locale":"fr_FR","og_type":"article","og_title":"Arval annonce la signature d'un accord pour l'acquisition de Terberg Business Lease Group en Belgique et aux Pays-Bas - link2fleet","og_description":"Arval a annonc\u00e9 aujourd\u2019hui que sa filiale n\u00e9erlandaise Arval B.V. avait conclu un accord pour l\u2019acquisition de Terberg Business Lease Group B.V. (TBLG) aupr\u00e8s des\u2026","og_url":"https:\/\/www.link2fleet.com\/fr\/arval-annonce-la-signature-dun-accord-pour-lacquisition-de-terberg-business-lease-group-en-belgique-et-aux-pays-bas\/","og_site_name":"link2fleet","article_published_time":"2022-09-08T10:13:43+00:00","og_image":[{"width":1400,"height":480,"url":"https:\/\/static.link2fleet.com\/wp-content\/uploads\/2024\/03\/arval-sponsor-companycardrive-2016.jpg","type":"image\/jpeg"}],"author":"Damien Malvetti","twitter_card":"summary_large_image","twitter_description":"Arval a annonc\u00e9 aujourd\u2019hui que sa filiale n\u00e9erlandaise Arval B.V. avait conclu un accord pour l\u2019acquisition de Terberg Business Lease Group B.V. (TBLG) aupr\u00e8s des\u2026","twitter_misc":{"\u00c9crit par":"Damien Malvetti","Dur\u00e9e de lecture estim\u00e9e":"2 minutes"},"schema":{"@context":"https:\/\/schema.org","@graph":[{"@type":"Article","@id":"https:\/\/www.link2fleet.com\/fr\/arval-annonce-la-signature-dun-accord-pour-lacquisition-de-terberg-business-lease-group-en-belgique-et-aux-pays-bas\/#article","isPartOf":{"@id":"https:\/\/www.link2fleet.com\/fr\/arval-annonce-la-signature-dun-accord-pour-lacquisition-de-terberg-business-lease-group-en-belgique-et-aux-pays-bas\/"},"author":{"name":"Damien Malvetti","@id":"https:\/\/www.link2fleet.com\/fr\/#\/schema\/person\/027cd46113c78036b3809c9a054049da"},"headline":"Arval annonce la signature d&rsquo;un accord pour l&rsquo;acquisition de Terberg Business Lease Group en Belgique et aux Pays-Bas","datePublished":"2022-09-08T10:13:43+00:00","mainEntityOfPage":{"@id":"https:\/\/www.link2fleet.com\/fr\/arval-annonce-la-signature-dun-accord-pour-lacquisition-de-terberg-business-lease-group-en-belgique-et-aux-pays-bas\/"},"wordCount":370,"publisher":{"@id":"https:\/\/www.link2fleet.com\/fr\/#organization"},"image":{"@id":"https:\/\/www.link2fleet.com\/fr\/arval-annonce-la-signature-dun-accord-pour-lacquisition-de-terberg-business-lease-group-en-belgique-et-aux-pays-bas\/#primaryimage"},"thumbnailUrl":"https:\/\/static.link2fleet.com\/wp-content\/uploads\/2024\/03\/arval-sponsor-companycardrive-2016.jpg","articleSection":["Gestion de flotte","Location long-terme"],"inLanguage":"fr-FR"},{"@type":"WebPage","@id":"https:\/\/www.link2fleet.com\/fr\/arval-annonce-la-signature-dun-accord-pour-lacquisition-de-terberg-business-lease-group-en-belgique-et-aux-pays-bas\/","url":"https:\/\/www.link2fleet.com\/fr\/arval-annonce-la-signature-dun-accord-pour-lacquisition-de-terberg-business-lease-group-en-belgique-et-aux-pays-bas\/","name":"Arval annonce la signature d'un accord pour l'acquisition de Terberg Business Lease Group en Belgique et aux Pays-Bas - link2fleet","isPartOf":{"@id":"https:\/\/www.link2fleet.com\/fr\/#website"},"primaryImageOfPage":{"@id":"https:\/\/www.link2fleet.com\/fr\/arval-annonce-la-signature-dun-accord-pour-lacquisition-de-terberg-business-lease-group-en-belgique-et-aux-pays-bas\/#primaryimage"},"image":{"@id":"https:\/\/www.link2fleet.com\/fr\/arval-annonce-la-signature-dun-accord-pour-lacquisition-de-terberg-business-lease-group-en-belgique-et-aux-pays-bas\/#primaryimage"},"thumbnailUrl":"https:\/\/static.link2fleet.com\/wp-content\/uploads\/2024\/03\/arval-sponsor-companycardrive-2016.jpg","datePublished":"2022-09-08T10:13:43+00:00","breadcrumb":{"@id":"https:\/\/www.link2fleet.com\/fr\/arval-annonce-la-signature-dun-accord-pour-lacquisition-de-terberg-business-lease-group-en-belgique-et-aux-pays-bas\/#breadcrumb"},"inLanguage":"fr-FR","potentialAction":[{"@type":"ReadAction","target":["https:\/\/www.link2fleet.com\/fr\/arval-annonce-la-signature-dun-accord-pour-lacquisition-de-terberg-business-lease-group-en-belgique-et-aux-pays-bas\/"]}]},{"@type":"ImageObject","inLanguage":"fr-FR","@id":"https:\/\/www.link2fleet.com\/fr\/arval-annonce-la-signature-dun-accord-pour-lacquisition-de-terberg-business-lease-group-en-belgique-et-aux-pays-bas\/#primaryimage","url":"https:\/\/static.link2fleet.com\/wp-content\/uploads\/2024\/03\/arval-sponsor-companycardrive-2016.jpg","contentUrl":"https:\/\/static.link2fleet.com\/wp-content\/uploads\/2024\/03\/arval-sponsor-companycardrive-2016.jpg","width":1400,"height":480},{"@type":"BreadcrumbList","@id":"https:\/\/www.link2fleet.com\/fr\/arval-annonce-la-signature-dun-accord-pour-lacquisition-de-terberg-business-lease-group-en-belgique-et-aux-pays-bas\/#breadcrumb","itemListElement":[{"@type":"ListItem","position":1,"name":"Home","item":"https:\/\/www.link2fleet.com\/fr\/"},{"@type":"ListItem","position":2,"name":"Arval annonce la signature d&#8217;un accord pour l&#8217;acquisition de Terberg Business Lease Group en Belgique et aux Pays-Bas"}]},{"@type":"WebSite","@id":"https:\/\/www.link2fleet.com\/fr\/#website","url":"https:\/\/www.link2fleet.com\/fr\/","name":"Link2fleet","description":"","publisher":{"@id":"https:\/\/www.link2fleet.com\/fr\/#organization"},"potentialAction":[{"@type":"SearchAction","target":{"@type":"EntryPoint","urlTemplate":"https:\/\/www.link2fleet.com\/fr\/?s={search_term_string}"},"query-input":{"@type":"PropertyValueSpecification","valueRequired":true,"valueName":"search_term_string"}}],"inLanguage":"fr-FR"},{"@type":"Organization","@id":"https:\/\/www.link2fleet.com\/fr\/#organization","name":"Link2fleet","url":"https:\/\/www.link2fleet.com\/fr\/","logo":{"@type":"ImageObject","inLanguage":"fr-FR","@id":"https:\/\/www.link2fleet.com\/fr\/#\/schema\/logo\/image\/","url":"https:\/\/static.link2fleet.com\/wp-content\/uploads\/2024\/03\/share-image.jpg","contentUrl":"https:\/\/static.link2fleet.com\/wp-content\/uploads\/2024\/03\/share-image.jpg","width":1200,"height":630,"caption":"Link2fleet"},"image":{"@id":"https:\/\/www.link2fleet.com\/fr\/#\/schema\/logo\/image\/"},"sameAs":["https:\/\/www.linkedin.com\/company\/link2fleet-belgium","https:\/\/www.youtube.com\/user\/MMMBMBE"]},{"@type":"Person","@id":"https:\/\/www.link2fleet.com\/fr\/#\/schema\/person\/027cd46113c78036b3809c9a054049da","name":"Damien Malvetti","image":{"@type":"ImageObject","inLanguage":"fr-FR","@id":"https:\/\/secure.gravatar.com\/avatar\/dd8cc03b49466c735f753ac37f8caa371af16dfed347456ed61f02883255eebb?s=96&d=mm&r=g","url":"https:\/\/secure.gravatar.com\/avatar\/dd8cc03b49466c735f753ac37f8caa371af16dfed347456ed61f02883255eebb?s=96&d=mm&r=g","contentUrl":"https:\/\/secure.gravatar.com\/avatar\/dd8cc03b49466c735f753ac37f8caa371af16dfed347456ed61f02883255eebb?s=96&d=mm&r=g","caption":"Damien Malvetti"},"description":"Damien Malvetti is opgeleid als journalist en gepassioneerd door wagens, technologie en mobiliteit. Hij is verantwoordelijk voor de redactionele inhoud van link2fleet en beschikt over een uitgebreide kennis van de fleet-sector en elektrische mobiliteit.","sameAs":["https:\/\/www.linkedin.com\/in\/damien-malvetti-56601142\/"]}]}},"_links":{"self":[{"href":"https:\/\/www.link2fleet.com\/fr\/wp-json\/wp\/v2\/posts\/7509","targetHints":{"allow":["GET"]}}],"collection":[{"href":"https:\/\/www.link2fleet.com\/fr\/wp-json\/wp\/v2\/posts"}],"about":[{"href":"https:\/\/www.link2fleet.com\/fr\/wp-json\/wp\/v2\/types\/post"}],"author":[{"embeddable":true,"href":"https:\/\/www.link2fleet.com\/fr\/wp-json\/wp\/v2\/users\/4"}],"replies":[{"embeddable":true,"href":"https:\/\/www.link2fleet.com\/fr\/wp-json\/wp\/v2\/comments?post=7509"}],"version-history":[{"count":0,"href":"https:\/\/www.link2fleet.com\/fr\/wp-json\/wp\/v2\/posts\/7509\/revisions"}],"wp:featuredmedia":[{"embeddable":true,"href":"https:\/\/www.link2fleet.com\/fr\/wp-json\/wp\/v2\/media\/2973"}],"wp:attachment":[{"href":"https:\/\/www.link2fleet.com\/fr\/wp-json\/wp\/v2\/media?parent=7509"}],"wp:term":[{"taxonomy":"category","embeddable":true,"href":"https:\/\/www.link2fleet.com\/fr\/wp-json\/wp\/v2\/categories?post=7509"},{"taxonomy":"post_tag","embeddable":true,"href":"https:\/\/www.link2fleet.com\/fr\/wp-json\/wp\/v2\/tags?post=7509"}],"curies":[{"name":"wp","href":"https:\/\/api.w.org\/{rel}","templated":true}]}}