{"id":7589,"date":"2022-09-09T08:01:55","date_gmt":"2022-09-09T06:01:55","guid":{"rendered":"https:\/\/www.link2fleet.com\/ford-pro-charging-limportance-dune-approche-integrale\/"},"modified":"2024-04-17T16:46:15","modified_gmt":"2024-04-17T14:46:15","slug":"ford-pro-charging-limportance-dune-approche-integrale","status":"publish","type":"post","link":"https:\/\/www.link2fleet.com\/fr\/ford-pro-charging-limportance-dune-approche-integrale\/","title":{"rendered":"Ford Pro\u2122 Charging: l\u2019importance d\u2019une approche int\u00e9grale"},"content":{"rendered":"<p style=\"font-weight: 400;\">La conduite \u00e9lectrique est synonyme de craintes pour la plupart des conducteurs. Les doutes qui surgissent sont g\u00e9n\u00e9ralement li\u00e9s \u00e0 l&rsquo;autonomie et \u00e0 la charge de la batterie. Gr\u00e2ce \u00e0 une assistance professionnelle de A \u00e0 Z, y compris le mat\u00e9riel et la connectivit\u00e9, Ford Pro\u2122 Charging l\u00e8ve ces doutes.<\/p>\n<p style=\"font-weight: 400;\">Dans la plupart des cas, les v\u00e9hicules sont charg\u00e9s au d\u00e9p\u00f4t. Chaque d\u00e9p\u00f4t est diff\u00e9rent et c&rsquo;est pourquoi les conseillers sp\u00e9cialis\u00e9s en charge de Ford Pro\u2122 travaillent avec le client pour concevoir la solution de charge optimale. Le service de A \u00e0 Z comprend le d\u00e9veloppement de la solution, la consultation des parties prenantes concern\u00e9es pour identifier les services n\u00e9cessaires et les contraintes de calendrier, l&rsquo;installation du mat\u00e9riel de charge et la fourniture d&rsquo;une maintenance et d&rsquo;une assistance une fois que le syst\u00e8me de charge est op\u00e9rationnel. L&rsquo;installation et la maintenance du mat\u00e9riel sont assur\u00e9es en coop\u00e9ration avec des partenaires d&rsquo;installation et des fabricants de chargeurs de premier plan.<\/p>\n<p style=\"font-weight: 400;\"><strong>Logiciel intelligent<\/strong><\/p>\n<p style=\"font-weight: 400;\">Une fois que le syst\u00e8me de charge sur le site de l\u2019entreprise est op\u00e9rationnel, le logiciel intelligent de Ford Pro\u2122 Charging peut \u00e9valuer automatiquement le cycle de l\u2019entreprise et le niveau de charge de chaque v\u00e9hicule individuel afin de g\u00e9rer l&rsquo;\u00e9nergie dans l&rsquo;ensemble des locaux pour une efficacit\u00e9 et un temps de fonctionnement optimaux.<\/p>\n<p style=\"font-weight: 400;\">Le logiciel de gestion Ford Pro\u2122 Charging fonctionne de mani\u00e8re transparente avec l&rsquo;E-Transit \u00e9lectrique. La connectivit\u00e9 int\u00e9gr\u00e9e permet au syst\u00e8me de d\u00e9tecter les probl\u00e8mes potentiels avant m\u00eame que les clients n&rsquo;en soient conscients, et de les r\u00e9soudre en perturbant le moins possible les activit\u00e9s de l\u2019entreprise.<\/p>\n<p style=\"font-weight: 400;\"><strong>Charger \u00e0 la maison et en route <\/strong><\/p>\n<p style=\"font-weight: 400;\">Certains conducteurs reprennent leur v\u00e9hicule \u00e0 la maison. C\u2019est pourquoi Ford Pro\u2122 Charging peut aussi installer une wallbox au domicile du collaborateur et faciliter l\u2019administration du remboursement de l\u2019\u00e9nergie. Et bien que la plupart des usagers n&rsquo;utilisent les stations de recharge publiques qu&rsquo;en dernier recours pour recharger leurs v\u00e9hicules lorsqu&rsquo;ils sont au travail, Ford Pro\u2122 Charging donne \u00e9galement acc\u00e8s \u00e0 plus de 300.000 stations de recharge publiques dans toute l&rsquo;Europe. Le r\u00e8glement de ces charges publiques est centralis\u00e9 dans une seule facture mensuelle pour une commodit\u00e9 et une flexibilit\u00e9 in\u00e9gal\u00e9es.<\/p>\n","protected":false},"excerpt":{"rendered":"<p>La conduite \u00e9lectrique est synonyme de craintes pour la plupart des conducteurs. Les doutes qui surgissent sont g\u00e9n\u00e9ralement li\u00e9s \u00e0 l&rsquo;autonomie et \u00e0 la charge de la batterie. Gr\u00e2ce \u00e0 une assistance professionnelle de A \u00e0 Z, y compris le mat\u00e9riel et la connectivit\u00e9, Ford Pro\u2122 Charging l\u00e8ve ces doutes. Dans la plupart des cas, [&hellip;]<\/p>\n","protected":false},"author":4,"featured_media":7590,"comment_status":"closed","ping_status":"closed","sticky":false,"template":"","format":"standard","meta":{"_acf_changed":false,"footnotes":""},"categories":[91,82],"tags":[],"class_list":["post-7589","post","type-post","status-publish","format-standard","has-post-thumbnail","hentry","category-expertise-et-management","category-connected-car-devices"],"acf":[],"yoast_head":"<!-- This site is optimized with the Yoast SEO plugin v27.3 - https:\/\/yoast.com\/product\/yoast-seo-wordpress\/ -->\n<title>Ford Pro\u2122 Charging: l\u2019importance d\u2019une approche int\u00e9grale - link2fleet<\/title>\n<meta name=\"description\" content=\"Un v\u00e9hicule utilitaire \u00e9lectrique performant est une chose, l&rsquo;utiliser au maximum et le recharger intelligemment au travail, \u00e0 la maison et sur la route, en\u2026\" \/>\n<meta name=\"robots\" content=\"index, follow, max-snippet:-1, max-image-preview:large, max-video-preview:-1\" \/>\n<meta property=\"og:locale\" content=\"fr_FR\" \/>\n<meta property=\"og:type\" content=\"article\" \/>\n<meta property=\"og:title\" content=\"Ford Pro\u2122 Charging: l\u2019importance d\u2019une approche int\u00e9grale - link2fleet\" \/>\n<meta property=\"og:description\" content=\"Un v\u00e9hicule utilitaire \u00e9lectrique performant est une chose, l&rsquo;utiliser au maximum et le recharger intelligemment au travail, \u00e0 la maison et sur la route, en\u2026\" \/>\n<meta property=\"og:url\" content=\"https:\/\/www.link2fleet.com\/fr\/ford-pro-charging-limportance-dune-approche-integrale\/\" \/>\n<meta property=\"og:site_name\" content=\"link2fleet\" \/>\n<meta property=\"article:published_time\" content=\"2022-09-09T06:01:55+00:00\" \/>\n<meta property=\"article:modified_time\" content=\"2024-04-17T14:46:15+00:00\" \/>\n<meta property=\"og:image\" content=\"https:\/\/static.link2fleet.com\/wp-content\/uploads\/2024\/03\/fordprocharging.jpg\" \/>\n\t<meta property=\"og:image:width\" content=\"881\" \/>\n\t<meta property=\"og:image:height\" content=\"495\" \/>\n\t<meta property=\"og:image:type\" content=\"image\/jpeg\" \/>\n<meta name=\"author\" content=\"Damien Malvetti\" \/>\n<meta name=\"twitter:card\" content=\"summary_large_image\" \/>\n<meta name=\"twitter:description\" content=\"Un v\u00e9hicule utilitaire \u00e9lectrique performant est une chose, l&rsquo;utiliser au maximum et le recharger intelligemment au travail, \u00e0 la maison et sur la route, en\u2026\" \/>\n<meta name=\"twitter:label1\" content=\"\u00c9crit par\" \/>\n\t<meta name=\"twitter:data1\" content=\"Damien Malvetti\" \/>\n\t<meta name=\"twitter:label2\" content=\"Dur\u00e9e de lecture estim\u00e9e\" \/>\n\t<meta name=\"twitter:data2\" content=\"2 minutes\" \/>\n<script type=\"application\/ld+json\" class=\"yoast-schema-graph\">{\"@context\":\"https:\\\/\\\/schema.org\",\"@graph\":[{\"@type\":\"Article\",\"@id\":\"https:\\\/\\\/www.link2fleet.com\\\/fr\\\/ford-pro-charging-limportance-dune-approche-integrale\\\/#article\",\"isPartOf\":{\"@id\":\"https:\\\/\\\/www.link2fleet.com\\\/fr\\\/ford-pro-charging-limportance-dune-approche-integrale\\\/\"},\"author\":{\"name\":\"Damien Malvetti\",\"@id\":\"https:\\\/\\\/www.link2fleet.com\\\/fr\\\/#\\\/schema\\\/person\\\/027cd46113c78036b3809c9a054049da\"},\"headline\":\"Ford Pro\u2122 Charging: l\u2019importance d\u2019une approche int\u00e9grale\",\"datePublished\":\"2022-09-09T06:01:55+00:00\",\"dateModified\":\"2024-04-17T14:46:15+00:00\",\"mainEntityOfPage\":{\"@id\":\"https:\\\/\\\/www.link2fleet.com\\\/fr\\\/ford-pro-charging-limportance-dune-approche-integrale\\\/\"},\"wordCount\":423,\"publisher\":{\"@id\":\"https:\\\/\\\/www.link2fleet.com\\\/fr\\\/#organization\"},\"image\":{\"@id\":\"https:\\\/\\\/www.link2fleet.com\\\/fr\\\/ford-pro-charging-limportance-dune-approche-integrale\\\/#primaryimage\"},\"thumbnailUrl\":\"https:\\\/\\\/static.link2fleet.com\\\/wp-content\\\/uploads\\\/2024\\\/03\\\/fordprocharging.jpg\",\"articleSection\":[\"Gestion de flotte\",\"IT management et Connected cars\"],\"inLanguage\":\"fr-FR\"},{\"@type\":\"WebPage\",\"@id\":\"https:\\\/\\\/www.link2fleet.com\\\/fr\\\/ford-pro-charging-limportance-dune-approche-integrale\\\/\",\"url\":\"https:\\\/\\\/www.link2fleet.com\\\/fr\\\/ford-pro-charging-limportance-dune-approche-integrale\\\/\",\"name\":\"Ford Pro\u2122 Charging: l\u2019importance d\u2019une approche int\u00e9grale - link2fleet\",\"isPartOf\":{\"@id\":\"https:\\\/\\\/www.link2fleet.com\\\/fr\\\/#website\"},\"primaryImageOfPage\":{\"@id\":\"https:\\\/\\\/www.link2fleet.com\\\/fr\\\/ford-pro-charging-limportance-dune-approche-integrale\\\/#primaryimage\"},\"image\":{\"@id\":\"https:\\\/\\\/www.link2fleet.com\\\/fr\\\/ford-pro-charging-limportance-dune-approche-integrale\\\/#primaryimage\"},\"thumbnailUrl\":\"https:\\\/\\\/static.link2fleet.com\\\/wp-content\\\/uploads\\\/2024\\\/03\\\/fordprocharging.jpg\",\"datePublished\":\"2022-09-09T06:01:55+00:00\",\"dateModified\":\"2024-04-17T14:46:15+00:00\",\"breadcrumb\":{\"@id\":\"https:\\\/\\\/www.link2fleet.com\\\/fr\\\/ford-pro-charging-limportance-dune-approche-integrale\\\/#breadcrumb\"},\"inLanguage\":\"fr-FR\",\"potentialAction\":[{\"@type\":\"ReadAction\",\"target\":[\"https:\\\/\\\/www.link2fleet.com\\\/fr\\\/ford-pro-charging-limportance-dune-approche-integrale\\\/\"]}]},{\"@type\":\"ImageObject\",\"inLanguage\":\"fr-FR\",\"@id\":\"https:\\\/\\\/www.link2fleet.com\\\/fr\\\/ford-pro-charging-limportance-dune-approche-integrale\\\/#primaryimage\",\"url\":\"https:\\\/\\\/static.link2fleet.com\\\/wp-content\\\/uploads\\\/2024\\\/03\\\/fordprocharging.jpg\",\"contentUrl\":\"https:\\\/\\\/static.link2fleet.com\\\/wp-content\\\/uploads\\\/2024\\\/03\\\/fordprocharging.jpg\",\"width\":881,\"height\":495},{\"@type\":\"BreadcrumbList\",\"@id\":\"https:\\\/\\\/www.link2fleet.com\\\/fr\\\/ford-pro-charging-limportance-dune-approche-integrale\\\/#breadcrumb\",\"itemListElement\":[{\"@type\":\"ListItem\",\"position\":1,\"name\":\"Home\",\"item\":\"https:\\\/\\\/www.link2fleet.com\\\/fr\\\/\"},{\"@type\":\"ListItem\",\"position\":2,\"name\":\"Ford Pro\u2122 Charging: l\u2019importance d\u2019une approche int\u00e9grale\"}]},{\"@type\":\"WebSite\",\"@id\":\"https:\\\/\\\/www.link2fleet.com\\\/fr\\\/#website\",\"url\":\"https:\\\/\\\/www.link2fleet.com\\\/fr\\\/\",\"name\":\"Link2fleet\",\"description\":\"\",\"publisher\":{\"@id\":\"https:\\\/\\\/www.link2fleet.com\\\/fr\\\/#organization\"},\"potentialAction\":[{\"@type\":\"SearchAction\",\"target\":{\"@type\":\"EntryPoint\",\"urlTemplate\":\"https:\\\/\\\/www.link2fleet.com\\\/fr\\\/?s={search_term_string}\"},\"query-input\":{\"@type\":\"PropertyValueSpecification\",\"valueRequired\":true,\"valueName\":\"search_term_string\"}}],\"inLanguage\":\"fr-FR\"},{\"@type\":\"Organization\",\"@id\":\"https:\\\/\\\/www.link2fleet.com\\\/fr\\\/#organization\",\"name\":\"Link2fleet\",\"url\":\"https:\\\/\\\/www.link2fleet.com\\\/fr\\\/\",\"logo\":{\"@type\":\"ImageObject\",\"inLanguage\":\"fr-FR\",\"@id\":\"https:\\\/\\\/www.link2fleet.com\\\/fr\\\/#\\\/schema\\\/logo\\\/image\\\/\",\"url\":\"https:\\\/\\\/static.link2fleet.com\\\/wp-content\\\/uploads\\\/2024\\\/03\\\/share-image.jpg\",\"contentUrl\":\"https:\\\/\\\/static.link2fleet.com\\\/wp-content\\\/uploads\\\/2024\\\/03\\\/share-image.jpg\",\"width\":1200,\"height\":630,\"caption\":\"Link2fleet\"},\"image\":{\"@id\":\"https:\\\/\\\/www.link2fleet.com\\\/fr\\\/#\\\/schema\\\/logo\\\/image\\\/\"},\"sameAs\":[\"https:\\\/\\\/www.linkedin.com\\\/company\\\/link2fleet-belgium\",\"https:\\\/\\\/www.youtube.com\\\/user\\\/MMMBMBE\"]},{\"@type\":\"Person\",\"@id\":\"https:\\\/\\\/www.link2fleet.com\\\/fr\\\/#\\\/schema\\\/person\\\/027cd46113c78036b3809c9a054049da\",\"name\":\"Damien Malvetti\",\"image\":{\"@type\":\"ImageObject\",\"inLanguage\":\"fr-FR\",\"@id\":\"https:\\\/\\\/secure.gravatar.com\\\/avatar\\\/dd8cc03b49466c735f753ac37f8caa371af16dfed347456ed61f02883255eebb?s=96&d=mm&r=g\",\"url\":\"https:\\\/\\\/secure.gravatar.com\\\/avatar\\\/dd8cc03b49466c735f753ac37f8caa371af16dfed347456ed61f02883255eebb?s=96&d=mm&r=g\",\"contentUrl\":\"https:\\\/\\\/secure.gravatar.com\\\/avatar\\\/dd8cc03b49466c735f753ac37f8caa371af16dfed347456ed61f02883255eebb?s=96&d=mm&r=g\",\"caption\":\"Damien Malvetti\"},\"description\":\"Damien Malvetti is opgeleid als journalist en gepassioneerd door wagens, technologie en mobiliteit. Hij is verantwoordelijk voor de redactionele inhoud van link2fleet en beschikt over een uitgebreide kennis van de fleet-sector en elektrische mobiliteit.\",\"sameAs\":[\"https:\\\/\\\/www.linkedin.com\\\/in\\\/damien-malvetti-56601142\\\/\"]}]}<\/script>\n<!-- \/ Yoast SEO plugin. -->","yoast_head_json":{"title":"Ford Pro\u2122 Charging: l\u2019importance d\u2019une approche int\u00e9grale - link2fleet","description":"Un v\u00e9hicule utilitaire \u00e9lectrique performant est une chose, l&rsquo;utiliser au maximum et le recharger intelligemment au travail, \u00e0 la maison et sur la route, en\u2026","robots":{"index":"index","follow":"follow","max-snippet":"max-snippet:-1","max-image-preview":"max-image-preview:large","max-video-preview":"max-video-preview:-1"},"og_locale":"fr_FR","og_type":"article","og_title":"Ford Pro\u2122 Charging: l\u2019importance d\u2019une approche int\u00e9grale - link2fleet","og_description":"Un v\u00e9hicule utilitaire \u00e9lectrique performant est une chose, l&rsquo;utiliser au maximum et le recharger intelligemment au travail, \u00e0 la maison et sur la route, en\u2026","og_url":"https:\/\/www.link2fleet.com\/fr\/ford-pro-charging-limportance-dune-approche-integrale\/","og_site_name":"link2fleet","article_published_time":"2022-09-09T06:01:55+00:00","article_modified_time":"2024-04-17T14:46:15+00:00","og_image":[{"width":881,"height":495,"url":"https:\/\/static.link2fleet.com\/wp-content\/uploads\/2024\/03\/fordprocharging.jpg","type":"image\/jpeg"}],"author":"Damien Malvetti","twitter_card":"summary_large_image","twitter_description":"Un v\u00e9hicule utilitaire \u00e9lectrique performant est une chose, l&rsquo;utiliser au maximum et le recharger intelligemment au travail, \u00e0 la maison et sur la route, en\u2026","twitter_misc":{"\u00c9crit par":"Damien Malvetti","Dur\u00e9e de lecture estim\u00e9e":"2 minutes"},"schema":{"@context":"https:\/\/schema.org","@graph":[{"@type":"Article","@id":"https:\/\/www.link2fleet.com\/fr\/ford-pro-charging-limportance-dune-approche-integrale\/#article","isPartOf":{"@id":"https:\/\/www.link2fleet.com\/fr\/ford-pro-charging-limportance-dune-approche-integrale\/"},"author":{"name":"Damien Malvetti","@id":"https:\/\/www.link2fleet.com\/fr\/#\/schema\/person\/027cd46113c78036b3809c9a054049da"},"headline":"Ford Pro\u2122 Charging: l\u2019importance d\u2019une approche int\u00e9grale","datePublished":"2022-09-09T06:01:55+00:00","dateModified":"2024-04-17T14:46:15+00:00","mainEntityOfPage":{"@id":"https:\/\/www.link2fleet.com\/fr\/ford-pro-charging-limportance-dune-approche-integrale\/"},"wordCount":423,"publisher":{"@id":"https:\/\/www.link2fleet.com\/fr\/#organization"},"image":{"@id":"https:\/\/www.link2fleet.com\/fr\/ford-pro-charging-limportance-dune-approche-integrale\/#primaryimage"},"thumbnailUrl":"https:\/\/static.link2fleet.com\/wp-content\/uploads\/2024\/03\/fordprocharging.jpg","articleSection":["Gestion de flotte","IT management et Connected cars"],"inLanguage":"fr-FR"},{"@type":"WebPage","@id":"https:\/\/www.link2fleet.com\/fr\/ford-pro-charging-limportance-dune-approche-integrale\/","url":"https:\/\/www.link2fleet.com\/fr\/ford-pro-charging-limportance-dune-approche-integrale\/","name":"Ford Pro\u2122 Charging: l\u2019importance d\u2019une approche int\u00e9grale - link2fleet","isPartOf":{"@id":"https:\/\/www.link2fleet.com\/fr\/#website"},"primaryImageOfPage":{"@id":"https:\/\/www.link2fleet.com\/fr\/ford-pro-charging-limportance-dune-approche-integrale\/#primaryimage"},"image":{"@id":"https:\/\/www.link2fleet.com\/fr\/ford-pro-charging-limportance-dune-approche-integrale\/#primaryimage"},"thumbnailUrl":"https:\/\/static.link2fleet.com\/wp-content\/uploads\/2024\/03\/fordprocharging.jpg","datePublished":"2022-09-09T06:01:55+00:00","dateModified":"2024-04-17T14:46:15+00:00","breadcrumb":{"@id":"https:\/\/www.link2fleet.com\/fr\/ford-pro-charging-limportance-dune-approche-integrale\/#breadcrumb"},"inLanguage":"fr-FR","potentialAction":[{"@type":"ReadAction","target":["https:\/\/www.link2fleet.com\/fr\/ford-pro-charging-limportance-dune-approche-integrale\/"]}]},{"@type":"ImageObject","inLanguage":"fr-FR","@id":"https:\/\/www.link2fleet.com\/fr\/ford-pro-charging-limportance-dune-approche-integrale\/#primaryimage","url":"https:\/\/static.link2fleet.com\/wp-content\/uploads\/2024\/03\/fordprocharging.jpg","contentUrl":"https:\/\/static.link2fleet.com\/wp-content\/uploads\/2024\/03\/fordprocharging.jpg","width":881,"height":495},{"@type":"BreadcrumbList","@id":"https:\/\/www.link2fleet.com\/fr\/ford-pro-charging-limportance-dune-approche-integrale\/#breadcrumb","itemListElement":[{"@type":"ListItem","position":1,"name":"Home","item":"https:\/\/www.link2fleet.com\/fr\/"},{"@type":"ListItem","position":2,"name":"Ford Pro\u2122 Charging: l\u2019importance d\u2019une approche int\u00e9grale"}]},{"@type":"WebSite","@id":"https:\/\/www.link2fleet.com\/fr\/#website","url":"https:\/\/www.link2fleet.com\/fr\/","name":"Link2fleet","description":"","publisher":{"@id":"https:\/\/www.link2fleet.com\/fr\/#organization"},"potentialAction":[{"@type":"SearchAction","target":{"@type":"EntryPoint","urlTemplate":"https:\/\/www.link2fleet.com\/fr\/?s={search_term_string}"},"query-input":{"@type":"PropertyValueSpecification","valueRequired":true,"valueName":"search_term_string"}}],"inLanguage":"fr-FR"},{"@type":"Organization","@id":"https:\/\/www.link2fleet.com\/fr\/#organization","name":"Link2fleet","url":"https:\/\/www.link2fleet.com\/fr\/","logo":{"@type":"ImageObject","inLanguage":"fr-FR","@id":"https:\/\/www.link2fleet.com\/fr\/#\/schema\/logo\/image\/","url":"https:\/\/static.link2fleet.com\/wp-content\/uploads\/2024\/03\/share-image.jpg","contentUrl":"https:\/\/static.link2fleet.com\/wp-content\/uploads\/2024\/03\/share-image.jpg","width":1200,"height":630,"caption":"Link2fleet"},"image":{"@id":"https:\/\/www.link2fleet.com\/fr\/#\/schema\/logo\/image\/"},"sameAs":["https:\/\/www.linkedin.com\/company\/link2fleet-belgium","https:\/\/www.youtube.com\/user\/MMMBMBE"]},{"@type":"Person","@id":"https:\/\/www.link2fleet.com\/fr\/#\/schema\/person\/027cd46113c78036b3809c9a054049da","name":"Damien Malvetti","image":{"@type":"ImageObject","inLanguage":"fr-FR","@id":"https:\/\/secure.gravatar.com\/avatar\/dd8cc03b49466c735f753ac37f8caa371af16dfed347456ed61f02883255eebb?s=96&d=mm&r=g","url":"https:\/\/secure.gravatar.com\/avatar\/dd8cc03b49466c735f753ac37f8caa371af16dfed347456ed61f02883255eebb?s=96&d=mm&r=g","contentUrl":"https:\/\/secure.gravatar.com\/avatar\/dd8cc03b49466c735f753ac37f8caa371af16dfed347456ed61f02883255eebb?s=96&d=mm&r=g","caption":"Damien Malvetti"},"description":"Damien Malvetti is opgeleid als journalist en gepassioneerd door wagens, technologie en mobiliteit. Hij is verantwoordelijk voor de redactionele inhoud van link2fleet en beschikt over een uitgebreide kennis van de fleet-sector en elektrische mobiliteit.","sameAs":["https:\/\/www.linkedin.com\/in\/damien-malvetti-56601142\/"]}]}},"_links":{"self":[{"href":"https:\/\/www.link2fleet.com\/fr\/wp-json\/wp\/v2\/posts\/7589","targetHints":{"allow":["GET"]}}],"collection":[{"href":"https:\/\/www.link2fleet.com\/fr\/wp-json\/wp\/v2\/posts"}],"about":[{"href":"https:\/\/www.link2fleet.com\/fr\/wp-json\/wp\/v2\/types\/post"}],"author":[{"embeddable":true,"href":"https:\/\/www.link2fleet.com\/fr\/wp-json\/wp\/v2\/users\/4"}],"replies":[{"embeddable":true,"href":"https:\/\/www.link2fleet.com\/fr\/wp-json\/wp\/v2\/comments?post=7589"}],"version-history":[{"count":0,"href":"https:\/\/www.link2fleet.com\/fr\/wp-json\/wp\/v2\/posts\/7589\/revisions"}],"wp:featuredmedia":[{"embeddable":true,"href":"https:\/\/www.link2fleet.com\/fr\/wp-json\/wp\/v2\/media\/7590"}],"wp:attachment":[{"href":"https:\/\/www.link2fleet.com\/fr\/wp-json\/wp\/v2\/media?parent=7589"}],"wp:term":[{"taxonomy":"category","embeddable":true,"href":"https:\/\/www.link2fleet.com\/fr\/wp-json\/wp\/v2\/categories?post=7589"},{"taxonomy":"post_tag","embeddable":true,"href":"https:\/\/www.link2fleet.com\/fr\/wp-json\/wp\/v2\/tags?post=7589"}],"curies":[{"name":"wp","href":"https:\/\/api.w.org\/{rel}","templated":true}]}}