{"id":7595,"date":"2022-09-09T08:07:29","date_gmt":"2022-09-09T06:07:29","guid":{"rendered":"https:\/\/www.link2fleet.com\/ford-pro-fleet-management-recoltez-les-donnees-de-vos-vehicules-a-la-carte\/"},"modified":"2024-04-17T16:46:14","modified_gmt":"2024-04-17T14:46:14","slug":"ford-pro-fleet-management-recoltez-les-donnees-de-vos-vehicules-a-la-carte","status":"publish","type":"post","link":"https:\/\/www.link2fleet.com\/fr\/ford-pro-fleet-management-recoltez-les-donnees-de-vos-vehicules-a-la-carte\/","title":{"rendered":"Ford Pro\u2122 Fleet Management: r\u00e9coltez les donn\u00e9es de vos v\u00e9hicules \u00e0 la carte"},"content":{"rendered":"<p style=\"font-weight: 400;\">Depuis 2019, tous les v\u00e9hicules utilitaires de Ford sont \u00e9quip\u00e9s d\u2019un modem. Qu\u2019il s\u2019agisse d\u2019une flotte d\u2019un seul v\u00e9hicule ou d\u2019une flotte de plusieurs centaines, cette connectivit\u00e9 int\u00e9gr\u00e9e permet de garder la main sur la flotte et d\u2019en faciliter la gestion.<\/p>\n<p style=\"font-weight: 400;\">Les propri\u00e9taires ou gestionnaires d\u2019une flotte de 5 v\u00e9hicules et moins peuvent utiliser gratuitement l\u2019app FordPass Pro, qui les aide \u00e0 tirer le meilleur parti de leurs utilitaires. Les exploitants de flottes de LCV plus importantes peuvent transformer les donn\u00e9es des v\u00e9hicules en temps r\u00e9el en informations et alertes utiles gr\u00e2ce au puissant logiciel Ford Pro\u2122 Telematics. G\u00e9olocalisation, comportement au volant, moteur qui tourne au ralenti : ce ne sont que quelques-unes des donn\u00e9es riches et de qualit\u00e9 disponibles.<\/p>\n<p style=\"font-weight: 400;\">Cela signifie qu\u2019il n\u2019y a pas que les v\u00e9hicules utilitaires de Ford qui peuvent \u00eatre connect\u00e9s \u00e0 la plateforme Ford Pro\u2122 Telematics. Via un appareil plug-in, les utilitaires non-Ford peuvent \u00e9galement \u00eatre int\u00e9gr\u00e9s dans un syst\u00e8me pr\u00eat \u00e0 l\u2019emploi. Tout chez un seul fournisseur qui int\u00e8gre tout\u00a0: voil\u00e0 qui est efficace\u00a0!<\/p>\n<p style=\"font-weight: 400;\"><strong>Id\u00e9al en combinaison de Ford Pro\u2122 Charging<\/strong><\/p>\n<p style=\"font-weight: 400;\">Les entreprises qui passent \u00e0 des LCV purement \u00e9lectriques peuvent profiter des avantages de Ford Pro\u2122 E-T\u00e9l\u00e9matics, dont les fonctionnalit\u00e9s sont offertes gratuitement aux clients E-Transit pendant un an. Ces fonctions utilisent des donn\u00e9es en direct pour augmenter la productivit\u00e9 de la flotte et soutenir l&rsquo;utilisation efficace et intuitive de Ford Pro\u2122 Charging.<\/p>\n<p style=\"font-weight: 400;\">Les exemples incluent l&rsquo;\u00e9tat de charge sp\u00e9cifique au v\u00e9hicule et l&rsquo;autonomie restante. Le syst\u00e8me peut aussi \u00eatre r\u00e9gl\u00e9 pour pr\u00e9chauffer ou refroidir la batterie et la cabine de l&rsquo;E-Transit avec un pr\u00e9-conditionnement programm\u00e9 afin d&rsquo;\u00e9conomiser l&rsquo;\u00e9nergie de la batterie pour une autonomie optimale.<\/p>\n<p style=\"font-weight: 400;\"><strong>Int\u00e9gration dans un syst\u00e8me t\u00e9l\u00e9matique existant <\/strong><\/p>\n<p style=\"font-weight: 400;\">Ford Pro\u2122 Software vise aussi les soci\u00e9t\u00e9s de leasing et les grandes flottes de v\u00e9hicules avec leurs propres solutions t\u00e9l\u00e9matiques ou celles d\u00e9j\u00e0 existantes. Ford Data Services, via le Transportation Mobility Cloud, leur permet d&rsquo;acc\u00e9der \u00e0 des donn\u00e9es de v\u00e9hicules Ford s\u00e9curis\u00e9es et de qualit\u00e9 pour leur donner les informations dont ils ont besoin pour g\u00e9rer leur activit\u00e9 de mani\u00e8re optimale<\/p>\n","protected":false},"excerpt":{"rendered":"<p>Depuis 2019, tous les v\u00e9hicules utilitaires de Ford sont \u00e9quip\u00e9s d\u2019un modem. Qu\u2019il s\u2019agisse d\u2019une flotte d\u2019un seul v\u00e9hicule ou d\u2019une flotte de plusieurs centaines, cette connectivit\u00e9 int\u00e9gr\u00e9e permet de garder la main sur la flotte et d\u2019en faciliter la gestion. Les propri\u00e9taires ou gestionnaires d\u2019une flotte de 5 v\u00e9hicules et moins peuvent utiliser gratuitement [&hellip;]<\/p>\n","protected":false},"author":4,"featured_media":7596,"comment_status":"closed","ping_status":"closed","sticky":false,"template":"","format":"standard","meta":{"_acf_changed":false,"footnotes":""},"categories":[94,91],"tags":[],"class_list":["post-7595","post","type-post","status-publish","format-standard","has-post-thumbnail","hentry","category-consultancy-tax-legal","category-expertise-et-management"],"acf":[],"yoast_head":"<!-- This site is optimized with the Yoast SEO plugin v27.3 - https:\/\/yoast.com\/product\/yoast-seo-wordpress\/ -->\n<title>Ford Pro\u2122 Fleet Management: r\u00e9coltez les donn\u00e9es de vos v\u00e9hicules \u00e0 la carte - link2fleet<\/title>\n<meta name=\"description\" content=\"La connectivit\u00e9 et la t\u00e9l\u00e9matique sont profond\u00e9ment int\u00e9gr\u00e9es aux v\u00e9hicules Ford, ce qui permet aux gestionnaires de flotte de transformer un flux de donn\u00e9es riche\u2026\" \/>\n<meta name=\"robots\" content=\"index, follow, max-snippet:-1, max-image-preview:large, max-video-preview:-1\" \/>\n<meta property=\"og:locale\" content=\"fr_FR\" \/>\n<meta property=\"og:type\" content=\"article\" \/>\n<meta property=\"og:title\" content=\"Ford Pro\u2122 Fleet Management: r\u00e9coltez les donn\u00e9es de vos v\u00e9hicules \u00e0 la carte - link2fleet\" \/>\n<meta property=\"og:description\" content=\"La connectivit\u00e9 et la t\u00e9l\u00e9matique sont profond\u00e9ment int\u00e9gr\u00e9es aux v\u00e9hicules Ford, ce qui permet aux gestionnaires de flotte de transformer un flux de donn\u00e9es riche\u2026\" \/>\n<meta property=\"og:url\" content=\"https:\/\/www.link2fleet.com\/fr\/ford-pro-fleet-management-recoltez-les-donnees-de-vos-vehicules-a-la-carte\/\" \/>\n<meta property=\"og:site_name\" content=\"link2fleet\" \/>\n<meta property=\"article:published_time\" content=\"2022-09-09T06:07:29+00:00\" \/>\n<meta property=\"article:modified_time\" content=\"2024-04-17T14:46:14+00:00\" \/>\n<meta property=\"og:image\" content=\"https:\/\/static.link2fleet.com\/wp-content\/uploads\/2024\/03\/ford-pro-fleet-management.jpeg\" \/>\n\t<meta property=\"og:image:width\" content=\"1240\" \/>\n\t<meta property=\"og:image:height\" content=\"697\" \/>\n\t<meta property=\"og:image:type\" content=\"image\/jpeg\" \/>\n<meta name=\"author\" content=\"Damien Malvetti\" \/>\n<meta name=\"twitter:card\" content=\"summary_large_image\" \/>\n<meta name=\"twitter:description\" content=\"La connectivit\u00e9 et la t\u00e9l\u00e9matique sont profond\u00e9ment int\u00e9gr\u00e9es aux v\u00e9hicules Ford, ce qui permet aux gestionnaires de flotte de transformer un flux de donn\u00e9es riche\u2026\" \/>\n<meta name=\"twitter:label1\" content=\"\u00c9crit par\" \/>\n\t<meta name=\"twitter:data1\" content=\"Damien Malvetti\" \/>\n\t<meta name=\"twitter:label2\" content=\"Dur\u00e9e de lecture estim\u00e9e\" \/>\n\t<meta name=\"twitter:data2\" content=\"2 minutes\" \/>\n<script type=\"application\/ld+json\" class=\"yoast-schema-graph\">{\"@context\":\"https:\\\/\\\/schema.org\",\"@graph\":[{\"@type\":\"Article\",\"@id\":\"https:\\\/\\\/www.link2fleet.com\\\/fr\\\/ford-pro-fleet-management-recoltez-les-donnees-de-vos-vehicules-a-la-carte\\\/#article\",\"isPartOf\":{\"@id\":\"https:\\\/\\\/www.link2fleet.com\\\/fr\\\/ford-pro-fleet-management-recoltez-les-donnees-de-vos-vehicules-a-la-carte\\\/\"},\"author\":{\"name\":\"Damien Malvetti\",\"@id\":\"https:\\\/\\\/www.link2fleet.com\\\/fr\\\/#\\\/schema\\\/person\\\/027cd46113c78036b3809c9a054049da\"},\"headline\":\"Ford Pro\u2122 Fleet Management: r\u00e9coltez les donn\u00e9es de vos v\u00e9hicules \u00e0 la carte\",\"datePublished\":\"2022-09-09T06:07:29+00:00\",\"dateModified\":\"2024-04-17T14:46:14+00:00\",\"mainEntityOfPage\":{\"@id\":\"https:\\\/\\\/www.link2fleet.com\\\/fr\\\/ford-pro-fleet-management-recoltez-les-donnees-de-vos-vehicules-a-la-carte\\\/\"},\"wordCount\":415,\"publisher\":{\"@id\":\"https:\\\/\\\/www.link2fleet.com\\\/fr\\\/#organization\"},\"image\":{\"@id\":\"https:\\\/\\\/www.link2fleet.com\\\/fr\\\/ford-pro-fleet-management-recoltez-les-donnees-de-vos-vehicules-a-la-carte\\\/#primaryimage\"},\"thumbnailUrl\":\"https:\\\/\\\/static.link2fleet.com\\\/wp-content\\\/uploads\\\/2024\\\/03\\\/ford-pro-fleet-management.jpeg\",\"articleSection\":[\"Consultance et fleet management\",\"Gestion de flotte\"],\"inLanguage\":\"fr-FR\"},{\"@type\":\"WebPage\",\"@id\":\"https:\\\/\\\/www.link2fleet.com\\\/fr\\\/ford-pro-fleet-management-recoltez-les-donnees-de-vos-vehicules-a-la-carte\\\/\",\"url\":\"https:\\\/\\\/www.link2fleet.com\\\/fr\\\/ford-pro-fleet-management-recoltez-les-donnees-de-vos-vehicules-a-la-carte\\\/\",\"name\":\"Ford Pro\u2122 Fleet Management: r\u00e9coltez les donn\u00e9es de vos v\u00e9hicules \u00e0 la carte - link2fleet\",\"isPartOf\":{\"@id\":\"https:\\\/\\\/www.link2fleet.com\\\/fr\\\/#website\"},\"primaryImageOfPage\":{\"@id\":\"https:\\\/\\\/www.link2fleet.com\\\/fr\\\/ford-pro-fleet-management-recoltez-les-donnees-de-vos-vehicules-a-la-carte\\\/#primaryimage\"},\"image\":{\"@id\":\"https:\\\/\\\/www.link2fleet.com\\\/fr\\\/ford-pro-fleet-management-recoltez-les-donnees-de-vos-vehicules-a-la-carte\\\/#primaryimage\"},\"thumbnailUrl\":\"https:\\\/\\\/static.link2fleet.com\\\/wp-content\\\/uploads\\\/2024\\\/03\\\/ford-pro-fleet-management.jpeg\",\"datePublished\":\"2022-09-09T06:07:29+00:00\",\"dateModified\":\"2024-04-17T14:46:14+00:00\",\"breadcrumb\":{\"@id\":\"https:\\\/\\\/www.link2fleet.com\\\/fr\\\/ford-pro-fleet-management-recoltez-les-donnees-de-vos-vehicules-a-la-carte\\\/#breadcrumb\"},\"inLanguage\":\"fr-FR\",\"potentialAction\":[{\"@type\":\"ReadAction\",\"target\":[\"https:\\\/\\\/www.link2fleet.com\\\/fr\\\/ford-pro-fleet-management-recoltez-les-donnees-de-vos-vehicules-a-la-carte\\\/\"]}]},{\"@type\":\"ImageObject\",\"inLanguage\":\"fr-FR\",\"@id\":\"https:\\\/\\\/www.link2fleet.com\\\/fr\\\/ford-pro-fleet-management-recoltez-les-donnees-de-vos-vehicules-a-la-carte\\\/#primaryimage\",\"url\":\"https:\\\/\\\/static.link2fleet.com\\\/wp-content\\\/uploads\\\/2024\\\/03\\\/ford-pro-fleet-management.jpeg\",\"contentUrl\":\"https:\\\/\\\/static.link2fleet.com\\\/wp-content\\\/uploads\\\/2024\\\/03\\\/ford-pro-fleet-management.jpeg\",\"width\":1240,\"height\":697},{\"@type\":\"BreadcrumbList\",\"@id\":\"https:\\\/\\\/www.link2fleet.com\\\/fr\\\/ford-pro-fleet-management-recoltez-les-donnees-de-vos-vehicules-a-la-carte\\\/#breadcrumb\",\"itemListElement\":[{\"@type\":\"ListItem\",\"position\":1,\"name\":\"Home\",\"item\":\"https:\\\/\\\/www.link2fleet.com\\\/fr\\\/\"},{\"@type\":\"ListItem\",\"position\":2,\"name\":\"Ford Pro\u2122 Fleet Management: r\u00e9coltez les donn\u00e9es de vos v\u00e9hicules \u00e0 la carte\"}]},{\"@type\":\"WebSite\",\"@id\":\"https:\\\/\\\/www.link2fleet.com\\\/fr\\\/#website\",\"url\":\"https:\\\/\\\/www.link2fleet.com\\\/fr\\\/\",\"name\":\"Link2fleet\",\"description\":\"\",\"publisher\":{\"@id\":\"https:\\\/\\\/www.link2fleet.com\\\/fr\\\/#organization\"},\"potentialAction\":[{\"@type\":\"SearchAction\",\"target\":{\"@type\":\"EntryPoint\",\"urlTemplate\":\"https:\\\/\\\/www.link2fleet.com\\\/fr\\\/?s={search_term_string}\"},\"query-input\":{\"@type\":\"PropertyValueSpecification\",\"valueRequired\":true,\"valueName\":\"search_term_string\"}}],\"inLanguage\":\"fr-FR\"},{\"@type\":\"Organization\",\"@id\":\"https:\\\/\\\/www.link2fleet.com\\\/fr\\\/#organization\",\"name\":\"Link2fleet\",\"url\":\"https:\\\/\\\/www.link2fleet.com\\\/fr\\\/\",\"logo\":{\"@type\":\"ImageObject\",\"inLanguage\":\"fr-FR\",\"@id\":\"https:\\\/\\\/www.link2fleet.com\\\/fr\\\/#\\\/schema\\\/logo\\\/image\\\/\",\"url\":\"https:\\\/\\\/static.link2fleet.com\\\/wp-content\\\/uploads\\\/2024\\\/03\\\/share-image.jpg\",\"contentUrl\":\"https:\\\/\\\/static.link2fleet.com\\\/wp-content\\\/uploads\\\/2024\\\/03\\\/share-image.jpg\",\"width\":1200,\"height\":630,\"caption\":\"Link2fleet\"},\"image\":{\"@id\":\"https:\\\/\\\/www.link2fleet.com\\\/fr\\\/#\\\/schema\\\/logo\\\/image\\\/\"},\"sameAs\":[\"https:\\\/\\\/www.linkedin.com\\\/company\\\/link2fleet-belgium\",\"https:\\\/\\\/www.youtube.com\\\/user\\\/MMMBMBE\"]},{\"@type\":\"Person\",\"@id\":\"https:\\\/\\\/www.link2fleet.com\\\/fr\\\/#\\\/schema\\\/person\\\/027cd46113c78036b3809c9a054049da\",\"name\":\"Damien Malvetti\",\"image\":{\"@type\":\"ImageObject\",\"inLanguage\":\"fr-FR\",\"@id\":\"https:\\\/\\\/secure.gravatar.com\\\/avatar\\\/dd8cc03b49466c735f753ac37f8caa371af16dfed347456ed61f02883255eebb?s=96&d=mm&r=g\",\"url\":\"https:\\\/\\\/secure.gravatar.com\\\/avatar\\\/dd8cc03b49466c735f753ac37f8caa371af16dfed347456ed61f02883255eebb?s=96&d=mm&r=g\",\"contentUrl\":\"https:\\\/\\\/secure.gravatar.com\\\/avatar\\\/dd8cc03b49466c735f753ac37f8caa371af16dfed347456ed61f02883255eebb?s=96&d=mm&r=g\",\"caption\":\"Damien Malvetti\"},\"description\":\"Damien Malvetti is opgeleid als journalist en gepassioneerd door wagens, technologie en mobiliteit. Hij is verantwoordelijk voor de redactionele inhoud van link2fleet en beschikt over een uitgebreide kennis van de fleet-sector en elektrische mobiliteit.\",\"sameAs\":[\"https:\\\/\\\/www.linkedin.com\\\/in\\\/damien-malvetti-56601142\\\/\"]}]}<\/script>\n<!-- \/ Yoast SEO plugin. -->","yoast_head_json":{"title":"Ford Pro\u2122 Fleet Management: r\u00e9coltez les donn\u00e9es de vos v\u00e9hicules \u00e0 la carte - link2fleet","description":"La connectivit\u00e9 et la t\u00e9l\u00e9matique sont profond\u00e9ment int\u00e9gr\u00e9es aux v\u00e9hicules Ford, ce qui permet aux gestionnaires de flotte de transformer un flux de donn\u00e9es riche\u2026","robots":{"index":"index","follow":"follow","max-snippet":"max-snippet:-1","max-image-preview":"max-image-preview:large","max-video-preview":"max-video-preview:-1"},"og_locale":"fr_FR","og_type":"article","og_title":"Ford Pro\u2122 Fleet Management: r\u00e9coltez les donn\u00e9es de vos v\u00e9hicules \u00e0 la carte - link2fleet","og_description":"La connectivit\u00e9 et la t\u00e9l\u00e9matique sont profond\u00e9ment int\u00e9gr\u00e9es aux v\u00e9hicules Ford, ce qui permet aux gestionnaires de flotte de transformer un flux de donn\u00e9es riche\u2026","og_url":"https:\/\/www.link2fleet.com\/fr\/ford-pro-fleet-management-recoltez-les-donnees-de-vos-vehicules-a-la-carte\/","og_site_name":"link2fleet","article_published_time":"2022-09-09T06:07:29+00:00","article_modified_time":"2024-04-17T14:46:14+00:00","og_image":[{"width":1240,"height":697,"url":"https:\/\/static.link2fleet.com\/wp-content\/uploads\/2024\/03\/ford-pro-fleet-management.jpeg","type":"image\/jpeg"}],"author":"Damien Malvetti","twitter_card":"summary_large_image","twitter_description":"La connectivit\u00e9 et la t\u00e9l\u00e9matique sont profond\u00e9ment int\u00e9gr\u00e9es aux v\u00e9hicules Ford, ce qui permet aux gestionnaires de flotte de transformer un flux de donn\u00e9es riche\u2026","twitter_misc":{"\u00c9crit par":"Damien Malvetti","Dur\u00e9e de lecture estim\u00e9e":"2 minutes"},"schema":{"@context":"https:\/\/schema.org","@graph":[{"@type":"Article","@id":"https:\/\/www.link2fleet.com\/fr\/ford-pro-fleet-management-recoltez-les-donnees-de-vos-vehicules-a-la-carte\/#article","isPartOf":{"@id":"https:\/\/www.link2fleet.com\/fr\/ford-pro-fleet-management-recoltez-les-donnees-de-vos-vehicules-a-la-carte\/"},"author":{"name":"Damien Malvetti","@id":"https:\/\/www.link2fleet.com\/fr\/#\/schema\/person\/027cd46113c78036b3809c9a054049da"},"headline":"Ford Pro\u2122 Fleet Management: r\u00e9coltez les donn\u00e9es de vos v\u00e9hicules \u00e0 la carte","datePublished":"2022-09-09T06:07:29+00:00","dateModified":"2024-04-17T14:46:14+00:00","mainEntityOfPage":{"@id":"https:\/\/www.link2fleet.com\/fr\/ford-pro-fleet-management-recoltez-les-donnees-de-vos-vehicules-a-la-carte\/"},"wordCount":415,"publisher":{"@id":"https:\/\/www.link2fleet.com\/fr\/#organization"},"image":{"@id":"https:\/\/www.link2fleet.com\/fr\/ford-pro-fleet-management-recoltez-les-donnees-de-vos-vehicules-a-la-carte\/#primaryimage"},"thumbnailUrl":"https:\/\/static.link2fleet.com\/wp-content\/uploads\/2024\/03\/ford-pro-fleet-management.jpeg","articleSection":["Consultance et fleet management","Gestion de flotte"],"inLanguage":"fr-FR"},{"@type":"WebPage","@id":"https:\/\/www.link2fleet.com\/fr\/ford-pro-fleet-management-recoltez-les-donnees-de-vos-vehicules-a-la-carte\/","url":"https:\/\/www.link2fleet.com\/fr\/ford-pro-fleet-management-recoltez-les-donnees-de-vos-vehicules-a-la-carte\/","name":"Ford Pro\u2122 Fleet Management: r\u00e9coltez les donn\u00e9es de vos v\u00e9hicules \u00e0 la carte - link2fleet","isPartOf":{"@id":"https:\/\/www.link2fleet.com\/fr\/#website"},"primaryImageOfPage":{"@id":"https:\/\/www.link2fleet.com\/fr\/ford-pro-fleet-management-recoltez-les-donnees-de-vos-vehicules-a-la-carte\/#primaryimage"},"image":{"@id":"https:\/\/www.link2fleet.com\/fr\/ford-pro-fleet-management-recoltez-les-donnees-de-vos-vehicules-a-la-carte\/#primaryimage"},"thumbnailUrl":"https:\/\/static.link2fleet.com\/wp-content\/uploads\/2024\/03\/ford-pro-fleet-management.jpeg","datePublished":"2022-09-09T06:07:29+00:00","dateModified":"2024-04-17T14:46:14+00:00","breadcrumb":{"@id":"https:\/\/www.link2fleet.com\/fr\/ford-pro-fleet-management-recoltez-les-donnees-de-vos-vehicules-a-la-carte\/#breadcrumb"},"inLanguage":"fr-FR","potentialAction":[{"@type":"ReadAction","target":["https:\/\/www.link2fleet.com\/fr\/ford-pro-fleet-management-recoltez-les-donnees-de-vos-vehicules-a-la-carte\/"]}]},{"@type":"ImageObject","inLanguage":"fr-FR","@id":"https:\/\/www.link2fleet.com\/fr\/ford-pro-fleet-management-recoltez-les-donnees-de-vos-vehicules-a-la-carte\/#primaryimage","url":"https:\/\/static.link2fleet.com\/wp-content\/uploads\/2024\/03\/ford-pro-fleet-management.jpeg","contentUrl":"https:\/\/static.link2fleet.com\/wp-content\/uploads\/2024\/03\/ford-pro-fleet-management.jpeg","width":1240,"height":697},{"@type":"BreadcrumbList","@id":"https:\/\/www.link2fleet.com\/fr\/ford-pro-fleet-management-recoltez-les-donnees-de-vos-vehicules-a-la-carte\/#breadcrumb","itemListElement":[{"@type":"ListItem","position":1,"name":"Home","item":"https:\/\/www.link2fleet.com\/fr\/"},{"@type":"ListItem","position":2,"name":"Ford Pro\u2122 Fleet Management: r\u00e9coltez les donn\u00e9es de vos v\u00e9hicules \u00e0 la carte"}]},{"@type":"WebSite","@id":"https:\/\/www.link2fleet.com\/fr\/#website","url":"https:\/\/www.link2fleet.com\/fr\/","name":"Link2fleet","description":"","publisher":{"@id":"https:\/\/www.link2fleet.com\/fr\/#organization"},"potentialAction":[{"@type":"SearchAction","target":{"@type":"EntryPoint","urlTemplate":"https:\/\/www.link2fleet.com\/fr\/?s={search_term_string}"},"query-input":{"@type":"PropertyValueSpecification","valueRequired":true,"valueName":"search_term_string"}}],"inLanguage":"fr-FR"},{"@type":"Organization","@id":"https:\/\/www.link2fleet.com\/fr\/#organization","name":"Link2fleet","url":"https:\/\/www.link2fleet.com\/fr\/","logo":{"@type":"ImageObject","inLanguage":"fr-FR","@id":"https:\/\/www.link2fleet.com\/fr\/#\/schema\/logo\/image\/","url":"https:\/\/static.link2fleet.com\/wp-content\/uploads\/2024\/03\/share-image.jpg","contentUrl":"https:\/\/static.link2fleet.com\/wp-content\/uploads\/2024\/03\/share-image.jpg","width":1200,"height":630,"caption":"Link2fleet"},"image":{"@id":"https:\/\/www.link2fleet.com\/fr\/#\/schema\/logo\/image\/"},"sameAs":["https:\/\/www.linkedin.com\/company\/link2fleet-belgium","https:\/\/www.youtube.com\/user\/MMMBMBE"]},{"@type":"Person","@id":"https:\/\/www.link2fleet.com\/fr\/#\/schema\/person\/027cd46113c78036b3809c9a054049da","name":"Damien Malvetti","image":{"@type":"ImageObject","inLanguage":"fr-FR","@id":"https:\/\/secure.gravatar.com\/avatar\/dd8cc03b49466c735f753ac37f8caa371af16dfed347456ed61f02883255eebb?s=96&d=mm&r=g","url":"https:\/\/secure.gravatar.com\/avatar\/dd8cc03b49466c735f753ac37f8caa371af16dfed347456ed61f02883255eebb?s=96&d=mm&r=g","contentUrl":"https:\/\/secure.gravatar.com\/avatar\/dd8cc03b49466c735f753ac37f8caa371af16dfed347456ed61f02883255eebb?s=96&d=mm&r=g","caption":"Damien Malvetti"},"description":"Damien Malvetti is opgeleid als journalist en gepassioneerd door wagens, technologie en mobiliteit. Hij is verantwoordelijk voor de redactionele inhoud van link2fleet en beschikt over een uitgebreide kennis van de fleet-sector en elektrische mobiliteit.","sameAs":["https:\/\/www.linkedin.com\/in\/damien-malvetti-56601142\/"]}]}},"_links":{"self":[{"href":"https:\/\/www.link2fleet.com\/fr\/wp-json\/wp\/v2\/posts\/7595","targetHints":{"allow":["GET"]}}],"collection":[{"href":"https:\/\/www.link2fleet.com\/fr\/wp-json\/wp\/v2\/posts"}],"about":[{"href":"https:\/\/www.link2fleet.com\/fr\/wp-json\/wp\/v2\/types\/post"}],"author":[{"embeddable":true,"href":"https:\/\/www.link2fleet.com\/fr\/wp-json\/wp\/v2\/users\/4"}],"replies":[{"embeddable":true,"href":"https:\/\/www.link2fleet.com\/fr\/wp-json\/wp\/v2\/comments?post=7595"}],"version-history":[{"count":0,"href":"https:\/\/www.link2fleet.com\/fr\/wp-json\/wp\/v2\/posts\/7595\/revisions"}],"wp:featuredmedia":[{"embeddable":true,"href":"https:\/\/www.link2fleet.com\/fr\/wp-json\/wp\/v2\/media\/7596"}],"wp:attachment":[{"href":"https:\/\/www.link2fleet.com\/fr\/wp-json\/wp\/v2\/media?parent=7595"}],"wp:term":[{"taxonomy":"category","embeddable":true,"href":"https:\/\/www.link2fleet.com\/fr\/wp-json\/wp\/v2\/categories?post=7595"},{"taxonomy":"post_tag","embeddable":true,"href":"https:\/\/www.link2fleet.com\/fr\/wp-json\/wp\/v2\/tags?post=7595"}],"curies":[{"name":"wp","href":"https:\/\/api.w.org\/{rel}","templated":true}]}}