{"id":7642,"date":"2022-09-21T14:25:28","date_gmt":"2022-09-21T12:25:28","guid":{"rendered":"https:\/\/www.link2fleet.com\/athlon-belgium-sassocie-a-eneco-pour-des-solutions-de-recharge\/"},"modified":"2024-04-17T16:46:05","modified_gmt":"2024-04-17T14:46:05","slug":"athlon-belgium-sassocie-a-eneco-pour-des-solutions-de-recharge","status":"publish","type":"post","link":"https:\/\/www.link2fleet.com\/fr\/athlon-belgium-sassocie-a-eneco-pour-des-solutions-de-recharge\/","title":{"rendered":"Athlon Belgium s\u2019associe \u00e0 Eneco pour des solutions de recharge"},"content":{"rendered":"<p class=\"styles_paragraph__CxmiR\"><strong>Une approche de A \u00e0 Z<br \/>\n<a href=\"https:\/\/www.link2fleet.com\/wp-content\/uploads\/2022\/09\/athlon-eneco-scaled.jpg\"><img loading=\"lazy\" decoding=\"async\" class=\"alignleft size-medium wp-image-1283631\" src=\"https:\/\/www.link2fleet.com\/wp-content\/uploads\/2022\/09\/athlon-eneco-300x200.jpg\" alt=\"\" width=\"300\" height=\"200\" \/><\/a>\u200b<\/strong>Les chiffres de la Febiac<a class=\"styles_link__UQc5p\" href=\"\/\/EFCBE9F0-5CE3-4168-B05C-C9EDAD048239#_ftn1\" target=\"_self\" rel=\"noopener noreferrer\"><sup>1<\/sup><\/a> sont clairs : l\u2019essor des voitures \u00e9lectriques s\u2019acc\u00e9l\u00e8re et de plus en plus d\u2019entreprises optent pour l\u2019e-mobilit\u00e9. Afin de rendre les choses ais\u00e9es pour les salari\u00e9s et les employeurs, Athlon Belgium a opt\u00e9 pour un partenariat avec Eneco. \u200b De cette mani\u00e8re, Athlon peut offrir \u00e0 ses clients une approche de A &amp; Z sans la pr\u00e9occupation des solutions de recharge. \u200b Le pionnier de l\u2019\u00e9nergie verte Eneco commence par installer \u00e0 la fois des bornes de recharge au domicile du conducteur et des bornes de recharge intelligentes sur le site de l\u2019entreprise. \u200b Un portail Web fournit toutes les informations n\u00e9cessaires dont, entre autres, la consommation de courant de charge au domicile et les sessions de recharge publiques. \u200b Les conducteurs peuvent \u00e9galement y enregistrer leur consommation domestique afin qu\u2019elle puisse \u00eatre rembours\u00e9e, et refactur\u00e9e \u00e0 l\u2019employeur par Athlon. Et gr\u00e2ce \u00e0 une carte de recharge internationale, pour laquelle aucun frais d\u2019itin\u00e9rance n\u2019est factur\u00e9, les conducteurs ont \u00e9galement facilement acc\u00e8s aux points de recharge publics.<\/p>\n<p>&nbsp;<\/p>\n<p class=\"styles_paragraph__CxmiR\"><strong>Electricit\u00e9 verte \u200b<br \/>\n\u200b<a href=\"https:\/\/www.link2fleet.com\/wp-content\/uploads\/2022\/09\/HighRes_Athlon_Photo_Stockpool_2022_14_CMYK_300dpi-scaled.jpg\"><img loading=\"lazy\" decoding=\"async\" class=\"alignright size-medium wp-image-1283633\" src=\"https:\/\/www.link2fleet.com\/wp-content\/uploads\/2022\/09\/HighRes_Athlon_Photo_Stockpool_2022_14_CMYK_300dpi-300x200.jpg\" alt=\"\" width=\"300\" height=\"200\" \/><\/a><\/strong>Athlon ambitionne les solutions de mobilit\u00e9 durables et Eneco y r\u00e9pond parfaitement. \u200b La soci\u00e9t\u00e9 garantit une \u00e9nergie 100% verte et produite localement, et a l\u2019ambition d\u2019op\u00e9rer de mani\u00e8re climatiquement neutre d\u2019ici 2035.<\/p>\n<blockquote class=\"Quote_container__ms7KM Quote_alignLeft__1_w_9\">\n<div class=\"Quote_content__DZCla\">\u201c<em>D\u2019ici 2026, toutes les voitures de soci\u00e9t\u00e9 en Belgique devront \u00eatre z\u00e9ro \u00e9missions. Depuis le d\u00e9but de l\u2019ann\u00e9e, nous assistons \u00e0 un v\u00e9ritable tournant chez Athlon Belgium: plus de la moiti\u00e9 des voitures command\u00e9es chez nous sont \u00e9lectrifi\u00e9es. \u200b Avec Eneco, nous avons trouv\u00e9 un partenaire id\u00e9al pour accompagner nos clients dans l\u2019\u00e9cologisation de leur flotte, poursuivant en outre la m\u00eame ambition de durabilit\u00e9. L\u2019offre \u2018Athlon Charge powered by Eneco\u2019 est enti\u00e8rement adapt\u00e9e aux besoins de nos clients, que gr\u00e2ce \u00e0 cela, nous d\u00e9chargeons de leurs soucis.\u201d<br \/>\n\u200b<\/em>Michiel Alferink, Directeur G\u00e9n\u00e9ral d\u2019Athlon Belgium<\/div>\n<\/blockquote>\n<blockquote class=\"Quote_container__ms7KM Quote_alignLeft__1_w_9\">\n<div class=\"Quote_content__DZCla\"><em>\u201cAcc\u00e9l\u00e9rer la transition \u00e9nerg\u00e9tique est la t\u00e2che principale d\u2019Eneco. \u200b Avec le plan One Planet, nous avons clairement d\u00e9fini notre objectif: d\u2019ici 2035, chez Eneco, nous voulons \u00eatre climatiquement neutre pour l\u2019enti\u00e8ret\u00e9 de nos activit\u00e9s. D\u00e9charger les clients en ce qui concerne l\u2019introduction, le lancement et le d\u00e9ploiement d\u2019une politique de mobilit\u00e9 durable est l\u2019un des \u00e9l\u00e9ments cl\u00e9s de la poursuite de l\u2019\u00e9lectrification.\u201d<\/em><br \/>\n\u200bJean-Jacques Delm\u00e9e, CEO Eneco Belgium<\/div>\n<\/blockquote>\n<figure class=\"prezly-slate-image prezly-slate-image--contained\"><\/figure>\n","protected":false},"excerpt":{"rendered":"<p>Une approche de A \u00e0 Z \u200bLes chiffres de la Febiac1 sont clairs : l\u2019essor des voitures \u00e9lectriques s\u2019acc\u00e9l\u00e8re et de plus en plus d\u2019entreprises optent pour l\u2019e-mobilit\u00e9. Afin de rendre les choses ais\u00e9es pour les salari\u00e9s et les employeurs, Athlon Belgium a opt\u00e9 pour un partenariat avec Eneco. \u200b De cette mani\u00e8re, Athlon peut [&hellip;]<\/p>\n","protected":false},"author":4,"featured_media":7643,"comment_status":"closed","ping_status":"closed","sticky":false,"template":"","format":"standard","meta":{"_acf_changed":false,"footnotes":""},"categories":[91,79],"tags":[],"class_list":["post-7642","post","type-post","status-publish","format-standard","has-post-thumbnail","hentry","category-expertise-et-management","category-societes-de-leasing"],"acf":[],"yoast_head":"<!-- This site is optimized with the Yoast SEO plugin v27.3 - https:\/\/yoast.com\/product\/yoast-seo-wordpress\/ -->\n<title>Athlon Belgium s\u2019associe \u00e0 Eneco pour des solutions de recharge - link2fleet<\/title>\n<meta name=\"description\" content=\"Afin de soutenir l\u2019acc\u00e9l\u00e9ration de l\u2019\u00e9lectrification des v\u00e9hicules de soci\u00e9t\u00e9, le fournisseur de mobilit\u00e9 Athlon Belgium s\u2019associe au pionnier de l\u2019\u00e9nergie verte, Eneco. \u200b Un\u2026\" \/>\n<meta name=\"robots\" content=\"index, follow, max-snippet:-1, max-image-preview:large, max-video-preview:-1\" \/>\n<meta property=\"og:locale\" content=\"fr_FR\" \/>\n<meta property=\"og:type\" content=\"article\" \/>\n<meta property=\"og:title\" content=\"Athlon Belgium s\u2019associe \u00e0 Eneco pour des solutions de recharge - link2fleet\" \/>\n<meta property=\"og:description\" content=\"Afin de soutenir l\u2019acc\u00e9l\u00e9ration de l\u2019\u00e9lectrification des v\u00e9hicules de soci\u00e9t\u00e9, le fournisseur de mobilit\u00e9 Athlon Belgium s\u2019associe au pionnier de l\u2019\u00e9nergie verte, Eneco. \u200b Un\u2026\" \/>\n<meta property=\"og:url\" content=\"https:\/\/www.link2fleet.com\/fr\/athlon-belgium-sassocie-a-eneco-pour-des-solutions-de-recharge\/\" \/>\n<meta property=\"og:site_name\" content=\"link2fleet\" \/>\n<meta property=\"article:published_time\" content=\"2022-09-21T12:25:28+00:00\" \/>\n<meta property=\"article:modified_time\" content=\"2024-04-17T14:46:05+00:00\" \/>\n<meta property=\"og:image\" content=\"https:\/\/static.link2fleet.com\/wp-content\/uploads\/2024\/03\/athlon-eneco-2.jpg\" \/>\n\t<meta property=\"og:image:width\" content=\"1621\" \/>\n\t<meta property=\"og:image:height\" content=\"1080\" \/>\n\t<meta property=\"og:image:type\" content=\"image\/jpeg\" \/>\n<meta name=\"author\" content=\"Damien Malvetti\" \/>\n<meta name=\"twitter:card\" content=\"summary_large_image\" \/>\n<meta name=\"twitter:description\" content=\"Afin de soutenir l\u2019acc\u00e9l\u00e9ration de l\u2019\u00e9lectrification des v\u00e9hicules de soci\u00e9t\u00e9, le fournisseur de mobilit\u00e9 Athlon Belgium s\u2019associe au pionnier de l\u2019\u00e9nergie verte, Eneco. \u200b Un\u2026\" \/>\n<meta name=\"twitter:label1\" content=\"\u00c9crit par\" \/>\n\t<meta name=\"twitter:data1\" content=\"Damien Malvetti\" \/>\n\t<meta name=\"twitter:label2\" content=\"Dur\u00e9e de lecture estim\u00e9e\" \/>\n\t<meta name=\"twitter:data2\" content=\"2 minutes\" \/>\n<script type=\"application\/ld+json\" class=\"yoast-schema-graph\">{\"@context\":\"https:\\\/\\\/schema.org\",\"@graph\":[{\"@type\":\"Article\",\"@id\":\"https:\\\/\\\/www.link2fleet.com\\\/fr\\\/athlon-belgium-sassocie-a-eneco-pour-des-solutions-de-recharge\\\/#article\",\"isPartOf\":{\"@id\":\"https:\\\/\\\/www.link2fleet.com\\\/fr\\\/athlon-belgium-sassocie-a-eneco-pour-des-solutions-de-recharge\\\/\"},\"author\":{\"name\":\"Damien Malvetti\",\"@id\":\"https:\\\/\\\/www.link2fleet.com\\\/fr\\\/#\\\/schema\\\/person\\\/027cd46113c78036b3809c9a054049da\"},\"headline\":\"Athlon Belgium s\u2019associe \u00e0 Eneco pour des solutions de recharge\",\"datePublished\":\"2022-09-21T12:25:28+00:00\",\"dateModified\":\"2024-04-17T14:46:05+00:00\",\"mainEntityOfPage\":{\"@id\":\"https:\\\/\\\/www.link2fleet.com\\\/fr\\\/athlon-belgium-sassocie-a-eneco-pour-des-solutions-de-recharge\\\/\"},\"wordCount\":433,\"publisher\":{\"@id\":\"https:\\\/\\\/www.link2fleet.com\\\/fr\\\/#organization\"},\"image\":{\"@id\":\"https:\\\/\\\/www.link2fleet.com\\\/fr\\\/athlon-belgium-sassocie-a-eneco-pour-des-solutions-de-recharge\\\/#primaryimage\"},\"thumbnailUrl\":\"https:\\\/\\\/static.link2fleet.com\\\/wp-content\\\/uploads\\\/2024\\\/03\\\/athlon-eneco-2.jpg\",\"articleSection\":[\"Gestion de flotte\",\"Location long-terme\"],\"inLanguage\":\"fr-FR\"},{\"@type\":\"WebPage\",\"@id\":\"https:\\\/\\\/www.link2fleet.com\\\/fr\\\/athlon-belgium-sassocie-a-eneco-pour-des-solutions-de-recharge\\\/\",\"url\":\"https:\\\/\\\/www.link2fleet.com\\\/fr\\\/athlon-belgium-sassocie-a-eneco-pour-des-solutions-de-recharge\\\/\",\"name\":\"Athlon Belgium s\u2019associe \u00e0 Eneco pour des solutions de recharge - link2fleet\",\"isPartOf\":{\"@id\":\"https:\\\/\\\/www.link2fleet.com\\\/fr\\\/#website\"},\"primaryImageOfPage\":{\"@id\":\"https:\\\/\\\/www.link2fleet.com\\\/fr\\\/athlon-belgium-sassocie-a-eneco-pour-des-solutions-de-recharge\\\/#primaryimage\"},\"image\":{\"@id\":\"https:\\\/\\\/www.link2fleet.com\\\/fr\\\/athlon-belgium-sassocie-a-eneco-pour-des-solutions-de-recharge\\\/#primaryimage\"},\"thumbnailUrl\":\"https:\\\/\\\/static.link2fleet.com\\\/wp-content\\\/uploads\\\/2024\\\/03\\\/athlon-eneco-2.jpg\",\"datePublished\":\"2022-09-21T12:25:28+00:00\",\"dateModified\":\"2024-04-17T14:46:05+00:00\",\"breadcrumb\":{\"@id\":\"https:\\\/\\\/www.link2fleet.com\\\/fr\\\/athlon-belgium-sassocie-a-eneco-pour-des-solutions-de-recharge\\\/#breadcrumb\"},\"inLanguage\":\"fr-FR\",\"potentialAction\":[{\"@type\":\"ReadAction\",\"target\":[\"https:\\\/\\\/www.link2fleet.com\\\/fr\\\/athlon-belgium-sassocie-a-eneco-pour-des-solutions-de-recharge\\\/\"]}]},{\"@type\":\"ImageObject\",\"inLanguage\":\"fr-FR\",\"@id\":\"https:\\\/\\\/www.link2fleet.com\\\/fr\\\/athlon-belgium-sassocie-a-eneco-pour-des-solutions-de-recharge\\\/#primaryimage\",\"url\":\"https:\\\/\\\/static.link2fleet.com\\\/wp-content\\\/uploads\\\/2024\\\/03\\\/athlon-eneco-2.jpg\",\"contentUrl\":\"https:\\\/\\\/static.link2fleet.com\\\/wp-content\\\/uploads\\\/2024\\\/03\\\/athlon-eneco-2.jpg\",\"width\":1621,\"height\":1080,\"caption\":\"||\"},{\"@type\":\"BreadcrumbList\",\"@id\":\"https:\\\/\\\/www.link2fleet.com\\\/fr\\\/athlon-belgium-sassocie-a-eneco-pour-des-solutions-de-recharge\\\/#breadcrumb\",\"itemListElement\":[{\"@type\":\"ListItem\",\"position\":1,\"name\":\"Home\",\"item\":\"https:\\\/\\\/www.link2fleet.com\\\/fr\\\/\"},{\"@type\":\"ListItem\",\"position\":2,\"name\":\"Athlon Belgium s\u2019associe \u00e0 Eneco pour des solutions de recharge\"}]},{\"@type\":\"WebSite\",\"@id\":\"https:\\\/\\\/www.link2fleet.com\\\/fr\\\/#website\",\"url\":\"https:\\\/\\\/www.link2fleet.com\\\/fr\\\/\",\"name\":\"Link2fleet\",\"description\":\"\",\"publisher\":{\"@id\":\"https:\\\/\\\/www.link2fleet.com\\\/fr\\\/#organization\"},\"potentialAction\":[{\"@type\":\"SearchAction\",\"target\":{\"@type\":\"EntryPoint\",\"urlTemplate\":\"https:\\\/\\\/www.link2fleet.com\\\/fr\\\/?s={search_term_string}\"},\"query-input\":{\"@type\":\"PropertyValueSpecification\",\"valueRequired\":true,\"valueName\":\"search_term_string\"}}],\"inLanguage\":\"fr-FR\"},{\"@type\":\"Organization\",\"@id\":\"https:\\\/\\\/www.link2fleet.com\\\/fr\\\/#organization\",\"name\":\"Link2fleet\",\"url\":\"https:\\\/\\\/www.link2fleet.com\\\/fr\\\/\",\"logo\":{\"@type\":\"ImageObject\",\"inLanguage\":\"fr-FR\",\"@id\":\"https:\\\/\\\/www.link2fleet.com\\\/fr\\\/#\\\/schema\\\/logo\\\/image\\\/\",\"url\":\"https:\\\/\\\/static.link2fleet.com\\\/wp-content\\\/uploads\\\/2024\\\/03\\\/share-image.jpg\",\"contentUrl\":\"https:\\\/\\\/static.link2fleet.com\\\/wp-content\\\/uploads\\\/2024\\\/03\\\/share-image.jpg\",\"width\":1200,\"height\":630,\"caption\":\"Link2fleet\"},\"image\":{\"@id\":\"https:\\\/\\\/www.link2fleet.com\\\/fr\\\/#\\\/schema\\\/logo\\\/image\\\/\"},\"sameAs\":[\"https:\\\/\\\/www.linkedin.com\\\/company\\\/link2fleet-belgium\",\"https:\\\/\\\/www.youtube.com\\\/user\\\/MMMBMBE\"]},{\"@type\":\"Person\",\"@id\":\"https:\\\/\\\/www.link2fleet.com\\\/fr\\\/#\\\/schema\\\/person\\\/027cd46113c78036b3809c9a054049da\",\"name\":\"Damien Malvetti\",\"image\":{\"@type\":\"ImageObject\",\"inLanguage\":\"fr-FR\",\"@id\":\"https:\\\/\\\/secure.gravatar.com\\\/avatar\\\/dd8cc03b49466c735f753ac37f8caa371af16dfed347456ed61f02883255eebb?s=96&d=mm&r=g\",\"url\":\"https:\\\/\\\/secure.gravatar.com\\\/avatar\\\/dd8cc03b49466c735f753ac37f8caa371af16dfed347456ed61f02883255eebb?s=96&d=mm&r=g\",\"contentUrl\":\"https:\\\/\\\/secure.gravatar.com\\\/avatar\\\/dd8cc03b49466c735f753ac37f8caa371af16dfed347456ed61f02883255eebb?s=96&d=mm&r=g\",\"caption\":\"Damien Malvetti\"},\"description\":\"Damien Malvetti is opgeleid als journalist en gepassioneerd door wagens, technologie en mobiliteit. Hij is verantwoordelijk voor de redactionele inhoud van link2fleet en beschikt over een uitgebreide kennis van de fleet-sector en elektrische mobiliteit.\",\"sameAs\":[\"https:\\\/\\\/www.linkedin.com\\\/in\\\/damien-malvetti-56601142\\\/\"]}]}<\/script>\n<!-- \/ Yoast SEO plugin. -->","yoast_head_json":{"title":"Athlon Belgium s\u2019associe \u00e0 Eneco pour des solutions de recharge - link2fleet","description":"Afin de soutenir l\u2019acc\u00e9l\u00e9ration de l\u2019\u00e9lectrification des v\u00e9hicules de soci\u00e9t\u00e9, le fournisseur de mobilit\u00e9 Athlon Belgium s\u2019associe au pionnier de l\u2019\u00e9nergie verte, Eneco. \u200b Un\u2026","robots":{"index":"index","follow":"follow","max-snippet":"max-snippet:-1","max-image-preview":"max-image-preview:large","max-video-preview":"max-video-preview:-1"},"og_locale":"fr_FR","og_type":"article","og_title":"Athlon Belgium s\u2019associe \u00e0 Eneco pour des solutions de recharge - link2fleet","og_description":"Afin de soutenir l\u2019acc\u00e9l\u00e9ration de l\u2019\u00e9lectrification des v\u00e9hicules de soci\u00e9t\u00e9, le fournisseur de mobilit\u00e9 Athlon Belgium s\u2019associe au pionnier de l\u2019\u00e9nergie verte, Eneco. \u200b Un\u2026","og_url":"https:\/\/www.link2fleet.com\/fr\/athlon-belgium-sassocie-a-eneco-pour-des-solutions-de-recharge\/","og_site_name":"link2fleet","article_published_time":"2022-09-21T12:25:28+00:00","article_modified_time":"2024-04-17T14:46:05+00:00","og_image":[{"width":1621,"height":1080,"url":"https:\/\/static.link2fleet.com\/wp-content\/uploads\/2024\/03\/athlon-eneco-2.jpg","type":"image\/jpeg"}],"author":"Damien Malvetti","twitter_card":"summary_large_image","twitter_description":"Afin de soutenir l\u2019acc\u00e9l\u00e9ration de l\u2019\u00e9lectrification des v\u00e9hicules de soci\u00e9t\u00e9, le fournisseur de mobilit\u00e9 Athlon Belgium s\u2019associe au pionnier de l\u2019\u00e9nergie verte, Eneco. \u200b Un\u2026","twitter_misc":{"\u00c9crit par":"Damien Malvetti","Dur\u00e9e de lecture estim\u00e9e":"2 minutes"},"schema":{"@context":"https:\/\/schema.org","@graph":[{"@type":"Article","@id":"https:\/\/www.link2fleet.com\/fr\/athlon-belgium-sassocie-a-eneco-pour-des-solutions-de-recharge\/#article","isPartOf":{"@id":"https:\/\/www.link2fleet.com\/fr\/athlon-belgium-sassocie-a-eneco-pour-des-solutions-de-recharge\/"},"author":{"name":"Damien Malvetti","@id":"https:\/\/www.link2fleet.com\/fr\/#\/schema\/person\/027cd46113c78036b3809c9a054049da"},"headline":"Athlon Belgium s\u2019associe \u00e0 Eneco pour des solutions de recharge","datePublished":"2022-09-21T12:25:28+00:00","dateModified":"2024-04-17T14:46:05+00:00","mainEntityOfPage":{"@id":"https:\/\/www.link2fleet.com\/fr\/athlon-belgium-sassocie-a-eneco-pour-des-solutions-de-recharge\/"},"wordCount":433,"publisher":{"@id":"https:\/\/www.link2fleet.com\/fr\/#organization"},"image":{"@id":"https:\/\/www.link2fleet.com\/fr\/athlon-belgium-sassocie-a-eneco-pour-des-solutions-de-recharge\/#primaryimage"},"thumbnailUrl":"https:\/\/static.link2fleet.com\/wp-content\/uploads\/2024\/03\/athlon-eneco-2.jpg","articleSection":["Gestion de flotte","Location long-terme"],"inLanguage":"fr-FR"},{"@type":"WebPage","@id":"https:\/\/www.link2fleet.com\/fr\/athlon-belgium-sassocie-a-eneco-pour-des-solutions-de-recharge\/","url":"https:\/\/www.link2fleet.com\/fr\/athlon-belgium-sassocie-a-eneco-pour-des-solutions-de-recharge\/","name":"Athlon Belgium s\u2019associe \u00e0 Eneco pour des solutions de recharge - link2fleet","isPartOf":{"@id":"https:\/\/www.link2fleet.com\/fr\/#website"},"primaryImageOfPage":{"@id":"https:\/\/www.link2fleet.com\/fr\/athlon-belgium-sassocie-a-eneco-pour-des-solutions-de-recharge\/#primaryimage"},"image":{"@id":"https:\/\/www.link2fleet.com\/fr\/athlon-belgium-sassocie-a-eneco-pour-des-solutions-de-recharge\/#primaryimage"},"thumbnailUrl":"https:\/\/static.link2fleet.com\/wp-content\/uploads\/2024\/03\/athlon-eneco-2.jpg","datePublished":"2022-09-21T12:25:28+00:00","dateModified":"2024-04-17T14:46:05+00:00","breadcrumb":{"@id":"https:\/\/www.link2fleet.com\/fr\/athlon-belgium-sassocie-a-eneco-pour-des-solutions-de-recharge\/#breadcrumb"},"inLanguage":"fr-FR","potentialAction":[{"@type":"ReadAction","target":["https:\/\/www.link2fleet.com\/fr\/athlon-belgium-sassocie-a-eneco-pour-des-solutions-de-recharge\/"]}]},{"@type":"ImageObject","inLanguage":"fr-FR","@id":"https:\/\/www.link2fleet.com\/fr\/athlon-belgium-sassocie-a-eneco-pour-des-solutions-de-recharge\/#primaryimage","url":"https:\/\/static.link2fleet.com\/wp-content\/uploads\/2024\/03\/athlon-eneco-2.jpg","contentUrl":"https:\/\/static.link2fleet.com\/wp-content\/uploads\/2024\/03\/athlon-eneco-2.jpg","width":1621,"height":1080,"caption":"||"},{"@type":"BreadcrumbList","@id":"https:\/\/www.link2fleet.com\/fr\/athlon-belgium-sassocie-a-eneco-pour-des-solutions-de-recharge\/#breadcrumb","itemListElement":[{"@type":"ListItem","position":1,"name":"Home","item":"https:\/\/www.link2fleet.com\/fr\/"},{"@type":"ListItem","position":2,"name":"Athlon Belgium s\u2019associe \u00e0 Eneco pour des solutions de recharge"}]},{"@type":"WebSite","@id":"https:\/\/www.link2fleet.com\/fr\/#website","url":"https:\/\/www.link2fleet.com\/fr\/","name":"Link2fleet","description":"","publisher":{"@id":"https:\/\/www.link2fleet.com\/fr\/#organization"},"potentialAction":[{"@type":"SearchAction","target":{"@type":"EntryPoint","urlTemplate":"https:\/\/www.link2fleet.com\/fr\/?s={search_term_string}"},"query-input":{"@type":"PropertyValueSpecification","valueRequired":true,"valueName":"search_term_string"}}],"inLanguage":"fr-FR"},{"@type":"Organization","@id":"https:\/\/www.link2fleet.com\/fr\/#organization","name":"Link2fleet","url":"https:\/\/www.link2fleet.com\/fr\/","logo":{"@type":"ImageObject","inLanguage":"fr-FR","@id":"https:\/\/www.link2fleet.com\/fr\/#\/schema\/logo\/image\/","url":"https:\/\/static.link2fleet.com\/wp-content\/uploads\/2024\/03\/share-image.jpg","contentUrl":"https:\/\/static.link2fleet.com\/wp-content\/uploads\/2024\/03\/share-image.jpg","width":1200,"height":630,"caption":"Link2fleet"},"image":{"@id":"https:\/\/www.link2fleet.com\/fr\/#\/schema\/logo\/image\/"},"sameAs":["https:\/\/www.linkedin.com\/company\/link2fleet-belgium","https:\/\/www.youtube.com\/user\/MMMBMBE"]},{"@type":"Person","@id":"https:\/\/www.link2fleet.com\/fr\/#\/schema\/person\/027cd46113c78036b3809c9a054049da","name":"Damien Malvetti","image":{"@type":"ImageObject","inLanguage":"fr-FR","@id":"https:\/\/secure.gravatar.com\/avatar\/dd8cc03b49466c735f753ac37f8caa371af16dfed347456ed61f02883255eebb?s=96&d=mm&r=g","url":"https:\/\/secure.gravatar.com\/avatar\/dd8cc03b49466c735f753ac37f8caa371af16dfed347456ed61f02883255eebb?s=96&d=mm&r=g","contentUrl":"https:\/\/secure.gravatar.com\/avatar\/dd8cc03b49466c735f753ac37f8caa371af16dfed347456ed61f02883255eebb?s=96&d=mm&r=g","caption":"Damien Malvetti"},"description":"Damien Malvetti is opgeleid als journalist en gepassioneerd door wagens, technologie en mobiliteit. Hij is verantwoordelijk voor de redactionele inhoud van link2fleet en beschikt over een uitgebreide kennis van de fleet-sector en elektrische mobiliteit.","sameAs":["https:\/\/www.linkedin.com\/in\/damien-malvetti-56601142\/"]}]}},"_links":{"self":[{"href":"https:\/\/www.link2fleet.com\/fr\/wp-json\/wp\/v2\/posts\/7642","targetHints":{"allow":["GET"]}}],"collection":[{"href":"https:\/\/www.link2fleet.com\/fr\/wp-json\/wp\/v2\/posts"}],"about":[{"href":"https:\/\/www.link2fleet.com\/fr\/wp-json\/wp\/v2\/types\/post"}],"author":[{"embeddable":true,"href":"https:\/\/www.link2fleet.com\/fr\/wp-json\/wp\/v2\/users\/4"}],"replies":[{"embeddable":true,"href":"https:\/\/www.link2fleet.com\/fr\/wp-json\/wp\/v2\/comments?post=7642"}],"version-history":[{"count":0,"href":"https:\/\/www.link2fleet.com\/fr\/wp-json\/wp\/v2\/posts\/7642\/revisions"}],"wp:featuredmedia":[{"embeddable":true,"href":"https:\/\/www.link2fleet.com\/fr\/wp-json\/wp\/v2\/media\/7643"}],"wp:attachment":[{"href":"https:\/\/www.link2fleet.com\/fr\/wp-json\/wp\/v2\/media?parent=7642"}],"wp:term":[{"taxonomy":"category","embeddable":true,"href":"https:\/\/www.link2fleet.com\/fr\/wp-json\/wp\/v2\/categories?post=7642"},{"taxonomy":"post_tag","embeddable":true,"href":"https:\/\/www.link2fleet.com\/fr\/wp-json\/wp\/v2\/tags?post=7642"}],"curies":[{"name":"wp","href":"https:\/\/api.w.org\/{rel}","templated":true}]}}