{"id":7691,"date":"2022-09-22T06:46:18","date_gmt":"2022-09-22T04:46:18","guid":{"rendered":"https:\/\/www.link2fleet.com\/le-budget-mobilite-connait-un-nouvel-elan-grace-au-teletravail\/"},"modified":"2024-04-17T16:46:03","modified_gmt":"2024-04-17T14:46:03","slug":"le-budget-mobilite-connait-un-nouvel-elan-grace-au-teletravail","status":"publish","type":"post","link":"https:\/\/www.link2fleet.com\/fr\/le-budget-mobilite-connait-un-nouvel-elan-grace-au-teletravail\/","title":{"rendered":"Le budget mobilit\u00e9 conna\u00eet un nouvel \u00e9lan gr\u00e2ce au t\u00e9l\u00e9travail"},"content":{"rendered":"<p><strong>Jordane Houdart, consultante juridique pour les PME chez SD Worx<\/strong> : <em>\u00ab\u00a0Pour les sept premiers mois de 2022, nous constatons \u00e0 nouveau une augmentation du nombre d\u2019employ\u00e9s optant pour un budget mobilit\u00e9 : leur nombre a d\u00e9j\u00e0 augment\u00e9 de 50%, alors que le pic est encore \u00e0 venir en d\u00e9cembre. De plus en plus d&#8217;employeurs voient \u00e9galement les avantages que ce soit pour la guerre des talents ou pour la r\u00e9tention du personnel. Actuellement, les chiffres sont encore tr\u00e8s limit\u00e9s (0,11 % des salari\u00e9s fin 2021), ce qui signifie que vous pouvez faire la diff\u00e9rence en tant qu&#8217;employeur. Surtout avec l&rsquo;augmentation du travail \u00e0 domicile o\u00f9 nombreux des employ\u00e9s seront ouverts au remboursement des frais de logement\u00a0\u00bb<\/em>, constate SD Worx qui calcule les salaires de plus d&rsquo;un million de salari\u00e9s du secteur priv\u00e9. <a title=\"https:\/\/www.sdworx.be\/fr-be\/propos-de-sd-worx\/presse\/2022-09-02-8-des-pme-bruxelloises-veulent-offrir-un-budget-de-mobilite\" contenteditable=\"false\" href=\"https:\/\/www.sdworx.be\/fr-be\/propos-de-sd-worx\/presse\/2022-09-02-8-des-pme-bruxelloises-veulent-offrir-un-budget-de-mobilite\">Selon la r\u00e9cente enqu\u00eate de SD Worx aupr\u00e8s des PME, les employeurs bruxellois en particulier pr\u00e9voiraient d&rsquo;introduire le budget mobilit\u00e9.\u00a0<\/a><\/p>\n<p><strong>Dans la pratique \u00e0 Bruxelles<\/strong><br \/>\nBIBM, la F\u00e9d\u00e9ration de l&rsquo;industrie europ\u00e9enne du b\u00e9ton pr\u00e9fabriqu\u00e9, est une organisation internationale avec un si\u00e8ge dans le centre de Bruxelles. Le manager a d\u00e9cid\u00e9 d&rsquo;introduire le budget mobilit\u00e9 \u00e0 la demande d\u2019une employ\u00e9e.\u00a0Alessio Rimoldi Secr\u00e9taire g\u00e9n\u00e9ral de BIBM : \u00ab Ma coll\u00e8gue n&rsquo;a pas besoin d&rsquo;une voiture de soci\u00e9t\u00e9, \u00e0 laquelle elle a droit. Elle habite \u00e0 moins de 5 kilom\u00e8tres de son travail. Elle pr\u00e9f\u00e8re donc utiliser les options du deuxi\u00e8me pilier du budget mobilit\u00e9, comme les transports publics, le taxi et la trottinette. Elle peut d\u00e8s lors utiliser le budget restant pour le loyer de son logement. C&rsquo;est un bel avantage du nouveau budget mobilit\u00e9, qui s&rsquo;adapte aux besoins des travailleurs et \u00e0 leur situation familiale.\u00a0\u00bb<\/p>\n<p><strong>Une solution pour la p\u00e9nurie de talents (Flanders Connect)<\/strong><br \/>\nFlanders Connect, l&rsquo;association flamande du personnel ICT, recrute des profils ICT strat\u00e9giques pour le gouvernement flamand.<\/p>\n<p><strong>Jan Stoffels, administrateur g\u00e9n\u00e9ral<\/strong>, explique : <em>\u00ab\u00a0La p\u00e9nurie de talents exige une approche innovante et le budget mobilit\u00e9 l\u2019est parfaitement. Nous avons commenc\u00e9 \u00e0 l&rsquo;utiliser en 2020 ; un certain nombre de nos collaborateurs l&rsquo;ont \u00e9galement demand\u00e9. Les personnes qui postulent un emploi chez nous sont souvent s\u00e9duites par les possibilit\u00e9s offertes par le budget mobilit\u00e9. Sa force est qu&rsquo;il incite les personnes \u00e0 r\u00e9fl\u00e9chir \u00e0 leur mobilit\u00e9, de sorte qu&rsquo;ils n&rsquo;optent pas automatiquement pour une (grande) voiture. Ils se demandent s&rsquo;ils ne peuvent pas organiser diff\u00e9remment la mobilit\u00e9 de leur famille. Maintenant que le budget peut \u00e9galement \u00eatre utilis\u00e9 pour payer ou louer la maison si vous travaillez \u00e0 plus de 50 % depuis votre domicile (et pas seulement pour ceux qui habitent \u00e0 moins de 10 km de leur travail), c&rsquo;est aussi un bonus suppl\u00e9mentaire pour beaucoup. C&rsquo;est quand m\u00eame bien si vous devez rembourser, par exemple, 650 \u20ac de moins par mois sur votre pr\u00eat. Il s&rsquo;agit d&rsquo;une augmentation substantielle du pouvoir d&rsquo;achat, qui est aujourd&rsquo;hui plus que bienvenue.\u00a0\u00bb<\/em><br \/>\nLe responsable poursuit : <em>\u00ab\u00a0Le besoin en profils informatiques est \u00e9lev\u00e9. Pour notre organisation, nous avons un taux de croissance de 20% par an et nous n\u2019anticipons pas de changement dans un avenir proche. \u00c0 l&rsquo;heure actuelle, plus de 80 % de nos employ\u00e9s optent pour le budget mobilit\u00e9 ; une minorit\u00e9 choisit encore l&rsquo;une de nos voitures hybrides standard. C&rsquo;est un succ\u00e8s. La majorit\u00e9 d&rsquo;entre eux optent pour le budget mobilit\u00e9 : ils choisissent alors une voiture en combinaison avec une bicyclette ou d&rsquo;autres moyens de transport ; ou ils optent pour les frais de logement, souvent si la famille dispose d\u00e9j\u00e0 d&rsquo;une voiture. Le prix de revient des voitures vertes est encore souvent un facteur d\u00e9terminant. Un \u00e9cueil lors de l&rsquo;introduction du budget de mobilit\u00e9 est qu&rsquo;il peut para\u00eetre assez complexe administrativement de g\u00e9rer les d\u00e9penses\u00a0: c&rsquo;est pourquoi il est important d&rsquo;avoir une bonne interface dans laquelle l&#8217;employ\u00e9 peut g\u00e9rer les d\u00e9penses via un principe de self-service, sans alourdir l&rsquo;administration du d\u00e9partement RH.\u00a0\u00bb<\/em><\/p>\n<p><strong>Qui sont les employeurs ayant un Budget de mobilit\u00e9 en 2021 ? <\/strong><\/p>\n<ul>\n<li>Bien que le budget de mobilit\u00e9 soit le plus r\u00e9pandu en Flandre, c&rsquo;est \u00e0 Bruxelles qu&rsquo;il rencontre le plus de succ\u00e8s : 1,5% des employeurs l&rsquo;ont introduit (contre 0,5% des employeurs flamands, ou un tiers des employeurs bruxellois et 0,25% des employeurs wallons). Il s&rsquo;agit donc toujours d&rsquo;un outil innovant pour retenir ou attirer les gens.<\/li>\n<li>La plupart des employeurs sont de petites PME, mais en termes relatifs, le succ\u00e8s augmente avec la taille de l&rsquo;organisation (\u00e0 l&rsquo;exception des organisations comptant plus de 1 000 employ\u00e9s). C&rsquo;est dans les organisations de 500 \u00e0 999 employ\u00e9s que le budget de mobilit\u00e9 conna\u00eet le plus de succ\u00e8s : 8,7% des employeurs y mettent en \u0153uvre un budget mobilit\u00e9.<\/li>\n<li>Quelques secteurs qui se distinguent : le transport routier, la construction, les soins de sant\u00e9, les services sociaux et les TIC (programmation de logiciels).<\/li>\n<li>Pour l&rsquo;instant, seulement chez les employ\u00e9s. Les trois premi\u00e8res provinces : Bruxelles, le Brabant flamand et Anvers.<\/li>\n<li>Le noyau dur de ceux qui optent pour cette solution se situe entre 25 et 40 ans (64% des salari\u00e9s).<\/li>\n<li>Plus d&rsquo;hommes que de femmes, mais relativement parlant, la diff\u00e9rence n&rsquo;est pas si grande (0,13% contre 0,09%).<\/li>\n<\/ul>\n<p><a href=\"https:\/\/www.link2fleet.com\/wp-content\/uploads\/2022\/09\/SDWORX-budgetmobilite2_fr.png\"><img loading=\"lazy\" decoding=\"async\" class=\"aligncenter size-large wp-image-1283738\" src=\"https:\/\/www.link2fleet.com\/wp-content\/uploads\/2022\/09\/SDWORX-budgetmobilite2_fr-1024x630.png\" alt=\"\" width=\"640\" height=\"394\" \/><\/a> <a href=\"https:\/\/www.link2fleet.com\/wp-content\/uploads\/2022\/09\/sdworx-budgetmobilite_1.png\"><img loading=\"lazy\" decoding=\"async\" class=\"aligncenter wp-image-1283740 size-large\" src=\"https:\/\/www.link2fleet.com\/wp-content\/uploads\/2022\/09\/sdworx-budgetmobilite_1-1024x698.png\" alt=\"\" width=\"640\" height=\"436\" \/><\/a><\/p>\n","protected":false},"excerpt":{"rendered":"<p>Jordane Houdart, consultante juridique pour les PME chez SD Worx : \u00ab\u00a0Pour les sept premiers mois de 2022, nous constatons \u00e0 nouveau une augmentation du nombre d\u2019employ\u00e9s optant pour un budget mobilit\u00e9 : leur nombre a d\u00e9j\u00e0 augment\u00e9 de 50%, alors que le pic est encore \u00e0 venir en d\u00e9cembre. De plus en plus d&#8217;employeurs [&hellip;]<\/p>\n","protected":false},"author":4,"featured_media":4782,"comment_status":"closed","ping_status":"closed","sticky":false,"template":"","format":"standard","meta":{"_acf_changed":false,"footnotes":""},"categories":[91,101],"tags":[],"class_list":["post-7691","post","type-post","status-publish","format-standard","has-post-thumbnail","hentry","category-expertise-et-management","category-tax-legal"],"acf":[],"yoast_head":"<!-- This site is optimized with the Yoast SEO plugin v27.3 - https:\/\/yoast.com\/product\/yoast-seo-wordpress\/ -->\n<title>Le budget mobilit\u00e9 conna\u00eet un nouvel \u00e9lan gr\u00e2ce au t\u00e9l\u00e9travail - link2fleet<\/title>\n<meta name=\"description\" content=\"En analysant les sept premiers mois de 2022, un nouveau record de la proportion de salari\u00e9s disposant d&rsquo;un budget de mobilit\u00e9 se dessine. A la\u2026\" \/>\n<meta name=\"robots\" content=\"index, follow, max-snippet:-1, max-image-preview:large, max-video-preview:-1\" \/>\n<meta property=\"og:locale\" content=\"fr_FR\" \/>\n<meta property=\"og:type\" content=\"article\" \/>\n<meta property=\"og:title\" content=\"Le budget mobilit\u00e9 conna\u00eet un nouvel \u00e9lan gr\u00e2ce au t\u00e9l\u00e9travail - link2fleet\" \/>\n<meta property=\"og:description\" content=\"En analysant les sept premiers mois de 2022, un nouveau record de la proportion de salari\u00e9s disposant d&rsquo;un budget de mobilit\u00e9 se dessine. A la\u2026\" \/>\n<meta property=\"og:url\" content=\"https:\/\/www.link2fleet.com\/fr\/le-budget-mobilite-connait-un-nouvel-elan-grace-au-teletravail\/\" \/>\n<meta property=\"og:site_name\" content=\"link2fleet\" \/>\n<meta property=\"article:published_time\" content=\"2022-09-22T04:46:18+00:00\" \/>\n<meta property=\"article:modified_time\" content=\"2024-04-17T14:46:03+00:00\" \/>\n<meta property=\"og:image\" content=\"https:\/\/static.link2fleet.com\/wp-content\/uploads\/2024\/03\/mobilite-2020-0-750x321-1.jpg\" \/>\n\t<meta property=\"og:image:width\" content=\"750\" \/>\n\t<meta property=\"og:image:height\" content=\"321\" \/>\n\t<meta property=\"og:image:type\" content=\"image\/jpeg\" \/>\n<meta name=\"author\" content=\"Damien Malvetti\" \/>\n<meta name=\"twitter:card\" content=\"summary_large_image\" \/>\n<meta name=\"twitter:description\" content=\"En analysant les sept premiers mois de 2022, un nouveau record de la proportion de salari\u00e9s disposant d&rsquo;un budget de mobilit\u00e9 se dessine. A la\u2026\" \/>\n<meta name=\"twitter:label1\" content=\"\u00c9crit par\" \/>\n\t<meta name=\"twitter:data1\" content=\"Damien Malvetti\" \/>\n\t<meta name=\"twitter:label2\" content=\"Dur\u00e9e de lecture estim\u00e9e\" \/>\n\t<meta name=\"twitter:data2\" content=\"4 minutes\" \/>\n<script type=\"application\/ld+json\" class=\"yoast-schema-graph\">{\"@context\":\"https:\\\/\\\/schema.org\",\"@graph\":[{\"@type\":\"Article\",\"@id\":\"https:\\\/\\\/www.link2fleet.com\\\/fr\\\/le-budget-mobilite-connait-un-nouvel-elan-grace-au-teletravail\\\/#article\",\"isPartOf\":{\"@id\":\"https:\\\/\\\/www.link2fleet.com\\\/fr\\\/le-budget-mobilite-connait-un-nouvel-elan-grace-au-teletravail\\\/\"},\"author\":{\"name\":\"Damien Malvetti\",\"@id\":\"https:\\\/\\\/www.link2fleet.com\\\/fr\\\/#\\\/schema\\\/person\\\/027cd46113c78036b3809c9a054049da\"},\"headline\":\"Le budget mobilit\u00e9 conna\u00eet un nouvel \u00e9lan gr\u00e2ce au t\u00e9l\u00e9travail\",\"datePublished\":\"2022-09-22T04:46:18+00:00\",\"dateModified\":\"2024-04-17T14:46:03+00:00\",\"mainEntityOfPage\":{\"@id\":\"https:\\\/\\\/www.link2fleet.com\\\/fr\\\/le-budget-mobilite-connait-un-nouvel-elan-grace-au-teletravail\\\/\"},\"wordCount\":916,\"publisher\":{\"@id\":\"https:\\\/\\\/www.link2fleet.com\\\/fr\\\/#organization\"},\"image\":{\"@id\":\"https:\\\/\\\/www.link2fleet.com\\\/fr\\\/le-budget-mobilite-connait-un-nouvel-elan-grace-au-teletravail\\\/#primaryimage\"},\"thumbnailUrl\":\"https:\\\/\\\/static.link2fleet.com\\\/wp-content\\\/uploads\\\/2024\\\/03\\\/mobilite-2020-0-750x321-1.jpg\",\"articleSection\":[\"Gestion de flotte\",\"Tax &amp; legal\"],\"inLanguage\":\"fr-FR\"},{\"@type\":\"WebPage\",\"@id\":\"https:\\\/\\\/www.link2fleet.com\\\/fr\\\/le-budget-mobilite-connait-un-nouvel-elan-grace-au-teletravail\\\/\",\"url\":\"https:\\\/\\\/www.link2fleet.com\\\/fr\\\/le-budget-mobilite-connait-un-nouvel-elan-grace-au-teletravail\\\/\",\"name\":\"Le budget mobilit\u00e9 conna\u00eet un nouvel \u00e9lan gr\u00e2ce au t\u00e9l\u00e9travail - link2fleet\",\"isPartOf\":{\"@id\":\"https:\\\/\\\/www.link2fleet.com\\\/fr\\\/#website\"},\"primaryImageOfPage\":{\"@id\":\"https:\\\/\\\/www.link2fleet.com\\\/fr\\\/le-budget-mobilite-connait-un-nouvel-elan-grace-au-teletravail\\\/#primaryimage\"},\"image\":{\"@id\":\"https:\\\/\\\/www.link2fleet.com\\\/fr\\\/le-budget-mobilite-connait-un-nouvel-elan-grace-au-teletravail\\\/#primaryimage\"},\"thumbnailUrl\":\"https:\\\/\\\/static.link2fleet.com\\\/wp-content\\\/uploads\\\/2024\\\/03\\\/mobilite-2020-0-750x321-1.jpg\",\"datePublished\":\"2022-09-22T04:46:18+00:00\",\"dateModified\":\"2024-04-17T14:46:03+00:00\",\"breadcrumb\":{\"@id\":\"https:\\\/\\\/www.link2fleet.com\\\/fr\\\/le-budget-mobilite-connait-un-nouvel-elan-grace-au-teletravail\\\/#breadcrumb\"},\"inLanguage\":\"fr-FR\",\"potentialAction\":[{\"@type\":\"ReadAction\",\"target\":[\"https:\\\/\\\/www.link2fleet.com\\\/fr\\\/le-budget-mobilite-connait-un-nouvel-elan-grace-au-teletravail\\\/\"]}]},{\"@type\":\"ImageObject\",\"inLanguage\":\"fr-FR\",\"@id\":\"https:\\\/\\\/www.link2fleet.com\\\/fr\\\/le-budget-mobilite-connait-un-nouvel-elan-grace-au-teletravail\\\/#primaryimage\",\"url\":\"https:\\\/\\\/static.link2fleet.com\\\/wp-content\\\/uploads\\\/2024\\\/03\\\/mobilite-2020-0-750x321-1.jpg\",\"contentUrl\":\"https:\\\/\\\/static.link2fleet.com\\\/wp-content\\\/uploads\\\/2024\\\/03\\\/mobilite-2020-0-750x321-1.jpg\",\"width\":750,\"height\":321,\"caption\":\"||||\"},{\"@type\":\"BreadcrumbList\",\"@id\":\"https:\\\/\\\/www.link2fleet.com\\\/fr\\\/le-budget-mobilite-connait-un-nouvel-elan-grace-au-teletravail\\\/#breadcrumb\",\"itemListElement\":[{\"@type\":\"ListItem\",\"position\":1,\"name\":\"Home\",\"item\":\"https:\\\/\\\/www.link2fleet.com\\\/fr\\\/\"},{\"@type\":\"ListItem\",\"position\":2,\"name\":\"Le budget mobilit\u00e9 conna\u00eet un nouvel \u00e9lan gr\u00e2ce au t\u00e9l\u00e9travail\"}]},{\"@type\":\"WebSite\",\"@id\":\"https:\\\/\\\/www.link2fleet.com\\\/fr\\\/#website\",\"url\":\"https:\\\/\\\/www.link2fleet.com\\\/fr\\\/\",\"name\":\"Link2fleet\",\"description\":\"\",\"publisher\":{\"@id\":\"https:\\\/\\\/www.link2fleet.com\\\/fr\\\/#organization\"},\"potentialAction\":[{\"@type\":\"SearchAction\",\"target\":{\"@type\":\"EntryPoint\",\"urlTemplate\":\"https:\\\/\\\/www.link2fleet.com\\\/fr\\\/?s={search_term_string}\"},\"query-input\":{\"@type\":\"PropertyValueSpecification\",\"valueRequired\":true,\"valueName\":\"search_term_string\"}}],\"inLanguage\":\"fr-FR\"},{\"@type\":\"Organization\",\"@id\":\"https:\\\/\\\/www.link2fleet.com\\\/fr\\\/#organization\",\"name\":\"Link2fleet\",\"url\":\"https:\\\/\\\/www.link2fleet.com\\\/fr\\\/\",\"logo\":{\"@type\":\"ImageObject\",\"inLanguage\":\"fr-FR\",\"@id\":\"https:\\\/\\\/www.link2fleet.com\\\/fr\\\/#\\\/schema\\\/logo\\\/image\\\/\",\"url\":\"https:\\\/\\\/static.link2fleet.com\\\/wp-content\\\/uploads\\\/2024\\\/03\\\/share-image.jpg\",\"contentUrl\":\"https:\\\/\\\/static.link2fleet.com\\\/wp-content\\\/uploads\\\/2024\\\/03\\\/share-image.jpg\",\"width\":1200,\"height\":630,\"caption\":\"Link2fleet\"},\"image\":{\"@id\":\"https:\\\/\\\/www.link2fleet.com\\\/fr\\\/#\\\/schema\\\/logo\\\/image\\\/\"},\"sameAs\":[\"https:\\\/\\\/www.linkedin.com\\\/company\\\/link2fleet-belgium\",\"https:\\\/\\\/www.youtube.com\\\/user\\\/MMMBMBE\"]},{\"@type\":\"Person\",\"@id\":\"https:\\\/\\\/www.link2fleet.com\\\/fr\\\/#\\\/schema\\\/person\\\/027cd46113c78036b3809c9a054049da\",\"name\":\"Damien Malvetti\",\"image\":{\"@type\":\"ImageObject\",\"inLanguage\":\"fr-FR\",\"@id\":\"https:\\\/\\\/secure.gravatar.com\\\/avatar\\\/dd8cc03b49466c735f753ac37f8caa371af16dfed347456ed61f02883255eebb?s=96&d=mm&r=g\",\"url\":\"https:\\\/\\\/secure.gravatar.com\\\/avatar\\\/dd8cc03b49466c735f753ac37f8caa371af16dfed347456ed61f02883255eebb?s=96&d=mm&r=g\",\"contentUrl\":\"https:\\\/\\\/secure.gravatar.com\\\/avatar\\\/dd8cc03b49466c735f753ac37f8caa371af16dfed347456ed61f02883255eebb?s=96&d=mm&r=g\",\"caption\":\"Damien Malvetti\"},\"description\":\"Damien Malvetti is opgeleid als journalist en gepassioneerd door wagens, technologie en mobiliteit. Hij is verantwoordelijk voor de redactionele inhoud van link2fleet en beschikt over een uitgebreide kennis van de fleet-sector en elektrische mobiliteit.\",\"sameAs\":[\"https:\\\/\\\/www.linkedin.com\\\/in\\\/damien-malvetti-56601142\\\/\"]}]}<\/script>\n<!-- \/ Yoast SEO plugin. -->","yoast_head_json":{"title":"Le budget mobilit\u00e9 conna\u00eet un nouvel \u00e9lan gr\u00e2ce au t\u00e9l\u00e9travail - link2fleet","description":"En analysant les sept premiers mois de 2022, un nouveau record de la proportion de salari\u00e9s disposant d&rsquo;un budget de mobilit\u00e9 se dessine. A la\u2026","robots":{"index":"index","follow":"follow","max-snippet":"max-snippet:-1","max-image-preview":"max-image-preview:large","max-video-preview":"max-video-preview:-1"},"og_locale":"fr_FR","og_type":"article","og_title":"Le budget mobilit\u00e9 conna\u00eet un nouvel \u00e9lan gr\u00e2ce au t\u00e9l\u00e9travail - link2fleet","og_description":"En analysant les sept premiers mois de 2022, un nouveau record de la proportion de salari\u00e9s disposant d&rsquo;un budget de mobilit\u00e9 se dessine. A la\u2026","og_url":"https:\/\/www.link2fleet.com\/fr\/le-budget-mobilite-connait-un-nouvel-elan-grace-au-teletravail\/","og_site_name":"link2fleet","article_published_time":"2022-09-22T04:46:18+00:00","article_modified_time":"2024-04-17T14:46:03+00:00","og_image":[{"width":750,"height":321,"url":"https:\/\/static.link2fleet.com\/wp-content\/uploads\/2024\/03\/mobilite-2020-0-750x321-1.jpg","type":"image\/jpeg"}],"author":"Damien Malvetti","twitter_card":"summary_large_image","twitter_description":"En analysant les sept premiers mois de 2022, un nouveau record de la proportion de salari\u00e9s disposant d&rsquo;un budget de mobilit\u00e9 se dessine. A la\u2026","twitter_misc":{"\u00c9crit par":"Damien Malvetti","Dur\u00e9e de lecture estim\u00e9e":"4 minutes"},"schema":{"@context":"https:\/\/schema.org","@graph":[{"@type":"Article","@id":"https:\/\/www.link2fleet.com\/fr\/le-budget-mobilite-connait-un-nouvel-elan-grace-au-teletravail\/#article","isPartOf":{"@id":"https:\/\/www.link2fleet.com\/fr\/le-budget-mobilite-connait-un-nouvel-elan-grace-au-teletravail\/"},"author":{"name":"Damien Malvetti","@id":"https:\/\/www.link2fleet.com\/fr\/#\/schema\/person\/027cd46113c78036b3809c9a054049da"},"headline":"Le budget mobilit\u00e9 conna\u00eet un nouvel \u00e9lan gr\u00e2ce au t\u00e9l\u00e9travail","datePublished":"2022-09-22T04:46:18+00:00","dateModified":"2024-04-17T14:46:03+00:00","mainEntityOfPage":{"@id":"https:\/\/www.link2fleet.com\/fr\/le-budget-mobilite-connait-un-nouvel-elan-grace-au-teletravail\/"},"wordCount":916,"publisher":{"@id":"https:\/\/www.link2fleet.com\/fr\/#organization"},"image":{"@id":"https:\/\/www.link2fleet.com\/fr\/le-budget-mobilite-connait-un-nouvel-elan-grace-au-teletravail\/#primaryimage"},"thumbnailUrl":"https:\/\/static.link2fleet.com\/wp-content\/uploads\/2024\/03\/mobilite-2020-0-750x321-1.jpg","articleSection":["Gestion de flotte","Tax &amp; legal"],"inLanguage":"fr-FR"},{"@type":"WebPage","@id":"https:\/\/www.link2fleet.com\/fr\/le-budget-mobilite-connait-un-nouvel-elan-grace-au-teletravail\/","url":"https:\/\/www.link2fleet.com\/fr\/le-budget-mobilite-connait-un-nouvel-elan-grace-au-teletravail\/","name":"Le budget mobilit\u00e9 conna\u00eet un nouvel \u00e9lan gr\u00e2ce au t\u00e9l\u00e9travail - link2fleet","isPartOf":{"@id":"https:\/\/www.link2fleet.com\/fr\/#website"},"primaryImageOfPage":{"@id":"https:\/\/www.link2fleet.com\/fr\/le-budget-mobilite-connait-un-nouvel-elan-grace-au-teletravail\/#primaryimage"},"image":{"@id":"https:\/\/www.link2fleet.com\/fr\/le-budget-mobilite-connait-un-nouvel-elan-grace-au-teletravail\/#primaryimage"},"thumbnailUrl":"https:\/\/static.link2fleet.com\/wp-content\/uploads\/2024\/03\/mobilite-2020-0-750x321-1.jpg","datePublished":"2022-09-22T04:46:18+00:00","dateModified":"2024-04-17T14:46:03+00:00","breadcrumb":{"@id":"https:\/\/www.link2fleet.com\/fr\/le-budget-mobilite-connait-un-nouvel-elan-grace-au-teletravail\/#breadcrumb"},"inLanguage":"fr-FR","potentialAction":[{"@type":"ReadAction","target":["https:\/\/www.link2fleet.com\/fr\/le-budget-mobilite-connait-un-nouvel-elan-grace-au-teletravail\/"]}]},{"@type":"ImageObject","inLanguage":"fr-FR","@id":"https:\/\/www.link2fleet.com\/fr\/le-budget-mobilite-connait-un-nouvel-elan-grace-au-teletravail\/#primaryimage","url":"https:\/\/static.link2fleet.com\/wp-content\/uploads\/2024\/03\/mobilite-2020-0-750x321-1.jpg","contentUrl":"https:\/\/static.link2fleet.com\/wp-content\/uploads\/2024\/03\/mobilite-2020-0-750x321-1.jpg","width":750,"height":321,"caption":"||||"},{"@type":"BreadcrumbList","@id":"https:\/\/www.link2fleet.com\/fr\/le-budget-mobilite-connait-un-nouvel-elan-grace-au-teletravail\/#breadcrumb","itemListElement":[{"@type":"ListItem","position":1,"name":"Home","item":"https:\/\/www.link2fleet.com\/fr\/"},{"@type":"ListItem","position":2,"name":"Le budget mobilit\u00e9 conna\u00eet un nouvel \u00e9lan gr\u00e2ce au t\u00e9l\u00e9travail"}]},{"@type":"WebSite","@id":"https:\/\/www.link2fleet.com\/fr\/#website","url":"https:\/\/www.link2fleet.com\/fr\/","name":"Link2fleet","description":"","publisher":{"@id":"https:\/\/www.link2fleet.com\/fr\/#organization"},"potentialAction":[{"@type":"SearchAction","target":{"@type":"EntryPoint","urlTemplate":"https:\/\/www.link2fleet.com\/fr\/?s={search_term_string}"},"query-input":{"@type":"PropertyValueSpecification","valueRequired":true,"valueName":"search_term_string"}}],"inLanguage":"fr-FR"},{"@type":"Organization","@id":"https:\/\/www.link2fleet.com\/fr\/#organization","name":"Link2fleet","url":"https:\/\/www.link2fleet.com\/fr\/","logo":{"@type":"ImageObject","inLanguage":"fr-FR","@id":"https:\/\/www.link2fleet.com\/fr\/#\/schema\/logo\/image\/","url":"https:\/\/static.link2fleet.com\/wp-content\/uploads\/2024\/03\/share-image.jpg","contentUrl":"https:\/\/static.link2fleet.com\/wp-content\/uploads\/2024\/03\/share-image.jpg","width":1200,"height":630,"caption":"Link2fleet"},"image":{"@id":"https:\/\/www.link2fleet.com\/fr\/#\/schema\/logo\/image\/"},"sameAs":["https:\/\/www.linkedin.com\/company\/link2fleet-belgium","https:\/\/www.youtube.com\/user\/MMMBMBE"]},{"@type":"Person","@id":"https:\/\/www.link2fleet.com\/fr\/#\/schema\/person\/027cd46113c78036b3809c9a054049da","name":"Damien Malvetti","image":{"@type":"ImageObject","inLanguage":"fr-FR","@id":"https:\/\/secure.gravatar.com\/avatar\/dd8cc03b49466c735f753ac37f8caa371af16dfed347456ed61f02883255eebb?s=96&d=mm&r=g","url":"https:\/\/secure.gravatar.com\/avatar\/dd8cc03b49466c735f753ac37f8caa371af16dfed347456ed61f02883255eebb?s=96&d=mm&r=g","contentUrl":"https:\/\/secure.gravatar.com\/avatar\/dd8cc03b49466c735f753ac37f8caa371af16dfed347456ed61f02883255eebb?s=96&d=mm&r=g","caption":"Damien Malvetti"},"description":"Damien Malvetti is opgeleid als journalist en gepassioneerd door wagens, technologie en mobiliteit. Hij is verantwoordelijk voor de redactionele inhoud van link2fleet en beschikt over een uitgebreide kennis van de fleet-sector en elektrische mobiliteit.","sameAs":["https:\/\/www.linkedin.com\/in\/damien-malvetti-56601142\/"]}]}},"_links":{"self":[{"href":"https:\/\/www.link2fleet.com\/fr\/wp-json\/wp\/v2\/posts\/7691","targetHints":{"allow":["GET"]}}],"collection":[{"href":"https:\/\/www.link2fleet.com\/fr\/wp-json\/wp\/v2\/posts"}],"about":[{"href":"https:\/\/www.link2fleet.com\/fr\/wp-json\/wp\/v2\/types\/post"}],"author":[{"embeddable":true,"href":"https:\/\/www.link2fleet.com\/fr\/wp-json\/wp\/v2\/users\/4"}],"replies":[{"embeddable":true,"href":"https:\/\/www.link2fleet.com\/fr\/wp-json\/wp\/v2\/comments?post=7691"}],"version-history":[{"count":0,"href":"https:\/\/www.link2fleet.com\/fr\/wp-json\/wp\/v2\/posts\/7691\/revisions"}],"wp:featuredmedia":[{"embeddable":true,"href":"https:\/\/www.link2fleet.com\/fr\/wp-json\/wp\/v2\/media\/4782"}],"wp:attachment":[{"href":"https:\/\/www.link2fleet.com\/fr\/wp-json\/wp\/v2\/media?parent=7691"}],"wp:term":[{"taxonomy":"category","embeddable":true,"href":"https:\/\/www.link2fleet.com\/fr\/wp-json\/wp\/v2\/categories?post=7691"},{"taxonomy":"post_tag","embeddable":true,"href":"https:\/\/www.link2fleet.com\/fr\/wp-json\/wp\/v2\/tags?post=7691"}],"curies":[{"name":"wp","href":"https:\/\/api.w.org\/{rel}","templated":true}]}}