{"id":7696,"date":"2022-09-22T15:05:38","date_gmt":"2022-09-22T13:05:38","guid":{"rendered":"https:\/\/www.link2fleet.com\/wit-gele-kruis-choisit-la-fiat-tipo-sw-pour-ses-equipes-specialisees\/"},"modified":"2022-09-22T15:05:38","modified_gmt":"2022-09-22T13:05:38","slug":"wit-gele-kruis-choisit-la-fiat-tipo-sw-pour-ses-equipes-specialisees","status":"publish","type":"post","link":"https:\/\/www.link2fleet.com\/fr\/wit-gele-kruis-choisit-la-fiat-tipo-sw-pour-ses-equipes-specialisees\/","title":{"rendered":"Wit-Gele Kruis choisit la Fiat Tipo SW pour ses \u00e9quipes sp\u00e9cialis\u00e9es."},"content":{"rendered":"<p>La Fiat Tipo SW est la voiture id\u00e9ale pour les d\u00e9placements professionnels, une voiture polyvalente et fonctionnelle pour r\u00e9pondre aux besoins du trafic quotidien, gr\u00e2ce notamment \u00e0 la r\u00e9introduction de la transmission automatique dans la gamme.<\/p>\n<blockquote><p>\u201cLa Fiat Tipo est une voiture pratique et spacieuse qui respecte \u00e9galement l&rsquo;environnement, une solution de mobilit\u00e9 id\u00e9ale pour les infirmi\u00e8res de nos \u00e9quipes sp\u00e9cialis\u00e9es et de l&rsquo;\u00e9quipe Diab\u00e8te, qui ont besoin de beaucoup d&rsquo;espace pour le mat\u00e9riel m\u00e9dical. Nos voitures ne sont pas seulement notre enseigne mais aussi et surtout un outil de travail essentiel\u201d &#8211; An Rombaut, directeur des activit\u00e9s.<\/p><\/blockquote>\n<p>&nbsp;<\/p>\n\n<p>&nbsp;<\/p>\n<p>&nbsp;<\/p>\n<p>&nbsp;<\/p>\n","protected":false},"excerpt":{"rendered":"<p>La Fiat Tipo SW est la voiture id\u00e9ale pour les d\u00e9placements professionnels, une voiture polyvalente et fonctionnelle pour r\u00e9pondre aux besoins du trafic quotidien, gr\u00e2ce notamment \u00e0 la r\u00e9introduction de la transmission automatique dans la gamme. \u201cLa Fiat Tipo est une voiture pratique et spacieuse qui respecte \u00e9galement l&rsquo;environnement, une solution de mobilit\u00e9 id\u00e9ale pour [&hellip;]<\/p>\n","protected":false},"author":43,"featured_media":7697,"comment_status":"closed","ping_status":"closed","sticky":false,"template":"","format":"standard","meta":{"_acf_changed":false,"footnotes":""},"categories":[91],"tags":[],"class_list":["post-7696","post","type-post","status-publish","format-standard","has-post-thumbnail","hentry","category-expertise-et-management"],"acf":[],"yoast_head":"<!-- This site is optimized with the Yoast SEO plugin v27.3 - https:\/\/yoast.com\/product\/yoast-seo-wordpress\/ -->\n<title>Wit-Gele Kruis choisit la Fiat Tipo SW pour ses \u00e9quipes sp\u00e9cialis\u00e9es. - link2fleet<\/title>\n<meta name=\"description\" content=\"Hier, neuf infirmi\u00e8res \u00e0 domicile de la Wit-Gele Kruis &#8211; la plus grande organisation de soins \u00e0 domicile de Flandre &#8211; ont pu prendre livraison\u2026\" \/>\n<meta name=\"robots\" content=\"index, follow, max-snippet:-1, max-image-preview:large, max-video-preview:-1\" \/>\n<meta property=\"og:locale\" content=\"fr_FR\" \/>\n<meta property=\"og:type\" content=\"article\" \/>\n<meta property=\"og:title\" content=\"Wit-Gele Kruis choisit la Fiat Tipo SW pour ses \u00e9quipes sp\u00e9cialis\u00e9es. - link2fleet\" \/>\n<meta property=\"og:description\" content=\"Hier, neuf infirmi\u00e8res \u00e0 domicile de la Wit-Gele Kruis &#8211; la plus grande organisation de soins \u00e0 domicile de Flandre &#8211; ont pu prendre livraison\u2026\" \/>\n<meta property=\"og:url\" content=\"https:\/\/www.link2fleet.com\/fr\/wit-gele-kruis-choisit-la-fiat-tipo-sw-pour-ses-equipes-specialisees\/\" \/>\n<meta property=\"og:site_name\" content=\"link2fleet\" \/>\n<meta property=\"article:published_time\" content=\"2022-09-22T13:05:38+00:00\" \/>\n<meta property=\"og:image\" content=\"https:\/\/static.link2fleet.com\/wp-content\/uploads\/2024\/03\/fiat-tipo-sw-wgkr-1-scaled-1.jpeg\" \/>\n\t<meta property=\"og:image:width\" content=\"2560\" \/>\n\t<meta property=\"og:image:height\" content=\"1920\" \/>\n\t<meta property=\"og:image:type\" content=\"image\/jpeg\" \/>\n<meta name=\"author\" content=\"Jeroen Evens\" \/>\n<meta name=\"twitter:card\" content=\"summary_large_image\" \/>\n<meta name=\"twitter:description\" content=\"Hier, neuf infirmi\u00e8res \u00e0 domicile de la Wit-Gele Kruis &#8211; la plus grande organisation de soins \u00e0 domicile de Flandre &#8211; ont pu prendre livraison\u2026\" \/>\n<meta name=\"twitter:label1\" content=\"\u00c9crit par\" \/>\n\t<meta name=\"twitter:data1\" content=\"Jeroen Evens\" \/>\n\t<meta name=\"twitter:label2\" content=\"Dur\u00e9e de lecture estim\u00e9e\" \/>\n\t<meta name=\"twitter:data2\" content=\"1 minute\" \/>\n<script type=\"application\/ld+json\" class=\"yoast-schema-graph\">{\"@context\":\"https:\\\/\\\/schema.org\",\"@graph\":[{\"@type\":\"Article\",\"@id\":\"https:\\\/\\\/www.link2fleet.com\\\/fr\\\/wit-gele-kruis-choisit-la-fiat-tipo-sw-pour-ses-equipes-specialisees\\\/#article\",\"isPartOf\":{\"@id\":\"https:\\\/\\\/www.link2fleet.com\\\/fr\\\/wit-gele-kruis-choisit-la-fiat-tipo-sw-pour-ses-equipes-specialisees\\\/\"},\"author\":{\"name\":\"Jeroen Evens\",\"@id\":\"https:\\\/\\\/www.link2fleet.com\\\/fr\\\/#\\\/schema\\\/person\\\/3f23fa5cf039e25761156c930f6bf38f\"},\"headline\":\"Wit-Gele Kruis choisit la Fiat Tipo SW pour ses \u00e9quipes sp\u00e9cialis\u00e9es.\",\"datePublished\":\"2022-09-22T13:05:38+00:00\",\"mainEntityOfPage\":{\"@id\":\"https:\\\/\\\/www.link2fleet.com\\\/fr\\\/wit-gele-kruis-choisit-la-fiat-tipo-sw-pour-ses-equipes-specialisees\\\/\"},\"wordCount\":272,\"publisher\":{\"@id\":\"https:\\\/\\\/www.link2fleet.com\\\/fr\\\/#organization\"},\"image\":{\"@id\":\"https:\\\/\\\/www.link2fleet.com\\\/fr\\\/wit-gele-kruis-choisit-la-fiat-tipo-sw-pour-ses-equipes-specialisees\\\/#primaryimage\"},\"thumbnailUrl\":\"https:\\\/\\\/static.link2fleet.com\\\/wp-content\\\/uploads\\\/2024\\\/03\\\/fiat-tipo-sw-wgkr-1-scaled-1.jpeg\",\"articleSection\":[\"Gestion de flotte\"],\"inLanguage\":\"fr-FR\"},{\"@type\":\"WebPage\",\"@id\":\"https:\\\/\\\/www.link2fleet.com\\\/fr\\\/wit-gele-kruis-choisit-la-fiat-tipo-sw-pour-ses-equipes-specialisees\\\/\",\"url\":\"https:\\\/\\\/www.link2fleet.com\\\/fr\\\/wit-gele-kruis-choisit-la-fiat-tipo-sw-pour-ses-equipes-specialisees\\\/\",\"name\":\"Wit-Gele Kruis choisit la Fiat Tipo SW pour ses \u00e9quipes sp\u00e9cialis\u00e9es. - link2fleet\",\"isPartOf\":{\"@id\":\"https:\\\/\\\/www.link2fleet.com\\\/fr\\\/#website\"},\"primaryImageOfPage\":{\"@id\":\"https:\\\/\\\/www.link2fleet.com\\\/fr\\\/wit-gele-kruis-choisit-la-fiat-tipo-sw-pour-ses-equipes-specialisees\\\/#primaryimage\"},\"image\":{\"@id\":\"https:\\\/\\\/www.link2fleet.com\\\/fr\\\/wit-gele-kruis-choisit-la-fiat-tipo-sw-pour-ses-equipes-specialisees\\\/#primaryimage\"},\"thumbnailUrl\":\"https:\\\/\\\/static.link2fleet.com\\\/wp-content\\\/uploads\\\/2024\\\/03\\\/fiat-tipo-sw-wgkr-1-scaled-1.jpeg\",\"datePublished\":\"2022-09-22T13:05:38+00:00\",\"breadcrumb\":{\"@id\":\"https:\\\/\\\/www.link2fleet.com\\\/fr\\\/wit-gele-kruis-choisit-la-fiat-tipo-sw-pour-ses-equipes-specialisees\\\/#breadcrumb\"},\"inLanguage\":\"fr-FR\",\"potentialAction\":[{\"@type\":\"ReadAction\",\"target\":[\"https:\\\/\\\/www.link2fleet.com\\\/fr\\\/wit-gele-kruis-choisit-la-fiat-tipo-sw-pour-ses-equipes-specialisees\\\/\"]}]},{\"@type\":\"ImageObject\",\"inLanguage\":\"fr-FR\",\"@id\":\"https:\\\/\\\/www.link2fleet.com\\\/fr\\\/wit-gele-kruis-choisit-la-fiat-tipo-sw-pour-ses-equipes-specialisees\\\/#primaryimage\",\"url\":\"https:\\\/\\\/static.link2fleet.com\\\/wp-content\\\/uploads\\\/2024\\\/03\\\/fiat-tipo-sw-wgkr-1-scaled-1.jpeg\",\"contentUrl\":\"https:\\\/\\\/static.link2fleet.com\\\/wp-content\\\/uploads\\\/2024\\\/03\\\/fiat-tipo-sw-wgkr-1-scaled-1.jpeg\",\"width\":2560,\"height\":1920,\"caption\":\"||||\"},{\"@type\":\"BreadcrumbList\",\"@id\":\"https:\\\/\\\/www.link2fleet.com\\\/fr\\\/wit-gele-kruis-choisit-la-fiat-tipo-sw-pour-ses-equipes-specialisees\\\/#breadcrumb\",\"itemListElement\":[{\"@type\":\"ListItem\",\"position\":1,\"name\":\"Home\",\"item\":\"https:\\\/\\\/www.link2fleet.com\\\/fr\\\/\"},{\"@type\":\"ListItem\",\"position\":2,\"name\":\"Wit-Gele Kruis choisit la Fiat Tipo SW pour ses \u00e9quipes sp\u00e9cialis\u00e9es.\"}]},{\"@type\":\"WebSite\",\"@id\":\"https:\\\/\\\/www.link2fleet.com\\\/fr\\\/#website\",\"url\":\"https:\\\/\\\/www.link2fleet.com\\\/fr\\\/\",\"name\":\"Link2fleet\",\"description\":\"\",\"publisher\":{\"@id\":\"https:\\\/\\\/www.link2fleet.com\\\/fr\\\/#organization\"},\"potentialAction\":[{\"@type\":\"SearchAction\",\"target\":{\"@type\":\"EntryPoint\",\"urlTemplate\":\"https:\\\/\\\/www.link2fleet.com\\\/fr\\\/?s={search_term_string}\"},\"query-input\":{\"@type\":\"PropertyValueSpecification\",\"valueRequired\":true,\"valueName\":\"search_term_string\"}}],\"inLanguage\":\"fr-FR\"},{\"@type\":\"Organization\",\"@id\":\"https:\\\/\\\/www.link2fleet.com\\\/fr\\\/#organization\",\"name\":\"Link2fleet\",\"url\":\"https:\\\/\\\/www.link2fleet.com\\\/fr\\\/\",\"logo\":{\"@type\":\"ImageObject\",\"inLanguage\":\"fr-FR\",\"@id\":\"https:\\\/\\\/www.link2fleet.com\\\/fr\\\/#\\\/schema\\\/logo\\\/image\\\/\",\"url\":\"https:\\\/\\\/static.link2fleet.com\\\/wp-content\\\/uploads\\\/2024\\\/03\\\/share-image.jpg\",\"contentUrl\":\"https:\\\/\\\/static.link2fleet.com\\\/wp-content\\\/uploads\\\/2024\\\/03\\\/share-image.jpg\",\"width\":1200,\"height\":630,\"caption\":\"Link2fleet\"},\"image\":{\"@id\":\"https:\\\/\\\/www.link2fleet.com\\\/fr\\\/#\\\/schema\\\/logo\\\/image\\\/\"},\"sameAs\":[\"https:\\\/\\\/www.linkedin.com\\\/company\\\/link2fleet-belgium\",\"https:\\\/\\\/www.youtube.com\\\/user\\\/MMMBMBE\"]},{\"@type\":\"Person\",\"@id\":\"https:\\\/\\\/www.link2fleet.com\\\/fr\\\/#\\\/schema\\\/person\\\/3f23fa5cf039e25761156c930f6bf38f\",\"name\":\"Jeroen Evens\",\"image\":{\"@type\":\"ImageObject\",\"inLanguage\":\"fr-FR\",\"@id\":\"https:\\\/\\\/secure.gravatar.com\\\/avatar\\\/6e059523a84fbec54e5ec5d0f3fb4322b7b077be22b323085f823d1d7f00f32e?s=96&d=mm&r=g\",\"url\":\"https:\\\/\\\/secure.gravatar.com\\\/avatar\\\/6e059523a84fbec54e5ec5d0f3fb4322b7b077be22b323085f823d1d7f00f32e?s=96&d=mm&r=g\",\"contentUrl\":\"https:\\\/\\\/secure.gravatar.com\\\/avatar\\\/6e059523a84fbec54e5ec5d0f3fb4322b7b077be22b323085f823d1d7f00f32e?s=96&d=mm&r=g\",\"caption\":\"Jeroen Evens\"},\"description\":\"Jeroen Evens is opgeleid in de Communicatiewetenschappen (KULeuven) en is een enthousiaste volger van alles wat met mobiliteit en bedrijfswagens te maken heeft. Als freelance journalist gespecialiseerd in de fleetsector houdt hij al drie jaar lang de vinger aan de pols van de laatste ontwikkelingen in onze sector.\"}]}<\/script>\n<!-- \/ Yoast SEO plugin. -->","yoast_head_json":{"title":"Wit-Gele Kruis choisit la Fiat Tipo SW pour ses \u00e9quipes sp\u00e9cialis\u00e9es. - link2fleet","description":"Hier, neuf infirmi\u00e8res \u00e0 domicile de la Wit-Gele Kruis &#8211; la plus grande organisation de soins \u00e0 domicile de Flandre &#8211; ont pu prendre livraison\u2026","robots":{"index":"index","follow":"follow","max-snippet":"max-snippet:-1","max-image-preview":"max-image-preview:large","max-video-preview":"max-video-preview:-1"},"og_locale":"fr_FR","og_type":"article","og_title":"Wit-Gele Kruis choisit la Fiat Tipo SW pour ses \u00e9quipes sp\u00e9cialis\u00e9es. - link2fleet","og_description":"Hier, neuf infirmi\u00e8res \u00e0 domicile de la Wit-Gele Kruis &#8211; la plus grande organisation de soins \u00e0 domicile de Flandre &#8211; ont pu prendre livraison\u2026","og_url":"https:\/\/www.link2fleet.com\/fr\/wit-gele-kruis-choisit-la-fiat-tipo-sw-pour-ses-equipes-specialisees\/","og_site_name":"link2fleet","article_published_time":"2022-09-22T13:05:38+00:00","og_image":[{"width":2560,"height":1920,"url":"https:\/\/static.link2fleet.com\/wp-content\/uploads\/2024\/03\/fiat-tipo-sw-wgkr-1-scaled-1.jpeg","type":"image\/jpeg"}],"author":"Jeroen Evens","twitter_card":"summary_large_image","twitter_description":"Hier, neuf infirmi\u00e8res \u00e0 domicile de la Wit-Gele Kruis &#8211; la plus grande organisation de soins \u00e0 domicile de Flandre &#8211; ont pu prendre livraison\u2026","twitter_misc":{"\u00c9crit par":"Jeroen Evens","Dur\u00e9e de lecture estim\u00e9e":"1 minute"},"schema":{"@context":"https:\/\/schema.org","@graph":[{"@type":"Article","@id":"https:\/\/www.link2fleet.com\/fr\/wit-gele-kruis-choisit-la-fiat-tipo-sw-pour-ses-equipes-specialisees\/#article","isPartOf":{"@id":"https:\/\/www.link2fleet.com\/fr\/wit-gele-kruis-choisit-la-fiat-tipo-sw-pour-ses-equipes-specialisees\/"},"author":{"name":"Jeroen Evens","@id":"https:\/\/www.link2fleet.com\/fr\/#\/schema\/person\/3f23fa5cf039e25761156c930f6bf38f"},"headline":"Wit-Gele Kruis choisit la Fiat Tipo SW pour ses \u00e9quipes sp\u00e9cialis\u00e9es.","datePublished":"2022-09-22T13:05:38+00:00","mainEntityOfPage":{"@id":"https:\/\/www.link2fleet.com\/fr\/wit-gele-kruis-choisit-la-fiat-tipo-sw-pour-ses-equipes-specialisees\/"},"wordCount":272,"publisher":{"@id":"https:\/\/www.link2fleet.com\/fr\/#organization"},"image":{"@id":"https:\/\/www.link2fleet.com\/fr\/wit-gele-kruis-choisit-la-fiat-tipo-sw-pour-ses-equipes-specialisees\/#primaryimage"},"thumbnailUrl":"https:\/\/static.link2fleet.com\/wp-content\/uploads\/2024\/03\/fiat-tipo-sw-wgkr-1-scaled-1.jpeg","articleSection":["Gestion de flotte"],"inLanguage":"fr-FR"},{"@type":"WebPage","@id":"https:\/\/www.link2fleet.com\/fr\/wit-gele-kruis-choisit-la-fiat-tipo-sw-pour-ses-equipes-specialisees\/","url":"https:\/\/www.link2fleet.com\/fr\/wit-gele-kruis-choisit-la-fiat-tipo-sw-pour-ses-equipes-specialisees\/","name":"Wit-Gele Kruis choisit la Fiat Tipo SW pour ses \u00e9quipes sp\u00e9cialis\u00e9es. - link2fleet","isPartOf":{"@id":"https:\/\/www.link2fleet.com\/fr\/#website"},"primaryImageOfPage":{"@id":"https:\/\/www.link2fleet.com\/fr\/wit-gele-kruis-choisit-la-fiat-tipo-sw-pour-ses-equipes-specialisees\/#primaryimage"},"image":{"@id":"https:\/\/www.link2fleet.com\/fr\/wit-gele-kruis-choisit-la-fiat-tipo-sw-pour-ses-equipes-specialisees\/#primaryimage"},"thumbnailUrl":"https:\/\/static.link2fleet.com\/wp-content\/uploads\/2024\/03\/fiat-tipo-sw-wgkr-1-scaled-1.jpeg","datePublished":"2022-09-22T13:05:38+00:00","breadcrumb":{"@id":"https:\/\/www.link2fleet.com\/fr\/wit-gele-kruis-choisit-la-fiat-tipo-sw-pour-ses-equipes-specialisees\/#breadcrumb"},"inLanguage":"fr-FR","potentialAction":[{"@type":"ReadAction","target":["https:\/\/www.link2fleet.com\/fr\/wit-gele-kruis-choisit-la-fiat-tipo-sw-pour-ses-equipes-specialisees\/"]}]},{"@type":"ImageObject","inLanguage":"fr-FR","@id":"https:\/\/www.link2fleet.com\/fr\/wit-gele-kruis-choisit-la-fiat-tipo-sw-pour-ses-equipes-specialisees\/#primaryimage","url":"https:\/\/static.link2fleet.com\/wp-content\/uploads\/2024\/03\/fiat-tipo-sw-wgkr-1-scaled-1.jpeg","contentUrl":"https:\/\/static.link2fleet.com\/wp-content\/uploads\/2024\/03\/fiat-tipo-sw-wgkr-1-scaled-1.jpeg","width":2560,"height":1920,"caption":"||||"},{"@type":"BreadcrumbList","@id":"https:\/\/www.link2fleet.com\/fr\/wit-gele-kruis-choisit-la-fiat-tipo-sw-pour-ses-equipes-specialisees\/#breadcrumb","itemListElement":[{"@type":"ListItem","position":1,"name":"Home","item":"https:\/\/www.link2fleet.com\/fr\/"},{"@type":"ListItem","position":2,"name":"Wit-Gele Kruis choisit la Fiat Tipo SW pour ses \u00e9quipes sp\u00e9cialis\u00e9es."}]},{"@type":"WebSite","@id":"https:\/\/www.link2fleet.com\/fr\/#website","url":"https:\/\/www.link2fleet.com\/fr\/","name":"Link2fleet","description":"","publisher":{"@id":"https:\/\/www.link2fleet.com\/fr\/#organization"},"potentialAction":[{"@type":"SearchAction","target":{"@type":"EntryPoint","urlTemplate":"https:\/\/www.link2fleet.com\/fr\/?s={search_term_string}"},"query-input":{"@type":"PropertyValueSpecification","valueRequired":true,"valueName":"search_term_string"}}],"inLanguage":"fr-FR"},{"@type":"Organization","@id":"https:\/\/www.link2fleet.com\/fr\/#organization","name":"Link2fleet","url":"https:\/\/www.link2fleet.com\/fr\/","logo":{"@type":"ImageObject","inLanguage":"fr-FR","@id":"https:\/\/www.link2fleet.com\/fr\/#\/schema\/logo\/image\/","url":"https:\/\/static.link2fleet.com\/wp-content\/uploads\/2024\/03\/share-image.jpg","contentUrl":"https:\/\/static.link2fleet.com\/wp-content\/uploads\/2024\/03\/share-image.jpg","width":1200,"height":630,"caption":"Link2fleet"},"image":{"@id":"https:\/\/www.link2fleet.com\/fr\/#\/schema\/logo\/image\/"},"sameAs":["https:\/\/www.linkedin.com\/company\/link2fleet-belgium","https:\/\/www.youtube.com\/user\/MMMBMBE"]},{"@type":"Person","@id":"https:\/\/www.link2fleet.com\/fr\/#\/schema\/person\/3f23fa5cf039e25761156c930f6bf38f","name":"Jeroen Evens","image":{"@type":"ImageObject","inLanguage":"fr-FR","@id":"https:\/\/secure.gravatar.com\/avatar\/6e059523a84fbec54e5ec5d0f3fb4322b7b077be22b323085f823d1d7f00f32e?s=96&d=mm&r=g","url":"https:\/\/secure.gravatar.com\/avatar\/6e059523a84fbec54e5ec5d0f3fb4322b7b077be22b323085f823d1d7f00f32e?s=96&d=mm&r=g","contentUrl":"https:\/\/secure.gravatar.com\/avatar\/6e059523a84fbec54e5ec5d0f3fb4322b7b077be22b323085f823d1d7f00f32e?s=96&d=mm&r=g","caption":"Jeroen Evens"},"description":"Jeroen Evens is opgeleid in de Communicatiewetenschappen (KULeuven) en is een enthousiaste volger van alles wat met mobiliteit en bedrijfswagens te maken heeft. Als freelance journalist gespecialiseerd in de fleetsector houdt hij al drie jaar lang de vinger aan de pols van de laatste ontwikkelingen in onze sector."}]}},"_links":{"self":[{"href":"https:\/\/www.link2fleet.com\/fr\/wp-json\/wp\/v2\/posts\/7696","targetHints":{"allow":["GET"]}}],"collection":[{"href":"https:\/\/www.link2fleet.com\/fr\/wp-json\/wp\/v2\/posts"}],"about":[{"href":"https:\/\/www.link2fleet.com\/fr\/wp-json\/wp\/v2\/types\/post"}],"author":[{"embeddable":true,"href":"https:\/\/www.link2fleet.com\/fr\/wp-json\/wp\/v2\/users\/43"}],"replies":[{"embeddable":true,"href":"https:\/\/www.link2fleet.com\/fr\/wp-json\/wp\/v2\/comments?post=7696"}],"version-history":[{"count":0,"href":"https:\/\/www.link2fleet.com\/fr\/wp-json\/wp\/v2\/posts\/7696\/revisions"}],"wp:featuredmedia":[{"embeddable":true,"href":"https:\/\/www.link2fleet.com\/fr\/wp-json\/wp\/v2\/media\/7697"}],"wp:attachment":[{"href":"https:\/\/www.link2fleet.com\/fr\/wp-json\/wp\/v2\/media?parent=7696"}],"wp:term":[{"taxonomy":"category","embeddable":true,"href":"https:\/\/www.link2fleet.com\/fr\/wp-json\/wp\/v2\/categories?post=7696"},{"taxonomy":"post_tag","embeddable":true,"href":"https:\/\/www.link2fleet.com\/fr\/wp-json\/wp\/v2\/tags?post=7696"}],"curies":[{"name":"wp","href":"https:\/\/api.w.org\/{rel}","templated":true}]}}