{"id":7763,"date":"2022-09-27T14:31:39","date_gmt":"2022-09-27T12:31:39","guid":{"rendered":"https:\/\/www.link2fleet.com\/kurt-beckers-sales-director-de-kbc-autolease-toute-evolution-commence-par-un-changement-detat-desprit\/"},"modified":"2022-09-27T14:31:39","modified_gmt":"2022-09-27T12:31:39","slug":"kurt-beckers-sales-director-de-kbc-autolease-toute-evolution-commence-par-un-changement-detat-desprit","status":"publish","type":"post","link":"https:\/\/www.link2fleet.com\/fr\/kurt-beckers-sales-director-de-kbc-autolease-toute-evolution-commence-par-un-changement-detat-desprit\/","title":{"rendered":"Kurt Beckers \u2013 Sales Director de KBC Autolease: \u00ab\u00a0Toute \u00e9volution commence par un changement d&rsquo;\u00e9tat d&rsquo;esprit\u00a0\u00bb"},"content":{"rendered":"<p style=\"font-weight: 400;\"><strong>link2fleet : Bonjour Mr. Beckers, allons droit au but : Pourquoi KBC Autolease vous a-t-il choisi comme nouveau Sales Director ?<\/strong><\/p>\n<p style=\"font-weight: 400;\"><strong>Kurt Beckers : \u00ab\u00a0<\/strong>Appelez-moi Kurt. J&rsquo;ai plus de 30 ans d&rsquo;exp\u00e9rience dans le secteur bancaire, dont les 20 derni\u00e8res ann\u00e9es en tant que Sales Director au sein du groupe KBC. Pendant cette p\u00e9riode, j&rsquo;ai \u00e9t\u00e9 tr\u00e8s activement impliqu\u00e9 dans le <em>changement <\/em>et l&rsquo;<em>orientation client<\/em>, et je pense que cela a certainement jou\u00e9 un r\u00f4le.\u00a0\u00bb<\/p>\n<p style=\"font-weight: 400;\"><strong>l2f : Que signifie pour vous l&rsquo;<em>orientation client ?<\/em><\/strong><\/p>\n<p style=\"font-weight: 400;\"><strong>K.B. : <\/strong>\u00ab\u00a0Le fait que le client soit au centre de cette approche est essentiel. Avec le client, nous voulons construire une relation \u00e0 long terme. Il ne s&rsquo;agit donc pas de lui fournir un seul v\u00e9hicule, mais d&rsquo;une coop\u00e9ration sur une longue p\u00e9riode. Et ce, dans un contexte \u00e9conomique difficile &#8211; il suffit de penser \u00e0 l&rsquo;inflation et aux ajustements des taux d&rsquo;int\u00e9r\u00eat &#8211; et sur un march\u00e9 en pleine mutation. Cela cr\u00e9e des d\u00e9fis consid\u00e9rables, mais je suis heureux de constater que chez KBC Autolease, j&rsquo;ai \u00e9galement retrouv\u00e9 la m\u00eame passion que celle que j&rsquo;avais \u00e9prouv\u00e9e dans les \u00e9quipes pr\u00e9c\u00e9dentes de KBC.\u00a0\u00bb<\/p>\n<p style=\"font-weight: 400;\"><strong>l2f : Compte tenu des nombreux changements qui affectent l&rsquo;industrie, sur quoi allez-vous vous concentrer ?<\/strong><\/p>\n<p><strong>K.B. : <\/strong><span style=\"font-weight: 400;\">\u00ab\u00a0Nous voulons \u00e9videmment soutenir nos clients dans leur \u00ab\u00a0fuel switch\u00a0\u00bb (\u00e9lectrification), mais aussi dans leur \u00ab\u00a0modal shift\u00a0\u00bb. Par exemple, nous \u00e9tions pionniers du leasing de v\u00e9los et nous nous int\u00e9ressons maintenant aux solutions de budget de mobilit\u00e9 (avec Olympus). Nous nous concentrons donc davantage sur la mobilit\u00e9 flexible, verte et abordable, avec la facilit\u00e9 d&rsquo;utilisation num\u00e9rique que vous \u00eates en droit d&rsquo;attendre de KBC. L&rsquo;accent est donc \u00e0 nouveau mis sur le <em>customer journey<\/em>, afin de faciliter les choses pour nos clients professionnels, mais aussi pour les utilisateurs individuels. \u00ab\u00a0<strong><\/p>\n<p><\/strong><\/span><\/p>\n<p style=\"text-align: center;\"><a href=\"https:\/\/www.link2fleet.com\/fr\/magazines\/link2fleet-249-fr\/\">Lisez l&rsquo;int\u00e9gralit\u00e9 de cette interview dans notre derni\u00e8re \u00e9dition.<\/a><\/p>\n","protected":false},"excerpt":{"rendered":"<p>link2fleet : Bonjour Mr. Beckers, allons droit au but : Pourquoi KBC Autolease vous a-t-il choisi comme nouveau Sales Director ? Kurt Beckers : \u00ab\u00a0Appelez-moi Kurt. J&rsquo;ai plus de 30 ans d&rsquo;exp\u00e9rience dans le secteur bancaire, dont les 20 derni\u00e8res ann\u00e9es en tant que Sales Director au sein du groupe KBC. Pendant cette p\u00e9riode, j&rsquo;ai [&hellip;]<\/p>\n","protected":false},"author":43,"featured_media":7764,"comment_status":"closed","ping_status":"closed","sticky":false,"template":"","format":"standard","meta":{"_acf_changed":false,"footnotes":""},"categories":[91,79],"tags":[],"class_list":["post-7763","post","type-post","status-publish","format-standard","has-post-thumbnail","hentry","category-expertise-et-management","category-societes-de-leasing"],"acf":[],"yoast_head":"<!-- This site is optimized with the Yoast SEO plugin v27.3 - https:\/\/yoast.com\/product\/yoast-seo-wordpress\/ -->\n<title>Kurt Beckers \u2013 Sales Director de KBC Autolease: &quot;Toute \u00e9volution commence par un changement d&#039;\u00e9tat d&#039;esprit&quot; - link2fleet<\/title>\n<meta name=\"description\" content=\"D\u00e9but mai, il a \u00e9t\u00e9 annonc\u00e9 que Kurt Beckers succ\u00e9dait \u00e0 Ilse Vercammen au poste de Sales Director de KBC Autolease. Ce type de nomination\u2026\" \/>\n<meta name=\"robots\" content=\"index, follow, max-snippet:-1, max-image-preview:large, max-video-preview:-1\" \/>\n<meta property=\"og:locale\" content=\"fr_FR\" \/>\n<meta property=\"og:type\" content=\"article\" \/>\n<meta property=\"og:title\" content=\"Kurt Beckers \u2013 Sales Director de KBC Autolease: &quot;Toute \u00e9volution commence par un changement d&#039;\u00e9tat d&#039;esprit&quot; - link2fleet\" \/>\n<meta property=\"og:description\" content=\"D\u00e9but mai, il a \u00e9t\u00e9 annonc\u00e9 que Kurt Beckers succ\u00e9dait \u00e0 Ilse Vercammen au poste de Sales Director de KBC Autolease. Ce type de nomination\u2026\" \/>\n<meta property=\"og:url\" content=\"https:\/\/www.link2fleet.com\/fr\/kurt-beckers-sales-director-de-kbc-autolease-toute-evolution-commence-par-un-changement-detat-desprit\/\" \/>\n<meta property=\"og:site_name\" content=\"link2fleet\" \/>\n<meta property=\"article:published_time\" content=\"2022-09-27T12:31:39+00:00\" \/>\n<meta property=\"og:image\" content=\"https:\/\/static.link2fleet.com\/wp-content\/uploads\/2024\/03\/kurt-beckers-kbc-autolease-2-van-10-scaled-1.jpg\" \/>\n\t<meta property=\"og:image:width\" content=\"2560\" \/>\n\t<meta property=\"og:image:height\" content=\"1707\" \/>\n\t<meta property=\"og:image:type\" content=\"image\/jpeg\" \/>\n<meta name=\"author\" content=\"Jeroen Evens\" \/>\n<meta name=\"twitter:card\" content=\"summary_large_image\" \/>\n<meta name=\"twitter:description\" content=\"D\u00e9but mai, il a \u00e9t\u00e9 annonc\u00e9 que Kurt Beckers succ\u00e9dait \u00e0 Ilse Vercammen au poste de Sales Director de KBC Autolease. Ce type de nomination\u2026\" \/>\n<meta name=\"twitter:label1\" content=\"\u00c9crit par\" \/>\n\t<meta name=\"twitter:data1\" content=\"Jeroen Evens\" \/>\n\t<meta name=\"twitter:label2\" content=\"Dur\u00e9e de lecture estim\u00e9e\" \/>\n\t<meta name=\"twitter:data2\" content=\"2 minutes\" \/>\n<script type=\"application\/ld+json\" class=\"yoast-schema-graph\">{\"@context\":\"https:\\\/\\\/schema.org\",\"@graph\":[{\"@type\":\"Article\",\"@id\":\"https:\\\/\\\/www.link2fleet.com\\\/fr\\\/kurt-beckers-sales-director-de-kbc-autolease-toute-evolution-commence-par-un-changement-detat-desprit\\\/#article\",\"isPartOf\":{\"@id\":\"https:\\\/\\\/www.link2fleet.com\\\/fr\\\/kurt-beckers-sales-director-de-kbc-autolease-toute-evolution-commence-par-un-changement-detat-desprit\\\/\"},\"author\":{\"name\":\"Jeroen Evens\",\"@id\":\"https:\\\/\\\/www.link2fleet.com\\\/fr\\\/#\\\/schema\\\/person\\\/3f23fa5cf039e25761156c930f6bf38f\"},\"headline\":\"Kurt Beckers \u2013 Sales Director de KBC Autolease: \u00ab\u00a0Toute \u00e9volution commence par un changement d&rsquo;\u00e9tat d&rsquo;esprit\u00a0\u00bb\",\"datePublished\":\"2022-09-27T12:31:39+00:00\",\"mainEntityOfPage\":{\"@id\":\"https:\\\/\\\/www.link2fleet.com\\\/fr\\\/kurt-beckers-sales-director-de-kbc-autolease-toute-evolution-commence-par-un-changement-detat-desprit\\\/\"},\"wordCount\":350,\"publisher\":{\"@id\":\"https:\\\/\\\/www.link2fleet.com\\\/fr\\\/#organization\"},\"image\":{\"@id\":\"https:\\\/\\\/www.link2fleet.com\\\/fr\\\/kurt-beckers-sales-director-de-kbc-autolease-toute-evolution-commence-par-un-changement-detat-desprit\\\/#primaryimage\"},\"thumbnailUrl\":\"https:\\\/\\\/static.link2fleet.com\\\/wp-content\\\/uploads\\\/2024\\\/03\\\/kurt-beckers-kbc-autolease-2-van-10-scaled-1.jpg\",\"articleSection\":[\"Gestion de flotte\",\"Location long-terme\"],\"inLanguage\":\"fr-FR\"},{\"@type\":\"WebPage\",\"@id\":\"https:\\\/\\\/www.link2fleet.com\\\/fr\\\/kurt-beckers-sales-director-de-kbc-autolease-toute-evolution-commence-par-un-changement-detat-desprit\\\/\",\"url\":\"https:\\\/\\\/www.link2fleet.com\\\/fr\\\/kurt-beckers-sales-director-de-kbc-autolease-toute-evolution-commence-par-un-changement-detat-desprit\\\/\",\"name\":\"Kurt Beckers \u2013 Sales Director de KBC Autolease: \\\"Toute \u00e9volution commence par un changement d'\u00e9tat d'esprit\\\" - link2fleet\",\"isPartOf\":{\"@id\":\"https:\\\/\\\/www.link2fleet.com\\\/fr\\\/#website\"},\"primaryImageOfPage\":{\"@id\":\"https:\\\/\\\/www.link2fleet.com\\\/fr\\\/kurt-beckers-sales-director-de-kbc-autolease-toute-evolution-commence-par-un-changement-detat-desprit\\\/#primaryimage\"},\"image\":{\"@id\":\"https:\\\/\\\/www.link2fleet.com\\\/fr\\\/kurt-beckers-sales-director-de-kbc-autolease-toute-evolution-commence-par-un-changement-detat-desprit\\\/#primaryimage\"},\"thumbnailUrl\":\"https:\\\/\\\/static.link2fleet.com\\\/wp-content\\\/uploads\\\/2024\\\/03\\\/kurt-beckers-kbc-autolease-2-van-10-scaled-1.jpg\",\"datePublished\":\"2022-09-27T12:31:39+00:00\",\"breadcrumb\":{\"@id\":\"https:\\\/\\\/www.link2fleet.com\\\/fr\\\/kurt-beckers-sales-director-de-kbc-autolease-toute-evolution-commence-par-un-changement-detat-desprit\\\/#breadcrumb\"},\"inLanguage\":\"fr-FR\",\"potentialAction\":[{\"@type\":\"ReadAction\",\"target\":[\"https:\\\/\\\/www.link2fleet.com\\\/fr\\\/kurt-beckers-sales-director-de-kbc-autolease-toute-evolution-commence-par-un-changement-detat-desprit\\\/\"]}]},{\"@type\":\"ImageObject\",\"inLanguage\":\"fr-FR\",\"@id\":\"https:\\\/\\\/www.link2fleet.com\\\/fr\\\/kurt-beckers-sales-director-de-kbc-autolease-toute-evolution-commence-par-un-changement-detat-desprit\\\/#primaryimage\",\"url\":\"https:\\\/\\\/static.link2fleet.com\\\/wp-content\\\/uploads\\\/2024\\\/03\\\/kurt-beckers-kbc-autolease-2-van-10-scaled-1.jpg\",\"contentUrl\":\"https:\\\/\\\/static.link2fleet.com\\\/wp-content\\\/uploads\\\/2024\\\/03\\\/kurt-beckers-kbc-autolease-2-van-10-scaled-1.jpg\",\"width\":2560,\"height\":1707},{\"@type\":\"BreadcrumbList\",\"@id\":\"https:\\\/\\\/www.link2fleet.com\\\/fr\\\/kurt-beckers-sales-director-de-kbc-autolease-toute-evolution-commence-par-un-changement-detat-desprit\\\/#breadcrumb\",\"itemListElement\":[{\"@type\":\"ListItem\",\"position\":1,\"name\":\"Home\",\"item\":\"https:\\\/\\\/www.link2fleet.com\\\/fr\\\/\"},{\"@type\":\"ListItem\",\"position\":2,\"name\":\"Kurt Beckers \u2013 Sales Director de KBC Autolease: &#8220;Toute \u00e9volution commence par un changement d&#8217;\u00e9tat d&#8217;esprit&#8221;\"}]},{\"@type\":\"WebSite\",\"@id\":\"https:\\\/\\\/www.link2fleet.com\\\/fr\\\/#website\",\"url\":\"https:\\\/\\\/www.link2fleet.com\\\/fr\\\/\",\"name\":\"Link2fleet\",\"description\":\"\",\"publisher\":{\"@id\":\"https:\\\/\\\/www.link2fleet.com\\\/fr\\\/#organization\"},\"potentialAction\":[{\"@type\":\"SearchAction\",\"target\":{\"@type\":\"EntryPoint\",\"urlTemplate\":\"https:\\\/\\\/www.link2fleet.com\\\/fr\\\/?s={search_term_string}\"},\"query-input\":{\"@type\":\"PropertyValueSpecification\",\"valueRequired\":true,\"valueName\":\"search_term_string\"}}],\"inLanguage\":\"fr-FR\"},{\"@type\":\"Organization\",\"@id\":\"https:\\\/\\\/www.link2fleet.com\\\/fr\\\/#organization\",\"name\":\"Link2fleet\",\"url\":\"https:\\\/\\\/www.link2fleet.com\\\/fr\\\/\",\"logo\":{\"@type\":\"ImageObject\",\"inLanguage\":\"fr-FR\",\"@id\":\"https:\\\/\\\/www.link2fleet.com\\\/fr\\\/#\\\/schema\\\/logo\\\/image\\\/\",\"url\":\"https:\\\/\\\/static.link2fleet.com\\\/wp-content\\\/uploads\\\/2024\\\/03\\\/share-image.jpg\",\"contentUrl\":\"https:\\\/\\\/static.link2fleet.com\\\/wp-content\\\/uploads\\\/2024\\\/03\\\/share-image.jpg\",\"width\":1200,\"height\":630,\"caption\":\"Link2fleet\"},\"image\":{\"@id\":\"https:\\\/\\\/www.link2fleet.com\\\/fr\\\/#\\\/schema\\\/logo\\\/image\\\/\"},\"sameAs\":[\"https:\\\/\\\/www.linkedin.com\\\/company\\\/link2fleet-belgium\",\"https:\\\/\\\/www.youtube.com\\\/user\\\/MMMBMBE\"]},{\"@type\":\"Person\",\"@id\":\"https:\\\/\\\/www.link2fleet.com\\\/fr\\\/#\\\/schema\\\/person\\\/3f23fa5cf039e25761156c930f6bf38f\",\"name\":\"Jeroen Evens\",\"image\":{\"@type\":\"ImageObject\",\"inLanguage\":\"fr-FR\",\"@id\":\"https:\\\/\\\/secure.gravatar.com\\\/avatar\\\/6e059523a84fbec54e5ec5d0f3fb4322b7b077be22b323085f823d1d7f00f32e?s=96&d=mm&r=g\",\"url\":\"https:\\\/\\\/secure.gravatar.com\\\/avatar\\\/6e059523a84fbec54e5ec5d0f3fb4322b7b077be22b323085f823d1d7f00f32e?s=96&d=mm&r=g\",\"contentUrl\":\"https:\\\/\\\/secure.gravatar.com\\\/avatar\\\/6e059523a84fbec54e5ec5d0f3fb4322b7b077be22b323085f823d1d7f00f32e?s=96&d=mm&r=g\",\"caption\":\"Jeroen Evens\"},\"description\":\"Jeroen Evens is opgeleid in de Communicatiewetenschappen (KULeuven) en is een enthousiaste volger van alles wat met mobiliteit en bedrijfswagens te maken heeft. Als freelance journalist gespecialiseerd in de fleetsector houdt hij al drie jaar lang de vinger aan de pols van de laatste ontwikkelingen in onze sector.\"}]}<\/script>\n<!-- \/ Yoast SEO plugin. -->","yoast_head_json":{"title":"Kurt Beckers \u2013 Sales Director de KBC Autolease: \"Toute \u00e9volution commence par un changement d'\u00e9tat d'esprit\" - link2fleet","description":"D\u00e9but mai, il a \u00e9t\u00e9 annonc\u00e9 que Kurt Beckers succ\u00e9dait \u00e0 Ilse Vercammen au poste de Sales Director de KBC Autolease. Ce type de nomination\u2026","robots":{"index":"index","follow":"follow","max-snippet":"max-snippet:-1","max-image-preview":"max-image-preview:large","max-video-preview":"max-video-preview:-1"},"og_locale":"fr_FR","og_type":"article","og_title":"Kurt Beckers \u2013 Sales Director de KBC Autolease: \"Toute \u00e9volution commence par un changement d'\u00e9tat d'esprit\" - link2fleet","og_description":"D\u00e9but mai, il a \u00e9t\u00e9 annonc\u00e9 que Kurt Beckers succ\u00e9dait \u00e0 Ilse Vercammen au poste de Sales Director de KBC Autolease. Ce type de nomination\u2026","og_url":"https:\/\/www.link2fleet.com\/fr\/kurt-beckers-sales-director-de-kbc-autolease-toute-evolution-commence-par-un-changement-detat-desprit\/","og_site_name":"link2fleet","article_published_time":"2022-09-27T12:31:39+00:00","og_image":[{"width":2560,"height":1707,"url":"https:\/\/static.link2fleet.com\/wp-content\/uploads\/2024\/03\/kurt-beckers-kbc-autolease-2-van-10-scaled-1.jpg","type":"image\/jpeg"}],"author":"Jeroen Evens","twitter_card":"summary_large_image","twitter_description":"D\u00e9but mai, il a \u00e9t\u00e9 annonc\u00e9 que Kurt Beckers succ\u00e9dait \u00e0 Ilse Vercammen au poste de Sales Director de KBC Autolease. Ce type de nomination\u2026","twitter_misc":{"\u00c9crit par":"Jeroen Evens","Dur\u00e9e de lecture estim\u00e9e":"2 minutes"},"schema":{"@context":"https:\/\/schema.org","@graph":[{"@type":"Article","@id":"https:\/\/www.link2fleet.com\/fr\/kurt-beckers-sales-director-de-kbc-autolease-toute-evolution-commence-par-un-changement-detat-desprit\/#article","isPartOf":{"@id":"https:\/\/www.link2fleet.com\/fr\/kurt-beckers-sales-director-de-kbc-autolease-toute-evolution-commence-par-un-changement-detat-desprit\/"},"author":{"name":"Jeroen Evens","@id":"https:\/\/www.link2fleet.com\/fr\/#\/schema\/person\/3f23fa5cf039e25761156c930f6bf38f"},"headline":"Kurt Beckers \u2013 Sales Director de KBC Autolease: \u00ab\u00a0Toute \u00e9volution commence par un changement d&rsquo;\u00e9tat d&rsquo;esprit\u00a0\u00bb","datePublished":"2022-09-27T12:31:39+00:00","mainEntityOfPage":{"@id":"https:\/\/www.link2fleet.com\/fr\/kurt-beckers-sales-director-de-kbc-autolease-toute-evolution-commence-par-un-changement-detat-desprit\/"},"wordCount":350,"publisher":{"@id":"https:\/\/www.link2fleet.com\/fr\/#organization"},"image":{"@id":"https:\/\/www.link2fleet.com\/fr\/kurt-beckers-sales-director-de-kbc-autolease-toute-evolution-commence-par-un-changement-detat-desprit\/#primaryimage"},"thumbnailUrl":"https:\/\/static.link2fleet.com\/wp-content\/uploads\/2024\/03\/kurt-beckers-kbc-autolease-2-van-10-scaled-1.jpg","articleSection":["Gestion de flotte","Location long-terme"],"inLanguage":"fr-FR"},{"@type":"WebPage","@id":"https:\/\/www.link2fleet.com\/fr\/kurt-beckers-sales-director-de-kbc-autolease-toute-evolution-commence-par-un-changement-detat-desprit\/","url":"https:\/\/www.link2fleet.com\/fr\/kurt-beckers-sales-director-de-kbc-autolease-toute-evolution-commence-par-un-changement-detat-desprit\/","name":"Kurt Beckers \u2013 Sales Director de KBC Autolease: \"Toute \u00e9volution commence par un changement d'\u00e9tat d'esprit\" - link2fleet","isPartOf":{"@id":"https:\/\/www.link2fleet.com\/fr\/#website"},"primaryImageOfPage":{"@id":"https:\/\/www.link2fleet.com\/fr\/kurt-beckers-sales-director-de-kbc-autolease-toute-evolution-commence-par-un-changement-detat-desprit\/#primaryimage"},"image":{"@id":"https:\/\/www.link2fleet.com\/fr\/kurt-beckers-sales-director-de-kbc-autolease-toute-evolution-commence-par-un-changement-detat-desprit\/#primaryimage"},"thumbnailUrl":"https:\/\/static.link2fleet.com\/wp-content\/uploads\/2024\/03\/kurt-beckers-kbc-autolease-2-van-10-scaled-1.jpg","datePublished":"2022-09-27T12:31:39+00:00","breadcrumb":{"@id":"https:\/\/www.link2fleet.com\/fr\/kurt-beckers-sales-director-de-kbc-autolease-toute-evolution-commence-par-un-changement-detat-desprit\/#breadcrumb"},"inLanguage":"fr-FR","potentialAction":[{"@type":"ReadAction","target":["https:\/\/www.link2fleet.com\/fr\/kurt-beckers-sales-director-de-kbc-autolease-toute-evolution-commence-par-un-changement-detat-desprit\/"]}]},{"@type":"ImageObject","inLanguage":"fr-FR","@id":"https:\/\/www.link2fleet.com\/fr\/kurt-beckers-sales-director-de-kbc-autolease-toute-evolution-commence-par-un-changement-detat-desprit\/#primaryimage","url":"https:\/\/static.link2fleet.com\/wp-content\/uploads\/2024\/03\/kurt-beckers-kbc-autolease-2-van-10-scaled-1.jpg","contentUrl":"https:\/\/static.link2fleet.com\/wp-content\/uploads\/2024\/03\/kurt-beckers-kbc-autolease-2-van-10-scaled-1.jpg","width":2560,"height":1707},{"@type":"BreadcrumbList","@id":"https:\/\/www.link2fleet.com\/fr\/kurt-beckers-sales-director-de-kbc-autolease-toute-evolution-commence-par-un-changement-detat-desprit\/#breadcrumb","itemListElement":[{"@type":"ListItem","position":1,"name":"Home","item":"https:\/\/www.link2fleet.com\/fr\/"},{"@type":"ListItem","position":2,"name":"Kurt Beckers \u2013 Sales Director de KBC Autolease: &#8220;Toute \u00e9volution commence par un changement d&#8217;\u00e9tat d&#8217;esprit&#8221;"}]},{"@type":"WebSite","@id":"https:\/\/www.link2fleet.com\/fr\/#website","url":"https:\/\/www.link2fleet.com\/fr\/","name":"Link2fleet","description":"","publisher":{"@id":"https:\/\/www.link2fleet.com\/fr\/#organization"},"potentialAction":[{"@type":"SearchAction","target":{"@type":"EntryPoint","urlTemplate":"https:\/\/www.link2fleet.com\/fr\/?s={search_term_string}"},"query-input":{"@type":"PropertyValueSpecification","valueRequired":true,"valueName":"search_term_string"}}],"inLanguage":"fr-FR"},{"@type":"Organization","@id":"https:\/\/www.link2fleet.com\/fr\/#organization","name":"Link2fleet","url":"https:\/\/www.link2fleet.com\/fr\/","logo":{"@type":"ImageObject","inLanguage":"fr-FR","@id":"https:\/\/www.link2fleet.com\/fr\/#\/schema\/logo\/image\/","url":"https:\/\/static.link2fleet.com\/wp-content\/uploads\/2024\/03\/share-image.jpg","contentUrl":"https:\/\/static.link2fleet.com\/wp-content\/uploads\/2024\/03\/share-image.jpg","width":1200,"height":630,"caption":"Link2fleet"},"image":{"@id":"https:\/\/www.link2fleet.com\/fr\/#\/schema\/logo\/image\/"},"sameAs":["https:\/\/www.linkedin.com\/company\/link2fleet-belgium","https:\/\/www.youtube.com\/user\/MMMBMBE"]},{"@type":"Person","@id":"https:\/\/www.link2fleet.com\/fr\/#\/schema\/person\/3f23fa5cf039e25761156c930f6bf38f","name":"Jeroen Evens","image":{"@type":"ImageObject","inLanguage":"fr-FR","@id":"https:\/\/secure.gravatar.com\/avatar\/6e059523a84fbec54e5ec5d0f3fb4322b7b077be22b323085f823d1d7f00f32e?s=96&d=mm&r=g","url":"https:\/\/secure.gravatar.com\/avatar\/6e059523a84fbec54e5ec5d0f3fb4322b7b077be22b323085f823d1d7f00f32e?s=96&d=mm&r=g","contentUrl":"https:\/\/secure.gravatar.com\/avatar\/6e059523a84fbec54e5ec5d0f3fb4322b7b077be22b323085f823d1d7f00f32e?s=96&d=mm&r=g","caption":"Jeroen Evens"},"description":"Jeroen Evens is opgeleid in de Communicatiewetenschappen (KULeuven) en is een enthousiaste volger van alles wat met mobiliteit en bedrijfswagens te maken heeft. Als freelance journalist gespecialiseerd in de fleetsector houdt hij al drie jaar lang de vinger aan de pols van de laatste ontwikkelingen in onze sector."}]}},"_links":{"self":[{"href":"https:\/\/www.link2fleet.com\/fr\/wp-json\/wp\/v2\/posts\/7763","targetHints":{"allow":["GET"]}}],"collection":[{"href":"https:\/\/www.link2fleet.com\/fr\/wp-json\/wp\/v2\/posts"}],"about":[{"href":"https:\/\/www.link2fleet.com\/fr\/wp-json\/wp\/v2\/types\/post"}],"author":[{"embeddable":true,"href":"https:\/\/www.link2fleet.com\/fr\/wp-json\/wp\/v2\/users\/43"}],"replies":[{"embeddable":true,"href":"https:\/\/www.link2fleet.com\/fr\/wp-json\/wp\/v2\/comments?post=7763"}],"version-history":[{"count":0,"href":"https:\/\/www.link2fleet.com\/fr\/wp-json\/wp\/v2\/posts\/7763\/revisions"}],"wp:featuredmedia":[{"embeddable":true,"href":"https:\/\/www.link2fleet.com\/fr\/wp-json\/wp\/v2\/media\/7764"}],"wp:attachment":[{"href":"https:\/\/www.link2fleet.com\/fr\/wp-json\/wp\/v2\/media?parent=7763"}],"wp:term":[{"taxonomy":"category","embeddable":true,"href":"https:\/\/www.link2fleet.com\/fr\/wp-json\/wp\/v2\/categories?post=7763"},{"taxonomy":"post_tag","embeddable":true,"href":"https:\/\/www.link2fleet.com\/fr\/wp-json\/wp\/v2\/tags?post=7763"}],"curies":[{"name":"wp","href":"https:\/\/api.w.org\/{rel}","templated":true}]}}