{"id":7801,"date":"2022-09-28T07:48:18","date_gmt":"2022-09-28T05:48:18","guid":{"rendered":"https:\/\/www.link2fleet.com\/ambuce-fait-confiance-a-fraikin-pour-la-location-de-son-transports-premiers-soins\/"},"modified":"2022-09-28T07:48:18","modified_gmt":"2022-09-28T05:48:18","slug":"ambuce-fait-confiance-a-fraikin-pour-la-location-de-son-transports-premiers-soins","status":"publish","type":"post","link":"https:\/\/www.link2fleet.com\/fr\/ambuce-fait-confiance-a-fraikin-pour-la-location-de-son-transports-premiers-soins\/","title":{"rendered":"Ambuce fait confiance \u00e0 Fraikin pour la location de son transports \u00ab\u00a0premiers soins\u00a0\u00bb"},"content":{"rendered":"<p style=\"font-weight: 400;\">Ambuce est un prestataire de services ambulanciers qui organise le transport de patients, les soins pr\u00e9ventifs, le rapatriement et la\u00a0formation\u00a0d&rsquo;ambulanciers dans toute la Belgique. L&rsquo;organisation a son si\u00e8ge \u00e0 Wijnegem et poss\u00e8de \u00e9galement des antennes \u00e0 Zutendaal, Bruxelles, Tielt et Francorchamps. Sa client\u00e8le se compose principalement d&rsquo;h\u00f4pitaux, de mutuelles de sant\u00e9 et de centres de soins r\u00e9sidentiels. Avec environ quatre cents employ\u00e9s permanents et deux fois plus de b\u00e9n\u00e9voles, Ambuce est le plus grand prestataire de services en Belgique.<\/p>\n<p><iframe loading=\"lazy\" title=\"Ambuce rekent op Fraikin voor eerste hulp bij leasing\" width=\"500\" height=\"281\" src=\"https:\/\/www.youtube.com\/embed\/s5DbYl8kDfA?feature=oembed\" frameborder=\"0\" allow=\"accelerometer; autoplay; clipboard-write; encrypted-media; gyroscope; picture-in-picture; web-share\" referrerpolicy=\"strict-origin-when-cross-origin\" allowfullscreen><\/iframe><\/p>\n<p style=\"font-weight: 400;\">En plus d&rsquo;une bonne planification, le transport des patients n\u00e9cessite des ambulances \u00e9quip\u00e9es et entretenues de mani\u00e8re optimale. Des v\u00e9hicules qui offrent non seulement de l&rsquo;espace pour les premiers soins mais aussi un maximum de confort et de s\u00e9curit\u00e9. Une grande partie de la flotte du si\u00e8ge est constitu\u00e9e d&rsquo;ambulances qu&rsquo;Ambuce loue \u00e0 Fraikin. \u00c0 notre si\u00e8ge de Wijnegem, cela concerne quelque 25 v\u00e9hicules qui sont principalement utilis\u00e9s pour le transport urgent de patients.<\/p>\n<p style=\"font-weight: 400;\"><strong>Soins complets<\/strong><\/p>\n<p style=\"font-weight: 400;\">Avec le Vlaamse Kruis, Ambuce a \u00e9t\u00e9 l&rsquo;un des premiers clients \u00e0 opter pour un leasing op\u00e9rationnel pour ce segment de v\u00e9hicules sp\u00e9cialis\u00e9s. \u00ab\u00a0Ce leasing nous permet de remplacer notre flotte tous les quatre ans\u00a0\u00bb, explique Jesse Delien, responsable des services internationaux chez Ambuce. \u00ab\u00a0Nous travaillons donc toujours avec des v\u00e9hicules relativement neufs et pouvons toujours nous tourner vers Fraikin en cas de probl\u00e8me ou de dommage. Nous ne payons qu&rsquo;une seule facture par mois pour la formule tout compris, ce qui est un \u00e9norme soulagement pour nous.\u00a0\u00bb<\/p>\n<p style=\"font-weight: 400;\">Selon Tom Eyckmans, gestionnaire de comptes chez Fraikin, cette d\u00e9charge compl\u00e8te est la principale raison pour laquelle les clients optent pour le leasing. \u00ab\u00a0Le client peut mieux se concentrer sur son activit\u00e9 principale, il dispose d&rsquo;un point de contact central avec nous et ne doit pas faire de gros investissements dans la flotte. En outre, Fraikin est neutre par rapport aux marques et nous travaillons avec les meilleurs sp\u00e9cialistes du secteur. Cela nous permet de livrer les v\u00e9hicules en fonction des besoins du client.\u00a0\u00bb<\/p>\n<p style=\"font-weight: 400;\"><strong>Num\u00e9ro central<\/strong><\/p>\n<p style=\"font-weight: 400;\">Dans un secteur qui est lui-m\u00eame constamment sur appel, l&rsquo;assistance fiable de Fraikin est un grand atout. \u00ab\u00a0Nous ne devons pas appeler les agents d&rsquo;assurance ou les garages, mais pouvons toujours contacter le num\u00e9ro central de Fraikin pour poser nos questions. De cette mani\u00e8re, nous sommes nous aussi aid\u00e9s imm\u00e9diatement en cas d&rsquo;urgence\u00a0\u00bb, conclut Jesse Delien.<\/p>\n<p style=\"font-weight: 400;\">\n","protected":false},"excerpt":{"rendered":"<p>Ambuce est un prestataire de services ambulanciers qui organise le transport de patients, les soins pr\u00e9ventifs, le rapatriement et la\u00a0formation\u00a0d&rsquo;ambulanciers dans toute la Belgique. L&rsquo;organisation a son si\u00e8ge \u00e0 Wijnegem et poss\u00e8de \u00e9galement des antennes \u00e0 Zutendaal, Bruxelles, Tielt et Francorchamps. Sa client\u00e8le se compose principalement d&rsquo;h\u00f4pitaux, de mutuelles de sant\u00e9 et de centres de [&hellip;]<\/p>\n","protected":false},"author":4,"featured_media":7802,"comment_status":"closed","ping_status":"closed","sticky":false,"template":"","format":"standard","meta":{"_acf_changed":false,"footnotes":""},"categories":[91,79],"tags":[],"class_list":["post-7801","post","type-post","status-publish","format-standard","has-post-thumbnail","hentry","category-expertise-et-management","category-societes-de-leasing"],"acf":[],"yoast_head":"<!-- This site is optimized with the Yoast SEO plugin v27.3 - https:\/\/yoast.com\/product\/yoast-seo-wordpress\/ -->\n<title>Ambuce fait confiance \u00e0 Fraikin pour la location de son transports &quot;premiers soins&quot; - link2fleet<\/title>\n<meta name=\"description\" content=\"Ambuce, le leader du march\u00e9 belge du transport urgent et non urgent de patients, g\u00e8re une grande partie de sa flotte par le biais de\u2026\" \/>\n<meta name=\"robots\" content=\"index, follow, max-snippet:-1, max-image-preview:large, max-video-preview:-1\" \/>\n<meta property=\"og:locale\" content=\"fr_FR\" \/>\n<meta property=\"og:type\" content=\"article\" \/>\n<meta property=\"og:title\" content=\"Ambuce fait confiance \u00e0 Fraikin pour la location de son transports &quot;premiers soins&quot; - link2fleet\" \/>\n<meta property=\"og:description\" content=\"Ambuce, le leader du march\u00e9 belge du transport urgent et non urgent de patients, g\u00e8re une grande partie de sa flotte par le biais de\u2026\" \/>\n<meta property=\"og:url\" content=\"https:\/\/www.link2fleet.com\/fr\/ambuce-fait-confiance-a-fraikin-pour-la-location-de-son-transports-premiers-soins\/\" \/>\n<meta property=\"og:site_name\" content=\"link2fleet\" \/>\n<meta property=\"article:published_time\" content=\"2022-09-28T05:48:18+00:00\" \/>\n<meta property=\"og:image\" content=\"https:\/\/static.link2fleet.com\/wp-content\/uploads\/2024\/03\/fraikin-ambuce.jpg\" \/>\n\t<meta property=\"og:image:width\" content=\"1920\" \/>\n\t<meta property=\"og:image:height\" content=\"1078\" \/>\n\t<meta property=\"og:image:type\" content=\"image\/jpeg\" \/>\n<meta name=\"author\" content=\"Damien Malvetti\" \/>\n<meta name=\"twitter:card\" content=\"summary_large_image\" \/>\n<meta name=\"twitter:description\" content=\"Ambuce, le leader du march\u00e9 belge du transport urgent et non urgent de patients, g\u00e8re une grande partie de sa flotte par le biais de\u2026\" \/>\n<meta name=\"twitter:label1\" content=\"\u00c9crit par\" \/>\n\t<meta name=\"twitter:data1\" content=\"Damien Malvetti\" \/>\n\t<meta name=\"twitter:label2\" content=\"Dur\u00e9e de lecture estim\u00e9e\" \/>\n\t<meta name=\"twitter:data2\" content=\"2 minutes\" \/>\n<script type=\"application\/ld+json\" class=\"yoast-schema-graph\">{\"@context\":\"https:\\\/\\\/schema.org\",\"@graph\":[{\"@type\":\"Article\",\"@id\":\"https:\\\/\\\/www.link2fleet.com\\\/fr\\\/ambuce-fait-confiance-a-fraikin-pour-la-location-de-son-transports-premiers-soins\\\/#article\",\"isPartOf\":{\"@id\":\"https:\\\/\\\/www.link2fleet.com\\\/fr\\\/ambuce-fait-confiance-a-fraikin-pour-la-location-de-son-transports-premiers-soins\\\/\"},\"author\":{\"name\":\"Damien Malvetti\",\"@id\":\"https:\\\/\\\/www.link2fleet.com\\\/fr\\\/#\\\/schema\\\/person\\\/027cd46113c78036b3809c9a054049da\"},\"headline\":\"Ambuce fait confiance \u00e0 Fraikin pour la location de son transports \u00ab\u00a0premiers soins\u00a0\u00bb\",\"datePublished\":\"2022-09-28T05:48:18+00:00\",\"mainEntityOfPage\":{\"@id\":\"https:\\\/\\\/www.link2fleet.com\\\/fr\\\/ambuce-fait-confiance-a-fraikin-pour-la-location-de-son-transports-premiers-soins\\\/\"},\"wordCount\":450,\"publisher\":{\"@id\":\"https:\\\/\\\/www.link2fleet.com\\\/fr\\\/#organization\"},\"image\":{\"@id\":\"https:\\\/\\\/www.link2fleet.com\\\/fr\\\/ambuce-fait-confiance-a-fraikin-pour-la-location-de-son-transports-premiers-soins\\\/#primaryimage\"},\"thumbnailUrl\":\"https:\\\/\\\/static.link2fleet.com\\\/wp-content\\\/uploads\\\/2024\\\/03\\\/fraikin-ambuce.jpg\",\"articleSection\":[\"Gestion de flotte\",\"Location long-terme\"],\"inLanguage\":\"fr-FR\"},{\"@type\":\"WebPage\",\"@id\":\"https:\\\/\\\/www.link2fleet.com\\\/fr\\\/ambuce-fait-confiance-a-fraikin-pour-la-location-de-son-transports-premiers-soins\\\/\",\"url\":\"https:\\\/\\\/www.link2fleet.com\\\/fr\\\/ambuce-fait-confiance-a-fraikin-pour-la-location-de-son-transports-premiers-soins\\\/\",\"name\":\"Ambuce fait confiance \u00e0 Fraikin pour la location de son transports \\\"premiers soins\\\" - link2fleet\",\"isPartOf\":{\"@id\":\"https:\\\/\\\/www.link2fleet.com\\\/fr\\\/#website\"},\"primaryImageOfPage\":{\"@id\":\"https:\\\/\\\/www.link2fleet.com\\\/fr\\\/ambuce-fait-confiance-a-fraikin-pour-la-location-de-son-transports-premiers-soins\\\/#primaryimage\"},\"image\":{\"@id\":\"https:\\\/\\\/www.link2fleet.com\\\/fr\\\/ambuce-fait-confiance-a-fraikin-pour-la-location-de-son-transports-premiers-soins\\\/#primaryimage\"},\"thumbnailUrl\":\"https:\\\/\\\/static.link2fleet.com\\\/wp-content\\\/uploads\\\/2024\\\/03\\\/fraikin-ambuce.jpg\",\"datePublished\":\"2022-09-28T05:48:18+00:00\",\"breadcrumb\":{\"@id\":\"https:\\\/\\\/www.link2fleet.com\\\/fr\\\/ambuce-fait-confiance-a-fraikin-pour-la-location-de-son-transports-premiers-soins\\\/#breadcrumb\"},\"inLanguage\":\"fr-FR\",\"potentialAction\":[{\"@type\":\"ReadAction\",\"target\":[\"https:\\\/\\\/www.link2fleet.com\\\/fr\\\/ambuce-fait-confiance-a-fraikin-pour-la-location-de-son-transports-premiers-soins\\\/\"]}]},{\"@type\":\"ImageObject\",\"inLanguage\":\"fr-FR\",\"@id\":\"https:\\\/\\\/www.link2fleet.com\\\/fr\\\/ambuce-fait-confiance-a-fraikin-pour-la-location-de-son-transports-premiers-soins\\\/#primaryimage\",\"url\":\"https:\\\/\\\/static.link2fleet.com\\\/wp-content\\\/uploads\\\/2024\\\/03\\\/fraikin-ambuce.jpg\",\"contentUrl\":\"https:\\\/\\\/static.link2fleet.com\\\/wp-content\\\/uploads\\\/2024\\\/03\\\/fraikin-ambuce.jpg\",\"width\":1920,\"height\":1078},{\"@type\":\"BreadcrumbList\",\"@id\":\"https:\\\/\\\/www.link2fleet.com\\\/fr\\\/ambuce-fait-confiance-a-fraikin-pour-la-location-de-son-transports-premiers-soins\\\/#breadcrumb\",\"itemListElement\":[{\"@type\":\"ListItem\",\"position\":1,\"name\":\"Home\",\"item\":\"https:\\\/\\\/www.link2fleet.com\\\/fr\\\/\"},{\"@type\":\"ListItem\",\"position\":2,\"name\":\"Ambuce fait confiance \u00e0 Fraikin pour la location de son transports &#8220;premiers soins&#8221;\"}]},{\"@type\":\"WebSite\",\"@id\":\"https:\\\/\\\/www.link2fleet.com\\\/fr\\\/#website\",\"url\":\"https:\\\/\\\/www.link2fleet.com\\\/fr\\\/\",\"name\":\"Link2fleet\",\"description\":\"\",\"publisher\":{\"@id\":\"https:\\\/\\\/www.link2fleet.com\\\/fr\\\/#organization\"},\"potentialAction\":[{\"@type\":\"SearchAction\",\"target\":{\"@type\":\"EntryPoint\",\"urlTemplate\":\"https:\\\/\\\/www.link2fleet.com\\\/fr\\\/?s={search_term_string}\"},\"query-input\":{\"@type\":\"PropertyValueSpecification\",\"valueRequired\":true,\"valueName\":\"search_term_string\"}}],\"inLanguage\":\"fr-FR\"},{\"@type\":\"Organization\",\"@id\":\"https:\\\/\\\/www.link2fleet.com\\\/fr\\\/#organization\",\"name\":\"Link2fleet\",\"url\":\"https:\\\/\\\/www.link2fleet.com\\\/fr\\\/\",\"logo\":{\"@type\":\"ImageObject\",\"inLanguage\":\"fr-FR\",\"@id\":\"https:\\\/\\\/www.link2fleet.com\\\/fr\\\/#\\\/schema\\\/logo\\\/image\\\/\",\"url\":\"https:\\\/\\\/static.link2fleet.com\\\/wp-content\\\/uploads\\\/2024\\\/03\\\/share-image.jpg\",\"contentUrl\":\"https:\\\/\\\/static.link2fleet.com\\\/wp-content\\\/uploads\\\/2024\\\/03\\\/share-image.jpg\",\"width\":1200,\"height\":630,\"caption\":\"Link2fleet\"},\"image\":{\"@id\":\"https:\\\/\\\/www.link2fleet.com\\\/fr\\\/#\\\/schema\\\/logo\\\/image\\\/\"},\"sameAs\":[\"https:\\\/\\\/www.linkedin.com\\\/company\\\/link2fleet-belgium\",\"https:\\\/\\\/www.youtube.com\\\/user\\\/MMMBMBE\"]},{\"@type\":\"Person\",\"@id\":\"https:\\\/\\\/www.link2fleet.com\\\/fr\\\/#\\\/schema\\\/person\\\/027cd46113c78036b3809c9a054049da\",\"name\":\"Damien Malvetti\",\"image\":{\"@type\":\"ImageObject\",\"inLanguage\":\"fr-FR\",\"@id\":\"https:\\\/\\\/secure.gravatar.com\\\/avatar\\\/dd8cc03b49466c735f753ac37f8caa371af16dfed347456ed61f02883255eebb?s=96&d=mm&r=g\",\"url\":\"https:\\\/\\\/secure.gravatar.com\\\/avatar\\\/dd8cc03b49466c735f753ac37f8caa371af16dfed347456ed61f02883255eebb?s=96&d=mm&r=g\",\"contentUrl\":\"https:\\\/\\\/secure.gravatar.com\\\/avatar\\\/dd8cc03b49466c735f753ac37f8caa371af16dfed347456ed61f02883255eebb?s=96&d=mm&r=g\",\"caption\":\"Damien Malvetti\"},\"description\":\"Damien Malvetti is opgeleid als journalist en gepassioneerd door wagens, technologie en mobiliteit. Hij is verantwoordelijk voor de redactionele inhoud van link2fleet en beschikt over een uitgebreide kennis van de fleet-sector en elektrische mobiliteit.\",\"sameAs\":[\"https:\\\/\\\/www.linkedin.com\\\/in\\\/damien-malvetti-56601142\\\/\"]}]}<\/script>\n<!-- \/ Yoast SEO plugin. -->","yoast_head_json":{"title":"Ambuce fait confiance \u00e0 Fraikin pour la location de son transports \"premiers soins\" - link2fleet","description":"Ambuce, le leader du march\u00e9 belge du transport urgent et non urgent de patients, g\u00e8re une grande partie de sa flotte par le biais de\u2026","robots":{"index":"index","follow":"follow","max-snippet":"max-snippet:-1","max-image-preview":"max-image-preview:large","max-video-preview":"max-video-preview:-1"},"og_locale":"fr_FR","og_type":"article","og_title":"Ambuce fait confiance \u00e0 Fraikin pour la location de son transports \"premiers soins\" - link2fleet","og_description":"Ambuce, le leader du march\u00e9 belge du transport urgent et non urgent de patients, g\u00e8re une grande partie de sa flotte par le biais de\u2026","og_url":"https:\/\/www.link2fleet.com\/fr\/ambuce-fait-confiance-a-fraikin-pour-la-location-de-son-transports-premiers-soins\/","og_site_name":"link2fleet","article_published_time":"2022-09-28T05:48:18+00:00","og_image":[{"width":1920,"height":1078,"url":"https:\/\/static.link2fleet.com\/wp-content\/uploads\/2024\/03\/fraikin-ambuce.jpg","type":"image\/jpeg"}],"author":"Damien Malvetti","twitter_card":"summary_large_image","twitter_description":"Ambuce, le leader du march\u00e9 belge du transport urgent et non urgent de patients, g\u00e8re une grande partie de sa flotte par le biais de\u2026","twitter_misc":{"\u00c9crit par":"Damien Malvetti","Dur\u00e9e de lecture estim\u00e9e":"2 minutes"},"schema":{"@context":"https:\/\/schema.org","@graph":[{"@type":"Article","@id":"https:\/\/www.link2fleet.com\/fr\/ambuce-fait-confiance-a-fraikin-pour-la-location-de-son-transports-premiers-soins\/#article","isPartOf":{"@id":"https:\/\/www.link2fleet.com\/fr\/ambuce-fait-confiance-a-fraikin-pour-la-location-de-son-transports-premiers-soins\/"},"author":{"name":"Damien Malvetti","@id":"https:\/\/www.link2fleet.com\/fr\/#\/schema\/person\/027cd46113c78036b3809c9a054049da"},"headline":"Ambuce fait confiance \u00e0 Fraikin pour la location de son transports \u00ab\u00a0premiers soins\u00a0\u00bb","datePublished":"2022-09-28T05:48:18+00:00","mainEntityOfPage":{"@id":"https:\/\/www.link2fleet.com\/fr\/ambuce-fait-confiance-a-fraikin-pour-la-location-de-son-transports-premiers-soins\/"},"wordCount":450,"publisher":{"@id":"https:\/\/www.link2fleet.com\/fr\/#organization"},"image":{"@id":"https:\/\/www.link2fleet.com\/fr\/ambuce-fait-confiance-a-fraikin-pour-la-location-de-son-transports-premiers-soins\/#primaryimage"},"thumbnailUrl":"https:\/\/static.link2fleet.com\/wp-content\/uploads\/2024\/03\/fraikin-ambuce.jpg","articleSection":["Gestion de flotte","Location long-terme"],"inLanguage":"fr-FR"},{"@type":"WebPage","@id":"https:\/\/www.link2fleet.com\/fr\/ambuce-fait-confiance-a-fraikin-pour-la-location-de-son-transports-premiers-soins\/","url":"https:\/\/www.link2fleet.com\/fr\/ambuce-fait-confiance-a-fraikin-pour-la-location-de-son-transports-premiers-soins\/","name":"Ambuce fait confiance \u00e0 Fraikin pour la location de son transports \"premiers soins\" - link2fleet","isPartOf":{"@id":"https:\/\/www.link2fleet.com\/fr\/#website"},"primaryImageOfPage":{"@id":"https:\/\/www.link2fleet.com\/fr\/ambuce-fait-confiance-a-fraikin-pour-la-location-de-son-transports-premiers-soins\/#primaryimage"},"image":{"@id":"https:\/\/www.link2fleet.com\/fr\/ambuce-fait-confiance-a-fraikin-pour-la-location-de-son-transports-premiers-soins\/#primaryimage"},"thumbnailUrl":"https:\/\/static.link2fleet.com\/wp-content\/uploads\/2024\/03\/fraikin-ambuce.jpg","datePublished":"2022-09-28T05:48:18+00:00","breadcrumb":{"@id":"https:\/\/www.link2fleet.com\/fr\/ambuce-fait-confiance-a-fraikin-pour-la-location-de-son-transports-premiers-soins\/#breadcrumb"},"inLanguage":"fr-FR","potentialAction":[{"@type":"ReadAction","target":["https:\/\/www.link2fleet.com\/fr\/ambuce-fait-confiance-a-fraikin-pour-la-location-de-son-transports-premiers-soins\/"]}]},{"@type":"ImageObject","inLanguage":"fr-FR","@id":"https:\/\/www.link2fleet.com\/fr\/ambuce-fait-confiance-a-fraikin-pour-la-location-de-son-transports-premiers-soins\/#primaryimage","url":"https:\/\/static.link2fleet.com\/wp-content\/uploads\/2024\/03\/fraikin-ambuce.jpg","contentUrl":"https:\/\/static.link2fleet.com\/wp-content\/uploads\/2024\/03\/fraikin-ambuce.jpg","width":1920,"height":1078},{"@type":"BreadcrumbList","@id":"https:\/\/www.link2fleet.com\/fr\/ambuce-fait-confiance-a-fraikin-pour-la-location-de-son-transports-premiers-soins\/#breadcrumb","itemListElement":[{"@type":"ListItem","position":1,"name":"Home","item":"https:\/\/www.link2fleet.com\/fr\/"},{"@type":"ListItem","position":2,"name":"Ambuce fait confiance \u00e0 Fraikin pour la location de son transports &#8220;premiers soins&#8221;"}]},{"@type":"WebSite","@id":"https:\/\/www.link2fleet.com\/fr\/#website","url":"https:\/\/www.link2fleet.com\/fr\/","name":"Link2fleet","description":"","publisher":{"@id":"https:\/\/www.link2fleet.com\/fr\/#organization"},"potentialAction":[{"@type":"SearchAction","target":{"@type":"EntryPoint","urlTemplate":"https:\/\/www.link2fleet.com\/fr\/?s={search_term_string}"},"query-input":{"@type":"PropertyValueSpecification","valueRequired":true,"valueName":"search_term_string"}}],"inLanguage":"fr-FR"},{"@type":"Organization","@id":"https:\/\/www.link2fleet.com\/fr\/#organization","name":"Link2fleet","url":"https:\/\/www.link2fleet.com\/fr\/","logo":{"@type":"ImageObject","inLanguage":"fr-FR","@id":"https:\/\/www.link2fleet.com\/fr\/#\/schema\/logo\/image\/","url":"https:\/\/static.link2fleet.com\/wp-content\/uploads\/2024\/03\/share-image.jpg","contentUrl":"https:\/\/static.link2fleet.com\/wp-content\/uploads\/2024\/03\/share-image.jpg","width":1200,"height":630,"caption":"Link2fleet"},"image":{"@id":"https:\/\/www.link2fleet.com\/fr\/#\/schema\/logo\/image\/"},"sameAs":["https:\/\/www.linkedin.com\/company\/link2fleet-belgium","https:\/\/www.youtube.com\/user\/MMMBMBE"]},{"@type":"Person","@id":"https:\/\/www.link2fleet.com\/fr\/#\/schema\/person\/027cd46113c78036b3809c9a054049da","name":"Damien Malvetti","image":{"@type":"ImageObject","inLanguage":"fr-FR","@id":"https:\/\/secure.gravatar.com\/avatar\/dd8cc03b49466c735f753ac37f8caa371af16dfed347456ed61f02883255eebb?s=96&d=mm&r=g","url":"https:\/\/secure.gravatar.com\/avatar\/dd8cc03b49466c735f753ac37f8caa371af16dfed347456ed61f02883255eebb?s=96&d=mm&r=g","contentUrl":"https:\/\/secure.gravatar.com\/avatar\/dd8cc03b49466c735f753ac37f8caa371af16dfed347456ed61f02883255eebb?s=96&d=mm&r=g","caption":"Damien Malvetti"},"description":"Damien Malvetti is opgeleid als journalist en gepassioneerd door wagens, technologie en mobiliteit. Hij is verantwoordelijk voor de redactionele inhoud van link2fleet en beschikt over een uitgebreide kennis van de fleet-sector en elektrische mobiliteit.","sameAs":["https:\/\/www.linkedin.com\/in\/damien-malvetti-56601142\/"]}]}},"_links":{"self":[{"href":"https:\/\/www.link2fleet.com\/fr\/wp-json\/wp\/v2\/posts\/7801","targetHints":{"allow":["GET"]}}],"collection":[{"href":"https:\/\/www.link2fleet.com\/fr\/wp-json\/wp\/v2\/posts"}],"about":[{"href":"https:\/\/www.link2fleet.com\/fr\/wp-json\/wp\/v2\/types\/post"}],"author":[{"embeddable":true,"href":"https:\/\/www.link2fleet.com\/fr\/wp-json\/wp\/v2\/users\/4"}],"replies":[{"embeddable":true,"href":"https:\/\/www.link2fleet.com\/fr\/wp-json\/wp\/v2\/comments?post=7801"}],"version-history":[{"count":0,"href":"https:\/\/www.link2fleet.com\/fr\/wp-json\/wp\/v2\/posts\/7801\/revisions"}],"wp:featuredmedia":[{"embeddable":true,"href":"https:\/\/www.link2fleet.com\/fr\/wp-json\/wp\/v2\/media\/7802"}],"wp:attachment":[{"href":"https:\/\/www.link2fleet.com\/fr\/wp-json\/wp\/v2\/media?parent=7801"}],"wp:term":[{"taxonomy":"category","embeddable":true,"href":"https:\/\/www.link2fleet.com\/fr\/wp-json\/wp\/v2\/categories?post=7801"},{"taxonomy":"post_tag","embeddable":true,"href":"https:\/\/www.link2fleet.com\/fr\/wp-json\/wp\/v2\/tags?post=7801"}],"curies":[{"name":"wp","href":"https:\/\/api.w.org\/{rel}","templated":true}]}}