{"id":7815,"date":"2022-09-30T12:27:26","date_gmt":"2022-09-30T10:27:26","guid":{"rendered":"https:\/\/www.link2fleet.com\/lies-eeckman-polestar-rejoint-le-conseil-dadministration-dev-belgium\/"},"modified":"2022-09-30T12:27:26","modified_gmt":"2022-09-30T10:27:26","slug":"lies-eeckman-polestar-rejoint-le-conseil-dadministration-dev-belgium","status":"publish","type":"post","link":"https:\/\/www.link2fleet.com\/fr\/lies-eeckman-polestar-rejoint-le-conseil-dadministration-dev-belgium\/","title":{"rendered":"Lies Eeckman (Polestar) rejoint le conseil d\u2019administration d\u2019EV Belgium"},"content":{"rendered":"<blockquote class=\"Quote_container__ms7KM Quote_alignLeft__1_w_9\">\n<div class=\"Quote_content__DZCla\">\u00ab\u00a0Une \u00e9volution rapide vers la mobilit\u00e9 \u00e9lectrique est n\u00e9cessaire et ce, d\u00e8s aujourd&rsquo;hui. La crise climatique exige des actions concr\u00e8tes. Ceux qui conduisent des v\u00e9hicules \u00e9lectriques et rechargent leurs batteries avec de l\u2019\u00e9nergie verte peuvent contribuer \u00e0 faire une diff\u00e9rence positive. Pour la premi\u00e8re fois, une voiture fait partie de la solution &#8211; et non du probl\u00e8me. C&rsquo;est ce message que je veux faire passer aux Belges, en collaboration avec EV Belgium\u00a0\u00bb, explique-t-elle avec enthousiasme.<\/div>\n<\/blockquote>\n<p class=\"styles_paragraph__CxmiR\">Avec 110 entreprises membres \u2013 dont la marque su\u00e9doise de voitures \u00e9lectriques performantes Polestar (Nasdaq: PSNY) \u2013 la f\u00e9d\u00e9ration continue de se d\u00e9velopper rapidement et de jouer un r\u00f4le toujours plus important.<\/p>\n<blockquote class=\"Quote_container__ms7KM Quote_alignLeft__1_w_9\">\n<div class=\"Quote_content__DZCla\">\u00ab\u00a0En tant que l\u2019une des deux marques mondiales pures de voitures \u00e9lectriques, Polestar joue un r\u00f4le de pionnier dans cette transition. Dans nos Polestar Spaces, nous informons chaque jour les parties int\u00e9ress\u00e9es sur la conduite \u00e9lectrique. Cependant, nous devons relever certains d\u00e9fis \u00e0 l&rsquo;\u00e9chelle du secteur. Comment pouvons-nous encore am\u00e9liorer l&rsquo;infrastructure ? Comment lutter contre les pr\u00e9jug\u00e9s qui entourent la conduite \u00e9lectrique ? Comment faire face \u00e0 la crise \u00e9nerg\u00e9tique ? Ce sont des sujets sur lesquels EV Belgium peut faire la diff\u00e9rence. Je suis tout \u00e0 fait favorable \u00e0 une collaboration avec EV Belgium pour familiariser davantage la population avec les possibilit\u00e9s de la conduite \u00e9lectrique. <em>The switch is happening\u00a0\u00bb<\/em> , d\u00e9clare Lies Eeckman. \u200b<\/div>\n<\/blockquote>\n<blockquote class=\"Quote_container__ms7KM Quote_alignLeft__1_w_9\">\n<div class=\"Quote_content__DZCla\">Jochen De Smet, pr\u00e9sident d\u2019 EV Belgium, f\u00e9licite cet engagement :<br \/>\n\u00ab\u00a0Polestar fa\u00e7onne d\u00e9j\u00e0 au quotidien la transition vers la mobilit\u00e9 \u00e9lectrique. Lies Eeckman a une connaissance et une passion immenses pour le secteur. Son dynamisme est une source d&rsquo;inspiration et apportera certainement une valeur ajout\u00e9e \u00e0 EV Belgium. Elle aidera EV Belgium \u00e0 impliquer le secteur automobile dans la transition vers les v\u00e9hicules \u00e9lectriques afin de d\u00e9velopper rapidement les activit\u00e9s de la f\u00e9d\u00e9ration en tant que centre d\u2019expertise.\u202f\u00bb<\/div>\n<\/blockquote>\n","protected":false},"excerpt":{"rendered":"<p>\u00ab\u00a0Une \u00e9volution rapide vers la mobilit\u00e9 \u00e9lectrique est n\u00e9cessaire et ce, d\u00e8s aujourd&rsquo;hui. La crise climatique exige des actions concr\u00e8tes. Ceux qui conduisent des v\u00e9hicules \u00e9lectriques et rechargent leurs batteries avec de l\u2019\u00e9nergie verte peuvent contribuer \u00e0 faire une diff\u00e9rence positive. Pour la premi\u00e8re fois, une voiture fait partie de la solution &#8211; et non [&hellip;]<\/p>\n","protected":false},"author":4,"featured_media":7816,"comment_status":"closed","ping_status":"closed","sticky":false,"template":"","format":"standard","meta":{"_acf_changed":false,"footnotes":""},"categories":[95,91],"tags":[],"class_list":["post-7815","post","type-post","status-publish","format-standard","has-post-thumbnail","hentry","category-organisations-professionnelles-federations-experts","category-expertise-et-management"],"acf":[],"yoast_head":"<!-- This site is optimized with the Yoast SEO plugin v27.3 - https:\/\/yoast.com\/product\/yoast-seo-wordpress\/ -->\n<title>Lies Eeckman (Polestar) rejoint le conseil d\u2019administration d\u2019EV Belgium - link2fleet<\/title>\n<meta name=\"description\" content=\"Polestar annonce que Lies Eeckman, Managing Director de Polestar Belgique, rejoint le conseil d&rsquo;administration de EV Belgium. EV Belgium a pour objectif d&rsquo;acc\u00e9l\u00e9rer le d\u00e9ploiement\u2026\" \/>\n<meta name=\"robots\" content=\"index, follow, max-snippet:-1, max-image-preview:large, max-video-preview:-1\" \/>\n<meta property=\"og:locale\" content=\"fr_FR\" \/>\n<meta property=\"og:type\" content=\"article\" \/>\n<meta property=\"og:title\" content=\"Lies Eeckman (Polestar) rejoint le conseil d\u2019administration d\u2019EV Belgium - link2fleet\" \/>\n<meta property=\"og:description\" content=\"Polestar annonce que Lies Eeckman, Managing Director de Polestar Belgique, rejoint le conseil d&rsquo;administration de EV Belgium. EV Belgium a pour objectif d&rsquo;acc\u00e9l\u00e9rer le d\u00e9ploiement\u2026\" \/>\n<meta property=\"og:url\" content=\"https:\/\/www.link2fleet.com\/fr\/lies-eeckman-polestar-rejoint-le-conseil-dadministration-dev-belgium\/\" \/>\n<meta property=\"og:site_name\" content=\"link2fleet\" \/>\n<meta property=\"article:published_time\" content=\"2022-09-30T10:27:26+00:00\" \/>\n<meta property=\"og:image\" content=\"https:\/\/static.link2fleet.com\/wp-content\/uploads\/2024\/03\/photo-lies.jpg\" \/>\n\t<meta property=\"og:image:width\" content=\"2400\" \/>\n\t<meta property=\"og:image:height\" content=\"1764\" \/>\n\t<meta property=\"og:image:type\" content=\"image\/jpeg\" \/>\n<meta name=\"author\" content=\"Damien Malvetti\" \/>\n<meta name=\"twitter:card\" content=\"summary_large_image\" \/>\n<meta name=\"twitter:description\" content=\"Polestar annonce que Lies Eeckman, Managing Director de Polestar Belgique, rejoint le conseil d&rsquo;administration de EV Belgium. EV Belgium a pour objectif d&rsquo;acc\u00e9l\u00e9rer le d\u00e9ploiement\u2026\" \/>\n<meta name=\"twitter:label1\" content=\"\u00c9crit par\" \/>\n\t<meta name=\"twitter:data1\" content=\"Damien Malvetti\" \/>\n\t<meta name=\"twitter:label2\" content=\"Dur\u00e9e de lecture estim\u00e9e\" \/>\n\t<meta name=\"twitter:data2\" content=\"2 minutes\" \/>\n<script type=\"application\/ld+json\" class=\"yoast-schema-graph\">{\"@context\":\"https:\\\/\\\/schema.org\",\"@graph\":[{\"@type\":\"Article\",\"@id\":\"https:\\\/\\\/www.link2fleet.com\\\/fr\\\/lies-eeckman-polestar-rejoint-le-conseil-dadministration-dev-belgium\\\/#article\",\"isPartOf\":{\"@id\":\"https:\\\/\\\/www.link2fleet.com\\\/fr\\\/lies-eeckman-polestar-rejoint-le-conseil-dadministration-dev-belgium\\\/\"},\"author\":{\"name\":\"Damien Malvetti\",\"@id\":\"https:\\\/\\\/www.link2fleet.com\\\/fr\\\/#\\\/schema\\\/person\\\/027cd46113c78036b3809c9a054049da\"},\"headline\":\"Lies Eeckman (Polestar) rejoint le conseil d\u2019administration d\u2019EV Belgium\",\"datePublished\":\"2022-09-30T10:27:26+00:00\",\"mainEntityOfPage\":{\"@id\":\"https:\\\/\\\/www.link2fleet.com\\\/fr\\\/lies-eeckman-polestar-rejoint-le-conseil-dadministration-dev-belgium\\\/\"},\"wordCount\":338,\"publisher\":{\"@id\":\"https:\\\/\\\/www.link2fleet.com\\\/fr\\\/#organization\"},\"image\":{\"@id\":\"https:\\\/\\\/www.link2fleet.com\\\/fr\\\/lies-eeckman-polestar-rejoint-le-conseil-dadministration-dev-belgium\\\/#primaryimage\"},\"thumbnailUrl\":\"https:\\\/\\\/static.link2fleet.com\\\/wp-content\\\/uploads\\\/2024\\\/03\\\/photo-lies.jpg\",\"articleSection\":[\"Expertise et f\u00e9d\u00e9rations\",\"Gestion de flotte\"],\"inLanguage\":\"fr-FR\"},{\"@type\":\"WebPage\",\"@id\":\"https:\\\/\\\/www.link2fleet.com\\\/fr\\\/lies-eeckman-polestar-rejoint-le-conseil-dadministration-dev-belgium\\\/\",\"url\":\"https:\\\/\\\/www.link2fleet.com\\\/fr\\\/lies-eeckman-polestar-rejoint-le-conseil-dadministration-dev-belgium\\\/\",\"name\":\"Lies Eeckman (Polestar) rejoint le conseil d\u2019administration d\u2019EV Belgium - link2fleet\",\"isPartOf\":{\"@id\":\"https:\\\/\\\/www.link2fleet.com\\\/fr\\\/#website\"},\"primaryImageOfPage\":{\"@id\":\"https:\\\/\\\/www.link2fleet.com\\\/fr\\\/lies-eeckman-polestar-rejoint-le-conseil-dadministration-dev-belgium\\\/#primaryimage\"},\"image\":{\"@id\":\"https:\\\/\\\/www.link2fleet.com\\\/fr\\\/lies-eeckman-polestar-rejoint-le-conseil-dadministration-dev-belgium\\\/#primaryimage\"},\"thumbnailUrl\":\"https:\\\/\\\/static.link2fleet.com\\\/wp-content\\\/uploads\\\/2024\\\/03\\\/photo-lies.jpg\",\"datePublished\":\"2022-09-30T10:27:26+00:00\",\"breadcrumb\":{\"@id\":\"https:\\\/\\\/www.link2fleet.com\\\/fr\\\/lies-eeckman-polestar-rejoint-le-conseil-dadministration-dev-belgium\\\/#breadcrumb\"},\"inLanguage\":\"fr-FR\",\"potentialAction\":[{\"@type\":\"ReadAction\",\"target\":[\"https:\\\/\\\/www.link2fleet.com\\\/fr\\\/lies-eeckman-polestar-rejoint-le-conseil-dadministration-dev-belgium\\\/\"]}]},{\"@type\":\"ImageObject\",\"inLanguage\":\"fr-FR\",\"@id\":\"https:\\\/\\\/www.link2fleet.com\\\/fr\\\/lies-eeckman-polestar-rejoint-le-conseil-dadministration-dev-belgium\\\/#primaryimage\",\"url\":\"https:\\\/\\\/static.link2fleet.com\\\/wp-content\\\/uploads\\\/2024\\\/03\\\/photo-lies.jpg\",\"contentUrl\":\"https:\\\/\\\/static.link2fleet.com\\\/wp-content\\\/uploads\\\/2024\\\/03\\\/photo-lies.jpg\",\"width\":2400,\"height\":1764},{\"@type\":\"BreadcrumbList\",\"@id\":\"https:\\\/\\\/www.link2fleet.com\\\/fr\\\/lies-eeckman-polestar-rejoint-le-conseil-dadministration-dev-belgium\\\/#breadcrumb\",\"itemListElement\":[{\"@type\":\"ListItem\",\"position\":1,\"name\":\"Home\",\"item\":\"https:\\\/\\\/www.link2fleet.com\\\/fr\\\/\"},{\"@type\":\"ListItem\",\"position\":2,\"name\":\"Lies Eeckman (Polestar) rejoint le conseil d\u2019administration d\u2019EV Belgium\"}]},{\"@type\":\"WebSite\",\"@id\":\"https:\\\/\\\/www.link2fleet.com\\\/fr\\\/#website\",\"url\":\"https:\\\/\\\/www.link2fleet.com\\\/fr\\\/\",\"name\":\"Link2fleet\",\"description\":\"\",\"publisher\":{\"@id\":\"https:\\\/\\\/www.link2fleet.com\\\/fr\\\/#organization\"},\"potentialAction\":[{\"@type\":\"SearchAction\",\"target\":{\"@type\":\"EntryPoint\",\"urlTemplate\":\"https:\\\/\\\/www.link2fleet.com\\\/fr\\\/?s={search_term_string}\"},\"query-input\":{\"@type\":\"PropertyValueSpecification\",\"valueRequired\":true,\"valueName\":\"search_term_string\"}}],\"inLanguage\":\"fr-FR\"},{\"@type\":\"Organization\",\"@id\":\"https:\\\/\\\/www.link2fleet.com\\\/fr\\\/#organization\",\"name\":\"Link2fleet\",\"url\":\"https:\\\/\\\/www.link2fleet.com\\\/fr\\\/\",\"logo\":{\"@type\":\"ImageObject\",\"inLanguage\":\"fr-FR\",\"@id\":\"https:\\\/\\\/www.link2fleet.com\\\/fr\\\/#\\\/schema\\\/logo\\\/image\\\/\",\"url\":\"https:\\\/\\\/static.link2fleet.com\\\/wp-content\\\/uploads\\\/2024\\\/03\\\/share-image.jpg\",\"contentUrl\":\"https:\\\/\\\/static.link2fleet.com\\\/wp-content\\\/uploads\\\/2024\\\/03\\\/share-image.jpg\",\"width\":1200,\"height\":630,\"caption\":\"Link2fleet\"},\"image\":{\"@id\":\"https:\\\/\\\/www.link2fleet.com\\\/fr\\\/#\\\/schema\\\/logo\\\/image\\\/\"},\"sameAs\":[\"https:\\\/\\\/www.linkedin.com\\\/company\\\/link2fleet-belgium\",\"https:\\\/\\\/www.youtube.com\\\/user\\\/MMMBMBE\"]},{\"@type\":\"Person\",\"@id\":\"https:\\\/\\\/www.link2fleet.com\\\/fr\\\/#\\\/schema\\\/person\\\/027cd46113c78036b3809c9a054049da\",\"name\":\"Damien Malvetti\",\"image\":{\"@type\":\"ImageObject\",\"inLanguage\":\"fr-FR\",\"@id\":\"https:\\\/\\\/secure.gravatar.com\\\/avatar\\\/dd8cc03b49466c735f753ac37f8caa371af16dfed347456ed61f02883255eebb?s=96&d=mm&r=g\",\"url\":\"https:\\\/\\\/secure.gravatar.com\\\/avatar\\\/dd8cc03b49466c735f753ac37f8caa371af16dfed347456ed61f02883255eebb?s=96&d=mm&r=g\",\"contentUrl\":\"https:\\\/\\\/secure.gravatar.com\\\/avatar\\\/dd8cc03b49466c735f753ac37f8caa371af16dfed347456ed61f02883255eebb?s=96&d=mm&r=g\",\"caption\":\"Damien Malvetti\"},\"description\":\"Damien Malvetti is opgeleid als journalist en gepassioneerd door wagens, technologie en mobiliteit. Hij is verantwoordelijk voor de redactionele inhoud van link2fleet en beschikt over een uitgebreide kennis van de fleet-sector en elektrische mobiliteit.\",\"sameAs\":[\"https:\\\/\\\/www.linkedin.com\\\/in\\\/damien-malvetti-56601142\\\/\"]}]}<\/script>\n<!-- \/ Yoast SEO plugin. -->","yoast_head_json":{"title":"Lies Eeckman (Polestar) rejoint le conseil d\u2019administration d\u2019EV Belgium - link2fleet","description":"Polestar annonce que Lies Eeckman, Managing Director de Polestar Belgique, rejoint le conseil d&rsquo;administration de EV Belgium. EV Belgium a pour objectif d&rsquo;acc\u00e9l\u00e9rer le d\u00e9ploiement\u2026","robots":{"index":"index","follow":"follow","max-snippet":"max-snippet:-1","max-image-preview":"max-image-preview:large","max-video-preview":"max-video-preview:-1"},"og_locale":"fr_FR","og_type":"article","og_title":"Lies Eeckman (Polestar) rejoint le conseil d\u2019administration d\u2019EV Belgium - link2fleet","og_description":"Polestar annonce que Lies Eeckman, Managing Director de Polestar Belgique, rejoint le conseil d&rsquo;administration de EV Belgium. EV Belgium a pour objectif d&rsquo;acc\u00e9l\u00e9rer le d\u00e9ploiement\u2026","og_url":"https:\/\/www.link2fleet.com\/fr\/lies-eeckman-polestar-rejoint-le-conseil-dadministration-dev-belgium\/","og_site_name":"link2fleet","article_published_time":"2022-09-30T10:27:26+00:00","og_image":[{"width":2400,"height":1764,"url":"https:\/\/static.link2fleet.com\/wp-content\/uploads\/2024\/03\/photo-lies.jpg","type":"image\/jpeg"}],"author":"Damien Malvetti","twitter_card":"summary_large_image","twitter_description":"Polestar annonce que Lies Eeckman, Managing Director de Polestar Belgique, rejoint le conseil d&rsquo;administration de EV Belgium. EV Belgium a pour objectif d&rsquo;acc\u00e9l\u00e9rer le d\u00e9ploiement\u2026","twitter_misc":{"\u00c9crit par":"Damien Malvetti","Dur\u00e9e de lecture estim\u00e9e":"2 minutes"},"schema":{"@context":"https:\/\/schema.org","@graph":[{"@type":"Article","@id":"https:\/\/www.link2fleet.com\/fr\/lies-eeckman-polestar-rejoint-le-conseil-dadministration-dev-belgium\/#article","isPartOf":{"@id":"https:\/\/www.link2fleet.com\/fr\/lies-eeckman-polestar-rejoint-le-conseil-dadministration-dev-belgium\/"},"author":{"name":"Damien Malvetti","@id":"https:\/\/www.link2fleet.com\/fr\/#\/schema\/person\/027cd46113c78036b3809c9a054049da"},"headline":"Lies Eeckman (Polestar) rejoint le conseil d\u2019administration d\u2019EV Belgium","datePublished":"2022-09-30T10:27:26+00:00","mainEntityOfPage":{"@id":"https:\/\/www.link2fleet.com\/fr\/lies-eeckman-polestar-rejoint-le-conseil-dadministration-dev-belgium\/"},"wordCount":338,"publisher":{"@id":"https:\/\/www.link2fleet.com\/fr\/#organization"},"image":{"@id":"https:\/\/www.link2fleet.com\/fr\/lies-eeckman-polestar-rejoint-le-conseil-dadministration-dev-belgium\/#primaryimage"},"thumbnailUrl":"https:\/\/static.link2fleet.com\/wp-content\/uploads\/2024\/03\/photo-lies.jpg","articleSection":["Expertise et f\u00e9d\u00e9rations","Gestion de flotte"],"inLanguage":"fr-FR"},{"@type":"WebPage","@id":"https:\/\/www.link2fleet.com\/fr\/lies-eeckman-polestar-rejoint-le-conseil-dadministration-dev-belgium\/","url":"https:\/\/www.link2fleet.com\/fr\/lies-eeckman-polestar-rejoint-le-conseil-dadministration-dev-belgium\/","name":"Lies Eeckman (Polestar) rejoint le conseil d\u2019administration d\u2019EV Belgium - link2fleet","isPartOf":{"@id":"https:\/\/www.link2fleet.com\/fr\/#website"},"primaryImageOfPage":{"@id":"https:\/\/www.link2fleet.com\/fr\/lies-eeckman-polestar-rejoint-le-conseil-dadministration-dev-belgium\/#primaryimage"},"image":{"@id":"https:\/\/www.link2fleet.com\/fr\/lies-eeckman-polestar-rejoint-le-conseil-dadministration-dev-belgium\/#primaryimage"},"thumbnailUrl":"https:\/\/static.link2fleet.com\/wp-content\/uploads\/2024\/03\/photo-lies.jpg","datePublished":"2022-09-30T10:27:26+00:00","breadcrumb":{"@id":"https:\/\/www.link2fleet.com\/fr\/lies-eeckman-polestar-rejoint-le-conseil-dadministration-dev-belgium\/#breadcrumb"},"inLanguage":"fr-FR","potentialAction":[{"@type":"ReadAction","target":["https:\/\/www.link2fleet.com\/fr\/lies-eeckman-polestar-rejoint-le-conseil-dadministration-dev-belgium\/"]}]},{"@type":"ImageObject","inLanguage":"fr-FR","@id":"https:\/\/www.link2fleet.com\/fr\/lies-eeckman-polestar-rejoint-le-conseil-dadministration-dev-belgium\/#primaryimage","url":"https:\/\/static.link2fleet.com\/wp-content\/uploads\/2024\/03\/photo-lies.jpg","contentUrl":"https:\/\/static.link2fleet.com\/wp-content\/uploads\/2024\/03\/photo-lies.jpg","width":2400,"height":1764},{"@type":"BreadcrumbList","@id":"https:\/\/www.link2fleet.com\/fr\/lies-eeckman-polestar-rejoint-le-conseil-dadministration-dev-belgium\/#breadcrumb","itemListElement":[{"@type":"ListItem","position":1,"name":"Home","item":"https:\/\/www.link2fleet.com\/fr\/"},{"@type":"ListItem","position":2,"name":"Lies Eeckman (Polestar) rejoint le conseil d\u2019administration d\u2019EV Belgium"}]},{"@type":"WebSite","@id":"https:\/\/www.link2fleet.com\/fr\/#website","url":"https:\/\/www.link2fleet.com\/fr\/","name":"Link2fleet","description":"","publisher":{"@id":"https:\/\/www.link2fleet.com\/fr\/#organization"},"potentialAction":[{"@type":"SearchAction","target":{"@type":"EntryPoint","urlTemplate":"https:\/\/www.link2fleet.com\/fr\/?s={search_term_string}"},"query-input":{"@type":"PropertyValueSpecification","valueRequired":true,"valueName":"search_term_string"}}],"inLanguage":"fr-FR"},{"@type":"Organization","@id":"https:\/\/www.link2fleet.com\/fr\/#organization","name":"Link2fleet","url":"https:\/\/www.link2fleet.com\/fr\/","logo":{"@type":"ImageObject","inLanguage":"fr-FR","@id":"https:\/\/www.link2fleet.com\/fr\/#\/schema\/logo\/image\/","url":"https:\/\/static.link2fleet.com\/wp-content\/uploads\/2024\/03\/share-image.jpg","contentUrl":"https:\/\/static.link2fleet.com\/wp-content\/uploads\/2024\/03\/share-image.jpg","width":1200,"height":630,"caption":"Link2fleet"},"image":{"@id":"https:\/\/www.link2fleet.com\/fr\/#\/schema\/logo\/image\/"},"sameAs":["https:\/\/www.linkedin.com\/company\/link2fleet-belgium","https:\/\/www.youtube.com\/user\/MMMBMBE"]},{"@type":"Person","@id":"https:\/\/www.link2fleet.com\/fr\/#\/schema\/person\/027cd46113c78036b3809c9a054049da","name":"Damien Malvetti","image":{"@type":"ImageObject","inLanguage":"fr-FR","@id":"https:\/\/secure.gravatar.com\/avatar\/dd8cc03b49466c735f753ac37f8caa371af16dfed347456ed61f02883255eebb?s=96&d=mm&r=g","url":"https:\/\/secure.gravatar.com\/avatar\/dd8cc03b49466c735f753ac37f8caa371af16dfed347456ed61f02883255eebb?s=96&d=mm&r=g","contentUrl":"https:\/\/secure.gravatar.com\/avatar\/dd8cc03b49466c735f753ac37f8caa371af16dfed347456ed61f02883255eebb?s=96&d=mm&r=g","caption":"Damien Malvetti"},"description":"Damien Malvetti is opgeleid als journalist en gepassioneerd door wagens, technologie en mobiliteit. Hij is verantwoordelijk voor de redactionele inhoud van link2fleet en beschikt over een uitgebreide kennis van de fleet-sector en elektrische mobiliteit.","sameAs":["https:\/\/www.linkedin.com\/in\/damien-malvetti-56601142\/"]}]}},"_links":{"self":[{"href":"https:\/\/www.link2fleet.com\/fr\/wp-json\/wp\/v2\/posts\/7815","targetHints":{"allow":["GET"]}}],"collection":[{"href":"https:\/\/www.link2fleet.com\/fr\/wp-json\/wp\/v2\/posts"}],"about":[{"href":"https:\/\/www.link2fleet.com\/fr\/wp-json\/wp\/v2\/types\/post"}],"author":[{"embeddable":true,"href":"https:\/\/www.link2fleet.com\/fr\/wp-json\/wp\/v2\/users\/4"}],"replies":[{"embeddable":true,"href":"https:\/\/www.link2fleet.com\/fr\/wp-json\/wp\/v2\/comments?post=7815"}],"version-history":[{"count":0,"href":"https:\/\/www.link2fleet.com\/fr\/wp-json\/wp\/v2\/posts\/7815\/revisions"}],"wp:featuredmedia":[{"embeddable":true,"href":"https:\/\/www.link2fleet.com\/fr\/wp-json\/wp\/v2\/media\/7816"}],"wp:attachment":[{"href":"https:\/\/www.link2fleet.com\/fr\/wp-json\/wp\/v2\/media?parent=7815"}],"wp:term":[{"taxonomy":"category","embeddable":true,"href":"https:\/\/www.link2fleet.com\/fr\/wp-json\/wp\/v2\/categories?post=7815"},{"taxonomy":"post_tag","embeddable":true,"href":"https:\/\/www.link2fleet.com\/fr\/wp-json\/wp\/v2\/tags?post=7815"}],"curies":[{"name":"wp","href":"https:\/\/api.w.org\/{rel}","templated":true}]}}