{"id":7840,"date":"2022-10-06T08:22:21","date_gmt":"2022-10-06T06:22:21","guid":{"rendered":"https:\/\/www.link2fleet.com\/cap-sur-le-marche-francais-pour-le-specialiste-du-leasing-doccasion-lizy\/"},"modified":"2024-04-17T16:45:53","modified_gmt":"2024-04-17T14:45:53","slug":"cap-sur-le-marche-francais-pour-le-specialiste-du-leasing-doccasion-lizy","status":"publish","type":"post","link":"https:\/\/www.link2fleet.com\/fr\/cap-sur-le-marche-francais-pour-le-specialiste-du-leasing-doccasion-lizy\/","title":{"rendered":"Cap sur le march\u00e9 fran\u00e7ais pour le sp\u00e9cialiste du leasing d\u2019occasion LIZY"},"content":{"rendered":"<p style=\"font-weight: 400;\">En trois ans seulement, LIZY s\u2019est impos\u00e9 comme le leader belge du leasing gr\u00e2ce \u00e0 son offre 100% digitale de v\u00e9hicules d\u2019occasion. Le mod\u00e8le de LIZY permet aux PME et aux ind\u00e9pendants de commander en quelques clics une voiture en leasing, qui leur est livr\u00e9e dans un d\u00e9lai de trois semaines. \u00ab\u2009<em>Notre ambition est de rendre le leasing d\u2019une voiture aussi simple que l\u2019achat d\u2019un grille-pain sur Coolblue<\/em>\u2009\u00bb, explique Sam Heymans, cofondateur et CEO. Plus de 1\u2009500 entreprises belges font d\u00e9j\u00e0 confiance \u00e0 LIZY pour la gestion de leur flotte.<\/p>\n<p style=\"font-weight: 400;\">\n<p style=\"font-weight: 400;\"><strong>LIZY d\u00e9barque en France apr\u00e8s une nouvelle injection de capitaux<\/strong><\/p>\n<figure id=\"attachment_1284159\" aria-describedby=\"caption-attachment-1284159\" style=\"width: 300px\" class=\"wp-caption alignright\"><a href=\"https:\/\/www.link2fleet.com\/wp-content\/uploads\/2022\/10\/LIZY-sam-heymans-scaled.jpg\"><img loading=\"lazy\" decoding=\"async\" class=\"wp-image-1284159 size-medium\" src=\"https:\/\/www.link2fleet.com\/wp-content\/uploads\/2022\/10\/LIZY-sam-heymans-300x200.jpg\" alt=\"\" width=\"300\" height=\"200\" \/><\/a><figcaption id=\"caption-attachment-1284159\" class=\"wp-caption-text\">Sam Heymans<\/figcaption><\/figure>\n<p style=\"font-weight: 400;\">La scale-up bruxelloise vient de lever 8,5 millions d\u2019euros de capital et 32 millions d\u2019euros de financement bancaire aupr\u00e8s d\u2019un consortium d\u2019investisseurs dirig\u00e9 par Alychlo, le v\u00e9hicule d\u2019investissement de Marc Coucke. Avec ce nouveau tour de table, LIZY est par\u00e9 pour poursuivre sa croissance en Belgique et se d\u00e9velopper sur le march\u00e9 fran\u00e7ais. Cette expansion \u00e0 l\u2019\u00e9tranger est \u00e9galement le premier pas vers la prochaine ambition de LIZY : devenir le leader europ\u00e9en dans le domaine du leasing num\u00e9rique d\u2019occasion. \u00ab\u2009<em>Le leasing d\u2019occasion est plus avantageux, plus durable et plus efficace que le mod\u00e8le traditionnel. Cet investissement nous aidera \u00e0 d\u00e9velopper notre offre en France. <\/em>\u00bb, affirme M. Heymans.<\/p>\n<p style=\"font-weight: 400;\">La pertinence de cette formule \u00e0 l\u2019international est une \u00e9vidence pour Marc Coucke aussi : \u00ab\u2009<em>Le leasing est souvent un processus lent, co\u00fbteux et impr\u00e9visible. LIZY a r\u00e9ussi \u00e0 le r\u00e9volutionner pour en faire une exp\u00e9rience tr\u00e8s agr\u00e9able pour ses clients. LIZY travaille, en outre, avec des voitures d\u2019occasion, ce qui rend le leasing plus durable. Cet ancrage local et durable s\u2019inscrit parfaitement dans notre strat\u00e9gie d\u2019investissement<\/em>\u2009\u00bb. D\u2019Ieteren, qui a soutenu LIZY d\u00e8s le d\u00e9but par le biais de son startup studio Lab Box, co-investit \u00e9galement \u00e0 nouveau.<\/p>\n<p style=\"font-weight: 400;\"><strong><br \/>\nUne forte croissance malgr\u00e9 une p\u00e9riode difficile<\/strong><\/p>\n<p style=\"font-weight: 400;\">L\u2019injection de capitaux n\u2019a rien d\u2019un hasard : en 2022, LIZY pourrait plus que tripler son chiffre d\u2019affaires, malgr\u00e9 une p\u00e9riode difficile pour le secteur automobile. \u00ab\u2009<em>En raison de la guerre en Ukraine et de la crise du coronavirus, les v\u00e9hicules neufs font actuellement l\u2019objet de d\u00e9lais de livraison \u00e9normes<\/em>\u2009\u00bb, explique le cofondateur Vincent Castus. \u00ab\u2009<em>La demande pour des voitures d\u2019occasion s\u2019envole donc logiquement. Une demande \u00e0 laquelle nous pouvons bien s\u00fbr r\u00e9pondre<\/em>\u2009\u00bb.<\/p>\n<p style=\"font-weight: 400;\">\u201cGr\u00e2ce au succ\u00e8s que nous avons rencontr\u00e9 jusqu\u2019\u00e0 pr\u00e9sent, nous avons agrandi notre \u00e9quipe de 15 \u00e0 35 collaborateurs cette ann\u00e9e. Notre ambition est de conqu\u00e9rir le march\u00e9 fran\u00e7ais comme premi\u00e8re \u00e9tape vers une expansion europ\u00e9enne\u201d, conclut M. Heymans.<\/p>\n<p style=\"font-weight: 400;\">\n","protected":false},"excerpt":{"rendered":"<p>En trois ans seulement, LIZY s\u2019est impos\u00e9 comme le leader belge du leasing gr\u00e2ce \u00e0 son offre 100% digitale de v\u00e9hicules d\u2019occasion. Le mod\u00e8le de LIZY permet aux PME et aux ind\u00e9pendants de commander en quelques clics une voiture en leasing, qui leur est livr\u00e9e dans un d\u00e9lai de trois semaines. \u00ab\u2009Notre ambition est de [&hellip;]<\/p>\n","protected":false},"author":4,"featured_media":7841,"comment_status":"closed","ping_status":"closed","sticky":false,"template":"","format":"standard","meta":{"_acf_changed":false,"footnotes":""},"categories":[91,79],"tags":[],"class_list":["post-7840","post","type-post","status-publish","format-standard","has-post-thumbnail","hentry","category-expertise-et-management","category-societes-de-leasing"],"acf":[],"yoast_head":"<!-- This site is optimized with the Yoast SEO plugin v27.3 - https:\/\/yoast.com\/product\/yoast-seo-wordpress\/ -->\n<title>Cap sur le march\u00e9 fran\u00e7ais pour le sp\u00e9cialiste du leasing d\u2019occasion LIZY - link2fleet<\/title>\n<meta name=\"description\" content=\"LIZY, la start-up qui a fait conna\u00eetre le leasing d\u2019occasion en Belgique ces derni\u00e8res ann\u00e9es, part \u00e0 la conqu\u00eate du march\u00e9 international. L\u2019entreprise l\u00e8ve 40\u2026\" \/>\n<meta name=\"robots\" content=\"index, follow, max-snippet:-1, max-image-preview:large, max-video-preview:-1\" \/>\n<meta property=\"og:locale\" content=\"fr_FR\" \/>\n<meta property=\"og:type\" content=\"article\" \/>\n<meta property=\"og:title\" content=\"Cap sur le march\u00e9 fran\u00e7ais pour le sp\u00e9cialiste du leasing d\u2019occasion LIZY - link2fleet\" \/>\n<meta property=\"og:description\" content=\"LIZY, la start-up qui a fait conna\u00eetre le leasing d\u2019occasion en Belgique ces derni\u00e8res ann\u00e9es, part \u00e0 la conqu\u00eate du march\u00e9 international. L\u2019entreprise l\u00e8ve 40\u2026\" \/>\n<meta property=\"og:url\" content=\"https:\/\/www.link2fleet.com\/fr\/cap-sur-le-marche-francais-pour-le-specialiste-du-leasing-doccasion-lizy\/\" \/>\n<meta property=\"og:site_name\" content=\"link2fleet\" \/>\n<meta property=\"article:published_time\" content=\"2022-10-06T06:22:21+00:00\" \/>\n<meta property=\"article:modified_time\" content=\"2024-04-17T14:45:53+00:00\" \/>\n<meta property=\"og:image\" content=\"https:\/\/static.link2fleet.com\/wp-content\/uploads\/2024\/03\/lizy-branded-car-scaled-1.jpg\" \/>\n\t<meta property=\"og:image:width\" content=\"2560\" \/>\n\t<meta property=\"og:image:height\" content=\"1709\" \/>\n\t<meta property=\"og:image:type\" content=\"image\/jpeg\" \/>\n<meta name=\"author\" content=\"Damien Malvetti\" \/>\n<meta name=\"twitter:card\" content=\"summary_large_image\" \/>\n<meta name=\"twitter:description\" content=\"LIZY, la start-up qui a fait conna\u00eetre le leasing d\u2019occasion en Belgique ces derni\u00e8res ann\u00e9es, part \u00e0 la conqu\u00eate du march\u00e9 international. L\u2019entreprise l\u00e8ve 40\u2026\" \/>\n<meta name=\"twitter:label1\" content=\"\u00c9crit par\" \/>\n\t<meta name=\"twitter:data1\" content=\"Damien Malvetti\" \/>\n\t<meta name=\"twitter:label2\" content=\"Dur\u00e9e de lecture estim\u00e9e\" \/>\n\t<meta name=\"twitter:data2\" content=\"2 minutes\" \/>\n<script type=\"application\/ld+json\" class=\"yoast-schema-graph\">{\"@context\":\"https:\\\/\\\/schema.org\",\"@graph\":[{\"@type\":\"Article\",\"@id\":\"https:\\\/\\\/www.link2fleet.com\\\/fr\\\/cap-sur-le-marche-francais-pour-le-specialiste-du-leasing-doccasion-lizy\\\/#article\",\"isPartOf\":{\"@id\":\"https:\\\/\\\/www.link2fleet.com\\\/fr\\\/cap-sur-le-marche-francais-pour-le-specialiste-du-leasing-doccasion-lizy\\\/\"},\"author\":{\"name\":\"Damien Malvetti\",\"@id\":\"https:\\\/\\\/www.link2fleet.com\\\/fr\\\/#\\\/schema\\\/person\\\/027cd46113c78036b3809c9a054049da\"},\"headline\":\"Cap sur le march\u00e9 fran\u00e7ais pour le sp\u00e9cialiste du leasing d\u2019occasion LIZY\",\"datePublished\":\"2022-10-06T06:22:21+00:00\",\"dateModified\":\"2024-04-17T14:45:53+00:00\",\"mainEntityOfPage\":{\"@id\":\"https:\\\/\\\/www.link2fleet.com\\\/fr\\\/cap-sur-le-marche-francais-pour-le-specialiste-du-leasing-doccasion-lizy\\\/\"},\"wordCount\":486,\"publisher\":{\"@id\":\"https:\\\/\\\/www.link2fleet.com\\\/fr\\\/#organization\"},\"image\":{\"@id\":\"https:\\\/\\\/www.link2fleet.com\\\/fr\\\/cap-sur-le-marche-francais-pour-le-specialiste-du-leasing-doccasion-lizy\\\/#primaryimage\"},\"thumbnailUrl\":\"https:\\\/\\\/static.link2fleet.com\\\/wp-content\\\/uploads\\\/2024\\\/03\\\/lizy-branded-car-scaled-1.jpg\",\"articleSection\":[\"Gestion de flotte\",\"Location long-terme\"],\"inLanguage\":\"fr-FR\"},{\"@type\":\"WebPage\",\"@id\":\"https:\\\/\\\/www.link2fleet.com\\\/fr\\\/cap-sur-le-marche-francais-pour-le-specialiste-du-leasing-doccasion-lizy\\\/\",\"url\":\"https:\\\/\\\/www.link2fleet.com\\\/fr\\\/cap-sur-le-marche-francais-pour-le-specialiste-du-leasing-doccasion-lizy\\\/\",\"name\":\"Cap sur le march\u00e9 fran\u00e7ais pour le sp\u00e9cialiste du leasing d\u2019occasion LIZY - link2fleet\",\"isPartOf\":{\"@id\":\"https:\\\/\\\/www.link2fleet.com\\\/fr\\\/#website\"},\"primaryImageOfPage\":{\"@id\":\"https:\\\/\\\/www.link2fleet.com\\\/fr\\\/cap-sur-le-marche-francais-pour-le-specialiste-du-leasing-doccasion-lizy\\\/#primaryimage\"},\"image\":{\"@id\":\"https:\\\/\\\/www.link2fleet.com\\\/fr\\\/cap-sur-le-marche-francais-pour-le-specialiste-du-leasing-doccasion-lizy\\\/#primaryimage\"},\"thumbnailUrl\":\"https:\\\/\\\/static.link2fleet.com\\\/wp-content\\\/uploads\\\/2024\\\/03\\\/lizy-branded-car-scaled-1.jpg\",\"datePublished\":\"2022-10-06T06:22:21+00:00\",\"dateModified\":\"2024-04-17T14:45:53+00:00\",\"breadcrumb\":{\"@id\":\"https:\\\/\\\/www.link2fleet.com\\\/fr\\\/cap-sur-le-marche-francais-pour-le-specialiste-du-leasing-doccasion-lizy\\\/#breadcrumb\"},\"inLanguage\":\"fr-FR\",\"potentialAction\":[{\"@type\":\"ReadAction\",\"target\":[\"https:\\\/\\\/www.link2fleet.com\\\/fr\\\/cap-sur-le-marche-francais-pour-le-specialiste-du-leasing-doccasion-lizy\\\/\"]}]},{\"@type\":\"ImageObject\",\"inLanguage\":\"fr-FR\",\"@id\":\"https:\\\/\\\/www.link2fleet.com\\\/fr\\\/cap-sur-le-marche-francais-pour-le-specialiste-du-leasing-doccasion-lizy\\\/#primaryimage\",\"url\":\"https:\\\/\\\/static.link2fleet.com\\\/wp-content\\\/uploads\\\/2024\\\/03\\\/lizy-branded-car-scaled-1.jpg\",\"contentUrl\":\"https:\\\/\\\/static.link2fleet.com\\\/wp-content\\\/uploads\\\/2024\\\/03\\\/lizy-branded-car-scaled-1.jpg\",\"width\":2560,\"height\":1709},{\"@type\":\"BreadcrumbList\",\"@id\":\"https:\\\/\\\/www.link2fleet.com\\\/fr\\\/cap-sur-le-marche-francais-pour-le-specialiste-du-leasing-doccasion-lizy\\\/#breadcrumb\",\"itemListElement\":[{\"@type\":\"ListItem\",\"position\":1,\"name\":\"Home\",\"item\":\"https:\\\/\\\/www.link2fleet.com\\\/fr\\\/\"},{\"@type\":\"ListItem\",\"position\":2,\"name\":\"Cap sur le march\u00e9 fran\u00e7ais pour le sp\u00e9cialiste du leasing d\u2019occasion LIZY\"}]},{\"@type\":\"WebSite\",\"@id\":\"https:\\\/\\\/www.link2fleet.com\\\/fr\\\/#website\",\"url\":\"https:\\\/\\\/www.link2fleet.com\\\/fr\\\/\",\"name\":\"Link2fleet\",\"description\":\"\",\"publisher\":{\"@id\":\"https:\\\/\\\/www.link2fleet.com\\\/fr\\\/#organization\"},\"potentialAction\":[{\"@type\":\"SearchAction\",\"target\":{\"@type\":\"EntryPoint\",\"urlTemplate\":\"https:\\\/\\\/www.link2fleet.com\\\/fr\\\/?s={search_term_string}\"},\"query-input\":{\"@type\":\"PropertyValueSpecification\",\"valueRequired\":true,\"valueName\":\"search_term_string\"}}],\"inLanguage\":\"fr-FR\"},{\"@type\":\"Organization\",\"@id\":\"https:\\\/\\\/www.link2fleet.com\\\/fr\\\/#organization\",\"name\":\"Link2fleet\",\"url\":\"https:\\\/\\\/www.link2fleet.com\\\/fr\\\/\",\"logo\":{\"@type\":\"ImageObject\",\"inLanguage\":\"fr-FR\",\"@id\":\"https:\\\/\\\/www.link2fleet.com\\\/fr\\\/#\\\/schema\\\/logo\\\/image\\\/\",\"url\":\"https:\\\/\\\/static.link2fleet.com\\\/wp-content\\\/uploads\\\/2024\\\/03\\\/share-image.jpg\",\"contentUrl\":\"https:\\\/\\\/static.link2fleet.com\\\/wp-content\\\/uploads\\\/2024\\\/03\\\/share-image.jpg\",\"width\":1200,\"height\":630,\"caption\":\"Link2fleet\"},\"image\":{\"@id\":\"https:\\\/\\\/www.link2fleet.com\\\/fr\\\/#\\\/schema\\\/logo\\\/image\\\/\"},\"sameAs\":[\"https:\\\/\\\/www.linkedin.com\\\/company\\\/link2fleet-belgium\",\"https:\\\/\\\/www.youtube.com\\\/user\\\/MMMBMBE\"]},{\"@type\":\"Person\",\"@id\":\"https:\\\/\\\/www.link2fleet.com\\\/fr\\\/#\\\/schema\\\/person\\\/027cd46113c78036b3809c9a054049da\",\"name\":\"Damien Malvetti\",\"image\":{\"@type\":\"ImageObject\",\"inLanguage\":\"fr-FR\",\"@id\":\"https:\\\/\\\/secure.gravatar.com\\\/avatar\\\/dd8cc03b49466c735f753ac37f8caa371af16dfed347456ed61f02883255eebb?s=96&d=mm&r=g\",\"url\":\"https:\\\/\\\/secure.gravatar.com\\\/avatar\\\/dd8cc03b49466c735f753ac37f8caa371af16dfed347456ed61f02883255eebb?s=96&d=mm&r=g\",\"contentUrl\":\"https:\\\/\\\/secure.gravatar.com\\\/avatar\\\/dd8cc03b49466c735f753ac37f8caa371af16dfed347456ed61f02883255eebb?s=96&d=mm&r=g\",\"caption\":\"Damien Malvetti\"},\"description\":\"Damien Malvetti is opgeleid als journalist en gepassioneerd door wagens, technologie en mobiliteit. Hij is verantwoordelijk voor de redactionele inhoud van link2fleet en beschikt over een uitgebreide kennis van de fleet-sector en elektrische mobiliteit.\",\"sameAs\":[\"https:\\\/\\\/www.linkedin.com\\\/in\\\/damien-malvetti-56601142\\\/\"]}]}<\/script>\n<!-- \/ Yoast SEO plugin. -->","yoast_head_json":{"title":"Cap sur le march\u00e9 fran\u00e7ais pour le sp\u00e9cialiste du leasing d\u2019occasion LIZY - link2fleet","description":"LIZY, la start-up qui a fait conna\u00eetre le leasing d\u2019occasion en Belgique ces derni\u00e8res ann\u00e9es, part \u00e0 la conqu\u00eate du march\u00e9 international. L\u2019entreprise l\u00e8ve 40\u2026","robots":{"index":"index","follow":"follow","max-snippet":"max-snippet:-1","max-image-preview":"max-image-preview:large","max-video-preview":"max-video-preview:-1"},"og_locale":"fr_FR","og_type":"article","og_title":"Cap sur le march\u00e9 fran\u00e7ais pour le sp\u00e9cialiste du leasing d\u2019occasion LIZY - link2fleet","og_description":"LIZY, la start-up qui a fait conna\u00eetre le leasing d\u2019occasion en Belgique ces derni\u00e8res ann\u00e9es, part \u00e0 la conqu\u00eate du march\u00e9 international. L\u2019entreprise l\u00e8ve 40\u2026","og_url":"https:\/\/www.link2fleet.com\/fr\/cap-sur-le-marche-francais-pour-le-specialiste-du-leasing-doccasion-lizy\/","og_site_name":"link2fleet","article_published_time":"2022-10-06T06:22:21+00:00","article_modified_time":"2024-04-17T14:45:53+00:00","og_image":[{"width":2560,"height":1709,"url":"https:\/\/static.link2fleet.com\/wp-content\/uploads\/2024\/03\/lizy-branded-car-scaled-1.jpg","type":"image\/jpeg"}],"author":"Damien Malvetti","twitter_card":"summary_large_image","twitter_description":"LIZY, la start-up qui a fait conna\u00eetre le leasing d\u2019occasion en Belgique ces derni\u00e8res ann\u00e9es, part \u00e0 la conqu\u00eate du march\u00e9 international. L\u2019entreprise l\u00e8ve 40\u2026","twitter_misc":{"\u00c9crit par":"Damien Malvetti","Dur\u00e9e de lecture estim\u00e9e":"2 minutes"},"schema":{"@context":"https:\/\/schema.org","@graph":[{"@type":"Article","@id":"https:\/\/www.link2fleet.com\/fr\/cap-sur-le-marche-francais-pour-le-specialiste-du-leasing-doccasion-lizy\/#article","isPartOf":{"@id":"https:\/\/www.link2fleet.com\/fr\/cap-sur-le-marche-francais-pour-le-specialiste-du-leasing-doccasion-lizy\/"},"author":{"name":"Damien Malvetti","@id":"https:\/\/www.link2fleet.com\/fr\/#\/schema\/person\/027cd46113c78036b3809c9a054049da"},"headline":"Cap sur le march\u00e9 fran\u00e7ais pour le sp\u00e9cialiste du leasing d\u2019occasion LIZY","datePublished":"2022-10-06T06:22:21+00:00","dateModified":"2024-04-17T14:45:53+00:00","mainEntityOfPage":{"@id":"https:\/\/www.link2fleet.com\/fr\/cap-sur-le-marche-francais-pour-le-specialiste-du-leasing-doccasion-lizy\/"},"wordCount":486,"publisher":{"@id":"https:\/\/www.link2fleet.com\/fr\/#organization"},"image":{"@id":"https:\/\/www.link2fleet.com\/fr\/cap-sur-le-marche-francais-pour-le-specialiste-du-leasing-doccasion-lizy\/#primaryimage"},"thumbnailUrl":"https:\/\/static.link2fleet.com\/wp-content\/uploads\/2024\/03\/lizy-branded-car-scaled-1.jpg","articleSection":["Gestion de flotte","Location long-terme"],"inLanguage":"fr-FR"},{"@type":"WebPage","@id":"https:\/\/www.link2fleet.com\/fr\/cap-sur-le-marche-francais-pour-le-specialiste-du-leasing-doccasion-lizy\/","url":"https:\/\/www.link2fleet.com\/fr\/cap-sur-le-marche-francais-pour-le-specialiste-du-leasing-doccasion-lizy\/","name":"Cap sur le march\u00e9 fran\u00e7ais pour le sp\u00e9cialiste du leasing d\u2019occasion LIZY - link2fleet","isPartOf":{"@id":"https:\/\/www.link2fleet.com\/fr\/#website"},"primaryImageOfPage":{"@id":"https:\/\/www.link2fleet.com\/fr\/cap-sur-le-marche-francais-pour-le-specialiste-du-leasing-doccasion-lizy\/#primaryimage"},"image":{"@id":"https:\/\/www.link2fleet.com\/fr\/cap-sur-le-marche-francais-pour-le-specialiste-du-leasing-doccasion-lizy\/#primaryimage"},"thumbnailUrl":"https:\/\/static.link2fleet.com\/wp-content\/uploads\/2024\/03\/lizy-branded-car-scaled-1.jpg","datePublished":"2022-10-06T06:22:21+00:00","dateModified":"2024-04-17T14:45:53+00:00","breadcrumb":{"@id":"https:\/\/www.link2fleet.com\/fr\/cap-sur-le-marche-francais-pour-le-specialiste-du-leasing-doccasion-lizy\/#breadcrumb"},"inLanguage":"fr-FR","potentialAction":[{"@type":"ReadAction","target":["https:\/\/www.link2fleet.com\/fr\/cap-sur-le-marche-francais-pour-le-specialiste-du-leasing-doccasion-lizy\/"]}]},{"@type":"ImageObject","inLanguage":"fr-FR","@id":"https:\/\/www.link2fleet.com\/fr\/cap-sur-le-marche-francais-pour-le-specialiste-du-leasing-doccasion-lizy\/#primaryimage","url":"https:\/\/static.link2fleet.com\/wp-content\/uploads\/2024\/03\/lizy-branded-car-scaled-1.jpg","contentUrl":"https:\/\/static.link2fleet.com\/wp-content\/uploads\/2024\/03\/lizy-branded-car-scaled-1.jpg","width":2560,"height":1709},{"@type":"BreadcrumbList","@id":"https:\/\/www.link2fleet.com\/fr\/cap-sur-le-marche-francais-pour-le-specialiste-du-leasing-doccasion-lizy\/#breadcrumb","itemListElement":[{"@type":"ListItem","position":1,"name":"Home","item":"https:\/\/www.link2fleet.com\/fr\/"},{"@type":"ListItem","position":2,"name":"Cap sur le march\u00e9 fran\u00e7ais pour le sp\u00e9cialiste du leasing d\u2019occasion LIZY"}]},{"@type":"WebSite","@id":"https:\/\/www.link2fleet.com\/fr\/#website","url":"https:\/\/www.link2fleet.com\/fr\/","name":"Link2fleet","description":"","publisher":{"@id":"https:\/\/www.link2fleet.com\/fr\/#organization"},"potentialAction":[{"@type":"SearchAction","target":{"@type":"EntryPoint","urlTemplate":"https:\/\/www.link2fleet.com\/fr\/?s={search_term_string}"},"query-input":{"@type":"PropertyValueSpecification","valueRequired":true,"valueName":"search_term_string"}}],"inLanguage":"fr-FR"},{"@type":"Organization","@id":"https:\/\/www.link2fleet.com\/fr\/#organization","name":"Link2fleet","url":"https:\/\/www.link2fleet.com\/fr\/","logo":{"@type":"ImageObject","inLanguage":"fr-FR","@id":"https:\/\/www.link2fleet.com\/fr\/#\/schema\/logo\/image\/","url":"https:\/\/static.link2fleet.com\/wp-content\/uploads\/2024\/03\/share-image.jpg","contentUrl":"https:\/\/static.link2fleet.com\/wp-content\/uploads\/2024\/03\/share-image.jpg","width":1200,"height":630,"caption":"Link2fleet"},"image":{"@id":"https:\/\/www.link2fleet.com\/fr\/#\/schema\/logo\/image\/"},"sameAs":["https:\/\/www.linkedin.com\/company\/link2fleet-belgium","https:\/\/www.youtube.com\/user\/MMMBMBE"]},{"@type":"Person","@id":"https:\/\/www.link2fleet.com\/fr\/#\/schema\/person\/027cd46113c78036b3809c9a054049da","name":"Damien Malvetti","image":{"@type":"ImageObject","inLanguage":"fr-FR","@id":"https:\/\/secure.gravatar.com\/avatar\/dd8cc03b49466c735f753ac37f8caa371af16dfed347456ed61f02883255eebb?s=96&d=mm&r=g","url":"https:\/\/secure.gravatar.com\/avatar\/dd8cc03b49466c735f753ac37f8caa371af16dfed347456ed61f02883255eebb?s=96&d=mm&r=g","contentUrl":"https:\/\/secure.gravatar.com\/avatar\/dd8cc03b49466c735f753ac37f8caa371af16dfed347456ed61f02883255eebb?s=96&d=mm&r=g","caption":"Damien Malvetti"},"description":"Damien Malvetti is opgeleid als journalist en gepassioneerd door wagens, technologie en mobiliteit. Hij is verantwoordelijk voor de redactionele inhoud van link2fleet en beschikt over een uitgebreide kennis van de fleet-sector en elektrische mobiliteit.","sameAs":["https:\/\/www.linkedin.com\/in\/damien-malvetti-56601142\/"]}]}},"_links":{"self":[{"href":"https:\/\/www.link2fleet.com\/fr\/wp-json\/wp\/v2\/posts\/7840","targetHints":{"allow":["GET"]}}],"collection":[{"href":"https:\/\/www.link2fleet.com\/fr\/wp-json\/wp\/v2\/posts"}],"about":[{"href":"https:\/\/www.link2fleet.com\/fr\/wp-json\/wp\/v2\/types\/post"}],"author":[{"embeddable":true,"href":"https:\/\/www.link2fleet.com\/fr\/wp-json\/wp\/v2\/users\/4"}],"replies":[{"embeddable":true,"href":"https:\/\/www.link2fleet.com\/fr\/wp-json\/wp\/v2\/comments?post=7840"}],"version-history":[{"count":0,"href":"https:\/\/www.link2fleet.com\/fr\/wp-json\/wp\/v2\/posts\/7840\/revisions"}],"wp:featuredmedia":[{"embeddable":true,"href":"https:\/\/www.link2fleet.com\/fr\/wp-json\/wp\/v2\/media\/7841"}],"wp:attachment":[{"href":"https:\/\/www.link2fleet.com\/fr\/wp-json\/wp\/v2\/media?parent=7840"}],"wp:term":[{"taxonomy":"category","embeddable":true,"href":"https:\/\/www.link2fleet.com\/fr\/wp-json\/wp\/v2\/categories?post=7840"},{"taxonomy":"post_tag","embeddable":true,"href":"https:\/\/www.link2fleet.com\/fr\/wp-json\/wp\/v2\/tags?post=7840"}],"curies":[{"name":"wp","href":"https:\/\/api.w.org\/{rel}","templated":true}]}}