{"id":7844,"date":"2022-10-06T09:55:04","date_gmt":"2022-10-06T07:55:04","guid":{"rendered":"https:\/\/www.link2fleet.com\/arval-beyond-soutenir-ses-clients-dans-leur-transition-multimodale-et-energetique\/"},"modified":"2024-04-17T16:45:53","modified_gmt":"2024-04-17T14:45:53","slug":"arval-beyond-soutenir-ses-clients-dans-leur-transition-multimodale-et-energetique","status":"publish","type":"post","link":"https:\/\/www.link2fleet.com\/fr\/arval-beyond-soutenir-ses-clients-dans-leur-transition-multimodale-et-energetique\/","title":{"rendered":"Arval Beyond : soutenir ses clients dans leur transition multimodale et \u00e9nerg\u00e9tique"},"content":{"rendered":"<figure id=\"attachment_1284168\" aria-describedby=\"caption-attachment-1284168\" style=\"width: 200px\" class=\"wp-caption alignright\"><a href=\"https:\/\/www.link2fleet.com\/wp-content\/uploads\/2022\/10\/Arval-Laurent-Loncke-scaled.jpg\"><img loading=\"lazy\" decoding=\"async\" class=\"wp-image-1284168 size-medium\" src=\"https:\/\/www.link2fleet.com\/wp-content\/uploads\/2022\/10\/Arval-Laurent-Loncke-200x300.jpg\" alt=\"\" width=\"200\" height=\"300\" \/><\/a><figcaption id=\"caption-attachment-1284168\" class=\"wp-caption-text\">Laurent Loncke, General Manager<\/figcaption><\/figure>\n<p style=\"font-weight: 400;\">D\u00e9velopp\u00e9 au niveau international par Arval, le plan strat\u00e9gique Arval Beyond peut \u00eatre adapt\u00e9 \u00e0 la r\u00e9alit\u00e9 de chaque pays. \u00ab\u00a0En Belgique, nous op\u00e9rons un changement de business model de la car policy vers la mobility policy, qui couvre non seulement l\u2019\u00e9lectrification, mais aussi la mise en place de la multi-mobilit\u00e9, les deux d\u00e9fis auxquels nos clients sont actuellement confront\u00e9s \u00bb, indique Laurent Loncke, General Manager d\u2019Arval Belgium.<\/p>\n<p style=\"font-weight: 400;\">Ainsi, le focus est notamment mis sur le d\u00e9veloppement d\u2019une offre de mobilit\u00e9 \u00e0 360 degr\u00e9s. Arval vient ainsi de lancer une <a href=\"https:\/\/www.link2fleet.com\/fr\/grace-a-la-plateforme-arval-mobility-les-entreprises-gerent-facilement-les-budgets-mobilite\/\">nouvelle plateforme de gestion du budget de mobilit\u00e9<\/a>. \u00ab\u00a0Il s\u2019agit d\u2019un double support\u00a0: d\u2019une part une plateforme via laquelle les gestionnaires de flotte peuvent g\u00e9rer la mobilit\u00e9 et le budget de leurs collaborateurs. Et d\u2019autre part, une application smartphone li\u00e9e, l\u2019Arval Mobility App, con\u00e7ue en collaboration avec Optimile, qui permet aux collaborateurs de g\u00e9rer sa mobilit\u00e9 via diff\u00e9rents partenaires en fonction du budget qui lui a \u00e9t\u00e9 accord\u00e9.\u00a0\u00bb<\/p>\n<p style=\"font-weight: 400;\">\n<p style=\"font-weight: 400;\"><strong>En route vers le 100% \u00e9lectrique<\/strong><\/p>\n<p style=\"font-weight: 400;\"><a href=\"https:\/\/www.link2fleet.com\/wp-content\/uploads\/2022\/10\/ARVAL-car-JPG-scaled.jpg\"><img loading=\"lazy\" decoding=\"async\" class=\"alignright size-medium wp-image-1284166\" src=\"https:\/\/www.link2fleet.com\/wp-content\/uploads\/2022\/10\/ARVAL-car-JPG-300x200.jpg\" alt=\"\" width=\"300\" height=\"200\" \/><\/a>Arval continue \u00e9videmment en parall\u00e8le de d\u00e9velopper ses propres produits et services de mobilit\u00e9. \u00ab\u00a0Par exemple le leasing de v\u00e9lo. Nous avons actuellement plus de 3.000 v\u00e9los en flotte chez des clients\u00a0\u00bb, se r\u00e9jouit Laurent Loncke. \u00ab\u00a0Mais aussi le car sharing\u00a0: nous sommes en train de tester en interne notre nouvelle offre en la mati\u00e8re aupr\u00e8s de notre personnel tout en la proposant \u00e0 nos clients\u00a0\u00bb<\/p>\n<p style=\"font-weight: 400;\">Deux Volkswagen I.D.3 sont ainsi mises \u00e0 disposition de l\u2019ensemble du personnel via l\u2019app de car sharing d\u2019Arval. \u00ab\u00a0Le but est double\u00a0: d\u2019une part que notre personnel teste le service et l\u2019application, mais aussi qu\u2019il se familiarise avec la conduite \u00e9lectrique. Car nous avons la volont\u00e9 d\u2019\u00eatre per\u00e7u comme un partenaire de mobilit\u00e9 durable. Et quoi de mieux pour se faire que de soutenir nos clients en montrant l\u2019exemple\u00a0?! A partir de maintenant, tout nouveau v\u00e9hicule command\u00e9 pour un collaborateur d\u2019Arval Belgique est enti\u00e8rement \u00e9lectrique. Nous venons \u00e9galement d\u2019\u00e9quiper notre parking de 95 bornes de recharge.\u00a0\u00bb<\/p>\n<figure id=\"attachment_1284164\" aria-describedby=\"caption-attachment-1284164\" style=\"width: 640px\" class=\"wp-caption aligncenter\"><a href=\"https:\/\/www.link2fleet.com\/wp-content\/uploads\/2022\/10\/ARVAL-bornes-scaled.jpg\"><img loading=\"lazy\" decoding=\"async\" class=\"wp-image-1284164 size-large\" src=\"https:\/\/www.link2fleet.com\/wp-content\/uploads\/2022\/10\/ARVAL-bornes-1024x683.jpg\" alt=\"\" width=\"640\" height=\"427\" \/><\/a><figcaption id=\"caption-attachment-1284164\" class=\"wp-caption-text\">95 bornes ont \u00e9t\u00e9 install\u00e9es sur le parking d&rsquo;Arval \u00e0 Zaventem.<\/figcaption><\/figure>\n<p>&nbsp;<\/p>\n<p style=\"font-weight: 400;\">Arval communique \u00e9norm\u00e9ment avec ses clients sur les sujets autour de l\u2019\u00e9lectrification. Et les r\u00e9sultats sont plut\u00f4t probants puisqu\u2019en 2020, une voiture sur 10 prise en leasing aupr\u00e8s d\u2019Arval Belgium \u00e9tait \u00e9lectrifi\u00e9e (PHEV ou BEV) alors qu\u2019aujourd\u2019hui, on parle d\u2019une voiture sur 2, avec une majorit\u00e9 de BEV.<\/p>\n<p style=\"font-weight: 400;\">\n<p style=\"font-weight: 400;\"><strong>Private lease\u00a0: le chainon manquant<\/strong><\/p>\n<p style=\"font-weight: 400;\">Via le pilier Arval Inside de la strat\u00e9gie Arval Beyond, le groupe noue des partenariats pour proposer ses diff\u00e9rentes solutions. \u00ab\u00a0On peut par exemple citer Engie et Luminus pour le placement des bornes au domicile des collaborateurs, Optimile pour la mobilit\u00e9, ou encore AG Insurance pour d\u00e9velopper le leasing via des courtiers en assurances et ainsi toucher une nouvelle client\u00e8le, notamment via le private lease. Nous avons un historique de grands clients, mais nous souhaitons aussi nous positionner encore plus envers les PME, les ind\u00e9pendants et les particuliers. Le rachat r\u00e9cent de Terberg en est un excellent exemple. Terberg dispose de JustLease, qui a fait du leasing priv\u00e9 son cheval de bataille. C\u2019\u00e9tait le maillon manquant qui entre parfaitement dans notre strat\u00e9gie\u00a0\u00bb, termine Laurent Loncke.<\/p>\n<p style=\"font-weight: 400;\">\n","protected":false},"excerpt":{"rendered":"<p>D\u00e9velopp\u00e9 au niveau international par Arval, le plan strat\u00e9gique Arval Beyond peut \u00eatre adapt\u00e9 \u00e0 la r\u00e9alit\u00e9 de chaque pays. \u00ab\u00a0En Belgique, nous op\u00e9rons un changement de business model de la car policy vers la mobility policy, qui couvre non seulement l\u2019\u00e9lectrification, mais aussi la mise en place de la multi-mobilit\u00e9, les deux d\u00e9fis auxquels [&hellip;]<\/p>\n","protected":false},"author":4,"featured_media":7845,"comment_status":"closed","ping_status":"closed","sticky":false,"template":"","format":"standard","meta":{"_acf_changed":false,"footnotes":""},"categories":[91,79],"tags":[],"class_list":["post-7844","post","type-post","status-publish","format-standard","has-post-thumbnail","hentry","category-expertise-et-management","category-societes-de-leasing"],"acf":[],"yoast_head":"<!-- This site is optimized with the Yoast SEO plugin v27.3 - https:\/\/yoast.com\/product\/yoast-seo-wordpress\/ -->\n<title>Arval Beyond : soutenir ses clients dans leur transition multimodale et \u00e9nerg\u00e9tique - link2fleet<\/title>\n<meta name=\"description\" content=\"En tant que leader de la mobilit\u00e9 professionnelle, Arval a toujours \u00e9t\u00e9 soucieux de r\u00e9pondre au mieux aux besoins de ses clients. Aujourd\u2019hui, alors que\u2026\" \/>\n<meta name=\"robots\" content=\"index, follow, max-snippet:-1, max-image-preview:large, max-video-preview:-1\" \/>\n<meta property=\"og:locale\" content=\"fr_FR\" \/>\n<meta property=\"og:type\" content=\"article\" \/>\n<meta property=\"og:title\" content=\"Arval Beyond : soutenir ses clients dans leur transition multimodale et \u00e9nerg\u00e9tique - link2fleet\" \/>\n<meta property=\"og:description\" content=\"En tant que leader de la mobilit\u00e9 professionnelle, Arval a toujours \u00e9t\u00e9 soucieux de r\u00e9pondre au mieux aux besoins de ses clients. Aujourd\u2019hui, alors que\u2026\" \/>\n<meta property=\"og:url\" content=\"https:\/\/www.link2fleet.com\/fr\/arval-beyond-soutenir-ses-clients-dans-leur-transition-multimodale-et-energetique\/\" \/>\n<meta property=\"og:site_name\" content=\"link2fleet\" \/>\n<meta property=\"article:published_time\" content=\"2022-10-06T07:55:04+00:00\" \/>\n<meta property=\"article:modified_time\" content=\"2024-04-17T14:45:53+00:00\" \/>\n<meta property=\"og:image\" content=\"https:\/\/static.link2fleet.com\/wp-content\/uploads\/2024\/03\/arval-beyond-wallpaper-800-600px-blue.jpeg\" \/>\n\t<meta property=\"og:image:width\" content=\"1500\" \/>\n\t<meta property=\"og:image:height\" content=\"500\" \/>\n\t<meta property=\"og:image:type\" content=\"image\/jpeg\" \/>\n<meta name=\"author\" content=\"Damien Malvetti\" \/>\n<meta name=\"twitter:card\" content=\"summary_large_image\" \/>\n<meta name=\"twitter:description\" content=\"En tant que leader de la mobilit\u00e9 professionnelle, Arval a toujours \u00e9t\u00e9 soucieux de r\u00e9pondre au mieux aux besoins de ses clients. Aujourd\u2019hui, alors que\u2026\" \/>\n<meta name=\"twitter:label1\" content=\"\u00c9crit par\" \/>\n\t<meta name=\"twitter:data1\" content=\"Damien Malvetti\" \/>\n\t<meta name=\"twitter:label2\" content=\"Dur\u00e9e de lecture estim\u00e9e\" \/>\n\t<meta name=\"twitter:data2\" content=\"3 minutes\" \/>\n<script type=\"application\/ld+json\" class=\"yoast-schema-graph\">{\"@context\":\"https:\\\/\\\/schema.org\",\"@graph\":[{\"@type\":\"Article\",\"@id\":\"https:\\\/\\\/www.link2fleet.com\\\/fr\\\/arval-beyond-soutenir-ses-clients-dans-leur-transition-multimodale-et-energetique\\\/#article\",\"isPartOf\":{\"@id\":\"https:\\\/\\\/www.link2fleet.com\\\/fr\\\/arval-beyond-soutenir-ses-clients-dans-leur-transition-multimodale-et-energetique\\\/\"},\"author\":{\"name\":\"Damien Malvetti\",\"@id\":\"https:\\\/\\\/www.link2fleet.com\\\/fr\\\/#\\\/schema\\\/person\\\/027cd46113c78036b3809c9a054049da\"},\"headline\":\"Arval Beyond : soutenir ses clients dans leur transition multimodale et \u00e9nerg\u00e9tique\",\"datePublished\":\"2022-10-06T07:55:04+00:00\",\"dateModified\":\"2024-04-17T14:45:53+00:00\",\"mainEntityOfPage\":{\"@id\":\"https:\\\/\\\/www.link2fleet.com\\\/fr\\\/arval-beyond-soutenir-ses-clients-dans-leur-transition-multimodale-et-energetique\\\/\"},\"wordCount\":595,\"publisher\":{\"@id\":\"https:\\\/\\\/www.link2fleet.com\\\/fr\\\/#organization\"},\"image\":{\"@id\":\"https:\\\/\\\/www.link2fleet.com\\\/fr\\\/arval-beyond-soutenir-ses-clients-dans-leur-transition-multimodale-et-energetique\\\/#primaryimage\"},\"thumbnailUrl\":\"https:\\\/\\\/static.link2fleet.com\\\/wp-content\\\/uploads\\\/2024\\\/03\\\/arval-beyond-wallpaper-800-600px-blue.jpeg\",\"articleSection\":[\"Gestion de flotte\",\"Location long-terme\"],\"inLanguage\":\"fr-FR\"},{\"@type\":\"WebPage\",\"@id\":\"https:\\\/\\\/www.link2fleet.com\\\/fr\\\/arval-beyond-soutenir-ses-clients-dans-leur-transition-multimodale-et-energetique\\\/\",\"url\":\"https:\\\/\\\/www.link2fleet.com\\\/fr\\\/arval-beyond-soutenir-ses-clients-dans-leur-transition-multimodale-et-energetique\\\/\",\"name\":\"Arval Beyond : soutenir ses clients dans leur transition multimodale et \u00e9nerg\u00e9tique - link2fleet\",\"isPartOf\":{\"@id\":\"https:\\\/\\\/www.link2fleet.com\\\/fr\\\/#website\"},\"primaryImageOfPage\":{\"@id\":\"https:\\\/\\\/www.link2fleet.com\\\/fr\\\/arval-beyond-soutenir-ses-clients-dans-leur-transition-multimodale-et-energetique\\\/#primaryimage\"},\"image\":{\"@id\":\"https:\\\/\\\/www.link2fleet.com\\\/fr\\\/arval-beyond-soutenir-ses-clients-dans-leur-transition-multimodale-et-energetique\\\/#primaryimage\"},\"thumbnailUrl\":\"https:\\\/\\\/static.link2fleet.com\\\/wp-content\\\/uploads\\\/2024\\\/03\\\/arval-beyond-wallpaper-800-600px-blue.jpeg\",\"datePublished\":\"2022-10-06T07:55:04+00:00\",\"dateModified\":\"2024-04-17T14:45:53+00:00\",\"breadcrumb\":{\"@id\":\"https:\\\/\\\/www.link2fleet.com\\\/fr\\\/arval-beyond-soutenir-ses-clients-dans-leur-transition-multimodale-et-energetique\\\/#breadcrumb\"},\"inLanguage\":\"fr-FR\",\"potentialAction\":[{\"@type\":\"ReadAction\",\"target\":[\"https:\\\/\\\/www.link2fleet.com\\\/fr\\\/arval-beyond-soutenir-ses-clients-dans-leur-transition-multimodale-et-energetique\\\/\"]}]},{\"@type\":\"ImageObject\",\"inLanguage\":\"fr-FR\",\"@id\":\"https:\\\/\\\/www.link2fleet.com\\\/fr\\\/arval-beyond-soutenir-ses-clients-dans-leur-transition-multimodale-et-energetique\\\/#primaryimage\",\"url\":\"https:\\\/\\\/static.link2fleet.com\\\/wp-content\\\/uploads\\\/2024\\\/03\\\/arval-beyond-wallpaper-800-600px-blue.jpeg\",\"contentUrl\":\"https:\\\/\\\/static.link2fleet.com\\\/wp-content\\\/uploads\\\/2024\\\/03\\\/arval-beyond-wallpaper-800-600px-blue.jpeg\",\"width\":1500,\"height\":500,\"caption\":\"|\"},{\"@type\":\"BreadcrumbList\",\"@id\":\"https:\\\/\\\/www.link2fleet.com\\\/fr\\\/arval-beyond-soutenir-ses-clients-dans-leur-transition-multimodale-et-energetique\\\/#breadcrumb\",\"itemListElement\":[{\"@type\":\"ListItem\",\"position\":1,\"name\":\"Home\",\"item\":\"https:\\\/\\\/www.link2fleet.com\\\/fr\\\/\"},{\"@type\":\"ListItem\",\"position\":2,\"name\":\"Arval Beyond : soutenir ses clients dans leur transition multimodale et \u00e9nerg\u00e9tique\"}]},{\"@type\":\"WebSite\",\"@id\":\"https:\\\/\\\/www.link2fleet.com\\\/fr\\\/#website\",\"url\":\"https:\\\/\\\/www.link2fleet.com\\\/fr\\\/\",\"name\":\"Link2fleet\",\"description\":\"\",\"publisher\":{\"@id\":\"https:\\\/\\\/www.link2fleet.com\\\/fr\\\/#organization\"},\"potentialAction\":[{\"@type\":\"SearchAction\",\"target\":{\"@type\":\"EntryPoint\",\"urlTemplate\":\"https:\\\/\\\/www.link2fleet.com\\\/fr\\\/?s={search_term_string}\"},\"query-input\":{\"@type\":\"PropertyValueSpecification\",\"valueRequired\":true,\"valueName\":\"search_term_string\"}}],\"inLanguage\":\"fr-FR\"},{\"@type\":\"Organization\",\"@id\":\"https:\\\/\\\/www.link2fleet.com\\\/fr\\\/#organization\",\"name\":\"Link2fleet\",\"url\":\"https:\\\/\\\/www.link2fleet.com\\\/fr\\\/\",\"logo\":{\"@type\":\"ImageObject\",\"inLanguage\":\"fr-FR\",\"@id\":\"https:\\\/\\\/www.link2fleet.com\\\/fr\\\/#\\\/schema\\\/logo\\\/image\\\/\",\"url\":\"https:\\\/\\\/static.link2fleet.com\\\/wp-content\\\/uploads\\\/2024\\\/03\\\/share-image.jpg\",\"contentUrl\":\"https:\\\/\\\/static.link2fleet.com\\\/wp-content\\\/uploads\\\/2024\\\/03\\\/share-image.jpg\",\"width\":1200,\"height\":630,\"caption\":\"Link2fleet\"},\"image\":{\"@id\":\"https:\\\/\\\/www.link2fleet.com\\\/fr\\\/#\\\/schema\\\/logo\\\/image\\\/\"},\"sameAs\":[\"https:\\\/\\\/www.linkedin.com\\\/company\\\/link2fleet-belgium\",\"https:\\\/\\\/www.youtube.com\\\/user\\\/MMMBMBE\"]},{\"@type\":\"Person\",\"@id\":\"https:\\\/\\\/www.link2fleet.com\\\/fr\\\/#\\\/schema\\\/person\\\/027cd46113c78036b3809c9a054049da\",\"name\":\"Damien Malvetti\",\"image\":{\"@type\":\"ImageObject\",\"inLanguage\":\"fr-FR\",\"@id\":\"https:\\\/\\\/secure.gravatar.com\\\/avatar\\\/dd8cc03b49466c735f753ac37f8caa371af16dfed347456ed61f02883255eebb?s=96&d=mm&r=g\",\"url\":\"https:\\\/\\\/secure.gravatar.com\\\/avatar\\\/dd8cc03b49466c735f753ac37f8caa371af16dfed347456ed61f02883255eebb?s=96&d=mm&r=g\",\"contentUrl\":\"https:\\\/\\\/secure.gravatar.com\\\/avatar\\\/dd8cc03b49466c735f753ac37f8caa371af16dfed347456ed61f02883255eebb?s=96&d=mm&r=g\",\"caption\":\"Damien Malvetti\"},\"description\":\"Damien Malvetti is opgeleid als journalist en gepassioneerd door wagens, technologie en mobiliteit. Hij is verantwoordelijk voor de redactionele inhoud van link2fleet en beschikt over een uitgebreide kennis van de fleet-sector en elektrische mobiliteit.\",\"sameAs\":[\"https:\\\/\\\/www.linkedin.com\\\/in\\\/damien-malvetti-56601142\\\/\"]}]}<\/script>\n<!-- \/ Yoast SEO plugin. -->","yoast_head_json":{"title":"Arval Beyond : soutenir ses clients dans leur transition multimodale et \u00e9nerg\u00e9tique - link2fleet","description":"En tant que leader de la mobilit\u00e9 professionnelle, Arval a toujours \u00e9t\u00e9 soucieux de r\u00e9pondre au mieux aux besoins de ses clients. Aujourd\u2019hui, alors que\u2026","robots":{"index":"index","follow":"follow","max-snippet":"max-snippet:-1","max-image-preview":"max-image-preview:large","max-video-preview":"max-video-preview:-1"},"og_locale":"fr_FR","og_type":"article","og_title":"Arval Beyond : soutenir ses clients dans leur transition multimodale et \u00e9nerg\u00e9tique - link2fleet","og_description":"En tant que leader de la mobilit\u00e9 professionnelle, Arval a toujours \u00e9t\u00e9 soucieux de r\u00e9pondre au mieux aux besoins de ses clients. Aujourd\u2019hui, alors que\u2026","og_url":"https:\/\/www.link2fleet.com\/fr\/arval-beyond-soutenir-ses-clients-dans-leur-transition-multimodale-et-energetique\/","og_site_name":"link2fleet","article_published_time":"2022-10-06T07:55:04+00:00","article_modified_time":"2024-04-17T14:45:53+00:00","og_image":[{"width":1500,"height":500,"url":"https:\/\/static.link2fleet.com\/wp-content\/uploads\/2024\/03\/arval-beyond-wallpaper-800-600px-blue.jpeg","type":"image\/jpeg"}],"author":"Damien Malvetti","twitter_card":"summary_large_image","twitter_description":"En tant que leader de la mobilit\u00e9 professionnelle, Arval a toujours \u00e9t\u00e9 soucieux de r\u00e9pondre au mieux aux besoins de ses clients. Aujourd\u2019hui, alors que\u2026","twitter_misc":{"\u00c9crit par":"Damien Malvetti","Dur\u00e9e de lecture estim\u00e9e":"3 minutes"},"schema":{"@context":"https:\/\/schema.org","@graph":[{"@type":"Article","@id":"https:\/\/www.link2fleet.com\/fr\/arval-beyond-soutenir-ses-clients-dans-leur-transition-multimodale-et-energetique\/#article","isPartOf":{"@id":"https:\/\/www.link2fleet.com\/fr\/arval-beyond-soutenir-ses-clients-dans-leur-transition-multimodale-et-energetique\/"},"author":{"name":"Damien Malvetti","@id":"https:\/\/www.link2fleet.com\/fr\/#\/schema\/person\/027cd46113c78036b3809c9a054049da"},"headline":"Arval Beyond : soutenir ses clients dans leur transition multimodale et \u00e9nerg\u00e9tique","datePublished":"2022-10-06T07:55:04+00:00","dateModified":"2024-04-17T14:45:53+00:00","mainEntityOfPage":{"@id":"https:\/\/www.link2fleet.com\/fr\/arval-beyond-soutenir-ses-clients-dans-leur-transition-multimodale-et-energetique\/"},"wordCount":595,"publisher":{"@id":"https:\/\/www.link2fleet.com\/fr\/#organization"},"image":{"@id":"https:\/\/www.link2fleet.com\/fr\/arval-beyond-soutenir-ses-clients-dans-leur-transition-multimodale-et-energetique\/#primaryimage"},"thumbnailUrl":"https:\/\/static.link2fleet.com\/wp-content\/uploads\/2024\/03\/arval-beyond-wallpaper-800-600px-blue.jpeg","articleSection":["Gestion de flotte","Location long-terme"],"inLanguage":"fr-FR"},{"@type":"WebPage","@id":"https:\/\/www.link2fleet.com\/fr\/arval-beyond-soutenir-ses-clients-dans-leur-transition-multimodale-et-energetique\/","url":"https:\/\/www.link2fleet.com\/fr\/arval-beyond-soutenir-ses-clients-dans-leur-transition-multimodale-et-energetique\/","name":"Arval Beyond : soutenir ses clients dans leur transition multimodale et \u00e9nerg\u00e9tique - link2fleet","isPartOf":{"@id":"https:\/\/www.link2fleet.com\/fr\/#website"},"primaryImageOfPage":{"@id":"https:\/\/www.link2fleet.com\/fr\/arval-beyond-soutenir-ses-clients-dans-leur-transition-multimodale-et-energetique\/#primaryimage"},"image":{"@id":"https:\/\/www.link2fleet.com\/fr\/arval-beyond-soutenir-ses-clients-dans-leur-transition-multimodale-et-energetique\/#primaryimage"},"thumbnailUrl":"https:\/\/static.link2fleet.com\/wp-content\/uploads\/2024\/03\/arval-beyond-wallpaper-800-600px-blue.jpeg","datePublished":"2022-10-06T07:55:04+00:00","dateModified":"2024-04-17T14:45:53+00:00","breadcrumb":{"@id":"https:\/\/www.link2fleet.com\/fr\/arval-beyond-soutenir-ses-clients-dans-leur-transition-multimodale-et-energetique\/#breadcrumb"},"inLanguage":"fr-FR","potentialAction":[{"@type":"ReadAction","target":["https:\/\/www.link2fleet.com\/fr\/arval-beyond-soutenir-ses-clients-dans-leur-transition-multimodale-et-energetique\/"]}]},{"@type":"ImageObject","inLanguage":"fr-FR","@id":"https:\/\/www.link2fleet.com\/fr\/arval-beyond-soutenir-ses-clients-dans-leur-transition-multimodale-et-energetique\/#primaryimage","url":"https:\/\/static.link2fleet.com\/wp-content\/uploads\/2024\/03\/arval-beyond-wallpaper-800-600px-blue.jpeg","contentUrl":"https:\/\/static.link2fleet.com\/wp-content\/uploads\/2024\/03\/arval-beyond-wallpaper-800-600px-blue.jpeg","width":1500,"height":500,"caption":"|"},{"@type":"BreadcrumbList","@id":"https:\/\/www.link2fleet.com\/fr\/arval-beyond-soutenir-ses-clients-dans-leur-transition-multimodale-et-energetique\/#breadcrumb","itemListElement":[{"@type":"ListItem","position":1,"name":"Home","item":"https:\/\/www.link2fleet.com\/fr\/"},{"@type":"ListItem","position":2,"name":"Arval Beyond : soutenir ses clients dans leur transition multimodale et \u00e9nerg\u00e9tique"}]},{"@type":"WebSite","@id":"https:\/\/www.link2fleet.com\/fr\/#website","url":"https:\/\/www.link2fleet.com\/fr\/","name":"Link2fleet","description":"","publisher":{"@id":"https:\/\/www.link2fleet.com\/fr\/#organization"},"potentialAction":[{"@type":"SearchAction","target":{"@type":"EntryPoint","urlTemplate":"https:\/\/www.link2fleet.com\/fr\/?s={search_term_string}"},"query-input":{"@type":"PropertyValueSpecification","valueRequired":true,"valueName":"search_term_string"}}],"inLanguage":"fr-FR"},{"@type":"Organization","@id":"https:\/\/www.link2fleet.com\/fr\/#organization","name":"Link2fleet","url":"https:\/\/www.link2fleet.com\/fr\/","logo":{"@type":"ImageObject","inLanguage":"fr-FR","@id":"https:\/\/www.link2fleet.com\/fr\/#\/schema\/logo\/image\/","url":"https:\/\/static.link2fleet.com\/wp-content\/uploads\/2024\/03\/share-image.jpg","contentUrl":"https:\/\/static.link2fleet.com\/wp-content\/uploads\/2024\/03\/share-image.jpg","width":1200,"height":630,"caption":"Link2fleet"},"image":{"@id":"https:\/\/www.link2fleet.com\/fr\/#\/schema\/logo\/image\/"},"sameAs":["https:\/\/www.linkedin.com\/company\/link2fleet-belgium","https:\/\/www.youtube.com\/user\/MMMBMBE"]},{"@type":"Person","@id":"https:\/\/www.link2fleet.com\/fr\/#\/schema\/person\/027cd46113c78036b3809c9a054049da","name":"Damien Malvetti","image":{"@type":"ImageObject","inLanguage":"fr-FR","@id":"https:\/\/secure.gravatar.com\/avatar\/dd8cc03b49466c735f753ac37f8caa371af16dfed347456ed61f02883255eebb?s=96&d=mm&r=g","url":"https:\/\/secure.gravatar.com\/avatar\/dd8cc03b49466c735f753ac37f8caa371af16dfed347456ed61f02883255eebb?s=96&d=mm&r=g","contentUrl":"https:\/\/secure.gravatar.com\/avatar\/dd8cc03b49466c735f753ac37f8caa371af16dfed347456ed61f02883255eebb?s=96&d=mm&r=g","caption":"Damien Malvetti"},"description":"Damien Malvetti is opgeleid als journalist en gepassioneerd door wagens, technologie en mobiliteit. Hij is verantwoordelijk voor de redactionele inhoud van link2fleet en beschikt over een uitgebreide kennis van de fleet-sector en elektrische mobiliteit.","sameAs":["https:\/\/www.linkedin.com\/in\/damien-malvetti-56601142\/"]}]}},"_links":{"self":[{"href":"https:\/\/www.link2fleet.com\/fr\/wp-json\/wp\/v2\/posts\/7844","targetHints":{"allow":["GET"]}}],"collection":[{"href":"https:\/\/www.link2fleet.com\/fr\/wp-json\/wp\/v2\/posts"}],"about":[{"href":"https:\/\/www.link2fleet.com\/fr\/wp-json\/wp\/v2\/types\/post"}],"author":[{"embeddable":true,"href":"https:\/\/www.link2fleet.com\/fr\/wp-json\/wp\/v2\/users\/4"}],"replies":[{"embeddable":true,"href":"https:\/\/www.link2fleet.com\/fr\/wp-json\/wp\/v2\/comments?post=7844"}],"version-history":[{"count":0,"href":"https:\/\/www.link2fleet.com\/fr\/wp-json\/wp\/v2\/posts\/7844\/revisions"}],"wp:featuredmedia":[{"embeddable":true,"href":"https:\/\/www.link2fleet.com\/fr\/wp-json\/wp\/v2\/media\/7845"}],"wp:attachment":[{"href":"https:\/\/www.link2fleet.com\/fr\/wp-json\/wp\/v2\/media?parent=7844"}],"wp:term":[{"taxonomy":"category","embeddable":true,"href":"https:\/\/www.link2fleet.com\/fr\/wp-json\/wp\/v2\/categories?post=7844"},{"taxonomy":"post_tag","embeddable":true,"href":"https:\/\/www.link2fleet.com\/fr\/wp-json\/wp\/v2\/tags?post=7844"}],"curies":[{"name":"wp","href":"https:\/\/api.w.org\/{rel}","templated":true}]}}