{"id":7859,"date":"2022-10-10T12:12:01","date_gmt":"2022-10-10T10:12:01","guid":{"rendered":"https:\/\/www.link2fleet.com\/lecole-de-conduite-vab-se-veut-pionniere-en-belgique-et-investit-dans-des-vehicules-dinstruction-electriques\/"},"modified":"2022-10-10T12:12:01","modified_gmt":"2022-10-10T10:12:01","slug":"lecole-de-conduite-vab-se-veut-pionniere-en-belgique-et-investit-dans-des-vehicules-dinstruction-electriques","status":"publish","type":"post","link":"https:\/\/www.link2fleet.com\/fr\/lecole-de-conduite-vab-se-veut-pionniere-en-belgique-et-investit-dans-des-vehicules-dinstruction-electriques\/","title":{"rendered":"L&rsquo;\u00e9cole de conduite VAB se veut pionni\u00e8re en Belgique et investit dans des v\u00e9hicules d&rsquo;instruction \u00e9lectriques"},"content":{"rendered":"<p>\u00ab\u00a0En tant que premi\u00e8re \u00e9cole de conduite en Belgique, VAB veut aller au-del\u00e0 du simple gadget d&rsquo;un v\u00e9hicule \u00e9lectrique, mais s&rsquo;engager pleinement dans l&rsquo;utilisation de v\u00e9hicules \u00e9lectriques pour les le\u00e7ons de conduite\u00a0\u00bb, explique le directeur g\u00e9n\u00e9ral Peter Landsheere. \u00ab\u00a0Ainsi, VAB a d\u00e9j\u00e0 commenc\u00e9 un cours de formation EV sp\u00e9cifique pour nos instructeurs en septembre. Actuellement, 16 de nos 260 v\u00e9hicules d&rsquo;enseignement (6 %) sont automatiques, ils seront 34 \u00e0 l&rsquo;automne. Par cons\u00e9quent, 13 % de la flotte totale de v\u00e9hicules d&rsquo;enseignement seront bient\u00f4t des automatiques \u00e9lectriques. De plus, \u00e0 partir de 2023, chaque nouvelle voiture achet\u00e9e sera un v\u00e9hicule \u00e9lectrique. L&rsquo;objectif est de passer \u00e0 50 % de voitures p\u00e9dagogiques \u00e9lectriques d&rsquo;ici 2026. Dans cette optique, nous allons investir massivement dans de nouveaux VE au cours des trois prochaines ann\u00e9es.\u00a0\u00bb<\/p>\n<p>VAB va imm\u00e9diatement d\u00e9ployer six v\u00e9hicules p\u00e9dagogiques \u00e9lectriques (Seat Cupra) \u00e0 partir de maintenant. Elles vont arpenter les rues de Sint-Niklaas, Anvers, Gand, Bruges et Alken. Pour souligner le caract\u00e8re unique de ce projet, tous les v\u00e9hicules de formation \u00e9lectriques ont re\u00e7u un design sp\u00e9cial et moderne (voir photo). L&rsquo;artiste Patrick Croes, en coop\u00e9ration avec le bureau WHAM, a fourni un wrapping cr\u00e9atif et color\u00e9 pour les voitures, qui les fera sans aucun doute ressortir dans la rue.<\/p>\n<p>&nbsp;<\/p>\n<p><strong>D\u00e9livrance du permis de conduire\u00a0<\/strong><\/p>\n<p>Reste la question du permis de conduire belge. Actuellement, le permis de conduire standard est un permis pour les voitures manuelles. Ceux qui passent leur examen de conduite avec une voiture \u00e9quip\u00e9e d&rsquo;une bo\u00eete de vitesses automatique verront leur permis de conduire restreint. Ceux qui veulent que cette restriction soit supprim\u00e9e doivent repasser le m\u00eame examen de conduite, mais avec une voiture \u00e0 transmission manuelle. VAB pense que cette situation est d\u00e9pass\u00e9e.<\/p>\n<p>\u00ab\u00a0Notre position est que le permis de conduire standard doit devenir un &lsquo;permis de conduire automatique&rsquo;, et qu&rsquo;\u00e0 condition de suivre quatre le\u00e7ons suppl\u00e9mentaires (8 heures) dans une auto-\u00e9cole reconnue, vous pourrez conduire manuellement. Dans l&rsquo;id\u00e9al, cela ne n\u00e9cessiterait pas de second examen pratique &#8211; mais il faut voir dans la l\u00e9gislation si cela est effectivement possible\u00a0\u00bb, explique Geert Markey, PDG de VAB. \u00ab\u00a0Nous voulons faire appel aux r\u00e9gulateurs f\u00e9d\u00e9raux pour qu&rsquo;ils suppriment la distinction entre les permis de conduire automatiques\/\u00e0 commande manuelle afin de permettre les ambitions \u00e9lectriques de VAB.\u00a0\u00bb<\/p>\n","protected":false},"excerpt":{"rendered":"<p>\u00ab\u00a0En tant que premi\u00e8re \u00e9cole de conduite en Belgique, VAB veut aller au-del\u00e0 du simple gadget d&rsquo;un v\u00e9hicule \u00e9lectrique, mais s&rsquo;engager pleinement dans l&rsquo;utilisation de v\u00e9hicules \u00e9lectriques pour les le\u00e7ons de conduite\u00a0\u00bb, explique le directeur g\u00e9n\u00e9ral Peter Landsheere. \u00ab\u00a0Ainsi, VAB a d\u00e9j\u00e0 commenc\u00e9 un cours de formation EV sp\u00e9cifique pour nos instructeurs en septembre. Actuellement, [&hellip;]<\/p>\n","protected":false},"author":4,"featured_media":7860,"comment_status":"closed","ping_status":"closed","sticky":false,"template":"","format":"standard","meta":{"_acf_changed":false,"footnotes":""},"categories":[83,91],"tags":[],"class_list":["post-7859","post","type-post","status-publish","format-standard","has-post-thumbnail","hentry","category-sssurance-risk-management-assistance-et-depannage","category-expertise-et-management"],"acf":[],"yoast_head":"<!-- This site is optimized with the Yoast SEO plugin v27.3 - https:\/\/yoast.com\/product\/yoast-seo-wordpress\/ -->\n<title>L&#039;\u00e9cole de conduite VAB se veut pionni\u00e8re en Belgique et investit dans des v\u00e9hicules d&#039;instruction \u00e9lectriques - link2fleet<\/title>\n<meta name=\"description\" content=\"La conduite \u00e9lectrique, c&rsquo;est l&rsquo;avenir. L&rsquo;auto-\u00e9cole VAB aimerait jouer un r\u00f4le de pionnier en la mati\u00e8re dans notre pays. \u00c0 cette fin, VAB veut \u00eatre\u2026\" \/>\n<meta name=\"robots\" content=\"index, follow, max-snippet:-1, max-image-preview:large, max-video-preview:-1\" \/>\n<meta property=\"og:locale\" content=\"fr_FR\" \/>\n<meta property=\"og:type\" content=\"article\" \/>\n<meta property=\"og:title\" content=\"L&#039;\u00e9cole de conduite VAB se veut pionni\u00e8re en Belgique et investit dans des v\u00e9hicules d&#039;instruction \u00e9lectriques - link2fleet\" \/>\n<meta property=\"og:description\" content=\"La conduite \u00e9lectrique, c&rsquo;est l&rsquo;avenir. L&rsquo;auto-\u00e9cole VAB aimerait jouer un r\u00f4le de pionnier en la mati\u00e8re dans notre pays. \u00c0 cette fin, VAB veut \u00eatre\u2026\" \/>\n<meta property=\"og:url\" content=\"https:\/\/www.link2fleet.com\/fr\/lecole-de-conduite-vab-se-veut-pionniere-en-belgique-et-investit-dans-des-vehicules-dinstruction-electriques\/\" \/>\n<meta property=\"og:site_name\" content=\"link2fleet\" \/>\n<meta property=\"article:published_time\" content=\"2022-10-10T10:12:01+00:00\" \/>\n<meta property=\"og:image\" content=\"https:\/\/static.link2fleet.com\/wp-content\/uploads\/2024\/03\/vab-rijschool.jpg\" \/>\n\t<meta property=\"og:image:width\" content=\"1456\" \/>\n\t<meta property=\"og:image:height\" content=\"968\" \/>\n\t<meta property=\"og:image:type\" content=\"image\/jpeg\" \/>\n<meta name=\"author\" content=\"Damien Malvetti\" \/>\n<meta name=\"twitter:card\" content=\"summary_large_image\" \/>\n<meta name=\"twitter:description\" content=\"La conduite \u00e9lectrique, c&rsquo;est l&rsquo;avenir. L&rsquo;auto-\u00e9cole VAB aimerait jouer un r\u00f4le de pionnier en la mati\u00e8re dans notre pays. \u00c0 cette fin, VAB veut \u00eatre\u2026\" \/>\n<meta name=\"twitter:label1\" content=\"\u00c9crit par\" \/>\n\t<meta name=\"twitter:data1\" content=\"Damien Malvetti\" \/>\n\t<meta name=\"twitter:label2\" content=\"Dur\u00e9e de lecture estim\u00e9e\" \/>\n\t<meta name=\"twitter:data2\" content=\"2 minutes\" \/>\n<script type=\"application\/ld+json\" class=\"yoast-schema-graph\">{\"@context\":\"https:\\\/\\\/schema.org\",\"@graph\":[{\"@type\":\"Article\",\"@id\":\"https:\\\/\\\/www.link2fleet.com\\\/fr\\\/lecole-de-conduite-vab-se-veut-pionniere-en-belgique-et-investit-dans-des-vehicules-dinstruction-electriques\\\/#article\",\"isPartOf\":{\"@id\":\"https:\\\/\\\/www.link2fleet.com\\\/fr\\\/lecole-de-conduite-vab-se-veut-pionniere-en-belgique-et-investit-dans-des-vehicules-dinstruction-electriques\\\/\"},\"author\":{\"name\":\"Damien Malvetti\",\"@id\":\"https:\\\/\\\/www.link2fleet.com\\\/fr\\\/#\\\/schema\\\/person\\\/027cd46113c78036b3809c9a054049da\"},\"headline\":\"L&rsquo;\u00e9cole de conduite VAB se veut pionni\u00e8re en Belgique et investit dans des v\u00e9hicules d&rsquo;instruction \u00e9lectriques\",\"datePublished\":\"2022-10-10T10:12:01+00:00\",\"mainEntityOfPage\":{\"@id\":\"https:\\\/\\\/www.link2fleet.com\\\/fr\\\/lecole-de-conduite-vab-se-veut-pionniere-en-belgique-et-investit-dans-des-vehicules-dinstruction-electriques\\\/\"},\"wordCount\":434,\"publisher\":{\"@id\":\"https:\\\/\\\/www.link2fleet.com\\\/fr\\\/#organization\"},\"image\":{\"@id\":\"https:\\\/\\\/www.link2fleet.com\\\/fr\\\/lecole-de-conduite-vab-se-veut-pionniere-en-belgique-et-investit-dans-des-vehicules-dinstruction-electriques\\\/#primaryimage\"},\"thumbnailUrl\":\"https:\\\/\\\/static.link2fleet.com\\\/wp-content\\\/uploads\\\/2024\\\/03\\\/vab-rijschool.jpg\",\"articleSection\":[\"Assurances et assistance\",\"Gestion de flotte\"],\"inLanguage\":\"fr-FR\"},{\"@type\":\"WebPage\",\"@id\":\"https:\\\/\\\/www.link2fleet.com\\\/fr\\\/lecole-de-conduite-vab-se-veut-pionniere-en-belgique-et-investit-dans-des-vehicules-dinstruction-electriques\\\/\",\"url\":\"https:\\\/\\\/www.link2fleet.com\\\/fr\\\/lecole-de-conduite-vab-se-veut-pionniere-en-belgique-et-investit-dans-des-vehicules-dinstruction-electriques\\\/\",\"name\":\"L'\u00e9cole de conduite VAB se veut pionni\u00e8re en Belgique et investit dans des v\u00e9hicules d'instruction \u00e9lectriques - link2fleet\",\"isPartOf\":{\"@id\":\"https:\\\/\\\/www.link2fleet.com\\\/fr\\\/#website\"},\"primaryImageOfPage\":{\"@id\":\"https:\\\/\\\/www.link2fleet.com\\\/fr\\\/lecole-de-conduite-vab-se-veut-pionniere-en-belgique-et-investit-dans-des-vehicules-dinstruction-electriques\\\/#primaryimage\"},\"image\":{\"@id\":\"https:\\\/\\\/www.link2fleet.com\\\/fr\\\/lecole-de-conduite-vab-se-veut-pionniere-en-belgique-et-investit-dans-des-vehicules-dinstruction-electriques\\\/#primaryimage\"},\"thumbnailUrl\":\"https:\\\/\\\/static.link2fleet.com\\\/wp-content\\\/uploads\\\/2024\\\/03\\\/vab-rijschool.jpg\",\"datePublished\":\"2022-10-10T10:12:01+00:00\",\"breadcrumb\":{\"@id\":\"https:\\\/\\\/www.link2fleet.com\\\/fr\\\/lecole-de-conduite-vab-se-veut-pionniere-en-belgique-et-investit-dans-des-vehicules-dinstruction-electriques\\\/#breadcrumb\"},\"inLanguage\":\"fr-FR\",\"potentialAction\":[{\"@type\":\"ReadAction\",\"target\":[\"https:\\\/\\\/www.link2fleet.com\\\/fr\\\/lecole-de-conduite-vab-se-veut-pionniere-en-belgique-et-investit-dans-des-vehicules-dinstruction-electriques\\\/\"]}]},{\"@type\":\"ImageObject\",\"inLanguage\":\"fr-FR\",\"@id\":\"https:\\\/\\\/www.link2fleet.com\\\/fr\\\/lecole-de-conduite-vab-se-veut-pionniere-en-belgique-et-investit-dans-des-vehicules-dinstruction-electriques\\\/#primaryimage\",\"url\":\"https:\\\/\\\/static.link2fleet.com\\\/wp-content\\\/uploads\\\/2024\\\/03\\\/vab-rijschool.jpg\",\"contentUrl\":\"https:\\\/\\\/static.link2fleet.com\\\/wp-content\\\/uploads\\\/2024\\\/03\\\/vab-rijschool.jpg\",\"width\":1456,\"height\":968},{\"@type\":\"BreadcrumbList\",\"@id\":\"https:\\\/\\\/www.link2fleet.com\\\/fr\\\/lecole-de-conduite-vab-se-veut-pionniere-en-belgique-et-investit-dans-des-vehicules-dinstruction-electriques\\\/#breadcrumb\",\"itemListElement\":[{\"@type\":\"ListItem\",\"position\":1,\"name\":\"Home\",\"item\":\"https:\\\/\\\/www.link2fleet.com\\\/fr\\\/\"},{\"@type\":\"ListItem\",\"position\":2,\"name\":\"L&#8217;\u00e9cole de conduite VAB se veut pionni\u00e8re en Belgique et investit dans des v\u00e9hicules d&#8217;instruction \u00e9lectriques\"}]},{\"@type\":\"WebSite\",\"@id\":\"https:\\\/\\\/www.link2fleet.com\\\/fr\\\/#website\",\"url\":\"https:\\\/\\\/www.link2fleet.com\\\/fr\\\/\",\"name\":\"Link2fleet\",\"description\":\"\",\"publisher\":{\"@id\":\"https:\\\/\\\/www.link2fleet.com\\\/fr\\\/#organization\"},\"potentialAction\":[{\"@type\":\"SearchAction\",\"target\":{\"@type\":\"EntryPoint\",\"urlTemplate\":\"https:\\\/\\\/www.link2fleet.com\\\/fr\\\/?s={search_term_string}\"},\"query-input\":{\"@type\":\"PropertyValueSpecification\",\"valueRequired\":true,\"valueName\":\"search_term_string\"}}],\"inLanguage\":\"fr-FR\"},{\"@type\":\"Organization\",\"@id\":\"https:\\\/\\\/www.link2fleet.com\\\/fr\\\/#organization\",\"name\":\"Link2fleet\",\"url\":\"https:\\\/\\\/www.link2fleet.com\\\/fr\\\/\",\"logo\":{\"@type\":\"ImageObject\",\"inLanguage\":\"fr-FR\",\"@id\":\"https:\\\/\\\/www.link2fleet.com\\\/fr\\\/#\\\/schema\\\/logo\\\/image\\\/\",\"url\":\"https:\\\/\\\/static.link2fleet.com\\\/wp-content\\\/uploads\\\/2024\\\/03\\\/share-image.jpg\",\"contentUrl\":\"https:\\\/\\\/static.link2fleet.com\\\/wp-content\\\/uploads\\\/2024\\\/03\\\/share-image.jpg\",\"width\":1200,\"height\":630,\"caption\":\"Link2fleet\"},\"image\":{\"@id\":\"https:\\\/\\\/www.link2fleet.com\\\/fr\\\/#\\\/schema\\\/logo\\\/image\\\/\"},\"sameAs\":[\"https:\\\/\\\/www.linkedin.com\\\/company\\\/link2fleet-belgium\",\"https:\\\/\\\/www.youtube.com\\\/user\\\/MMMBMBE\"]},{\"@type\":\"Person\",\"@id\":\"https:\\\/\\\/www.link2fleet.com\\\/fr\\\/#\\\/schema\\\/person\\\/027cd46113c78036b3809c9a054049da\",\"name\":\"Damien Malvetti\",\"image\":{\"@type\":\"ImageObject\",\"inLanguage\":\"fr-FR\",\"@id\":\"https:\\\/\\\/secure.gravatar.com\\\/avatar\\\/dd8cc03b49466c735f753ac37f8caa371af16dfed347456ed61f02883255eebb?s=96&d=mm&r=g\",\"url\":\"https:\\\/\\\/secure.gravatar.com\\\/avatar\\\/dd8cc03b49466c735f753ac37f8caa371af16dfed347456ed61f02883255eebb?s=96&d=mm&r=g\",\"contentUrl\":\"https:\\\/\\\/secure.gravatar.com\\\/avatar\\\/dd8cc03b49466c735f753ac37f8caa371af16dfed347456ed61f02883255eebb?s=96&d=mm&r=g\",\"caption\":\"Damien Malvetti\"},\"description\":\"Damien Malvetti is opgeleid als journalist en gepassioneerd door wagens, technologie en mobiliteit. Hij is verantwoordelijk voor de redactionele inhoud van link2fleet en beschikt over een uitgebreide kennis van de fleet-sector en elektrische mobiliteit.\",\"sameAs\":[\"https:\\\/\\\/www.linkedin.com\\\/in\\\/damien-malvetti-56601142\\\/\"]}]}<\/script>\n<!-- \/ Yoast SEO plugin. -->","yoast_head_json":{"title":"L'\u00e9cole de conduite VAB se veut pionni\u00e8re en Belgique et investit dans des v\u00e9hicules d'instruction \u00e9lectriques - link2fleet","description":"La conduite \u00e9lectrique, c&rsquo;est l&rsquo;avenir. L&rsquo;auto-\u00e9cole VAB aimerait jouer un r\u00f4le de pionnier en la mati\u00e8re dans notre pays. \u00c0 cette fin, VAB veut \u00eatre\u2026","robots":{"index":"index","follow":"follow","max-snippet":"max-snippet:-1","max-image-preview":"max-image-preview:large","max-video-preview":"max-video-preview:-1"},"og_locale":"fr_FR","og_type":"article","og_title":"L'\u00e9cole de conduite VAB se veut pionni\u00e8re en Belgique et investit dans des v\u00e9hicules d'instruction \u00e9lectriques - link2fleet","og_description":"La conduite \u00e9lectrique, c&rsquo;est l&rsquo;avenir. L&rsquo;auto-\u00e9cole VAB aimerait jouer un r\u00f4le de pionnier en la mati\u00e8re dans notre pays. \u00c0 cette fin, VAB veut \u00eatre\u2026","og_url":"https:\/\/www.link2fleet.com\/fr\/lecole-de-conduite-vab-se-veut-pionniere-en-belgique-et-investit-dans-des-vehicules-dinstruction-electriques\/","og_site_name":"link2fleet","article_published_time":"2022-10-10T10:12:01+00:00","og_image":[{"width":1456,"height":968,"url":"https:\/\/static.link2fleet.com\/wp-content\/uploads\/2024\/03\/vab-rijschool.jpg","type":"image\/jpeg"}],"author":"Damien Malvetti","twitter_card":"summary_large_image","twitter_description":"La conduite \u00e9lectrique, c&rsquo;est l&rsquo;avenir. L&rsquo;auto-\u00e9cole VAB aimerait jouer un r\u00f4le de pionnier en la mati\u00e8re dans notre pays. \u00c0 cette fin, VAB veut \u00eatre\u2026","twitter_misc":{"\u00c9crit par":"Damien Malvetti","Dur\u00e9e de lecture estim\u00e9e":"2 minutes"},"schema":{"@context":"https:\/\/schema.org","@graph":[{"@type":"Article","@id":"https:\/\/www.link2fleet.com\/fr\/lecole-de-conduite-vab-se-veut-pionniere-en-belgique-et-investit-dans-des-vehicules-dinstruction-electriques\/#article","isPartOf":{"@id":"https:\/\/www.link2fleet.com\/fr\/lecole-de-conduite-vab-se-veut-pionniere-en-belgique-et-investit-dans-des-vehicules-dinstruction-electriques\/"},"author":{"name":"Damien Malvetti","@id":"https:\/\/www.link2fleet.com\/fr\/#\/schema\/person\/027cd46113c78036b3809c9a054049da"},"headline":"L&rsquo;\u00e9cole de conduite VAB se veut pionni\u00e8re en Belgique et investit dans des v\u00e9hicules d&rsquo;instruction \u00e9lectriques","datePublished":"2022-10-10T10:12:01+00:00","mainEntityOfPage":{"@id":"https:\/\/www.link2fleet.com\/fr\/lecole-de-conduite-vab-se-veut-pionniere-en-belgique-et-investit-dans-des-vehicules-dinstruction-electriques\/"},"wordCount":434,"publisher":{"@id":"https:\/\/www.link2fleet.com\/fr\/#organization"},"image":{"@id":"https:\/\/www.link2fleet.com\/fr\/lecole-de-conduite-vab-se-veut-pionniere-en-belgique-et-investit-dans-des-vehicules-dinstruction-electriques\/#primaryimage"},"thumbnailUrl":"https:\/\/static.link2fleet.com\/wp-content\/uploads\/2024\/03\/vab-rijschool.jpg","articleSection":["Assurances et assistance","Gestion de flotte"],"inLanguage":"fr-FR"},{"@type":"WebPage","@id":"https:\/\/www.link2fleet.com\/fr\/lecole-de-conduite-vab-se-veut-pionniere-en-belgique-et-investit-dans-des-vehicules-dinstruction-electriques\/","url":"https:\/\/www.link2fleet.com\/fr\/lecole-de-conduite-vab-se-veut-pionniere-en-belgique-et-investit-dans-des-vehicules-dinstruction-electriques\/","name":"L'\u00e9cole de conduite VAB se veut pionni\u00e8re en Belgique et investit dans des v\u00e9hicules d'instruction \u00e9lectriques - link2fleet","isPartOf":{"@id":"https:\/\/www.link2fleet.com\/fr\/#website"},"primaryImageOfPage":{"@id":"https:\/\/www.link2fleet.com\/fr\/lecole-de-conduite-vab-se-veut-pionniere-en-belgique-et-investit-dans-des-vehicules-dinstruction-electriques\/#primaryimage"},"image":{"@id":"https:\/\/www.link2fleet.com\/fr\/lecole-de-conduite-vab-se-veut-pionniere-en-belgique-et-investit-dans-des-vehicules-dinstruction-electriques\/#primaryimage"},"thumbnailUrl":"https:\/\/static.link2fleet.com\/wp-content\/uploads\/2024\/03\/vab-rijschool.jpg","datePublished":"2022-10-10T10:12:01+00:00","breadcrumb":{"@id":"https:\/\/www.link2fleet.com\/fr\/lecole-de-conduite-vab-se-veut-pionniere-en-belgique-et-investit-dans-des-vehicules-dinstruction-electriques\/#breadcrumb"},"inLanguage":"fr-FR","potentialAction":[{"@type":"ReadAction","target":["https:\/\/www.link2fleet.com\/fr\/lecole-de-conduite-vab-se-veut-pionniere-en-belgique-et-investit-dans-des-vehicules-dinstruction-electriques\/"]}]},{"@type":"ImageObject","inLanguage":"fr-FR","@id":"https:\/\/www.link2fleet.com\/fr\/lecole-de-conduite-vab-se-veut-pionniere-en-belgique-et-investit-dans-des-vehicules-dinstruction-electriques\/#primaryimage","url":"https:\/\/static.link2fleet.com\/wp-content\/uploads\/2024\/03\/vab-rijschool.jpg","contentUrl":"https:\/\/static.link2fleet.com\/wp-content\/uploads\/2024\/03\/vab-rijschool.jpg","width":1456,"height":968},{"@type":"BreadcrumbList","@id":"https:\/\/www.link2fleet.com\/fr\/lecole-de-conduite-vab-se-veut-pionniere-en-belgique-et-investit-dans-des-vehicules-dinstruction-electriques\/#breadcrumb","itemListElement":[{"@type":"ListItem","position":1,"name":"Home","item":"https:\/\/www.link2fleet.com\/fr\/"},{"@type":"ListItem","position":2,"name":"L&#8217;\u00e9cole de conduite VAB se veut pionni\u00e8re en Belgique et investit dans des v\u00e9hicules d&#8217;instruction \u00e9lectriques"}]},{"@type":"WebSite","@id":"https:\/\/www.link2fleet.com\/fr\/#website","url":"https:\/\/www.link2fleet.com\/fr\/","name":"Link2fleet","description":"","publisher":{"@id":"https:\/\/www.link2fleet.com\/fr\/#organization"},"potentialAction":[{"@type":"SearchAction","target":{"@type":"EntryPoint","urlTemplate":"https:\/\/www.link2fleet.com\/fr\/?s={search_term_string}"},"query-input":{"@type":"PropertyValueSpecification","valueRequired":true,"valueName":"search_term_string"}}],"inLanguage":"fr-FR"},{"@type":"Organization","@id":"https:\/\/www.link2fleet.com\/fr\/#organization","name":"Link2fleet","url":"https:\/\/www.link2fleet.com\/fr\/","logo":{"@type":"ImageObject","inLanguage":"fr-FR","@id":"https:\/\/www.link2fleet.com\/fr\/#\/schema\/logo\/image\/","url":"https:\/\/static.link2fleet.com\/wp-content\/uploads\/2024\/03\/share-image.jpg","contentUrl":"https:\/\/static.link2fleet.com\/wp-content\/uploads\/2024\/03\/share-image.jpg","width":1200,"height":630,"caption":"Link2fleet"},"image":{"@id":"https:\/\/www.link2fleet.com\/fr\/#\/schema\/logo\/image\/"},"sameAs":["https:\/\/www.linkedin.com\/company\/link2fleet-belgium","https:\/\/www.youtube.com\/user\/MMMBMBE"]},{"@type":"Person","@id":"https:\/\/www.link2fleet.com\/fr\/#\/schema\/person\/027cd46113c78036b3809c9a054049da","name":"Damien Malvetti","image":{"@type":"ImageObject","inLanguage":"fr-FR","@id":"https:\/\/secure.gravatar.com\/avatar\/dd8cc03b49466c735f753ac37f8caa371af16dfed347456ed61f02883255eebb?s=96&d=mm&r=g","url":"https:\/\/secure.gravatar.com\/avatar\/dd8cc03b49466c735f753ac37f8caa371af16dfed347456ed61f02883255eebb?s=96&d=mm&r=g","contentUrl":"https:\/\/secure.gravatar.com\/avatar\/dd8cc03b49466c735f753ac37f8caa371af16dfed347456ed61f02883255eebb?s=96&d=mm&r=g","caption":"Damien Malvetti"},"description":"Damien Malvetti is opgeleid als journalist en gepassioneerd door wagens, technologie en mobiliteit. Hij is verantwoordelijk voor de redactionele inhoud van link2fleet en beschikt over een uitgebreide kennis van de fleet-sector en elektrische mobiliteit.","sameAs":["https:\/\/www.linkedin.com\/in\/damien-malvetti-56601142\/"]}]}},"_links":{"self":[{"href":"https:\/\/www.link2fleet.com\/fr\/wp-json\/wp\/v2\/posts\/7859","targetHints":{"allow":["GET"]}}],"collection":[{"href":"https:\/\/www.link2fleet.com\/fr\/wp-json\/wp\/v2\/posts"}],"about":[{"href":"https:\/\/www.link2fleet.com\/fr\/wp-json\/wp\/v2\/types\/post"}],"author":[{"embeddable":true,"href":"https:\/\/www.link2fleet.com\/fr\/wp-json\/wp\/v2\/users\/4"}],"replies":[{"embeddable":true,"href":"https:\/\/www.link2fleet.com\/fr\/wp-json\/wp\/v2\/comments?post=7859"}],"version-history":[{"count":0,"href":"https:\/\/www.link2fleet.com\/fr\/wp-json\/wp\/v2\/posts\/7859\/revisions"}],"wp:featuredmedia":[{"embeddable":true,"href":"https:\/\/www.link2fleet.com\/fr\/wp-json\/wp\/v2\/media\/7860"}],"wp:attachment":[{"href":"https:\/\/www.link2fleet.com\/fr\/wp-json\/wp\/v2\/media?parent=7859"}],"wp:term":[{"taxonomy":"category","embeddable":true,"href":"https:\/\/www.link2fleet.com\/fr\/wp-json\/wp\/v2\/categories?post=7859"},{"taxonomy":"post_tag","embeddable":true,"href":"https:\/\/www.link2fleet.com\/fr\/wp-json\/wp\/v2\/tags?post=7859"}],"curies":[{"name":"wp","href":"https:\/\/api.w.org\/{rel}","templated":true}]}}