{"id":7862,"date":"2022-10-10T12:21:49","date_gmt":"2022-10-10T10:21:49","guid":{"rendered":"https:\/\/www.link2fleet.com\/polestar-entame-une-collaboration-avec-lassistance-routiere-vab\/"},"modified":"2022-10-10T12:21:49","modified_gmt":"2022-10-10T10:21:49","slug":"polestar-entame-une-collaboration-avec-lassistance-routiere-vab","status":"publish","type":"post","link":"https:\/\/www.link2fleet.com\/fr\/polestar-entame-une-collaboration-avec-lassistance-routiere-vab\/","title":{"rendered":"Polestar entame une collaboration avec l&rsquo;assistance routi\u00e8re VAB"},"content":{"rendered":"<p class=\"styles_paragraph__CxmiR\">Dans un paysage fragment\u00e9 de services de d\u00e9pannage, les conducteurs Polestar peuvent d\u00e9sormais compter sur un partenaire particuli\u00e8rement exp\u00e9riment\u00e9. Plus de 330 agents d\u2019assistance routi\u00e8re de VAB, qui ont re\u00e7u une formation technique, sont disponibles jour et nuit dans toute la Belgique pour fournir une assistance, par exemple en cas d&rsquo;accident, de crevaison ou d&rsquo;incident technique. \u00ab\u00a0Les conducteurs Polestar peuvent d\u00e9sormais prendre la route avec encore plus de tranquillit\u00e9 d&rsquo;esprit. Dans les rares occasions o\u00f9 vous avez besoin d&rsquo;assistance avec une Polestar et que vous appelez Polestar Assistance, le personnel professionnel d&rsquo;assistance routi\u00e8re de VAB arrivera sur place pour vous aider\u00a0\u00bb, d\u00e9clare Tom Verschaeren, Head of Customer Experience chez Polestar Belgium.<\/p>\n<blockquote class=\"Quote_container__ms7KM Quote_alignLeft__1_w_9\">\n<div class=\"Quote_content__DZCla\">\u00ab\u00a0VAB dispose d&rsquo;un r\u00e9seau solide, avec ses propres agents d&rsquo;assistance routi\u00e8re. Leur objectif premier est de r\u00e9parer la voiture sur place si possible. Pour cela, ils ont re\u00e7u de nombreuses formations techniques ainsi qu\u2019une formation sp\u00e9cifique Polestar. Dans notre centre d&rsquo;urgence, nous travaillons \u00e9galement avec une \u00e9quipe sp\u00e9cialis\u00e9e pour aider les conducteurs Polestar de la meilleure fa\u00e7on possible. Parfois, nous pouvons m\u00eame r\u00e9soudre le probl\u00e8me par t\u00e9l\u00e9phone\u00a0\u00bb, explique Koen Snoeys, Manager B2B chez VAB.<\/div>\n<\/blockquote>\n<p class=\"styles_paragraph__CxmiR\">Chaque nouvelle Polestar est livr\u00e9e avec trois ans d&rsquo;assistance routi\u00e8re gratuite. Polestar Assistance garantit une assistance 24 heures sur 24 et 7 jours sur 7 et permet d&rsquo;envoyer rapidement une assistance routi\u00e8re sur les lieux. Vous pouvez joindre Polestar Assistance \u00e0 l&rsquo;aide du bouton CONNECT situ\u00e9 dans sur le plafonnier de la voiture, via l&rsquo;application Polestar ou en appelant le 0800 707 08 ou depuis l&rsquo;\u00e9tranger, le +80070708822 (choisissez l&rsquo;option 3).<\/p>\n","protected":false},"excerpt":{"rendered":"<p>Dans un paysage fragment\u00e9 de services de d\u00e9pannage, les conducteurs Polestar peuvent d\u00e9sormais compter sur un partenaire particuli\u00e8rement exp\u00e9riment\u00e9. Plus de 330 agents d\u2019assistance routi\u00e8re de VAB, qui ont re\u00e7u une formation technique, sont disponibles jour et nuit dans toute la Belgique pour fournir une assistance, par exemple en cas d&rsquo;accident, de crevaison ou d&rsquo;incident [&hellip;]<\/p>\n","protected":false},"author":4,"featured_media":7863,"comment_status":"closed","ping_status":"closed","sticky":false,"template":"","format":"standard","meta":{"_acf_changed":false,"footnotes":""},"categories":[83,91,77,76],"tags":[],"class_list":["post-7862","post","type-post","status-publish","format-standard","has-post-thumbnail","hentry","category-sssurance-risk-management-assistance-et-depannage","category-expertise-et-management","category-importateurs-et-constructeurs-automobiles-vp","category-car"],"acf":[],"yoast_head":"<!-- This site is optimized with the Yoast SEO plugin v27.3 - https:\/\/yoast.com\/product\/yoast-seo-wordpress\/ -->\n<title>Polestar entame une collaboration avec l&#039;assistance routi\u00e8re VAB - link2fleet<\/title>\n<meta name=\"description\" content=\"Polestar, la marque su\u00e9doise de voitures \u00e9lectriques \u00e0 hautes performances, annonce qu&rsquo;\u00e0 partir de fin septembre, l&rsquo;assistance Polestar Assistance sera confi\u00e9e \u00e0 VAB par l&rsquo;interm\u00e9diaire\u2026\" \/>\n<meta name=\"robots\" content=\"index, follow, max-snippet:-1, max-image-preview:large, max-video-preview:-1\" \/>\n<meta property=\"og:locale\" content=\"fr_FR\" \/>\n<meta property=\"og:type\" content=\"article\" \/>\n<meta property=\"og:title\" content=\"Polestar entame une collaboration avec l&#039;assistance routi\u00e8re VAB - link2fleet\" \/>\n<meta property=\"og:description\" content=\"Polestar, la marque su\u00e9doise de voitures \u00e9lectriques \u00e0 hautes performances, annonce qu&rsquo;\u00e0 partir de fin septembre, l&rsquo;assistance Polestar Assistance sera confi\u00e9e \u00e0 VAB par l&rsquo;interm\u00e9diaire\u2026\" \/>\n<meta property=\"og:url\" content=\"https:\/\/www.link2fleet.com\/fr\/polestar-entame-une-collaboration-avec-lassistance-routiere-vab\/\" \/>\n<meta property=\"og:site_name\" content=\"link2fleet\" \/>\n<meta property=\"article:published_time\" content=\"2022-10-10T10:21:49+00:00\" \/>\n<meta property=\"og:image\" content=\"https:\/\/static.link2fleet.com\/wp-content\/uploads\/2024\/03\/polestar-slider-3-1606921929.jpg\" \/>\n\t<meta property=\"og:image:width\" content=\"1200\" \/>\n\t<meta property=\"og:image:height\" content=\"670\" \/>\n\t<meta property=\"og:image:type\" content=\"image\/jpeg\" \/>\n<meta name=\"author\" content=\"Damien Malvetti\" \/>\n<meta name=\"twitter:card\" content=\"summary_large_image\" \/>\n<meta name=\"twitter:description\" content=\"Polestar, la marque su\u00e9doise de voitures \u00e9lectriques \u00e0 hautes performances, annonce qu&rsquo;\u00e0 partir de fin septembre, l&rsquo;assistance Polestar Assistance sera confi\u00e9e \u00e0 VAB par l&rsquo;interm\u00e9diaire\u2026\" \/>\n<meta name=\"twitter:label1\" content=\"\u00c9crit par\" \/>\n\t<meta name=\"twitter:data1\" content=\"Damien Malvetti\" \/>\n\t<meta name=\"twitter:label2\" content=\"Dur\u00e9e de lecture estim\u00e9e\" \/>\n\t<meta name=\"twitter:data2\" content=\"1 minute\" \/>\n<script type=\"application\/ld+json\" class=\"yoast-schema-graph\">{\"@context\":\"https:\\\/\\\/schema.org\",\"@graph\":[{\"@type\":\"Article\",\"@id\":\"https:\\\/\\\/www.link2fleet.com\\\/fr\\\/polestar-entame-une-collaboration-avec-lassistance-routiere-vab\\\/#article\",\"isPartOf\":{\"@id\":\"https:\\\/\\\/www.link2fleet.com\\\/fr\\\/polestar-entame-une-collaboration-avec-lassistance-routiere-vab\\\/\"},\"author\":{\"name\":\"Damien Malvetti\",\"@id\":\"https:\\\/\\\/www.link2fleet.com\\\/fr\\\/#\\\/schema\\\/person\\\/027cd46113c78036b3809c9a054049da\"},\"headline\":\"Polestar entame une collaboration avec l&rsquo;assistance routi\u00e8re VAB\",\"datePublished\":\"2022-10-10T10:21:49+00:00\",\"mainEntityOfPage\":{\"@id\":\"https:\\\/\\\/www.link2fleet.com\\\/fr\\\/polestar-entame-une-collaboration-avec-lassistance-routiere-vab\\\/\"},\"wordCount\":297,\"publisher\":{\"@id\":\"https:\\\/\\\/www.link2fleet.com\\\/fr\\\/#organization\"},\"image\":{\"@id\":\"https:\\\/\\\/www.link2fleet.com\\\/fr\\\/polestar-entame-une-collaboration-avec-lassistance-routiere-vab\\\/#primaryimage\"},\"thumbnailUrl\":\"https:\\\/\\\/static.link2fleet.com\\\/wp-content\\\/uploads\\\/2024\\\/03\\\/polestar-slider-3-1606921929.jpg\",\"articleSection\":[\"Assurances et assistance\",\"Gestion de flotte\",\"Importateurs et constructeurs\",\"V\u00e9hicules\"],\"inLanguage\":\"fr-FR\"},{\"@type\":\"WebPage\",\"@id\":\"https:\\\/\\\/www.link2fleet.com\\\/fr\\\/polestar-entame-une-collaboration-avec-lassistance-routiere-vab\\\/\",\"url\":\"https:\\\/\\\/www.link2fleet.com\\\/fr\\\/polestar-entame-une-collaboration-avec-lassistance-routiere-vab\\\/\",\"name\":\"Polestar entame une collaboration avec l'assistance routi\u00e8re VAB - link2fleet\",\"isPartOf\":{\"@id\":\"https:\\\/\\\/www.link2fleet.com\\\/fr\\\/#website\"},\"primaryImageOfPage\":{\"@id\":\"https:\\\/\\\/www.link2fleet.com\\\/fr\\\/polestar-entame-une-collaboration-avec-lassistance-routiere-vab\\\/#primaryimage\"},\"image\":{\"@id\":\"https:\\\/\\\/www.link2fleet.com\\\/fr\\\/polestar-entame-une-collaboration-avec-lassistance-routiere-vab\\\/#primaryimage\"},\"thumbnailUrl\":\"https:\\\/\\\/static.link2fleet.com\\\/wp-content\\\/uploads\\\/2024\\\/03\\\/polestar-slider-3-1606921929.jpg\",\"datePublished\":\"2022-10-10T10:21:49+00:00\",\"breadcrumb\":{\"@id\":\"https:\\\/\\\/www.link2fleet.com\\\/fr\\\/polestar-entame-une-collaboration-avec-lassistance-routiere-vab\\\/#breadcrumb\"},\"inLanguage\":\"fr-FR\",\"potentialAction\":[{\"@type\":\"ReadAction\",\"target\":[\"https:\\\/\\\/www.link2fleet.com\\\/fr\\\/polestar-entame-une-collaboration-avec-lassistance-routiere-vab\\\/\"]}]},{\"@type\":\"ImageObject\",\"inLanguage\":\"fr-FR\",\"@id\":\"https:\\\/\\\/www.link2fleet.com\\\/fr\\\/polestar-entame-une-collaboration-avec-lassistance-routiere-vab\\\/#primaryimage\",\"url\":\"https:\\\/\\\/static.link2fleet.com\\\/wp-content\\\/uploads\\\/2024\\\/03\\\/polestar-slider-3-1606921929.jpg\",\"contentUrl\":\"https:\\\/\\\/static.link2fleet.com\\\/wp-content\\\/uploads\\\/2024\\\/03\\\/polestar-slider-3-1606921929.jpg\",\"width\":1200,\"height\":670},{\"@type\":\"BreadcrumbList\",\"@id\":\"https:\\\/\\\/www.link2fleet.com\\\/fr\\\/polestar-entame-une-collaboration-avec-lassistance-routiere-vab\\\/#breadcrumb\",\"itemListElement\":[{\"@type\":\"ListItem\",\"position\":1,\"name\":\"Home\",\"item\":\"https:\\\/\\\/www.link2fleet.com\\\/fr\\\/\"},{\"@type\":\"ListItem\",\"position\":2,\"name\":\"Polestar entame une collaboration avec l&#8217;assistance routi\u00e8re VAB\"}]},{\"@type\":\"WebSite\",\"@id\":\"https:\\\/\\\/www.link2fleet.com\\\/fr\\\/#website\",\"url\":\"https:\\\/\\\/www.link2fleet.com\\\/fr\\\/\",\"name\":\"Link2fleet\",\"description\":\"\",\"publisher\":{\"@id\":\"https:\\\/\\\/www.link2fleet.com\\\/fr\\\/#organization\"},\"potentialAction\":[{\"@type\":\"SearchAction\",\"target\":{\"@type\":\"EntryPoint\",\"urlTemplate\":\"https:\\\/\\\/www.link2fleet.com\\\/fr\\\/?s={search_term_string}\"},\"query-input\":{\"@type\":\"PropertyValueSpecification\",\"valueRequired\":true,\"valueName\":\"search_term_string\"}}],\"inLanguage\":\"fr-FR\"},{\"@type\":\"Organization\",\"@id\":\"https:\\\/\\\/www.link2fleet.com\\\/fr\\\/#organization\",\"name\":\"Link2fleet\",\"url\":\"https:\\\/\\\/www.link2fleet.com\\\/fr\\\/\",\"logo\":{\"@type\":\"ImageObject\",\"inLanguage\":\"fr-FR\",\"@id\":\"https:\\\/\\\/www.link2fleet.com\\\/fr\\\/#\\\/schema\\\/logo\\\/image\\\/\",\"url\":\"https:\\\/\\\/static.link2fleet.com\\\/wp-content\\\/uploads\\\/2024\\\/03\\\/share-image.jpg\",\"contentUrl\":\"https:\\\/\\\/static.link2fleet.com\\\/wp-content\\\/uploads\\\/2024\\\/03\\\/share-image.jpg\",\"width\":1200,\"height\":630,\"caption\":\"Link2fleet\"},\"image\":{\"@id\":\"https:\\\/\\\/www.link2fleet.com\\\/fr\\\/#\\\/schema\\\/logo\\\/image\\\/\"},\"sameAs\":[\"https:\\\/\\\/www.linkedin.com\\\/company\\\/link2fleet-belgium\",\"https:\\\/\\\/www.youtube.com\\\/user\\\/MMMBMBE\"]},{\"@type\":\"Person\",\"@id\":\"https:\\\/\\\/www.link2fleet.com\\\/fr\\\/#\\\/schema\\\/person\\\/027cd46113c78036b3809c9a054049da\",\"name\":\"Damien Malvetti\",\"image\":{\"@type\":\"ImageObject\",\"inLanguage\":\"fr-FR\",\"@id\":\"https:\\\/\\\/secure.gravatar.com\\\/avatar\\\/dd8cc03b49466c735f753ac37f8caa371af16dfed347456ed61f02883255eebb?s=96&d=mm&r=g\",\"url\":\"https:\\\/\\\/secure.gravatar.com\\\/avatar\\\/dd8cc03b49466c735f753ac37f8caa371af16dfed347456ed61f02883255eebb?s=96&d=mm&r=g\",\"contentUrl\":\"https:\\\/\\\/secure.gravatar.com\\\/avatar\\\/dd8cc03b49466c735f753ac37f8caa371af16dfed347456ed61f02883255eebb?s=96&d=mm&r=g\",\"caption\":\"Damien Malvetti\"},\"description\":\"Damien Malvetti is opgeleid als journalist en gepassioneerd door wagens, technologie en mobiliteit. Hij is verantwoordelijk voor de redactionele inhoud van link2fleet en beschikt over een uitgebreide kennis van de fleet-sector en elektrische mobiliteit.\",\"sameAs\":[\"https:\\\/\\\/www.linkedin.com\\\/in\\\/damien-malvetti-56601142\\\/\"]}]}<\/script>\n<!-- \/ Yoast SEO plugin. -->","yoast_head_json":{"title":"Polestar entame une collaboration avec l'assistance routi\u00e8re VAB - link2fleet","description":"Polestar, la marque su\u00e9doise de voitures \u00e9lectriques \u00e0 hautes performances, annonce qu&rsquo;\u00e0 partir de fin septembre, l&rsquo;assistance Polestar Assistance sera confi\u00e9e \u00e0 VAB par l&rsquo;interm\u00e9diaire\u2026","robots":{"index":"index","follow":"follow","max-snippet":"max-snippet:-1","max-image-preview":"max-image-preview:large","max-video-preview":"max-video-preview:-1"},"og_locale":"fr_FR","og_type":"article","og_title":"Polestar entame une collaboration avec l'assistance routi\u00e8re VAB - link2fleet","og_description":"Polestar, la marque su\u00e9doise de voitures \u00e9lectriques \u00e0 hautes performances, annonce qu&rsquo;\u00e0 partir de fin septembre, l&rsquo;assistance Polestar Assistance sera confi\u00e9e \u00e0 VAB par l&rsquo;interm\u00e9diaire\u2026","og_url":"https:\/\/www.link2fleet.com\/fr\/polestar-entame-une-collaboration-avec-lassistance-routiere-vab\/","og_site_name":"link2fleet","article_published_time":"2022-10-10T10:21:49+00:00","og_image":[{"width":1200,"height":670,"url":"https:\/\/static.link2fleet.com\/wp-content\/uploads\/2024\/03\/polestar-slider-3-1606921929.jpg","type":"image\/jpeg"}],"author":"Damien Malvetti","twitter_card":"summary_large_image","twitter_description":"Polestar, la marque su\u00e9doise de voitures \u00e9lectriques \u00e0 hautes performances, annonce qu&rsquo;\u00e0 partir de fin septembre, l&rsquo;assistance Polestar Assistance sera confi\u00e9e \u00e0 VAB par l&rsquo;interm\u00e9diaire\u2026","twitter_misc":{"\u00c9crit par":"Damien Malvetti","Dur\u00e9e de lecture estim\u00e9e":"1 minute"},"schema":{"@context":"https:\/\/schema.org","@graph":[{"@type":"Article","@id":"https:\/\/www.link2fleet.com\/fr\/polestar-entame-une-collaboration-avec-lassistance-routiere-vab\/#article","isPartOf":{"@id":"https:\/\/www.link2fleet.com\/fr\/polestar-entame-une-collaboration-avec-lassistance-routiere-vab\/"},"author":{"name":"Damien Malvetti","@id":"https:\/\/www.link2fleet.com\/fr\/#\/schema\/person\/027cd46113c78036b3809c9a054049da"},"headline":"Polestar entame une collaboration avec l&rsquo;assistance routi\u00e8re VAB","datePublished":"2022-10-10T10:21:49+00:00","mainEntityOfPage":{"@id":"https:\/\/www.link2fleet.com\/fr\/polestar-entame-une-collaboration-avec-lassistance-routiere-vab\/"},"wordCount":297,"publisher":{"@id":"https:\/\/www.link2fleet.com\/fr\/#organization"},"image":{"@id":"https:\/\/www.link2fleet.com\/fr\/polestar-entame-une-collaboration-avec-lassistance-routiere-vab\/#primaryimage"},"thumbnailUrl":"https:\/\/static.link2fleet.com\/wp-content\/uploads\/2024\/03\/polestar-slider-3-1606921929.jpg","articleSection":["Assurances et assistance","Gestion de flotte","Importateurs et constructeurs","V\u00e9hicules"],"inLanguage":"fr-FR"},{"@type":"WebPage","@id":"https:\/\/www.link2fleet.com\/fr\/polestar-entame-une-collaboration-avec-lassistance-routiere-vab\/","url":"https:\/\/www.link2fleet.com\/fr\/polestar-entame-une-collaboration-avec-lassistance-routiere-vab\/","name":"Polestar entame une collaboration avec l'assistance routi\u00e8re VAB - link2fleet","isPartOf":{"@id":"https:\/\/www.link2fleet.com\/fr\/#website"},"primaryImageOfPage":{"@id":"https:\/\/www.link2fleet.com\/fr\/polestar-entame-une-collaboration-avec-lassistance-routiere-vab\/#primaryimage"},"image":{"@id":"https:\/\/www.link2fleet.com\/fr\/polestar-entame-une-collaboration-avec-lassistance-routiere-vab\/#primaryimage"},"thumbnailUrl":"https:\/\/static.link2fleet.com\/wp-content\/uploads\/2024\/03\/polestar-slider-3-1606921929.jpg","datePublished":"2022-10-10T10:21:49+00:00","breadcrumb":{"@id":"https:\/\/www.link2fleet.com\/fr\/polestar-entame-une-collaboration-avec-lassistance-routiere-vab\/#breadcrumb"},"inLanguage":"fr-FR","potentialAction":[{"@type":"ReadAction","target":["https:\/\/www.link2fleet.com\/fr\/polestar-entame-une-collaboration-avec-lassistance-routiere-vab\/"]}]},{"@type":"ImageObject","inLanguage":"fr-FR","@id":"https:\/\/www.link2fleet.com\/fr\/polestar-entame-une-collaboration-avec-lassistance-routiere-vab\/#primaryimage","url":"https:\/\/static.link2fleet.com\/wp-content\/uploads\/2024\/03\/polestar-slider-3-1606921929.jpg","contentUrl":"https:\/\/static.link2fleet.com\/wp-content\/uploads\/2024\/03\/polestar-slider-3-1606921929.jpg","width":1200,"height":670},{"@type":"BreadcrumbList","@id":"https:\/\/www.link2fleet.com\/fr\/polestar-entame-une-collaboration-avec-lassistance-routiere-vab\/#breadcrumb","itemListElement":[{"@type":"ListItem","position":1,"name":"Home","item":"https:\/\/www.link2fleet.com\/fr\/"},{"@type":"ListItem","position":2,"name":"Polestar entame une collaboration avec l&#8217;assistance routi\u00e8re VAB"}]},{"@type":"WebSite","@id":"https:\/\/www.link2fleet.com\/fr\/#website","url":"https:\/\/www.link2fleet.com\/fr\/","name":"Link2fleet","description":"","publisher":{"@id":"https:\/\/www.link2fleet.com\/fr\/#organization"},"potentialAction":[{"@type":"SearchAction","target":{"@type":"EntryPoint","urlTemplate":"https:\/\/www.link2fleet.com\/fr\/?s={search_term_string}"},"query-input":{"@type":"PropertyValueSpecification","valueRequired":true,"valueName":"search_term_string"}}],"inLanguage":"fr-FR"},{"@type":"Organization","@id":"https:\/\/www.link2fleet.com\/fr\/#organization","name":"Link2fleet","url":"https:\/\/www.link2fleet.com\/fr\/","logo":{"@type":"ImageObject","inLanguage":"fr-FR","@id":"https:\/\/www.link2fleet.com\/fr\/#\/schema\/logo\/image\/","url":"https:\/\/static.link2fleet.com\/wp-content\/uploads\/2024\/03\/share-image.jpg","contentUrl":"https:\/\/static.link2fleet.com\/wp-content\/uploads\/2024\/03\/share-image.jpg","width":1200,"height":630,"caption":"Link2fleet"},"image":{"@id":"https:\/\/www.link2fleet.com\/fr\/#\/schema\/logo\/image\/"},"sameAs":["https:\/\/www.linkedin.com\/company\/link2fleet-belgium","https:\/\/www.youtube.com\/user\/MMMBMBE"]},{"@type":"Person","@id":"https:\/\/www.link2fleet.com\/fr\/#\/schema\/person\/027cd46113c78036b3809c9a054049da","name":"Damien Malvetti","image":{"@type":"ImageObject","inLanguage":"fr-FR","@id":"https:\/\/secure.gravatar.com\/avatar\/dd8cc03b49466c735f753ac37f8caa371af16dfed347456ed61f02883255eebb?s=96&d=mm&r=g","url":"https:\/\/secure.gravatar.com\/avatar\/dd8cc03b49466c735f753ac37f8caa371af16dfed347456ed61f02883255eebb?s=96&d=mm&r=g","contentUrl":"https:\/\/secure.gravatar.com\/avatar\/dd8cc03b49466c735f753ac37f8caa371af16dfed347456ed61f02883255eebb?s=96&d=mm&r=g","caption":"Damien Malvetti"},"description":"Damien Malvetti is opgeleid als journalist en gepassioneerd door wagens, technologie en mobiliteit. Hij is verantwoordelijk voor de redactionele inhoud van link2fleet en beschikt over een uitgebreide kennis van de fleet-sector en elektrische mobiliteit.","sameAs":["https:\/\/www.linkedin.com\/in\/damien-malvetti-56601142\/"]}]}},"_links":{"self":[{"href":"https:\/\/www.link2fleet.com\/fr\/wp-json\/wp\/v2\/posts\/7862","targetHints":{"allow":["GET"]}}],"collection":[{"href":"https:\/\/www.link2fleet.com\/fr\/wp-json\/wp\/v2\/posts"}],"about":[{"href":"https:\/\/www.link2fleet.com\/fr\/wp-json\/wp\/v2\/types\/post"}],"author":[{"embeddable":true,"href":"https:\/\/www.link2fleet.com\/fr\/wp-json\/wp\/v2\/users\/4"}],"replies":[{"embeddable":true,"href":"https:\/\/www.link2fleet.com\/fr\/wp-json\/wp\/v2\/comments?post=7862"}],"version-history":[{"count":0,"href":"https:\/\/www.link2fleet.com\/fr\/wp-json\/wp\/v2\/posts\/7862\/revisions"}],"wp:featuredmedia":[{"embeddable":true,"href":"https:\/\/www.link2fleet.com\/fr\/wp-json\/wp\/v2\/media\/7863"}],"wp:attachment":[{"href":"https:\/\/www.link2fleet.com\/fr\/wp-json\/wp\/v2\/media?parent=7862"}],"wp:term":[{"taxonomy":"category","embeddable":true,"href":"https:\/\/www.link2fleet.com\/fr\/wp-json\/wp\/v2\/categories?post=7862"},{"taxonomy":"post_tag","embeddable":true,"href":"https:\/\/www.link2fleet.com\/fr\/wp-json\/wp\/v2\/tags?post=7862"}],"curies":[{"name":"wp","href":"https:\/\/api.w.org\/{rel}","templated":true}]}}