{"id":7877,"date":"2022-10-11T11:28:09","date_gmt":"2022-10-11T09:28:09","guid":{"rendered":"https:\/\/www.link2fleet.com\/webfleet-sassocie-a-muses-pour-proposer-des-solutions-telematiques-integrees\/"},"modified":"2022-10-11T11:28:09","modified_gmt":"2022-10-11T09:28:09","slug":"webfleet-sassocie-a-muses-pour-proposer-des-solutions-telematiques-integrees","status":"publish","type":"post","link":"https:\/\/www.link2fleet.com\/fr\/webfleet-sassocie-a-muses-pour-proposer-des-solutions-telematiques-integrees\/","title":{"rendered":"Webfleet s&rsquo;associe \u00e0 Muses pour proposer des solutions t\u00e9l\u00e9matiques int\u00e9gr\u00e9es"},"content":{"rendered":"<p class=\"styles_paragraph__CxmiR\">Muses est le seul v\u00e9hicule utilitaire l\u00e9ger industrialis\u00e9 con\u00e7u avec une technologie de moteur-roue. Avec un volume de chargement plus \u00e9lev\u00e9 sur un empattement plus compact, il est id\u00e9al pour la livraison du dernier kilom\u00e8tre. La conception innovante de la plate-forme am\u00e9liore son efficacit\u00e9 \u00e9nerg\u00e9tique, augmentant la port\u00e9e tout en r\u00e9duisant le co\u00fbt de charge de la batterie.<\/p>\n<blockquote class=\"Quote_container__ms7KM Quote_alignLeft__1_w_9\">\n<div class=\"Quote_content__DZCla\">\u00ab Webfleet est reconnu pour \u00eatre un acteur t\u00e9l\u00e9matique ayant la capacit\u00e9 d\u2019anticiper les \u00e9volutions futures du march\u00e9 et de permettre aux flottes de relever leurs plus grands d\u00e9fis et d\u2019atteindre leurs objectifs \u00bb,<strong> d\u00e9clare Damien Biro, PDG de Muses\/Muses Europe.<\/strong> \u00ab\u00a0Cela en fait un partenaire id\u00e9al pour Muses.\u00a0\u00bb<\/div>\n<\/blockquote>\n<blockquote class=\"Quote_container__ms7KM Quote_alignLeft__1_w_9\">\n<div class=\"Quote_content__DZCla\">\u00ab\u00a0Nous sommes ravis de nous associer \u00e0 Muses pour offrir aux flottes cette solution t\u00e9l\u00e9matique int\u00e9gr\u00e9e\u00a0\u00bb, <strong>ajoute Taco van der Leij, vice-pr\u00e9sident de Webfleet Europe.<\/strong> \u00ab Des partenariats tels que celui-ci offrent aux utilisateurs finaux une connectivit\u00e9 pr\u00e9cieuse qui les aide \u00e0 optimiser l&rsquo;efficacit\u00e9 de la flotte et \u00e0 r\u00e9duire les co\u00fbts. C&rsquo;est l&rsquo;une des raisons pour lesquelles nous pensons que ce type de partenariats sont essentiels pour l&rsquo;avenir de la mobilit\u00e9.\u00a0\u00bb<\/div>\n<\/blockquote>\n<p class=\"styles_paragraph__CxmiR\">Webfleet et Muses seront pr\u00e9sents au Mondial de l&rsquo;Auto de Paris (Mondial de l&rsquo;auto, Paris) du 17 au 23 octobre 2022 dans le Hall 3. Les v\u00e9hicules Muses avec la solution Webfleet int\u00e9gr\u00e9e sont d\u00e9sormais disponibles en France.<\/p>\n<p class=\"styles_paragraph__CxmiR\">\n","protected":false},"excerpt":{"rendered":"<p>Muses est le seul v\u00e9hicule utilitaire l\u00e9ger industrialis\u00e9 con\u00e7u avec une technologie de moteur-roue. Avec un volume de chargement plus \u00e9lev\u00e9 sur un empattement plus compact, il est id\u00e9al pour la livraison du dernier kilom\u00e8tre. La conception innovante de la plate-forme am\u00e9liore son efficacit\u00e9 \u00e9nerg\u00e9tique, augmentant la port\u00e9e tout en r\u00e9duisant le co\u00fbt de charge [&hellip;]<\/p>\n","protected":false},"author":4,"featured_media":7878,"comment_status":"closed","ping_status":"closed","sticky":false,"template":"","format":"standard","meta":{"_acf_changed":false,"footnotes":""},"categories":[91,82],"tags":[],"class_list":["post-7877","post","type-post","status-publish","format-standard","has-post-thumbnail","hentry","category-expertise-et-management","category-connected-car-devices"],"acf":[],"yoast_head":"<!-- This site is optimized with the Yoast SEO plugin v27.3 - https:\/\/yoast.com\/product\/yoast-seo-wordpress\/ -->\n<title>Webfleet s&#039;associe \u00e0 Muses pour proposer des solutions t\u00e9l\u00e9matiques int\u00e9gr\u00e9es - link2fleet<\/title>\n<meta name=\"description\" content=\"Webfleet s\u2019associe \u00e0 Muses, un nouvel eOEM bas\u00e9 pr\u00e8s de Paris. Muses produit une gamme de v\u00e9hicules \u00e9lectriques sp\u00e9cialement con\u00e7us pour le transport de marchandises\u2026\" \/>\n<meta name=\"robots\" content=\"index, follow, max-snippet:-1, max-image-preview:large, max-video-preview:-1\" \/>\n<meta property=\"og:locale\" content=\"fr_FR\" \/>\n<meta property=\"og:type\" content=\"article\" \/>\n<meta property=\"og:title\" content=\"Webfleet s&#039;associe \u00e0 Muses pour proposer des solutions t\u00e9l\u00e9matiques int\u00e9gr\u00e9es - link2fleet\" \/>\n<meta property=\"og:description\" content=\"Webfleet s\u2019associe \u00e0 Muses, un nouvel eOEM bas\u00e9 pr\u00e8s de Paris. Muses produit une gamme de v\u00e9hicules \u00e9lectriques sp\u00e9cialement con\u00e7us pour le transport de marchandises\u2026\" \/>\n<meta property=\"og:url\" content=\"https:\/\/www.link2fleet.com\/fr\/webfleet-sassocie-a-muses-pour-proposer-des-solutions-telematiques-integrees\/\" \/>\n<meta property=\"og:site_name\" content=\"link2fleet\" \/>\n<meta property=\"article:published_time\" content=\"2022-10-11T09:28:09+00:00\" \/>\n<meta property=\"og:image\" content=\"https:\/\/static.link2fleet.com\/wp-content\/uploads\/2024\/03\/muses.jpg\" \/>\n\t<meta property=\"og:image:width\" content=\"982\" \/>\n\t<meta property=\"og:image:height\" content=\"580\" \/>\n\t<meta property=\"og:image:type\" content=\"image\/jpeg\" \/>\n<meta name=\"author\" content=\"Damien Malvetti\" \/>\n<meta name=\"twitter:card\" content=\"summary_large_image\" \/>\n<meta name=\"twitter:description\" content=\"Webfleet s\u2019associe \u00e0 Muses, un nouvel eOEM bas\u00e9 pr\u00e8s de Paris. Muses produit une gamme de v\u00e9hicules \u00e9lectriques sp\u00e9cialement con\u00e7us pour le transport de marchandises\u2026\" \/>\n<meta name=\"twitter:label1\" content=\"\u00c9crit par\" \/>\n\t<meta name=\"twitter:data1\" content=\"Damien Malvetti\" \/>\n\t<meta name=\"twitter:label2\" content=\"Dur\u00e9e de lecture estim\u00e9e\" \/>\n\t<meta name=\"twitter:data2\" content=\"1 minute\" \/>\n<script type=\"application\/ld+json\" class=\"yoast-schema-graph\">{\"@context\":\"https:\\\/\\\/schema.org\",\"@graph\":[{\"@type\":\"Article\",\"@id\":\"https:\\\/\\\/www.link2fleet.com\\\/fr\\\/webfleet-sassocie-a-muses-pour-proposer-des-solutions-telematiques-integrees\\\/#article\",\"isPartOf\":{\"@id\":\"https:\\\/\\\/www.link2fleet.com\\\/fr\\\/webfleet-sassocie-a-muses-pour-proposer-des-solutions-telematiques-integrees\\\/\"},\"author\":{\"name\":\"Damien Malvetti\",\"@id\":\"https:\\\/\\\/www.link2fleet.com\\\/fr\\\/#\\\/schema\\\/person\\\/027cd46113c78036b3809c9a054049da\"},\"headline\":\"Webfleet s&rsquo;associe \u00e0 Muses pour proposer des solutions t\u00e9l\u00e9matiques int\u00e9gr\u00e9es\",\"datePublished\":\"2022-10-11T09:28:09+00:00\",\"mainEntityOfPage\":{\"@id\":\"https:\\\/\\\/www.link2fleet.com\\\/fr\\\/webfleet-sassocie-a-muses-pour-proposer-des-solutions-telematiques-integrees\\\/\"},\"wordCount\":258,\"publisher\":{\"@id\":\"https:\\\/\\\/www.link2fleet.com\\\/fr\\\/#organization\"},\"image\":{\"@id\":\"https:\\\/\\\/www.link2fleet.com\\\/fr\\\/webfleet-sassocie-a-muses-pour-proposer-des-solutions-telematiques-integrees\\\/#primaryimage\"},\"thumbnailUrl\":\"https:\\\/\\\/static.link2fleet.com\\\/wp-content\\\/uploads\\\/2024\\\/03\\\/muses.jpg\",\"articleSection\":[\"Gestion de flotte\",\"IT management et Connected cars\"],\"inLanguage\":\"fr-FR\"},{\"@type\":\"WebPage\",\"@id\":\"https:\\\/\\\/www.link2fleet.com\\\/fr\\\/webfleet-sassocie-a-muses-pour-proposer-des-solutions-telematiques-integrees\\\/\",\"url\":\"https:\\\/\\\/www.link2fleet.com\\\/fr\\\/webfleet-sassocie-a-muses-pour-proposer-des-solutions-telematiques-integrees\\\/\",\"name\":\"Webfleet s'associe \u00e0 Muses pour proposer des solutions t\u00e9l\u00e9matiques int\u00e9gr\u00e9es - link2fleet\",\"isPartOf\":{\"@id\":\"https:\\\/\\\/www.link2fleet.com\\\/fr\\\/#website\"},\"primaryImageOfPage\":{\"@id\":\"https:\\\/\\\/www.link2fleet.com\\\/fr\\\/webfleet-sassocie-a-muses-pour-proposer-des-solutions-telematiques-integrees\\\/#primaryimage\"},\"image\":{\"@id\":\"https:\\\/\\\/www.link2fleet.com\\\/fr\\\/webfleet-sassocie-a-muses-pour-proposer-des-solutions-telematiques-integrees\\\/#primaryimage\"},\"thumbnailUrl\":\"https:\\\/\\\/static.link2fleet.com\\\/wp-content\\\/uploads\\\/2024\\\/03\\\/muses.jpg\",\"datePublished\":\"2022-10-11T09:28:09+00:00\",\"breadcrumb\":{\"@id\":\"https:\\\/\\\/www.link2fleet.com\\\/fr\\\/webfleet-sassocie-a-muses-pour-proposer-des-solutions-telematiques-integrees\\\/#breadcrumb\"},\"inLanguage\":\"fr-FR\",\"potentialAction\":[{\"@type\":\"ReadAction\",\"target\":[\"https:\\\/\\\/www.link2fleet.com\\\/fr\\\/webfleet-sassocie-a-muses-pour-proposer-des-solutions-telematiques-integrees\\\/\"]}]},{\"@type\":\"ImageObject\",\"inLanguage\":\"fr-FR\",\"@id\":\"https:\\\/\\\/www.link2fleet.com\\\/fr\\\/webfleet-sassocie-a-muses-pour-proposer-des-solutions-telematiques-integrees\\\/#primaryimage\",\"url\":\"https:\\\/\\\/static.link2fleet.com\\\/wp-content\\\/uploads\\\/2024\\\/03\\\/muses.jpg\",\"contentUrl\":\"https:\\\/\\\/static.link2fleet.com\\\/wp-content\\\/uploads\\\/2024\\\/03\\\/muses.jpg\",\"width\":982,\"height\":580},{\"@type\":\"BreadcrumbList\",\"@id\":\"https:\\\/\\\/www.link2fleet.com\\\/fr\\\/webfleet-sassocie-a-muses-pour-proposer-des-solutions-telematiques-integrees\\\/#breadcrumb\",\"itemListElement\":[{\"@type\":\"ListItem\",\"position\":1,\"name\":\"Home\",\"item\":\"https:\\\/\\\/www.link2fleet.com\\\/fr\\\/\"},{\"@type\":\"ListItem\",\"position\":2,\"name\":\"Webfleet s&#8217;associe \u00e0 Muses pour proposer des solutions t\u00e9l\u00e9matiques int\u00e9gr\u00e9es\"}]},{\"@type\":\"WebSite\",\"@id\":\"https:\\\/\\\/www.link2fleet.com\\\/fr\\\/#website\",\"url\":\"https:\\\/\\\/www.link2fleet.com\\\/fr\\\/\",\"name\":\"Link2fleet\",\"description\":\"\",\"publisher\":{\"@id\":\"https:\\\/\\\/www.link2fleet.com\\\/fr\\\/#organization\"},\"potentialAction\":[{\"@type\":\"SearchAction\",\"target\":{\"@type\":\"EntryPoint\",\"urlTemplate\":\"https:\\\/\\\/www.link2fleet.com\\\/fr\\\/?s={search_term_string}\"},\"query-input\":{\"@type\":\"PropertyValueSpecification\",\"valueRequired\":true,\"valueName\":\"search_term_string\"}}],\"inLanguage\":\"fr-FR\"},{\"@type\":\"Organization\",\"@id\":\"https:\\\/\\\/www.link2fleet.com\\\/fr\\\/#organization\",\"name\":\"Link2fleet\",\"url\":\"https:\\\/\\\/www.link2fleet.com\\\/fr\\\/\",\"logo\":{\"@type\":\"ImageObject\",\"inLanguage\":\"fr-FR\",\"@id\":\"https:\\\/\\\/www.link2fleet.com\\\/fr\\\/#\\\/schema\\\/logo\\\/image\\\/\",\"url\":\"https:\\\/\\\/static.link2fleet.com\\\/wp-content\\\/uploads\\\/2024\\\/03\\\/share-image.jpg\",\"contentUrl\":\"https:\\\/\\\/static.link2fleet.com\\\/wp-content\\\/uploads\\\/2024\\\/03\\\/share-image.jpg\",\"width\":1200,\"height\":630,\"caption\":\"Link2fleet\"},\"image\":{\"@id\":\"https:\\\/\\\/www.link2fleet.com\\\/fr\\\/#\\\/schema\\\/logo\\\/image\\\/\"},\"sameAs\":[\"https:\\\/\\\/www.linkedin.com\\\/company\\\/link2fleet-belgium\",\"https:\\\/\\\/www.youtube.com\\\/user\\\/MMMBMBE\"]},{\"@type\":\"Person\",\"@id\":\"https:\\\/\\\/www.link2fleet.com\\\/fr\\\/#\\\/schema\\\/person\\\/027cd46113c78036b3809c9a054049da\",\"name\":\"Damien Malvetti\",\"image\":{\"@type\":\"ImageObject\",\"inLanguage\":\"fr-FR\",\"@id\":\"https:\\\/\\\/secure.gravatar.com\\\/avatar\\\/dd8cc03b49466c735f753ac37f8caa371af16dfed347456ed61f02883255eebb?s=96&d=mm&r=g\",\"url\":\"https:\\\/\\\/secure.gravatar.com\\\/avatar\\\/dd8cc03b49466c735f753ac37f8caa371af16dfed347456ed61f02883255eebb?s=96&d=mm&r=g\",\"contentUrl\":\"https:\\\/\\\/secure.gravatar.com\\\/avatar\\\/dd8cc03b49466c735f753ac37f8caa371af16dfed347456ed61f02883255eebb?s=96&d=mm&r=g\",\"caption\":\"Damien Malvetti\"},\"description\":\"Damien Malvetti is opgeleid als journalist en gepassioneerd door wagens, technologie en mobiliteit. Hij is verantwoordelijk voor de redactionele inhoud van link2fleet en beschikt over een uitgebreide kennis van de fleet-sector en elektrische mobiliteit.\",\"sameAs\":[\"https:\\\/\\\/www.linkedin.com\\\/in\\\/damien-malvetti-56601142\\\/\"]}]}<\/script>\n<!-- \/ Yoast SEO plugin. -->","yoast_head_json":{"title":"Webfleet s'associe \u00e0 Muses pour proposer des solutions t\u00e9l\u00e9matiques int\u00e9gr\u00e9es - link2fleet","description":"Webfleet s\u2019associe \u00e0 Muses, un nouvel eOEM bas\u00e9 pr\u00e8s de Paris. Muses produit une gamme de v\u00e9hicules \u00e9lectriques sp\u00e9cialement con\u00e7us pour le transport de marchandises\u2026","robots":{"index":"index","follow":"follow","max-snippet":"max-snippet:-1","max-image-preview":"max-image-preview:large","max-video-preview":"max-video-preview:-1"},"og_locale":"fr_FR","og_type":"article","og_title":"Webfleet s'associe \u00e0 Muses pour proposer des solutions t\u00e9l\u00e9matiques int\u00e9gr\u00e9es - link2fleet","og_description":"Webfleet s\u2019associe \u00e0 Muses, un nouvel eOEM bas\u00e9 pr\u00e8s de Paris. Muses produit une gamme de v\u00e9hicules \u00e9lectriques sp\u00e9cialement con\u00e7us pour le transport de marchandises\u2026","og_url":"https:\/\/www.link2fleet.com\/fr\/webfleet-sassocie-a-muses-pour-proposer-des-solutions-telematiques-integrees\/","og_site_name":"link2fleet","article_published_time":"2022-10-11T09:28:09+00:00","og_image":[{"width":982,"height":580,"url":"https:\/\/static.link2fleet.com\/wp-content\/uploads\/2024\/03\/muses.jpg","type":"image\/jpeg"}],"author":"Damien Malvetti","twitter_card":"summary_large_image","twitter_description":"Webfleet s\u2019associe \u00e0 Muses, un nouvel eOEM bas\u00e9 pr\u00e8s de Paris. Muses produit une gamme de v\u00e9hicules \u00e9lectriques sp\u00e9cialement con\u00e7us pour le transport de marchandises\u2026","twitter_misc":{"\u00c9crit par":"Damien Malvetti","Dur\u00e9e de lecture estim\u00e9e":"1 minute"},"schema":{"@context":"https:\/\/schema.org","@graph":[{"@type":"Article","@id":"https:\/\/www.link2fleet.com\/fr\/webfleet-sassocie-a-muses-pour-proposer-des-solutions-telematiques-integrees\/#article","isPartOf":{"@id":"https:\/\/www.link2fleet.com\/fr\/webfleet-sassocie-a-muses-pour-proposer-des-solutions-telematiques-integrees\/"},"author":{"name":"Damien Malvetti","@id":"https:\/\/www.link2fleet.com\/fr\/#\/schema\/person\/027cd46113c78036b3809c9a054049da"},"headline":"Webfleet s&rsquo;associe \u00e0 Muses pour proposer des solutions t\u00e9l\u00e9matiques int\u00e9gr\u00e9es","datePublished":"2022-10-11T09:28:09+00:00","mainEntityOfPage":{"@id":"https:\/\/www.link2fleet.com\/fr\/webfleet-sassocie-a-muses-pour-proposer-des-solutions-telematiques-integrees\/"},"wordCount":258,"publisher":{"@id":"https:\/\/www.link2fleet.com\/fr\/#organization"},"image":{"@id":"https:\/\/www.link2fleet.com\/fr\/webfleet-sassocie-a-muses-pour-proposer-des-solutions-telematiques-integrees\/#primaryimage"},"thumbnailUrl":"https:\/\/static.link2fleet.com\/wp-content\/uploads\/2024\/03\/muses.jpg","articleSection":["Gestion de flotte","IT management et Connected cars"],"inLanguage":"fr-FR"},{"@type":"WebPage","@id":"https:\/\/www.link2fleet.com\/fr\/webfleet-sassocie-a-muses-pour-proposer-des-solutions-telematiques-integrees\/","url":"https:\/\/www.link2fleet.com\/fr\/webfleet-sassocie-a-muses-pour-proposer-des-solutions-telematiques-integrees\/","name":"Webfleet s'associe \u00e0 Muses pour proposer des solutions t\u00e9l\u00e9matiques int\u00e9gr\u00e9es - link2fleet","isPartOf":{"@id":"https:\/\/www.link2fleet.com\/fr\/#website"},"primaryImageOfPage":{"@id":"https:\/\/www.link2fleet.com\/fr\/webfleet-sassocie-a-muses-pour-proposer-des-solutions-telematiques-integrees\/#primaryimage"},"image":{"@id":"https:\/\/www.link2fleet.com\/fr\/webfleet-sassocie-a-muses-pour-proposer-des-solutions-telematiques-integrees\/#primaryimage"},"thumbnailUrl":"https:\/\/static.link2fleet.com\/wp-content\/uploads\/2024\/03\/muses.jpg","datePublished":"2022-10-11T09:28:09+00:00","breadcrumb":{"@id":"https:\/\/www.link2fleet.com\/fr\/webfleet-sassocie-a-muses-pour-proposer-des-solutions-telematiques-integrees\/#breadcrumb"},"inLanguage":"fr-FR","potentialAction":[{"@type":"ReadAction","target":["https:\/\/www.link2fleet.com\/fr\/webfleet-sassocie-a-muses-pour-proposer-des-solutions-telematiques-integrees\/"]}]},{"@type":"ImageObject","inLanguage":"fr-FR","@id":"https:\/\/www.link2fleet.com\/fr\/webfleet-sassocie-a-muses-pour-proposer-des-solutions-telematiques-integrees\/#primaryimage","url":"https:\/\/static.link2fleet.com\/wp-content\/uploads\/2024\/03\/muses.jpg","contentUrl":"https:\/\/static.link2fleet.com\/wp-content\/uploads\/2024\/03\/muses.jpg","width":982,"height":580},{"@type":"BreadcrumbList","@id":"https:\/\/www.link2fleet.com\/fr\/webfleet-sassocie-a-muses-pour-proposer-des-solutions-telematiques-integrees\/#breadcrumb","itemListElement":[{"@type":"ListItem","position":1,"name":"Home","item":"https:\/\/www.link2fleet.com\/fr\/"},{"@type":"ListItem","position":2,"name":"Webfleet s&#8217;associe \u00e0 Muses pour proposer des solutions t\u00e9l\u00e9matiques int\u00e9gr\u00e9es"}]},{"@type":"WebSite","@id":"https:\/\/www.link2fleet.com\/fr\/#website","url":"https:\/\/www.link2fleet.com\/fr\/","name":"Link2fleet","description":"","publisher":{"@id":"https:\/\/www.link2fleet.com\/fr\/#organization"},"potentialAction":[{"@type":"SearchAction","target":{"@type":"EntryPoint","urlTemplate":"https:\/\/www.link2fleet.com\/fr\/?s={search_term_string}"},"query-input":{"@type":"PropertyValueSpecification","valueRequired":true,"valueName":"search_term_string"}}],"inLanguage":"fr-FR"},{"@type":"Organization","@id":"https:\/\/www.link2fleet.com\/fr\/#organization","name":"Link2fleet","url":"https:\/\/www.link2fleet.com\/fr\/","logo":{"@type":"ImageObject","inLanguage":"fr-FR","@id":"https:\/\/www.link2fleet.com\/fr\/#\/schema\/logo\/image\/","url":"https:\/\/static.link2fleet.com\/wp-content\/uploads\/2024\/03\/share-image.jpg","contentUrl":"https:\/\/static.link2fleet.com\/wp-content\/uploads\/2024\/03\/share-image.jpg","width":1200,"height":630,"caption":"Link2fleet"},"image":{"@id":"https:\/\/www.link2fleet.com\/fr\/#\/schema\/logo\/image\/"},"sameAs":["https:\/\/www.linkedin.com\/company\/link2fleet-belgium","https:\/\/www.youtube.com\/user\/MMMBMBE"]},{"@type":"Person","@id":"https:\/\/www.link2fleet.com\/fr\/#\/schema\/person\/027cd46113c78036b3809c9a054049da","name":"Damien Malvetti","image":{"@type":"ImageObject","inLanguage":"fr-FR","@id":"https:\/\/secure.gravatar.com\/avatar\/dd8cc03b49466c735f753ac37f8caa371af16dfed347456ed61f02883255eebb?s=96&d=mm&r=g","url":"https:\/\/secure.gravatar.com\/avatar\/dd8cc03b49466c735f753ac37f8caa371af16dfed347456ed61f02883255eebb?s=96&d=mm&r=g","contentUrl":"https:\/\/secure.gravatar.com\/avatar\/dd8cc03b49466c735f753ac37f8caa371af16dfed347456ed61f02883255eebb?s=96&d=mm&r=g","caption":"Damien Malvetti"},"description":"Damien Malvetti is opgeleid als journalist en gepassioneerd door wagens, technologie en mobiliteit. Hij is verantwoordelijk voor de redactionele inhoud van link2fleet en beschikt over een uitgebreide kennis van de fleet-sector en elektrische mobiliteit.","sameAs":["https:\/\/www.linkedin.com\/in\/damien-malvetti-56601142\/"]}]}},"_links":{"self":[{"href":"https:\/\/www.link2fleet.com\/fr\/wp-json\/wp\/v2\/posts\/7877","targetHints":{"allow":["GET"]}}],"collection":[{"href":"https:\/\/www.link2fleet.com\/fr\/wp-json\/wp\/v2\/posts"}],"about":[{"href":"https:\/\/www.link2fleet.com\/fr\/wp-json\/wp\/v2\/types\/post"}],"author":[{"embeddable":true,"href":"https:\/\/www.link2fleet.com\/fr\/wp-json\/wp\/v2\/users\/4"}],"replies":[{"embeddable":true,"href":"https:\/\/www.link2fleet.com\/fr\/wp-json\/wp\/v2\/comments?post=7877"}],"version-history":[{"count":0,"href":"https:\/\/www.link2fleet.com\/fr\/wp-json\/wp\/v2\/posts\/7877\/revisions"}],"wp:featuredmedia":[{"embeddable":true,"href":"https:\/\/www.link2fleet.com\/fr\/wp-json\/wp\/v2\/media\/7878"}],"wp:attachment":[{"href":"https:\/\/www.link2fleet.com\/fr\/wp-json\/wp\/v2\/media?parent=7877"}],"wp:term":[{"taxonomy":"category","embeddable":true,"href":"https:\/\/www.link2fleet.com\/fr\/wp-json\/wp\/v2\/categories?post=7877"},{"taxonomy":"post_tag","embeddable":true,"href":"https:\/\/www.link2fleet.com\/fr\/wp-json\/wp\/v2\/tags?post=7877"}],"curies":[{"name":"wp","href":"https:\/\/api.w.org\/{rel}","templated":true}]}}