{"id":7886,"date":"2022-10-11T16:22:56","date_gmt":"2022-10-11T14:22:56","guid":{"rendered":"https:\/\/www.link2fleet.com\/le-conclave-budgetaire-ne-touche-pas-a-la-voiture-de-societe\/"},"modified":"2022-10-11T16:22:56","modified_gmt":"2022-10-11T14:22:56","slug":"le-conclave-budgetaire-ne-touche-pas-a-la-voiture-de-societe","status":"publish","type":"post","link":"https:\/\/www.link2fleet.com\/fr\/le-conclave-budgetaire-ne-touche-pas-a-la-voiture-de-societe\/","title":{"rendered":"Le conclave budg\u00e9taire ne touche pas \u00e0 la voiture de soci\u00e9t\u00e9"},"content":{"rendered":"<p style=\"font-weight: 400;\"><strong>Frais de recharge pour les voitures \u00e9lectriques<\/strong><\/p>\n<p style=\"font-weight: 400;\">Il y a aussi de bonnes nouvelles pour les conducteurs de v\u00e9hicules \u00e9lectriques qui rechargent fr\u00e9quemment \u00e0 la maison. Pour les contrats r\u00e9sidentiels, la TVA sera d\u00e9finitivement r\u00e9duite de 21% \u00e0 6%. Cependant, lorsque les prix se normaliseront \u00e0 nouveau, il est pr\u00e9vu d&rsquo;augmenter l\u00e9g\u00e8rement les droits d&rsquo;accises. Dans l&rsquo;ensemble, cela devrait encore permettre de r\u00e9aliser des \u00e9conomies. Les personnes seules et les familles b\u00e9n\u00e9ficient temporairement d&rsquo;une remise \u00e9nerg\u00e9tique de 61,00 euros par mois sur leur facture d&rsquo;\u00e9lectricit\u00e9 anticip\u00e9e \u00e0 partir du 1er novembre. Cette p\u00e9riode sera maintenant prolong\u00e9e jusqu&rsquo;en mars 2023. Les personnes \u00e0 revenu \u00e9lev\u00e9 devront cependant en rembourser une partie par le biais de leur d\u00e9claration d&rsquo;imp\u00f4ts.<\/p>\n<p style=\"font-weight: 400;\">Avec la poursuite de la normalisation des prix de l&rsquo;\u00e9nergie et dans le cadre de la poursuite de l&rsquo;\u00e9cologisation des flottes d&rsquo;entreprise, la d\u00e9ductibilit\u00e9 fiscale de la carte carburant sera certainement \u00e0 nouveau \u00e9voqu\u00e9e. De plus, le ministre des finances Van Peteghem pr\u00e9pare \u00e9galement un changement de l&rsquo;imp\u00f4t sur le revenu des personnes physiques d&rsquo;ici 2024, ce qui pourrait potentiellement avoir un impact lors du calcul de l&rsquo;avantage en nature. \u00a0L\u00e0 aussi, la valeur de la carte carburant pourrait potentiellement jouer un nouveau r\u00f4le. En effet, jusqu&rsquo;\u00e0 aujourd&rsquo;hui, l&rsquo;avantage en nature reste inchang\u00e9, qu&rsquo;un conducteur de voiture de soci\u00e9t\u00e9 parcourt 5 000 km ou 35 000 km par an pour ses d\u00e9placements priv\u00e9s et pendulaires.<\/p>\n<p style=\"font-weight: 400; text-align: right;\"><strong>Michel Willems<\/strong><\/p>\n<p style=\"font-weight: 400; text-align: right;\"><strong>MOBILITAS<\/strong><\/p>\n","protected":false},"excerpt":{"rendered":"<p>Frais de recharge pour les voitures \u00e9lectriques Il y a aussi de bonnes nouvelles pour les conducteurs de v\u00e9hicules \u00e9lectriques qui rechargent fr\u00e9quemment \u00e0 la maison. Pour les contrats r\u00e9sidentiels, la TVA sera d\u00e9finitivement r\u00e9duite de 21% \u00e0 6%. Cependant, lorsque les prix se normaliseront \u00e0 nouveau, il est pr\u00e9vu d&rsquo;augmenter l\u00e9g\u00e8rement les droits d&rsquo;accises. [&hellip;]<\/p>\n","protected":false},"author":11,"featured_media":7887,"comment_status":"closed","ping_status":"closed","sticky":false,"template":"","format":"standard","meta":{"_acf_changed":false,"footnotes":""},"categories":[91,101],"tags":[],"class_list":["post-7886","post","type-post","status-publish","format-standard","has-post-thumbnail","hentry","category-expertise-et-management","category-tax-legal"],"acf":[],"yoast_head":"<!-- This site is optimized with the Yoast SEO plugin v27.3 - https:\/\/yoast.com\/product\/yoast-seo-wordpress\/ -->\n<title>Le conclave budg\u00e9taire ne touche pas \u00e0 la voiture de soci\u00e9t\u00e9 - link2fleet<\/title>\n<meta name=\"description\" content=\"Depuis cet apr\u00e8s-midi du 11 octobre, toute une s\u00e9rie de mesures du conclave budg\u00e9taire pour fixer le budget de 2023 sont connues. Pour les utilisateurs\u2026\" \/>\n<meta name=\"robots\" content=\"index, follow, max-snippet:-1, max-image-preview:large, max-video-preview:-1\" \/>\n<meta property=\"og:locale\" content=\"fr_FR\" \/>\n<meta property=\"og:type\" content=\"article\" \/>\n<meta property=\"og:title\" content=\"Le conclave budg\u00e9taire ne touche pas \u00e0 la voiture de soci\u00e9t\u00e9 - link2fleet\" \/>\n<meta property=\"og:description\" content=\"Depuis cet apr\u00e8s-midi du 11 octobre, toute une s\u00e9rie de mesures du conclave budg\u00e9taire pour fixer le budget de 2023 sont connues. Pour les utilisateurs\u2026\" \/>\n<meta property=\"og:url\" content=\"https:\/\/www.link2fleet.com\/fr\/le-conclave-budgetaire-ne-touche-pas-a-la-voiture-de-societe\/\" \/>\n<meta property=\"og:site_name\" content=\"link2fleet\" \/>\n<meta property=\"article:published_time\" content=\"2022-10-11T14:22:56+00:00\" \/>\n<meta property=\"og:image\" content=\"https:\/\/static.link2fleet.com\/wp-content\/uploads\/2024\/03\/bedrijfswagens.jpg\" \/>\n\t<meta property=\"og:image:width\" content=\"940\" \/>\n\t<meta property=\"og:image:height\" content=\"615\" \/>\n\t<meta property=\"og:image:type\" content=\"image\/jpeg\" \/>\n<meta name=\"author\" content=\"Michel Willems - Mobilitas\" \/>\n<meta name=\"twitter:card\" content=\"summary_large_image\" \/>\n<meta name=\"twitter:description\" content=\"Depuis cet apr\u00e8s-midi du 11 octobre, toute une s\u00e9rie de mesures du conclave budg\u00e9taire pour fixer le budget de 2023 sont connues. Pour les utilisateurs\u2026\" \/>\n<meta name=\"twitter:label1\" content=\"\u00c9crit par\" \/>\n\t<meta name=\"twitter:data1\" content=\"Michel Willems - Mobilitas\" \/>\n\t<meta name=\"twitter:label2\" content=\"Dur\u00e9e de lecture estim\u00e9e\" \/>\n\t<meta name=\"twitter:data2\" content=\"1 minute\" \/>\n<script type=\"application\/ld+json\" class=\"yoast-schema-graph\">{\"@context\":\"https:\\\/\\\/schema.org\",\"@graph\":[{\"@type\":\"Article\",\"@id\":\"https:\\\/\\\/www.link2fleet.com\\\/fr\\\/le-conclave-budgetaire-ne-touche-pas-a-la-voiture-de-societe\\\/#article\",\"isPartOf\":{\"@id\":\"https:\\\/\\\/www.link2fleet.com\\\/fr\\\/le-conclave-budgetaire-ne-touche-pas-a-la-voiture-de-societe\\\/\"},\"author\":{\"name\":\"Michel Willems - Mobilitas\",\"@id\":\"https:\\\/\\\/www.link2fleet.com\\\/fr\\\/#\\\/schema\\\/person\\\/bd29f6a2c2427e85a70d3acf17303486\"},\"headline\":\"Le conclave budg\u00e9taire ne touche pas \u00e0 la voiture de soci\u00e9t\u00e9\",\"datePublished\":\"2022-10-11T14:22:56+00:00\",\"mainEntityOfPage\":{\"@id\":\"https:\\\/\\\/www.link2fleet.com\\\/fr\\\/le-conclave-budgetaire-ne-touche-pas-a-la-voiture-de-societe\\\/\"},\"wordCount\":273,\"publisher\":{\"@id\":\"https:\\\/\\\/www.link2fleet.com\\\/fr\\\/#organization\"},\"image\":{\"@id\":\"https:\\\/\\\/www.link2fleet.com\\\/fr\\\/le-conclave-budgetaire-ne-touche-pas-a-la-voiture-de-societe\\\/#primaryimage\"},\"thumbnailUrl\":\"https:\\\/\\\/static.link2fleet.com\\\/wp-content\\\/uploads\\\/2024\\\/03\\\/bedrijfswagens.jpg\",\"articleSection\":[\"Gestion de flotte\",\"Tax &amp; legal\"],\"inLanguage\":\"fr-FR\"},{\"@type\":\"WebPage\",\"@id\":\"https:\\\/\\\/www.link2fleet.com\\\/fr\\\/le-conclave-budgetaire-ne-touche-pas-a-la-voiture-de-societe\\\/\",\"url\":\"https:\\\/\\\/www.link2fleet.com\\\/fr\\\/le-conclave-budgetaire-ne-touche-pas-a-la-voiture-de-societe\\\/\",\"name\":\"Le conclave budg\u00e9taire ne touche pas \u00e0 la voiture de soci\u00e9t\u00e9 - link2fleet\",\"isPartOf\":{\"@id\":\"https:\\\/\\\/www.link2fleet.com\\\/fr\\\/#website\"},\"primaryImageOfPage\":{\"@id\":\"https:\\\/\\\/www.link2fleet.com\\\/fr\\\/le-conclave-budgetaire-ne-touche-pas-a-la-voiture-de-societe\\\/#primaryimage\"},\"image\":{\"@id\":\"https:\\\/\\\/www.link2fleet.com\\\/fr\\\/le-conclave-budgetaire-ne-touche-pas-a-la-voiture-de-societe\\\/#primaryimage\"},\"thumbnailUrl\":\"https:\\\/\\\/static.link2fleet.com\\\/wp-content\\\/uploads\\\/2024\\\/03\\\/bedrijfswagens.jpg\",\"datePublished\":\"2022-10-11T14:22:56+00:00\",\"breadcrumb\":{\"@id\":\"https:\\\/\\\/www.link2fleet.com\\\/fr\\\/le-conclave-budgetaire-ne-touche-pas-a-la-voiture-de-societe\\\/#breadcrumb\"},\"inLanguage\":\"fr-FR\",\"potentialAction\":[{\"@type\":\"ReadAction\",\"target\":[\"https:\\\/\\\/www.link2fleet.com\\\/fr\\\/le-conclave-budgetaire-ne-touche-pas-a-la-voiture-de-societe\\\/\"]}]},{\"@type\":\"ImageObject\",\"inLanguage\":\"fr-FR\",\"@id\":\"https:\\\/\\\/www.link2fleet.com\\\/fr\\\/le-conclave-budgetaire-ne-touche-pas-a-la-voiture-de-societe\\\/#primaryimage\",\"url\":\"https:\\\/\\\/static.link2fleet.com\\\/wp-content\\\/uploads\\\/2024\\\/03\\\/bedrijfswagens.jpg\",\"contentUrl\":\"https:\\\/\\\/static.link2fleet.com\\\/wp-content\\\/uploads\\\/2024\\\/03\\\/bedrijfswagens.jpg\",\"width\":940,\"height\":615,\"caption\":\"parking lot\"},{\"@type\":\"BreadcrumbList\",\"@id\":\"https:\\\/\\\/www.link2fleet.com\\\/fr\\\/le-conclave-budgetaire-ne-touche-pas-a-la-voiture-de-societe\\\/#breadcrumb\",\"itemListElement\":[{\"@type\":\"ListItem\",\"position\":1,\"name\":\"Home\",\"item\":\"https:\\\/\\\/www.link2fleet.com\\\/fr\\\/\"},{\"@type\":\"ListItem\",\"position\":2,\"name\":\"Le conclave budg\u00e9taire ne touche pas \u00e0 la voiture de soci\u00e9t\u00e9\"}]},{\"@type\":\"WebSite\",\"@id\":\"https:\\\/\\\/www.link2fleet.com\\\/fr\\\/#website\",\"url\":\"https:\\\/\\\/www.link2fleet.com\\\/fr\\\/\",\"name\":\"Link2fleet\",\"description\":\"\",\"publisher\":{\"@id\":\"https:\\\/\\\/www.link2fleet.com\\\/fr\\\/#organization\"},\"potentialAction\":[{\"@type\":\"SearchAction\",\"target\":{\"@type\":\"EntryPoint\",\"urlTemplate\":\"https:\\\/\\\/www.link2fleet.com\\\/fr\\\/?s={search_term_string}\"},\"query-input\":{\"@type\":\"PropertyValueSpecification\",\"valueRequired\":true,\"valueName\":\"search_term_string\"}}],\"inLanguage\":\"fr-FR\"},{\"@type\":\"Organization\",\"@id\":\"https:\\\/\\\/www.link2fleet.com\\\/fr\\\/#organization\",\"name\":\"Link2fleet\",\"url\":\"https:\\\/\\\/www.link2fleet.com\\\/fr\\\/\",\"logo\":{\"@type\":\"ImageObject\",\"inLanguage\":\"fr-FR\",\"@id\":\"https:\\\/\\\/www.link2fleet.com\\\/fr\\\/#\\\/schema\\\/logo\\\/image\\\/\",\"url\":\"https:\\\/\\\/static.link2fleet.com\\\/wp-content\\\/uploads\\\/2024\\\/03\\\/share-image.jpg\",\"contentUrl\":\"https:\\\/\\\/static.link2fleet.com\\\/wp-content\\\/uploads\\\/2024\\\/03\\\/share-image.jpg\",\"width\":1200,\"height\":630,\"caption\":\"Link2fleet\"},\"image\":{\"@id\":\"https:\\\/\\\/www.link2fleet.com\\\/fr\\\/#\\\/schema\\\/logo\\\/image\\\/\"},\"sameAs\":[\"https:\\\/\\\/www.linkedin.com\\\/company\\\/link2fleet-belgium\",\"https:\\\/\\\/www.youtube.com\\\/user\\\/MMMBMBE\"]},{\"@type\":\"Person\",\"@id\":\"https:\\\/\\\/www.link2fleet.com\\\/fr\\\/#\\\/schema\\\/person\\\/bd29f6a2c2427e85a70d3acf17303486\",\"name\":\"Michel Willems - Mobilitas\",\"image\":{\"@type\":\"ImageObject\",\"inLanguage\":\"fr-FR\",\"@id\":\"https:\\\/\\\/secure.gravatar.com\\\/avatar\\\/c937de514893d5b69b3b52ee88664fd4879b786925b6742dc7891d347f167414?s=96&d=mm&r=g\",\"url\":\"https:\\\/\\\/secure.gravatar.com\\\/avatar\\\/c937de514893d5b69b3b52ee88664fd4879b786925b6742dc7891d347f167414?s=96&d=mm&r=g\",\"contentUrl\":\"https:\\\/\\\/secure.gravatar.com\\\/avatar\\\/c937de514893d5b69b3b52ee88664fd4879b786925b6742dc7891d347f167414?s=96&d=mm&r=g\",\"caption\":\"Michel Willems - Mobilitas\"}}]}<\/script>\n<!-- \/ Yoast SEO plugin. -->","yoast_head_json":{"title":"Le conclave budg\u00e9taire ne touche pas \u00e0 la voiture de soci\u00e9t\u00e9 - link2fleet","description":"Depuis cet apr\u00e8s-midi du 11 octobre, toute une s\u00e9rie de mesures du conclave budg\u00e9taire pour fixer le budget de 2023 sont connues. Pour les utilisateurs\u2026","robots":{"index":"index","follow":"follow","max-snippet":"max-snippet:-1","max-image-preview":"max-image-preview:large","max-video-preview":"max-video-preview:-1"},"og_locale":"fr_FR","og_type":"article","og_title":"Le conclave budg\u00e9taire ne touche pas \u00e0 la voiture de soci\u00e9t\u00e9 - link2fleet","og_description":"Depuis cet apr\u00e8s-midi du 11 octobre, toute une s\u00e9rie de mesures du conclave budg\u00e9taire pour fixer le budget de 2023 sont connues. Pour les utilisateurs\u2026","og_url":"https:\/\/www.link2fleet.com\/fr\/le-conclave-budgetaire-ne-touche-pas-a-la-voiture-de-societe\/","og_site_name":"link2fleet","article_published_time":"2022-10-11T14:22:56+00:00","og_image":[{"width":940,"height":615,"url":"https:\/\/static.link2fleet.com\/wp-content\/uploads\/2024\/03\/bedrijfswagens.jpg","type":"image\/jpeg"}],"author":"Michel Willems - Mobilitas","twitter_card":"summary_large_image","twitter_description":"Depuis cet apr\u00e8s-midi du 11 octobre, toute une s\u00e9rie de mesures du conclave budg\u00e9taire pour fixer le budget de 2023 sont connues. Pour les utilisateurs\u2026","twitter_misc":{"\u00c9crit par":"Michel Willems - Mobilitas","Dur\u00e9e de lecture estim\u00e9e":"1 minute"},"schema":{"@context":"https:\/\/schema.org","@graph":[{"@type":"Article","@id":"https:\/\/www.link2fleet.com\/fr\/le-conclave-budgetaire-ne-touche-pas-a-la-voiture-de-societe\/#article","isPartOf":{"@id":"https:\/\/www.link2fleet.com\/fr\/le-conclave-budgetaire-ne-touche-pas-a-la-voiture-de-societe\/"},"author":{"name":"Michel Willems - Mobilitas","@id":"https:\/\/www.link2fleet.com\/fr\/#\/schema\/person\/bd29f6a2c2427e85a70d3acf17303486"},"headline":"Le conclave budg\u00e9taire ne touche pas \u00e0 la voiture de soci\u00e9t\u00e9","datePublished":"2022-10-11T14:22:56+00:00","mainEntityOfPage":{"@id":"https:\/\/www.link2fleet.com\/fr\/le-conclave-budgetaire-ne-touche-pas-a-la-voiture-de-societe\/"},"wordCount":273,"publisher":{"@id":"https:\/\/www.link2fleet.com\/fr\/#organization"},"image":{"@id":"https:\/\/www.link2fleet.com\/fr\/le-conclave-budgetaire-ne-touche-pas-a-la-voiture-de-societe\/#primaryimage"},"thumbnailUrl":"https:\/\/static.link2fleet.com\/wp-content\/uploads\/2024\/03\/bedrijfswagens.jpg","articleSection":["Gestion de flotte","Tax &amp; legal"],"inLanguage":"fr-FR"},{"@type":"WebPage","@id":"https:\/\/www.link2fleet.com\/fr\/le-conclave-budgetaire-ne-touche-pas-a-la-voiture-de-societe\/","url":"https:\/\/www.link2fleet.com\/fr\/le-conclave-budgetaire-ne-touche-pas-a-la-voiture-de-societe\/","name":"Le conclave budg\u00e9taire ne touche pas \u00e0 la voiture de soci\u00e9t\u00e9 - link2fleet","isPartOf":{"@id":"https:\/\/www.link2fleet.com\/fr\/#website"},"primaryImageOfPage":{"@id":"https:\/\/www.link2fleet.com\/fr\/le-conclave-budgetaire-ne-touche-pas-a-la-voiture-de-societe\/#primaryimage"},"image":{"@id":"https:\/\/www.link2fleet.com\/fr\/le-conclave-budgetaire-ne-touche-pas-a-la-voiture-de-societe\/#primaryimage"},"thumbnailUrl":"https:\/\/static.link2fleet.com\/wp-content\/uploads\/2024\/03\/bedrijfswagens.jpg","datePublished":"2022-10-11T14:22:56+00:00","breadcrumb":{"@id":"https:\/\/www.link2fleet.com\/fr\/le-conclave-budgetaire-ne-touche-pas-a-la-voiture-de-societe\/#breadcrumb"},"inLanguage":"fr-FR","potentialAction":[{"@type":"ReadAction","target":["https:\/\/www.link2fleet.com\/fr\/le-conclave-budgetaire-ne-touche-pas-a-la-voiture-de-societe\/"]}]},{"@type":"ImageObject","inLanguage":"fr-FR","@id":"https:\/\/www.link2fleet.com\/fr\/le-conclave-budgetaire-ne-touche-pas-a-la-voiture-de-societe\/#primaryimage","url":"https:\/\/static.link2fleet.com\/wp-content\/uploads\/2024\/03\/bedrijfswagens.jpg","contentUrl":"https:\/\/static.link2fleet.com\/wp-content\/uploads\/2024\/03\/bedrijfswagens.jpg","width":940,"height":615,"caption":"parking lot"},{"@type":"BreadcrumbList","@id":"https:\/\/www.link2fleet.com\/fr\/le-conclave-budgetaire-ne-touche-pas-a-la-voiture-de-societe\/#breadcrumb","itemListElement":[{"@type":"ListItem","position":1,"name":"Home","item":"https:\/\/www.link2fleet.com\/fr\/"},{"@type":"ListItem","position":2,"name":"Le conclave budg\u00e9taire ne touche pas \u00e0 la voiture de soci\u00e9t\u00e9"}]},{"@type":"WebSite","@id":"https:\/\/www.link2fleet.com\/fr\/#website","url":"https:\/\/www.link2fleet.com\/fr\/","name":"Link2fleet","description":"","publisher":{"@id":"https:\/\/www.link2fleet.com\/fr\/#organization"},"potentialAction":[{"@type":"SearchAction","target":{"@type":"EntryPoint","urlTemplate":"https:\/\/www.link2fleet.com\/fr\/?s={search_term_string}"},"query-input":{"@type":"PropertyValueSpecification","valueRequired":true,"valueName":"search_term_string"}}],"inLanguage":"fr-FR"},{"@type":"Organization","@id":"https:\/\/www.link2fleet.com\/fr\/#organization","name":"Link2fleet","url":"https:\/\/www.link2fleet.com\/fr\/","logo":{"@type":"ImageObject","inLanguage":"fr-FR","@id":"https:\/\/www.link2fleet.com\/fr\/#\/schema\/logo\/image\/","url":"https:\/\/static.link2fleet.com\/wp-content\/uploads\/2024\/03\/share-image.jpg","contentUrl":"https:\/\/static.link2fleet.com\/wp-content\/uploads\/2024\/03\/share-image.jpg","width":1200,"height":630,"caption":"Link2fleet"},"image":{"@id":"https:\/\/www.link2fleet.com\/fr\/#\/schema\/logo\/image\/"},"sameAs":["https:\/\/www.linkedin.com\/company\/link2fleet-belgium","https:\/\/www.youtube.com\/user\/MMMBMBE"]},{"@type":"Person","@id":"https:\/\/www.link2fleet.com\/fr\/#\/schema\/person\/bd29f6a2c2427e85a70d3acf17303486","name":"Michel Willems - Mobilitas","image":{"@type":"ImageObject","inLanguage":"fr-FR","@id":"https:\/\/secure.gravatar.com\/avatar\/c937de514893d5b69b3b52ee88664fd4879b786925b6742dc7891d347f167414?s=96&d=mm&r=g","url":"https:\/\/secure.gravatar.com\/avatar\/c937de514893d5b69b3b52ee88664fd4879b786925b6742dc7891d347f167414?s=96&d=mm&r=g","contentUrl":"https:\/\/secure.gravatar.com\/avatar\/c937de514893d5b69b3b52ee88664fd4879b786925b6742dc7891d347f167414?s=96&d=mm&r=g","caption":"Michel Willems - Mobilitas"}}]}},"_links":{"self":[{"href":"https:\/\/www.link2fleet.com\/fr\/wp-json\/wp\/v2\/posts\/7886","targetHints":{"allow":["GET"]}}],"collection":[{"href":"https:\/\/www.link2fleet.com\/fr\/wp-json\/wp\/v2\/posts"}],"about":[{"href":"https:\/\/www.link2fleet.com\/fr\/wp-json\/wp\/v2\/types\/post"}],"author":[{"embeddable":true,"href":"https:\/\/www.link2fleet.com\/fr\/wp-json\/wp\/v2\/users\/11"}],"replies":[{"embeddable":true,"href":"https:\/\/www.link2fleet.com\/fr\/wp-json\/wp\/v2\/comments?post=7886"}],"version-history":[{"count":0,"href":"https:\/\/www.link2fleet.com\/fr\/wp-json\/wp\/v2\/posts\/7886\/revisions"}],"wp:featuredmedia":[{"embeddable":true,"href":"https:\/\/www.link2fleet.com\/fr\/wp-json\/wp\/v2\/media\/7887"}],"wp:attachment":[{"href":"https:\/\/www.link2fleet.com\/fr\/wp-json\/wp\/v2\/media?parent=7886"}],"wp:term":[{"taxonomy":"category","embeddable":true,"href":"https:\/\/www.link2fleet.com\/fr\/wp-json\/wp\/v2\/categories?post=7886"},{"taxonomy":"post_tag","embeddable":true,"href":"https:\/\/www.link2fleet.com\/fr\/wp-json\/wp\/v2\/tags?post=7886"}],"curies":[{"name":"wp","href":"https:\/\/api.w.org\/{rel}","templated":true}]}}