{"id":7913,"date":"2022-10-17T08:40:18","date_gmt":"2022-10-17T06:40:18","guid":{"rendered":"https:\/\/www.link2fleet.com\/augmentation-de-la-reduction-fiscale-pour-les-bornes-de-recharge-classiques-et-bidirectionnelles-en-2023\/"},"modified":"2022-10-17T08:40:18","modified_gmt":"2022-10-17T06:40:18","slug":"augmentation-de-la-reduction-fiscale-pour-les-bornes-de-recharge-classiques-et-bidirectionnelles-en-2023","status":"publish","type":"post","link":"https:\/\/www.link2fleet.com\/fr\/augmentation-de-la-reduction-fiscale-pour-les-bornes-de-recharge-classiques-et-bidirectionnelles-en-2023\/","title":{"rendered":"Augmentation de la r\u00e9duction fiscale pour les bornes de recharge classiques et bidirectionnelles en 2023."},"content":{"rendered":"<p style=\"font-weight: 400;\">Attention ! La mesure a, dans un premier temps, seulement un impact sur les bornes qui sont install\u00e9es par des particuliers et, dans une moindre mesure par des ind\u00e9pendants en personne physique. La r\u00e9duction d&rsquo;imp\u00f4ts peut seulement \u00eatre d\u00e9duites de l&rsquo;imp\u00f4t des personnes physiques et donc pas via l&#8217;employeur ou l&rsquo;entreprise.<\/p>\n<p>Les particuliers qui ach\u00e8tent et ont install\u00e9 une station de recharge utilisant la technologie vehicle-to-grid, o\u00f9 un v\u00e9hicule \u00e9lectrique peut r\u00e9injecter de l&rsquo;\u00e9nergie dans un b\u00e2timent, auront droit \u00e0 un remboursement d&rsquo;imp\u00f4t pour l&rsquo;investissement \u00e0 partir du 1er janvier 2023 pour un montant d&rsquo;investissement maximum de 8 000 \u20ac. Ce montant \u00e9lev\u00e9 sera n\u00e9cessaire car les bornes de recharge bidirectionnelles + l&rsquo;installation peuvent rapidement co\u00fbter entre 6 000,00 et 10 000 euros. Dans certaines circonstances, la station de charge bidirectionnelle peut \u00eatre plus int\u00e9ressante financi\u00e8rement que la prime pour une batterie domestique. En Belgique, seuls les mod\u00e8les approuv\u00e9s par Synergrid &#8211; figurant sur la liste <a href=\"http:\/\/www.synergrid.be\/index.cfm?PageID=20872&amp;language_code=NED#\">Synergrid C10\/26<\/a> &#8211; peuvent \u00eatre connect\u00e9s pour le moment. Ils pourront donc bient\u00f4t profiter de l&rsquo;augmentation de la r\u00e9duction d&rsquo;imp\u00f4t.<\/p>\n<p style=\"font-weight: 400;\">Les mod\u00e8les les plus connus \u00e9quip\u00e9s de la technologie vehicle-to-grid sont la Renault ZOE et la Nissan Leaf. Aujourd&rsquo;hui, des projets tests \u00e9largi ont lieu au Portugal et aux Pays-Bas (Utrecht). La Renault ZOE bidirectionnelle est d\u00e9j\u00e0 utilis\u00e9e comme voiture partag\u00e9e par \u00ab\u00a0We Drive Solar\u00a0\u00bb. A Utrecht, au moins 145 points de charge bidirectionnels suppl\u00e9mentaires sont pr\u00e9vus. Les autres marques de voitures ont presque toutes annonc\u00e9 des versions bidirectionnelles. Volvo a r\u00e9cemment annonc\u00e9 un mod\u00e8le \u00e9lectrique bidirectionnel sous le nom de EX90 EV qui pourra \u00eatre command\u00e9 prochainement.<\/p>\n<p style=\"font-weight: 400;\">La technologie Vehicle-to-grid (V2G) a un grand avenir car elle peut contribuer \u00e0 r\u00e9duire les pics de consommation et \u00e0 augmenter la stabilisation du r\u00e9seau \u00e9lectrique. Elle peut \u00e9galement constituer une r\u00e9ponse au tarif de capacit\u00e9 que le r\u00e9gulateur flamand de l&rsquo;\u00e9nergie (VREG) a d\u00e9cid\u00e9 d&rsquo;introduire \u00e0 partir du 1er janvier 2023 pour calculer une partie des co\u00fbts du r\u00e9seau. Gr\u00e2ce \u00e0 la technologie \u00a0\u00bb vehicle-to-grid \u00a0\u00bb (V2G), les panneaux solaires peuvent \u00eatre utilis\u00e9s de mani\u00e8re optimale et \u00e9galement charger de l&rsquo;\u00e9lectricit\u00e9 au travail et la consommer \u00e0 la maison, dans la mesure o\u00f9 cela serait autoris\u00e9 dans la future politique automobile.<\/p>\n<p style=\"font-weight: 400;\">\n<p><strong>Augmentation de la r\u00e9duction d&rsquo;imp\u00f4ts pour les bornes classiques<\/strong><\/p>\n<p style=\"font-weight: 400;\">Pour les bornes classiques acquises par des particuliers, le ministre a annonc\u00e9 que l&rsquo;actuelle d\u00e9ductibilit\u00e9 fiscale sur le montant de l&rsquo;investissement dans l&rsquo;imp\u00f4t des personnes physiques de 1.500 euros sera augment\u00e9e \u00e0 1.750 euros pour les investissements effectu\u00e9s \u00e0 partir de 2023 afin de suivre le rythme de l&rsquo;augmentation du prix du march\u00e9.<\/p>\n<p style=\"font-weight: 400;\">\n<p style=\"font-weight: 400; text-align: right;\"><strong>Michel Willems<\/strong><\/p>\n<p style=\"font-weight: 400; text-align: right;\"><strong>MOBILITAS<\/strong><\/p>\n","protected":false},"excerpt":{"rendered":"<p>Attention ! La mesure a, dans un premier temps, seulement un impact sur les bornes qui sont install\u00e9es par des particuliers et, dans une moindre mesure par des ind\u00e9pendants en personne physique. La r\u00e9duction d&rsquo;imp\u00f4ts peut seulement \u00eatre d\u00e9duites de l&rsquo;imp\u00f4t des personnes physiques et donc pas via l&#8217;employeur ou l&rsquo;entreprise. Les particuliers qui ach\u00e8tent [&hellip;]<\/p>\n","protected":false},"author":11,"featured_media":7914,"comment_status":"closed","ping_status":"closed","sticky":false,"template":"","format":"standard","meta":{"_acf_changed":false,"footnotes":""},"categories":[91,101],"tags":[],"class_list":["post-7913","post","type-post","status-publish","format-standard","has-post-thumbnail","hentry","category-expertise-et-management","category-tax-legal"],"acf":[],"yoast_head":"<!-- This site is optimized with the Yoast SEO plugin v27.3 - https:\/\/yoast.com\/product\/yoast-seo-wordpress\/ -->\n<title>Augmentation de la r\u00e9duction fiscale pour les bornes de recharge classiques et bidirectionnelles en 2023. - link2fleet<\/title>\n<meta name=\"description\" content=\"Un projet de loi qui pr\u00e9voit d&rsquo;augmenter le montant maximal de l&rsquo;investissement d\u00e9ductible des imp\u00f4ts pour les bornes de recharge classiques de 1 500,00 \u20ac\u2026\" \/>\n<meta name=\"robots\" content=\"index, follow, max-snippet:-1, max-image-preview:large, max-video-preview:-1\" \/>\n<meta property=\"og:locale\" content=\"fr_FR\" \/>\n<meta property=\"og:type\" content=\"article\" \/>\n<meta property=\"og:title\" content=\"Augmentation de la r\u00e9duction fiscale pour les bornes de recharge classiques et bidirectionnelles en 2023. - link2fleet\" \/>\n<meta property=\"og:description\" content=\"Un projet de loi qui pr\u00e9voit d&rsquo;augmenter le montant maximal de l&rsquo;investissement d\u00e9ductible des imp\u00f4ts pour les bornes de recharge classiques de 1 500,00 \u20ac\u2026\" \/>\n<meta property=\"og:url\" content=\"https:\/\/www.link2fleet.com\/fr\/augmentation-de-la-reduction-fiscale-pour-les-bornes-de-recharge-classiques-et-bidirectionnelles-en-2023\/\" \/>\n<meta property=\"og:site_name\" content=\"link2fleet\" \/>\n<meta property=\"article:published_time\" content=\"2022-10-17T06:40:18+00:00\" \/>\n<meta property=\"og:image\" content=\"https:\/\/static.link2fleet.com\/wp-content\/uploads\/2024\/03\/v2g-e1527601977534.jpeg\" \/>\n\t<meta property=\"og:image:width\" content=\"800\" \/>\n\t<meta property=\"og:image:height\" content=\"533\" \/>\n\t<meta property=\"og:image:type\" content=\"image\/jpeg\" \/>\n<meta name=\"author\" content=\"Michel Willems - Mobilitas\" \/>\n<meta name=\"twitter:card\" content=\"summary_large_image\" \/>\n<meta name=\"twitter:description\" content=\"Un projet de loi qui pr\u00e9voit d&rsquo;augmenter le montant maximal de l&rsquo;investissement d\u00e9ductible des imp\u00f4ts pour les bornes de recharge classiques de 1 500,00 \u20ac\u2026\" \/>\n<meta name=\"twitter:label1\" content=\"\u00c9crit par\" \/>\n\t<meta name=\"twitter:data1\" content=\"Michel Willems - Mobilitas\" \/>\n\t<meta name=\"twitter:label2\" content=\"Dur\u00e9e de lecture estim\u00e9e\" \/>\n\t<meta name=\"twitter:data2\" content=\"2 minutes\" \/>\n<script type=\"application\/ld+json\" class=\"yoast-schema-graph\">{\"@context\":\"https:\\\/\\\/schema.org\",\"@graph\":[{\"@type\":\"Article\",\"@id\":\"https:\\\/\\\/www.link2fleet.com\\\/fr\\\/augmentation-de-la-reduction-fiscale-pour-les-bornes-de-recharge-classiques-et-bidirectionnelles-en-2023\\\/#article\",\"isPartOf\":{\"@id\":\"https:\\\/\\\/www.link2fleet.com\\\/fr\\\/augmentation-de-la-reduction-fiscale-pour-les-bornes-de-recharge-classiques-et-bidirectionnelles-en-2023\\\/\"},\"author\":{\"name\":\"Michel Willems - Mobilitas\",\"@id\":\"https:\\\/\\\/www.link2fleet.com\\\/fr\\\/#\\\/schema\\\/person\\\/bd29f6a2c2427e85a70d3acf17303486\"},\"headline\":\"Augmentation de la r\u00e9duction fiscale pour les bornes de recharge classiques et bidirectionnelles en 2023.\",\"datePublished\":\"2022-10-17T06:40:18+00:00\",\"mainEntityOfPage\":{\"@id\":\"https:\\\/\\\/www.link2fleet.com\\\/fr\\\/augmentation-de-la-reduction-fiscale-pour-les-bornes-de-recharge-classiques-et-bidirectionnelles-en-2023\\\/\"},\"wordCount\":488,\"publisher\":{\"@id\":\"https:\\\/\\\/www.link2fleet.com\\\/fr\\\/#organization\"},\"image\":{\"@id\":\"https:\\\/\\\/www.link2fleet.com\\\/fr\\\/augmentation-de-la-reduction-fiscale-pour-les-bornes-de-recharge-classiques-et-bidirectionnelles-en-2023\\\/#primaryimage\"},\"thumbnailUrl\":\"https:\\\/\\\/static.link2fleet.com\\\/wp-content\\\/uploads\\\/2024\\\/03\\\/v2g-e1527601977534.jpeg\",\"articleSection\":[\"Gestion de flotte\",\"Tax &amp; legal\"],\"inLanguage\":\"fr-FR\"},{\"@type\":\"WebPage\",\"@id\":\"https:\\\/\\\/www.link2fleet.com\\\/fr\\\/augmentation-de-la-reduction-fiscale-pour-les-bornes-de-recharge-classiques-et-bidirectionnelles-en-2023\\\/\",\"url\":\"https:\\\/\\\/www.link2fleet.com\\\/fr\\\/augmentation-de-la-reduction-fiscale-pour-les-bornes-de-recharge-classiques-et-bidirectionnelles-en-2023\\\/\",\"name\":\"Augmentation de la r\u00e9duction fiscale pour les bornes de recharge classiques et bidirectionnelles en 2023. - link2fleet\",\"isPartOf\":{\"@id\":\"https:\\\/\\\/www.link2fleet.com\\\/fr\\\/#website\"},\"primaryImageOfPage\":{\"@id\":\"https:\\\/\\\/www.link2fleet.com\\\/fr\\\/augmentation-de-la-reduction-fiscale-pour-les-bornes-de-recharge-classiques-et-bidirectionnelles-en-2023\\\/#primaryimage\"},\"image\":{\"@id\":\"https:\\\/\\\/www.link2fleet.com\\\/fr\\\/augmentation-de-la-reduction-fiscale-pour-les-bornes-de-recharge-classiques-et-bidirectionnelles-en-2023\\\/#primaryimage\"},\"thumbnailUrl\":\"https:\\\/\\\/static.link2fleet.com\\\/wp-content\\\/uploads\\\/2024\\\/03\\\/v2g-e1527601977534.jpeg\",\"datePublished\":\"2022-10-17T06:40:18+00:00\",\"breadcrumb\":{\"@id\":\"https:\\\/\\\/www.link2fleet.com\\\/fr\\\/augmentation-de-la-reduction-fiscale-pour-les-bornes-de-recharge-classiques-et-bidirectionnelles-en-2023\\\/#breadcrumb\"},\"inLanguage\":\"fr-FR\",\"potentialAction\":[{\"@type\":\"ReadAction\",\"target\":[\"https:\\\/\\\/www.link2fleet.com\\\/fr\\\/augmentation-de-la-reduction-fiscale-pour-les-bornes-de-recharge-classiques-et-bidirectionnelles-en-2023\\\/\"]}]},{\"@type\":\"ImageObject\",\"inLanguage\":\"fr-FR\",\"@id\":\"https:\\\/\\\/www.link2fleet.com\\\/fr\\\/augmentation-de-la-reduction-fiscale-pour-les-bornes-de-recharge-classiques-et-bidirectionnelles-en-2023\\\/#primaryimage\",\"url\":\"https:\\\/\\\/static.link2fleet.com\\\/wp-content\\\/uploads\\\/2024\\\/03\\\/v2g-e1527601977534.jpeg\",\"contentUrl\":\"https:\\\/\\\/static.link2fleet.com\\\/wp-content\\\/uploads\\\/2024\\\/03\\\/v2g-e1527601977534.jpeg\",\"width\":800,\"height\":533},{\"@type\":\"BreadcrumbList\",\"@id\":\"https:\\\/\\\/www.link2fleet.com\\\/fr\\\/augmentation-de-la-reduction-fiscale-pour-les-bornes-de-recharge-classiques-et-bidirectionnelles-en-2023\\\/#breadcrumb\",\"itemListElement\":[{\"@type\":\"ListItem\",\"position\":1,\"name\":\"Home\",\"item\":\"https:\\\/\\\/www.link2fleet.com\\\/fr\\\/\"},{\"@type\":\"ListItem\",\"position\":2,\"name\":\"Augmentation de la r\u00e9duction fiscale pour les bornes de recharge classiques et bidirectionnelles en 2023.\"}]},{\"@type\":\"WebSite\",\"@id\":\"https:\\\/\\\/www.link2fleet.com\\\/fr\\\/#website\",\"url\":\"https:\\\/\\\/www.link2fleet.com\\\/fr\\\/\",\"name\":\"Link2fleet\",\"description\":\"\",\"publisher\":{\"@id\":\"https:\\\/\\\/www.link2fleet.com\\\/fr\\\/#organization\"},\"potentialAction\":[{\"@type\":\"SearchAction\",\"target\":{\"@type\":\"EntryPoint\",\"urlTemplate\":\"https:\\\/\\\/www.link2fleet.com\\\/fr\\\/?s={search_term_string}\"},\"query-input\":{\"@type\":\"PropertyValueSpecification\",\"valueRequired\":true,\"valueName\":\"search_term_string\"}}],\"inLanguage\":\"fr-FR\"},{\"@type\":\"Organization\",\"@id\":\"https:\\\/\\\/www.link2fleet.com\\\/fr\\\/#organization\",\"name\":\"Link2fleet\",\"url\":\"https:\\\/\\\/www.link2fleet.com\\\/fr\\\/\",\"logo\":{\"@type\":\"ImageObject\",\"inLanguage\":\"fr-FR\",\"@id\":\"https:\\\/\\\/www.link2fleet.com\\\/fr\\\/#\\\/schema\\\/logo\\\/image\\\/\",\"url\":\"https:\\\/\\\/static.link2fleet.com\\\/wp-content\\\/uploads\\\/2024\\\/03\\\/share-image.jpg\",\"contentUrl\":\"https:\\\/\\\/static.link2fleet.com\\\/wp-content\\\/uploads\\\/2024\\\/03\\\/share-image.jpg\",\"width\":1200,\"height\":630,\"caption\":\"Link2fleet\"},\"image\":{\"@id\":\"https:\\\/\\\/www.link2fleet.com\\\/fr\\\/#\\\/schema\\\/logo\\\/image\\\/\"},\"sameAs\":[\"https:\\\/\\\/www.linkedin.com\\\/company\\\/link2fleet-belgium\",\"https:\\\/\\\/www.youtube.com\\\/user\\\/MMMBMBE\"]},{\"@type\":\"Person\",\"@id\":\"https:\\\/\\\/www.link2fleet.com\\\/fr\\\/#\\\/schema\\\/person\\\/bd29f6a2c2427e85a70d3acf17303486\",\"name\":\"Michel Willems - Mobilitas\",\"image\":{\"@type\":\"ImageObject\",\"inLanguage\":\"fr-FR\",\"@id\":\"https:\\\/\\\/secure.gravatar.com\\\/avatar\\\/c937de514893d5b69b3b52ee88664fd4879b786925b6742dc7891d347f167414?s=96&d=mm&r=g\",\"url\":\"https:\\\/\\\/secure.gravatar.com\\\/avatar\\\/c937de514893d5b69b3b52ee88664fd4879b786925b6742dc7891d347f167414?s=96&d=mm&r=g\",\"contentUrl\":\"https:\\\/\\\/secure.gravatar.com\\\/avatar\\\/c937de514893d5b69b3b52ee88664fd4879b786925b6742dc7891d347f167414?s=96&d=mm&r=g\",\"caption\":\"Michel Willems - Mobilitas\"}}]}<\/script>\n<!-- \/ Yoast SEO plugin. -->","yoast_head_json":{"title":"Augmentation de la r\u00e9duction fiscale pour les bornes de recharge classiques et bidirectionnelles en 2023. - link2fleet","description":"Un projet de loi qui pr\u00e9voit d&rsquo;augmenter le montant maximal de l&rsquo;investissement d\u00e9ductible des imp\u00f4ts pour les bornes de recharge classiques de 1 500,00 \u20ac\u2026","robots":{"index":"index","follow":"follow","max-snippet":"max-snippet:-1","max-image-preview":"max-image-preview:large","max-video-preview":"max-video-preview:-1"},"og_locale":"fr_FR","og_type":"article","og_title":"Augmentation de la r\u00e9duction fiscale pour les bornes de recharge classiques et bidirectionnelles en 2023. - link2fleet","og_description":"Un projet de loi qui pr\u00e9voit d&rsquo;augmenter le montant maximal de l&rsquo;investissement d\u00e9ductible des imp\u00f4ts pour les bornes de recharge classiques de 1 500,00 \u20ac\u2026","og_url":"https:\/\/www.link2fleet.com\/fr\/augmentation-de-la-reduction-fiscale-pour-les-bornes-de-recharge-classiques-et-bidirectionnelles-en-2023\/","og_site_name":"link2fleet","article_published_time":"2022-10-17T06:40:18+00:00","og_image":[{"width":800,"height":533,"url":"https:\/\/static.link2fleet.com\/wp-content\/uploads\/2024\/03\/v2g-e1527601977534.jpeg","type":"image\/jpeg"}],"author":"Michel Willems - Mobilitas","twitter_card":"summary_large_image","twitter_description":"Un projet de loi qui pr\u00e9voit d&rsquo;augmenter le montant maximal de l&rsquo;investissement d\u00e9ductible des imp\u00f4ts pour les bornes de recharge classiques de 1 500,00 \u20ac\u2026","twitter_misc":{"\u00c9crit par":"Michel Willems - Mobilitas","Dur\u00e9e de lecture estim\u00e9e":"2 minutes"},"schema":{"@context":"https:\/\/schema.org","@graph":[{"@type":"Article","@id":"https:\/\/www.link2fleet.com\/fr\/augmentation-de-la-reduction-fiscale-pour-les-bornes-de-recharge-classiques-et-bidirectionnelles-en-2023\/#article","isPartOf":{"@id":"https:\/\/www.link2fleet.com\/fr\/augmentation-de-la-reduction-fiscale-pour-les-bornes-de-recharge-classiques-et-bidirectionnelles-en-2023\/"},"author":{"name":"Michel Willems - Mobilitas","@id":"https:\/\/www.link2fleet.com\/fr\/#\/schema\/person\/bd29f6a2c2427e85a70d3acf17303486"},"headline":"Augmentation de la r\u00e9duction fiscale pour les bornes de recharge classiques et bidirectionnelles en 2023.","datePublished":"2022-10-17T06:40:18+00:00","mainEntityOfPage":{"@id":"https:\/\/www.link2fleet.com\/fr\/augmentation-de-la-reduction-fiscale-pour-les-bornes-de-recharge-classiques-et-bidirectionnelles-en-2023\/"},"wordCount":488,"publisher":{"@id":"https:\/\/www.link2fleet.com\/fr\/#organization"},"image":{"@id":"https:\/\/www.link2fleet.com\/fr\/augmentation-de-la-reduction-fiscale-pour-les-bornes-de-recharge-classiques-et-bidirectionnelles-en-2023\/#primaryimage"},"thumbnailUrl":"https:\/\/static.link2fleet.com\/wp-content\/uploads\/2024\/03\/v2g-e1527601977534.jpeg","articleSection":["Gestion de flotte","Tax &amp; legal"],"inLanguage":"fr-FR"},{"@type":"WebPage","@id":"https:\/\/www.link2fleet.com\/fr\/augmentation-de-la-reduction-fiscale-pour-les-bornes-de-recharge-classiques-et-bidirectionnelles-en-2023\/","url":"https:\/\/www.link2fleet.com\/fr\/augmentation-de-la-reduction-fiscale-pour-les-bornes-de-recharge-classiques-et-bidirectionnelles-en-2023\/","name":"Augmentation de la r\u00e9duction fiscale pour les bornes de recharge classiques et bidirectionnelles en 2023. - link2fleet","isPartOf":{"@id":"https:\/\/www.link2fleet.com\/fr\/#website"},"primaryImageOfPage":{"@id":"https:\/\/www.link2fleet.com\/fr\/augmentation-de-la-reduction-fiscale-pour-les-bornes-de-recharge-classiques-et-bidirectionnelles-en-2023\/#primaryimage"},"image":{"@id":"https:\/\/www.link2fleet.com\/fr\/augmentation-de-la-reduction-fiscale-pour-les-bornes-de-recharge-classiques-et-bidirectionnelles-en-2023\/#primaryimage"},"thumbnailUrl":"https:\/\/static.link2fleet.com\/wp-content\/uploads\/2024\/03\/v2g-e1527601977534.jpeg","datePublished":"2022-10-17T06:40:18+00:00","breadcrumb":{"@id":"https:\/\/www.link2fleet.com\/fr\/augmentation-de-la-reduction-fiscale-pour-les-bornes-de-recharge-classiques-et-bidirectionnelles-en-2023\/#breadcrumb"},"inLanguage":"fr-FR","potentialAction":[{"@type":"ReadAction","target":["https:\/\/www.link2fleet.com\/fr\/augmentation-de-la-reduction-fiscale-pour-les-bornes-de-recharge-classiques-et-bidirectionnelles-en-2023\/"]}]},{"@type":"ImageObject","inLanguage":"fr-FR","@id":"https:\/\/www.link2fleet.com\/fr\/augmentation-de-la-reduction-fiscale-pour-les-bornes-de-recharge-classiques-et-bidirectionnelles-en-2023\/#primaryimage","url":"https:\/\/static.link2fleet.com\/wp-content\/uploads\/2024\/03\/v2g-e1527601977534.jpeg","contentUrl":"https:\/\/static.link2fleet.com\/wp-content\/uploads\/2024\/03\/v2g-e1527601977534.jpeg","width":800,"height":533},{"@type":"BreadcrumbList","@id":"https:\/\/www.link2fleet.com\/fr\/augmentation-de-la-reduction-fiscale-pour-les-bornes-de-recharge-classiques-et-bidirectionnelles-en-2023\/#breadcrumb","itemListElement":[{"@type":"ListItem","position":1,"name":"Home","item":"https:\/\/www.link2fleet.com\/fr\/"},{"@type":"ListItem","position":2,"name":"Augmentation de la r\u00e9duction fiscale pour les bornes de recharge classiques et bidirectionnelles en 2023."}]},{"@type":"WebSite","@id":"https:\/\/www.link2fleet.com\/fr\/#website","url":"https:\/\/www.link2fleet.com\/fr\/","name":"Link2fleet","description":"","publisher":{"@id":"https:\/\/www.link2fleet.com\/fr\/#organization"},"potentialAction":[{"@type":"SearchAction","target":{"@type":"EntryPoint","urlTemplate":"https:\/\/www.link2fleet.com\/fr\/?s={search_term_string}"},"query-input":{"@type":"PropertyValueSpecification","valueRequired":true,"valueName":"search_term_string"}}],"inLanguage":"fr-FR"},{"@type":"Organization","@id":"https:\/\/www.link2fleet.com\/fr\/#organization","name":"Link2fleet","url":"https:\/\/www.link2fleet.com\/fr\/","logo":{"@type":"ImageObject","inLanguage":"fr-FR","@id":"https:\/\/www.link2fleet.com\/fr\/#\/schema\/logo\/image\/","url":"https:\/\/static.link2fleet.com\/wp-content\/uploads\/2024\/03\/share-image.jpg","contentUrl":"https:\/\/static.link2fleet.com\/wp-content\/uploads\/2024\/03\/share-image.jpg","width":1200,"height":630,"caption":"Link2fleet"},"image":{"@id":"https:\/\/www.link2fleet.com\/fr\/#\/schema\/logo\/image\/"},"sameAs":["https:\/\/www.linkedin.com\/company\/link2fleet-belgium","https:\/\/www.youtube.com\/user\/MMMBMBE"]},{"@type":"Person","@id":"https:\/\/www.link2fleet.com\/fr\/#\/schema\/person\/bd29f6a2c2427e85a70d3acf17303486","name":"Michel Willems - Mobilitas","image":{"@type":"ImageObject","inLanguage":"fr-FR","@id":"https:\/\/secure.gravatar.com\/avatar\/c937de514893d5b69b3b52ee88664fd4879b786925b6742dc7891d347f167414?s=96&d=mm&r=g","url":"https:\/\/secure.gravatar.com\/avatar\/c937de514893d5b69b3b52ee88664fd4879b786925b6742dc7891d347f167414?s=96&d=mm&r=g","contentUrl":"https:\/\/secure.gravatar.com\/avatar\/c937de514893d5b69b3b52ee88664fd4879b786925b6742dc7891d347f167414?s=96&d=mm&r=g","caption":"Michel Willems - Mobilitas"}}]}},"_links":{"self":[{"href":"https:\/\/www.link2fleet.com\/fr\/wp-json\/wp\/v2\/posts\/7913","targetHints":{"allow":["GET"]}}],"collection":[{"href":"https:\/\/www.link2fleet.com\/fr\/wp-json\/wp\/v2\/posts"}],"about":[{"href":"https:\/\/www.link2fleet.com\/fr\/wp-json\/wp\/v2\/types\/post"}],"author":[{"embeddable":true,"href":"https:\/\/www.link2fleet.com\/fr\/wp-json\/wp\/v2\/users\/11"}],"replies":[{"embeddable":true,"href":"https:\/\/www.link2fleet.com\/fr\/wp-json\/wp\/v2\/comments?post=7913"}],"version-history":[{"count":0,"href":"https:\/\/www.link2fleet.com\/fr\/wp-json\/wp\/v2\/posts\/7913\/revisions"}],"wp:featuredmedia":[{"embeddable":true,"href":"https:\/\/www.link2fleet.com\/fr\/wp-json\/wp\/v2\/media\/7914"}],"wp:attachment":[{"href":"https:\/\/www.link2fleet.com\/fr\/wp-json\/wp\/v2\/media?parent=7913"}],"wp:term":[{"taxonomy":"category","embeddable":true,"href":"https:\/\/www.link2fleet.com\/fr\/wp-json\/wp\/v2\/categories?post=7913"},{"taxonomy":"post_tag","embeddable":true,"href":"https:\/\/www.link2fleet.com\/fr\/wp-json\/wp\/v2\/tags?post=7913"}],"curies":[{"name":"wp","href":"https:\/\/api.w.org\/{rel}","templated":true}]}}