{"id":7916,"date":"2022-10-18T17:01:01","date_gmt":"2022-10-18T15:01:01","guid":{"rendered":"https:\/\/www.link2fleet.com\/michael-de-meyer-umicore-elu-fleet-owner-of-the-year-2022\/"},"modified":"2022-10-18T17:01:01","modified_gmt":"2022-10-18T15:01:01","slug":"michael-de-meyer-umicore-elu-fleet-owner-of-the-year-2022","status":"publish","type":"post","link":"https:\/\/www.link2fleet.com\/fr\/michael-de-meyer-umicore-elu-fleet-owner-of-the-year-2022\/","title":{"rendered":"Michael De Meyer (Umicore) \u00e9lu Fleet-Owner of the Year 2022"},"content":{"rendered":"<p><strong>1\/ Micha\u00ebl De Meyer (UMICORE)<\/strong><\/p>\n<p style=\"font-weight: 400\"><a href=\"https:\/\/www.link2fleet.com\/wp-content\/uploads\/2022\/10\/Kandidaat_awards-2022-Umicore-Michael-De-Meyer-scaled.jpg\"><img loading=\"lazy\" decoding=\"async\" class=\"alignright size-medium wp-image-1284393\" src=\"https:\/\/www.link2fleet.com\/wp-content\/uploads\/2022\/10\/Kandidaat_awards-2022-Umicore-Michael-De-Meyer-300x189.jpg\" alt=\"\" width=\"300\" height=\"189\" \/><\/a>La durabilit\u00e9 est profond\u00e9ment ancr\u00e9e dans l\u2019ADN d\u2019Umicore depuis d\u00e9j\u00e0 plusieurs ann\u00e9es. D\u00e8s 2019, et avant que le gouvernement ne contraigne les entreprises \u00e0 opter pour l\u2019\u00e9lectrique, Umicore prenait la d\u00e9cision d\u2019\u00e9lectrifier progressivement son parc automobile. Sur cette base, une nouvelle car-policy entrait en vigueur d\u00e8s le 1<sup>er<\/sup> janvier 2020, offrant aussi la possibilit\u00e9 aux collaborateurs d\u2019\u00e9changer leur voiture pour des solutions alternatives de mobilit\u00e9.<\/p>\n<p><span style=\"font-weight: 400\">Cette politique a \u00e9galement consid\u00e9rablement simplifi\u00e9 l&rsquo;offre de voitures de soci\u00e9t\u00e9 : d&rsquo;un choix totalement libre dans les limites du budget, \u00e0 des voitures fixes et (largement) pr\u00e9configur\u00e9es par cat\u00e9gorie o\u00f9 seule la couleur peut \u00eatre choisie par le conducteur. De cette mani\u00e8re, Umicore garde le contr\u00f4le sur le TCO des voitures propos\u00e9es, m\u00eame si aucun budget n&rsquo;est communiqu\u00e9 aux employ\u00e9s.<br \/>\nToute cette transition, \u00e0 l\u2019exception des infrastructures de recharge sur les sites d\u2019Umicore, est financi\u00e8rement neutre pour l\u2019entreprise.<br \/>\nSi en 2019, les v\u00e9hicules thermiques comptaient encore pour 70% de la flotte d\u2019Umicore, ils ne repr\u00e9sentent plus que 32% aujourd\u2019hui. Les PHEV comptent pour 43%, les full hybrides pour 6% et les full \u00e9lectriques pour pr\u00e8s de 20%. <\/span><\/p>\n<p>&nbsp;<\/p>\n<p><strong>2\/ C\u00e9dric Jennes (PARTENAMUT)<\/strong><\/p>\n<p style=\"font-weight: 400\"><a href=\"https:\/\/www.link2fleet.com\/wp-content\/uploads\/2022\/10\/Kandidaat_awards-2022-Partenamut-Cedric-Jennes-scaled.jpg\"><img loading=\"lazy\" decoding=\"async\" class=\"alignright size-medium wp-image-1284391\" src=\"https:\/\/www.link2fleet.com\/wp-content\/uploads\/2022\/10\/Kandidaat_awards-2022-Partenamut-Cedric-Jennes-300x200.jpg\" alt=\"\" width=\"300\" height=\"200\" \/><\/a>Ce n\u2019est qu\u2019en 2017, avec la nomination de C\u00e9dric Jennes que la gestion de flotte s\u2019est professionnalis\u00e9e au sein de Partenamut. C\u00e9dric Jennes venant du service Call Center de l\u2019entreprise, il n\u2019avait aucune connaissance sp\u00e9cifique du fleet et\u00a0l\u2019a donc abord\u00e9 avec une vision nouvelle. Rapidement, une politique de mobilit\u00e9 a \u00e9t\u00e9 mise en place afin de rendre le package salarial plus attractif.<\/p>\n<p style=\"font-weight: 400\">En janvier 2020, Partenamut a instaur\u00e9 un plan caf\u00e9taria, ce qui a fait passer le nombre de voitures en flotte de 80 \u00e0 300 et a donn\u00e9 l\u2019envie \u00e0 30 collaborateurs d\u2019opter pour un v\u00e9lo. La car\/mobility-policy a \u00e9t\u00e9 revue enti\u00e8rement pour coller \u00e0 cette nouvelle r\u00e9alit\u00e9.<\/p>\n<p style=\"font-weight: 400\">En compl\u00e9ment, la gratuit\u00e9 des transports en commun a \u00e9t\u00e9 propos\u00e9e, de m\u00eame qu\u2019une indemnit\u00e9 v\u00e9lo (0,25\u20ac\/km), la gestion dynamique des parkings (via Commuty). La possibilit\u00e9 a aussi \u00e9t\u00e9 offerte aux collaborateurs de tester un v\u00e9lo sur une p\u00e9riode de plusieurs semaines (1x\/an), de louer un v\u00e9hicule diff\u00e9rent pour les vacances, etc. Tout cela dans le but de rendre l\u2019usage de la mobilit\u00e9 le plus flexible possible.<\/p>\n<p style=\"font-weight: 400\">L\u2019accompagnement dans le choix et la gestion du v\u00e9hicule se fait de mani\u00e8re personnelle et priv\u00e9e pour chaque collaborateur.<\/p>\n<p>&nbsp;<\/p>\n<p><strong>3\/ Jennifer Van der Elst &amp; Andr\u00e9 Simonart (ELIA)<\/strong><\/p>\n<p style=\"font-weight: 400\"><a href=\"https:\/\/www.link2fleet.com\/wp-content\/uploads\/2022\/10\/Kandidaat_awards-2022-Elia-Jennifer-Vander-Elst-et-Andre-Simonart-scaled.jpg\"><img loading=\"lazy\" decoding=\"async\" class=\"alignright size-medium wp-image-1284385\" src=\"https:\/\/www.link2fleet.com\/wp-content\/uploads\/2022\/10\/Kandidaat_awards-2022-Elia-Jennifer-Vander-Elst-et-Andre-Simonart-300x200.jpg\" alt=\"\" width=\"300\" height=\"200\" \/><\/a>La mobilit\u00e9 n\u2019est pas un vain mot chez Elia. L\u2019entreprise a mis en place d\u00e8s 2019 son programme \u2018Orange is the new Green\u2019 qui pose les jalons de sa nouvelle strat\u00e9gie en mati\u00e8re de mobilit\u00e9. Avec programme, Elia esp\u00e8re atteindre son ambition de 75% de trajets domcile-lieu de travail neutres en carbone d\u2019ici \u00e0 2025. A l\u2019heure actuelle, plus de 70% des cadres commandent des voitures 100% \u00e9lectriques et 53% d\u2019entre-eux ont d\u00e9j\u00e0 opt\u00e9 pour le budget de mobilit\u00e9 f\u00e9d\u00e9ral (soit 8% de la population totale d\u2019Elia).<\/p>\n<p style=\"font-weight: 400\">Ces changements ont pu \u00eatre mis en place gr\u00e2ce \u00e0 un changement clair de strat\u00e9gie. Pour arriver aux r\u00e9sultats obtenus, Elia a beaucoup mis\u00e9 sur la discussion avec ses partenaires sociaux et sur l\u2019engagement du management.<\/p>\n<p style=\"font-weight: 400\">Le d\u00e9veloppement de la nouvelle strat\u00e9gie se d\u00e9roule selon les plans, voire au-del\u00e0 des esp\u00e9rances. Elia esp\u00e8re aussi servir d\u2019exemple \u00e0 d\u2019autres soci\u00e9t\u00e9s du secteur qui craindraient de faire le grand saut.<\/p>\n","protected":false},"excerpt":{"rendered":"<p>1\/ Micha\u00ebl De Meyer (UMICORE) La durabilit\u00e9 est profond\u00e9ment ancr\u00e9e dans l\u2019ADN d\u2019Umicore depuis d\u00e9j\u00e0 plusieurs ann\u00e9es. D\u00e8s 2019, et avant que le gouvernement ne contraigne les entreprises \u00e0 opter pour l\u2019\u00e9lectrique, Umicore prenait la d\u00e9cision d\u2019\u00e9lectrifier progressivement son parc automobile. Sur cette base, une nouvelle car-policy entrait en vigueur d\u00e8s le 1er janvier 2020, [&hellip;]<\/p>\n","protected":false},"author":4,"featured_media":7917,"comment_status":"closed","ping_status":"closed","sticky":false,"template":"","format":"standard","meta":{"_acf_changed":false,"footnotes":""},"categories":[95,91],"tags":[],"class_list":["post-7916","post","type-post","status-publish","format-standard","has-post-thumbnail","hentry","category-organisations-professionnelles-federations-experts","category-expertise-et-management"],"acf":[],"yoast_head":"<!-- This site is optimized with the Yoast SEO plugin v27.3 - https:\/\/yoast.com\/product\/yoast-seo-wordpress\/ -->\n<title>Michael De Meyer (Umicore) \u00e9lu Fleet-Owner of the Year 2022 - link2fleet<\/title>\n<meta name=\"description\" content=\"En plus du prix New Energy, Michael De Meyer, Comp&amp;Ben Project d&rsquo;Umicore est reparti avec le titre de Fleet-Owner of the Year 2022. Il succ\u00e8de\u2026\" \/>\n<meta name=\"robots\" content=\"index, follow, max-snippet:-1, max-image-preview:large, max-video-preview:-1\" \/>\n<meta property=\"og:locale\" content=\"fr_FR\" \/>\n<meta property=\"og:type\" content=\"article\" \/>\n<meta property=\"og:title\" content=\"Michael De Meyer (Umicore) \u00e9lu Fleet-Owner of the Year 2022 - link2fleet\" \/>\n<meta property=\"og:description\" content=\"En plus du prix New Energy, Michael De Meyer, Comp&amp;Ben Project d&rsquo;Umicore est reparti avec le titre de Fleet-Owner of the Year 2022. Il succ\u00e8de\u2026\" \/>\n<meta property=\"og:url\" content=\"https:\/\/www.link2fleet.com\/fr\/michael-de-meyer-umicore-elu-fleet-owner-of-the-year-2022\/\" \/>\n<meta property=\"og:site_name\" content=\"link2fleet\" \/>\n<meta property=\"article:published_time\" content=\"2022-10-18T15:01:01+00:00\" \/>\n<meta property=\"og:image\" content=\"https:\/\/static.link2fleet.com\/wp-content\/uploads\/2024\/03\/kandidaat-awards-2022-umicore-michael-de-meyer-scaled-e1677767215137.jpg\" \/>\n\t<meta property=\"og:image:width\" content=\"1593\" \/>\n\t<meta property=\"og:image:height\" content=\"1401\" \/>\n\t<meta property=\"og:image:type\" content=\"image\/jpeg\" \/>\n<meta name=\"author\" content=\"Damien Malvetti\" \/>\n<meta name=\"twitter:card\" content=\"summary_large_image\" \/>\n<meta name=\"twitter:description\" content=\"En plus du prix New Energy, Michael De Meyer, Comp&amp;Ben Project d&rsquo;Umicore est reparti avec le titre de Fleet-Owner of the Year 2022. Il succ\u00e8de\u2026\" \/>\n<meta name=\"twitter:label1\" content=\"\u00c9crit par\" \/>\n\t<meta name=\"twitter:data1\" content=\"Damien Malvetti\" \/>\n\t<meta name=\"twitter:label2\" content=\"Dur\u00e9e de lecture estim\u00e9e\" \/>\n\t<meta name=\"twitter:data2\" content=\"3 minutes\" \/>\n<script type=\"application\/ld+json\" class=\"yoast-schema-graph\">{\"@context\":\"https:\\\/\\\/schema.org\",\"@graph\":[{\"@type\":\"Article\",\"@id\":\"https:\\\/\\\/www.link2fleet.com\\\/fr\\\/michael-de-meyer-umicore-elu-fleet-owner-of-the-year-2022\\\/#article\",\"isPartOf\":{\"@id\":\"https:\\\/\\\/www.link2fleet.com\\\/fr\\\/michael-de-meyer-umicore-elu-fleet-owner-of-the-year-2022\\\/\"},\"author\":{\"name\":\"Damien Malvetti\",\"@id\":\"https:\\\/\\\/www.link2fleet.com\\\/fr\\\/#\\\/schema\\\/person\\\/027cd46113c78036b3809c9a054049da\"},\"headline\":\"Michael De Meyer (Umicore) \u00e9lu Fleet-Owner of the Year 2022\",\"datePublished\":\"2022-10-18T15:01:01+00:00\",\"mainEntityOfPage\":{\"@id\":\"https:\\\/\\\/www.link2fleet.com\\\/fr\\\/michael-de-meyer-umicore-elu-fleet-owner-of-the-year-2022\\\/\"},\"wordCount\":624,\"publisher\":{\"@id\":\"https:\\\/\\\/www.link2fleet.com\\\/fr\\\/#organization\"},\"image\":{\"@id\":\"https:\\\/\\\/www.link2fleet.com\\\/fr\\\/michael-de-meyer-umicore-elu-fleet-owner-of-the-year-2022\\\/#primaryimage\"},\"thumbnailUrl\":\"https:\\\/\\\/static.link2fleet.com\\\/wp-content\\\/uploads\\\/2024\\\/03\\\/kandidaat-awards-2022-umicore-michael-de-meyer-scaled-e1677767215137.jpg\",\"articleSection\":[\"Expertise et f\u00e9d\u00e9rations\",\"Gestion de flotte\"],\"inLanguage\":\"fr-FR\"},{\"@type\":\"WebPage\",\"@id\":\"https:\\\/\\\/www.link2fleet.com\\\/fr\\\/michael-de-meyer-umicore-elu-fleet-owner-of-the-year-2022\\\/\",\"url\":\"https:\\\/\\\/www.link2fleet.com\\\/fr\\\/michael-de-meyer-umicore-elu-fleet-owner-of-the-year-2022\\\/\",\"name\":\"Michael De Meyer (Umicore) \u00e9lu Fleet-Owner of the Year 2022 - link2fleet\",\"isPartOf\":{\"@id\":\"https:\\\/\\\/www.link2fleet.com\\\/fr\\\/#website\"},\"primaryImageOfPage\":{\"@id\":\"https:\\\/\\\/www.link2fleet.com\\\/fr\\\/michael-de-meyer-umicore-elu-fleet-owner-of-the-year-2022\\\/#primaryimage\"},\"image\":{\"@id\":\"https:\\\/\\\/www.link2fleet.com\\\/fr\\\/michael-de-meyer-umicore-elu-fleet-owner-of-the-year-2022\\\/#primaryimage\"},\"thumbnailUrl\":\"https:\\\/\\\/static.link2fleet.com\\\/wp-content\\\/uploads\\\/2024\\\/03\\\/kandidaat-awards-2022-umicore-michael-de-meyer-scaled-e1677767215137.jpg\",\"datePublished\":\"2022-10-18T15:01:01+00:00\",\"breadcrumb\":{\"@id\":\"https:\\\/\\\/www.link2fleet.com\\\/fr\\\/michael-de-meyer-umicore-elu-fleet-owner-of-the-year-2022\\\/#breadcrumb\"},\"inLanguage\":\"fr-FR\",\"potentialAction\":[{\"@type\":\"ReadAction\",\"target\":[\"https:\\\/\\\/www.link2fleet.com\\\/fr\\\/michael-de-meyer-umicore-elu-fleet-owner-of-the-year-2022\\\/\"]}]},{\"@type\":\"ImageObject\",\"inLanguage\":\"fr-FR\",\"@id\":\"https:\\\/\\\/www.link2fleet.com\\\/fr\\\/michael-de-meyer-umicore-elu-fleet-owner-of-the-year-2022\\\/#primaryimage\",\"url\":\"https:\\\/\\\/static.link2fleet.com\\\/wp-content\\\/uploads\\\/2024\\\/03\\\/kandidaat-awards-2022-umicore-michael-de-meyer-scaled-e1677767215137.jpg\",\"contentUrl\":\"https:\\\/\\\/static.link2fleet.com\\\/wp-content\\\/uploads\\\/2024\\\/03\\\/kandidaat-awards-2022-umicore-michael-de-meyer-scaled-e1677767215137.jpg\",\"width\":1593,\"height\":1401,\"caption\":\"|||||||\"},{\"@type\":\"BreadcrumbList\",\"@id\":\"https:\\\/\\\/www.link2fleet.com\\\/fr\\\/michael-de-meyer-umicore-elu-fleet-owner-of-the-year-2022\\\/#breadcrumb\",\"itemListElement\":[{\"@type\":\"ListItem\",\"position\":1,\"name\":\"Home\",\"item\":\"https:\\\/\\\/www.link2fleet.com\\\/fr\\\/\"},{\"@type\":\"ListItem\",\"position\":2,\"name\":\"Michael De Meyer (Umicore) \u00e9lu Fleet-Owner of the Year 2022\"}]},{\"@type\":\"WebSite\",\"@id\":\"https:\\\/\\\/www.link2fleet.com\\\/fr\\\/#website\",\"url\":\"https:\\\/\\\/www.link2fleet.com\\\/fr\\\/\",\"name\":\"Link2fleet\",\"description\":\"\",\"publisher\":{\"@id\":\"https:\\\/\\\/www.link2fleet.com\\\/fr\\\/#organization\"},\"potentialAction\":[{\"@type\":\"SearchAction\",\"target\":{\"@type\":\"EntryPoint\",\"urlTemplate\":\"https:\\\/\\\/www.link2fleet.com\\\/fr\\\/?s={search_term_string}\"},\"query-input\":{\"@type\":\"PropertyValueSpecification\",\"valueRequired\":true,\"valueName\":\"search_term_string\"}}],\"inLanguage\":\"fr-FR\"},{\"@type\":\"Organization\",\"@id\":\"https:\\\/\\\/www.link2fleet.com\\\/fr\\\/#organization\",\"name\":\"Link2fleet\",\"url\":\"https:\\\/\\\/www.link2fleet.com\\\/fr\\\/\",\"logo\":{\"@type\":\"ImageObject\",\"inLanguage\":\"fr-FR\",\"@id\":\"https:\\\/\\\/www.link2fleet.com\\\/fr\\\/#\\\/schema\\\/logo\\\/image\\\/\",\"url\":\"https:\\\/\\\/static.link2fleet.com\\\/wp-content\\\/uploads\\\/2024\\\/03\\\/share-image.jpg\",\"contentUrl\":\"https:\\\/\\\/static.link2fleet.com\\\/wp-content\\\/uploads\\\/2024\\\/03\\\/share-image.jpg\",\"width\":1200,\"height\":630,\"caption\":\"Link2fleet\"},\"image\":{\"@id\":\"https:\\\/\\\/www.link2fleet.com\\\/fr\\\/#\\\/schema\\\/logo\\\/image\\\/\"},\"sameAs\":[\"https:\\\/\\\/www.linkedin.com\\\/company\\\/link2fleet-belgium\",\"https:\\\/\\\/www.youtube.com\\\/user\\\/MMMBMBE\"]},{\"@type\":\"Person\",\"@id\":\"https:\\\/\\\/www.link2fleet.com\\\/fr\\\/#\\\/schema\\\/person\\\/027cd46113c78036b3809c9a054049da\",\"name\":\"Damien Malvetti\",\"image\":{\"@type\":\"ImageObject\",\"inLanguage\":\"fr-FR\",\"@id\":\"https:\\\/\\\/secure.gravatar.com\\\/avatar\\\/dd8cc03b49466c735f753ac37f8caa371af16dfed347456ed61f02883255eebb?s=96&d=mm&r=g\",\"url\":\"https:\\\/\\\/secure.gravatar.com\\\/avatar\\\/dd8cc03b49466c735f753ac37f8caa371af16dfed347456ed61f02883255eebb?s=96&d=mm&r=g\",\"contentUrl\":\"https:\\\/\\\/secure.gravatar.com\\\/avatar\\\/dd8cc03b49466c735f753ac37f8caa371af16dfed347456ed61f02883255eebb?s=96&d=mm&r=g\",\"caption\":\"Damien Malvetti\"},\"description\":\"Damien Malvetti is opgeleid als journalist en gepassioneerd door wagens, technologie en mobiliteit. Hij is verantwoordelijk voor de redactionele inhoud van link2fleet en beschikt over een uitgebreide kennis van de fleet-sector en elektrische mobiliteit.\",\"sameAs\":[\"https:\\\/\\\/www.linkedin.com\\\/in\\\/damien-malvetti-56601142\\\/\"]}]}<\/script>\n<!-- \/ Yoast SEO plugin. -->","yoast_head_json":{"title":"Michael De Meyer (Umicore) \u00e9lu Fleet-Owner of the Year 2022 - link2fleet","description":"En plus du prix New Energy, Michael De Meyer, Comp&amp;Ben Project d&rsquo;Umicore est reparti avec le titre de Fleet-Owner of the Year 2022. Il succ\u00e8de\u2026","robots":{"index":"index","follow":"follow","max-snippet":"max-snippet:-1","max-image-preview":"max-image-preview:large","max-video-preview":"max-video-preview:-1"},"og_locale":"fr_FR","og_type":"article","og_title":"Michael De Meyer (Umicore) \u00e9lu Fleet-Owner of the Year 2022 - link2fleet","og_description":"En plus du prix New Energy, Michael De Meyer, Comp&amp;Ben Project d&rsquo;Umicore est reparti avec le titre de Fleet-Owner of the Year 2022. Il succ\u00e8de\u2026","og_url":"https:\/\/www.link2fleet.com\/fr\/michael-de-meyer-umicore-elu-fleet-owner-of-the-year-2022\/","og_site_name":"link2fleet","article_published_time":"2022-10-18T15:01:01+00:00","og_image":[{"width":1593,"height":1401,"url":"https:\/\/static.link2fleet.com\/wp-content\/uploads\/2024\/03\/kandidaat-awards-2022-umicore-michael-de-meyer-scaled-e1677767215137.jpg","type":"image\/jpeg"}],"author":"Damien Malvetti","twitter_card":"summary_large_image","twitter_description":"En plus du prix New Energy, Michael De Meyer, Comp&amp;Ben Project d&rsquo;Umicore est reparti avec le titre de Fleet-Owner of the Year 2022. Il succ\u00e8de\u2026","twitter_misc":{"\u00c9crit par":"Damien Malvetti","Dur\u00e9e de lecture estim\u00e9e":"3 minutes"},"schema":{"@context":"https:\/\/schema.org","@graph":[{"@type":"Article","@id":"https:\/\/www.link2fleet.com\/fr\/michael-de-meyer-umicore-elu-fleet-owner-of-the-year-2022\/#article","isPartOf":{"@id":"https:\/\/www.link2fleet.com\/fr\/michael-de-meyer-umicore-elu-fleet-owner-of-the-year-2022\/"},"author":{"name":"Damien Malvetti","@id":"https:\/\/www.link2fleet.com\/fr\/#\/schema\/person\/027cd46113c78036b3809c9a054049da"},"headline":"Michael De Meyer (Umicore) \u00e9lu Fleet-Owner of the Year 2022","datePublished":"2022-10-18T15:01:01+00:00","mainEntityOfPage":{"@id":"https:\/\/www.link2fleet.com\/fr\/michael-de-meyer-umicore-elu-fleet-owner-of-the-year-2022\/"},"wordCount":624,"publisher":{"@id":"https:\/\/www.link2fleet.com\/fr\/#organization"},"image":{"@id":"https:\/\/www.link2fleet.com\/fr\/michael-de-meyer-umicore-elu-fleet-owner-of-the-year-2022\/#primaryimage"},"thumbnailUrl":"https:\/\/static.link2fleet.com\/wp-content\/uploads\/2024\/03\/kandidaat-awards-2022-umicore-michael-de-meyer-scaled-e1677767215137.jpg","articleSection":["Expertise et f\u00e9d\u00e9rations","Gestion de flotte"],"inLanguage":"fr-FR"},{"@type":"WebPage","@id":"https:\/\/www.link2fleet.com\/fr\/michael-de-meyer-umicore-elu-fleet-owner-of-the-year-2022\/","url":"https:\/\/www.link2fleet.com\/fr\/michael-de-meyer-umicore-elu-fleet-owner-of-the-year-2022\/","name":"Michael De Meyer (Umicore) \u00e9lu Fleet-Owner of the Year 2022 - link2fleet","isPartOf":{"@id":"https:\/\/www.link2fleet.com\/fr\/#website"},"primaryImageOfPage":{"@id":"https:\/\/www.link2fleet.com\/fr\/michael-de-meyer-umicore-elu-fleet-owner-of-the-year-2022\/#primaryimage"},"image":{"@id":"https:\/\/www.link2fleet.com\/fr\/michael-de-meyer-umicore-elu-fleet-owner-of-the-year-2022\/#primaryimage"},"thumbnailUrl":"https:\/\/static.link2fleet.com\/wp-content\/uploads\/2024\/03\/kandidaat-awards-2022-umicore-michael-de-meyer-scaled-e1677767215137.jpg","datePublished":"2022-10-18T15:01:01+00:00","breadcrumb":{"@id":"https:\/\/www.link2fleet.com\/fr\/michael-de-meyer-umicore-elu-fleet-owner-of-the-year-2022\/#breadcrumb"},"inLanguage":"fr-FR","potentialAction":[{"@type":"ReadAction","target":["https:\/\/www.link2fleet.com\/fr\/michael-de-meyer-umicore-elu-fleet-owner-of-the-year-2022\/"]}]},{"@type":"ImageObject","inLanguage":"fr-FR","@id":"https:\/\/www.link2fleet.com\/fr\/michael-de-meyer-umicore-elu-fleet-owner-of-the-year-2022\/#primaryimage","url":"https:\/\/static.link2fleet.com\/wp-content\/uploads\/2024\/03\/kandidaat-awards-2022-umicore-michael-de-meyer-scaled-e1677767215137.jpg","contentUrl":"https:\/\/static.link2fleet.com\/wp-content\/uploads\/2024\/03\/kandidaat-awards-2022-umicore-michael-de-meyer-scaled-e1677767215137.jpg","width":1593,"height":1401,"caption":"|||||||"},{"@type":"BreadcrumbList","@id":"https:\/\/www.link2fleet.com\/fr\/michael-de-meyer-umicore-elu-fleet-owner-of-the-year-2022\/#breadcrumb","itemListElement":[{"@type":"ListItem","position":1,"name":"Home","item":"https:\/\/www.link2fleet.com\/fr\/"},{"@type":"ListItem","position":2,"name":"Michael De Meyer (Umicore) \u00e9lu Fleet-Owner of the Year 2022"}]},{"@type":"WebSite","@id":"https:\/\/www.link2fleet.com\/fr\/#website","url":"https:\/\/www.link2fleet.com\/fr\/","name":"Link2fleet","description":"","publisher":{"@id":"https:\/\/www.link2fleet.com\/fr\/#organization"},"potentialAction":[{"@type":"SearchAction","target":{"@type":"EntryPoint","urlTemplate":"https:\/\/www.link2fleet.com\/fr\/?s={search_term_string}"},"query-input":{"@type":"PropertyValueSpecification","valueRequired":true,"valueName":"search_term_string"}}],"inLanguage":"fr-FR"},{"@type":"Organization","@id":"https:\/\/www.link2fleet.com\/fr\/#organization","name":"Link2fleet","url":"https:\/\/www.link2fleet.com\/fr\/","logo":{"@type":"ImageObject","inLanguage":"fr-FR","@id":"https:\/\/www.link2fleet.com\/fr\/#\/schema\/logo\/image\/","url":"https:\/\/static.link2fleet.com\/wp-content\/uploads\/2024\/03\/share-image.jpg","contentUrl":"https:\/\/static.link2fleet.com\/wp-content\/uploads\/2024\/03\/share-image.jpg","width":1200,"height":630,"caption":"Link2fleet"},"image":{"@id":"https:\/\/www.link2fleet.com\/fr\/#\/schema\/logo\/image\/"},"sameAs":["https:\/\/www.linkedin.com\/company\/link2fleet-belgium","https:\/\/www.youtube.com\/user\/MMMBMBE"]},{"@type":"Person","@id":"https:\/\/www.link2fleet.com\/fr\/#\/schema\/person\/027cd46113c78036b3809c9a054049da","name":"Damien Malvetti","image":{"@type":"ImageObject","inLanguage":"fr-FR","@id":"https:\/\/secure.gravatar.com\/avatar\/dd8cc03b49466c735f753ac37f8caa371af16dfed347456ed61f02883255eebb?s=96&d=mm&r=g","url":"https:\/\/secure.gravatar.com\/avatar\/dd8cc03b49466c735f753ac37f8caa371af16dfed347456ed61f02883255eebb?s=96&d=mm&r=g","contentUrl":"https:\/\/secure.gravatar.com\/avatar\/dd8cc03b49466c735f753ac37f8caa371af16dfed347456ed61f02883255eebb?s=96&d=mm&r=g","caption":"Damien Malvetti"},"description":"Damien Malvetti is opgeleid als journalist en gepassioneerd door wagens, technologie en mobiliteit. Hij is verantwoordelijk voor de redactionele inhoud van link2fleet en beschikt over een uitgebreide kennis van de fleet-sector en elektrische mobiliteit.","sameAs":["https:\/\/www.linkedin.com\/in\/damien-malvetti-56601142\/"]}]}},"_links":{"self":[{"href":"https:\/\/www.link2fleet.com\/fr\/wp-json\/wp\/v2\/posts\/7916","targetHints":{"allow":["GET"]}}],"collection":[{"href":"https:\/\/www.link2fleet.com\/fr\/wp-json\/wp\/v2\/posts"}],"about":[{"href":"https:\/\/www.link2fleet.com\/fr\/wp-json\/wp\/v2\/types\/post"}],"author":[{"embeddable":true,"href":"https:\/\/www.link2fleet.com\/fr\/wp-json\/wp\/v2\/users\/4"}],"replies":[{"embeddable":true,"href":"https:\/\/www.link2fleet.com\/fr\/wp-json\/wp\/v2\/comments?post=7916"}],"version-history":[{"count":0,"href":"https:\/\/www.link2fleet.com\/fr\/wp-json\/wp\/v2\/posts\/7916\/revisions"}],"wp:featuredmedia":[{"embeddable":true,"href":"https:\/\/www.link2fleet.com\/fr\/wp-json\/wp\/v2\/media\/7917"}],"wp:attachment":[{"href":"https:\/\/www.link2fleet.com\/fr\/wp-json\/wp\/v2\/media?parent=7916"}],"wp:term":[{"taxonomy":"category","embeddable":true,"href":"https:\/\/www.link2fleet.com\/fr\/wp-json\/wp\/v2\/categories?post=7916"},{"taxonomy":"post_tag","embeddable":true,"href":"https:\/\/www.link2fleet.com\/fr\/wp-json\/wp\/v2\/tags?post=7916"}],"curies":[{"name":"wp","href":"https:\/\/api.w.org\/{rel}","templated":true}]}}