{"id":7928,"date":"2022-10-18T17:04:51","date_gmt":"2022-10-18T15:04:51","guid":{"rendered":"https:\/\/www.link2fleet.com\/la-strategie-delectrification-dumicore-a-convaincu-notre-jury\/"},"modified":"2022-10-18T17:04:51","modified_gmt":"2022-10-18T15:04:51","slug":"la-strategie-delectrification-dumicore-a-convaincu-notre-jury","status":"publish","type":"post","link":"https:\/\/www.link2fleet.com\/fr\/la-strategie-delectrification-dumicore-a-convaincu-notre-jury\/","title":{"rendered":"La strat\u00e9gie d&rsquo;\u00e9lectrification d&rsquo;Umicore a convaincu notre jury"},"content":{"rendered":"<p style=\"font-weight: 400;\">La durabilit\u00e9 est profond\u00e9ment ancr\u00e9e dans l\u2019ADN d\u2019Umicore depuis d\u00e9j\u00e0 plusieurs ann\u00e9es. D\u00e8s 2019, et avant que le gouvernement ne contraigne les entreprises \u00e0 opter pour l\u2019\u00e9lectrique, Umicore prenait la d\u00e9cision d\u2019\u00e9lectrifier progressivement son parc automobile. Sur cette base, une nouvelle car-policy entrait en vigueur d\u00e8s le 1<sup>er<\/sup> janvier 2020, offrant aussi la possibilit\u00e9 aux collaborateurs d\u2019\u00e9changer leur voiture pour des solutions alternatives de mobilit\u00e9.<\/p>\n<p style=\"font-weight: 400;\">Cette politique a \u00e9galement consid\u00e9rablement simplifi\u00e9 l&rsquo;offre de voitures de soci\u00e9t\u00e9 : d&rsquo;un choix totalement libre dans les limites du budget, \u00e0 des voitures fixes et (largement) pr\u00e9configur\u00e9es par cat\u00e9gorie o\u00f9 seule la couleur peut \u00eatre choisie par le conducteur. De cette mani\u00e8re, Umicore garde le contr\u00f4le sur le TCO des voitures propos\u00e9es, m\u00eame si aucun budget n&rsquo;est communiqu\u00e9 aux employ\u00e9s.<br \/>\nToute cette transition, \u00e0 l\u2019exception des infrastructures de recharge sur les sites d\u2019Umicore, est financi\u00e8rement neutre pour l\u2019entreprise.<br \/>\nSi en 2019, les v\u00e9hicules thermiques comptaient encore pour 70% de la flotte d\u2019Umicore, ils ne repr\u00e9sentent plus que 32% aujourd\u2019hui. Les PHEV comptent pour 43%, les full hybrides pour 6% et les full \u00e9lectriques pour pr\u00e8s de 20%.<\/p>\n","protected":false},"excerpt":{"rendered":"<p>La durabilit\u00e9 est profond\u00e9ment ancr\u00e9e dans l\u2019ADN d\u2019Umicore depuis d\u00e9j\u00e0 plusieurs ann\u00e9es. D\u00e8s 2019, et avant que le gouvernement ne contraigne les entreprises \u00e0 opter pour l\u2019\u00e9lectrique, Umicore prenait la d\u00e9cision d\u2019\u00e9lectrifier progressivement son parc automobile. Sur cette base, une nouvelle car-policy entrait en vigueur d\u00e8s le 1er janvier 2020, offrant aussi la possibilit\u00e9 aux [&hellip;]<\/p>\n","protected":false},"author":4,"featured_media":7917,"comment_status":"closed","ping_status":"closed","sticky":false,"template":"","format":"standard","meta":{"_acf_changed":false,"footnotes":""},"categories":[135,100,91],"tags":[],"class_list":["post-7928","post","type-post","status-publish","format-standard","has-post-thumbnail","hentry","category-news-fr","category-best-practices","category-expertise-et-management"],"acf":[],"yoast_head":"<!-- This site is optimized with the Yoast SEO plugin v27.3 - https:\/\/yoast.com\/product\/yoast-seo-wordpress\/ -->\n<title>La strat\u00e9gie d&#039;\u00e9lectrification d&#039;Umicore a convaincu notre jury - link2fleet<\/title>\n<meta name=\"description\" content=\"Outre le Fleet-Owner of the Year award, Michael De Meyer s&rsquo;est aussi vu r\u00e9compens\u00e9 pour la strat\u00e9gie d&rsquo;\u00e9lectrification qu&rsquo;il a mis en place au sein\u2026\" \/>\n<meta name=\"robots\" content=\"index, follow, max-snippet:-1, max-image-preview:large, max-video-preview:-1\" \/>\n<meta property=\"og:locale\" content=\"fr_FR\" \/>\n<meta property=\"og:type\" content=\"article\" \/>\n<meta property=\"og:title\" content=\"La strat\u00e9gie d&#039;\u00e9lectrification d&#039;Umicore a convaincu notre jury - link2fleet\" \/>\n<meta property=\"og:description\" content=\"Outre le Fleet-Owner of the Year award, Michael De Meyer s&rsquo;est aussi vu r\u00e9compens\u00e9 pour la strat\u00e9gie d&rsquo;\u00e9lectrification qu&rsquo;il a mis en place au sein\u2026\" \/>\n<meta property=\"og:url\" content=\"https:\/\/www.link2fleet.com\/fr\/la-strategie-delectrification-dumicore-a-convaincu-notre-jury\/\" \/>\n<meta property=\"og:site_name\" content=\"link2fleet\" \/>\n<meta property=\"article:published_time\" content=\"2022-10-18T15:04:51+00:00\" \/>\n<meta property=\"og:image\" content=\"https:\/\/static.link2fleet.com\/wp-content\/uploads\/2024\/03\/kandidaat-awards-2022-umicore-michael-de-meyer-scaled-e1677767215137.jpg\" \/>\n\t<meta property=\"og:image:width\" content=\"1593\" \/>\n\t<meta property=\"og:image:height\" content=\"1401\" \/>\n\t<meta property=\"og:image:type\" content=\"image\/jpeg\" \/>\n<meta name=\"author\" content=\"Damien Malvetti\" \/>\n<meta name=\"twitter:card\" content=\"summary_large_image\" \/>\n<meta name=\"twitter:description\" content=\"Outre le Fleet-Owner of the Year award, Michael De Meyer s&rsquo;est aussi vu r\u00e9compens\u00e9 pour la strat\u00e9gie d&rsquo;\u00e9lectrification qu&rsquo;il a mis en place au sein\u2026\" \/>\n<meta name=\"twitter:label1\" content=\"\u00c9crit par\" \/>\n\t<meta name=\"twitter:data1\" content=\"Damien Malvetti\" \/>\n\t<meta name=\"twitter:label2\" content=\"Dur\u00e9e de lecture estim\u00e9e\" \/>\n\t<meta name=\"twitter:data2\" content=\"1 minute\" \/>\n<script type=\"application\/ld+json\" class=\"yoast-schema-graph\">{\"@context\":\"https:\\\/\\\/schema.org\",\"@graph\":[{\"@type\":\"Article\",\"@id\":\"https:\\\/\\\/www.link2fleet.com\\\/fr\\\/la-strategie-delectrification-dumicore-a-convaincu-notre-jury\\\/#article\",\"isPartOf\":{\"@id\":\"https:\\\/\\\/www.link2fleet.com\\\/fr\\\/la-strategie-delectrification-dumicore-a-convaincu-notre-jury\\\/\"},\"author\":{\"name\":\"Damien Malvetti\",\"@id\":\"https:\\\/\\\/www.link2fleet.com\\\/fr\\\/#\\\/schema\\\/person\\\/027cd46113c78036b3809c9a054049da\"},\"headline\":\"La strat\u00e9gie d&rsquo;\u00e9lectrification d&rsquo;Umicore a convaincu notre jury\",\"datePublished\":\"2022-10-18T15:04:51+00:00\",\"mainEntityOfPage\":{\"@id\":\"https:\\\/\\\/www.link2fleet.com\\\/fr\\\/la-strategie-delectrification-dumicore-a-convaincu-notre-jury\\\/\"},\"wordCount\":216,\"publisher\":{\"@id\":\"https:\\\/\\\/www.link2fleet.com\\\/fr\\\/#organization\"},\"image\":{\"@id\":\"https:\\\/\\\/www.link2fleet.com\\\/fr\\\/la-strategie-delectrification-dumicore-a-convaincu-notre-jury\\\/#primaryimage\"},\"thumbnailUrl\":\"https:\\\/\\\/static.link2fleet.com\\\/wp-content\\\/uploads\\\/2024\\\/03\\\/kandidaat-awards-2022-umicore-michael-de-meyer-scaled-e1677767215137.jpg\",\"articleSection\":[\"Actus\",\"Best practices\",\"Gestion de flotte\"],\"inLanguage\":\"fr-FR\"},{\"@type\":\"WebPage\",\"@id\":\"https:\\\/\\\/www.link2fleet.com\\\/fr\\\/la-strategie-delectrification-dumicore-a-convaincu-notre-jury\\\/\",\"url\":\"https:\\\/\\\/www.link2fleet.com\\\/fr\\\/la-strategie-delectrification-dumicore-a-convaincu-notre-jury\\\/\",\"name\":\"La strat\u00e9gie d'\u00e9lectrification d'Umicore a convaincu notre jury - link2fleet\",\"isPartOf\":{\"@id\":\"https:\\\/\\\/www.link2fleet.com\\\/fr\\\/#website\"},\"primaryImageOfPage\":{\"@id\":\"https:\\\/\\\/www.link2fleet.com\\\/fr\\\/la-strategie-delectrification-dumicore-a-convaincu-notre-jury\\\/#primaryimage\"},\"image\":{\"@id\":\"https:\\\/\\\/www.link2fleet.com\\\/fr\\\/la-strategie-delectrification-dumicore-a-convaincu-notre-jury\\\/#primaryimage\"},\"thumbnailUrl\":\"https:\\\/\\\/static.link2fleet.com\\\/wp-content\\\/uploads\\\/2024\\\/03\\\/kandidaat-awards-2022-umicore-michael-de-meyer-scaled-e1677767215137.jpg\",\"datePublished\":\"2022-10-18T15:04:51+00:00\",\"breadcrumb\":{\"@id\":\"https:\\\/\\\/www.link2fleet.com\\\/fr\\\/la-strategie-delectrification-dumicore-a-convaincu-notre-jury\\\/#breadcrumb\"},\"inLanguage\":\"fr-FR\",\"potentialAction\":[{\"@type\":\"ReadAction\",\"target\":[\"https:\\\/\\\/www.link2fleet.com\\\/fr\\\/la-strategie-delectrification-dumicore-a-convaincu-notre-jury\\\/\"]}]},{\"@type\":\"ImageObject\",\"inLanguage\":\"fr-FR\",\"@id\":\"https:\\\/\\\/www.link2fleet.com\\\/fr\\\/la-strategie-delectrification-dumicore-a-convaincu-notre-jury\\\/#primaryimage\",\"url\":\"https:\\\/\\\/static.link2fleet.com\\\/wp-content\\\/uploads\\\/2024\\\/03\\\/kandidaat-awards-2022-umicore-michael-de-meyer-scaled-e1677767215137.jpg\",\"contentUrl\":\"https:\\\/\\\/static.link2fleet.com\\\/wp-content\\\/uploads\\\/2024\\\/03\\\/kandidaat-awards-2022-umicore-michael-de-meyer-scaled-e1677767215137.jpg\",\"width\":1593,\"height\":1401,\"caption\":\"|||||||\"},{\"@type\":\"BreadcrumbList\",\"@id\":\"https:\\\/\\\/www.link2fleet.com\\\/fr\\\/la-strategie-delectrification-dumicore-a-convaincu-notre-jury\\\/#breadcrumb\",\"itemListElement\":[{\"@type\":\"ListItem\",\"position\":1,\"name\":\"Home\",\"item\":\"https:\\\/\\\/www.link2fleet.com\\\/fr\\\/\"},{\"@type\":\"ListItem\",\"position\":2,\"name\":\"La strat\u00e9gie d&#8217;\u00e9lectrification d&#8217;Umicore a convaincu notre jury\"}]},{\"@type\":\"WebSite\",\"@id\":\"https:\\\/\\\/www.link2fleet.com\\\/fr\\\/#website\",\"url\":\"https:\\\/\\\/www.link2fleet.com\\\/fr\\\/\",\"name\":\"Link2fleet\",\"description\":\"\",\"publisher\":{\"@id\":\"https:\\\/\\\/www.link2fleet.com\\\/fr\\\/#organization\"},\"potentialAction\":[{\"@type\":\"SearchAction\",\"target\":{\"@type\":\"EntryPoint\",\"urlTemplate\":\"https:\\\/\\\/www.link2fleet.com\\\/fr\\\/?s={search_term_string}\"},\"query-input\":{\"@type\":\"PropertyValueSpecification\",\"valueRequired\":true,\"valueName\":\"search_term_string\"}}],\"inLanguage\":\"fr-FR\"},{\"@type\":\"Organization\",\"@id\":\"https:\\\/\\\/www.link2fleet.com\\\/fr\\\/#organization\",\"name\":\"Link2fleet\",\"url\":\"https:\\\/\\\/www.link2fleet.com\\\/fr\\\/\",\"logo\":{\"@type\":\"ImageObject\",\"inLanguage\":\"fr-FR\",\"@id\":\"https:\\\/\\\/www.link2fleet.com\\\/fr\\\/#\\\/schema\\\/logo\\\/image\\\/\",\"url\":\"https:\\\/\\\/static.link2fleet.com\\\/wp-content\\\/uploads\\\/2024\\\/03\\\/share-image.jpg\",\"contentUrl\":\"https:\\\/\\\/static.link2fleet.com\\\/wp-content\\\/uploads\\\/2024\\\/03\\\/share-image.jpg\",\"width\":1200,\"height\":630,\"caption\":\"Link2fleet\"},\"image\":{\"@id\":\"https:\\\/\\\/www.link2fleet.com\\\/fr\\\/#\\\/schema\\\/logo\\\/image\\\/\"},\"sameAs\":[\"https:\\\/\\\/www.linkedin.com\\\/company\\\/link2fleet-belgium\",\"https:\\\/\\\/www.youtube.com\\\/user\\\/MMMBMBE\"]},{\"@type\":\"Person\",\"@id\":\"https:\\\/\\\/www.link2fleet.com\\\/fr\\\/#\\\/schema\\\/person\\\/027cd46113c78036b3809c9a054049da\",\"name\":\"Damien Malvetti\",\"image\":{\"@type\":\"ImageObject\",\"inLanguage\":\"fr-FR\",\"@id\":\"https:\\\/\\\/secure.gravatar.com\\\/avatar\\\/dd8cc03b49466c735f753ac37f8caa371af16dfed347456ed61f02883255eebb?s=96&d=mm&r=g\",\"url\":\"https:\\\/\\\/secure.gravatar.com\\\/avatar\\\/dd8cc03b49466c735f753ac37f8caa371af16dfed347456ed61f02883255eebb?s=96&d=mm&r=g\",\"contentUrl\":\"https:\\\/\\\/secure.gravatar.com\\\/avatar\\\/dd8cc03b49466c735f753ac37f8caa371af16dfed347456ed61f02883255eebb?s=96&d=mm&r=g\",\"caption\":\"Damien Malvetti\"},\"description\":\"Damien Malvetti is opgeleid als journalist en gepassioneerd door wagens, technologie en mobiliteit. Hij is verantwoordelijk voor de redactionele inhoud van link2fleet en beschikt over een uitgebreide kennis van de fleet-sector en elektrische mobiliteit.\",\"sameAs\":[\"https:\\\/\\\/www.linkedin.com\\\/in\\\/damien-malvetti-56601142\\\/\"]}]}<\/script>\n<!-- \/ Yoast SEO plugin. -->","yoast_head_json":{"title":"La strat\u00e9gie d'\u00e9lectrification d'Umicore a convaincu notre jury - link2fleet","description":"Outre le Fleet-Owner of the Year award, Michael De Meyer s&rsquo;est aussi vu r\u00e9compens\u00e9 pour la strat\u00e9gie d&rsquo;\u00e9lectrification qu&rsquo;il a mis en place au sein\u2026","robots":{"index":"index","follow":"follow","max-snippet":"max-snippet:-1","max-image-preview":"max-image-preview:large","max-video-preview":"max-video-preview:-1"},"og_locale":"fr_FR","og_type":"article","og_title":"La strat\u00e9gie d'\u00e9lectrification d'Umicore a convaincu notre jury - link2fleet","og_description":"Outre le Fleet-Owner of the Year award, Michael De Meyer s&rsquo;est aussi vu r\u00e9compens\u00e9 pour la strat\u00e9gie d&rsquo;\u00e9lectrification qu&rsquo;il a mis en place au sein\u2026","og_url":"https:\/\/www.link2fleet.com\/fr\/la-strategie-delectrification-dumicore-a-convaincu-notre-jury\/","og_site_name":"link2fleet","article_published_time":"2022-10-18T15:04:51+00:00","og_image":[{"width":1593,"height":1401,"url":"https:\/\/static.link2fleet.com\/wp-content\/uploads\/2024\/03\/kandidaat-awards-2022-umicore-michael-de-meyer-scaled-e1677767215137.jpg","type":"image\/jpeg"}],"author":"Damien Malvetti","twitter_card":"summary_large_image","twitter_description":"Outre le Fleet-Owner of the Year award, Michael De Meyer s&rsquo;est aussi vu r\u00e9compens\u00e9 pour la strat\u00e9gie d&rsquo;\u00e9lectrification qu&rsquo;il a mis en place au sein\u2026","twitter_misc":{"\u00c9crit par":"Damien Malvetti","Dur\u00e9e de lecture estim\u00e9e":"1 minute"},"schema":{"@context":"https:\/\/schema.org","@graph":[{"@type":"Article","@id":"https:\/\/www.link2fleet.com\/fr\/la-strategie-delectrification-dumicore-a-convaincu-notre-jury\/#article","isPartOf":{"@id":"https:\/\/www.link2fleet.com\/fr\/la-strategie-delectrification-dumicore-a-convaincu-notre-jury\/"},"author":{"name":"Damien Malvetti","@id":"https:\/\/www.link2fleet.com\/fr\/#\/schema\/person\/027cd46113c78036b3809c9a054049da"},"headline":"La strat\u00e9gie d&rsquo;\u00e9lectrification d&rsquo;Umicore a convaincu notre jury","datePublished":"2022-10-18T15:04:51+00:00","mainEntityOfPage":{"@id":"https:\/\/www.link2fleet.com\/fr\/la-strategie-delectrification-dumicore-a-convaincu-notre-jury\/"},"wordCount":216,"publisher":{"@id":"https:\/\/www.link2fleet.com\/fr\/#organization"},"image":{"@id":"https:\/\/www.link2fleet.com\/fr\/la-strategie-delectrification-dumicore-a-convaincu-notre-jury\/#primaryimage"},"thumbnailUrl":"https:\/\/static.link2fleet.com\/wp-content\/uploads\/2024\/03\/kandidaat-awards-2022-umicore-michael-de-meyer-scaled-e1677767215137.jpg","articleSection":["Actus","Best practices","Gestion de flotte"],"inLanguage":"fr-FR"},{"@type":"WebPage","@id":"https:\/\/www.link2fleet.com\/fr\/la-strategie-delectrification-dumicore-a-convaincu-notre-jury\/","url":"https:\/\/www.link2fleet.com\/fr\/la-strategie-delectrification-dumicore-a-convaincu-notre-jury\/","name":"La strat\u00e9gie d'\u00e9lectrification d'Umicore a convaincu notre jury - link2fleet","isPartOf":{"@id":"https:\/\/www.link2fleet.com\/fr\/#website"},"primaryImageOfPage":{"@id":"https:\/\/www.link2fleet.com\/fr\/la-strategie-delectrification-dumicore-a-convaincu-notre-jury\/#primaryimage"},"image":{"@id":"https:\/\/www.link2fleet.com\/fr\/la-strategie-delectrification-dumicore-a-convaincu-notre-jury\/#primaryimage"},"thumbnailUrl":"https:\/\/static.link2fleet.com\/wp-content\/uploads\/2024\/03\/kandidaat-awards-2022-umicore-michael-de-meyer-scaled-e1677767215137.jpg","datePublished":"2022-10-18T15:04:51+00:00","breadcrumb":{"@id":"https:\/\/www.link2fleet.com\/fr\/la-strategie-delectrification-dumicore-a-convaincu-notre-jury\/#breadcrumb"},"inLanguage":"fr-FR","potentialAction":[{"@type":"ReadAction","target":["https:\/\/www.link2fleet.com\/fr\/la-strategie-delectrification-dumicore-a-convaincu-notre-jury\/"]}]},{"@type":"ImageObject","inLanguage":"fr-FR","@id":"https:\/\/www.link2fleet.com\/fr\/la-strategie-delectrification-dumicore-a-convaincu-notre-jury\/#primaryimage","url":"https:\/\/static.link2fleet.com\/wp-content\/uploads\/2024\/03\/kandidaat-awards-2022-umicore-michael-de-meyer-scaled-e1677767215137.jpg","contentUrl":"https:\/\/static.link2fleet.com\/wp-content\/uploads\/2024\/03\/kandidaat-awards-2022-umicore-michael-de-meyer-scaled-e1677767215137.jpg","width":1593,"height":1401,"caption":"|||||||"},{"@type":"BreadcrumbList","@id":"https:\/\/www.link2fleet.com\/fr\/la-strategie-delectrification-dumicore-a-convaincu-notre-jury\/#breadcrumb","itemListElement":[{"@type":"ListItem","position":1,"name":"Home","item":"https:\/\/www.link2fleet.com\/fr\/"},{"@type":"ListItem","position":2,"name":"La strat\u00e9gie d&#8217;\u00e9lectrification d&#8217;Umicore a convaincu notre jury"}]},{"@type":"WebSite","@id":"https:\/\/www.link2fleet.com\/fr\/#website","url":"https:\/\/www.link2fleet.com\/fr\/","name":"Link2fleet","description":"","publisher":{"@id":"https:\/\/www.link2fleet.com\/fr\/#organization"},"potentialAction":[{"@type":"SearchAction","target":{"@type":"EntryPoint","urlTemplate":"https:\/\/www.link2fleet.com\/fr\/?s={search_term_string}"},"query-input":{"@type":"PropertyValueSpecification","valueRequired":true,"valueName":"search_term_string"}}],"inLanguage":"fr-FR"},{"@type":"Organization","@id":"https:\/\/www.link2fleet.com\/fr\/#organization","name":"Link2fleet","url":"https:\/\/www.link2fleet.com\/fr\/","logo":{"@type":"ImageObject","inLanguage":"fr-FR","@id":"https:\/\/www.link2fleet.com\/fr\/#\/schema\/logo\/image\/","url":"https:\/\/static.link2fleet.com\/wp-content\/uploads\/2024\/03\/share-image.jpg","contentUrl":"https:\/\/static.link2fleet.com\/wp-content\/uploads\/2024\/03\/share-image.jpg","width":1200,"height":630,"caption":"Link2fleet"},"image":{"@id":"https:\/\/www.link2fleet.com\/fr\/#\/schema\/logo\/image\/"},"sameAs":["https:\/\/www.linkedin.com\/company\/link2fleet-belgium","https:\/\/www.youtube.com\/user\/MMMBMBE"]},{"@type":"Person","@id":"https:\/\/www.link2fleet.com\/fr\/#\/schema\/person\/027cd46113c78036b3809c9a054049da","name":"Damien Malvetti","image":{"@type":"ImageObject","inLanguage":"fr-FR","@id":"https:\/\/secure.gravatar.com\/avatar\/dd8cc03b49466c735f753ac37f8caa371af16dfed347456ed61f02883255eebb?s=96&d=mm&r=g","url":"https:\/\/secure.gravatar.com\/avatar\/dd8cc03b49466c735f753ac37f8caa371af16dfed347456ed61f02883255eebb?s=96&d=mm&r=g","contentUrl":"https:\/\/secure.gravatar.com\/avatar\/dd8cc03b49466c735f753ac37f8caa371af16dfed347456ed61f02883255eebb?s=96&d=mm&r=g","caption":"Damien Malvetti"},"description":"Damien Malvetti is opgeleid als journalist en gepassioneerd door wagens, technologie en mobiliteit. Hij is verantwoordelijk voor de redactionele inhoud van link2fleet en beschikt over een uitgebreide kennis van de fleet-sector en elektrische mobiliteit.","sameAs":["https:\/\/www.linkedin.com\/in\/damien-malvetti-56601142\/"]}]}},"_links":{"self":[{"href":"https:\/\/www.link2fleet.com\/fr\/wp-json\/wp\/v2\/posts\/7928","targetHints":{"allow":["GET"]}}],"collection":[{"href":"https:\/\/www.link2fleet.com\/fr\/wp-json\/wp\/v2\/posts"}],"about":[{"href":"https:\/\/www.link2fleet.com\/fr\/wp-json\/wp\/v2\/types\/post"}],"author":[{"embeddable":true,"href":"https:\/\/www.link2fleet.com\/fr\/wp-json\/wp\/v2\/users\/4"}],"replies":[{"embeddable":true,"href":"https:\/\/www.link2fleet.com\/fr\/wp-json\/wp\/v2\/comments?post=7928"}],"version-history":[{"count":0,"href":"https:\/\/www.link2fleet.com\/fr\/wp-json\/wp\/v2\/posts\/7928\/revisions"}],"wp:featuredmedia":[{"embeddable":true,"href":"https:\/\/www.link2fleet.com\/fr\/wp-json\/wp\/v2\/media\/7917"}],"wp:attachment":[{"href":"https:\/\/www.link2fleet.com\/fr\/wp-json\/wp\/v2\/media?parent=7928"}],"wp:term":[{"taxonomy":"category","embeddable":true,"href":"https:\/\/www.link2fleet.com\/fr\/wp-json\/wp\/v2\/categories?post=7928"},{"taxonomy":"post_tag","embeddable":true,"href":"https:\/\/www.link2fleet.com\/fr\/wp-json\/wp\/v2\/tags?post=7928"}],"curies":[{"name":"wp","href":"https:\/\/api.w.org\/{rel}","templated":true}]}}